{"id":31851,"date":"2023-10-12T18:13:49","date_gmt":"2023-10-12T17:13:49","guid":{"rendered":"https:\/\/algarve7.pt\/?p=31851"},"modified":"2023-10-12T18:13:53","modified_gmt":"2023-10-12T17:13:53","slug":"a-rota-da-dieta-mediterranica-vem-a-loule","status":"publish","type":"post","link":"https:\/\/algarve7.pt\/index.php\/2023\/10\/a-rota-da-dieta-mediterranica-vem-a-loule\/cultura\/18\/13\/","title":{"rendered":"A rota da dieta mediterr\u00e2nica vem a Loul\u00e9"},"content":{"rendered":"\n<p>A Rota da Dieta Mediterr\u00e2nica (RDM) estar\u00e1 nos dias 13, 14 e 15 de outubro em Loul\u00e9, na Cerca do Convento Esp\u00edrito Santo e outros espa\u00e7os da cidade, para dinamizar atividades de promo\u00e7\u00e3o deste Patrim\u00f3nio Cultural Imaterial da Humanidade.<\/p>\n\n\n\n<p>Este evento contar\u00e1 com diversas oficinas e ateliers, mostra de artes\u00e3os e produtores da RDM, espet\u00e1culos populares e tradicionais, demonstra\u00e7\u00f5es gastron\u00f3micas e muito mais.<\/p>\n\n\n\n<p>No arranque, j\u00e1 esta sexta-feira, pelas 21h30, o Caf\u00e9 Calcinha recebe um espet\u00e1culo de narra\u00e7\u00e3o e m\u00fasica ao vivo para toda a fam\u00edlia.<\/p>\n\n\n\n<p>O s\u00e1bado ser\u00e1 preenchido com muitas a\u00e7\u00f5es, que v\u00e3o do mercado de artes\u00e3os e produtores na Cerca do Convento, jogos tradicionais, oficinas de artes e of\u00edcios, a demonstra\u00e7\u00e3o gastron\u00f3mica \u201cDe roda do tacho\u201d, uma roda de dan\u00e7a \u201cVamos dar um pezinho\u201d com demonstra\u00e7\u00f5es pelo Rancho Folcl\u00f3rico de Loul\u00e9 e ainda uma \u201caula\u201d de cantigas tradicionais com \u201cvozes c\u00e1 da terra\u201d, pelo grupo Mo\u00e7oilas.<\/p>\n\n\n\n<p>No domingo, dia 15, a proposta \u00e9 um passeio orientado pelo pomar misto em sequeiro do barrocal algarvio, com ponto de encontro marcado para as 9h00, em frente \u00e0 Igreja de S. Francisco. No final do percurso (dificuldade m\u00e9dia) haver\u00e1 um pequeno atelier.<\/p>\n\n\n\n<p>Os interessados em participar poder\u00e3o inscrever-se em: <a href=\"https:\/\/linktr.ee\/rotadietamediterranica?fbclid=IwAR3dx6NRFS6NRp-1zfdzZxi7xYTXTb2xLMI7u663H7HzWNSzI4j1OkRtG5Y\" target=\"_blank\" rel=\"noreferrer noopener\">https:\/\/linktr.ee\/rotadietamediterranica?fbclid=IwAR3dx6NRFS6NRp-1zfdzZxi7xYTXTb2xLMI7u663H7HzWNSzI4j1OkRtG5Y<\/a><\/p>\n\n\n\n<p>A Rota da Dieta Mediterr\u00e2nica (RDM) \u00e9 uma iniciativa enquadrada no Plano de Salvaguarda da Dieta Mediterr\u00e2nica, dinamizado pela Associa\u00e7\u00e3o In loco e demais membros da Comiss\u00e3o Regional da Dieta Mediterr\u00e2nica.<\/p>\n\n\n\n<p>Tem como objetivo qualificar, organizar e disponibilizar aos visitantes e interessados todo um vasto conjunto de locais e recursos patrimoniais e onde os elementos identit\u00e1rios da Dieta Mediterr\u00e2nica estejam bem patentes e possam ser desfrutados com qualidade e profundidade.<\/p>\n\n\n\n<p>Com esta iniciativa a ideia \u00e9 que os participantes possam desfrutar da excelente gastronomia, conhecer produtores artesanais que aliam os materiais do passado \u00e0 arte do presente, visitar patrim\u00f3nio milenar que reflete a profunda liga\u00e7\u00e3o do homem com o seu territ\u00f3rio e provar os produtos locais de qualidade que melhor representam a Dieta Mediterr\u00e2nica, um estilo de vida milenar.<\/p>\n","protected":false},"excerpt":{"rendered":"<p>A Rota da Dieta Mediterr\u00e2nica (RDM) estar\u00e1 nos dias 13, 14 e 15 de outubro em Loul\u00e9, na Cerca do<\/p>\n","protected":false},"author":1,"featured_media":31852,"comment_status":"closed","ping_status":"open","sticky":false,"template":"","format":"standard","meta":{"colormag_page_container_layout":"default_layout","colormag_page_sidebar_layout":"default_layout","_monsterinsights_skip_tracking":false,"_monsterinsights_sitenote_active":false,"_monsterinsights_sitenote_note":"","_monsterinsights_sitenote_category":0,"jetpack_post_was_ever_published":false,"_jetpack_newsletter_access":"","_jetpack_dont_email_post_to_subs":false,"_jetpack_newsletter_tier_id":0,"_jetpack_memberships_contains_paywalled_content":false,"_jetpack_memberships_contains_paid_content":false,"footnotes":"","jetpack_publicize_message":"","jetpack_publicize_feature_enabled":true,"jetpack_social_post_already_shared":true,"jetpack_social_options":{"image_generator_settings":{"template":"highway","default_image_id":0,"font":"","enabled":false},"version":2}},"categories":[14],"tags":[36,35,406,31],"class_list":["post-31851","post","type-post","status-publish","format-standard","has-post-thumbnail","hentry","category-cultura","tag-algarve","tag-cultura","tag-dieta-mediterranica","tag-loule"],"yoast_head":"<!-- This site is optimized with the Yoast SEO plugin v27.5 - https:\/\/yoast.com\/product\/yoast-seo-wordpress\/ -->\n<title>A rota da dieta mediterr\u00e2nica vem a Loul\u00e9 - Algarve 7<\/title>\n<meta name=\"description\" content=\"A rota da dieta mediterr\u00e2nica vem a Loul\u00e9 Cultura\" \/>\n<meta name=\"robots\" content=\"index, follow, max-snippet:-1, max-image-preview:large, max-video-preview:-1\" \/>\n<link rel=\"canonical\" href=\"https:\/\/algarve7.pt\/index.php\/2023\/10\/a-rota-da-dieta-mediterranica-vem-a-loule\/cultura\/18\/13\/\" \/>\n<meta property=\"og:locale\" content=\"pt_PT\" \/>\n<meta property=\"og:type\" content=\"article\" \/>\n<meta property=\"og:title\" content=\"A rota da dieta mediterr\u00e2nica vem a Loul\u00e9 - Algarve 7\" \/>\n<meta property=\"og:description\" content=\"A rota da dieta mediterr\u00e2nica vem a Loul\u00e9 Cultura\" \/>\n<meta property=\"og:url\" content=\"https:\/\/algarve7.pt\/index.php\/2023\/10\/a-rota-da-dieta-mediterranica-vem-a-loule\/cultura\/18\/13\/\" \/>\n<meta property=\"og:site_name\" content=\"Algarve 7\" \/>\n<meta property=\"article:publisher\" content=\"https:\/\/www.facebook.com\/algarve7\" \/>\n<meta property=\"article:author\" content=\"https:\/\/www.facebook.com\/algarve7\" \/>\n<meta property=\"article:published_time\" content=\"2023-10-12T17:13:49+00:00\" \/>\n<meta property=\"article:modified_time\" content=\"2023-10-12T17:13:53+00:00\" \/>\n<meta property=\"og:image\" content=\"https:\/\/algarve7.pt\/wp-content\/uploads\/2023\/10\/RS1.png\" \/>\n\t<meta property=\"og:image:width\" content=\"1000\" \/>\n\t<meta property=\"og:image:height\" content=\"1000\" \/>\n\t<meta property=\"og:image:type\" content=\"image\/png\" \/>\n<meta name=\"author\" content=\"Algarve 7\" \/>\n<meta name=\"twitter:card\" content=\"summary_large_image\" \/>\n<meta name=\"twitter:creator\" content=\"@Algarvesete\" \/>\n<meta name=\"twitter:site\" content=\"@Algarvesete\" \/>\n<meta name=\"twitter:label1\" content=\"Escrito por\" \/>\n\t<meta name=\"twitter:data1\" content=\"Algarve 7\" \/>\n\t<meta name=\"twitter:label2\" content=\"Tempo estimado de leitura\" \/>\n\t<meta name=\"twitter:data2\" content=\"2 minutos\" \/>\n<script type=\"application\/ld+json\" class=\"yoast-schema-graph\">{\"@context\":\"https:\\\/\\\/schema.org\",\"@graph\":[{\"@type\":\"Article\",\"@id\":\"https:\\\/\\\/algarve7.pt\\\/index.php\\\/2023\\\/10\\\/a-rota-da-dieta-mediterranica-vem-a-loule\\\/cultura\\\/18\\\/13\\\/#article\",\"isPartOf\":{\"@id\":\"https:\\\/\\\/algarve7.pt\\\/index.php\\\/2023\\\/10\\\/a-rota-da-dieta-mediterranica-vem-a-loule\\\/cultura\\\/18\\\/13\\\/\"},\"author\":{\"name\":\"Algarve 7\",\"@id\":\"https:\\\/\\\/algarve7.pt\\\/#\\\/schema\\\/person\\\/23fa70681308e7b319a3204bcea45e0c\"},\"headline\":\"A rota da dieta mediterr\u00e2nica vem a Loul\u00e9\",\"datePublished\":\"2023-10-12T17:13:49+00:00\",\"dateModified\":\"2023-10-12T17:13:53+00:00\",\"mainEntityOfPage\":{\"@id\":\"https:\\\/\\\/algarve7.pt\\\/index.php\\\/2023\\\/10\\\/a-rota-da-dieta-mediterranica-vem-a-loule\\\/cultura\\\/18\\\/13\\\/\"},\"wordCount\":383,\"publisher\":{\"@id\":\"https:\\\/\\\/algarve7.pt\\\/#organization\"},\"image\":{\"@id\":\"https:\\\/\\\/algarve7.pt\\\/index.php\\\/2023\\\/10\\\/a-rota-da-dieta-mediterranica-vem-a-loule\\\/cultura\\\/18\\\/13\\\/#primaryimage\"},\"thumbnailUrl\":\"https:\\\/\\\/algarve7.pt\\\/wp-content\\\/uploads\\\/2023\\\/10\\\/RS1.png\",\"keywords\":[\"Algarve\",\"Cultura\",\"Dieta Mediterr\u00e2nica\",\"Loul\u00e9\"],\"articleSection\":[\"Cultura\"],\"inLanguage\":\"pt-PT\"},{\"@type\":\"WebPage\",\"@id\":\"https:\\\/\\\/algarve7.pt\\\/index.php\\\/2023\\\/10\\\/a-rota-da-dieta-mediterranica-vem-a-loule\\\/cultura\\\/18\\\/13\\\/\",\"url\":\"https:\\\/\\\/algarve7.pt\\\/index.php\\\/2023\\\/10\\\/a-rota-da-dieta-mediterranica-vem-a-loule\\\/cultura\\\/18\\\/13\\\/\",\"name\":\"A rota da dieta mediterr\u00e2nica vem a Loul\u00e9 - Algarve 7\",\"isPartOf\":{\"@id\":\"https:\\\/\\\/algarve7.pt\\\/#website\"},\"primaryImageOfPage\":{\"@id\":\"https:\\\/\\\/algarve7.pt\\\/index.php\\\/2023\\\/10\\\/a-rota-da-dieta-mediterranica-vem-a-loule\\\/cultura\\\/18\\\/13\\\/#primaryimage\"},\"image\":{\"@id\":\"https:\\\/\\\/algarve7.pt\\\/index.php\\\/2023\\\/10\\\/a-rota-da-dieta-mediterranica-vem-a-loule\\\/cultura\\\/18\\\/13\\\/#primaryimage\"},\"thumbnailUrl\":\"https:\\\/\\\/algarve7.pt\\\/wp-content\\\/uploads\\\/2023\\\/10\\\/RS1.png\",\"datePublished\":\"2023-10-12T17:13:49+00:00\",\"dateModified\":\"2023-10-12T17:13:53+00:00\",\"description\":\"A rota da dieta mediterr\u00e2nica vem a Loul\u00e9 Cultura\",\"breadcrumb\":{\"@id\":\"https:\\\/\\\/algarve7.pt\\\/index.php\\\/2023\\\/10\\\/a-rota-da-dieta-mediterranica-vem-a-loule\\\/cultura\\\/18\\\/13\\\/#breadcrumb\"},\"inLanguage\":\"pt-PT\",\"potentialAction\":[{\"@type\":\"ReadAction\",\"target\":[\"https:\\\/\\\/algarve7.pt\\\/index.php\\\/2023\\\/10\\\/a-rota-da-dieta-mediterranica-vem-a-loule\\\/cultura\\\/18\\\/13\\\/\"]}]},{\"@type\":\"ImageObject\",\"inLanguage\":\"pt-PT\",\"@id\":\"https:\\\/\\\/algarve7.pt\\\/index.php\\\/2023\\\/10\\\/a-rota-da-dieta-mediterranica-vem-a-loule\\\/cultura\\\/18\\\/13\\\/#primaryimage\",\"url\":\"https:\\\/\\\/algarve7.pt\\\/wp-content\\\/uploads\\\/2023\\\/10\\\/RS1.png\",\"contentUrl\":\"https:\\\/\\\/algarve7.pt\\\/wp-content\\\/uploads\\\/2023\\\/10\\\/RS1.png\",\"width\":1000,\"height\":1000},{\"@type\":\"BreadcrumbList\",\"@id\":\"https:\\\/\\\/algarve7.pt\\\/index.php\\\/2023\\\/10\\\/a-rota-da-dieta-mediterranica-vem-a-loule\\\/cultura\\\/18\\\/13\\\/#breadcrumb\",\"itemListElement\":[{\"@type\":\"ListItem\",\"position\":1,\"name\":\"In\u00edcio\",\"item\":\"https:\\\/\\\/algarve7.pt\\\/\"},{\"@type\":\"ListItem\",\"position\":2,\"name\":\"A rota da dieta mediterr\u00e2nica vem a Loul\u00e9\"}]},{\"@type\":\"WebSite\",\"@id\":\"https:\\\/\\\/algarve7.pt\\\/#website\",\"url\":\"https:\\\/\\\/algarve7.pt\\\/\",\"name\":\"Algarve 7\",\"description\":\"Informa\u00e7\u00e3o sobre o Algarve\",\"publisher\":{\"@id\":\"https:\\\/\\\/algarve7.pt\\\/#organization\"},\"potentialAction\":[{\"@type\":\"SearchAction\",\"target\":{\"@type\":\"EntryPoint\",\"urlTemplate\":\"https:\\\/\\\/algarve7.pt\\\/?s={search_term_string}\"},\"query-input\":{\"@type\":\"PropertyValueSpecification\",\"valueRequired\":true,\"valueName\":\"search_term_string\"}}],\"inLanguage\":\"pt-PT\"},{\"@type\":\"Organization\",\"@id\":\"https:\\\/\\\/algarve7.pt\\\/#organization\",\"name\":\"Algarve 7\",\"url\":\"https:\\\/\\\/algarve7.pt\\\/\",\"logo\":{\"@type\":\"ImageObject\",\"inLanguage\":\"pt-PT\",\"@id\":\"https:\\\/\\\/algarve7.pt\\\/#\\\/schema\\\/logo\\\/image\\\/\",\"url\":\"https:\\\/\\\/algarve7.pt\\\/wp-content\\\/uploads\\\/2020\\\/10\\\/Logo-8.jpg\",\"contentUrl\":\"https:\\\/\\\/algarve7.pt\\\/wp-content\\\/uploads\\\/2020\\\/10\\\/Logo-8.jpg\",\"width\":1680,\"height\":1186,\"caption\":\"Algarve 7\"},\"image\":{\"@id\":\"https:\\\/\\\/algarve7.pt\\\/#\\\/schema\\\/logo\\\/image\\\/\"},\"sameAs\":[\"https:\\\/\\\/www.facebook.com\\\/algarve7\",\"https:\\\/\\\/x.com\\\/Algarvesete\",\"https:\\\/\\\/www.instagram.com\\\/jornalalgarve7\\\/\",\"https:\\\/\\\/www.linkedin.com\\\/company\\\/algarve7\",\"https:\\\/\\\/www.pinterest.pt\\\/geral0939\\\/_created\\\/\"]},{\"@type\":\"Person\",\"@id\":\"https:\\\/\\\/algarve7.pt\\\/#\\\/schema\\\/person\\\/23fa70681308e7b319a3204bcea45e0c\",\"name\":\"Algarve 7\",\"sameAs\":[\"https:\\\/\\\/algarve7.pt\",\"https:\\\/\\\/www.facebook.com\\\/algarve7\"],\"url\":\"https:\\\/\\\/algarve7.pt\\\/index.php\\\/author\\\/geralalgarve7-pt\\\/\"}]}<\/script>\n<!-- \/ Yoast SEO plugin. -->","yoast_head_json":{"title":"A rota da dieta mediterr\u00e2nica vem a Loul\u00e9 - Algarve 7","description":"A rota da dieta mediterr\u00e2nica vem a Loul\u00e9 Cultura","robots":{"index":"index","follow":"follow","max-snippet":"max-snippet:-1","max-image-preview":"max-image-preview:large","max-video-preview":"max-video-preview:-1"},"canonical":"https:\/\/algarve7.pt\/index.php\/2023\/10\/a-rota-da-dieta-mediterranica-vem-a-loule\/cultura\/18\/13\/","og_locale":"pt_PT","og_type":"article","og_title":"A rota da dieta mediterr\u00e2nica vem a Loul\u00e9 - Algarve 7","og_description":"A rota da dieta mediterr\u00e2nica vem a Loul\u00e9 Cultura","og_url":"https:\/\/algarve7.pt\/index.php\/2023\/10\/a-rota-da-dieta-mediterranica-vem-a-loule\/cultura\/18\/13\/","og_site_name":"Algarve 7","article_publisher":"https:\/\/www.facebook.com\/algarve7","article_author":"https:\/\/www.facebook.com\/algarve7","article_published_time":"2023-10-12T17:13:49+00:00","article_modified_time":"2023-10-12T17:13:53+00:00","og_image":[{"width":1000,"height":1000,"url":"https:\/\/algarve7.pt\/wp-content\/uploads\/2023\/10\/RS1.png","type":"image\/png"}],"author":"Algarve 7","twitter_card":"summary_large_image","twitter_creator":"@Algarvesete","twitter_site":"@Algarvesete","twitter_misc":{"Escrito por":"Algarve 7","Tempo estimado de leitura":"2 minutos"},"schema":{"@context":"https:\/\/schema.org","@graph":[{"@type":"Article","@id":"https:\/\/algarve7.pt\/index.php\/2023\/10\/a-rota-da-dieta-mediterranica-vem-a-loule\/cultura\/18\/13\/#article","isPartOf":{"@id":"https:\/\/algarve7.pt\/index.php\/2023\/10\/a-rota-da-dieta-mediterranica-vem-a-loule\/cultura\/18\/13\/"},"author":{"name":"Algarve 7","@id":"https:\/\/algarve7.pt\/#\/schema\/person\/23fa70681308e7b319a3204bcea45e0c"},"headline":"A rota da dieta mediterr\u00e2nica vem a Loul\u00e9","datePublished":"2023-10-12T17:13:49+00:00","dateModified":"2023-10-12T17:13:53+00:00","mainEntityOfPage":{"@id":"https:\/\/algarve7.pt\/index.php\/2023\/10\/a-rota-da-dieta-mediterranica-vem-a-loule\/cultura\/18\/13\/"},"wordCount":383,"publisher":{"@id":"https:\/\/algarve7.pt\/#organization"},"image":{"@id":"https:\/\/algarve7.pt\/index.php\/2023\/10\/a-rota-da-dieta-mediterranica-vem-a-loule\/cultura\/18\/13\/#primaryimage"},"thumbnailUrl":"https:\/\/algarve7.pt\/wp-content\/uploads\/2023\/10\/RS1.png","keywords":["Algarve","Cultura","Dieta Mediterr\u00e2nica","Loul\u00e9"],"articleSection":["Cultura"],"inLanguage":"pt-PT"},{"@type":"WebPage","@id":"https:\/\/algarve7.pt\/index.php\/2023\/10\/a-rota-da-dieta-mediterranica-vem-a-loule\/cultura\/18\/13\/","url":"https:\/\/algarve7.pt\/index.php\/2023\/10\/a-rota-da-dieta-mediterranica-vem-a-loule\/cultura\/18\/13\/","name":"A rota da dieta mediterr\u00e2nica vem a Loul\u00e9 - Algarve 7","isPartOf":{"@id":"https:\/\/algarve7.pt\/#website"},"primaryImageOfPage":{"@id":"https:\/\/algarve7.pt\/index.php\/2023\/10\/a-rota-da-dieta-mediterranica-vem-a-loule\/cultura\/18\/13\/#primaryimage"},"image":{"@id":"https:\/\/algarve7.pt\/index.php\/2023\/10\/a-rota-da-dieta-mediterranica-vem-a-loule\/cultura\/18\/13\/#primaryimage"},"thumbnailUrl":"https:\/\/algarve7.pt\/wp-content\/uploads\/2023\/10\/RS1.png","datePublished":"2023-10-12T17:13:49+00:00","dateModified":"2023-10-12T17:13:53+00:00","description":"A rota da dieta mediterr\u00e2nica vem a Loul\u00e9 Cultura","breadcrumb":{"@id":"https:\/\/algarve7.pt\/index.php\/2023\/10\/a-rota-da-dieta-mediterranica-vem-a-loule\/cultura\/18\/13\/#breadcrumb"},"inLanguage":"pt-PT","potentialAction":[{"@type":"ReadAction","target":["https:\/\/algarve7.pt\/index.php\/2023\/10\/a-rota-da-dieta-mediterranica-vem-a-loule\/cultura\/18\/13\/"]}]},{"@type":"ImageObject","inLanguage":"pt-PT","@id":"https:\/\/algarve7.pt\/index.php\/2023\/10\/a-rota-da-dieta-mediterranica-vem-a-loule\/cultura\/18\/13\/#primaryimage","url":"https:\/\/algarve7.pt\/wp-content\/uploads\/2023\/10\/RS1.png","contentUrl":"https:\/\/algarve7.pt\/wp-content\/uploads\/2023\/10\/RS1.png","width":1000,"height":1000},{"@type":"BreadcrumbList","@id":"https:\/\/algarve7.pt\/index.php\/2023\/10\/a-rota-da-dieta-mediterranica-vem-a-loule\/cultura\/18\/13\/#breadcrumb","itemListElement":[{"@type":"ListItem","position":1,"name":"In\u00edcio","item":"https:\/\/algarve7.pt\/"},{"@type":"ListItem","position":2,"name":"A rota da dieta mediterr\u00e2nica vem a Loul\u00e9"}]},{"@type":"WebSite","@id":"https:\/\/algarve7.pt\/#website","url":"https:\/\/algarve7.pt\/","name":"Algarve 7","description":"Informa\u00e7\u00e3o sobre o Algarve","publisher":{"@id":"https:\/\/algarve7.pt\/#organization"},"potentialAction":[{"@type":"SearchAction","target":{"@type":"EntryPoint","urlTemplate":"https:\/\/algarve7.pt\/?s={search_term_string}"},"query-input":{"@type":"PropertyValueSpecification","valueRequired":true,"valueName":"search_term_string"}}],"inLanguage":"pt-PT"},{"@type":"Organization","@id":"https:\/\/algarve7.pt\/#organization","name":"Algarve 7","url":"https:\/\/algarve7.pt\/","logo":{"@type":"ImageObject","inLanguage":"pt-PT","@id":"https:\/\/algarve7.pt\/#\/schema\/logo\/image\/","url":"https:\/\/algarve7.pt\/wp-content\/uploads\/2020\/10\/Logo-8.jpg","contentUrl":"https:\/\/algarve7.pt\/wp-content\/uploads\/2020\/10\/Logo-8.jpg","width":1680,"height":1186,"caption":"Algarve 7"},"image":{"@id":"https:\/\/algarve7.pt\/#\/schema\/logo\/image\/"},"sameAs":["https:\/\/www.facebook.com\/algarve7","https:\/\/x.com\/Algarvesete","https:\/\/www.instagram.com\/jornalalgarve7\/","https:\/\/www.linkedin.com\/company\/algarve7","https:\/\/www.pinterest.pt\/geral0939\/_created\/"]},{"@type":"Person","@id":"https:\/\/algarve7.pt\/#\/schema\/person\/23fa70681308e7b319a3204bcea45e0c","name":"Algarve 7","sameAs":["https:\/\/algarve7.pt","https:\/\/www.facebook.com\/algarve7"],"url":"https:\/\/algarve7.pt\/index.php\/author\/geralalgarve7-pt\/"}]}},"jetpack_publicize_connections":[],"jetpack_featured_media_url":"https:\/\/algarve7.pt\/wp-content\/uploads\/2023\/10\/RS1.png","jetpack_shortlink":"https:\/\/wp.me\/pcezmW-8hJ","jetpack_sharing_enabled":true,"_links":{"self":[{"href":"https:\/\/algarve7.pt\/index.php\/wp-json\/wp\/v2\/posts\/31851","targetHints":{"allow":["GET"]}}],"collection":[{"href":"https:\/\/algarve7.pt\/index.php\/wp-json\/wp\/v2\/posts"}],"about":[{"href":"https:\/\/algarve7.pt\/index.php\/wp-json\/wp\/v2\/types\/post"}],"author":[{"embeddable":true,"href":"https:\/\/algarve7.pt\/index.php\/wp-json\/wp\/v2\/users\/1"}],"replies":[{"embeddable":true,"href":"https:\/\/algarve7.pt\/index.php\/wp-json\/wp\/v2\/comments?post=31851"}],"version-history":[{"count":0,"href":"https:\/\/algarve7.pt\/index.php\/wp-json\/wp\/v2\/posts\/31851\/revisions"}],"wp:featuredmedia":[{"embeddable":true,"href":"https:\/\/algarve7.pt\/index.php\/wp-json\/wp\/v2\/media\/31852"}],"wp:attachment":[{"href":"https:\/\/algarve7.pt\/index.php\/wp-json\/wp\/v2\/media?parent=31851"}],"wp:term":[{"taxonomy":"category","embeddable":true,"href":"https:\/\/algarve7.pt\/index.php\/wp-json\/wp\/v2\/categories?post=31851"},{"taxonomy":"post_tag","embeddable":true,"href":"https:\/\/algarve7.pt\/index.php\/wp-json\/wp\/v2\/tags?post=31851"}],"curies":[{"name":"wp","href":"https:\/\/api.w.org\/{rel}","templated":true}]}}