{"id":31839,"date":"2023-10-12T17:41:33","date_gmt":"2023-10-12T16:41:33","guid":{"rendered":"https:\/\/algarve7.pt\/?p=31839"},"modified":"2023-10-12T17:42:52","modified_gmt":"2023-10-12T16:42:52","slug":"faro-internacional-cup-inline-freestyle","status":"publish","type":"post","link":"https:\/\/algarve7.pt\/index.php\/2023\/10\/faro-internacional-cup-inline-freestyle\/desporto\/17\/41\/","title":{"rendered":"Faro Internacional Cup inline Freestyle"},"content":{"rendered":"\n<p>Enquadrado pelo evento desportivo municipal FAROATIVO23 e pelos compromissos firmados com o Munic\u00edpio de Faro, o clube Iceshow Team Freestyle organiza a primeira competi\u00e7\u00e3o oficial federativa.<\/p>\n\n\n\n<p>Esta competi\u00e7\u00e3o ser\u00e1 aberta a patinadores exclusivamente federados, ir\u00e1 ocorrer nos dias 14 e 15 de outubro de 2023, em Faro, no Pavilh\u00e3o Municipal D. Afonso III.<\/p>\n\n\n\n<p>Esta competi\u00e7\u00e3o \u201cCopa Internacional de Faro\u201d pretende integrar o grupo das melhores provas internacionais e obter um melhor n\u00edvel participativo que conta com a qualifica\u00e7\u00e3o de \u201c1 cone\u201d ou \u201cuma estrela\u201d aproximando-se das demais do mesmo circuito ib\u00e9rico; a copa internacional de Madrid e Copa Internacional de Canfranc de duas estrelas para pontua\u00e7\u00e3o no ranking<\/p>\n\n\n\n<p><strong>internacional World Skate.<\/strong><\/p>\n\n\n\n<p>Competi\u00e7\u00e3o \u2013 Copa Internacional de Faro<\/p>\n\n\n\n<p>As provas a desenvolver nesta copa ser\u00e3o:<\/p>\n\n\n\n<p>&#8211; Classic Slalom<\/p>\n\n\n\n<p>&#8211; Battle<\/p>\n\n\n\n<p>&#8211; Speed Slalom<\/p>\n\n\n\n<p>&#8211; Free jump<\/p>\n\n\n\n<p>&#8211; Slides<\/p>\n\n\n\n<p>Regulamento<\/p>\n\n\n\n<p>As regras para esta competi\u00e7\u00e3o t\u00eam como refer\u00eancia o regulamento internacional da World Skate &#8211; World Skate Rulebook<\/p>\n\n\n\n<p>Inscri\u00e7\u00f5es<\/p>\n\n\n\n<p>As inscri\u00e7\u00f5es ficar\u00e3o abertas a partir de dia 1 de setembro 2023, a concretizar online, no seguinte link:<\/p>\n\n\n\n<p><a href=\"https:\/\/www.iceshowteamfreestyle.com\/sulibericainscr\" target=\"_blank\" rel=\"noreferrer noopener\">https:\/\/www.iceshowteamfreestyle.com\/sulibericainscr<\/a><\/p>\n\n\n\n<p>De acordo com as compet\u00eancias estabelecidas pelas regras internacionais da modalidade sugerimos \u00e0 equipa de ju\u00edzes que as inscri\u00e7\u00f5es<\/p>\n\n\n\n<p>sejam encerradas dia 4 outubro 2023 pelas 8:00 AM.<\/p>\n\n\n\n<p>Categorias:<\/p>\n\n\n\n<p>Todas as provas ter\u00e3o abertas as seguintes categorias, com um m\u00e1ximo admitido de 16 participantes por categoria:<\/p>\n\n\n\n<p>&#8211; Sub 14 feminino<\/p>\n\n\n\n<p>&#8211; Sub 14 masculino<\/p>\n\n\n\n<p>&#8211; Sub 19 feminino<\/p>\n\n\n\n<p>&#8211; Sub 19 masculino<\/p>\n\n\n\n<p>&#8211; Seniores feminino<\/p>\n\n\n\n<p>&#8211; Seniores masculino<\/p>\n\n\n\n<p>Localiza\u00e7\u00e3o das Competi\u00e7\u00f5es<\/p>\n\n\n\n<p>Pavilh\u00e3o D. Afonso III<\/p>\n\n\n\n<p>(37.0223042, -7.9399921)<\/p>\n\n\n\n<p>R. Lu\u00eds de Cam\u00f5es 014, Faro, Portugal<\/p>\n\n\n\n<p>Hor\u00e1rios das provas (salvo se alterados por indica\u00e7\u00e3o do Chefe de Ju\u00edzes):<\/p>\n\n\n\n<p>s\u00e1bado, 14 de outubro<\/p>\n\n\n\n<p>&#8211; Abertura do pavilh\u00e3o: 8:00<\/p>\n\n\n\n<p>&#8211; Reuni\u00e3o de delegados 8:45<\/p>\n\n\n\n<p>&#8211; Speed slalom: 09:30 \u00e0s 12:30<\/p>\n\n\n\n<p>&#8211; Entrega de medalhas: 12:45 \u00e0s 13:00<\/p>\n\n\n\n<p>&#8211; Pausa para almo\u00e7o: 13:00 \u00e0s 14:00<\/p>\n\n\n\n<p>&#8211; Slides: 14:00 \u00e0s 17:00<\/p>\n\n\n\n<p>&#8211; Battle: 17:30 \u00e0s 21:00<\/p>\n\n\n\n<p>&#8211; Entrega de medalhas: 21:00<\/p>\n\n\n\n<p>domingo, 15 de outubro:<\/p>\n\n\n\n<p>&#8211; Abertura do pavilh\u00e3o: 9:00<\/p>\n\n\n\n<p>&#8211; Classic slalom: 9:30 \u00e0s 13:00<\/p>\n\n\n\n<p>&#8211; Pausa t\u00e9cnica: 13:00 \u00e0s 14:00<\/p>\n\n\n\n<p>&#8211; Free Jump: 14:00 \u00e0s 15:30<\/p>\n\n\n\n<p>&#8211; Entrega de medalhas: 15:45 \u00e0s 16:00<\/p>\n\n\n\n<p>&#8211; Fecho e pr\u00e9mios do Circuito Ib\u00e9rico: 16:00<\/p>\n\n\n\n<p>Seguros de responsabilidade civil e de Acidentes Pessoais: Ap\u00f3lices N\u00ba<\/p>\n\n\n\n<p>.<\/p>\n\n\n\n<p>&#8211; Seguradora &#8211; a indicar em breve.<\/p>\n","protected":false},"excerpt":{"rendered":"<p>Enquadrado pelo evento desportivo municipal FAROATIVO23 e pelos compromissos firmados com o Munic\u00edpio de Faro, o clube Iceshow Team Freestyle<\/p>\n","protected":false},"author":1,"featured_media":31840,"comment_status":"closed","ping_status":"open","sticky":false,"template":"","format":"standard","meta":{"colormag_page_container_layout":"default_layout","colormag_page_sidebar_layout":"default_layout","_monsterinsights_skip_tracking":false,"_monsterinsights_sitenote_active":false,"_monsterinsights_sitenote_note":"","_monsterinsights_sitenote_category":0,"jetpack_post_was_ever_published":false,"_jetpack_newsletter_access":"","_jetpack_dont_email_post_to_subs":false,"_jetpack_newsletter_tier_id":0,"_jetpack_memberships_contains_paywalled_content":false,"_jetpack_memberships_contains_paid_content":false,"footnotes":"","jetpack_publicize_message":"","jetpack_publicize_feature_enabled":true,"jetpack_social_post_already_shared":true,"jetpack_social_options":{"image_generator_settings":{"template":"highway","default_image_id":0,"font":"","enabled":false},"version":2}},"categories":[15],"tags":[36,40,57],"class_list":["post-31839","post","type-post","status-publish","format-standard","has-post-thumbnail","hentry","category-desporto","tag-algarve","tag-desporto","tag-faro"],"yoast_head":"<!-- This site is optimized with the Yoast SEO plugin v27.5 - https:\/\/yoast.com\/product\/yoast-seo-wordpress\/ -->\n<title>Faro Internacional Cup inline Freestyle - Algarve 7<\/title>\n<meta name=\"description\" content=\"Faro Internacional Cup inline Freestyle Desporto\" \/>\n<meta name=\"robots\" content=\"index, follow, max-snippet:-1, max-image-preview:large, max-video-preview:-1\" \/>\n<link rel=\"canonical\" href=\"https:\/\/algarve7.pt\/index.php\/2023\/10\/faro-internacional-cup-inline-freestyle\/desporto\/17\/41\/\" \/>\n<meta property=\"og:locale\" content=\"pt_PT\" \/>\n<meta property=\"og:type\" content=\"article\" \/>\n<meta property=\"og:title\" content=\"Faro Internacional Cup inline Freestyle - Algarve 7\" \/>\n<meta property=\"og:description\" content=\"Faro Internacional Cup inline Freestyle Desporto\" \/>\n<meta property=\"og:url\" content=\"https:\/\/algarve7.pt\/index.php\/2023\/10\/faro-internacional-cup-inline-freestyle\/desporto\/17\/41\/\" \/>\n<meta property=\"og:site_name\" content=\"Algarve 7\" \/>\n<meta property=\"article:publisher\" content=\"https:\/\/www.facebook.com\/algarve7\" \/>\n<meta property=\"article:author\" content=\"https:\/\/www.facebook.com\/algarve7\" \/>\n<meta property=\"article:published_time\" content=\"2023-10-12T16:41:33+00:00\" \/>\n<meta property=\"article:modified_time\" content=\"2023-10-12T16:42:52+00:00\" \/>\n<meta property=\"og:image\" content=\"https:\/\/algarve7.pt\/wp-content\/uploads\/2023\/10\/Captura-de-ecra-2023-10-12-as-17.36.22-e1697128961754.png\" \/>\n\t<meta property=\"og:image:width\" content=\"1000\" \/>\n\t<meta property=\"og:image:height\" content=\"790\" \/>\n\t<meta property=\"og:image:type\" content=\"image\/png\" \/>\n<meta name=\"author\" content=\"Algarve 7\" \/>\n<meta name=\"twitter:card\" content=\"summary_large_image\" \/>\n<meta name=\"twitter:creator\" content=\"@Algarvesete\" \/>\n<meta name=\"twitter:site\" content=\"@Algarvesete\" \/>\n<meta name=\"twitter:label1\" content=\"Escrito por\" \/>\n\t<meta name=\"twitter:data1\" content=\"Algarve 7\" \/>\n\t<meta name=\"twitter:label2\" content=\"Tempo estimado de leitura\" \/>\n\t<meta name=\"twitter:data2\" content=\"2 minutos\" \/>\n<script type=\"application\/ld+json\" class=\"yoast-schema-graph\">{\"@context\":\"https:\\\/\\\/schema.org\",\"@graph\":[{\"@type\":\"Article\",\"@id\":\"https:\\\/\\\/algarve7.pt\\\/index.php\\\/2023\\\/10\\\/faro-internacional-cup-inline-freestyle\\\/desporto\\\/17\\\/41\\\/#article\",\"isPartOf\":{\"@id\":\"https:\\\/\\\/algarve7.pt\\\/index.php\\\/2023\\\/10\\\/faro-internacional-cup-inline-freestyle\\\/desporto\\\/17\\\/41\\\/\"},\"author\":{\"name\":\"Algarve 7\",\"@id\":\"https:\\\/\\\/algarve7.pt\\\/#\\\/schema\\\/person\\\/23fa70681308e7b319a3204bcea45e0c\"},\"headline\":\"Faro Internacional Cup inline Freestyle\",\"datePublished\":\"2023-10-12T16:41:33+00:00\",\"dateModified\":\"2023-10-12T16:42:52+00:00\",\"mainEntityOfPage\":{\"@id\":\"https:\\\/\\\/algarve7.pt\\\/index.php\\\/2023\\\/10\\\/faro-internacional-cup-inline-freestyle\\\/desporto\\\/17\\\/41\\\/\"},\"wordCount\":385,\"publisher\":{\"@id\":\"https:\\\/\\\/algarve7.pt\\\/#organization\"},\"image\":{\"@id\":\"https:\\\/\\\/algarve7.pt\\\/index.php\\\/2023\\\/10\\\/faro-internacional-cup-inline-freestyle\\\/desporto\\\/17\\\/41\\\/#primaryimage\"},\"thumbnailUrl\":\"https:\\\/\\\/algarve7.pt\\\/wp-content\\\/uploads\\\/2023\\\/10\\\/Captura-de-ecra-2023-10-12-as-17.36.22-e1697128961754.png\",\"keywords\":[\"Algarve\",\"Desporto\",\"Faro\"],\"articleSection\":[\"Desporto\"],\"inLanguage\":\"pt-PT\"},{\"@type\":\"WebPage\",\"@id\":\"https:\\\/\\\/algarve7.pt\\\/index.php\\\/2023\\\/10\\\/faro-internacional-cup-inline-freestyle\\\/desporto\\\/17\\\/41\\\/\",\"url\":\"https:\\\/\\\/algarve7.pt\\\/index.php\\\/2023\\\/10\\\/faro-internacional-cup-inline-freestyle\\\/desporto\\\/17\\\/41\\\/\",\"name\":\"Faro Internacional Cup inline Freestyle - Algarve 7\",\"isPartOf\":{\"@id\":\"https:\\\/\\\/algarve7.pt\\\/#website\"},\"primaryImageOfPage\":{\"@id\":\"https:\\\/\\\/algarve7.pt\\\/index.php\\\/2023\\\/10\\\/faro-internacional-cup-inline-freestyle\\\/desporto\\\/17\\\/41\\\/#primaryimage\"},\"image\":{\"@id\":\"https:\\\/\\\/algarve7.pt\\\/index.php\\\/2023\\\/10\\\/faro-internacional-cup-inline-freestyle\\\/desporto\\\/17\\\/41\\\/#primaryimage\"},\"thumbnailUrl\":\"https:\\\/\\\/algarve7.pt\\\/wp-content\\\/uploads\\\/2023\\\/10\\\/Captura-de-ecra-2023-10-12-as-17.36.22-e1697128961754.png\",\"datePublished\":\"2023-10-12T16:41:33+00:00\",\"dateModified\":\"2023-10-12T16:42:52+00:00\",\"description\":\"Faro Internacional Cup inline Freestyle Desporto\",\"breadcrumb\":{\"@id\":\"https:\\\/\\\/algarve7.pt\\\/index.php\\\/2023\\\/10\\\/faro-internacional-cup-inline-freestyle\\\/desporto\\\/17\\\/41\\\/#breadcrumb\"},\"inLanguage\":\"pt-PT\",\"potentialAction\":[{\"@type\":\"ReadAction\",\"target\":[\"https:\\\/\\\/algarve7.pt\\\/index.php\\\/2023\\\/10\\\/faro-internacional-cup-inline-freestyle\\\/desporto\\\/17\\\/41\\\/\"]}]},{\"@type\":\"ImageObject\",\"inLanguage\":\"pt-PT\",\"@id\":\"https:\\\/\\\/algarve7.pt\\\/index.php\\\/2023\\\/10\\\/faro-internacional-cup-inline-freestyle\\\/desporto\\\/17\\\/41\\\/#primaryimage\",\"url\":\"https:\\\/\\\/algarve7.pt\\\/wp-content\\\/uploads\\\/2023\\\/10\\\/Captura-de-ecra-2023-10-12-as-17.36.22-e1697128961754.png\",\"contentUrl\":\"https:\\\/\\\/algarve7.pt\\\/wp-content\\\/uploads\\\/2023\\\/10\\\/Captura-de-ecra-2023-10-12-as-17.36.22-e1697128961754.png\",\"width\":1000,\"height\":790},{\"@type\":\"BreadcrumbList\",\"@id\":\"https:\\\/\\\/algarve7.pt\\\/index.php\\\/2023\\\/10\\\/faro-internacional-cup-inline-freestyle\\\/desporto\\\/17\\\/41\\\/#breadcrumb\",\"itemListElement\":[{\"@type\":\"ListItem\",\"position\":1,\"name\":\"In\u00edcio\",\"item\":\"https:\\\/\\\/algarve7.pt\\\/\"},{\"@type\":\"ListItem\",\"position\":2,\"name\":\"Faro Internacional Cup inline Freestyle\"}]},{\"@type\":\"WebSite\",\"@id\":\"https:\\\/\\\/algarve7.pt\\\/#website\",\"url\":\"https:\\\/\\\/algarve7.pt\\\/\",\"name\":\"Algarve 7\",\"description\":\"Informa\u00e7\u00e3o sobre o Algarve\",\"publisher\":{\"@id\":\"https:\\\/\\\/algarve7.pt\\\/#organization\"},\"potentialAction\":[{\"@type\":\"SearchAction\",\"target\":{\"@type\":\"EntryPoint\",\"urlTemplate\":\"https:\\\/\\\/algarve7.pt\\\/?s={search_term_string}\"},\"query-input\":{\"@type\":\"PropertyValueSpecification\",\"valueRequired\":true,\"valueName\":\"search_term_string\"}}],\"inLanguage\":\"pt-PT\"},{\"@type\":\"Organization\",\"@id\":\"https:\\\/\\\/algarve7.pt\\\/#organization\",\"name\":\"Algarve 7\",\"url\":\"https:\\\/\\\/algarve7.pt\\\/\",\"logo\":{\"@type\":\"ImageObject\",\"inLanguage\":\"pt-PT\",\"@id\":\"https:\\\/\\\/algarve7.pt\\\/#\\\/schema\\\/logo\\\/image\\\/\",\"url\":\"https:\\\/\\\/algarve7.pt\\\/wp-content\\\/uploads\\\/2020\\\/10\\\/Logo-8.jpg\",\"contentUrl\":\"https:\\\/\\\/algarve7.pt\\\/wp-content\\\/uploads\\\/2020\\\/10\\\/Logo-8.jpg\",\"width\":1680,\"height\":1186,\"caption\":\"Algarve 7\"},\"image\":{\"@id\":\"https:\\\/\\\/algarve7.pt\\\/#\\\/schema\\\/logo\\\/image\\\/\"},\"sameAs\":[\"https:\\\/\\\/www.facebook.com\\\/algarve7\",\"https:\\\/\\\/x.com\\\/Algarvesete\",\"https:\\\/\\\/www.instagram.com\\\/jornalalgarve7\\\/\",\"https:\\\/\\\/www.linkedin.com\\\/company\\\/algarve7\",\"https:\\\/\\\/www.pinterest.pt\\\/geral0939\\\/_created\\\/\"]},{\"@type\":\"Person\",\"@id\":\"https:\\\/\\\/algarve7.pt\\\/#\\\/schema\\\/person\\\/23fa70681308e7b319a3204bcea45e0c\",\"name\":\"Algarve 7\",\"sameAs\":[\"https:\\\/\\\/algarve7.pt\",\"https:\\\/\\\/www.facebook.com\\\/algarve7\"],\"url\":\"https:\\\/\\\/algarve7.pt\\\/index.php\\\/author\\\/geralalgarve7-pt\\\/\"}]}<\/script>\n<!-- \/ Yoast SEO plugin. -->","yoast_head_json":{"title":"Faro Internacional Cup inline Freestyle - Algarve 7","description":"Faro Internacional Cup inline Freestyle Desporto","robots":{"index":"index","follow":"follow","max-snippet":"max-snippet:-1","max-image-preview":"max-image-preview:large","max-video-preview":"max-video-preview:-1"},"canonical":"https:\/\/algarve7.pt\/index.php\/2023\/10\/faro-internacional-cup-inline-freestyle\/desporto\/17\/41\/","og_locale":"pt_PT","og_type":"article","og_title":"Faro Internacional Cup inline Freestyle - Algarve 7","og_description":"Faro Internacional Cup inline Freestyle Desporto","og_url":"https:\/\/algarve7.pt\/index.php\/2023\/10\/faro-internacional-cup-inline-freestyle\/desporto\/17\/41\/","og_site_name":"Algarve 7","article_publisher":"https:\/\/www.facebook.com\/algarve7","article_author":"https:\/\/www.facebook.com\/algarve7","article_published_time":"2023-10-12T16:41:33+00:00","article_modified_time":"2023-10-12T16:42:52+00:00","og_image":[{"width":1000,"height":790,"url":"https:\/\/algarve7.pt\/wp-content\/uploads\/2023\/10\/Captura-de-ecra-2023-10-12-as-17.36.22-e1697128961754.png","type":"image\/png"}],"author":"Algarve 7","twitter_card":"summary_large_image","twitter_creator":"@Algarvesete","twitter_site":"@Algarvesete","twitter_misc":{"Escrito por":"Algarve 7","Tempo estimado de leitura":"2 minutos"},"schema":{"@context":"https:\/\/schema.org","@graph":[{"@type":"Article","@id":"https:\/\/algarve7.pt\/index.php\/2023\/10\/faro-internacional-cup-inline-freestyle\/desporto\/17\/41\/#article","isPartOf":{"@id":"https:\/\/algarve7.pt\/index.php\/2023\/10\/faro-internacional-cup-inline-freestyle\/desporto\/17\/41\/"},"author":{"name":"Algarve 7","@id":"https:\/\/algarve7.pt\/#\/schema\/person\/23fa70681308e7b319a3204bcea45e0c"},"headline":"Faro Internacional Cup inline Freestyle","datePublished":"2023-10-12T16:41:33+00:00","dateModified":"2023-10-12T16:42:52+00:00","mainEntityOfPage":{"@id":"https:\/\/algarve7.pt\/index.php\/2023\/10\/faro-internacional-cup-inline-freestyle\/desporto\/17\/41\/"},"wordCount":385,"publisher":{"@id":"https:\/\/algarve7.pt\/#organization"},"image":{"@id":"https:\/\/algarve7.pt\/index.php\/2023\/10\/faro-internacional-cup-inline-freestyle\/desporto\/17\/41\/#primaryimage"},"thumbnailUrl":"https:\/\/algarve7.pt\/wp-content\/uploads\/2023\/10\/Captura-de-ecra-2023-10-12-as-17.36.22-e1697128961754.png","keywords":["Algarve","Desporto","Faro"],"articleSection":["Desporto"],"inLanguage":"pt-PT"},{"@type":"WebPage","@id":"https:\/\/algarve7.pt\/index.php\/2023\/10\/faro-internacional-cup-inline-freestyle\/desporto\/17\/41\/","url":"https:\/\/algarve7.pt\/index.php\/2023\/10\/faro-internacional-cup-inline-freestyle\/desporto\/17\/41\/","name":"Faro Internacional Cup inline Freestyle - Algarve 7","isPartOf":{"@id":"https:\/\/algarve7.pt\/#website"},"primaryImageOfPage":{"@id":"https:\/\/algarve7.pt\/index.php\/2023\/10\/faro-internacional-cup-inline-freestyle\/desporto\/17\/41\/#primaryimage"},"image":{"@id":"https:\/\/algarve7.pt\/index.php\/2023\/10\/faro-internacional-cup-inline-freestyle\/desporto\/17\/41\/#primaryimage"},"thumbnailUrl":"https:\/\/algarve7.pt\/wp-content\/uploads\/2023\/10\/Captura-de-ecra-2023-10-12-as-17.36.22-e1697128961754.png","datePublished":"2023-10-12T16:41:33+00:00","dateModified":"2023-10-12T16:42:52+00:00","description":"Faro Internacional Cup inline Freestyle Desporto","breadcrumb":{"@id":"https:\/\/algarve7.pt\/index.php\/2023\/10\/faro-internacional-cup-inline-freestyle\/desporto\/17\/41\/#breadcrumb"},"inLanguage":"pt-PT","potentialAction":[{"@type":"ReadAction","target":["https:\/\/algarve7.pt\/index.php\/2023\/10\/faro-internacional-cup-inline-freestyle\/desporto\/17\/41\/"]}]},{"@type":"ImageObject","inLanguage":"pt-PT","@id":"https:\/\/algarve7.pt\/index.php\/2023\/10\/faro-internacional-cup-inline-freestyle\/desporto\/17\/41\/#primaryimage","url":"https:\/\/algarve7.pt\/wp-content\/uploads\/2023\/10\/Captura-de-ecra-2023-10-12-as-17.36.22-e1697128961754.png","contentUrl":"https:\/\/algarve7.pt\/wp-content\/uploads\/2023\/10\/Captura-de-ecra-2023-10-12-as-17.36.22-e1697128961754.png","width":1000,"height":790},{"@type":"BreadcrumbList","@id":"https:\/\/algarve7.pt\/index.php\/2023\/10\/faro-internacional-cup-inline-freestyle\/desporto\/17\/41\/#breadcrumb","itemListElement":[{"@type":"ListItem","position":1,"name":"In\u00edcio","item":"https:\/\/algarve7.pt\/"},{"@type":"ListItem","position":2,"name":"Faro Internacional Cup inline Freestyle"}]},{"@type":"WebSite","@id":"https:\/\/algarve7.pt\/#website","url":"https:\/\/algarve7.pt\/","name":"Algarve 7","description":"Informa\u00e7\u00e3o sobre o Algarve","publisher":{"@id":"https:\/\/algarve7.pt\/#organization"},"potentialAction":[{"@type":"SearchAction","target":{"@type":"EntryPoint","urlTemplate":"https:\/\/algarve7.pt\/?s={search_term_string}"},"query-input":{"@type":"PropertyValueSpecification","valueRequired":true,"valueName":"search_term_string"}}],"inLanguage":"pt-PT"},{"@type":"Organization","@id":"https:\/\/algarve7.pt\/#organization","name":"Algarve 7","url":"https:\/\/algarve7.pt\/","logo":{"@type":"ImageObject","inLanguage":"pt-PT","@id":"https:\/\/algarve7.pt\/#\/schema\/logo\/image\/","url":"https:\/\/algarve7.pt\/wp-content\/uploads\/2020\/10\/Logo-8.jpg","contentUrl":"https:\/\/algarve7.pt\/wp-content\/uploads\/2020\/10\/Logo-8.jpg","width":1680,"height":1186,"caption":"Algarve 7"},"image":{"@id":"https:\/\/algarve7.pt\/#\/schema\/logo\/image\/"},"sameAs":["https:\/\/www.facebook.com\/algarve7","https:\/\/x.com\/Algarvesete","https:\/\/www.instagram.com\/jornalalgarve7\/","https:\/\/www.linkedin.com\/company\/algarve7","https:\/\/www.pinterest.pt\/geral0939\/_created\/"]},{"@type":"Person","@id":"https:\/\/algarve7.pt\/#\/schema\/person\/23fa70681308e7b319a3204bcea45e0c","name":"Algarve 7","sameAs":["https:\/\/algarve7.pt","https:\/\/www.facebook.com\/algarve7"],"url":"https:\/\/algarve7.pt\/index.php\/author\/geralalgarve7-pt\/"}]}},"jetpack_publicize_connections":[],"jetpack_featured_media_url":"https:\/\/algarve7.pt\/wp-content\/uploads\/2023\/10\/Captura-de-ecra-2023-10-12-as-17.36.22-e1697128961754.png","jetpack_shortlink":"https:\/\/wp.me\/pcezmW-8hx","jetpack_sharing_enabled":true,"_links":{"self":[{"href":"https:\/\/algarve7.pt\/index.php\/wp-json\/wp\/v2\/posts\/31839","targetHints":{"allow":["GET"]}}],"collection":[{"href":"https:\/\/algarve7.pt\/index.php\/wp-json\/wp\/v2\/posts"}],"about":[{"href":"https:\/\/algarve7.pt\/index.php\/wp-json\/wp\/v2\/types\/post"}],"author":[{"embeddable":true,"href":"https:\/\/algarve7.pt\/index.php\/wp-json\/wp\/v2\/users\/1"}],"replies":[{"embeddable":true,"href":"https:\/\/algarve7.pt\/index.php\/wp-json\/wp\/v2\/comments?post=31839"}],"version-history":[{"count":0,"href":"https:\/\/algarve7.pt\/index.php\/wp-json\/wp\/v2\/posts\/31839\/revisions"}],"wp:featuredmedia":[{"embeddable":true,"href":"https:\/\/algarve7.pt\/index.php\/wp-json\/wp\/v2\/media\/31840"}],"wp:attachment":[{"href":"https:\/\/algarve7.pt\/index.php\/wp-json\/wp\/v2\/media?parent=31839"}],"wp:term":[{"taxonomy":"category","embeddable":true,"href":"https:\/\/algarve7.pt\/index.php\/wp-json\/wp\/v2\/categories?post=31839"},{"taxonomy":"post_tag","embeddable":true,"href":"https:\/\/algarve7.pt\/index.php\/wp-json\/wp\/v2\/tags?post=31839"}],"curies":[{"name":"wp","href":"https:\/\/api.w.org\/{rel}","templated":true}]}}