{"id":31830,"date":"2023-10-13T09:19:00","date_gmt":"2023-10-13T08:19:00","guid":{"rendered":"https:\/\/algarve7.pt\/?p=31830"},"modified":"2023-10-12T17:21:18","modified_gmt":"2023-10-12T16:21:18","slug":"conferencia-no-arquivo-aborda-violencia-em-loule-durante-os-seculos-xvi-e-xvii","status":"publish","type":"post","link":"https:\/\/algarve7.pt\/index.php\/2023\/10\/conferencia-no-arquivo-aborda-violencia-em-loule-durante-os-seculos-xvi-e-xvii\/cultura\/09\/19\/","title":{"rendered":"Confer\u00eancia no arquivo aborda viol\u00eancia em Loul\u00e9 durante os s\u00e9culos XVI e XVII"},"content":{"rendered":"\n<p>O historiador F\u00e1bio Duarte apresenta, a 21 de outubro, pelas 15h00, mais uma sess\u00e3o da rubrica \u201cLOUL\u00c9 na linha do tempo\u201d. \u201cA viol\u00eancia em Loul\u00e9 durante os s\u00e9culos XVI e XVII\u201d \u00e9 o tema que ser\u00e1 abordado.<\/p>\n\n\n\n<p>A viol\u00eancia assaltou e interrompeu a vida quotidiana das sociedades humanas ao longo da \u00c9poca Moderna. Gerada pelos impulsos das gentes, agitadas por ressentimentos, vingan\u00e7as, oportunismos, ou administrada pelos poderes institu\u00eddos, marcou os corpos e os comportamentos daqueles que a usaram e dos que foram sendo vitimados. \u201cTentaremos surpreender a sua presen\u00e7a em Loul\u00e9, ao longo dos s\u00e9culos XVI e XVII, analisando cartas de perd\u00e3o outorgadas pelos Reis portugueses e outra documenta\u00e7\u00e3o pertinente. Ao faz\u00ea-lo, teremos presente tanto o contexto regional como o nacional\u201d, considera o conferencista.<\/p>\n\n\n\n<p>F\u00e1bio Duarte \u00e9 mestre em Hist\u00f3ria Moderna pela Faculdade de Ci\u00eancias Sociais e Humanas da Universidade Nova de Lisboa. A sua tese de mestrado, intitulada \u201cHerdar, Legar e Registar: o arquivo e o Tombo do Cart\u00f3rio da Casa de Vila Nova de Portim\u00e3o\u201d, teve como prop\u00f3sito estudar um invent\u00e1rio do arquivo de uma fam\u00edlia aristocr\u00e1tica. \u00c9, atualmente, investigador contratado no Projecto Vinculum, coordenado pela Professora Maria de Lurdes Rosa.<\/p>\n","protected":false},"excerpt":{"rendered":"<p>O historiador F\u00e1bio Duarte apresenta, a 21 de outubro, pelas 15h00, mais uma sess\u00e3o da rubrica \u201cLOUL\u00c9 na linha do<\/p>\n","protected":false},"author":1,"featured_media":31831,"comment_status":"closed","ping_status":"open","sticky":false,"template":"","format":"standard","meta":{"colormag_page_container_layout":"default_layout","colormag_page_sidebar_layout":"default_layout","_monsterinsights_skip_tracking":false,"_monsterinsights_sitenote_active":false,"_monsterinsights_sitenote_note":"","_monsterinsights_sitenote_category":0,"jetpack_post_was_ever_published":false,"_jetpack_newsletter_access":"","_jetpack_dont_email_post_to_subs":false,"_jetpack_newsletter_tier_id":0,"_jetpack_memberships_contains_paywalled_content":false,"_jetpack_memberships_contains_paid_content":false,"footnotes":"","jetpack_publicize_message":"","jetpack_publicize_feature_enabled":true,"jetpack_social_post_already_shared":true,"jetpack_social_options":{"image_generator_settings":{"template":"highway","default_image_id":0,"font":"","enabled":false},"version":2}},"categories":[14],"tags":[36,35,31],"class_list":["post-31830","post","type-post","status-publish","format-standard","has-post-thumbnail","hentry","category-cultura","tag-algarve","tag-cultura","tag-loule"],"yoast_head":"<!-- This site is optimized with the Yoast SEO plugin v27.5 - https:\/\/yoast.com\/product\/yoast-seo-wordpress\/ -->\n<title>Confer\u00eancia no arquivo aborda viol\u00eancia em Loul\u00e9 durante os s\u00e9culos XVI e XVII - Algarve 7<\/title>\n<meta name=\"description\" content=\"Confer\u00eancia no arquivo aborda viol\u00eancia em Loul\u00e9 durante os s\u00e9culos XVI e XVII Cultura\" \/>\n<meta name=\"robots\" content=\"index, follow, max-snippet:-1, max-image-preview:large, max-video-preview:-1\" \/>\n<link rel=\"canonical\" href=\"https:\/\/algarve7.pt\/index.php\/2023\/10\/conferencia-no-arquivo-aborda-violencia-em-loule-durante-os-seculos-xvi-e-xvii\/cultura\/09\/19\/\" \/>\n<meta property=\"og:locale\" content=\"pt_PT\" \/>\n<meta property=\"og:type\" content=\"article\" \/>\n<meta property=\"og:title\" content=\"Confer\u00eancia no arquivo aborda viol\u00eancia em Loul\u00e9 durante os s\u00e9culos XVI e XVII - Algarve 7\" \/>\n<meta property=\"og:description\" content=\"Confer\u00eancia no arquivo aborda viol\u00eancia em Loul\u00e9 durante os s\u00e9culos XVI e XVII Cultura\" \/>\n<meta property=\"og:url\" content=\"https:\/\/algarve7.pt\/index.php\/2023\/10\/conferencia-no-arquivo-aborda-violencia-em-loule-durante-os-seculos-xvi-e-xvii\/cultura\/09\/19\/\" \/>\n<meta property=\"og:site_name\" content=\"Algarve 7\" \/>\n<meta property=\"article:publisher\" content=\"https:\/\/www.facebook.com\/algarve7\" \/>\n<meta property=\"article:author\" content=\"https:\/\/www.facebook.com\/algarve7\" \/>\n<meta property=\"article:published_time\" content=\"2023-10-13T08:19:00+00:00\" \/>\n<meta property=\"og:image\" content=\"https:\/\/algarve7.pt\/wp-content\/uploads\/2023\/10\/Cartaz_conferencia2.jpg\" \/>\n\t<meta property=\"og:image:width\" content=\"1024\" \/>\n\t<meta property=\"og:image:height\" content=\"532\" \/>\n\t<meta property=\"og:image:type\" content=\"image\/jpeg\" \/>\n<meta name=\"author\" content=\"Algarve 7\" \/>\n<meta name=\"twitter:card\" content=\"summary_large_image\" \/>\n<meta name=\"twitter:creator\" content=\"@Algarvesete\" \/>\n<meta name=\"twitter:site\" content=\"@Algarvesete\" \/>\n<meta name=\"twitter:label1\" content=\"Escrito por\" \/>\n\t<meta name=\"twitter:data1\" content=\"Algarve 7\" \/>\n\t<meta name=\"twitter:label2\" content=\"Tempo estimado de leitura\" \/>\n\t<meta name=\"twitter:data2\" content=\"2 minutos\" \/>\n<script type=\"application\/ld+json\" class=\"yoast-schema-graph\">{\"@context\":\"https:\\\/\\\/schema.org\",\"@graph\":[{\"@type\":\"Article\",\"@id\":\"https:\\\/\\\/algarve7.pt\\\/index.php\\\/2023\\\/10\\\/conferencia-no-arquivo-aborda-violencia-em-loule-durante-os-seculos-xvi-e-xvii\\\/cultura\\\/09\\\/19\\\/#article\",\"isPartOf\":{\"@id\":\"https:\\\/\\\/algarve7.pt\\\/index.php\\\/2023\\\/10\\\/conferencia-no-arquivo-aborda-violencia-em-loule-durante-os-seculos-xvi-e-xvii\\\/cultura\\\/09\\\/19\\\/\"},\"author\":{\"name\":\"Algarve 7\",\"@id\":\"https:\\\/\\\/algarve7.pt\\\/#\\\/schema\\\/person\\\/23fa70681308e7b319a3204bcea45e0c\"},\"headline\":\"Confer\u00eancia no arquivo aborda viol\u00eancia em Loul\u00e9 durante os s\u00e9culos XVI e XVII\",\"datePublished\":\"2023-10-13T08:19:00+00:00\",\"mainEntityOfPage\":{\"@id\":\"https:\\\/\\\/algarve7.pt\\\/index.php\\\/2023\\\/10\\\/conferencia-no-arquivo-aborda-violencia-em-loule-durante-os-seculos-xvi-e-xvii\\\/cultura\\\/09\\\/19\\\/\"},\"wordCount\":226,\"publisher\":{\"@id\":\"https:\\\/\\\/algarve7.pt\\\/#organization\"},\"image\":{\"@id\":\"https:\\\/\\\/algarve7.pt\\\/index.php\\\/2023\\\/10\\\/conferencia-no-arquivo-aborda-violencia-em-loule-durante-os-seculos-xvi-e-xvii\\\/cultura\\\/09\\\/19\\\/#primaryimage\"},\"thumbnailUrl\":\"https:\\\/\\\/algarve7.pt\\\/wp-content\\\/uploads\\\/2023\\\/10\\\/Cartaz_conferencia2.jpg\",\"keywords\":[\"Algarve\",\"Cultura\",\"Loul\u00e9\"],\"articleSection\":[\"Cultura\"],\"inLanguage\":\"pt-PT\"},{\"@type\":\"WebPage\",\"@id\":\"https:\\\/\\\/algarve7.pt\\\/index.php\\\/2023\\\/10\\\/conferencia-no-arquivo-aborda-violencia-em-loule-durante-os-seculos-xvi-e-xvii\\\/cultura\\\/09\\\/19\\\/\",\"url\":\"https:\\\/\\\/algarve7.pt\\\/index.php\\\/2023\\\/10\\\/conferencia-no-arquivo-aborda-violencia-em-loule-durante-os-seculos-xvi-e-xvii\\\/cultura\\\/09\\\/19\\\/\",\"name\":\"Confer\u00eancia no arquivo aborda viol\u00eancia em Loul\u00e9 durante os s\u00e9culos XVI e XVII - Algarve 7\",\"isPartOf\":{\"@id\":\"https:\\\/\\\/algarve7.pt\\\/#website\"},\"primaryImageOfPage\":{\"@id\":\"https:\\\/\\\/algarve7.pt\\\/index.php\\\/2023\\\/10\\\/conferencia-no-arquivo-aborda-violencia-em-loule-durante-os-seculos-xvi-e-xvii\\\/cultura\\\/09\\\/19\\\/#primaryimage\"},\"image\":{\"@id\":\"https:\\\/\\\/algarve7.pt\\\/index.php\\\/2023\\\/10\\\/conferencia-no-arquivo-aborda-violencia-em-loule-durante-os-seculos-xvi-e-xvii\\\/cultura\\\/09\\\/19\\\/#primaryimage\"},\"thumbnailUrl\":\"https:\\\/\\\/algarve7.pt\\\/wp-content\\\/uploads\\\/2023\\\/10\\\/Cartaz_conferencia2.jpg\",\"datePublished\":\"2023-10-13T08:19:00+00:00\",\"description\":\"Confer\u00eancia no arquivo aborda viol\u00eancia em Loul\u00e9 durante os s\u00e9culos XVI e XVII Cultura\",\"breadcrumb\":{\"@id\":\"https:\\\/\\\/algarve7.pt\\\/index.php\\\/2023\\\/10\\\/conferencia-no-arquivo-aborda-violencia-em-loule-durante-os-seculos-xvi-e-xvii\\\/cultura\\\/09\\\/19\\\/#breadcrumb\"},\"inLanguage\":\"pt-PT\",\"potentialAction\":[{\"@type\":\"ReadAction\",\"target\":[\"https:\\\/\\\/algarve7.pt\\\/index.php\\\/2023\\\/10\\\/conferencia-no-arquivo-aborda-violencia-em-loule-durante-os-seculos-xvi-e-xvii\\\/cultura\\\/09\\\/19\\\/\"]}]},{\"@type\":\"ImageObject\",\"inLanguage\":\"pt-PT\",\"@id\":\"https:\\\/\\\/algarve7.pt\\\/index.php\\\/2023\\\/10\\\/conferencia-no-arquivo-aborda-violencia-em-loule-durante-os-seculos-xvi-e-xvii\\\/cultura\\\/09\\\/19\\\/#primaryimage\",\"url\":\"https:\\\/\\\/algarve7.pt\\\/wp-content\\\/uploads\\\/2023\\\/10\\\/Cartaz_conferencia2.jpg\",\"contentUrl\":\"https:\\\/\\\/algarve7.pt\\\/wp-content\\\/uploads\\\/2023\\\/10\\\/Cartaz_conferencia2.jpg\",\"width\":1024,\"height\":532},{\"@type\":\"BreadcrumbList\",\"@id\":\"https:\\\/\\\/algarve7.pt\\\/index.php\\\/2023\\\/10\\\/conferencia-no-arquivo-aborda-violencia-em-loule-durante-os-seculos-xvi-e-xvii\\\/cultura\\\/09\\\/19\\\/#breadcrumb\",\"itemListElement\":[{\"@type\":\"ListItem\",\"position\":1,\"name\":\"In\u00edcio\",\"item\":\"https:\\\/\\\/algarve7.pt\\\/\"},{\"@type\":\"ListItem\",\"position\":2,\"name\":\"Confer\u00eancia no arquivo aborda viol\u00eancia em Loul\u00e9 durante os s\u00e9culos XVI e XVII\"}]},{\"@type\":\"WebSite\",\"@id\":\"https:\\\/\\\/algarve7.pt\\\/#website\",\"url\":\"https:\\\/\\\/algarve7.pt\\\/\",\"name\":\"Algarve 7\",\"description\":\"Informa\u00e7\u00e3o sobre o Algarve\",\"publisher\":{\"@id\":\"https:\\\/\\\/algarve7.pt\\\/#organization\"},\"potentialAction\":[{\"@type\":\"SearchAction\",\"target\":{\"@type\":\"EntryPoint\",\"urlTemplate\":\"https:\\\/\\\/algarve7.pt\\\/?s={search_term_string}\"},\"query-input\":{\"@type\":\"PropertyValueSpecification\",\"valueRequired\":true,\"valueName\":\"search_term_string\"}}],\"inLanguage\":\"pt-PT\"},{\"@type\":\"Organization\",\"@id\":\"https:\\\/\\\/algarve7.pt\\\/#organization\",\"name\":\"Algarve 7\",\"url\":\"https:\\\/\\\/algarve7.pt\\\/\",\"logo\":{\"@type\":\"ImageObject\",\"inLanguage\":\"pt-PT\",\"@id\":\"https:\\\/\\\/algarve7.pt\\\/#\\\/schema\\\/logo\\\/image\\\/\",\"url\":\"https:\\\/\\\/algarve7.pt\\\/wp-content\\\/uploads\\\/2020\\\/10\\\/Logo-8.jpg\",\"contentUrl\":\"https:\\\/\\\/algarve7.pt\\\/wp-content\\\/uploads\\\/2020\\\/10\\\/Logo-8.jpg\",\"width\":1680,\"height\":1186,\"caption\":\"Algarve 7\"},\"image\":{\"@id\":\"https:\\\/\\\/algarve7.pt\\\/#\\\/schema\\\/logo\\\/image\\\/\"},\"sameAs\":[\"https:\\\/\\\/www.facebook.com\\\/algarve7\",\"https:\\\/\\\/x.com\\\/Algarvesete\",\"https:\\\/\\\/www.instagram.com\\\/jornalalgarve7\\\/\",\"https:\\\/\\\/www.linkedin.com\\\/company\\\/algarve7\",\"https:\\\/\\\/www.pinterest.pt\\\/geral0939\\\/_created\\\/\"]},{\"@type\":\"Person\",\"@id\":\"https:\\\/\\\/algarve7.pt\\\/#\\\/schema\\\/person\\\/23fa70681308e7b319a3204bcea45e0c\",\"name\":\"Algarve 7\",\"sameAs\":[\"https:\\\/\\\/algarve7.pt\",\"https:\\\/\\\/www.facebook.com\\\/algarve7\"],\"url\":\"https:\\\/\\\/algarve7.pt\\\/index.php\\\/author\\\/geralalgarve7-pt\\\/\"}]}<\/script>\n<!-- \/ Yoast SEO plugin. -->","yoast_head_json":{"title":"Confer\u00eancia no arquivo aborda viol\u00eancia em Loul\u00e9 durante os s\u00e9culos XVI e XVII - Algarve 7","description":"Confer\u00eancia no arquivo aborda viol\u00eancia em Loul\u00e9 durante os s\u00e9culos XVI e XVII Cultura","robots":{"index":"index","follow":"follow","max-snippet":"max-snippet:-1","max-image-preview":"max-image-preview:large","max-video-preview":"max-video-preview:-1"},"canonical":"https:\/\/algarve7.pt\/index.php\/2023\/10\/conferencia-no-arquivo-aborda-violencia-em-loule-durante-os-seculos-xvi-e-xvii\/cultura\/09\/19\/","og_locale":"pt_PT","og_type":"article","og_title":"Confer\u00eancia no arquivo aborda viol\u00eancia em Loul\u00e9 durante os s\u00e9culos XVI e XVII - Algarve 7","og_description":"Confer\u00eancia no arquivo aborda viol\u00eancia em Loul\u00e9 durante os s\u00e9culos XVI e XVII Cultura","og_url":"https:\/\/algarve7.pt\/index.php\/2023\/10\/conferencia-no-arquivo-aborda-violencia-em-loule-durante-os-seculos-xvi-e-xvii\/cultura\/09\/19\/","og_site_name":"Algarve 7","article_publisher":"https:\/\/www.facebook.com\/algarve7","article_author":"https:\/\/www.facebook.com\/algarve7","article_published_time":"2023-10-13T08:19:00+00:00","og_image":[{"width":1024,"height":532,"url":"https:\/\/algarve7.pt\/wp-content\/uploads\/2023\/10\/Cartaz_conferencia2.jpg","type":"image\/jpeg"}],"author":"Algarve 7","twitter_card":"summary_large_image","twitter_creator":"@Algarvesete","twitter_site":"@Algarvesete","twitter_misc":{"Escrito por":"Algarve 7","Tempo estimado de leitura":"2 minutos"},"schema":{"@context":"https:\/\/schema.org","@graph":[{"@type":"Article","@id":"https:\/\/algarve7.pt\/index.php\/2023\/10\/conferencia-no-arquivo-aborda-violencia-em-loule-durante-os-seculos-xvi-e-xvii\/cultura\/09\/19\/#article","isPartOf":{"@id":"https:\/\/algarve7.pt\/index.php\/2023\/10\/conferencia-no-arquivo-aborda-violencia-em-loule-durante-os-seculos-xvi-e-xvii\/cultura\/09\/19\/"},"author":{"name":"Algarve 7","@id":"https:\/\/algarve7.pt\/#\/schema\/person\/23fa70681308e7b319a3204bcea45e0c"},"headline":"Confer\u00eancia no arquivo aborda viol\u00eancia em Loul\u00e9 durante os s\u00e9culos XVI e XVII","datePublished":"2023-10-13T08:19:00+00:00","mainEntityOfPage":{"@id":"https:\/\/algarve7.pt\/index.php\/2023\/10\/conferencia-no-arquivo-aborda-violencia-em-loule-durante-os-seculos-xvi-e-xvii\/cultura\/09\/19\/"},"wordCount":226,"publisher":{"@id":"https:\/\/algarve7.pt\/#organization"},"image":{"@id":"https:\/\/algarve7.pt\/index.php\/2023\/10\/conferencia-no-arquivo-aborda-violencia-em-loule-durante-os-seculos-xvi-e-xvii\/cultura\/09\/19\/#primaryimage"},"thumbnailUrl":"https:\/\/algarve7.pt\/wp-content\/uploads\/2023\/10\/Cartaz_conferencia2.jpg","keywords":["Algarve","Cultura","Loul\u00e9"],"articleSection":["Cultura"],"inLanguage":"pt-PT"},{"@type":"WebPage","@id":"https:\/\/algarve7.pt\/index.php\/2023\/10\/conferencia-no-arquivo-aborda-violencia-em-loule-durante-os-seculos-xvi-e-xvii\/cultura\/09\/19\/","url":"https:\/\/algarve7.pt\/index.php\/2023\/10\/conferencia-no-arquivo-aborda-violencia-em-loule-durante-os-seculos-xvi-e-xvii\/cultura\/09\/19\/","name":"Confer\u00eancia no arquivo aborda viol\u00eancia em Loul\u00e9 durante os s\u00e9culos XVI e XVII - Algarve 7","isPartOf":{"@id":"https:\/\/algarve7.pt\/#website"},"primaryImageOfPage":{"@id":"https:\/\/algarve7.pt\/index.php\/2023\/10\/conferencia-no-arquivo-aborda-violencia-em-loule-durante-os-seculos-xvi-e-xvii\/cultura\/09\/19\/#primaryimage"},"image":{"@id":"https:\/\/algarve7.pt\/index.php\/2023\/10\/conferencia-no-arquivo-aborda-violencia-em-loule-durante-os-seculos-xvi-e-xvii\/cultura\/09\/19\/#primaryimage"},"thumbnailUrl":"https:\/\/algarve7.pt\/wp-content\/uploads\/2023\/10\/Cartaz_conferencia2.jpg","datePublished":"2023-10-13T08:19:00+00:00","description":"Confer\u00eancia no arquivo aborda viol\u00eancia em Loul\u00e9 durante os s\u00e9culos XVI e XVII Cultura","breadcrumb":{"@id":"https:\/\/algarve7.pt\/index.php\/2023\/10\/conferencia-no-arquivo-aborda-violencia-em-loule-durante-os-seculos-xvi-e-xvii\/cultura\/09\/19\/#breadcrumb"},"inLanguage":"pt-PT","potentialAction":[{"@type":"ReadAction","target":["https:\/\/algarve7.pt\/index.php\/2023\/10\/conferencia-no-arquivo-aborda-violencia-em-loule-durante-os-seculos-xvi-e-xvii\/cultura\/09\/19\/"]}]},{"@type":"ImageObject","inLanguage":"pt-PT","@id":"https:\/\/algarve7.pt\/index.php\/2023\/10\/conferencia-no-arquivo-aborda-violencia-em-loule-durante-os-seculos-xvi-e-xvii\/cultura\/09\/19\/#primaryimage","url":"https:\/\/algarve7.pt\/wp-content\/uploads\/2023\/10\/Cartaz_conferencia2.jpg","contentUrl":"https:\/\/algarve7.pt\/wp-content\/uploads\/2023\/10\/Cartaz_conferencia2.jpg","width":1024,"height":532},{"@type":"BreadcrumbList","@id":"https:\/\/algarve7.pt\/index.php\/2023\/10\/conferencia-no-arquivo-aborda-violencia-em-loule-durante-os-seculos-xvi-e-xvii\/cultura\/09\/19\/#breadcrumb","itemListElement":[{"@type":"ListItem","position":1,"name":"In\u00edcio","item":"https:\/\/algarve7.pt\/"},{"@type":"ListItem","position":2,"name":"Confer\u00eancia no arquivo aborda viol\u00eancia em Loul\u00e9 durante os s\u00e9culos XVI e XVII"}]},{"@type":"WebSite","@id":"https:\/\/algarve7.pt\/#website","url":"https:\/\/algarve7.pt\/","name":"Algarve 7","description":"Informa\u00e7\u00e3o sobre o Algarve","publisher":{"@id":"https:\/\/algarve7.pt\/#organization"},"potentialAction":[{"@type":"SearchAction","target":{"@type":"EntryPoint","urlTemplate":"https:\/\/algarve7.pt\/?s={search_term_string}"},"query-input":{"@type":"PropertyValueSpecification","valueRequired":true,"valueName":"search_term_string"}}],"inLanguage":"pt-PT"},{"@type":"Organization","@id":"https:\/\/algarve7.pt\/#organization","name":"Algarve 7","url":"https:\/\/algarve7.pt\/","logo":{"@type":"ImageObject","inLanguage":"pt-PT","@id":"https:\/\/algarve7.pt\/#\/schema\/logo\/image\/","url":"https:\/\/algarve7.pt\/wp-content\/uploads\/2020\/10\/Logo-8.jpg","contentUrl":"https:\/\/algarve7.pt\/wp-content\/uploads\/2020\/10\/Logo-8.jpg","width":1680,"height":1186,"caption":"Algarve 7"},"image":{"@id":"https:\/\/algarve7.pt\/#\/schema\/logo\/image\/"},"sameAs":["https:\/\/www.facebook.com\/algarve7","https:\/\/x.com\/Algarvesete","https:\/\/www.instagram.com\/jornalalgarve7\/","https:\/\/www.linkedin.com\/company\/algarve7","https:\/\/www.pinterest.pt\/geral0939\/_created\/"]},{"@type":"Person","@id":"https:\/\/algarve7.pt\/#\/schema\/person\/23fa70681308e7b319a3204bcea45e0c","name":"Algarve 7","sameAs":["https:\/\/algarve7.pt","https:\/\/www.facebook.com\/algarve7"],"url":"https:\/\/algarve7.pt\/index.php\/author\/geralalgarve7-pt\/"}]}},"jetpack_publicize_connections":[],"jetpack_featured_media_url":"https:\/\/algarve7.pt\/wp-content\/uploads\/2023\/10\/Cartaz_conferencia2.jpg","jetpack_shortlink":"https:\/\/wp.me\/pcezmW-8ho","jetpack_sharing_enabled":true,"_links":{"self":[{"href":"https:\/\/algarve7.pt\/index.php\/wp-json\/wp\/v2\/posts\/31830","targetHints":{"allow":["GET"]}}],"collection":[{"href":"https:\/\/algarve7.pt\/index.php\/wp-json\/wp\/v2\/posts"}],"about":[{"href":"https:\/\/algarve7.pt\/index.php\/wp-json\/wp\/v2\/types\/post"}],"author":[{"embeddable":true,"href":"https:\/\/algarve7.pt\/index.php\/wp-json\/wp\/v2\/users\/1"}],"replies":[{"embeddable":true,"href":"https:\/\/algarve7.pt\/index.php\/wp-json\/wp\/v2\/comments?post=31830"}],"version-history":[{"count":0,"href":"https:\/\/algarve7.pt\/index.php\/wp-json\/wp\/v2\/posts\/31830\/revisions"}],"wp:featuredmedia":[{"embeddable":true,"href":"https:\/\/algarve7.pt\/index.php\/wp-json\/wp\/v2\/media\/31831"}],"wp:attachment":[{"href":"https:\/\/algarve7.pt\/index.php\/wp-json\/wp\/v2\/media?parent=31830"}],"wp:term":[{"taxonomy":"category","embeddable":true,"href":"https:\/\/algarve7.pt\/index.php\/wp-json\/wp\/v2\/categories?post=31830"},{"taxonomy":"post_tag","embeddable":true,"href":"https:\/\/algarve7.pt\/index.php\/wp-json\/wp\/v2\/tags?post=31830"}],"curies":[{"name":"wp","href":"https:\/\/api.w.org\/{rel}","templated":true}]}}