{"id":31826,"date":"2023-10-12T16:00:13","date_gmt":"2023-10-12T15:00:13","guid":{"rendered":"https:\/\/algarve7.pt\/?p=31826"},"modified":"2023-10-12T16:00:16","modified_gmt":"2023-10-12T15:00:16","slug":"conclusoes-do-icomia-world-marinas-conference-em-vilamoura","status":"publish","type":"post","link":"https:\/\/algarve7.pt\/index.php\/2023\/10\/conclusoes-do-icomia-world-marinas-conference-em-vilamoura\/atualidade\/16\/00\/","title":{"rendered":"Conclus\u00f5es do ICOMIA World Marinas Conference em Vilamoura"},"content":{"rendered":"\n<p>A Confer\u00eancia Mundial de Marinas do<strong>&nbsp;International Council of Marine Industry (ICOMIA)<\/strong>, realizada no Centro de Congressos do Algarve, na Marina de Vilamoura, terminou ontem \u00e0 noite e est\u00e1 a ser considerada um enorme sucesso.<\/p>\n\n\n\n<p>Organizado pela Associa\u00e7\u00e3o Portuguesa de Portos de Recreio (APPR), o evento de tr\u00eas dias contou com a participa\u00e7\u00e3o de mais de 350 delegados da comunidade internacional do sector n\u00e1utico e incluiu oradores, reuni\u00f5es, debates e f\u00f3runs relacionados com as melhores pr\u00e1ticas no mundo das marinas.<\/p>\n\n\n\n<p>Os oradores abordaram temas muito variados, desde a cultura, a economia e o marketing at\u00e9 aos conselhos de interesse comercial espec\u00edfico sobre quest\u00f5es como o financiamento, as comunica\u00e7\u00f5es, a regulamenta\u00e7\u00e3o e a fiscalidade.&nbsp;<\/p>\n\n\n\n<p>Nuno Madeira, do Turismo de Portugal, sublinhou o forte crescimento que se tem verificado na ind\u00fastria do turismo em Portugal, destacando as grandes oportunidades de investimento no pa\u00eds, incluindo no sector n\u00e1utico.<\/p>\n\n\n\n<p>A tecnologia dispon\u00edvel para tornar as opera\u00e7\u00f5es das marinas mais eficientes e, ao mesmo tempo, proporcionar uma melhor experi\u00eancia ao cliente, foi um dos principais temas abordados. O conceito de Smart Marinas foi amplamente discutido, com a conclus\u00e3o de que, embora a tecnologia seja um grande facilitador, n\u00e3o substitui as pessoas que proporcionam experi\u00eancias excecionais aos clientes.<\/p>\n\n\n\n<p>A segunda \u00e1rea de foco foi sobre como as inova\u00e7\u00f5es em tecnologia e sustentabilidade est\u00e3o a ajudar a impulsionar o crescimento e a preservar a ind\u00fastria. A interven\u00e7\u00e3o final da confer\u00eancia, feita por Richard Bush, reconhecido especialista australiano na \u00e1rea do ambiente e sustentabilidade, apresentou uma vis\u00e3o perspicaz dos desenvolvimentos no Mar Vermelho e, em particular, dos planos ambiciosos da NEOM para construir um ecossistema de marinas do futuro, completamente sustent\u00e1vel e sem qualquer impedimento de infraestruturas ou formas de trabalho j\u00e1 ultrapassadas.&nbsp;<\/p>\n\n\n\n<p>Para finalizar, o Presidente do ICOMIA, Darren Vaux, foi incumbido do desafio de resumir os tr\u00eas dias da confer\u00eancia, condensando 72 apresenta\u00e7\u00f5es e grupos de discuss\u00e3o, tr\u00eas visitas a marinas e uma envolvente atividade social.<\/p>\n\n\n\n<p>As conclus\u00f5es apontam para a import\u00e2ncia da tecnologia, essencial para melhorar a experi\u00eancia do cliente, bem como da capacidade de adapta\u00e7\u00e3o, uma faceta fundamental \u00e0 medida que avan\u00e7amos para o futuro. Por fim, a import\u00e2ncia da sustentabilidade e dos objetivos sustent\u00e1veis. \u201cA perce\u00e7\u00e3o sobre as marinas tem de mudar: n\u00e3o basta tentar ser mais sustent\u00e1vel, temos de ser totalmente sustent\u00e1veis\u201d, concluiu Darren Vaux.<\/p>\n\n\n\n<p>No encerramento, os organizadores da confer\u00eancia, Isolete Correia, da APPR, e Martinho Fortunato, da Marina de Lagos, agradeceram a presen\u00e7a dos delegados, provenientes de mais de quarenta pa\u00edses de todos os continentes<\/p>\n\n\n\n<p>Martinho Fortunato sublinhou a necessidade da mudan\u00e7a rumo \u00e0 sustentabilidade, afirmando \u201co oceano \u00e9 o nosso mundo e est\u00e1 em risco. Vamos contribuir para um melhor oceano\u201d.<\/p>\n\n\n\n<p>No final, passaram o testemunho a Veneza, onde se realizar\u00e1 a pr\u00f3xima Confer\u00eancia Mundial de Marinas, em 2025.<\/p>\n","protected":false},"excerpt":{"rendered":"<p>A Confer\u00eancia Mundial de Marinas do&nbsp;International Council of Marine Industry (ICOMIA), realizada no Centro de Congressos do Algarve, na Marina<\/p>\n","protected":false},"author":1,"featured_media":31827,"comment_status":"closed","ping_status":"open","sticky":false,"template":"","format":"standard","meta":{"colormag_page_container_layout":"default_layout","colormag_page_sidebar_layout":"default_layout","_monsterinsights_skip_tracking":false,"_monsterinsights_sitenote_active":false,"_monsterinsights_sitenote_note":"","_monsterinsights_sitenote_category":0,"jetpack_post_was_ever_published":false,"_jetpack_newsletter_access":"","_jetpack_dont_email_post_to_subs":false,"_jetpack_newsletter_tier_id":0,"_jetpack_memberships_contains_paywalled_content":false,"_jetpack_memberships_contains_paid_content":false,"footnotes":"","jetpack_publicize_message":"","jetpack_publicize_feature_enabled":true,"jetpack_social_post_already_shared":true,"jetpack_social_options":{"image_generator_settings":{"template":"highway","default_image_id":0,"font":"","enabled":false},"version":2}},"categories":[11],"tags":[36,62,31,121],"class_list":["post-31826","post","type-post","status-publish","format-standard","has-post-thumbnail","hentry","category-atualidade","tag-algarve","tag-atualidade","tag-loule","tag-vilamoura"],"yoast_head":"<!-- This site is optimized with the Yoast SEO plugin v27.5 - https:\/\/yoast.com\/product\/yoast-seo-wordpress\/ -->\n<title>Conclus\u00f5es do ICOMIA World Marinas Conference em Vilamoura - Algarve 7<\/title>\n<meta name=\"description\" content=\"Conclus\u00f5es do ICOMIA World Marinas Conference em Vilamoura Atualidade\" \/>\n<meta name=\"robots\" content=\"index, follow, max-snippet:-1, max-image-preview:large, max-video-preview:-1\" \/>\n<link rel=\"canonical\" href=\"https:\/\/algarve7.pt\/index.php\/2023\/10\/conclusoes-do-icomia-world-marinas-conference-em-vilamoura\/atualidade\/16\/00\/\" \/>\n<meta property=\"og:locale\" content=\"pt_PT\" \/>\n<meta property=\"og:type\" content=\"article\" \/>\n<meta property=\"og:title\" content=\"Conclus\u00f5es do ICOMIA World Marinas Conference em Vilamoura - Algarve 7\" \/>\n<meta property=\"og:description\" content=\"Conclus\u00f5es do ICOMIA World Marinas Conference em Vilamoura Atualidade\" \/>\n<meta property=\"og:url\" content=\"https:\/\/algarve7.pt\/index.php\/2023\/10\/conclusoes-do-icomia-world-marinas-conference-em-vilamoura\/atualidade\/16\/00\/\" \/>\n<meta property=\"og:site_name\" content=\"Algarve 7\" \/>\n<meta property=\"article:publisher\" content=\"https:\/\/www.facebook.com\/algarve7\" \/>\n<meta property=\"article:author\" content=\"https:\/\/www.facebook.com\/algarve7\" \/>\n<meta property=\"article:published_time\" content=\"2023-10-12T15:00:13+00:00\" \/>\n<meta property=\"article:modified_time\" content=\"2023-10-12T15:00:16+00:00\" \/>\n<meta property=\"og:image\" content=\"https:\/\/algarve7.pt\/wp-content\/uploads\/2023\/10\/DIA-1-ICOMIA.jpg\" \/>\n\t<meta property=\"og:image:width\" content=\"1000\" \/>\n\t<meta property=\"og:image:height\" content=\"551\" \/>\n\t<meta property=\"og:image:type\" content=\"image\/jpeg\" \/>\n<meta name=\"author\" content=\"Algarve 7\" \/>\n<meta name=\"twitter:card\" content=\"summary_large_image\" \/>\n<meta name=\"twitter:creator\" content=\"@Algarvesete\" \/>\n<meta name=\"twitter:site\" content=\"@Algarvesete\" \/>\n<meta name=\"twitter:label1\" content=\"Escrito por\" \/>\n\t<meta name=\"twitter:data1\" content=\"Algarve 7\" \/>\n\t<meta name=\"twitter:label2\" content=\"Tempo estimado de leitura\" \/>\n\t<meta name=\"twitter:data2\" content=\"3 minutos\" \/>\n<script type=\"application\/ld+json\" class=\"yoast-schema-graph\">{\"@context\":\"https:\\\/\\\/schema.org\",\"@graph\":[{\"@type\":\"Article\",\"@id\":\"https:\\\/\\\/algarve7.pt\\\/index.php\\\/2023\\\/10\\\/conclusoes-do-icomia-world-marinas-conference-em-vilamoura\\\/atualidade\\\/16\\\/00\\\/#article\",\"isPartOf\":{\"@id\":\"https:\\\/\\\/algarve7.pt\\\/index.php\\\/2023\\\/10\\\/conclusoes-do-icomia-world-marinas-conference-em-vilamoura\\\/atualidade\\\/16\\\/00\\\/\"},\"author\":{\"name\":\"Algarve 7\",\"@id\":\"https:\\\/\\\/algarve7.pt\\\/#\\\/schema\\\/person\\\/23fa70681308e7b319a3204bcea45e0c\"},\"headline\":\"Conclus\u00f5es do ICOMIA World Marinas Conference em Vilamoura\",\"datePublished\":\"2023-10-12T15:00:13+00:00\",\"dateModified\":\"2023-10-12T15:00:16+00:00\",\"mainEntityOfPage\":{\"@id\":\"https:\\\/\\\/algarve7.pt\\\/index.php\\\/2023\\\/10\\\/conclusoes-do-icomia-world-marinas-conference-em-vilamoura\\\/atualidade\\\/16\\\/00\\\/\"},\"wordCount\":515,\"publisher\":{\"@id\":\"https:\\\/\\\/algarve7.pt\\\/#organization\"},\"image\":{\"@id\":\"https:\\\/\\\/algarve7.pt\\\/index.php\\\/2023\\\/10\\\/conclusoes-do-icomia-world-marinas-conference-em-vilamoura\\\/atualidade\\\/16\\\/00\\\/#primaryimage\"},\"thumbnailUrl\":\"https:\\\/\\\/algarve7.pt\\\/wp-content\\\/uploads\\\/2023\\\/10\\\/DIA-1-ICOMIA.jpg\",\"keywords\":[\"Algarve\",\"Atualidade\",\"Loul\u00e9\",\"Vilamoura\"],\"articleSection\":[\"Atualidade\"],\"inLanguage\":\"pt-PT\"},{\"@type\":\"WebPage\",\"@id\":\"https:\\\/\\\/algarve7.pt\\\/index.php\\\/2023\\\/10\\\/conclusoes-do-icomia-world-marinas-conference-em-vilamoura\\\/atualidade\\\/16\\\/00\\\/\",\"url\":\"https:\\\/\\\/algarve7.pt\\\/index.php\\\/2023\\\/10\\\/conclusoes-do-icomia-world-marinas-conference-em-vilamoura\\\/atualidade\\\/16\\\/00\\\/\",\"name\":\"Conclus\u00f5es do ICOMIA World Marinas Conference em Vilamoura - Algarve 7\",\"isPartOf\":{\"@id\":\"https:\\\/\\\/algarve7.pt\\\/#website\"},\"primaryImageOfPage\":{\"@id\":\"https:\\\/\\\/algarve7.pt\\\/index.php\\\/2023\\\/10\\\/conclusoes-do-icomia-world-marinas-conference-em-vilamoura\\\/atualidade\\\/16\\\/00\\\/#primaryimage\"},\"image\":{\"@id\":\"https:\\\/\\\/algarve7.pt\\\/index.php\\\/2023\\\/10\\\/conclusoes-do-icomia-world-marinas-conference-em-vilamoura\\\/atualidade\\\/16\\\/00\\\/#primaryimage\"},\"thumbnailUrl\":\"https:\\\/\\\/algarve7.pt\\\/wp-content\\\/uploads\\\/2023\\\/10\\\/DIA-1-ICOMIA.jpg\",\"datePublished\":\"2023-10-12T15:00:13+00:00\",\"dateModified\":\"2023-10-12T15:00:16+00:00\",\"description\":\"Conclus\u00f5es do ICOMIA World Marinas Conference em Vilamoura Atualidade\",\"breadcrumb\":{\"@id\":\"https:\\\/\\\/algarve7.pt\\\/index.php\\\/2023\\\/10\\\/conclusoes-do-icomia-world-marinas-conference-em-vilamoura\\\/atualidade\\\/16\\\/00\\\/#breadcrumb\"},\"inLanguage\":\"pt-PT\",\"potentialAction\":[{\"@type\":\"ReadAction\",\"target\":[\"https:\\\/\\\/algarve7.pt\\\/index.php\\\/2023\\\/10\\\/conclusoes-do-icomia-world-marinas-conference-em-vilamoura\\\/atualidade\\\/16\\\/00\\\/\"]}]},{\"@type\":\"ImageObject\",\"inLanguage\":\"pt-PT\",\"@id\":\"https:\\\/\\\/algarve7.pt\\\/index.php\\\/2023\\\/10\\\/conclusoes-do-icomia-world-marinas-conference-em-vilamoura\\\/atualidade\\\/16\\\/00\\\/#primaryimage\",\"url\":\"https:\\\/\\\/algarve7.pt\\\/wp-content\\\/uploads\\\/2023\\\/10\\\/DIA-1-ICOMIA.jpg\",\"contentUrl\":\"https:\\\/\\\/algarve7.pt\\\/wp-content\\\/uploads\\\/2023\\\/10\\\/DIA-1-ICOMIA.jpg\",\"width\":1000,\"height\":551},{\"@type\":\"BreadcrumbList\",\"@id\":\"https:\\\/\\\/algarve7.pt\\\/index.php\\\/2023\\\/10\\\/conclusoes-do-icomia-world-marinas-conference-em-vilamoura\\\/atualidade\\\/16\\\/00\\\/#breadcrumb\",\"itemListElement\":[{\"@type\":\"ListItem\",\"position\":1,\"name\":\"In\u00edcio\",\"item\":\"https:\\\/\\\/algarve7.pt\\\/\"},{\"@type\":\"ListItem\",\"position\":2,\"name\":\"Conclus\u00f5es do ICOMIA World Marinas Conference em Vilamoura\"}]},{\"@type\":\"WebSite\",\"@id\":\"https:\\\/\\\/algarve7.pt\\\/#website\",\"url\":\"https:\\\/\\\/algarve7.pt\\\/\",\"name\":\"Algarve 7\",\"description\":\"Informa\u00e7\u00e3o sobre o Algarve\",\"publisher\":{\"@id\":\"https:\\\/\\\/algarve7.pt\\\/#organization\"},\"potentialAction\":[{\"@type\":\"SearchAction\",\"target\":{\"@type\":\"EntryPoint\",\"urlTemplate\":\"https:\\\/\\\/algarve7.pt\\\/?s={search_term_string}\"},\"query-input\":{\"@type\":\"PropertyValueSpecification\",\"valueRequired\":true,\"valueName\":\"search_term_string\"}}],\"inLanguage\":\"pt-PT\"},{\"@type\":\"Organization\",\"@id\":\"https:\\\/\\\/algarve7.pt\\\/#organization\",\"name\":\"Algarve 7\",\"url\":\"https:\\\/\\\/algarve7.pt\\\/\",\"logo\":{\"@type\":\"ImageObject\",\"inLanguage\":\"pt-PT\",\"@id\":\"https:\\\/\\\/algarve7.pt\\\/#\\\/schema\\\/logo\\\/image\\\/\",\"url\":\"https:\\\/\\\/algarve7.pt\\\/wp-content\\\/uploads\\\/2020\\\/10\\\/Logo-8.jpg\",\"contentUrl\":\"https:\\\/\\\/algarve7.pt\\\/wp-content\\\/uploads\\\/2020\\\/10\\\/Logo-8.jpg\",\"width\":1680,\"height\":1186,\"caption\":\"Algarve 7\"},\"image\":{\"@id\":\"https:\\\/\\\/algarve7.pt\\\/#\\\/schema\\\/logo\\\/image\\\/\"},\"sameAs\":[\"https:\\\/\\\/www.facebook.com\\\/algarve7\",\"https:\\\/\\\/x.com\\\/Algarvesete\",\"https:\\\/\\\/www.instagram.com\\\/jornalalgarve7\\\/\",\"https:\\\/\\\/www.linkedin.com\\\/company\\\/algarve7\",\"https:\\\/\\\/www.pinterest.pt\\\/geral0939\\\/_created\\\/\"]},{\"@type\":\"Person\",\"@id\":\"https:\\\/\\\/algarve7.pt\\\/#\\\/schema\\\/person\\\/23fa70681308e7b319a3204bcea45e0c\",\"name\":\"Algarve 7\",\"sameAs\":[\"https:\\\/\\\/algarve7.pt\",\"https:\\\/\\\/www.facebook.com\\\/algarve7\"],\"url\":\"https:\\\/\\\/algarve7.pt\\\/index.php\\\/author\\\/geralalgarve7-pt\\\/\"}]}<\/script>\n<!-- \/ Yoast SEO plugin. -->","yoast_head_json":{"title":"Conclus\u00f5es do ICOMIA World Marinas Conference em Vilamoura - Algarve 7","description":"Conclus\u00f5es do ICOMIA World Marinas Conference em Vilamoura Atualidade","robots":{"index":"index","follow":"follow","max-snippet":"max-snippet:-1","max-image-preview":"max-image-preview:large","max-video-preview":"max-video-preview:-1"},"canonical":"https:\/\/algarve7.pt\/index.php\/2023\/10\/conclusoes-do-icomia-world-marinas-conference-em-vilamoura\/atualidade\/16\/00\/","og_locale":"pt_PT","og_type":"article","og_title":"Conclus\u00f5es do ICOMIA World Marinas Conference em Vilamoura - Algarve 7","og_description":"Conclus\u00f5es do ICOMIA World Marinas Conference em Vilamoura Atualidade","og_url":"https:\/\/algarve7.pt\/index.php\/2023\/10\/conclusoes-do-icomia-world-marinas-conference-em-vilamoura\/atualidade\/16\/00\/","og_site_name":"Algarve 7","article_publisher":"https:\/\/www.facebook.com\/algarve7","article_author":"https:\/\/www.facebook.com\/algarve7","article_published_time":"2023-10-12T15:00:13+00:00","article_modified_time":"2023-10-12T15:00:16+00:00","og_image":[{"width":1000,"height":551,"url":"https:\/\/algarve7.pt\/wp-content\/uploads\/2023\/10\/DIA-1-ICOMIA.jpg","type":"image\/jpeg"}],"author":"Algarve 7","twitter_card":"summary_large_image","twitter_creator":"@Algarvesete","twitter_site":"@Algarvesete","twitter_misc":{"Escrito por":"Algarve 7","Tempo estimado de leitura":"3 minutos"},"schema":{"@context":"https:\/\/schema.org","@graph":[{"@type":"Article","@id":"https:\/\/algarve7.pt\/index.php\/2023\/10\/conclusoes-do-icomia-world-marinas-conference-em-vilamoura\/atualidade\/16\/00\/#article","isPartOf":{"@id":"https:\/\/algarve7.pt\/index.php\/2023\/10\/conclusoes-do-icomia-world-marinas-conference-em-vilamoura\/atualidade\/16\/00\/"},"author":{"name":"Algarve 7","@id":"https:\/\/algarve7.pt\/#\/schema\/person\/23fa70681308e7b319a3204bcea45e0c"},"headline":"Conclus\u00f5es do ICOMIA World Marinas Conference em Vilamoura","datePublished":"2023-10-12T15:00:13+00:00","dateModified":"2023-10-12T15:00:16+00:00","mainEntityOfPage":{"@id":"https:\/\/algarve7.pt\/index.php\/2023\/10\/conclusoes-do-icomia-world-marinas-conference-em-vilamoura\/atualidade\/16\/00\/"},"wordCount":515,"publisher":{"@id":"https:\/\/algarve7.pt\/#organization"},"image":{"@id":"https:\/\/algarve7.pt\/index.php\/2023\/10\/conclusoes-do-icomia-world-marinas-conference-em-vilamoura\/atualidade\/16\/00\/#primaryimage"},"thumbnailUrl":"https:\/\/algarve7.pt\/wp-content\/uploads\/2023\/10\/DIA-1-ICOMIA.jpg","keywords":["Algarve","Atualidade","Loul\u00e9","Vilamoura"],"articleSection":["Atualidade"],"inLanguage":"pt-PT"},{"@type":"WebPage","@id":"https:\/\/algarve7.pt\/index.php\/2023\/10\/conclusoes-do-icomia-world-marinas-conference-em-vilamoura\/atualidade\/16\/00\/","url":"https:\/\/algarve7.pt\/index.php\/2023\/10\/conclusoes-do-icomia-world-marinas-conference-em-vilamoura\/atualidade\/16\/00\/","name":"Conclus\u00f5es do ICOMIA World Marinas Conference em Vilamoura - Algarve 7","isPartOf":{"@id":"https:\/\/algarve7.pt\/#website"},"primaryImageOfPage":{"@id":"https:\/\/algarve7.pt\/index.php\/2023\/10\/conclusoes-do-icomia-world-marinas-conference-em-vilamoura\/atualidade\/16\/00\/#primaryimage"},"image":{"@id":"https:\/\/algarve7.pt\/index.php\/2023\/10\/conclusoes-do-icomia-world-marinas-conference-em-vilamoura\/atualidade\/16\/00\/#primaryimage"},"thumbnailUrl":"https:\/\/algarve7.pt\/wp-content\/uploads\/2023\/10\/DIA-1-ICOMIA.jpg","datePublished":"2023-10-12T15:00:13+00:00","dateModified":"2023-10-12T15:00:16+00:00","description":"Conclus\u00f5es do ICOMIA World Marinas Conference em Vilamoura Atualidade","breadcrumb":{"@id":"https:\/\/algarve7.pt\/index.php\/2023\/10\/conclusoes-do-icomia-world-marinas-conference-em-vilamoura\/atualidade\/16\/00\/#breadcrumb"},"inLanguage":"pt-PT","potentialAction":[{"@type":"ReadAction","target":["https:\/\/algarve7.pt\/index.php\/2023\/10\/conclusoes-do-icomia-world-marinas-conference-em-vilamoura\/atualidade\/16\/00\/"]}]},{"@type":"ImageObject","inLanguage":"pt-PT","@id":"https:\/\/algarve7.pt\/index.php\/2023\/10\/conclusoes-do-icomia-world-marinas-conference-em-vilamoura\/atualidade\/16\/00\/#primaryimage","url":"https:\/\/algarve7.pt\/wp-content\/uploads\/2023\/10\/DIA-1-ICOMIA.jpg","contentUrl":"https:\/\/algarve7.pt\/wp-content\/uploads\/2023\/10\/DIA-1-ICOMIA.jpg","width":1000,"height":551},{"@type":"BreadcrumbList","@id":"https:\/\/algarve7.pt\/index.php\/2023\/10\/conclusoes-do-icomia-world-marinas-conference-em-vilamoura\/atualidade\/16\/00\/#breadcrumb","itemListElement":[{"@type":"ListItem","position":1,"name":"In\u00edcio","item":"https:\/\/algarve7.pt\/"},{"@type":"ListItem","position":2,"name":"Conclus\u00f5es do ICOMIA World Marinas Conference em Vilamoura"}]},{"@type":"WebSite","@id":"https:\/\/algarve7.pt\/#website","url":"https:\/\/algarve7.pt\/","name":"Algarve 7","description":"Informa\u00e7\u00e3o sobre o Algarve","publisher":{"@id":"https:\/\/algarve7.pt\/#organization"},"potentialAction":[{"@type":"SearchAction","target":{"@type":"EntryPoint","urlTemplate":"https:\/\/algarve7.pt\/?s={search_term_string}"},"query-input":{"@type":"PropertyValueSpecification","valueRequired":true,"valueName":"search_term_string"}}],"inLanguage":"pt-PT"},{"@type":"Organization","@id":"https:\/\/algarve7.pt\/#organization","name":"Algarve 7","url":"https:\/\/algarve7.pt\/","logo":{"@type":"ImageObject","inLanguage":"pt-PT","@id":"https:\/\/algarve7.pt\/#\/schema\/logo\/image\/","url":"https:\/\/algarve7.pt\/wp-content\/uploads\/2020\/10\/Logo-8.jpg","contentUrl":"https:\/\/algarve7.pt\/wp-content\/uploads\/2020\/10\/Logo-8.jpg","width":1680,"height":1186,"caption":"Algarve 7"},"image":{"@id":"https:\/\/algarve7.pt\/#\/schema\/logo\/image\/"},"sameAs":["https:\/\/www.facebook.com\/algarve7","https:\/\/x.com\/Algarvesete","https:\/\/www.instagram.com\/jornalalgarve7\/","https:\/\/www.linkedin.com\/company\/algarve7","https:\/\/www.pinterest.pt\/geral0939\/_created\/"]},{"@type":"Person","@id":"https:\/\/algarve7.pt\/#\/schema\/person\/23fa70681308e7b319a3204bcea45e0c","name":"Algarve 7","sameAs":["https:\/\/algarve7.pt","https:\/\/www.facebook.com\/algarve7"],"url":"https:\/\/algarve7.pt\/index.php\/author\/geralalgarve7-pt\/"}]}},"jetpack_publicize_connections":[],"jetpack_featured_media_url":"https:\/\/algarve7.pt\/wp-content\/uploads\/2023\/10\/DIA-1-ICOMIA.jpg","jetpack_shortlink":"https:\/\/wp.me\/pcezmW-8hk","jetpack_sharing_enabled":true,"_links":{"self":[{"href":"https:\/\/algarve7.pt\/index.php\/wp-json\/wp\/v2\/posts\/31826","targetHints":{"allow":["GET"]}}],"collection":[{"href":"https:\/\/algarve7.pt\/index.php\/wp-json\/wp\/v2\/posts"}],"about":[{"href":"https:\/\/algarve7.pt\/index.php\/wp-json\/wp\/v2\/types\/post"}],"author":[{"embeddable":true,"href":"https:\/\/algarve7.pt\/index.php\/wp-json\/wp\/v2\/users\/1"}],"replies":[{"embeddable":true,"href":"https:\/\/algarve7.pt\/index.php\/wp-json\/wp\/v2\/comments?post=31826"}],"version-history":[{"count":0,"href":"https:\/\/algarve7.pt\/index.php\/wp-json\/wp\/v2\/posts\/31826\/revisions"}],"wp:featuredmedia":[{"embeddable":true,"href":"https:\/\/algarve7.pt\/index.php\/wp-json\/wp\/v2\/media\/31827"}],"wp:attachment":[{"href":"https:\/\/algarve7.pt\/index.php\/wp-json\/wp\/v2\/media?parent=31826"}],"wp:term":[{"taxonomy":"category","embeddable":true,"href":"https:\/\/algarve7.pt\/index.php\/wp-json\/wp\/v2\/categories?post=31826"},{"taxonomy":"post_tag","embeddable":true,"href":"https:\/\/algarve7.pt\/index.php\/wp-json\/wp\/v2\/tags?post=31826"}],"curies":[{"name":"wp","href":"https:\/\/api.w.org\/{rel}","templated":true}]}}