{"id":31810,"date":"2023-10-12T14:41:46","date_gmt":"2023-10-12T13:41:46","guid":{"rendered":"https:\/\/algarve7.pt\/?p=31810"},"modified":"2023-10-12T14:41:49","modified_gmt":"2023-10-12T13:41:49","slug":"drap-algarve-organiza-sessao-comemorativa-do-dia-mundial-da-alimentacao-agua-e-vida-agua-e-alimento-3","status":"publish","type":"post","link":"https:\/\/algarve7.pt\/index.php\/2023\/10\/drap-algarve-organiza-sessao-comemorativa-do-dia-mundial-da-alimentacao-agua-e-vida-agua-e-alimento-3\/ambiente\/14\/41\/","title":{"rendered":"DRAP Algarve organiza Sess\u00e3o comemorativa do\u00a0Dia Mundial da Alimenta\u00e7\u00e3o:\u00a0\u201c\u00c1gua \u00e9 vida, \u00c1gua \u00e9 Alimento.\u201d"},"content":{"rendered":"\n<p>O&nbsp;<strong>Dia Mundial da Alimenta\u00e7\u00e3o<\/strong>&nbsp;celebra-se todos os anos,&nbsp;desde 1981, a&nbsp;<strong>16 de outubro.&nbsp;<\/strong>Este dia corresponde tamb\u00e9m \u00e0 funda\u00e7\u00e3o da Organiza\u00e7\u00e3o das Na\u00e7\u00f5es Unidas para Alimenta\u00e7\u00e3o e Agricultura (FAO), em 1945.<\/p>\n\n\n\n<p><strong>\u00c1gua \u00e9 vida, \u00e1gua \u00e9 alimento. N\u00e3o deixar ningu\u00e9m para tr\u00e1s,&nbsp;<\/strong>\u00e9 o tema de 2023 e o mote para esta sess\u00e3o comemorativa que incide na import\u00e2ncia da \u00e1gua como base da vida e da alimenta\u00e7\u00e3o, sensibilizando os mais e menos jovens para a import\u00e2ncia de gerir a \u00e1gua de forma respons\u00e1vel, porque a disponibilidade deste precioso recurso est\u00e1 gravemente amea\u00e7ada. Altera\u00e7\u00f5es clim\u00e1ticas, escassez, seca, s\u00e3o termos\/fen\u00f3menos\/factos infelizmente cada vez mais recorrentes. \u00c9 essencial n\u00e3o ver&nbsp;a \u00e1gua como garantida e come\u00e7ar a melhorar a forma&nbsp;como a usamos nas&nbsp;nossas vidas quotidianas e na produ\u00e7\u00e3o de alimentos. O que comemos e como esse alimento \u00e9 produzido afetam a quantidade e qualidade da \u00e1gua. Podemos fazer a diferen\u00e7a optando por padr\u00f5es e sistemas alimentares assentes nos princ\u00edpios da Dieta Mediterr\u00e2nica, reduzindo o desperd\u00edcio de alimentos e encontrando formas&nbsp;seguras de reutiliz\u00e1-los, evitando a polui\u00e7\u00e3o da \u00e1gua. Mas tamb\u00e9m sendo mais eficientes e racionais no uso deste recurso cada vez mais escasso, combatendo as perdas e os usos sup\u00e9rfluos, procurando origens alternativas e aplicando os princ\u00edpios da economia circular ao ciclo da \u00e1gua. \u00c9 um desafio intergeracional, que a todos convoca e para o qual ningu\u00e9m deve ficar alheado ou deixado para tr\u00e1s.&nbsp;&nbsp;<\/p>\n\n\n\n<p><strong>A sess\u00e3o organizada pela DRAP Algarve, conjuntamente com a Universidade do Algarve (UAlg) e a Associa\u00e7\u00e3o Acad\u00e9mica da UAlg, e a colabora\u00e7\u00e3o da Dire\u00e7\u00e3o de Servi\u00e7os da Regi\u00e3o Algarve da DGEstE, decorre no per\u00edodo da tarde do dia 16 de outubro, no Anfiteatro 1.5 no Campus da Penha da UAlg.<\/strong><\/p>\n\n\n\n<p>A import\u00e2ncia da \u00e1gua para a produ\u00e7\u00e3o de alimentos e para a vida, a situa\u00e7\u00e3o atual das reservas h\u00eddricas na regi\u00e3o do Algarve, a avalia\u00e7\u00e3o do estado da arte em mat\u00e9ria de mitiga\u00e7\u00e3o e adapta\u00e7\u00e3o, os desafios futuros e o modo como os mais jovens encaram e prop\u00f5em medidas para uma gest\u00e3o mais sustent\u00e1vel dos recursos h\u00eddricos, ser\u00e3o alguns dos temas abordados ao longo desta sess\u00e3o, que conta com a participa\u00e7\u00e3o de oradores de diversas entidades como INIAV, ISE e curso de Diet\u00e9tica e Nutri\u00e7\u00e3o da UAlg, APA-ARH de Algarve, Faculdade de Ci\u00eancias da Nutri\u00e7\u00e3o e Alimenta\u00e7\u00e3o da Universidade do Porto,&nbsp; Air-Centre e Agrupamentos de Escolas Jo\u00e3o de Deus e Tom\u00e1s Cabreira de Faro.<\/p>\n\n\n\n<p>No final da sess\u00e3o, haver\u00e1 um debate em torno desta sens\u00edvel tem\u00e1tica, principais amea\u00e7as e desafios para a nossa seguran\u00e7a alimentar, os nossos ecossistemas e o nosso bem-estar, bem como poss\u00edveis solu\u00e7\u00f5es em dire\u00e7\u00e3o a uma maior resili\u00eancia, envolvendo representantes dos estudantes da UAlg e das escolas secund\u00e1rias do Algarve e respons\u00e1veis de entidades regionais como a CCDR Algarve, AMAL, DRAP Algarve e \u00c1guas do Algarve, seguindo-se uma mostra de produtos regionais t\u00edpicos da Dieta Mediterr\u00e2nica.<\/p>\n\n\n\n<p><strong>A sess\u00e3o ser\u00e1 aberta ao p\u00fablico em geral e de participa\u00e7\u00e3o gratuita, sendo obrigat\u00f3ria a inscri\u00e7\u00e3o.<\/strong><\/p>\n\n\n\n<p><strong>Consulte o\u00a0<a href=\"https:\/\/www.drapalgarve.gov.pt\/images\/destaques\/16_outubro_-_programa.pdf\" target=\"_blank\" rel=\"noreferrer noopener\">Programa<\/a>\u00a0e Inscreva-se\u00a0<\/strong><a href=\"https:\/\/docs.google.com\/forms\/d\/e\/1FAIpQLSflvzauOKWcZj7-HV7aCdQyxgGhMbTH7RpZdRSkWofUil-xDQ\/viewform\" target=\"_blank\" rel=\"noreferrer noopener\"><strong>AQUI<\/strong><\/a><strong>\u00a0<\/strong><\/p>\n","protected":false},"excerpt":{"rendered":"<p>O&nbsp;Dia Mundial da Alimenta\u00e7\u00e3o&nbsp;celebra-se todos os anos,&nbsp;desde 1981, a&nbsp;16 de outubro.&nbsp;Este dia corresponde tamb\u00e9m \u00e0 funda\u00e7\u00e3o da Organiza\u00e7\u00e3o das Na\u00e7\u00f5es<\/p>\n","protected":false},"author":1,"featured_media":31811,"comment_status":"closed","ping_status":"open","sticky":false,"template":"","format":"standard","meta":{"colormag_page_container_layout":"default_layout","colormag_page_sidebar_layout":"default_layout","_monsterinsights_skip_tracking":false,"_monsterinsights_sitenote_active":false,"_monsterinsights_sitenote_note":"","_monsterinsights_sitenote_category":0,"jetpack_post_was_ever_published":false,"_jetpack_newsletter_access":"","_jetpack_dont_email_post_to_subs":false,"_jetpack_newsletter_tier_id":0,"_jetpack_memberships_contains_paywalled_content":false,"_jetpack_memberships_contains_paid_content":false,"footnotes":"","jetpack_publicize_message":"","jetpack_publicize_feature_enabled":true,"jetpack_social_post_already_shared":true,"jetpack_social_options":{"image_generator_settings":{"template":"highway","default_image_id":0,"font":"","enabled":false},"version":2}},"categories":[5],"tags":[36,32,156],"class_list":["post-31810","post","type-post","status-publish","format-standard","has-post-thumbnail","hentry","category-ambiente","tag-algarve","tag-ambiente","tag-drap"],"yoast_head":"<!-- This site is optimized with the Yoast SEO plugin v27.5 - https:\/\/yoast.com\/product\/yoast-seo-wordpress\/ -->\n<title>DRAP Algarve organiza Sess\u00e3o comemorativa do\u00a0Dia Mundial da Alimenta\u00e7\u00e3o:\u00a0\u201c\u00c1gua \u00e9 vida, \u00c1gua \u00e9 Alimento.\u201d - Algarve 7<\/title>\n<meta name=\"description\" content=\"DRAP Algarve organiza Sess\u00e3o comemorativa do\u00a0Dia Mundial da Alimenta\u00e7\u00e3o:\u00a0\u201c\u00c1gua \u00e9 vida, \u00c1gua \u00e9 Alimento.\u201d Ambiente\" \/>\n<meta name=\"robots\" content=\"index, follow, max-snippet:-1, max-image-preview:large, max-video-preview:-1\" \/>\n<link rel=\"canonical\" href=\"https:\/\/algarve7.pt\/index.php\/2023\/10\/drap-algarve-organiza-sessao-comemorativa-do-dia-mundial-da-alimentacao-agua-e-vida-agua-e-alimento-3\/ambiente\/14\/41\/\" \/>\n<meta property=\"og:locale\" content=\"pt_PT\" \/>\n<meta property=\"og:type\" content=\"article\" \/>\n<meta property=\"og:title\" content=\"DRAP Algarve organiza Sess\u00e3o comemorativa do\u00a0Dia Mundial da Alimenta\u00e7\u00e3o:\u00a0\u201c\u00c1gua \u00e9 vida, \u00c1gua \u00e9 Alimento.\u201d - Algarve 7\" \/>\n<meta property=\"og:description\" content=\"DRAP Algarve organiza Sess\u00e3o comemorativa do\u00a0Dia Mundial da Alimenta\u00e7\u00e3o:\u00a0\u201c\u00c1gua \u00e9 vida, \u00c1gua \u00e9 Alimento.\u201d Ambiente\" \/>\n<meta property=\"og:url\" content=\"https:\/\/algarve7.pt\/index.php\/2023\/10\/drap-algarve-organiza-sessao-comemorativa-do-dia-mundial-da-alimentacao-agua-e-vida-agua-e-alimento-3\/ambiente\/14\/41\/\" \/>\n<meta property=\"og:site_name\" content=\"Algarve 7\" \/>\n<meta property=\"article:publisher\" content=\"https:\/\/www.facebook.com\/algarve7\" \/>\n<meta property=\"article:author\" content=\"https:\/\/www.facebook.com\/algarve7\" \/>\n<meta property=\"article:published_time\" content=\"2023-10-12T13:41:46+00:00\" \/>\n<meta property=\"article:modified_time\" content=\"2023-10-12T13:41:49+00:00\" \/>\n<meta property=\"og:image\" content=\"https:\/\/algarve7.pt\/wp-content\/uploads\/2023\/10\/Captura-de-ecra-2023-10-12-as-14.39.26.png\" \/>\n\t<meta property=\"og:image:width\" content=\"948\" \/>\n\t<meta property=\"og:image:height\" content=\"790\" \/>\n\t<meta property=\"og:image:type\" content=\"image\/png\" \/>\n<meta name=\"author\" content=\"Algarve 7\" \/>\n<meta name=\"twitter:card\" content=\"summary_large_image\" \/>\n<meta name=\"twitter:creator\" content=\"@Algarvesete\" \/>\n<meta name=\"twitter:site\" content=\"@Algarvesete\" \/>\n<meta name=\"twitter:label1\" content=\"Escrito por\" \/>\n\t<meta name=\"twitter:data1\" content=\"Algarve 7\" \/>\n\t<meta name=\"twitter:label2\" content=\"Tempo estimado de leitura\" \/>\n\t<meta name=\"twitter:data2\" content=\"3 minutos\" \/>\n<script type=\"application\/ld+json\" class=\"yoast-schema-graph\">{\"@context\":\"https:\\\/\\\/schema.org\",\"@graph\":[{\"@type\":\"Article\",\"@id\":\"https:\\\/\\\/algarve7.pt\\\/index.php\\\/2023\\\/10\\\/drap-algarve-organiza-sessao-comemorativa-do-dia-mundial-da-alimentacao-agua-e-vida-agua-e-alimento-3\\\/ambiente\\\/14\\\/41\\\/#article\",\"isPartOf\":{\"@id\":\"https:\\\/\\\/algarve7.pt\\\/index.php\\\/2023\\\/10\\\/drap-algarve-organiza-sessao-comemorativa-do-dia-mundial-da-alimentacao-agua-e-vida-agua-e-alimento-3\\\/ambiente\\\/14\\\/41\\\/\"},\"author\":{\"name\":\"Algarve 7\",\"@id\":\"https:\\\/\\\/algarve7.pt\\\/#\\\/schema\\\/person\\\/23fa70681308e7b319a3204bcea45e0c\"},\"headline\":\"DRAP Algarve organiza Sess\u00e3o comemorativa do\u00a0Dia Mundial da Alimenta\u00e7\u00e3o:\u00a0\u201c\u00c1gua \u00e9 vida, \u00c1gua \u00e9 Alimento.\u201d\",\"datePublished\":\"2023-10-12T13:41:46+00:00\",\"dateModified\":\"2023-10-12T13:41:49+00:00\",\"mainEntityOfPage\":{\"@id\":\"https:\\\/\\\/algarve7.pt\\\/index.php\\\/2023\\\/10\\\/drap-algarve-organiza-sessao-comemorativa-do-dia-mundial-da-alimentacao-agua-e-vida-agua-e-alimento-3\\\/ambiente\\\/14\\\/41\\\/\"},\"wordCount\":598,\"publisher\":{\"@id\":\"https:\\\/\\\/algarve7.pt\\\/#organization\"},\"image\":{\"@id\":\"https:\\\/\\\/algarve7.pt\\\/index.php\\\/2023\\\/10\\\/drap-algarve-organiza-sessao-comemorativa-do-dia-mundial-da-alimentacao-agua-e-vida-agua-e-alimento-3\\\/ambiente\\\/14\\\/41\\\/#primaryimage\"},\"thumbnailUrl\":\"https:\\\/\\\/algarve7.pt\\\/wp-content\\\/uploads\\\/2023\\\/10\\\/Captura-de-ecra-2023-10-12-as-14.39.26.png\",\"keywords\":[\"Algarve\",\"Ambiente\",\"DRAP\"],\"articleSection\":[\"Ambiente\"],\"inLanguage\":\"pt-PT\"},{\"@type\":\"WebPage\",\"@id\":\"https:\\\/\\\/algarve7.pt\\\/index.php\\\/2023\\\/10\\\/drap-algarve-organiza-sessao-comemorativa-do-dia-mundial-da-alimentacao-agua-e-vida-agua-e-alimento-3\\\/ambiente\\\/14\\\/41\\\/\",\"url\":\"https:\\\/\\\/algarve7.pt\\\/index.php\\\/2023\\\/10\\\/drap-algarve-organiza-sessao-comemorativa-do-dia-mundial-da-alimentacao-agua-e-vida-agua-e-alimento-3\\\/ambiente\\\/14\\\/41\\\/\",\"name\":\"DRAP Algarve organiza Sess\u00e3o comemorativa do\u00a0Dia Mundial da Alimenta\u00e7\u00e3o:\u00a0\u201c\u00c1gua \u00e9 vida, \u00c1gua \u00e9 Alimento.\u201d - Algarve 7\",\"isPartOf\":{\"@id\":\"https:\\\/\\\/algarve7.pt\\\/#website\"},\"primaryImageOfPage\":{\"@id\":\"https:\\\/\\\/algarve7.pt\\\/index.php\\\/2023\\\/10\\\/drap-algarve-organiza-sessao-comemorativa-do-dia-mundial-da-alimentacao-agua-e-vida-agua-e-alimento-3\\\/ambiente\\\/14\\\/41\\\/#primaryimage\"},\"image\":{\"@id\":\"https:\\\/\\\/algarve7.pt\\\/index.php\\\/2023\\\/10\\\/drap-algarve-organiza-sessao-comemorativa-do-dia-mundial-da-alimentacao-agua-e-vida-agua-e-alimento-3\\\/ambiente\\\/14\\\/41\\\/#primaryimage\"},\"thumbnailUrl\":\"https:\\\/\\\/algarve7.pt\\\/wp-content\\\/uploads\\\/2023\\\/10\\\/Captura-de-ecra-2023-10-12-as-14.39.26.png\",\"datePublished\":\"2023-10-12T13:41:46+00:00\",\"dateModified\":\"2023-10-12T13:41:49+00:00\",\"description\":\"DRAP Algarve organiza Sess\u00e3o comemorativa do\u00a0Dia Mundial da Alimenta\u00e7\u00e3o:\u00a0\u201c\u00c1gua \u00e9 vida, \u00c1gua \u00e9 Alimento.\u201d Ambiente\",\"breadcrumb\":{\"@id\":\"https:\\\/\\\/algarve7.pt\\\/index.php\\\/2023\\\/10\\\/drap-algarve-organiza-sessao-comemorativa-do-dia-mundial-da-alimentacao-agua-e-vida-agua-e-alimento-3\\\/ambiente\\\/14\\\/41\\\/#breadcrumb\"},\"inLanguage\":\"pt-PT\",\"potentialAction\":[{\"@type\":\"ReadAction\",\"target\":[\"https:\\\/\\\/algarve7.pt\\\/index.php\\\/2023\\\/10\\\/drap-algarve-organiza-sessao-comemorativa-do-dia-mundial-da-alimentacao-agua-e-vida-agua-e-alimento-3\\\/ambiente\\\/14\\\/41\\\/\"]}]},{\"@type\":\"ImageObject\",\"inLanguage\":\"pt-PT\",\"@id\":\"https:\\\/\\\/algarve7.pt\\\/index.php\\\/2023\\\/10\\\/drap-algarve-organiza-sessao-comemorativa-do-dia-mundial-da-alimentacao-agua-e-vida-agua-e-alimento-3\\\/ambiente\\\/14\\\/41\\\/#primaryimage\",\"url\":\"https:\\\/\\\/algarve7.pt\\\/wp-content\\\/uploads\\\/2023\\\/10\\\/Captura-de-ecra-2023-10-12-as-14.39.26.png\",\"contentUrl\":\"https:\\\/\\\/algarve7.pt\\\/wp-content\\\/uploads\\\/2023\\\/10\\\/Captura-de-ecra-2023-10-12-as-14.39.26.png\",\"width\":948,\"height\":790},{\"@type\":\"BreadcrumbList\",\"@id\":\"https:\\\/\\\/algarve7.pt\\\/index.php\\\/2023\\\/10\\\/drap-algarve-organiza-sessao-comemorativa-do-dia-mundial-da-alimentacao-agua-e-vida-agua-e-alimento-3\\\/ambiente\\\/14\\\/41\\\/#breadcrumb\",\"itemListElement\":[{\"@type\":\"ListItem\",\"position\":1,\"name\":\"In\u00edcio\",\"item\":\"https:\\\/\\\/algarve7.pt\\\/\"},{\"@type\":\"ListItem\",\"position\":2,\"name\":\"DRAP Algarve organiza Sess\u00e3o comemorativa do\u00a0Dia Mundial da Alimenta\u00e7\u00e3o:\u00a0\u201c\u00c1gua \u00e9 vida, \u00c1gua \u00e9 Alimento.\u201d\"}]},{\"@type\":\"WebSite\",\"@id\":\"https:\\\/\\\/algarve7.pt\\\/#website\",\"url\":\"https:\\\/\\\/algarve7.pt\\\/\",\"name\":\"Algarve 7\",\"description\":\"Informa\u00e7\u00e3o sobre o Algarve\",\"publisher\":{\"@id\":\"https:\\\/\\\/algarve7.pt\\\/#organization\"},\"potentialAction\":[{\"@type\":\"SearchAction\",\"target\":{\"@type\":\"EntryPoint\",\"urlTemplate\":\"https:\\\/\\\/algarve7.pt\\\/?s={search_term_string}\"},\"query-input\":{\"@type\":\"PropertyValueSpecification\",\"valueRequired\":true,\"valueName\":\"search_term_string\"}}],\"inLanguage\":\"pt-PT\"},{\"@type\":\"Organization\",\"@id\":\"https:\\\/\\\/algarve7.pt\\\/#organization\",\"name\":\"Algarve 7\",\"url\":\"https:\\\/\\\/algarve7.pt\\\/\",\"logo\":{\"@type\":\"ImageObject\",\"inLanguage\":\"pt-PT\",\"@id\":\"https:\\\/\\\/algarve7.pt\\\/#\\\/schema\\\/logo\\\/image\\\/\",\"url\":\"https:\\\/\\\/algarve7.pt\\\/wp-content\\\/uploads\\\/2020\\\/10\\\/Logo-8.jpg\",\"contentUrl\":\"https:\\\/\\\/algarve7.pt\\\/wp-content\\\/uploads\\\/2020\\\/10\\\/Logo-8.jpg\",\"width\":1680,\"height\":1186,\"caption\":\"Algarve 7\"},\"image\":{\"@id\":\"https:\\\/\\\/algarve7.pt\\\/#\\\/schema\\\/logo\\\/image\\\/\"},\"sameAs\":[\"https:\\\/\\\/www.facebook.com\\\/algarve7\",\"https:\\\/\\\/x.com\\\/Algarvesete\",\"https:\\\/\\\/www.instagram.com\\\/jornalalgarve7\\\/\",\"https:\\\/\\\/www.linkedin.com\\\/company\\\/algarve7\",\"https:\\\/\\\/www.pinterest.pt\\\/geral0939\\\/_created\\\/\"]},{\"@type\":\"Person\",\"@id\":\"https:\\\/\\\/algarve7.pt\\\/#\\\/schema\\\/person\\\/23fa70681308e7b319a3204bcea45e0c\",\"name\":\"Algarve 7\",\"sameAs\":[\"https:\\\/\\\/algarve7.pt\",\"https:\\\/\\\/www.facebook.com\\\/algarve7\"],\"url\":\"https:\\\/\\\/algarve7.pt\\\/index.php\\\/author\\\/geralalgarve7-pt\\\/\"}]}<\/script>\n<!-- \/ Yoast SEO plugin. -->","yoast_head_json":{"title":"DRAP Algarve organiza Sess\u00e3o comemorativa do\u00a0Dia Mundial da Alimenta\u00e7\u00e3o:\u00a0\u201c\u00c1gua \u00e9 vida, \u00c1gua \u00e9 Alimento.\u201d - Algarve 7","description":"DRAP Algarve organiza Sess\u00e3o comemorativa do\u00a0Dia Mundial da Alimenta\u00e7\u00e3o:\u00a0\u201c\u00c1gua \u00e9 vida, \u00c1gua \u00e9 Alimento.\u201d Ambiente","robots":{"index":"index","follow":"follow","max-snippet":"max-snippet:-1","max-image-preview":"max-image-preview:large","max-video-preview":"max-video-preview:-1"},"canonical":"https:\/\/algarve7.pt\/index.php\/2023\/10\/drap-algarve-organiza-sessao-comemorativa-do-dia-mundial-da-alimentacao-agua-e-vida-agua-e-alimento-3\/ambiente\/14\/41\/","og_locale":"pt_PT","og_type":"article","og_title":"DRAP Algarve organiza Sess\u00e3o comemorativa do\u00a0Dia Mundial da Alimenta\u00e7\u00e3o:\u00a0\u201c\u00c1gua \u00e9 vida, \u00c1gua \u00e9 Alimento.\u201d - Algarve 7","og_description":"DRAP Algarve organiza Sess\u00e3o comemorativa do\u00a0Dia Mundial da Alimenta\u00e7\u00e3o:\u00a0\u201c\u00c1gua \u00e9 vida, \u00c1gua \u00e9 Alimento.\u201d Ambiente","og_url":"https:\/\/algarve7.pt\/index.php\/2023\/10\/drap-algarve-organiza-sessao-comemorativa-do-dia-mundial-da-alimentacao-agua-e-vida-agua-e-alimento-3\/ambiente\/14\/41\/","og_site_name":"Algarve 7","article_publisher":"https:\/\/www.facebook.com\/algarve7","article_author":"https:\/\/www.facebook.com\/algarve7","article_published_time":"2023-10-12T13:41:46+00:00","article_modified_time":"2023-10-12T13:41:49+00:00","og_image":[{"width":948,"height":790,"url":"https:\/\/algarve7.pt\/wp-content\/uploads\/2023\/10\/Captura-de-ecra-2023-10-12-as-14.39.26.png","type":"image\/png"}],"author":"Algarve 7","twitter_card":"summary_large_image","twitter_creator":"@Algarvesete","twitter_site":"@Algarvesete","twitter_misc":{"Escrito por":"Algarve 7","Tempo estimado de leitura":"3 minutos"},"schema":{"@context":"https:\/\/schema.org","@graph":[{"@type":"Article","@id":"https:\/\/algarve7.pt\/index.php\/2023\/10\/drap-algarve-organiza-sessao-comemorativa-do-dia-mundial-da-alimentacao-agua-e-vida-agua-e-alimento-3\/ambiente\/14\/41\/#article","isPartOf":{"@id":"https:\/\/algarve7.pt\/index.php\/2023\/10\/drap-algarve-organiza-sessao-comemorativa-do-dia-mundial-da-alimentacao-agua-e-vida-agua-e-alimento-3\/ambiente\/14\/41\/"},"author":{"name":"Algarve 7","@id":"https:\/\/algarve7.pt\/#\/schema\/person\/23fa70681308e7b319a3204bcea45e0c"},"headline":"DRAP Algarve organiza Sess\u00e3o comemorativa do\u00a0Dia Mundial da Alimenta\u00e7\u00e3o:\u00a0\u201c\u00c1gua \u00e9 vida, \u00c1gua \u00e9 Alimento.\u201d","datePublished":"2023-10-12T13:41:46+00:00","dateModified":"2023-10-12T13:41:49+00:00","mainEntityOfPage":{"@id":"https:\/\/algarve7.pt\/index.php\/2023\/10\/drap-algarve-organiza-sessao-comemorativa-do-dia-mundial-da-alimentacao-agua-e-vida-agua-e-alimento-3\/ambiente\/14\/41\/"},"wordCount":598,"publisher":{"@id":"https:\/\/algarve7.pt\/#organization"},"image":{"@id":"https:\/\/algarve7.pt\/index.php\/2023\/10\/drap-algarve-organiza-sessao-comemorativa-do-dia-mundial-da-alimentacao-agua-e-vida-agua-e-alimento-3\/ambiente\/14\/41\/#primaryimage"},"thumbnailUrl":"https:\/\/algarve7.pt\/wp-content\/uploads\/2023\/10\/Captura-de-ecra-2023-10-12-as-14.39.26.png","keywords":["Algarve","Ambiente","DRAP"],"articleSection":["Ambiente"],"inLanguage":"pt-PT"},{"@type":"WebPage","@id":"https:\/\/algarve7.pt\/index.php\/2023\/10\/drap-algarve-organiza-sessao-comemorativa-do-dia-mundial-da-alimentacao-agua-e-vida-agua-e-alimento-3\/ambiente\/14\/41\/","url":"https:\/\/algarve7.pt\/index.php\/2023\/10\/drap-algarve-organiza-sessao-comemorativa-do-dia-mundial-da-alimentacao-agua-e-vida-agua-e-alimento-3\/ambiente\/14\/41\/","name":"DRAP Algarve organiza Sess\u00e3o comemorativa do\u00a0Dia Mundial da Alimenta\u00e7\u00e3o:\u00a0\u201c\u00c1gua \u00e9 vida, \u00c1gua \u00e9 Alimento.\u201d - Algarve 7","isPartOf":{"@id":"https:\/\/algarve7.pt\/#website"},"primaryImageOfPage":{"@id":"https:\/\/algarve7.pt\/index.php\/2023\/10\/drap-algarve-organiza-sessao-comemorativa-do-dia-mundial-da-alimentacao-agua-e-vida-agua-e-alimento-3\/ambiente\/14\/41\/#primaryimage"},"image":{"@id":"https:\/\/algarve7.pt\/index.php\/2023\/10\/drap-algarve-organiza-sessao-comemorativa-do-dia-mundial-da-alimentacao-agua-e-vida-agua-e-alimento-3\/ambiente\/14\/41\/#primaryimage"},"thumbnailUrl":"https:\/\/algarve7.pt\/wp-content\/uploads\/2023\/10\/Captura-de-ecra-2023-10-12-as-14.39.26.png","datePublished":"2023-10-12T13:41:46+00:00","dateModified":"2023-10-12T13:41:49+00:00","description":"DRAP Algarve organiza Sess\u00e3o comemorativa do\u00a0Dia Mundial da Alimenta\u00e7\u00e3o:\u00a0\u201c\u00c1gua \u00e9 vida, \u00c1gua \u00e9 Alimento.\u201d Ambiente","breadcrumb":{"@id":"https:\/\/algarve7.pt\/index.php\/2023\/10\/drap-algarve-organiza-sessao-comemorativa-do-dia-mundial-da-alimentacao-agua-e-vida-agua-e-alimento-3\/ambiente\/14\/41\/#breadcrumb"},"inLanguage":"pt-PT","potentialAction":[{"@type":"ReadAction","target":["https:\/\/algarve7.pt\/index.php\/2023\/10\/drap-algarve-organiza-sessao-comemorativa-do-dia-mundial-da-alimentacao-agua-e-vida-agua-e-alimento-3\/ambiente\/14\/41\/"]}]},{"@type":"ImageObject","inLanguage":"pt-PT","@id":"https:\/\/algarve7.pt\/index.php\/2023\/10\/drap-algarve-organiza-sessao-comemorativa-do-dia-mundial-da-alimentacao-agua-e-vida-agua-e-alimento-3\/ambiente\/14\/41\/#primaryimage","url":"https:\/\/algarve7.pt\/wp-content\/uploads\/2023\/10\/Captura-de-ecra-2023-10-12-as-14.39.26.png","contentUrl":"https:\/\/algarve7.pt\/wp-content\/uploads\/2023\/10\/Captura-de-ecra-2023-10-12-as-14.39.26.png","width":948,"height":790},{"@type":"BreadcrumbList","@id":"https:\/\/algarve7.pt\/index.php\/2023\/10\/drap-algarve-organiza-sessao-comemorativa-do-dia-mundial-da-alimentacao-agua-e-vida-agua-e-alimento-3\/ambiente\/14\/41\/#breadcrumb","itemListElement":[{"@type":"ListItem","position":1,"name":"In\u00edcio","item":"https:\/\/algarve7.pt\/"},{"@type":"ListItem","position":2,"name":"DRAP Algarve organiza Sess\u00e3o comemorativa do\u00a0Dia Mundial da Alimenta\u00e7\u00e3o:\u00a0\u201c\u00c1gua \u00e9 vida, \u00c1gua \u00e9 Alimento.\u201d"}]},{"@type":"WebSite","@id":"https:\/\/algarve7.pt\/#website","url":"https:\/\/algarve7.pt\/","name":"Algarve 7","description":"Informa\u00e7\u00e3o sobre o Algarve","publisher":{"@id":"https:\/\/algarve7.pt\/#organization"},"potentialAction":[{"@type":"SearchAction","target":{"@type":"EntryPoint","urlTemplate":"https:\/\/algarve7.pt\/?s={search_term_string}"},"query-input":{"@type":"PropertyValueSpecification","valueRequired":true,"valueName":"search_term_string"}}],"inLanguage":"pt-PT"},{"@type":"Organization","@id":"https:\/\/algarve7.pt\/#organization","name":"Algarve 7","url":"https:\/\/algarve7.pt\/","logo":{"@type":"ImageObject","inLanguage":"pt-PT","@id":"https:\/\/algarve7.pt\/#\/schema\/logo\/image\/","url":"https:\/\/algarve7.pt\/wp-content\/uploads\/2020\/10\/Logo-8.jpg","contentUrl":"https:\/\/algarve7.pt\/wp-content\/uploads\/2020\/10\/Logo-8.jpg","width":1680,"height":1186,"caption":"Algarve 7"},"image":{"@id":"https:\/\/algarve7.pt\/#\/schema\/logo\/image\/"},"sameAs":["https:\/\/www.facebook.com\/algarve7","https:\/\/x.com\/Algarvesete","https:\/\/www.instagram.com\/jornalalgarve7\/","https:\/\/www.linkedin.com\/company\/algarve7","https:\/\/www.pinterest.pt\/geral0939\/_created\/"]},{"@type":"Person","@id":"https:\/\/algarve7.pt\/#\/schema\/person\/23fa70681308e7b319a3204bcea45e0c","name":"Algarve 7","sameAs":["https:\/\/algarve7.pt","https:\/\/www.facebook.com\/algarve7"],"url":"https:\/\/algarve7.pt\/index.php\/author\/geralalgarve7-pt\/"}]}},"jetpack_publicize_connections":[],"jetpack_featured_media_url":"https:\/\/algarve7.pt\/wp-content\/uploads\/2023\/10\/Captura-de-ecra-2023-10-12-as-14.39.26.png","jetpack_shortlink":"https:\/\/wp.me\/pcezmW-8h4","jetpack_sharing_enabled":true,"_links":{"self":[{"href":"https:\/\/algarve7.pt\/index.php\/wp-json\/wp\/v2\/posts\/31810","targetHints":{"allow":["GET"]}}],"collection":[{"href":"https:\/\/algarve7.pt\/index.php\/wp-json\/wp\/v2\/posts"}],"about":[{"href":"https:\/\/algarve7.pt\/index.php\/wp-json\/wp\/v2\/types\/post"}],"author":[{"embeddable":true,"href":"https:\/\/algarve7.pt\/index.php\/wp-json\/wp\/v2\/users\/1"}],"replies":[{"embeddable":true,"href":"https:\/\/algarve7.pt\/index.php\/wp-json\/wp\/v2\/comments?post=31810"}],"version-history":[{"count":0,"href":"https:\/\/algarve7.pt\/index.php\/wp-json\/wp\/v2\/posts\/31810\/revisions"}],"wp:featuredmedia":[{"embeddable":true,"href":"https:\/\/algarve7.pt\/index.php\/wp-json\/wp\/v2\/media\/31811"}],"wp:attachment":[{"href":"https:\/\/algarve7.pt\/index.php\/wp-json\/wp\/v2\/media?parent=31810"}],"wp:term":[{"taxonomy":"category","embeddable":true,"href":"https:\/\/algarve7.pt\/index.php\/wp-json\/wp\/v2\/categories?post=31810"},{"taxonomy":"post_tag","embeddable":true,"href":"https:\/\/algarve7.pt\/index.php\/wp-json\/wp\/v2\/tags?post=31810"}],"curies":[{"name":"wp","href":"https:\/\/api.w.org\/{rel}","templated":true}]}}