{"id":3175,"date":"2020-10-31T14:22:24","date_gmt":"2020-10-31T14:22:24","guid":{"rendered":"https:\/\/algarve7.pt\/?p=3175"},"modified":"2020-10-31T09:27:08","modified_gmt":"2020-10-31T09:27:08","slug":"abertura-ao-publico-do-pontao-pedonal-sobre-a-ribeira-de-aljezur","status":"publish","type":"post","link":"https:\/\/algarve7.pt\/index.php\/2020\/10\/abertura-ao-publico-do-pontao-pedonal-sobre-a-ribeira-de-aljezur\/atualidade\/14\/22\/","title":{"rendered":"Abertura ao p\u00fablico do pont\u00e3o pedonal sobre a ribeira de Aljezur"},"content":{"rendered":"\n<p>Foi conclu\u00edda mais uma importante obra da responsabilidade da autarquia de Aljezur, a obra do Pont\u00e3o Pedonal sobre a Ribeira de Aljezur. O executivo da C\u00e2mara, no dia 29 de outubro, abriu ao p\u00fablico num acto simb\u00f3lico esta infraestrutura. Esta obra \u00e9 de extrema import\u00e2ncia e muito aguardada pela popula\u00e7\u00e3o, que todos os dias atravessam a ponte vi\u00e1ria em Aljezur. Esta nova infraestrutura, que teve um custo de cerca de 200 mil euros, vem assim permitir mais e melhor mobilidade para os pe\u00f5es e acima de tudo, garantir mais e melhor seguran\u00e7a para os mesmos, assim como melhorar a fluidez do tr\u00e2nsito na ponte vi\u00e1ria.<\/p>\n\n\n\n<p>Esta infraestrutura teve obra de constru\u00e7\u00e3o civil, que obrigou \u00e0 realiza\u00e7\u00e3o de duas funda\u00e7\u00f5es nas margens da ribeira, onde assenta o passadi\u00e7o, que tem um v\u00e3o de cerca de 40 metros, constru\u00eddo em metal e com piso de material reciclado. Falta agora, da parte das Infraestruturas de Portugal, avan\u00e7ar com a interven\u00e7\u00e3o na ponte vi\u00e1ria, que \u00e9 necess\u00e1ria para impedir a utiliza\u00e7\u00e3o dos passeios da mesma.<\/p>\n\n\n\n<p>Esta obra, enquadra-se numa s\u00e9rie de investimentos previstos para esta zona ribeirinha, que sofreu obras recentemente conclu\u00eddas, dando mais qualidade a esta \u00e1rea da vila de Aljezur. Foi ainda aprovada recentemente, uma candidatura ao Fundo Ambiental, para uma interven\u00e7\u00e3o ao longo da ribeira de Aljezur.<\/p>\n","protected":false},"excerpt":{"rendered":"<p>Foi conclu\u00edda mais uma importante obra da responsabilidade da autarquia de Aljezur, a obra do Pont\u00e3o Pedonal sobre a Ribeira<\/p>\n","protected":false},"author":1,"featured_media":3176,"comment_status":"closed","ping_status":"open","sticky":false,"template":"","format":"standard","meta":{"colormag_page_container_layout":"default_layout","colormag_page_sidebar_layout":"default_layout","_monsterinsights_skip_tracking":false,"_monsterinsights_sitenote_active":false,"_monsterinsights_sitenote_note":"","_monsterinsights_sitenote_category":0,"jetpack_post_was_ever_published":false,"_jetpack_newsletter_access":"","_jetpack_dont_email_post_to_subs":false,"_jetpack_newsletter_tier_id":0,"_jetpack_memberships_contains_paywalled_content":false,"_jetpack_memberships_contains_paid_content":false,"footnotes":"","jetpack_publicize_message":"","jetpack_publicize_feature_enabled":true,"jetpack_social_post_already_shared":true,"jetpack_social_options":{"image_generator_settings":{"template":"highway","default_image_id":0,"font":"","enabled":false},"version":2}},"categories":[11],"tags":[36,73,62],"class_list":["post-3175","post","type-post","status-publish","format-standard","has-post-thumbnail","hentry","category-atualidade","tag-algarve","tag-aljezur","tag-atualidade"],"yoast_head":"<!-- This site is optimized with the Yoast SEO plugin v27.5 - https:\/\/yoast.com\/product\/yoast-seo-wordpress\/ -->\n<title>Abertura ao p\u00fablico do pont\u00e3o pedonal sobre a ribeira de Aljezur - Algarve 7<\/title>\n<meta name=\"description\" content=\"Abertura ao p\u00fablico do pont\u00e3o pedonal sobre a ribeira de Aljezur\" \/>\n<meta name=\"robots\" content=\"index, follow, max-snippet:-1, max-image-preview:large, max-video-preview:-1\" \/>\n<link rel=\"canonical\" href=\"https:\/\/algarve7.pt\/index.php\/2020\/10\/abertura-ao-publico-do-pontao-pedonal-sobre-a-ribeira-de-aljezur\/atualidade\/14\/22\/\" \/>\n<meta property=\"og:locale\" content=\"pt_PT\" \/>\n<meta property=\"og:type\" content=\"article\" \/>\n<meta property=\"og:title\" content=\"Abertura ao p\u00fablico do pont\u00e3o pedonal sobre a ribeira de Aljezur - Algarve 7\" \/>\n<meta property=\"og:description\" content=\"Abertura ao p\u00fablico do pont\u00e3o pedonal sobre a ribeira de Aljezur\" \/>\n<meta property=\"og:url\" content=\"https:\/\/algarve7.pt\/index.php\/2020\/10\/abertura-ao-publico-do-pontao-pedonal-sobre-a-ribeira-de-aljezur\/atualidade\/14\/22\/\" \/>\n<meta property=\"og:site_name\" content=\"Algarve 7\" \/>\n<meta property=\"article:publisher\" content=\"https:\/\/www.facebook.com\/algarve7\" \/>\n<meta property=\"article:author\" content=\"https:\/\/www.facebook.com\/algarve7\" \/>\n<meta property=\"article:published_time\" content=\"2020-10-31T14:22:24+00:00\" \/>\n<meta property=\"og:image\" content=\"https:\/\/algarve7.pt\/wp-content\/uploads\/2020\/10\/Pontao-Pedonal_m.jpg\" \/>\n\t<meta property=\"og:image:width\" content=\"1452\" \/>\n\t<meta property=\"og:image:height\" content=\"933\" \/>\n\t<meta property=\"og:image:type\" content=\"image\/jpeg\" \/>\n<meta name=\"author\" content=\"Algarve 7\" \/>\n<meta name=\"twitter:card\" content=\"summary_large_image\" \/>\n<meta name=\"twitter:creator\" content=\"@Algarvesete\" \/>\n<meta name=\"twitter:site\" content=\"@Algarvesete\" \/>\n<meta name=\"twitter:label1\" content=\"Escrito por\" \/>\n\t<meta name=\"twitter:data1\" content=\"Algarve 7\" \/>\n\t<meta name=\"twitter:label2\" content=\"Tempo estimado de leitura\" \/>\n\t<meta name=\"twitter:data2\" content=\"1 minuto\" \/>\n<script type=\"application\/ld+json\" class=\"yoast-schema-graph\">{\"@context\":\"https:\\\/\\\/schema.org\",\"@graph\":[{\"@type\":\"Article\",\"@id\":\"https:\\\/\\\/algarve7.pt\\\/index.php\\\/2020\\\/10\\\/abertura-ao-publico-do-pontao-pedonal-sobre-a-ribeira-de-aljezur\\\/atualidade\\\/14\\\/22\\\/#article\",\"isPartOf\":{\"@id\":\"https:\\\/\\\/algarve7.pt\\\/index.php\\\/2020\\\/10\\\/abertura-ao-publico-do-pontao-pedonal-sobre-a-ribeira-de-aljezur\\\/atualidade\\\/14\\\/22\\\/\"},\"author\":{\"name\":\"Algarve 7\",\"@id\":\"https:\\\/\\\/algarve7.pt\\\/#\\\/schema\\\/person\\\/23fa70681308e7b319a3204bcea45e0c\"},\"headline\":\"Abertura ao p\u00fablico do pont\u00e3o pedonal sobre a ribeira de Aljezur\",\"datePublished\":\"2020-10-31T14:22:24+00:00\",\"mainEntityOfPage\":{\"@id\":\"https:\\\/\\\/algarve7.pt\\\/index.php\\\/2020\\\/10\\\/abertura-ao-publico-do-pontao-pedonal-sobre-a-ribeira-de-aljezur\\\/atualidade\\\/14\\\/22\\\/\"},\"wordCount\":249,\"publisher\":{\"@id\":\"https:\\\/\\\/algarve7.pt\\\/#organization\"},\"image\":{\"@id\":\"https:\\\/\\\/algarve7.pt\\\/index.php\\\/2020\\\/10\\\/abertura-ao-publico-do-pontao-pedonal-sobre-a-ribeira-de-aljezur\\\/atualidade\\\/14\\\/22\\\/#primaryimage\"},\"thumbnailUrl\":\"https:\\\/\\\/algarve7.pt\\\/wp-content\\\/uploads\\\/2020\\\/10\\\/Pontao-Pedonal_m.jpg\",\"keywords\":[\"Algarve\",\"Aljezur\",\"Atualidade\"],\"articleSection\":[\"Atualidade\"],\"inLanguage\":\"pt-PT\"},{\"@type\":\"WebPage\",\"@id\":\"https:\\\/\\\/algarve7.pt\\\/index.php\\\/2020\\\/10\\\/abertura-ao-publico-do-pontao-pedonal-sobre-a-ribeira-de-aljezur\\\/atualidade\\\/14\\\/22\\\/\",\"url\":\"https:\\\/\\\/algarve7.pt\\\/index.php\\\/2020\\\/10\\\/abertura-ao-publico-do-pontao-pedonal-sobre-a-ribeira-de-aljezur\\\/atualidade\\\/14\\\/22\\\/\",\"name\":\"Abertura ao p\u00fablico do pont\u00e3o pedonal sobre a ribeira de Aljezur - Algarve 7\",\"isPartOf\":{\"@id\":\"https:\\\/\\\/algarve7.pt\\\/#website\"},\"primaryImageOfPage\":{\"@id\":\"https:\\\/\\\/algarve7.pt\\\/index.php\\\/2020\\\/10\\\/abertura-ao-publico-do-pontao-pedonal-sobre-a-ribeira-de-aljezur\\\/atualidade\\\/14\\\/22\\\/#primaryimage\"},\"image\":{\"@id\":\"https:\\\/\\\/algarve7.pt\\\/index.php\\\/2020\\\/10\\\/abertura-ao-publico-do-pontao-pedonal-sobre-a-ribeira-de-aljezur\\\/atualidade\\\/14\\\/22\\\/#primaryimage\"},\"thumbnailUrl\":\"https:\\\/\\\/algarve7.pt\\\/wp-content\\\/uploads\\\/2020\\\/10\\\/Pontao-Pedonal_m.jpg\",\"datePublished\":\"2020-10-31T14:22:24+00:00\",\"description\":\"Abertura ao p\u00fablico do pont\u00e3o pedonal sobre a ribeira de Aljezur\",\"breadcrumb\":{\"@id\":\"https:\\\/\\\/algarve7.pt\\\/index.php\\\/2020\\\/10\\\/abertura-ao-publico-do-pontao-pedonal-sobre-a-ribeira-de-aljezur\\\/atualidade\\\/14\\\/22\\\/#breadcrumb\"},\"inLanguage\":\"pt-PT\",\"potentialAction\":[{\"@type\":\"ReadAction\",\"target\":[\"https:\\\/\\\/algarve7.pt\\\/index.php\\\/2020\\\/10\\\/abertura-ao-publico-do-pontao-pedonal-sobre-a-ribeira-de-aljezur\\\/atualidade\\\/14\\\/22\\\/\"]}]},{\"@type\":\"ImageObject\",\"inLanguage\":\"pt-PT\",\"@id\":\"https:\\\/\\\/algarve7.pt\\\/index.php\\\/2020\\\/10\\\/abertura-ao-publico-do-pontao-pedonal-sobre-a-ribeira-de-aljezur\\\/atualidade\\\/14\\\/22\\\/#primaryimage\",\"url\":\"https:\\\/\\\/algarve7.pt\\\/wp-content\\\/uploads\\\/2020\\\/10\\\/Pontao-Pedonal_m.jpg\",\"contentUrl\":\"https:\\\/\\\/algarve7.pt\\\/wp-content\\\/uploads\\\/2020\\\/10\\\/Pontao-Pedonal_m.jpg\",\"width\":1452,\"height\":933},{\"@type\":\"BreadcrumbList\",\"@id\":\"https:\\\/\\\/algarve7.pt\\\/index.php\\\/2020\\\/10\\\/abertura-ao-publico-do-pontao-pedonal-sobre-a-ribeira-de-aljezur\\\/atualidade\\\/14\\\/22\\\/#breadcrumb\",\"itemListElement\":[{\"@type\":\"ListItem\",\"position\":1,\"name\":\"In\u00edcio\",\"item\":\"https:\\\/\\\/algarve7.pt\\\/\"},{\"@type\":\"ListItem\",\"position\":2,\"name\":\"Abertura ao p\u00fablico do pont\u00e3o pedonal sobre a ribeira de Aljezur\"}]},{\"@type\":\"WebSite\",\"@id\":\"https:\\\/\\\/algarve7.pt\\\/#website\",\"url\":\"https:\\\/\\\/algarve7.pt\\\/\",\"name\":\"Algarve 7\",\"description\":\"Informa\u00e7\u00e3o sobre o Algarve\",\"publisher\":{\"@id\":\"https:\\\/\\\/algarve7.pt\\\/#organization\"},\"potentialAction\":[{\"@type\":\"SearchAction\",\"target\":{\"@type\":\"EntryPoint\",\"urlTemplate\":\"https:\\\/\\\/algarve7.pt\\\/?s={search_term_string}\"},\"query-input\":{\"@type\":\"PropertyValueSpecification\",\"valueRequired\":true,\"valueName\":\"search_term_string\"}}],\"inLanguage\":\"pt-PT\"},{\"@type\":\"Organization\",\"@id\":\"https:\\\/\\\/algarve7.pt\\\/#organization\",\"name\":\"Algarve 7\",\"url\":\"https:\\\/\\\/algarve7.pt\\\/\",\"logo\":{\"@type\":\"ImageObject\",\"inLanguage\":\"pt-PT\",\"@id\":\"https:\\\/\\\/algarve7.pt\\\/#\\\/schema\\\/logo\\\/image\\\/\",\"url\":\"https:\\\/\\\/algarve7.pt\\\/wp-content\\\/uploads\\\/2020\\\/10\\\/Logo-8.jpg\",\"contentUrl\":\"https:\\\/\\\/algarve7.pt\\\/wp-content\\\/uploads\\\/2020\\\/10\\\/Logo-8.jpg\",\"width\":1680,\"height\":1186,\"caption\":\"Algarve 7\"},\"image\":{\"@id\":\"https:\\\/\\\/algarve7.pt\\\/#\\\/schema\\\/logo\\\/image\\\/\"},\"sameAs\":[\"https:\\\/\\\/www.facebook.com\\\/algarve7\",\"https:\\\/\\\/x.com\\\/Algarvesete\",\"https:\\\/\\\/www.instagram.com\\\/jornalalgarve7\\\/\",\"https:\\\/\\\/www.linkedin.com\\\/company\\\/algarve7\",\"https:\\\/\\\/www.pinterest.pt\\\/geral0939\\\/_created\\\/\"]},{\"@type\":\"Person\",\"@id\":\"https:\\\/\\\/algarve7.pt\\\/#\\\/schema\\\/person\\\/23fa70681308e7b319a3204bcea45e0c\",\"name\":\"Algarve 7\",\"sameAs\":[\"https:\\\/\\\/algarve7.pt\",\"https:\\\/\\\/www.facebook.com\\\/algarve7\"],\"url\":\"https:\\\/\\\/algarve7.pt\\\/index.php\\\/author\\\/geralalgarve7-pt\\\/\"}]}<\/script>\n<!-- \/ Yoast SEO plugin. -->","yoast_head_json":{"title":"Abertura ao p\u00fablico do pont\u00e3o pedonal sobre a ribeira de Aljezur - Algarve 7","description":"Abertura ao p\u00fablico do pont\u00e3o pedonal sobre a ribeira de Aljezur","robots":{"index":"index","follow":"follow","max-snippet":"max-snippet:-1","max-image-preview":"max-image-preview:large","max-video-preview":"max-video-preview:-1"},"canonical":"https:\/\/algarve7.pt\/index.php\/2020\/10\/abertura-ao-publico-do-pontao-pedonal-sobre-a-ribeira-de-aljezur\/atualidade\/14\/22\/","og_locale":"pt_PT","og_type":"article","og_title":"Abertura ao p\u00fablico do pont\u00e3o pedonal sobre a ribeira de Aljezur - Algarve 7","og_description":"Abertura ao p\u00fablico do pont\u00e3o pedonal sobre a ribeira de Aljezur","og_url":"https:\/\/algarve7.pt\/index.php\/2020\/10\/abertura-ao-publico-do-pontao-pedonal-sobre-a-ribeira-de-aljezur\/atualidade\/14\/22\/","og_site_name":"Algarve 7","article_publisher":"https:\/\/www.facebook.com\/algarve7","article_author":"https:\/\/www.facebook.com\/algarve7","article_published_time":"2020-10-31T14:22:24+00:00","og_image":[{"width":1452,"height":933,"url":"https:\/\/algarve7.pt\/wp-content\/uploads\/2020\/10\/Pontao-Pedonal_m.jpg","type":"image\/jpeg"}],"author":"Algarve 7","twitter_card":"summary_large_image","twitter_creator":"@Algarvesete","twitter_site":"@Algarvesete","twitter_misc":{"Escrito por":"Algarve 7","Tempo estimado de leitura":"1 minuto"},"schema":{"@context":"https:\/\/schema.org","@graph":[{"@type":"Article","@id":"https:\/\/algarve7.pt\/index.php\/2020\/10\/abertura-ao-publico-do-pontao-pedonal-sobre-a-ribeira-de-aljezur\/atualidade\/14\/22\/#article","isPartOf":{"@id":"https:\/\/algarve7.pt\/index.php\/2020\/10\/abertura-ao-publico-do-pontao-pedonal-sobre-a-ribeira-de-aljezur\/atualidade\/14\/22\/"},"author":{"name":"Algarve 7","@id":"https:\/\/algarve7.pt\/#\/schema\/person\/23fa70681308e7b319a3204bcea45e0c"},"headline":"Abertura ao p\u00fablico do pont\u00e3o pedonal sobre a ribeira de Aljezur","datePublished":"2020-10-31T14:22:24+00:00","mainEntityOfPage":{"@id":"https:\/\/algarve7.pt\/index.php\/2020\/10\/abertura-ao-publico-do-pontao-pedonal-sobre-a-ribeira-de-aljezur\/atualidade\/14\/22\/"},"wordCount":249,"publisher":{"@id":"https:\/\/algarve7.pt\/#organization"},"image":{"@id":"https:\/\/algarve7.pt\/index.php\/2020\/10\/abertura-ao-publico-do-pontao-pedonal-sobre-a-ribeira-de-aljezur\/atualidade\/14\/22\/#primaryimage"},"thumbnailUrl":"https:\/\/algarve7.pt\/wp-content\/uploads\/2020\/10\/Pontao-Pedonal_m.jpg","keywords":["Algarve","Aljezur","Atualidade"],"articleSection":["Atualidade"],"inLanguage":"pt-PT"},{"@type":"WebPage","@id":"https:\/\/algarve7.pt\/index.php\/2020\/10\/abertura-ao-publico-do-pontao-pedonal-sobre-a-ribeira-de-aljezur\/atualidade\/14\/22\/","url":"https:\/\/algarve7.pt\/index.php\/2020\/10\/abertura-ao-publico-do-pontao-pedonal-sobre-a-ribeira-de-aljezur\/atualidade\/14\/22\/","name":"Abertura ao p\u00fablico do pont\u00e3o pedonal sobre a ribeira de Aljezur - Algarve 7","isPartOf":{"@id":"https:\/\/algarve7.pt\/#website"},"primaryImageOfPage":{"@id":"https:\/\/algarve7.pt\/index.php\/2020\/10\/abertura-ao-publico-do-pontao-pedonal-sobre-a-ribeira-de-aljezur\/atualidade\/14\/22\/#primaryimage"},"image":{"@id":"https:\/\/algarve7.pt\/index.php\/2020\/10\/abertura-ao-publico-do-pontao-pedonal-sobre-a-ribeira-de-aljezur\/atualidade\/14\/22\/#primaryimage"},"thumbnailUrl":"https:\/\/algarve7.pt\/wp-content\/uploads\/2020\/10\/Pontao-Pedonal_m.jpg","datePublished":"2020-10-31T14:22:24+00:00","description":"Abertura ao p\u00fablico do pont\u00e3o pedonal sobre a ribeira de Aljezur","breadcrumb":{"@id":"https:\/\/algarve7.pt\/index.php\/2020\/10\/abertura-ao-publico-do-pontao-pedonal-sobre-a-ribeira-de-aljezur\/atualidade\/14\/22\/#breadcrumb"},"inLanguage":"pt-PT","potentialAction":[{"@type":"ReadAction","target":["https:\/\/algarve7.pt\/index.php\/2020\/10\/abertura-ao-publico-do-pontao-pedonal-sobre-a-ribeira-de-aljezur\/atualidade\/14\/22\/"]}]},{"@type":"ImageObject","inLanguage":"pt-PT","@id":"https:\/\/algarve7.pt\/index.php\/2020\/10\/abertura-ao-publico-do-pontao-pedonal-sobre-a-ribeira-de-aljezur\/atualidade\/14\/22\/#primaryimage","url":"https:\/\/algarve7.pt\/wp-content\/uploads\/2020\/10\/Pontao-Pedonal_m.jpg","contentUrl":"https:\/\/algarve7.pt\/wp-content\/uploads\/2020\/10\/Pontao-Pedonal_m.jpg","width":1452,"height":933},{"@type":"BreadcrumbList","@id":"https:\/\/algarve7.pt\/index.php\/2020\/10\/abertura-ao-publico-do-pontao-pedonal-sobre-a-ribeira-de-aljezur\/atualidade\/14\/22\/#breadcrumb","itemListElement":[{"@type":"ListItem","position":1,"name":"In\u00edcio","item":"https:\/\/algarve7.pt\/"},{"@type":"ListItem","position":2,"name":"Abertura ao p\u00fablico do pont\u00e3o pedonal sobre a ribeira de Aljezur"}]},{"@type":"WebSite","@id":"https:\/\/algarve7.pt\/#website","url":"https:\/\/algarve7.pt\/","name":"Algarve 7","description":"Informa\u00e7\u00e3o sobre o Algarve","publisher":{"@id":"https:\/\/algarve7.pt\/#organization"},"potentialAction":[{"@type":"SearchAction","target":{"@type":"EntryPoint","urlTemplate":"https:\/\/algarve7.pt\/?s={search_term_string}"},"query-input":{"@type":"PropertyValueSpecification","valueRequired":true,"valueName":"search_term_string"}}],"inLanguage":"pt-PT"},{"@type":"Organization","@id":"https:\/\/algarve7.pt\/#organization","name":"Algarve 7","url":"https:\/\/algarve7.pt\/","logo":{"@type":"ImageObject","inLanguage":"pt-PT","@id":"https:\/\/algarve7.pt\/#\/schema\/logo\/image\/","url":"https:\/\/algarve7.pt\/wp-content\/uploads\/2020\/10\/Logo-8.jpg","contentUrl":"https:\/\/algarve7.pt\/wp-content\/uploads\/2020\/10\/Logo-8.jpg","width":1680,"height":1186,"caption":"Algarve 7"},"image":{"@id":"https:\/\/algarve7.pt\/#\/schema\/logo\/image\/"},"sameAs":["https:\/\/www.facebook.com\/algarve7","https:\/\/x.com\/Algarvesete","https:\/\/www.instagram.com\/jornalalgarve7\/","https:\/\/www.linkedin.com\/company\/algarve7","https:\/\/www.pinterest.pt\/geral0939\/_created\/"]},{"@type":"Person","@id":"https:\/\/algarve7.pt\/#\/schema\/person\/23fa70681308e7b319a3204bcea45e0c","name":"Algarve 7","sameAs":["https:\/\/algarve7.pt","https:\/\/www.facebook.com\/algarve7"],"url":"https:\/\/algarve7.pt\/index.php\/author\/geralalgarve7-pt\/"}]}},"jetpack_publicize_connections":[],"jetpack_featured_media_url":"https:\/\/algarve7.pt\/wp-content\/uploads\/2020\/10\/Pontao-Pedonal_m.jpg","jetpack_shortlink":"https:\/\/wp.me\/pcezmW-Pd","jetpack_sharing_enabled":true,"_links":{"self":[{"href":"https:\/\/algarve7.pt\/index.php\/wp-json\/wp\/v2\/posts\/3175","targetHints":{"allow":["GET"]}}],"collection":[{"href":"https:\/\/algarve7.pt\/index.php\/wp-json\/wp\/v2\/posts"}],"about":[{"href":"https:\/\/algarve7.pt\/index.php\/wp-json\/wp\/v2\/types\/post"}],"author":[{"embeddable":true,"href":"https:\/\/algarve7.pt\/index.php\/wp-json\/wp\/v2\/users\/1"}],"replies":[{"embeddable":true,"href":"https:\/\/algarve7.pt\/index.php\/wp-json\/wp\/v2\/comments?post=3175"}],"version-history":[{"count":0,"href":"https:\/\/algarve7.pt\/index.php\/wp-json\/wp\/v2\/posts\/3175\/revisions"}],"wp:featuredmedia":[{"embeddable":true,"href":"https:\/\/algarve7.pt\/index.php\/wp-json\/wp\/v2\/media\/3176"}],"wp:attachment":[{"href":"https:\/\/algarve7.pt\/index.php\/wp-json\/wp\/v2\/media?parent=3175"}],"wp:term":[{"taxonomy":"category","embeddable":true,"href":"https:\/\/algarve7.pt\/index.php\/wp-json\/wp\/v2\/categories?post=3175"},{"taxonomy":"post_tag","embeddable":true,"href":"https:\/\/algarve7.pt\/index.php\/wp-json\/wp\/v2\/tags?post=3175"}],"curies":[{"name":"wp","href":"https:\/\/api.w.org\/{rel}","templated":true}]}}