{"id":3169,"date":"2020-10-31T00:02:45","date_gmt":"2020-10-31T00:02:45","guid":{"rendered":"https:\/\/algarve7.pt\/?p=3169"},"modified":"2020-10-31T00:15:36","modified_gmt":"2020-10-31T00:15:36","slug":"cancelamento-do-live-acustico-a-moda-quarteirense-neste-sabado","status":"publish","type":"post","link":"https:\/\/algarve7.pt\/index.php\/2020\/10\/cancelamento-do-live-acustico-a-moda-quarteirense-neste-sabado\/cultura\/00\/02\/","title":{"rendered":"Cancelamento do Live Ac\u00fastico \u00c0 Moda Quarteirense"},"content":{"rendered":"\n<p>Portugal viveu hoje um dos dias mais negros no contexto da pandemia da Covid-19. O pa\u00eds ultrapassou todos os m\u00e1ximos de novos casos di\u00e1rios atingidos at\u00e9 \u00e0 data, tendo registado 4656 novas infe\u00e7\u00f5es e 40 \u00f3bitos.<\/p>\n\n\n\n<p>Apesar de tudo o Algarve \u00e9, at\u00e9 agora, uma das regi\u00f5es mais poupadas pela pandemia, tendo ainda assim registado mais 57 novos casos e 2 \u00f3bitos.<\/p>\n\n\n\n<p>Desde o in\u00edcio da pandemia que o concelho de Loul\u00e9 tem sido exemplar no combate \u00e0 Covid-19. Apesar dos 10 novos casos que regist\u00e1mos hoje, encontramo-nos muito abaixo da taxa de infe\u00e7\u00e3o da maioria dos munic\u00edpios do pa\u00eds, assim como da regi\u00e3o, considerando o n\u00famero de infetados por habitante.<\/p>\n\n\n\n<p>Todavia, e apesar da grande disparidade existente entre as diversas regi\u00f5es e concelhos do pa\u00eds, n\u00e3o poder\u00edamos dissociar-nos completamente da situa\u00e7\u00e3o geral vivida a n\u00edvel nacional. Surgiram nos \u00faltimos dias no concelho de Loul\u00e9, e nomeadamente na cidade de Quarteira, alguns casos que tiveram como foco de cont\u00e1gio o seio familiar e est\u00e3o neste momento a ter impacto na comunidade escolar em v\u00e1rios estabelecimentos.<\/p>\n\n\n\n<p>\u00c9 do conhecimento de todos que est\u00e1 agendado um concerto do Movimento Sou Quarteira para amanh\u00e3, s\u00e1bado 31 de outubro, no Parque de Estacionamento Gago Coutinho. Este evento surgiu na sequ\u00eancia da inaugura\u00e7\u00e3o a 9 de outubro de uma interven\u00e7\u00e3o de arte urbana realizada por membros do referido grupo de jovens quarteirenses, j\u00e1 l\u00e1 v\u00e3o mais de 3 semanas. Nessa altura, ningu\u00e9m poderia prever o aumento t\u00e3o brusco e repentino de casos de Covid-19, no nosso pa\u00eds. Ao longo dos \u00faltimos dias, diversos t\u00e9cnicos trabalharam intensamente para conseguir levar em diante este projeto de forma a oferecer aos Quarteirenses um momento seguro de entertenimento, de valoriza\u00e7\u00e3o da cultura e da criatividade locais. Todavia, e apesar do evento ter obtido o parecer favor\u00e1vel da Dire\u00e7\u00e3o Regional da Sa\u00fade e da organiza\u00e7\u00e3o ter tra\u00e7ado um rigoroso plano de conting\u00eancia,&nbsp;<strong>a situa\u00e7\u00e3o atualmente vivida no pa\u00eds e no munic\u00edpio levaram a<\/strong>&nbsp;<strong>C\u00e2mara Municipal de Loul\u00e9 a decidir o cancelamento do Live Ac\u00fastico \u00c0 Moda Quarteirense, neste s\u00e1bado.<\/strong><\/p>\n\n\n\n<p>Nestes tempos dif\u00edceis que todos vivemos, cabe \u00e0s entidade locais tomar decis\u00f5es dif\u00edceis para preservar o bem-estar da popula\u00e7\u00e3o.<\/p>\n\n\n\n<p>Assim, o evento ser\u00e1 reagendado para um momento mais prop\u00edcio que requeira menos restri\u00e7\u00f5es e que garanta ainda mais a seguran\u00e7a do p\u00fablico.<\/p>\n\n\n\n<p>Apelamos \u00e0 compreens\u00e3o de todos, assim como \u00e0 uni\u00e3o de toda a comunidade neste momento de crise sanit\u00e1ria.<\/p>\n","protected":false},"excerpt":{"rendered":"<p>Portugal viveu hoje um dos dias mais negros no contexto da pandemia da Covid-19. O pa\u00eds ultrapassou todos os m\u00e1ximos<\/p>\n","protected":false},"author":1,"featured_media":2987,"comment_status":"closed","ping_status":"open","sticky":false,"template":"","format":"standard","meta":{"colormag_page_container_layout":"default_layout","colormag_page_sidebar_layout":"default_layout","_monsterinsights_skip_tracking":false,"_monsterinsights_sitenote_active":false,"_monsterinsights_sitenote_note":"","_monsterinsights_sitenote_category":0,"jetpack_post_was_ever_published":false,"_jetpack_newsletter_access":"","_jetpack_dont_email_post_to_subs":false,"_jetpack_newsletter_tier_id":0,"_jetpack_memberships_contains_paywalled_content":false,"_jetpack_memberships_contains_paid_content":false,"footnotes":"","jetpack_publicize_message":"","jetpack_publicize_feature_enabled":true,"jetpack_social_post_already_shared":true,"jetpack_social_options":{"image_generator_settings":{"template":"highway","default_image_id":0,"font":"","enabled":false},"version":2}},"categories":[14],"tags":[36,52,35,112],"class_list":["post-3169","post","type-post","status-publish","format-standard","has-post-thumbnail","hentry","category-cultura","tag-algarve","tag-concerto","tag-cultura","tag-quarteira"],"yoast_head":"<!-- This site is optimized with the Yoast SEO plugin v27.5 - https:\/\/yoast.com\/product\/yoast-seo-wordpress\/ -->\n<title>Cancelamento do Live Ac\u00fastico \u00c0 Moda Quarteirense - Algarve 7<\/title>\n<meta name=\"description\" content=\"Cancelamento do Live Ac\u00fastico \u00c0 Moda Quarteirense Cultura\" \/>\n<meta name=\"robots\" content=\"index, follow, max-snippet:-1, max-image-preview:large, max-video-preview:-1\" \/>\n<link rel=\"canonical\" href=\"https:\/\/algarve7.pt\/index.php\/2020\/10\/cancelamento-do-live-acustico-a-moda-quarteirense-neste-sabado\/cultura\/00\/02\/\" \/>\n<meta property=\"og:locale\" content=\"pt_PT\" \/>\n<meta property=\"og:type\" content=\"article\" \/>\n<meta property=\"og:title\" content=\"Cancelamento do Live Ac\u00fastico \u00c0 Moda Quarteirense - Algarve 7\" \/>\n<meta property=\"og:description\" content=\"Cancelamento do Live Ac\u00fastico \u00c0 Moda Quarteirense Cultura\" \/>\n<meta property=\"og:url\" content=\"https:\/\/algarve7.pt\/index.php\/2020\/10\/cancelamento-do-live-acustico-a-moda-quarteirense-neste-sabado\/cultura\/00\/02\/\" \/>\n<meta property=\"og:site_name\" content=\"Algarve 7\" \/>\n<meta property=\"article:publisher\" content=\"https:\/\/www.facebook.com\/algarve7\" \/>\n<meta property=\"article:author\" content=\"https:\/\/www.facebook.com\/algarve7\" \/>\n<meta property=\"article:published_time\" content=\"2020-10-31T00:02:45+00:00\" \/>\n<meta property=\"article:modified_time\" content=\"2020-10-31T00:15:36+00:00\" \/>\n<meta property=\"og:image\" content=\"https:\/\/algarve7.pt\/wp-content\/uploads\/2020\/10\/Live-Acustico-A-Moda-Quarteirense-e1603784014394.png\" \/>\n\t<meta property=\"og:image:width\" content=\"1050\" \/>\n\t<meta property=\"og:image:height\" content=\"839\" \/>\n\t<meta property=\"og:image:type\" content=\"image\/png\" \/>\n<meta name=\"author\" content=\"Algarve 7\" \/>\n<meta name=\"twitter:card\" content=\"summary_large_image\" \/>\n<meta name=\"twitter:creator\" content=\"@Algarvesete\" \/>\n<meta name=\"twitter:site\" content=\"@Algarvesete\" \/>\n<meta name=\"twitter:label1\" content=\"Escrito por\" \/>\n\t<meta name=\"twitter:data1\" content=\"Algarve 7\" \/>\n\t<meta name=\"twitter:label2\" content=\"Tempo estimado de leitura\" \/>\n\t<meta name=\"twitter:data2\" content=\"2 minutos\" \/>\n<script type=\"application\/ld+json\" class=\"yoast-schema-graph\">{\"@context\":\"https:\\\/\\\/schema.org\",\"@graph\":[{\"@type\":\"Article\",\"@id\":\"https:\\\/\\\/algarve7.pt\\\/index.php\\\/2020\\\/10\\\/cancelamento-do-live-acustico-a-moda-quarteirense-neste-sabado\\\/cultura\\\/00\\\/02\\\/#article\",\"isPartOf\":{\"@id\":\"https:\\\/\\\/algarve7.pt\\\/index.php\\\/2020\\\/10\\\/cancelamento-do-live-acustico-a-moda-quarteirense-neste-sabado\\\/cultura\\\/00\\\/02\\\/\"},\"author\":{\"name\":\"Algarve 7\",\"@id\":\"https:\\\/\\\/algarve7.pt\\\/#\\\/schema\\\/person\\\/23fa70681308e7b319a3204bcea45e0c\"},\"headline\":\"Cancelamento do Live Ac\u00fastico \u00c0 Moda Quarteirense\",\"datePublished\":\"2020-10-31T00:02:45+00:00\",\"dateModified\":\"2020-10-31T00:15:36+00:00\",\"mainEntityOfPage\":{\"@id\":\"https:\\\/\\\/algarve7.pt\\\/index.php\\\/2020\\\/10\\\/cancelamento-do-live-acustico-a-moda-quarteirense-neste-sabado\\\/cultura\\\/00\\\/02\\\/\"},\"wordCount\":447,\"publisher\":{\"@id\":\"https:\\\/\\\/algarve7.pt\\\/#organization\"},\"image\":{\"@id\":\"https:\\\/\\\/algarve7.pt\\\/index.php\\\/2020\\\/10\\\/cancelamento-do-live-acustico-a-moda-quarteirense-neste-sabado\\\/cultura\\\/00\\\/02\\\/#primaryimage\"},\"thumbnailUrl\":\"https:\\\/\\\/algarve7.pt\\\/wp-content\\\/uploads\\\/2020\\\/10\\\/Live-Acustico-A-Moda-Quarteirense-e1603784014394.png\",\"keywords\":[\"Algarve\",\"Concerto\",\"Cultura\",\"Quarteira\"],\"articleSection\":[\"Cultura\"],\"inLanguage\":\"pt-PT\"},{\"@type\":\"WebPage\",\"@id\":\"https:\\\/\\\/algarve7.pt\\\/index.php\\\/2020\\\/10\\\/cancelamento-do-live-acustico-a-moda-quarteirense-neste-sabado\\\/cultura\\\/00\\\/02\\\/\",\"url\":\"https:\\\/\\\/algarve7.pt\\\/index.php\\\/2020\\\/10\\\/cancelamento-do-live-acustico-a-moda-quarteirense-neste-sabado\\\/cultura\\\/00\\\/02\\\/\",\"name\":\"Cancelamento do Live Ac\u00fastico \u00c0 Moda Quarteirense - Algarve 7\",\"isPartOf\":{\"@id\":\"https:\\\/\\\/algarve7.pt\\\/#website\"},\"primaryImageOfPage\":{\"@id\":\"https:\\\/\\\/algarve7.pt\\\/index.php\\\/2020\\\/10\\\/cancelamento-do-live-acustico-a-moda-quarteirense-neste-sabado\\\/cultura\\\/00\\\/02\\\/#primaryimage\"},\"image\":{\"@id\":\"https:\\\/\\\/algarve7.pt\\\/index.php\\\/2020\\\/10\\\/cancelamento-do-live-acustico-a-moda-quarteirense-neste-sabado\\\/cultura\\\/00\\\/02\\\/#primaryimage\"},\"thumbnailUrl\":\"https:\\\/\\\/algarve7.pt\\\/wp-content\\\/uploads\\\/2020\\\/10\\\/Live-Acustico-A-Moda-Quarteirense-e1603784014394.png\",\"datePublished\":\"2020-10-31T00:02:45+00:00\",\"dateModified\":\"2020-10-31T00:15:36+00:00\",\"description\":\"Cancelamento do Live Ac\u00fastico \u00c0 Moda Quarteirense Cultura\",\"breadcrumb\":{\"@id\":\"https:\\\/\\\/algarve7.pt\\\/index.php\\\/2020\\\/10\\\/cancelamento-do-live-acustico-a-moda-quarteirense-neste-sabado\\\/cultura\\\/00\\\/02\\\/#breadcrumb\"},\"inLanguage\":\"pt-PT\",\"potentialAction\":[{\"@type\":\"ReadAction\",\"target\":[\"https:\\\/\\\/algarve7.pt\\\/index.php\\\/2020\\\/10\\\/cancelamento-do-live-acustico-a-moda-quarteirense-neste-sabado\\\/cultura\\\/00\\\/02\\\/\"]}]},{\"@type\":\"ImageObject\",\"inLanguage\":\"pt-PT\",\"@id\":\"https:\\\/\\\/algarve7.pt\\\/index.php\\\/2020\\\/10\\\/cancelamento-do-live-acustico-a-moda-quarteirense-neste-sabado\\\/cultura\\\/00\\\/02\\\/#primaryimage\",\"url\":\"https:\\\/\\\/algarve7.pt\\\/wp-content\\\/uploads\\\/2020\\\/10\\\/Live-Acustico-A-Moda-Quarteirense-e1603784014394.png\",\"contentUrl\":\"https:\\\/\\\/algarve7.pt\\\/wp-content\\\/uploads\\\/2020\\\/10\\\/Live-Acustico-A-Moda-Quarteirense-e1603784014394.png\",\"width\":1050,\"height\":839},{\"@type\":\"BreadcrumbList\",\"@id\":\"https:\\\/\\\/algarve7.pt\\\/index.php\\\/2020\\\/10\\\/cancelamento-do-live-acustico-a-moda-quarteirense-neste-sabado\\\/cultura\\\/00\\\/02\\\/#breadcrumb\",\"itemListElement\":[{\"@type\":\"ListItem\",\"position\":1,\"name\":\"In\u00edcio\",\"item\":\"https:\\\/\\\/algarve7.pt\\\/\"},{\"@type\":\"ListItem\",\"position\":2,\"name\":\"Cancelamento do Live Ac\u00fastico \u00c0 Moda Quarteirense\"}]},{\"@type\":\"WebSite\",\"@id\":\"https:\\\/\\\/algarve7.pt\\\/#website\",\"url\":\"https:\\\/\\\/algarve7.pt\\\/\",\"name\":\"Algarve 7\",\"description\":\"Informa\u00e7\u00e3o sobre o Algarve\",\"publisher\":{\"@id\":\"https:\\\/\\\/algarve7.pt\\\/#organization\"},\"potentialAction\":[{\"@type\":\"SearchAction\",\"target\":{\"@type\":\"EntryPoint\",\"urlTemplate\":\"https:\\\/\\\/algarve7.pt\\\/?s={search_term_string}\"},\"query-input\":{\"@type\":\"PropertyValueSpecification\",\"valueRequired\":true,\"valueName\":\"search_term_string\"}}],\"inLanguage\":\"pt-PT\"},{\"@type\":\"Organization\",\"@id\":\"https:\\\/\\\/algarve7.pt\\\/#organization\",\"name\":\"Algarve 7\",\"url\":\"https:\\\/\\\/algarve7.pt\\\/\",\"logo\":{\"@type\":\"ImageObject\",\"inLanguage\":\"pt-PT\",\"@id\":\"https:\\\/\\\/algarve7.pt\\\/#\\\/schema\\\/logo\\\/image\\\/\",\"url\":\"https:\\\/\\\/algarve7.pt\\\/wp-content\\\/uploads\\\/2020\\\/10\\\/Logo-8.jpg\",\"contentUrl\":\"https:\\\/\\\/algarve7.pt\\\/wp-content\\\/uploads\\\/2020\\\/10\\\/Logo-8.jpg\",\"width\":1680,\"height\":1186,\"caption\":\"Algarve 7\"},\"image\":{\"@id\":\"https:\\\/\\\/algarve7.pt\\\/#\\\/schema\\\/logo\\\/image\\\/\"},\"sameAs\":[\"https:\\\/\\\/www.facebook.com\\\/algarve7\",\"https:\\\/\\\/x.com\\\/Algarvesete\",\"https:\\\/\\\/www.instagram.com\\\/jornalalgarve7\\\/\",\"https:\\\/\\\/www.linkedin.com\\\/company\\\/algarve7\",\"https:\\\/\\\/www.pinterest.pt\\\/geral0939\\\/_created\\\/\"]},{\"@type\":\"Person\",\"@id\":\"https:\\\/\\\/algarve7.pt\\\/#\\\/schema\\\/person\\\/23fa70681308e7b319a3204bcea45e0c\",\"name\":\"Algarve 7\",\"sameAs\":[\"https:\\\/\\\/algarve7.pt\",\"https:\\\/\\\/www.facebook.com\\\/algarve7\"],\"url\":\"https:\\\/\\\/algarve7.pt\\\/index.php\\\/author\\\/geralalgarve7-pt\\\/\"}]}<\/script>\n<!-- \/ Yoast SEO plugin. -->","yoast_head_json":{"title":"Cancelamento do Live Ac\u00fastico \u00c0 Moda Quarteirense - Algarve 7","description":"Cancelamento do Live Ac\u00fastico \u00c0 Moda Quarteirense Cultura","robots":{"index":"index","follow":"follow","max-snippet":"max-snippet:-1","max-image-preview":"max-image-preview:large","max-video-preview":"max-video-preview:-1"},"canonical":"https:\/\/algarve7.pt\/index.php\/2020\/10\/cancelamento-do-live-acustico-a-moda-quarteirense-neste-sabado\/cultura\/00\/02\/","og_locale":"pt_PT","og_type":"article","og_title":"Cancelamento do Live Ac\u00fastico \u00c0 Moda Quarteirense - Algarve 7","og_description":"Cancelamento do Live Ac\u00fastico \u00c0 Moda Quarteirense Cultura","og_url":"https:\/\/algarve7.pt\/index.php\/2020\/10\/cancelamento-do-live-acustico-a-moda-quarteirense-neste-sabado\/cultura\/00\/02\/","og_site_name":"Algarve 7","article_publisher":"https:\/\/www.facebook.com\/algarve7","article_author":"https:\/\/www.facebook.com\/algarve7","article_published_time":"2020-10-31T00:02:45+00:00","article_modified_time":"2020-10-31T00:15:36+00:00","og_image":[{"width":1050,"height":839,"url":"https:\/\/algarve7.pt\/wp-content\/uploads\/2020\/10\/Live-Acustico-A-Moda-Quarteirense-e1603784014394.png","type":"image\/png"}],"author":"Algarve 7","twitter_card":"summary_large_image","twitter_creator":"@Algarvesete","twitter_site":"@Algarvesete","twitter_misc":{"Escrito por":"Algarve 7","Tempo estimado de leitura":"2 minutos"},"schema":{"@context":"https:\/\/schema.org","@graph":[{"@type":"Article","@id":"https:\/\/algarve7.pt\/index.php\/2020\/10\/cancelamento-do-live-acustico-a-moda-quarteirense-neste-sabado\/cultura\/00\/02\/#article","isPartOf":{"@id":"https:\/\/algarve7.pt\/index.php\/2020\/10\/cancelamento-do-live-acustico-a-moda-quarteirense-neste-sabado\/cultura\/00\/02\/"},"author":{"name":"Algarve 7","@id":"https:\/\/algarve7.pt\/#\/schema\/person\/23fa70681308e7b319a3204bcea45e0c"},"headline":"Cancelamento do Live Ac\u00fastico \u00c0 Moda Quarteirense","datePublished":"2020-10-31T00:02:45+00:00","dateModified":"2020-10-31T00:15:36+00:00","mainEntityOfPage":{"@id":"https:\/\/algarve7.pt\/index.php\/2020\/10\/cancelamento-do-live-acustico-a-moda-quarteirense-neste-sabado\/cultura\/00\/02\/"},"wordCount":447,"publisher":{"@id":"https:\/\/algarve7.pt\/#organization"},"image":{"@id":"https:\/\/algarve7.pt\/index.php\/2020\/10\/cancelamento-do-live-acustico-a-moda-quarteirense-neste-sabado\/cultura\/00\/02\/#primaryimage"},"thumbnailUrl":"https:\/\/algarve7.pt\/wp-content\/uploads\/2020\/10\/Live-Acustico-A-Moda-Quarteirense-e1603784014394.png","keywords":["Algarve","Concerto","Cultura","Quarteira"],"articleSection":["Cultura"],"inLanguage":"pt-PT"},{"@type":"WebPage","@id":"https:\/\/algarve7.pt\/index.php\/2020\/10\/cancelamento-do-live-acustico-a-moda-quarteirense-neste-sabado\/cultura\/00\/02\/","url":"https:\/\/algarve7.pt\/index.php\/2020\/10\/cancelamento-do-live-acustico-a-moda-quarteirense-neste-sabado\/cultura\/00\/02\/","name":"Cancelamento do Live Ac\u00fastico \u00c0 Moda Quarteirense - Algarve 7","isPartOf":{"@id":"https:\/\/algarve7.pt\/#website"},"primaryImageOfPage":{"@id":"https:\/\/algarve7.pt\/index.php\/2020\/10\/cancelamento-do-live-acustico-a-moda-quarteirense-neste-sabado\/cultura\/00\/02\/#primaryimage"},"image":{"@id":"https:\/\/algarve7.pt\/index.php\/2020\/10\/cancelamento-do-live-acustico-a-moda-quarteirense-neste-sabado\/cultura\/00\/02\/#primaryimage"},"thumbnailUrl":"https:\/\/algarve7.pt\/wp-content\/uploads\/2020\/10\/Live-Acustico-A-Moda-Quarteirense-e1603784014394.png","datePublished":"2020-10-31T00:02:45+00:00","dateModified":"2020-10-31T00:15:36+00:00","description":"Cancelamento do Live Ac\u00fastico \u00c0 Moda Quarteirense Cultura","breadcrumb":{"@id":"https:\/\/algarve7.pt\/index.php\/2020\/10\/cancelamento-do-live-acustico-a-moda-quarteirense-neste-sabado\/cultura\/00\/02\/#breadcrumb"},"inLanguage":"pt-PT","potentialAction":[{"@type":"ReadAction","target":["https:\/\/algarve7.pt\/index.php\/2020\/10\/cancelamento-do-live-acustico-a-moda-quarteirense-neste-sabado\/cultura\/00\/02\/"]}]},{"@type":"ImageObject","inLanguage":"pt-PT","@id":"https:\/\/algarve7.pt\/index.php\/2020\/10\/cancelamento-do-live-acustico-a-moda-quarteirense-neste-sabado\/cultura\/00\/02\/#primaryimage","url":"https:\/\/algarve7.pt\/wp-content\/uploads\/2020\/10\/Live-Acustico-A-Moda-Quarteirense-e1603784014394.png","contentUrl":"https:\/\/algarve7.pt\/wp-content\/uploads\/2020\/10\/Live-Acustico-A-Moda-Quarteirense-e1603784014394.png","width":1050,"height":839},{"@type":"BreadcrumbList","@id":"https:\/\/algarve7.pt\/index.php\/2020\/10\/cancelamento-do-live-acustico-a-moda-quarteirense-neste-sabado\/cultura\/00\/02\/#breadcrumb","itemListElement":[{"@type":"ListItem","position":1,"name":"In\u00edcio","item":"https:\/\/algarve7.pt\/"},{"@type":"ListItem","position":2,"name":"Cancelamento do Live Ac\u00fastico \u00c0 Moda Quarteirense"}]},{"@type":"WebSite","@id":"https:\/\/algarve7.pt\/#website","url":"https:\/\/algarve7.pt\/","name":"Algarve 7","description":"Informa\u00e7\u00e3o sobre o Algarve","publisher":{"@id":"https:\/\/algarve7.pt\/#organization"},"potentialAction":[{"@type":"SearchAction","target":{"@type":"EntryPoint","urlTemplate":"https:\/\/algarve7.pt\/?s={search_term_string}"},"query-input":{"@type":"PropertyValueSpecification","valueRequired":true,"valueName":"search_term_string"}}],"inLanguage":"pt-PT"},{"@type":"Organization","@id":"https:\/\/algarve7.pt\/#organization","name":"Algarve 7","url":"https:\/\/algarve7.pt\/","logo":{"@type":"ImageObject","inLanguage":"pt-PT","@id":"https:\/\/algarve7.pt\/#\/schema\/logo\/image\/","url":"https:\/\/algarve7.pt\/wp-content\/uploads\/2020\/10\/Logo-8.jpg","contentUrl":"https:\/\/algarve7.pt\/wp-content\/uploads\/2020\/10\/Logo-8.jpg","width":1680,"height":1186,"caption":"Algarve 7"},"image":{"@id":"https:\/\/algarve7.pt\/#\/schema\/logo\/image\/"},"sameAs":["https:\/\/www.facebook.com\/algarve7","https:\/\/x.com\/Algarvesete","https:\/\/www.instagram.com\/jornalalgarve7\/","https:\/\/www.linkedin.com\/company\/algarve7","https:\/\/www.pinterest.pt\/geral0939\/_created\/"]},{"@type":"Person","@id":"https:\/\/algarve7.pt\/#\/schema\/person\/23fa70681308e7b319a3204bcea45e0c","name":"Algarve 7","sameAs":["https:\/\/algarve7.pt","https:\/\/www.facebook.com\/algarve7"],"url":"https:\/\/algarve7.pt\/index.php\/author\/geralalgarve7-pt\/"}]}},"jetpack_publicize_connections":[],"jetpack_featured_media_url":"https:\/\/algarve7.pt\/wp-content\/uploads\/2020\/10\/Live-Acustico-A-Moda-Quarteirense-e1603784014394.png","jetpack_shortlink":"https:\/\/wp.me\/pcezmW-P7","jetpack_sharing_enabled":true,"_links":{"self":[{"href":"https:\/\/algarve7.pt\/index.php\/wp-json\/wp\/v2\/posts\/3169","targetHints":{"allow":["GET"]}}],"collection":[{"href":"https:\/\/algarve7.pt\/index.php\/wp-json\/wp\/v2\/posts"}],"about":[{"href":"https:\/\/algarve7.pt\/index.php\/wp-json\/wp\/v2\/types\/post"}],"author":[{"embeddable":true,"href":"https:\/\/algarve7.pt\/index.php\/wp-json\/wp\/v2\/users\/1"}],"replies":[{"embeddable":true,"href":"https:\/\/algarve7.pt\/index.php\/wp-json\/wp\/v2\/comments?post=3169"}],"version-history":[{"count":0,"href":"https:\/\/algarve7.pt\/index.php\/wp-json\/wp\/v2\/posts\/3169\/revisions"}],"wp:featuredmedia":[{"embeddable":true,"href":"https:\/\/algarve7.pt\/index.php\/wp-json\/wp\/v2\/media\/2987"}],"wp:attachment":[{"href":"https:\/\/algarve7.pt\/index.php\/wp-json\/wp\/v2\/media?parent=3169"}],"wp:term":[{"taxonomy":"category","embeddable":true,"href":"https:\/\/algarve7.pt\/index.php\/wp-json\/wp\/v2\/categories?post=3169"},{"taxonomy":"post_tag","embeddable":true,"href":"https:\/\/algarve7.pt\/index.php\/wp-json\/wp\/v2\/tags?post=3169"}],"curies":[{"name":"wp","href":"https:\/\/api.w.org\/{rel}","templated":true}]}}