{"id":31688,"date":"2023-10-09T10:35:00","date_gmt":"2023-10-09T09:35:00","guid":{"rendered":"https:\/\/algarve7.pt\/?p=31688"},"modified":"2023-10-08T18:04:12","modified_gmt":"2023-10-08T17:04:12","slug":"xxiii-encontro-de-musica-antiga-de-loule-francisco-rosado-a-espalhar-sonoridades-pelo-concelho","status":"publish","type":"post","link":"https:\/\/algarve7.pt\/index.php\/2023\/10\/xxiii-encontro-de-musica-antiga-de-loule-francisco-rosado-a-espalhar-sonoridades-pelo-concelho\/cultura\/10\/35\/","title":{"rendered":"XXIII Encontro de m\u00fasica antiga de Loul\u00e9 \u2013 Francisco Rosado a espalhar sonoridades pelo concelho"},"content":{"rendered":"\n<p>O maior evento do sul do pa\u00eds dedicado \u00e0s sonoridades eruditas est\u00e1 de volta a Loul\u00e9. O XXIII Encontro de M\u00fasica Antiga de Loul\u00e9 \u2013 Francisco Rosado arrancou no passado s\u00e1bado, dia 7 de outubro, e ir\u00e1 levar muita m\u00fasica \u00e0s igrejas do concelho at\u00e9 ao dia 29.<\/p>\n\n\n\n<p>\u00c0 semelhan\u00e7a do que acontece desde a sua g\u00e9nese, este ano ir\u00e3o participar neste evento consagrados agrupamentos de c\u00e2mara nacionais e internacionais, especializados neste repert\u00f3rio.<\/p>\n\n\n\n<p>Come\u00e7amos o Encontro abre as suas portas na Igreja de Nossa Senhora da Assun\u00e7\u00e3o, em Queren\u00e7a, dia 7, com o grupo portugu\u00eas <strong><u>Iberian Ensemble<\/u><\/strong>, que nos trar\u00e1 um programa inspirado no per\u00edodo barroco, ao som dos mais populares instrumentos da \u00e9poca como o cravo, a flauta barroca, os violinos e a viola da gamba.<\/p>\n\n\n\n<p>No dia seguinte, domingo, os apreciadores da m\u00fasica erudita ter\u00e3o a oportunidade de ouvir, ver e sentir, na Cerca do Convento Esp\u00edrito Santo, um espet\u00e1culo multidisciplinar com <strong><u>Astrea Ensemble<\/u><\/strong>, que, para al\u00e9m da m\u00fasica antiga interpretada na voz, teorba e harpa barroca, expressa uma sentida homenagem \u00e0 Mulher, tendo como elemento complementar a dan\u00e7a contempor\u00e2nea.<\/p>\n\n\n\n<p>Segue-se o concerto do consagrado consort ingl\u00eas \u2013 <strong><u>Palisander<\/u><\/strong>, com uma abordagem fresca \u00e0s flautas de bisel, que agrega \u00e0 m\u00fasica antiga os temas da magia, da poesia e da palavra cantada, num espet\u00e1culo \u00fanico e inovador que acontece na renovada Igreja Matriz de Loul\u00e9, no dia 14 de outubro.<\/p>\n\n\n\n<p>No fim de semana seguinte as propostas s\u00e3o tamb\u00e9m apelativas. O <em>Cravo do Imperador <\/em>\u00e9 o tema do concerto que tem lugar na Igreja de S. Sebasti\u00e3o de Boliqueime, a 21 de outubro, pelos dois ensembles espanh\u00f3is \u2013 <strong><u>Todos los tonos y ayres e \u00cdliber Ensemble<\/u><\/strong>. Neste concerto o p\u00fablico ter\u00e1 oportunidade de ouvir, pela primeira vez em Portugal, uma fus\u00e3o entre a m\u00fasica antiga ocidental e oriental, com instrumentos da \u00e9poca de ambas as regi\u00f5es.<\/p>\n\n\n\n<p>No domingo, 22, na Igreja de Nossa Sr\u00aa de Alte, o <strong><u>Ensemble de Flautas de Loul\u00e9<\/u><\/strong> convida o consort de violas da gamba do <strong><u>Conservat\u00f3rio de Coimbra<\/u><\/strong> para um concerto que visa difundir o trabalho pedag\u00f3gico realizado nas Escolas de M\u00fasica de ambas as regi\u00f5es, atrav\u00e9s de um interc\u00e2mbio de celebra\u00e7\u00e3o da m\u00fasica antiga para consorts instrumentais.<\/p>\n\n\n\n<p>J\u00e1 no dia 28, na Igreja de Nossa Sr\u00aa da Concei\u00e7\u00e3o de Quarteira, a m\u00fasica vocal ser\u00e1 a rainha do concerto de <strong><u>Capella Praetensis<\/u><\/strong>, um agrupamento sediado em Leuven (B\u00e9lgica), com um programa vocal \u00e0 capela que homenageia a obra de Josquin Deprez, aquando da sua estadia em Roma nos s\u00e9culos XV\/XVI.<\/p>\n\n\n\n<p>Para encerrar o 23\u00ba Encontro, a 29, o <strong><u>Trio Atlanticus<\/u><\/strong>, junta as harmonias da voz, da viola da gamba e do cravo \u00e0 beleza \u00fanica da ermida de S. Louren\u00e7o \u2013 Almancil, com um programa inteiramente dedicado \u00e0s compositoras da m\u00fasica antiga.<\/p>\n\n\n\n<p>Todos os concertos t\u00eam entrada livre, com in\u00edcio \u00e0s 19h00, excetuando o de Alte, marcado para as 17h00.<\/p>\n\n\n\n<p>Como n\u00e3o poderia deixar de ser, o evento ser\u00e1 promotor de uma forte componente pedag\u00f3gica, atrav\u00e9s da oferta de um workshop de traverso (flauta barroca), um atelier de cordas barrocas, ambos no dia 6, uma masterclass de flauta de bisel, no dia 15, e um workshop de leitura de facsimile (partituras antigas), no dia 28. Inscri\u00e7\u00f5es atrav\u00e9s do email <a href=\"mailto:encontrosmusicaantiga@cm-loule.pt\" target=\"_blank\" rel=\"noreferrer noopener\">encontrosmusicaantiga@cm-loule.pt<\/a> ou do telefone 969433541.<\/p>\n\n\n\n<p>Recorde-se que este evento nasceu em 1998, pelas m\u00e3os de Francisco Rosado, o seu criador e impulsionador, numa organiza\u00e7\u00e3o da C\u00e2mara Municipal de Loul\u00e9 com dire\u00e7\u00e3o art\u00edstica de Ana Figueiras, desde 2015. \u00c9 um festival pioneiro na regi\u00e3o algarvia, que visa promover a frui\u00e7\u00e3o da m\u00fasica que se fazia h\u00e1 mais de 300 anos, o seu contexto cultural, o seu significado hist\u00f3rico e a forma como se inseria na sociedade ocidental. Ano ap\u00f3s ano, tem conquistado um p\u00fablico fiel, em especial estrangeiros que aqui residem ou passam f\u00e9rias.<\/p>\n","protected":false},"excerpt":{"rendered":"<p>O maior evento do sul do pa\u00eds dedicado \u00e0s sonoridades eruditas est\u00e1 de volta a Loul\u00e9. O XXIII Encontro de<\/p>\n","protected":false},"author":1,"featured_media":31689,"comment_status":"closed","ping_status":"open","sticky":false,"template":"","format":"standard","meta":{"colormag_page_container_layout":"default_layout","colormag_page_sidebar_layout":"default_layout","_monsterinsights_skip_tracking":false,"_monsterinsights_sitenote_active":false,"_monsterinsights_sitenote_note":"","_monsterinsights_sitenote_category":0,"jetpack_post_was_ever_published":false,"_jetpack_newsletter_access":"","_jetpack_dont_email_post_to_subs":false,"_jetpack_newsletter_tier_id":0,"_jetpack_memberships_contains_paywalled_content":false,"_jetpack_memberships_contains_paid_content":false,"footnotes":"","jetpack_publicize_message":"","jetpack_publicize_feature_enabled":true,"jetpack_social_post_already_shared":true,"jetpack_social_options":{"image_generator_settings":{"template":"highway","default_image_id":0,"font":"","enabled":false},"version":2}},"categories":[14],"tags":[36,35,31,1079],"class_list":["post-31688","post","type-post","status-publish","format-standard","has-post-thumbnail","hentry","category-cultura","tag-algarve","tag-cultura","tag-loule","tag-xxiii-encontro-de-musica-antiga-de-loule"],"yoast_head":"<!-- This site is optimized with the Yoast SEO plugin v27.5 - https:\/\/yoast.com\/product\/yoast-seo-wordpress\/ -->\n<title>XXIII Encontro de m\u00fasica antiga de Loul\u00e9 \u2013 Francisco Rosado a espalhar sonoridades pelo concelho - Algarve 7<\/title>\n<meta name=\"description\" content=\"XXIII Encontro de m\u00fasica antiga de Loul\u00e9 \u2013 Francisco Rosado a espalhar sonoridades pelo concelho Cultura\" \/>\n<meta name=\"robots\" content=\"index, follow, max-snippet:-1, max-image-preview:large, max-video-preview:-1\" \/>\n<link rel=\"canonical\" href=\"https:\/\/algarve7.pt\/index.php\/2023\/10\/xxiii-encontro-de-musica-antiga-de-loule-francisco-rosado-a-espalhar-sonoridades-pelo-concelho\/cultura\/10\/35\/\" \/>\n<meta property=\"og:locale\" content=\"pt_PT\" \/>\n<meta property=\"og:type\" content=\"article\" \/>\n<meta property=\"og:title\" content=\"XXIII Encontro de m\u00fasica antiga de Loul\u00e9 \u2013 Francisco Rosado a espalhar sonoridades pelo concelho - Algarve 7\" \/>\n<meta property=\"og:description\" content=\"XXIII Encontro de m\u00fasica antiga de Loul\u00e9 \u2013 Francisco Rosado a espalhar sonoridades pelo concelho Cultura\" \/>\n<meta property=\"og:url\" content=\"https:\/\/algarve7.pt\/index.php\/2023\/10\/xxiii-encontro-de-musica-antiga-de-loule-francisco-rosado-a-espalhar-sonoridades-pelo-concelho\/cultura\/10\/35\/\" \/>\n<meta property=\"og:site_name\" content=\"Algarve 7\" \/>\n<meta property=\"article:publisher\" content=\"https:\/\/www.facebook.com\/algarve7\" \/>\n<meta property=\"article:author\" content=\"https:\/\/www.facebook.com\/algarve7\" \/>\n<meta property=\"article:published_time\" content=\"2023-10-09T09:35:00+00:00\" \/>\n<meta property=\"og:image\" content=\"https:\/\/algarve7.pt\/wp-content\/uploads\/2023\/10\/Captura-de-ecra-2023-10-08-as-18.00.05.png\" \/>\n\t<meta property=\"og:image:width\" content=\"1024\" \/>\n\t<meta property=\"og:image:height\" content=\"687\" \/>\n\t<meta property=\"og:image:type\" content=\"image\/png\" \/>\n<meta name=\"author\" content=\"Algarve 7\" \/>\n<meta name=\"twitter:card\" content=\"summary_large_image\" \/>\n<meta name=\"twitter:creator\" content=\"@Algarvesete\" \/>\n<meta name=\"twitter:site\" content=\"@Algarvesete\" \/>\n<meta name=\"twitter:label1\" content=\"Escrito por\" \/>\n\t<meta name=\"twitter:data1\" content=\"Algarve 7\" \/>\n\t<meta name=\"twitter:label2\" content=\"Tempo estimado de leitura\" \/>\n\t<meta name=\"twitter:data2\" content=\"4 minutos\" \/>\n<script type=\"application\/ld+json\" class=\"yoast-schema-graph\">{\"@context\":\"https:\\\/\\\/schema.org\",\"@graph\":[{\"@type\":\"Article\",\"@id\":\"https:\\\/\\\/algarve7.pt\\\/index.php\\\/2023\\\/10\\\/xxiii-encontro-de-musica-antiga-de-loule-francisco-rosado-a-espalhar-sonoridades-pelo-concelho\\\/cultura\\\/10\\\/35\\\/#article\",\"isPartOf\":{\"@id\":\"https:\\\/\\\/algarve7.pt\\\/index.php\\\/2023\\\/10\\\/xxiii-encontro-de-musica-antiga-de-loule-francisco-rosado-a-espalhar-sonoridades-pelo-concelho\\\/cultura\\\/10\\\/35\\\/\"},\"author\":{\"name\":\"Algarve 7\",\"@id\":\"https:\\\/\\\/algarve7.pt\\\/#\\\/schema\\\/person\\\/23fa70681308e7b319a3204bcea45e0c\"},\"headline\":\"XXIII Encontro de m\u00fasica antiga de Loul\u00e9 \u2013 Francisco Rosado a espalhar sonoridades pelo concelho\",\"datePublished\":\"2023-10-09T09:35:00+00:00\",\"mainEntityOfPage\":{\"@id\":\"https:\\\/\\\/algarve7.pt\\\/index.php\\\/2023\\\/10\\\/xxiii-encontro-de-musica-antiga-de-loule-francisco-rosado-a-espalhar-sonoridades-pelo-concelho\\\/cultura\\\/10\\\/35\\\/\"},\"wordCount\":686,\"publisher\":{\"@id\":\"https:\\\/\\\/algarve7.pt\\\/#organization\"},\"image\":{\"@id\":\"https:\\\/\\\/algarve7.pt\\\/index.php\\\/2023\\\/10\\\/xxiii-encontro-de-musica-antiga-de-loule-francisco-rosado-a-espalhar-sonoridades-pelo-concelho\\\/cultura\\\/10\\\/35\\\/#primaryimage\"},\"thumbnailUrl\":\"https:\\\/\\\/algarve7.pt\\\/wp-content\\\/uploads\\\/2023\\\/10\\\/Captura-de-ecra-2023-10-08-as-18.00.05.png\",\"keywords\":[\"Algarve\",\"Cultura\",\"Loul\u00e9\",\"XXIII Encontro de m\u00fasica antiga de Loul\u00e9\"],\"articleSection\":[\"Cultura\"],\"inLanguage\":\"pt-PT\"},{\"@type\":\"WebPage\",\"@id\":\"https:\\\/\\\/algarve7.pt\\\/index.php\\\/2023\\\/10\\\/xxiii-encontro-de-musica-antiga-de-loule-francisco-rosado-a-espalhar-sonoridades-pelo-concelho\\\/cultura\\\/10\\\/35\\\/\",\"url\":\"https:\\\/\\\/algarve7.pt\\\/index.php\\\/2023\\\/10\\\/xxiii-encontro-de-musica-antiga-de-loule-francisco-rosado-a-espalhar-sonoridades-pelo-concelho\\\/cultura\\\/10\\\/35\\\/\",\"name\":\"XXIII Encontro de m\u00fasica antiga de Loul\u00e9 \u2013 Francisco Rosado a espalhar sonoridades pelo concelho - Algarve 7\",\"isPartOf\":{\"@id\":\"https:\\\/\\\/algarve7.pt\\\/#website\"},\"primaryImageOfPage\":{\"@id\":\"https:\\\/\\\/algarve7.pt\\\/index.php\\\/2023\\\/10\\\/xxiii-encontro-de-musica-antiga-de-loule-francisco-rosado-a-espalhar-sonoridades-pelo-concelho\\\/cultura\\\/10\\\/35\\\/#primaryimage\"},\"image\":{\"@id\":\"https:\\\/\\\/algarve7.pt\\\/index.php\\\/2023\\\/10\\\/xxiii-encontro-de-musica-antiga-de-loule-francisco-rosado-a-espalhar-sonoridades-pelo-concelho\\\/cultura\\\/10\\\/35\\\/#primaryimage\"},\"thumbnailUrl\":\"https:\\\/\\\/algarve7.pt\\\/wp-content\\\/uploads\\\/2023\\\/10\\\/Captura-de-ecra-2023-10-08-as-18.00.05.png\",\"datePublished\":\"2023-10-09T09:35:00+00:00\",\"description\":\"XXIII Encontro de m\u00fasica antiga de Loul\u00e9 \u2013 Francisco Rosado a espalhar sonoridades pelo concelho Cultura\",\"breadcrumb\":{\"@id\":\"https:\\\/\\\/algarve7.pt\\\/index.php\\\/2023\\\/10\\\/xxiii-encontro-de-musica-antiga-de-loule-francisco-rosado-a-espalhar-sonoridades-pelo-concelho\\\/cultura\\\/10\\\/35\\\/#breadcrumb\"},\"inLanguage\":\"pt-PT\",\"potentialAction\":[{\"@type\":\"ReadAction\",\"target\":[\"https:\\\/\\\/algarve7.pt\\\/index.php\\\/2023\\\/10\\\/xxiii-encontro-de-musica-antiga-de-loule-francisco-rosado-a-espalhar-sonoridades-pelo-concelho\\\/cultura\\\/10\\\/35\\\/\"]}]},{\"@type\":\"ImageObject\",\"inLanguage\":\"pt-PT\",\"@id\":\"https:\\\/\\\/algarve7.pt\\\/index.php\\\/2023\\\/10\\\/xxiii-encontro-de-musica-antiga-de-loule-francisco-rosado-a-espalhar-sonoridades-pelo-concelho\\\/cultura\\\/10\\\/35\\\/#primaryimage\",\"url\":\"https:\\\/\\\/algarve7.pt\\\/wp-content\\\/uploads\\\/2023\\\/10\\\/Captura-de-ecra-2023-10-08-as-18.00.05.png\",\"contentUrl\":\"https:\\\/\\\/algarve7.pt\\\/wp-content\\\/uploads\\\/2023\\\/10\\\/Captura-de-ecra-2023-10-08-as-18.00.05.png\",\"width\":1024,\"height\":687},{\"@type\":\"BreadcrumbList\",\"@id\":\"https:\\\/\\\/algarve7.pt\\\/index.php\\\/2023\\\/10\\\/xxiii-encontro-de-musica-antiga-de-loule-francisco-rosado-a-espalhar-sonoridades-pelo-concelho\\\/cultura\\\/10\\\/35\\\/#breadcrumb\",\"itemListElement\":[{\"@type\":\"ListItem\",\"position\":1,\"name\":\"In\u00edcio\",\"item\":\"https:\\\/\\\/algarve7.pt\\\/\"},{\"@type\":\"ListItem\",\"position\":2,\"name\":\"XXIII Encontro de m\u00fasica antiga de Loul\u00e9 \u2013 Francisco Rosado a espalhar sonoridades pelo concelho\"}]},{\"@type\":\"WebSite\",\"@id\":\"https:\\\/\\\/algarve7.pt\\\/#website\",\"url\":\"https:\\\/\\\/algarve7.pt\\\/\",\"name\":\"Algarve 7\",\"description\":\"Informa\u00e7\u00e3o sobre o Algarve\",\"publisher\":{\"@id\":\"https:\\\/\\\/algarve7.pt\\\/#organization\"},\"potentialAction\":[{\"@type\":\"SearchAction\",\"target\":{\"@type\":\"EntryPoint\",\"urlTemplate\":\"https:\\\/\\\/algarve7.pt\\\/?s={search_term_string}\"},\"query-input\":{\"@type\":\"PropertyValueSpecification\",\"valueRequired\":true,\"valueName\":\"search_term_string\"}}],\"inLanguage\":\"pt-PT\"},{\"@type\":\"Organization\",\"@id\":\"https:\\\/\\\/algarve7.pt\\\/#organization\",\"name\":\"Algarve 7\",\"url\":\"https:\\\/\\\/algarve7.pt\\\/\",\"logo\":{\"@type\":\"ImageObject\",\"inLanguage\":\"pt-PT\",\"@id\":\"https:\\\/\\\/algarve7.pt\\\/#\\\/schema\\\/logo\\\/image\\\/\",\"url\":\"https:\\\/\\\/algarve7.pt\\\/wp-content\\\/uploads\\\/2020\\\/10\\\/Logo-8.jpg\",\"contentUrl\":\"https:\\\/\\\/algarve7.pt\\\/wp-content\\\/uploads\\\/2020\\\/10\\\/Logo-8.jpg\",\"width\":1680,\"height\":1186,\"caption\":\"Algarve 7\"},\"image\":{\"@id\":\"https:\\\/\\\/algarve7.pt\\\/#\\\/schema\\\/logo\\\/image\\\/\"},\"sameAs\":[\"https:\\\/\\\/www.facebook.com\\\/algarve7\",\"https:\\\/\\\/x.com\\\/Algarvesete\",\"https:\\\/\\\/www.instagram.com\\\/jornalalgarve7\\\/\",\"https:\\\/\\\/www.linkedin.com\\\/company\\\/algarve7\",\"https:\\\/\\\/www.pinterest.pt\\\/geral0939\\\/_created\\\/\"]},{\"@type\":\"Person\",\"@id\":\"https:\\\/\\\/algarve7.pt\\\/#\\\/schema\\\/person\\\/23fa70681308e7b319a3204bcea45e0c\",\"name\":\"Algarve 7\",\"sameAs\":[\"https:\\\/\\\/algarve7.pt\",\"https:\\\/\\\/www.facebook.com\\\/algarve7\"],\"url\":\"https:\\\/\\\/algarve7.pt\\\/index.php\\\/author\\\/geralalgarve7-pt\\\/\"}]}<\/script>\n<!-- \/ Yoast SEO plugin. -->","yoast_head_json":{"title":"XXIII Encontro de m\u00fasica antiga de Loul\u00e9 \u2013 Francisco Rosado a espalhar sonoridades pelo concelho - Algarve 7","description":"XXIII Encontro de m\u00fasica antiga de Loul\u00e9 \u2013 Francisco Rosado a espalhar sonoridades pelo concelho Cultura","robots":{"index":"index","follow":"follow","max-snippet":"max-snippet:-1","max-image-preview":"max-image-preview:large","max-video-preview":"max-video-preview:-1"},"canonical":"https:\/\/algarve7.pt\/index.php\/2023\/10\/xxiii-encontro-de-musica-antiga-de-loule-francisco-rosado-a-espalhar-sonoridades-pelo-concelho\/cultura\/10\/35\/","og_locale":"pt_PT","og_type":"article","og_title":"XXIII Encontro de m\u00fasica antiga de Loul\u00e9 \u2013 Francisco Rosado a espalhar sonoridades pelo concelho - Algarve 7","og_description":"XXIII Encontro de m\u00fasica antiga de Loul\u00e9 \u2013 Francisco Rosado a espalhar sonoridades pelo concelho Cultura","og_url":"https:\/\/algarve7.pt\/index.php\/2023\/10\/xxiii-encontro-de-musica-antiga-de-loule-francisco-rosado-a-espalhar-sonoridades-pelo-concelho\/cultura\/10\/35\/","og_site_name":"Algarve 7","article_publisher":"https:\/\/www.facebook.com\/algarve7","article_author":"https:\/\/www.facebook.com\/algarve7","article_published_time":"2023-10-09T09:35:00+00:00","og_image":[{"width":1024,"height":687,"url":"https:\/\/algarve7.pt\/wp-content\/uploads\/2023\/10\/Captura-de-ecra-2023-10-08-as-18.00.05.png","type":"image\/png"}],"author":"Algarve 7","twitter_card":"summary_large_image","twitter_creator":"@Algarvesete","twitter_site":"@Algarvesete","twitter_misc":{"Escrito por":"Algarve 7","Tempo estimado de leitura":"4 minutos"},"schema":{"@context":"https:\/\/schema.org","@graph":[{"@type":"Article","@id":"https:\/\/algarve7.pt\/index.php\/2023\/10\/xxiii-encontro-de-musica-antiga-de-loule-francisco-rosado-a-espalhar-sonoridades-pelo-concelho\/cultura\/10\/35\/#article","isPartOf":{"@id":"https:\/\/algarve7.pt\/index.php\/2023\/10\/xxiii-encontro-de-musica-antiga-de-loule-francisco-rosado-a-espalhar-sonoridades-pelo-concelho\/cultura\/10\/35\/"},"author":{"name":"Algarve 7","@id":"https:\/\/algarve7.pt\/#\/schema\/person\/23fa70681308e7b319a3204bcea45e0c"},"headline":"XXIII Encontro de m\u00fasica antiga de Loul\u00e9 \u2013 Francisco Rosado a espalhar sonoridades pelo concelho","datePublished":"2023-10-09T09:35:00+00:00","mainEntityOfPage":{"@id":"https:\/\/algarve7.pt\/index.php\/2023\/10\/xxiii-encontro-de-musica-antiga-de-loule-francisco-rosado-a-espalhar-sonoridades-pelo-concelho\/cultura\/10\/35\/"},"wordCount":686,"publisher":{"@id":"https:\/\/algarve7.pt\/#organization"},"image":{"@id":"https:\/\/algarve7.pt\/index.php\/2023\/10\/xxiii-encontro-de-musica-antiga-de-loule-francisco-rosado-a-espalhar-sonoridades-pelo-concelho\/cultura\/10\/35\/#primaryimage"},"thumbnailUrl":"https:\/\/algarve7.pt\/wp-content\/uploads\/2023\/10\/Captura-de-ecra-2023-10-08-as-18.00.05.png","keywords":["Algarve","Cultura","Loul\u00e9","XXIII Encontro de m\u00fasica antiga de Loul\u00e9"],"articleSection":["Cultura"],"inLanguage":"pt-PT"},{"@type":"WebPage","@id":"https:\/\/algarve7.pt\/index.php\/2023\/10\/xxiii-encontro-de-musica-antiga-de-loule-francisco-rosado-a-espalhar-sonoridades-pelo-concelho\/cultura\/10\/35\/","url":"https:\/\/algarve7.pt\/index.php\/2023\/10\/xxiii-encontro-de-musica-antiga-de-loule-francisco-rosado-a-espalhar-sonoridades-pelo-concelho\/cultura\/10\/35\/","name":"XXIII Encontro de m\u00fasica antiga de Loul\u00e9 \u2013 Francisco Rosado a espalhar sonoridades pelo concelho - Algarve 7","isPartOf":{"@id":"https:\/\/algarve7.pt\/#website"},"primaryImageOfPage":{"@id":"https:\/\/algarve7.pt\/index.php\/2023\/10\/xxiii-encontro-de-musica-antiga-de-loule-francisco-rosado-a-espalhar-sonoridades-pelo-concelho\/cultura\/10\/35\/#primaryimage"},"image":{"@id":"https:\/\/algarve7.pt\/index.php\/2023\/10\/xxiii-encontro-de-musica-antiga-de-loule-francisco-rosado-a-espalhar-sonoridades-pelo-concelho\/cultura\/10\/35\/#primaryimage"},"thumbnailUrl":"https:\/\/algarve7.pt\/wp-content\/uploads\/2023\/10\/Captura-de-ecra-2023-10-08-as-18.00.05.png","datePublished":"2023-10-09T09:35:00+00:00","description":"XXIII Encontro de m\u00fasica antiga de Loul\u00e9 \u2013 Francisco Rosado a espalhar sonoridades pelo concelho Cultura","breadcrumb":{"@id":"https:\/\/algarve7.pt\/index.php\/2023\/10\/xxiii-encontro-de-musica-antiga-de-loule-francisco-rosado-a-espalhar-sonoridades-pelo-concelho\/cultura\/10\/35\/#breadcrumb"},"inLanguage":"pt-PT","potentialAction":[{"@type":"ReadAction","target":["https:\/\/algarve7.pt\/index.php\/2023\/10\/xxiii-encontro-de-musica-antiga-de-loule-francisco-rosado-a-espalhar-sonoridades-pelo-concelho\/cultura\/10\/35\/"]}]},{"@type":"ImageObject","inLanguage":"pt-PT","@id":"https:\/\/algarve7.pt\/index.php\/2023\/10\/xxiii-encontro-de-musica-antiga-de-loule-francisco-rosado-a-espalhar-sonoridades-pelo-concelho\/cultura\/10\/35\/#primaryimage","url":"https:\/\/algarve7.pt\/wp-content\/uploads\/2023\/10\/Captura-de-ecra-2023-10-08-as-18.00.05.png","contentUrl":"https:\/\/algarve7.pt\/wp-content\/uploads\/2023\/10\/Captura-de-ecra-2023-10-08-as-18.00.05.png","width":1024,"height":687},{"@type":"BreadcrumbList","@id":"https:\/\/algarve7.pt\/index.php\/2023\/10\/xxiii-encontro-de-musica-antiga-de-loule-francisco-rosado-a-espalhar-sonoridades-pelo-concelho\/cultura\/10\/35\/#breadcrumb","itemListElement":[{"@type":"ListItem","position":1,"name":"In\u00edcio","item":"https:\/\/algarve7.pt\/"},{"@type":"ListItem","position":2,"name":"XXIII Encontro de m\u00fasica antiga de Loul\u00e9 \u2013 Francisco Rosado a espalhar sonoridades pelo concelho"}]},{"@type":"WebSite","@id":"https:\/\/algarve7.pt\/#website","url":"https:\/\/algarve7.pt\/","name":"Algarve 7","description":"Informa\u00e7\u00e3o sobre o Algarve","publisher":{"@id":"https:\/\/algarve7.pt\/#organization"},"potentialAction":[{"@type":"SearchAction","target":{"@type":"EntryPoint","urlTemplate":"https:\/\/algarve7.pt\/?s={search_term_string}"},"query-input":{"@type":"PropertyValueSpecification","valueRequired":true,"valueName":"search_term_string"}}],"inLanguage":"pt-PT"},{"@type":"Organization","@id":"https:\/\/algarve7.pt\/#organization","name":"Algarve 7","url":"https:\/\/algarve7.pt\/","logo":{"@type":"ImageObject","inLanguage":"pt-PT","@id":"https:\/\/algarve7.pt\/#\/schema\/logo\/image\/","url":"https:\/\/algarve7.pt\/wp-content\/uploads\/2020\/10\/Logo-8.jpg","contentUrl":"https:\/\/algarve7.pt\/wp-content\/uploads\/2020\/10\/Logo-8.jpg","width":1680,"height":1186,"caption":"Algarve 7"},"image":{"@id":"https:\/\/algarve7.pt\/#\/schema\/logo\/image\/"},"sameAs":["https:\/\/www.facebook.com\/algarve7","https:\/\/x.com\/Algarvesete","https:\/\/www.instagram.com\/jornalalgarve7\/","https:\/\/www.linkedin.com\/company\/algarve7","https:\/\/www.pinterest.pt\/geral0939\/_created\/"]},{"@type":"Person","@id":"https:\/\/algarve7.pt\/#\/schema\/person\/23fa70681308e7b319a3204bcea45e0c","name":"Algarve 7","sameAs":["https:\/\/algarve7.pt","https:\/\/www.facebook.com\/algarve7"],"url":"https:\/\/algarve7.pt\/index.php\/author\/geralalgarve7-pt\/"}]}},"jetpack_publicize_connections":[],"jetpack_featured_media_url":"https:\/\/algarve7.pt\/wp-content\/uploads\/2023\/10\/Captura-de-ecra-2023-10-08-as-18.00.05.png","jetpack_shortlink":"https:\/\/wp.me\/pcezmW-8f6","jetpack_sharing_enabled":true,"_links":{"self":[{"href":"https:\/\/algarve7.pt\/index.php\/wp-json\/wp\/v2\/posts\/31688","targetHints":{"allow":["GET"]}}],"collection":[{"href":"https:\/\/algarve7.pt\/index.php\/wp-json\/wp\/v2\/posts"}],"about":[{"href":"https:\/\/algarve7.pt\/index.php\/wp-json\/wp\/v2\/types\/post"}],"author":[{"embeddable":true,"href":"https:\/\/algarve7.pt\/index.php\/wp-json\/wp\/v2\/users\/1"}],"replies":[{"embeddable":true,"href":"https:\/\/algarve7.pt\/index.php\/wp-json\/wp\/v2\/comments?post=31688"}],"version-history":[{"count":0,"href":"https:\/\/algarve7.pt\/index.php\/wp-json\/wp\/v2\/posts\/31688\/revisions"}],"wp:featuredmedia":[{"embeddable":true,"href":"https:\/\/algarve7.pt\/index.php\/wp-json\/wp\/v2\/media\/31689"}],"wp:attachment":[{"href":"https:\/\/algarve7.pt\/index.php\/wp-json\/wp\/v2\/media?parent=31688"}],"wp:term":[{"taxonomy":"category","embeddable":true,"href":"https:\/\/algarve7.pt\/index.php\/wp-json\/wp\/v2\/categories?post=31688"},{"taxonomy":"post_tag","embeddable":true,"href":"https:\/\/algarve7.pt\/index.php\/wp-json\/wp\/v2\/tags?post=31688"}],"curies":[{"name":"wp","href":"https:\/\/api.w.org\/{rel}","templated":true}]}}