{"id":31644,"date":"2023-10-07T09:51:00","date_gmt":"2023-10-07T08:51:00","guid":{"rendered":"https:\/\/algarve7.pt\/?p=31644"},"modified":"2023-10-06T20:52:57","modified_gmt":"2023-10-06T19:52:57","slug":"municipio-de-silves-da-inicio-a-elaboracao-do-regulamento-municipal-de-apoios-financeiros-a-reabilitacao-urbana","status":"publish","type":"post","link":"https:\/\/algarve7.pt\/index.php\/2023\/10\/municipio-de-silves-da-inicio-a-elaboracao-do-regulamento-municipal-de-apoios-financeiros-a-reabilitacao-urbana\/atualidade\/09\/51\/","title":{"rendered":"Munic\u00edpio de Silves d\u00e1 inicio \u00e0 elabora\u00e7\u00e3o do regulamento municipal de apoios financeiros \u00e0 reabilita\u00e7\u00e3o urbana"},"content":{"rendered":"\n<p>O Munic\u00edpio de Silves deliberou dar in\u00edcio ao procedimento de elabora\u00e7\u00e3o do regulamento municipal de apoios financeiros \u00e0 reabilita\u00e7\u00e3o urbana, concentrando, num s\u00f3 regulamento, os diferentes apoios previstos nas Opera\u00e7\u00f5es de Reabilita\u00e7\u00e3o Urbana em vigor. Nesse sentido convida-se todos os interessados a participar com sugest\u00f5es, observa\u00e7\u00f5es ou informa\u00e7\u00f5es consideradas relevantes para o procedimento agora iniciado. Para tal, e nos termos do edital n.\u00ba 66\/2023, os interessados podem participar neste procedimento, desde o dia 03 de setembro e pelo prazo de 10 dias \u00fateis.<\/p>\n\n\n\n<p>Presentemente, no territ\u00f3rio municipal, encontram-se aprovadas, em conformidade com o disposto no Regime Jur\u00eddico da Reabilita\u00e7\u00e3o Urbana (RJRU), sete ARU (\u00c1rea de Reabilita\u00e7\u00e3o Urbana) e cinco ORU (Opera\u00e7\u00e3o de Reabilita\u00e7\u00e3o Urbana). N\u00e3o obstante as especificidades territoriais de cada uma das ARU, tem sido estrat\u00e9gia do Munic\u00edpio de Silves assegurar, globalmente, com vista \u00e0 promo\u00e7\u00e3o da coes\u00e3o territorial, os mesmos programas municipais de apoio \u00e0 reabilita\u00e7\u00e3o urbana para todo o territ\u00f3rio municipal, concretamente o: Programa de Apoio \u00e0 Melhoria das Condi\u00e7\u00f5es de Habitabilidade (PAHAB); Programa de Apoio \u00e0 Recupera\u00e7\u00e3o dos Jardins e P\u00e1tios Interiores em Silves (PARJPI); e, o Programa de Apoio \u00e0s Din\u00e2micas Sociais e Econ\u00f3micas (PADSE).<\/p>\n\n\n\n<p>Com este procedimento agora iniciado promove-se uma concentra\u00e7\u00e3o dos apoios a atribuir no \u00e2mbito da implementa\u00e7\u00e3o da Estrat\u00e9gia Municipal de Reabilita\u00e7\u00e3o Urbana, nas diferentes ARU em vigor, com vista \u00e0 otimiza\u00e7\u00e3o e racionaliza\u00e7\u00e3o da pr\u00e1tica administrativa, a par com a simplifica\u00e7\u00e3o do acesso aos referidos apoios financeiros.<\/p>\n\n\n\n<p>Os interessados poder\u00e3o apresentar, durante o per\u00edodo de participa\u00e7\u00e3o p\u00fablica, por escrito, sugest\u00f5es sobre quaisquer quest\u00f5es que possam ser consideradas relevantes no \u00e2mbito do presente procedimento, conforme disposto no n.\u00ba 2 do citado artigo 101.\u00ba do C\u00f3digo do Procedimento Administrativo, endere\u00e7ados \u00e0 Presidente da C\u00e2mara Municipal de Silves, Largo do Munic\u00edpio, 8300 -117 Silves, ou ainda atrav\u00e9s do e -mail: expediente@cm-silves.pt.<\/p>\n\n\n\n<p>O procedimento em causa pode ser acompanhado por qualquer interessado aqui: <a href=\"https:\/\/www.cm-silves.pt\/pt\/menu\/76\/ordenamento-e-urbanismo.aspx\" target=\"_blank\" rel=\"noreferrer noopener\">https:\/\/www.cm-silves.pt\/pt\/menu\/76\/ordenamento-e-urbanismo.aspx<\/a><\/p>\n","protected":false},"excerpt":{"rendered":"<p>O Munic\u00edpio de Silves deliberou dar in\u00edcio ao procedimento de elabora\u00e7\u00e3o do regulamento municipal de apoios financeiros \u00e0 reabilita\u00e7\u00e3o urbana,<\/p>\n","protected":false},"author":1,"featured_media":31645,"comment_status":"closed","ping_status":"open","sticky":false,"template":"","format":"standard","meta":{"colormag_page_container_layout":"default_layout","colormag_page_sidebar_layout":"default_layout","_monsterinsights_skip_tracking":false,"_monsterinsights_sitenote_active":false,"_monsterinsights_sitenote_note":"","_monsterinsights_sitenote_category":0,"jetpack_post_was_ever_published":false,"_jetpack_newsletter_access":"","_jetpack_dont_email_post_to_subs":false,"_jetpack_newsletter_tier_id":0,"_jetpack_memberships_contains_paywalled_content":false,"_jetpack_memberships_contains_paid_content":false,"footnotes":"","jetpack_publicize_message":"","jetpack_publicize_feature_enabled":true,"jetpack_social_post_already_shared":true,"jetpack_social_options":{"image_generator_settings":{"template":"highway","default_image_id":0,"font":"","enabled":false},"version":2}},"categories":[11],"tags":[36,62,42],"class_list":["post-31644","post","type-post","status-publish","format-standard","has-post-thumbnail","hentry","category-atualidade","tag-algarve","tag-atualidade","tag-silves"],"yoast_head":"<!-- This site is optimized with the Yoast SEO plugin v27.4 - https:\/\/yoast.com\/product\/yoast-seo-wordpress\/ -->\n<title>Munic\u00edpio de Silves d\u00e1 inicio \u00e0 elabora\u00e7\u00e3o do regulamento municipal de apoios financeiros \u00e0 reabilita\u00e7\u00e3o urbana - Algarve 7<\/title>\n<meta name=\"description\" content=\"Munic\u00edpio de Silves d\u00e1 inicio \u00e0 elabora\u00e7\u00e3o do regulamento municipal de apoios financeiros \u00e0 reabilita\u00e7\u00e3o urbana Atualidade\" \/>\n<meta name=\"robots\" content=\"index, follow, max-snippet:-1, max-image-preview:large, max-video-preview:-1\" \/>\n<link rel=\"canonical\" href=\"https:\/\/algarve7.pt\/index.php\/2023\/10\/municipio-de-silves-da-inicio-a-elaboracao-do-regulamento-municipal-de-apoios-financeiros-a-reabilitacao-urbana\/atualidade\/09\/51\/\" \/>\n<meta property=\"og:locale\" content=\"pt_PT\" \/>\n<meta property=\"og:type\" content=\"article\" \/>\n<meta property=\"og:title\" content=\"Munic\u00edpio de Silves d\u00e1 inicio \u00e0 elabora\u00e7\u00e3o do regulamento municipal de apoios financeiros \u00e0 reabilita\u00e7\u00e3o urbana - Algarve 7\" \/>\n<meta property=\"og:description\" content=\"Munic\u00edpio de Silves d\u00e1 inicio \u00e0 elabora\u00e7\u00e3o do regulamento municipal de apoios financeiros \u00e0 reabilita\u00e7\u00e3o urbana Atualidade\" \/>\n<meta property=\"og:url\" content=\"https:\/\/algarve7.pt\/index.php\/2023\/10\/municipio-de-silves-da-inicio-a-elaboracao-do-regulamento-municipal-de-apoios-financeiros-a-reabilitacao-urbana\/atualidade\/09\/51\/\" \/>\n<meta property=\"og:site_name\" content=\"Algarve 7\" \/>\n<meta property=\"article:publisher\" content=\"https:\/\/www.facebook.com\/algarve7\" \/>\n<meta property=\"article:author\" content=\"https:\/\/www.facebook.com\/algarve7\" \/>\n<meta property=\"article:published_time\" content=\"2023-10-07T08:51:00+00:00\" \/>\n<meta property=\"og:image\" content=\"https:\/\/algarve7.pt\/wp-content\/uploads\/2023\/10\/Noticia_-ARU.jpg\" \/>\n\t<meta property=\"og:image:width\" content=\"1024\" \/>\n\t<meta property=\"og:image:height\" content=\"496\" \/>\n\t<meta property=\"og:image:type\" content=\"image\/jpeg\" \/>\n<meta name=\"author\" content=\"Algarve 7\" \/>\n<meta name=\"twitter:card\" content=\"summary_large_image\" \/>\n<meta name=\"twitter:creator\" content=\"@Algarvesete\" \/>\n<meta name=\"twitter:site\" content=\"@Algarvesete\" \/>\n<meta name=\"twitter:label1\" content=\"Escrito por\" \/>\n\t<meta name=\"twitter:data1\" content=\"Algarve 7\" \/>\n\t<meta name=\"twitter:label2\" content=\"Tempo estimado de leitura\" \/>\n\t<meta name=\"twitter:data2\" content=\"2 minutos\" \/>\n<script type=\"application\/ld+json\" class=\"yoast-schema-graph\">{\"@context\":\"https:\\\/\\\/schema.org\",\"@graph\":[{\"@type\":\"Article\",\"@id\":\"https:\\\/\\\/algarve7.pt\\\/index.php\\\/2023\\\/10\\\/municipio-de-silves-da-inicio-a-elaboracao-do-regulamento-municipal-de-apoios-financeiros-a-reabilitacao-urbana\\\/atualidade\\\/09\\\/51\\\/#article\",\"isPartOf\":{\"@id\":\"https:\\\/\\\/algarve7.pt\\\/index.php\\\/2023\\\/10\\\/municipio-de-silves-da-inicio-a-elaboracao-do-regulamento-municipal-de-apoios-financeiros-a-reabilitacao-urbana\\\/atualidade\\\/09\\\/51\\\/\"},\"author\":{\"name\":\"Algarve 7\",\"@id\":\"https:\\\/\\\/algarve7.pt\\\/#\\\/schema\\\/person\\\/23fa70681308e7b319a3204bcea45e0c\"},\"headline\":\"Munic\u00edpio de Silves d\u00e1 inicio \u00e0 elabora\u00e7\u00e3o do regulamento municipal de apoios financeiros \u00e0 reabilita\u00e7\u00e3o urbana\",\"datePublished\":\"2023-10-07T08:51:00+00:00\",\"mainEntityOfPage\":{\"@id\":\"https:\\\/\\\/algarve7.pt\\\/index.php\\\/2023\\\/10\\\/municipio-de-silves-da-inicio-a-elaboracao-do-regulamento-municipal-de-apoios-financeiros-a-reabilitacao-urbana\\\/atualidade\\\/09\\\/51\\\/\"},\"wordCount\":369,\"publisher\":{\"@id\":\"https:\\\/\\\/algarve7.pt\\\/#organization\"},\"image\":{\"@id\":\"https:\\\/\\\/algarve7.pt\\\/index.php\\\/2023\\\/10\\\/municipio-de-silves-da-inicio-a-elaboracao-do-regulamento-municipal-de-apoios-financeiros-a-reabilitacao-urbana\\\/atualidade\\\/09\\\/51\\\/#primaryimage\"},\"thumbnailUrl\":\"https:\\\/\\\/algarve7.pt\\\/wp-content\\\/uploads\\\/2023\\\/10\\\/Noticia_-ARU.jpg\",\"keywords\":[\"Algarve\",\"Atualidade\",\"Silves\"],\"articleSection\":[\"Atualidade\"],\"inLanguage\":\"pt-PT\"},{\"@type\":\"WebPage\",\"@id\":\"https:\\\/\\\/algarve7.pt\\\/index.php\\\/2023\\\/10\\\/municipio-de-silves-da-inicio-a-elaboracao-do-regulamento-municipal-de-apoios-financeiros-a-reabilitacao-urbana\\\/atualidade\\\/09\\\/51\\\/\",\"url\":\"https:\\\/\\\/algarve7.pt\\\/index.php\\\/2023\\\/10\\\/municipio-de-silves-da-inicio-a-elaboracao-do-regulamento-municipal-de-apoios-financeiros-a-reabilitacao-urbana\\\/atualidade\\\/09\\\/51\\\/\",\"name\":\"Munic\u00edpio de Silves d\u00e1 inicio \u00e0 elabora\u00e7\u00e3o do regulamento municipal de apoios financeiros \u00e0 reabilita\u00e7\u00e3o urbana - Algarve 7\",\"isPartOf\":{\"@id\":\"https:\\\/\\\/algarve7.pt\\\/#website\"},\"primaryImageOfPage\":{\"@id\":\"https:\\\/\\\/algarve7.pt\\\/index.php\\\/2023\\\/10\\\/municipio-de-silves-da-inicio-a-elaboracao-do-regulamento-municipal-de-apoios-financeiros-a-reabilitacao-urbana\\\/atualidade\\\/09\\\/51\\\/#primaryimage\"},\"image\":{\"@id\":\"https:\\\/\\\/algarve7.pt\\\/index.php\\\/2023\\\/10\\\/municipio-de-silves-da-inicio-a-elaboracao-do-regulamento-municipal-de-apoios-financeiros-a-reabilitacao-urbana\\\/atualidade\\\/09\\\/51\\\/#primaryimage\"},\"thumbnailUrl\":\"https:\\\/\\\/algarve7.pt\\\/wp-content\\\/uploads\\\/2023\\\/10\\\/Noticia_-ARU.jpg\",\"datePublished\":\"2023-10-07T08:51:00+00:00\",\"description\":\"Munic\u00edpio de Silves d\u00e1 inicio \u00e0 elabora\u00e7\u00e3o do regulamento municipal de apoios financeiros \u00e0 reabilita\u00e7\u00e3o urbana Atualidade\",\"breadcrumb\":{\"@id\":\"https:\\\/\\\/algarve7.pt\\\/index.php\\\/2023\\\/10\\\/municipio-de-silves-da-inicio-a-elaboracao-do-regulamento-municipal-de-apoios-financeiros-a-reabilitacao-urbana\\\/atualidade\\\/09\\\/51\\\/#breadcrumb\"},\"inLanguage\":\"pt-PT\",\"potentialAction\":[{\"@type\":\"ReadAction\",\"target\":[\"https:\\\/\\\/algarve7.pt\\\/index.php\\\/2023\\\/10\\\/municipio-de-silves-da-inicio-a-elaboracao-do-regulamento-municipal-de-apoios-financeiros-a-reabilitacao-urbana\\\/atualidade\\\/09\\\/51\\\/\"]}]},{\"@type\":\"ImageObject\",\"inLanguage\":\"pt-PT\",\"@id\":\"https:\\\/\\\/algarve7.pt\\\/index.php\\\/2023\\\/10\\\/municipio-de-silves-da-inicio-a-elaboracao-do-regulamento-municipal-de-apoios-financeiros-a-reabilitacao-urbana\\\/atualidade\\\/09\\\/51\\\/#primaryimage\",\"url\":\"https:\\\/\\\/algarve7.pt\\\/wp-content\\\/uploads\\\/2023\\\/10\\\/Noticia_-ARU.jpg\",\"contentUrl\":\"https:\\\/\\\/algarve7.pt\\\/wp-content\\\/uploads\\\/2023\\\/10\\\/Noticia_-ARU.jpg\",\"width\":1024,\"height\":496},{\"@type\":\"BreadcrumbList\",\"@id\":\"https:\\\/\\\/algarve7.pt\\\/index.php\\\/2023\\\/10\\\/municipio-de-silves-da-inicio-a-elaboracao-do-regulamento-municipal-de-apoios-financeiros-a-reabilitacao-urbana\\\/atualidade\\\/09\\\/51\\\/#breadcrumb\",\"itemListElement\":[{\"@type\":\"ListItem\",\"position\":1,\"name\":\"In\u00edcio\",\"item\":\"https:\\\/\\\/algarve7.pt\\\/\"},{\"@type\":\"ListItem\",\"position\":2,\"name\":\"Munic\u00edpio de Silves d\u00e1 inicio \u00e0 elabora\u00e7\u00e3o do regulamento municipal de apoios financeiros \u00e0 reabilita\u00e7\u00e3o urbana\"}]},{\"@type\":\"WebSite\",\"@id\":\"https:\\\/\\\/algarve7.pt\\\/#website\",\"url\":\"https:\\\/\\\/algarve7.pt\\\/\",\"name\":\"Algarve 7\",\"description\":\"Informa\u00e7\u00e3o sobre o Algarve\",\"publisher\":{\"@id\":\"https:\\\/\\\/algarve7.pt\\\/#organization\"},\"potentialAction\":[{\"@type\":\"SearchAction\",\"target\":{\"@type\":\"EntryPoint\",\"urlTemplate\":\"https:\\\/\\\/algarve7.pt\\\/?s={search_term_string}\"},\"query-input\":{\"@type\":\"PropertyValueSpecification\",\"valueRequired\":true,\"valueName\":\"search_term_string\"}}],\"inLanguage\":\"pt-PT\"},{\"@type\":\"Organization\",\"@id\":\"https:\\\/\\\/algarve7.pt\\\/#organization\",\"name\":\"Algarve 7\",\"url\":\"https:\\\/\\\/algarve7.pt\\\/\",\"logo\":{\"@type\":\"ImageObject\",\"inLanguage\":\"pt-PT\",\"@id\":\"https:\\\/\\\/algarve7.pt\\\/#\\\/schema\\\/logo\\\/image\\\/\",\"url\":\"https:\\\/\\\/algarve7.pt\\\/wp-content\\\/uploads\\\/2020\\\/10\\\/Logo-8.jpg\",\"contentUrl\":\"https:\\\/\\\/algarve7.pt\\\/wp-content\\\/uploads\\\/2020\\\/10\\\/Logo-8.jpg\",\"width\":1680,\"height\":1186,\"caption\":\"Algarve 7\"},\"image\":{\"@id\":\"https:\\\/\\\/algarve7.pt\\\/#\\\/schema\\\/logo\\\/image\\\/\"},\"sameAs\":[\"https:\\\/\\\/www.facebook.com\\\/algarve7\",\"https:\\\/\\\/x.com\\\/Algarvesete\",\"https:\\\/\\\/www.instagram.com\\\/jornalalgarve7\\\/\",\"https:\\\/\\\/www.linkedin.com\\\/company\\\/algarve7\",\"https:\\\/\\\/www.pinterest.pt\\\/geral0939\\\/_created\\\/\"]},{\"@type\":\"Person\",\"@id\":\"https:\\\/\\\/algarve7.pt\\\/#\\\/schema\\\/person\\\/23fa70681308e7b319a3204bcea45e0c\",\"name\":\"Algarve 7\",\"sameAs\":[\"https:\\\/\\\/algarve7.pt\",\"https:\\\/\\\/www.facebook.com\\\/algarve7\"],\"url\":\"https:\\\/\\\/algarve7.pt\\\/index.php\\\/author\\\/geralalgarve7-pt\\\/\"}]}<\/script>\n<!-- \/ Yoast SEO plugin. -->","yoast_head_json":{"title":"Munic\u00edpio de Silves d\u00e1 inicio \u00e0 elabora\u00e7\u00e3o do regulamento municipal de apoios financeiros \u00e0 reabilita\u00e7\u00e3o urbana - Algarve 7","description":"Munic\u00edpio de Silves d\u00e1 inicio \u00e0 elabora\u00e7\u00e3o do regulamento municipal de apoios financeiros \u00e0 reabilita\u00e7\u00e3o urbana Atualidade","robots":{"index":"index","follow":"follow","max-snippet":"max-snippet:-1","max-image-preview":"max-image-preview:large","max-video-preview":"max-video-preview:-1"},"canonical":"https:\/\/algarve7.pt\/index.php\/2023\/10\/municipio-de-silves-da-inicio-a-elaboracao-do-regulamento-municipal-de-apoios-financeiros-a-reabilitacao-urbana\/atualidade\/09\/51\/","og_locale":"pt_PT","og_type":"article","og_title":"Munic\u00edpio de Silves d\u00e1 inicio \u00e0 elabora\u00e7\u00e3o do regulamento municipal de apoios financeiros \u00e0 reabilita\u00e7\u00e3o urbana - Algarve 7","og_description":"Munic\u00edpio de Silves d\u00e1 inicio \u00e0 elabora\u00e7\u00e3o do regulamento municipal de apoios financeiros \u00e0 reabilita\u00e7\u00e3o urbana Atualidade","og_url":"https:\/\/algarve7.pt\/index.php\/2023\/10\/municipio-de-silves-da-inicio-a-elaboracao-do-regulamento-municipal-de-apoios-financeiros-a-reabilitacao-urbana\/atualidade\/09\/51\/","og_site_name":"Algarve 7","article_publisher":"https:\/\/www.facebook.com\/algarve7","article_author":"https:\/\/www.facebook.com\/algarve7","article_published_time":"2023-10-07T08:51:00+00:00","og_image":[{"width":1024,"height":496,"url":"https:\/\/algarve7.pt\/wp-content\/uploads\/2023\/10\/Noticia_-ARU.jpg","type":"image\/jpeg"}],"author":"Algarve 7","twitter_card":"summary_large_image","twitter_creator":"@Algarvesete","twitter_site":"@Algarvesete","twitter_misc":{"Escrito por":"Algarve 7","Tempo estimado de leitura":"2 minutos"},"schema":{"@context":"https:\/\/schema.org","@graph":[{"@type":"Article","@id":"https:\/\/algarve7.pt\/index.php\/2023\/10\/municipio-de-silves-da-inicio-a-elaboracao-do-regulamento-municipal-de-apoios-financeiros-a-reabilitacao-urbana\/atualidade\/09\/51\/#article","isPartOf":{"@id":"https:\/\/algarve7.pt\/index.php\/2023\/10\/municipio-de-silves-da-inicio-a-elaboracao-do-regulamento-municipal-de-apoios-financeiros-a-reabilitacao-urbana\/atualidade\/09\/51\/"},"author":{"name":"Algarve 7","@id":"https:\/\/algarve7.pt\/#\/schema\/person\/23fa70681308e7b319a3204bcea45e0c"},"headline":"Munic\u00edpio de Silves d\u00e1 inicio \u00e0 elabora\u00e7\u00e3o do regulamento municipal de apoios financeiros \u00e0 reabilita\u00e7\u00e3o urbana","datePublished":"2023-10-07T08:51:00+00:00","mainEntityOfPage":{"@id":"https:\/\/algarve7.pt\/index.php\/2023\/10\/municipio-de-silves-da-inicio-a-elaboracao-do-regulamento-municipal-de-apoios-financeiros-a-reabilitacao-urbana\/atualidade\/09\/51\/"},"wordCount":369,"publisher":{"@id":"https:\/\/algarve7.pt\/#organization"},"image":{"@id":"https:\/\/algarve7.pt\/index.php\/2023\/10\/municipio-de-silves-da-inicio-a-elaboracao-do-regulamento-municipal-de-apoios-financeiros-a-reabilitacao-urbana\/atualidade\/09\/51\/#primaryimage"},"thumbnailUrl":"https:\/\/algarve7.pt\/wp-content\/uploads\/2023\/10\/Noticia_-ARU.jpg","keywords":["Algarve","Atualidade","Silves"],"articleSection":["Atualidade"],"inLanguage":"pt-PT"},{"@type":"WebPage","@id":"https:\/\/algarve7.pt\/index.php\/2023\/10\/municipio-de-silves-da-inicio-a-elaboracao-do-regulamento-municipal-de-apoios-financeiros-a-reabilitacao-urbana\/atualidade\/09\/51\/","url":"https:\/\/algarve7.pt\/index.php\/2023\/10\/municipio-de-silves-da-inicio-a-elaboracao-do-regulamento-municipal-de-apoios-financeiros-a-reabilitacao-urbana\/atualidade\/09\/51\/","name":"Munic\u00edpio de Silves d\u00e1 inicio \u00e0 elabora\u00e7\u00e3o do regulamento municipal de apoios financeiros \u00e0 reabilita\u00e7\u00e3o urbana - Algarve 7","isPartOf":{"@id":"https:\/\/algarve7.pt\/#website"},"primaryImageOfPage":{"@id":"https:\/\/algarve7.pt\/index.php\/2023\/10\/municipio-de-silves-da-inicio-a-elaboracao-do-regulamento-municipal-de-apoios-financeiros-a-reabilitacao-urbana\/atualidade\/09\/51\/#primaryimage"},"image":{"@id":"https:\/\/algarve7.pt\/index.php\/2023\/10\/municipio-de-silves-da-inicio-a-elaboracao-do-regulamento-municipal-de-apoios-financeiros-a-reabilitacao-urbana\/atualidade\/09\/51\/#primaryimage"},"thumbnailUrl":"https:\/\/algarve7.pt\/wp-content\/uploads\/2023\/10\/Noticia_-ARU.jpg","datePublished":"2023-10-07T08:51:00+00:00","description":"Munic\u00edpio de Silves d\u00e1 inicio \u00e0 elabora\u00e7\u00e3o do regulamento municipal de apoios financeiros \u00e0 reabilita\u00e7\u00e3o urbana Atualidade","breadcrumb":{"@id":"https:\/\/algarve7.pt\/index.php\/2023\/10\/municipio-de-silves-da-inicio-a-elaboracao-do-regulamento-municipal-de-apoios-financeiros-a-reabilitacao-urbana\/atualidade\/09\/51\/#breadcrumb"},"inLanguage":"pt-PT","potentialAction":[{"@type":"ReadAction","target":["https:\/\/algarve7.pt\/index.php\/2023\/10\/municipio-de-silves-da-inicio-a-elaboracao-do-regulamento-municipal-de-apoios-financeiros-a-reabilitacao-urbana\/atualidade\/09\/51\/"]}]},{"@type":"ImageObject","inLanguage":"pt-PT","@id":"https:\/\/algarve7.pt\/index.php\/2023\/10\/municipio-de-silves-da-inicio-a-elaboracao-do-regulamento-municipal-de-apoios-financeiros-a-reabilitacao-urbana\/atualidade\/09\/51\/#primaryimage","url":"https:\/\/algarve7.pt\/wp-content\/uploads\/2023\/10\/Noticia_-ARU.jpg","contentUrl":"https:\/\/algarve7.pt\/wp-content\/uploads\/2023\/10\/Noticia_-ARU.jpg","width":1024,"height":496},{"@type":"BreadcrumbList","@id":"https:\/\/algarve7.pt\/index.php\/2023\/10\/municipio-de-silves-da-inicio-a-elaboracao-do-regulamento-municipal-de-apoios-financeiros-a-reabilitacao-urbana\/atualidade\/09\/51\/#breadcrumb","itemListElement":[{"@type":"ListItem","position":1,"name":"In\u00edcio","item":"https:\/\/algarve7.pt\/"},{"@type":"ListItem","position":2,"name":"Munic\u00edpio de Silves d\u00e1 inicio \u00e0 elabora\u00e7\u00e3o do regulamento municipal de apoios financeiros \u00e0 reabilita\u00e7\u00e3o urbana"}]},{"@type":"WebSite","@id":"https:\/\/algarve7.pt\/#website","url":"https:\/\/algarve7.pt\/","name":"Algarve 7","description":"Informa\u00e7\u00e3o sobre o Algarve","publisher":{"@id":"https:\/\/algarve7.pt\/#organization"},"potentialAction":[{"@type":"SearchAction","target":{"@type":"EntryPoint","urlTemplate":"https:\/\/algarve7.pt\/?s={search_term_string}"},"query-input":{"@type":"PropertyValueSpecification","valueRequired":true,"valueName":"search_term_string"}}],"inLanguage":"pt-PT"},{"@type":"Organization","@id":"https:\/\/algarve7.pt\/#organization","name":"Algarve 7","url":"https:\/\/algarve7.pt\/","logo":{"@type":"ImageObject","inLanguage":"pt-PT","@id":"https:\/\/algarve7.pt\/#\/schema\/logo\/image\/","url":"https:\/\/algarve7.pt\/wp-content\/uploads\/2020\/10\/Logo-8.jpg","contentUrl":"https:\/\/algarve7.pt\/wp-content\/uploads\/2020\/10\/Logo-8.jpg","width":1680,"height":1186,"caption":"Algarve 7"},"image":{"@id":"https:\/\/algarve7.pt\/#\/schema\/logo\/image\/"},"sameAs":["https:\/\/www.facebook.com\/algarve7","https:\/\/x.com\/Algarvesete","https:\/\/www.instagram.com\/jornalalgarve7\/","https:\/\/www.linkedin.com\/company\/algarve7","https:\/\/www.pinterest.pt\/geral0939\/_created\/"]},{"@type":"Person","@id":"https:\/\/algarve7.pt\/#\/schema\/person\/23fa70681308e7b319a3204bcea45e0c","name":"Algarve 7","sameAs":["https:\/\/algarve7.pt","https:\/\/www.facebook.com\/algarve7"],"url":"https:\/\/algarve7.pt\/index.php\/author\/geralalgarve7-pt\/"}]}},"jetpack_publicize_connections":[],"jetpack_featured_media_url":"https:\/\/algarve7.pt\/wp-content\/uploads\/2023\/10\/Noticia_-ARU.jpg","jetpack_shortlink":"https:\/\/wp.me\/pcezmW-8eo","jetpack_sharing_enabled":true,"_links":{"self":[{"href":"https:\/\/algarve7.pt\/index.php\/wp-json\/wp\/v2\/posts\/31644","targetHints":{"allow":["GET"]}}],"collection":[{"href":"https:\/\/algarve7.pt\/index.php\/wp-json\/wp\/v2\/posts"}],"about":[{"href":"https:\/\/algarve7.pt\/index.php\/wp-json\/wp\/v2\/types\/post"}],"author":[{"embeddable":true,"href":"https:\/\/algarve7.pt\/index.php\/wp-json\/wp\/v2\/users\/1"}],"replies":[{"embeddable":true,"href":"https:\/\/algarve7.pt\/index.php\/wp-json\/wp\/v2\/comments?post=31644"}],"version-history":[{"count":0,"href":"https:\/\/algarve7.pt\/index.php\/wp-json\/wp\/v2\/posts\/31644\/revisions"}],"wp:featuredmedia":[{"embeddable":true,"href":"https:\/\/algarve7.pt\/index.php\/wp-json\/wp\/v2\/media\/31645"}],"wp:attachment":[{"href":"https:\/\/algarve7.pt\/index.php\/wp-json\/wp\/v2\/media?parent=31644"}],"wp:term":[{"taxonomy":"category","embeddable":true,"href":"https:\/\/algarve7.pt\/index.php\/wp-json\/wp\/v2\/categories?post=31644"},{"taxonomy":"post_tag","embeddable":true,"href":"https:\/\/algarve7.pt\/index.php\/wp-json\/wp\/v2\/tags?post=31644"}],"curies":[{"name":"wp","href":"https:\/\/api.w.org\/{rel}","templated":true}]}}