{"id":31595,"date":"2023-10-05T15:34:00","date_gmt":"2023-10-05T14:34:00","guid":{"rendered":"https:\/\/algarve7.pt\/?p=31595"},"modified":"2023-10-04T18:36:45","modified_gmt":"2023-10-04T17:36:45","slug":"emarp-volta-a-ser-distinguida-com-selo-de-qualidade-exemplar-de-agua-para-consumo-humano-pela-ersar","status":"publish","type":"post","link":"https:\/\/algarve7.pt\/index.php\/2023\/10\/emarp-volta-a-ser-distinguida-com-selo-de-qualidade-exemplar-de-agua-para-consumo-humano-pela-ersar\/atualidade\/15\/34\/","title":{"rendered":"EMARP volta a ser distinguida com \u201cselo de qualidade exemplar de \u00e1gua para consumo humano\u201d pela ERSAR"},"content":{"rendered":"\n<p>A Empresa Municipal de \u00c1guas e Res\u00edduos de Portim\u00e3o volta a ser distinguida com o <strong>\u201cSelo de qualidade exemplar de \u00e1gua para consumo humano\u201d,<\/strong> pela Entidade Reguladora dos Servi\u00e7os de \u00c1guas e Res\u00edduos (ERSAR).<\/p>\n\n\n\n<p>A n\u00edvel nacional, num universo de 227 empresas e munic\u00edpios, a EMARP \u00e9 uma das 89 entidades distinguidas. Realce para o facto de a regi\u00e3o algarvia contar com 7 distin\u00e7\u00f5es.<\/p>\n\n\n\n<p>Este reconhecimento resulta de um rigoroso sistema de avalia\u00e7\u00e3o dos servi\u00e7os prestados aos consumidores pelas entidades gestoras, que inclui crit\u00e9rios quantitativos e qualitativos, governan\u00e7a, cumprimento de obriga\u00e7\u00f5es legais e conduta perante o regulador, sendo as entidades gestoras com melhor desempenho distinguidas com Pr\u00e9mios de Excel\u00eancia.<\/p>\n\n\n\n<p>A EMARP efetua, anualmente, em m\u00e9dia cerca de 5000 an\u00e1lises \u00e0 \u00e1gua portimonense.<br>Para al\u00e9m de estar sujeita ao Programa de Controlo da \u00c1gua para Consumo Humano, aprovado pela ERSAR, a \u00e1gua \u00e9 tamb\u00e9m avaliada internamente atrav\u00e9s do Plano de Controlo de Qualidade Operacional da EMARP, que prev\u00ea a realiza\u00e7\u00e3o de um conjunto de an\u00e1lises que garantem a sua qualidade na rede de distribui\u00e7\u00e3o.<\/p>\n\n\n\n<p>De salientar que os dados do controlo da qualidade da \u00e1gua destinada ao consumo humano demonstram que a \u00e1gua da torneira fornecida pelos sistemas de abastecimento p\u00fablico em Portugal continental \u00e9 segura, com um resultado para o indicador \u201c\u00e1gua segura\u201d de 99 %.&nbsp;<\/p>\n","protected":false},"excerpt":{"rendered":"<p>A Empresa Municipal de \u00c1guas e Res\u00edduos de Portim\u00e3o volta a ser distinguida com o \u201cSelo de qualidade exemplar de<\/p>\n","protected":false},"author":1,"featured_media":31596,"comment_status":"closed","ping_status":"open","sticky":false,"template":"","format":"standard","meta":{"colormag_page_container_layout":"default_layout","colormag_page_sidebar_layout":"default_layout","_monsterinsights_skip_tracking":false,"_monsterinsights_sitenote_active":false,"_monsterinsights_sitenote_note":"","_monsterinsights_sitenote_category":0,"jetpack_post_was_ever_published":false,"_jetpack_newsletter_access":"","_jetpack_dont_email_post_to_subs":false,"_jetpack_newsletter_tier_id":0,"_jetpack_memberships_contains_paywalled_content":false,"_jetpack_memberships_contains_paid_content":false,"footnotes":"","jetpack_publicize_message":"","jetpack_publicize_feature_enabled":true,"jetpack_social_post_already_shared":true,"jetpack_social_options":{"image_generator_settings":{"template":"highway","default_image_id":0,"font":"","enabled":false},"version":2}},"categories":[11],"tags":[36,62,611,72],"class_list":["post-31595","post","type-post","status-publish","format-standard","has-post-thumbnail","hentry","category-atualidade","tag-algarve","tag-atualidade","tag-emarp","tag-portimao"],"yoast_head":"<!-- This site is optimized with the Yoast SEO plugin v27.5 - https:\/\/yoast.com\/product\/yoast-seo-wordpress\/ -->\n<title>EMARP volta a ser distinguida com \u201cselo de qualidade exemplar de \u00e1gua para consumo humano\u201d pela ERSAR - Algarve 7<\/title>\n<meta name=\"description\" content=\"EMARP volta a ser distinguida com \u201cselo de qualidade exemplar de \u00e1gua para consumo humano\u201d pela ERSAR Atualidade\" \/>\n<meta name=\"robots\" content=\"index, follow, max-snippet:-1, max-image-preview:large, max-video-preview:-1\" \/>\n<link rel=\"canonical\" href=\"https:\/\/algarve7.pt\/index.php\/2023\/10\/emarp-volta-a-ser-distinguida-com-selo-de-qualidade-exemplar-de-agua-para-consumo-humano-pela-ersar\/atualidade\/15\/34\/\" \/>\n<meta property=\"og:locale\" content=\"pt_PT\" \/>\n<meta property=\"og:type\" content=\"article\" \/>\n<meta property=\"og:title\" content=\"EMARP volta a ser distinguida com \u201cselo de qualidade exemplar de \u00e1gua para consumo humano\u201d pela ERSAR - Algarve 7\" \/>\n<meta property=\"og:description\" content=\"EMARP volta a ser distinguida com \u201cselo de qualidade exemplar de \u00e1gua para consumo humano\u201d pela ERSAR Atualidade\" \/>\n<meta property=\"og:url\" content=\"https:\/\/algarve7.pt\/index.php\/2023\/10\/emarp-volta-a-ser-distinguida-com-selo-de-qualidade-exemplar-de-agua-para-consumo-humano-pela-ersar\/atualidade\/15\/34\/\" \/>\n<meta property=\"og:site_name\" content=\"Algarve 7\" \/>\n<meta property=\"article:publisher\" content=\"https:\/\/www.facebook.com\/algarve7\" \/>\n<meta property=\"article:author\" content=\"https:\/\/www.facebook.com\/algarve7\" \/>\n<meta property=\"article:published_time\" content=\"2023-10-05T14:34:00+00:00\" \/>\n<meta property=\"og:image\" content=\"https:\/\/algarve7.pt\/wp-content\/uploads\/2023\/10\/Captura-de-ecra-2023-10-04-as-18.32.52.png\" \/>\n\t<meta property=\"og:image:width\" content=\"1000\" \/>\n\t<meta property=\"og:image:height\" content=\"619\" \/>\n\t<meta property=\"og:image:type\" content=\"image\/png\" \/>\n<meta name=\"author\" content=\"Algarve 7\" \/>\n<meta name=\"twitter:card\" content=\"summary_large_image\" \/>\n<meta name=\"twitter:creator\" content=\"@Algarvesete\" \/>\n<meta name=\"twitter:site\" content=\"@Algarvesete\" \/>\n<meta name=\"twitter:label1\" content=\"Escrito por\" \/>\n\t<meta name=\"twitter:data1\" content=\"Algarve 7\" \/>\n\t<meta name=\"twitter:label2\" content=\"Tempo estimado de leitura\" \/>\n\t<meta name=\"twitter:data2\" content=\"2 minutos\" \/>\n<script type=\"application\/ld+json\" class=\"yoast-schema-graph\">{\"@context\":\"https:\\\/\\\/schema.org\",\"@graph\":[{\"@type\":\"Article\",\"@id\":\"https:\\\/\\\/algarve7.pt\\\/index.php\\\/2023\\\/10\\\/emarp-volta-a-ser-distinguida-com-selo-de-qualidade-exemplar-de-agua-para-consumo-humano-pela-ersar\\\/atualidade\\\/15\\\/34\\\/#article\",\"isPartOf\":{\"@id\":\"https:\\\/\\\/algarve7.pt\\\/index.php\\\/2023\\\/10\\\/emarp-volta-a-ser-distinguida-com-selo-de-qualidade-exemplar-de-agua-para-consumo-humano-pela-ersar\\\/atualidade\\\/15\\\/34\\\/\"},\"author\":{\"name\":\"Algarve 7\",\"@id\":\"https:\\\/\\\/algarve7.pt\\\/#\\\/schema\\\/person\\\/23fa70681308e7b319a3204bcea45e0c\"},\"headline\":\"EMARP volta a ser distinguida com \u201cselo de qualidade exemplar de \u00e1gua para consumo humano\u201d pela ERSAR\",\"datePublished\":\"2023-10-05T14:34:00+00:00\",\"mainEntityOfPage\":{\"@id\":\"https:\\\/\\\/algarve7.pt\\\/index.php\\\/2023\\\/10\\\/emarp-volta-a-ser-distinguida-com-selo-de-qualidade-exemplar-de-agua-para-consumo-humano-pela-ersar\\\/atualidade\\\/15\\\/34\\\/\"},\"wordCount\":248,\"publisher\":{\"@id\":\"https:\\\/\\\/algarve7.pt\\\/#organization\"},\"image\":{\"@id\":\"https:\\\/\\\/algarve7.pt\\\/index.php\\\/2023\\\/10\\\/emarp-volta-a-ser-distinguida-com-selo-de-qualidade-exemplar-de-agua-para-consumo-humano-pela-ersar\\\/atualidade\\\/15\\\/34\\\/#primaryimage\"},\"thumbnailUrl\":\"https:\\\/\\\/algarve7.pt\\\/wp-content\\\/uploads\\\/2023\\\/10\\\/Captura-de-ecra-2023-10-04-as-18.32.52.png\",\"keywords\":[\"Algarve\",\"Atualidade\",\"EMARP\",\"Portim\u00e3o\"],\"articleSection\":[\"Atualidade\"],\"inLanguage\":\"pt-PT\"},{\"@type\":\"WebPage\",\"@id\":\"https:\\\/\\\/algarve7.pt\\\/index.php\\\/2023\\\/10\\\/emarp-volta-a-ser-distinguida-com-selo-de-qualidade-exemplar-de-agua-para-consumo-humano-pela-ersar\\\/atualidade\\\/15\\\/34\\\/\",\"url\":\"https:\\\/\\\/algarve7.pt\\\/index.php\\\/2023\\\/10\\\/emarp-volta-a-ser-distinguida-com-selo-de-qualidade-exemplar-de-agua-para-consumo-humano-pela-ersar\\\/atualidade\\\/15\\\/34\\\/\",\"name\":\"EMARP volta a ser distinguida com \u201cselo de qualidade exemplar de \u00e1gua para consumo humano\u201d pela ERSAR - Algarve 7\",\"isPartOf\":{\"@id\":\"https:\\\/\\\/algarve7.pt\\\/#website\"},\"primaryImageOfPage\":{\"@id\":\"https:\\\/\\\/algarve7.pt\\\/index.php\\\/2023\\\/10\\\/emarp-volta-a-ser-distinguida-com-selo-de-qualidade-exemplar-de-agua-para-consumo-humano-pela-ersar\\\/atualidade\\\/15\\\/34\\\/#primaryimage\"},\"image\":{\"@id\":\"https:\\\/\\\/algarve7.pt\\\/index.php\\\/2023\\\/10\\\/emarp-volta-a-ser-distinguida-com-selo-de-qualidade-exemplar-de-agua-para-consumo-humano-pela-ersar\\\/atualidade\\\/15\\\/34\\\/#primaryimage\"},\"thumbnailUrl\":\"https:\\\/\\\/algarve7.pt\\\/wp-content\\\/uploads\\\/2023\\\/10\\\/Captura-de-ecra-2023-10-04-as-18.32.52.png\",\"datePublished\":\"2023-10-05T14:34:00+00:00\",\"description\":\"EMARP volta a ser distinguida com \u201cselo de qualidade exemplar de \u00e1gua para consumo humano\u201d pela ERSAR Atualidade\",\"breadcrumb\":{\"@id\":\"https:\\\/\\\/algarve7.pt\\\/index.php\\\/2023\\\/10\\\/emarp-volta-a-ser-distinguida-com-selo-de-qualidade-exemplar-de-agua-para-consumo-humano-pela-ersar\\\/atualidade\\\/15\\\/34\\\/#breadcrumb\"},\"inLanguage\":\"pt-PT\",\"potentialAction\":[{\"@type\":\"ReadAction\",\"target\":[\"https:\\\/\\\/algarve7.pt\\\/index.php\\\/2023\\\/10\\\/emarp-volta-a-ser-distinguida-com-selo-de-qualidade-exemplar-de-agua-para-consumo-humano-pela-ersar\\\/atualidade\\\/15\\\/34\\\/\"]}]},{\"@type\":\"ImageObject\",\"inLanguage\":\"pt-PT\",\"@id\":\"https:\\\/\\\/algarve7.pt\\\/index.php\\\/2023\\\/10\\\/emarp-volta-a-ser-distinguida-com-selo-de-qualidade-exemplar-de-agua-para-consumo-humano-pela-ersar\\\/atualidade\\\/15\\\/34\\\/#primaryimage\",\"url\":\"https:\\\/\\\/algarve7.pt\\\/wp-content\\\/uploads\\\/2023\\\/10\\\/Captura-de-ecra-2023-10-04-as-18.32.52.png\",\"contentUrl\":\"https:\\\/\\\/algarve7.pt\\\/wp-content\\\/uploads\\\/2023\\\/10\\\/Captura-de-ecra-2023-10-04-as-18.32.52.png\",\"width\":1000,\"height\":619},{\"@type\":\"BreadcrumbList\",\"@id\":\"https:\\\/\\\/algarve7.pt\\\/index.php\\\/2023\\\/10\\\/emarp-volta-a-ser-distinguida-com-selo-de-qualidade-exemplar-de-agua-para-consumo-humano-pela-ersar\\\/atualidade\\\/15\\\/34\\\/#breadcrumb\",\"itemListElement\":[{\"@type\":\"ListItem\",\"position\":1,\"name\":\"In\u00edcio\",\"item\":\"https:\\\/\\\/algarve7.pt\\\/\"},{\"@type\":\"ListItem\",\"position\":2,\"name\":\"EMARP volta a ser distinguida com \u201cselo de qualidade exemplar de \u00e1gua para consumo humano\u201d pela ERSAR\"}]},{\"@type\":\"WebSite\",\"@id\":\"https:\\\/\\\/algarve7.pt\\\/#website\",\"url\":\"https:\\\/\\\/algarve7.pt\\\/\",\"name\":\"Algarve 7\",\"description\":\"Informa\u00e7\u00e3o sobre o Algarve\",\"publisher\":{\"@id\":\"https:\\\/\\\/algarve7.pt\\\/#organization\"},\"potentialAction\":[{\"@type\":\"SearchAction\",\"target\":{\"@type\":\"EntryPoint\",\"urlTemplate\":\"https:\\\/\\\/algarve7.pt\\\/?s={search_term_string}\"},\"query-input\":{\"@type\":\"PropertyValueSpecification\",\"valueRequired\":true,\"valueName\":\"search_term_string\"}}],\"inLanguage\":\"pt-PT\"},{\"@type\":\"Organization\",\"@id\":\"https:\\\/\\\/algarve7.pt\\\/#organization\",\"name\":\"Algarve 7\",\"url\":\"https:\\\/\\\/algarve7.pt\\\/\",\"logo\":{\"@type\":\"ImageObject\",\"inLanguage\":\"pt-PT\",\"@id\":\"https:\\\/\\\/algarve7.pt\\\/#\\\/schema\\\/logo\\\/image\\\/\",\"url\":\"https:\\\/\\\/algarve7.pt\\\/wp-content\\\/uploads\\\/2020\\\/10\\\/Logo-8.jpg\",\"contentUrl\":\"https:\\\/\\\/algarve7.pt\\\/wp-content\\\/uploads\\\/2020\\\/10\\\/Logo-8.jpg\",\"width\":1680,\"height\":1186,\"caption\":\"Algarve 7\"},\"image\":{\"@id\":\"https:\\\/\\\/algarve7.pt\\\/#\\\/schema\\\/logo\\\/image\\\/\"},\"sameAs\":[\"https:\\\/\\\/www.facebook.com\\\/algarve7\",\"https:\\\/\\\/x.com\\\/Algarvesete\",\"https:\\\/\\\/www.instagram.com\\\/jornalalgarve7\\\/\",\"https:\\\/\\\/www.linkedin.com\\\/company\\\/algarve7\",\"https:\\\/\\\/www.pinterest.pt\\\/geral0939\\\/_created\\\/\"]},{\"@type\":\"Person\",\"@id\":\"https:\\\/\\\/algarve7.pt\\\/#\\\/schema\\\/person\\\/23fa70681308e7b319a3204bcea45e0c\",\"name\":\"Algarve 7\",\"sameAs\":[\"https:\\\/\\\/algarve7.pt\",\"https:\\\/\\\/www.facebook.com\\\/algarve7\"],\"url\":\"https:\\\/\\\/algarve7.pt\\\/index.php\\\/author\\\/geralalgarve7-pt\\\/\"}]}<\/script>\n<!-- \/ Yoast SEO plugin. -->","yoast_head_json":{"title":"EMARP volta a ser distinguida com \u201cselo de qualidade exemplar de \u00e1gua para consumo humano\u201d pela ERSAR - Algarve 7","description":"EMARP volta a ser distinguida com \u201cselo de qualidade exemplar de \u00e1gua para consumo humano\u201d pela ERSAR Atualidade","robots":{"index":"index","follow":"follow","max-snippet":"max-snippet:-1","max-image-preview":"max-image-preview:large","max-video-preview":"max-video-preview:-1"},"canonical":"https:\/\/algarve7.pt\/index.php\/2023\/10\/emarp-volta-a-ser-distinguida-com-selo-de-qualidade-exemplar-de-agua-para-consumo-humano-pela-ersar\/atualidade\/15\/34\/","og_locale":"pt_PT","og_type":"article","og_title":"EMARP volta a ser distinguida com \u201cselo de qualidade exemplar de \u00e1gua para consumo humano\u201d pela ERSAR - Algarve 7","og_description":"EMARP volta a ser distinguida com \u201cselo de qualidade exemplar de \u00e1gua para consumo humano\u201d pela ERSAR Atualidade","og_url":"https:\/\/algarve7.pt\/index.php\/2023\/10\/emarp-volta-a-ser-distinguida-com-selo-de-qualidade-exemplar-de-agua-para-consumo-humano-pela-ersar\/atualidade\/15\/34\/","og_site_name":"Algarve 7","article_publisher":"https:\/\/www.facebook.com\/algarve7","article_author":"https:\/\/www.facebook.com\/algarve7","article_published_time":"2023-10-05T14:34:00+00:00","og_image":[{"width":1000,"height":619,"url":"https:\/\/algarve7.pt\/wp-content\/uploads\/2023\/10\/Captura-de-ecra-2023-10-04-as-18.32.52.png","type":"image\/png"}],"author":"Algarve 7","twitter_card":"summary_large_image","twitter_creator":"@Algarvesete","twitter_site":"@Algarvesete","twitter_misc":{"Escrito por":"Algarve 7","Tempo estimado de leitura":"2 minutos"},"schema":{"@context":"https:\/\/schema.org","@graph":[{"@type":"Article","@id":"https:\/\/algarve7.pt\/index.php\/2023\/10\/emarp-volta-a-ser-distinguida-com-selo-de-qualidade-exemplar-de-agua-para-consumo-humano-pela-ersar\/atualidade\/15\/34\/#article","isPartOf":{"@id":"https:\/\/algarve7.pt\/index.php\/2023\/10\/emarp-volta-a-ser-distinguida-com-selo-de-qualidade-exemplar-de-agua-para-consumo-humano-pela-ersar\/atualidade\/15\/34\/"},"author":{"name":"Algarve 7","@id":"https:\/\/algarve7.pt\/#\/schema\/person\/23fa70681308e7b319a3204bcea45e0c"},"headline":"EMARP volta a ser distinguida com \u201cselo de qualidade exemplar de \u00e1gua para consumo humano\u201d pela ERSAR","datePublished":"2023-10-05T14:34:00+00:00","mainEntityOfPage":{"@id":"https:\/\/algarve7.pt\/index.php\/2023\/10\/emarp-volta-a-ser-distinguida-com-selo-de-qualidade-exemplar-de-agua-para-consumo-humano-pela-ersar\/atualidade\/15\/34\/"},"wordCount":248,"publisher":{"@id":"https:\/\/algarve7.pt\/#organization"},"image":{"@id":"https:\/\/algarve7.pt\/index.php\/2023\/10\/emarp-volta-a-ser-distinguida-com-selo-de-qualidade-exemplar-de-agua-para-consumo-humano-pela-ersar\/atualidade\/15\/34\/#primaryimage"},"thumbnailUrl":"https:\/\/algarve7.pt\/wp-content\/uploads\/2023\/10\/Captura-de-ecra-2023-10-04-as-18.32.52.png","keywords":["Algarve","Atualidade","EMARP","Portim\u00e3o"],"articleSection":["Atualidade"],"inLanguage":"pt-PT"},{"@type":"WebPage","@id":"https:\/\/algarve7.pt\/index.php\/2023\/10\/emarp-volta-a-ser-distinguida-com-selo-de-qualidade-exemplar-de-agua-para-consumo-humano-pela-ersar\/atualidade\/15\/34\/","url":"https:\/\/algarve7.pt\/index.php\/2023\/10\/emarp-volta-a-ser-distinguida-com-selo-de-qualidade-exemplar-de-agua-para-consumo-humano-pela-ersar\/atualidade\/15\/34\/","name":"EMARP volta a ser distinguida com \u201cselo de qualidade exemplar de \u00e1gua para consumo humano\u201d pela ERSAR - Algarve 7","isPartOf":{"@id":"https:\/\/algarve7.pt\/#website"},"primaryImageOfPage":{"@id":"https:\/\/algarve7.pt\/index.php\/2023\/10\/emarp-volta-a-ser-distinguida-com-selo-de-qualidade-exemplar-de-agua-para-consumo-humano-pela-ersar\/atualidade\/15\/34\/#primaryimage"},"image":{"@id":"https:\/\/algarve7.pt\/index.php\/2023\/10\/emarp-volta-a-ser-distinguida-com-selo-de-qualidade-exemplar-de-agua-para-consumo-humano-pela-ersar\/atualidade\/15\/34\/#primaryimage"},"thumbnailUrl":"https:\/\/algarve7.pt\/wp-content\/uploads\/2023\/10\/Captura-de-ecra-2023-10-04-as-18.32.52.png","datePublished":"2023-10-05T14:34:00+00:00","description":"EMARP volta a ser distinguida com \u201cselo de qualidade exemplar de \u00e1gua para consumo humano\u201d pela ERSAR Atualidade","breadcrumb":{"@id":"https:\/\/algarve7.pt\/index.php\/2023\/10\/emarp-volta-a-ser-distinguida-com-selo-de-qualidade-exemplar-de-agua-para-consumo-humano-pela-ersar\/atualidade\/15\/34\/#breadcrumb"},"inLanguage":"pt-PT","potentialAction":[{"@type":"ReadAction","target":["https:\/\/algarve7.pt\/index.php\/2023\/10\/emarp-volta-a-ser-distinguida-com-selo-de-qualidade-exemplar-de-agua-para-consumo-humano-pela-ersar\/atualidade\/15\/34\/"]}]},{"@type":"ImageObject","inLanguage":"pt-PT","@id":"https:\/\/algarve7.pt\/index.php\/2023\/10\/emarp-volta-a-ser-distinguida-com-selo-de-qualidade-exemplar-de-agua-para-consumo-humano-pela-ersar\/atualidade\/15\/34\/#primaryimage","url":"https:\/\/algarve7.pt\/wp-content\/uploads\/2023\/10\/Captura-de-ecra-2023-10-04-as-18.32.52.png","contentUrl":"https:\/\/algarve7.pt\/wp-content\/uploads\/2023\/10\/Captura-de-ecra-2023-10-04-as-18.32.52.png","width":1000,"height":619},{"@type":"BreadcrumbList","@id":"https:\/\/algarve7.pt\/index.php\/2023\/10\/emarp-volta-a-ser-distinguida-com-selo-de-qualidade-exemplar-de-agua-para-consumo-humano-pela-ersar\/atualidade\/15\/34\/#breadcrumb","itemListElement":[{"@type":"ListItem","position":1,"name":"In\u00edcio","item":"https:\/\/algarve7.pt\/"},{"@type":"ListItem","position":2,"name":"EMARP volta a ser distinguida com \u201cselo de qualidade exemplar de \u00e1gua para consumo humano\u201d pela ERSAR"}]},{"@type":"WebSite","@id":"https:\/\/algarve7.pt\/#website","url":"https:\/\/algarve7.pt\/","name":"Algarve 7","description":"Informa\u00e7\u00e3o sobre o Algarve","publisher":{"@id":"https:\/\/algarve7.pt\/#organization"},"potentialAction":[{"@type":"SearchAction","target":{"@type":"EntryPoint","urlTemplate":"https:\/\/algarve7.pt\/?s={search_term_string}"},"query-input":{"@type":"PropertyValueSpecification","valueRequired":true,"valueName":"search_term_string"}}],"inLanguage":"pt-PT"},{"@type":"Organization","@id":"https:\/\/algarve7.pt\/#organization","name":"Algarve 7","url":"https:\/\/algarve7.pt\/","logo":{"@type":"ImageObject","inLanguage":"pt-PT","@id":"https:\/\/algarve7.pt\/#\/schema\/logo\/image\/","url":"https:\/\/algarve7.pt\/wp-content\/uploads\/2020\/10\/Logo-8.jpg","contentUrl":"https:\/\/algarve7.pt\/wp-content\/uploads\/2020\/10\/Logo-8.jpg","width":1680,"height":1186,"caption":"Algarve 7"},"image":{"@id":"https:\/\/algarve7.pt\/#\/schema\/logo\/image\/"},"sameAs":["https:\/\/www.facebook.com\/algarve7","https:\/\/x.com\/Algarvesete","https:\/\/www.instagram.com\/jornalalgarve7\/","https:\/\/www.linkedin.com\/company\/algarve7","https:\/\/www.pinterest.pt\/geral0939\/_created\/"]},{"@type":"Person","@id":"https:\/\/algarve7.pt\/#\/schema\/person\/23fa70681308e7b319a3204bcea45e0c","name":"Algarve 7","sameAs":["https:\/\/algarve7.pt","https:\/\/www.facebook.com\/algarve7"],"url":"https:\/\/algarve7.pt\/index.php\/author\/geralalgarve7-pt\/"}]}},"jetpack_publicize_connections":[],"jetpack_featured_media_url":"https:\/\/algarve7.pt\/wp-content\/uploads\/2023\/10\/Captura-de-ecra-2023-10-04-as-18.32.52.png","jetpack_shortlink":"https:\/\/wp.me\/pcezmW-8dB","jetpack_sharing_enabled":true,"_links":{"self":[{"href":"https:\/\/algarve7.pt\/index.php\/wp-json\/wp\/v2\/posts\/31595","targetHints":{"allow":["GET"]}}],"collection":[{"href":"https:\/\/algarve7.pt\/index.php\/wp-json\/wp\/v2\/posts"}],"about":[{"href":"https:\/\/algarve7.pt\/index.php\/wp-json\/wp\/v2\/types\/post"}],"author":[{"embeddable":true,"href":"https:\/\/algarve7.pt\/index.php\/wp-json\/wp\/v2\/users\/1"}],"replies":[{"embeddable":true,"href":"https:\/\/algarve7.pt\/index.php\/wp-json\/wp\/v2\/comments?post=31595"}],"version-history":[{"count":0,"href":"https:\/\/algarve7.pt\/index.php\/wp-json\/wp\/v2\/posts\/31595\/revisions"}],"wp:featuredmedia":[{"embeddable":true,"href":"https:\/\/algarve7.pt\/index.php\/wp-json\/wp\/v2\/media\/31596"}],"wp:attachment":[{"href":"https:\/\/algarve7.pt\/index.php\/wp-json\/wp\/v2\/media?parent=31595"}],"wp:term":[{"taxonomy":"category","embeddable":true,"href":"https:\/\/algarve7.pt\/index.php\/wp-json\/wp\/v2\/categories?post=31595"},{"taxonomy":"post_tag","embeddable":true,"href":"https:\/\/algarve7.pt\/index.php\/wp-json\/wp\/v2\/tags?post=31595"}],"curies":[{"name":"wp","href":"https:\/\/api.w.org\/{rel}","templated":true}]}}