{"id":31589,"date":"2023-10-05T14:30:00","date_gmt":"2023-10-05T13:30:00","guid":{"rendered":"https:\/\/algarve7.pt\/?p=31589"},"modified":"2023-10-04T18:19:42","modified_gmt":"2023-10-04T17:19:42","slug":"portimao-recebe-roteiro-incode-2030-dedicado-ao-turismo","status":"publish","type":"post","link":"https:\/\/algarve7.pt\/index.php\/2023\/10\/portimao-recebe-roteiro-incode-2030-dedicado-ao-turismo\/turismo\/14\/30\/","title":{"rendered":"Portim\u00e3o recebe Roteiro INCoDe.2030 dedicado ao turismo"},"content":{"rendered":"\n<p>O Roteiro INCoDe.2030 \u2013 Capacita\u00e7\u00e3o Digital vai estar em Portim\u00e3o no pr\u00f3ximo dia 10 de outubro, com um programa dedicado ao turismo, que inclui a realiza\u00e7\u00e3o de alguns workshops.<\/p>\n\n\n\n<p>A sess\u00e3o ter\u00e1 lugar no Museu de Portim\u00e3o, entre as 9h00 e as 16h00, e dar\u00e1 voz a iniciativas locais e a projetos emblem\u00e1ticos que promovem a capacita\u00e7\u00e3o digital em Portugal e que contam com o apoio da iniciativa nacional INCoDe.2030, cujo objetivo \u00e9 contribuir para a promo\u00e7\u00e3o e capacita\u00e7\u00e3o das compet\u00eancias digitais em todos os estratos da sociedade portuguesa.<\/p>\n\n\n\n<p>As boas-vindas aos participantes ser\u00e3o dadas por Jos\u00e9 Pedro Antunes, coordenador executivo do INCoDe.2030, e \u00c1lvaro Bila, vice-presidente da C\u00e2mara Municipal de Portim\u00e3o, a que se seguir\u00e1 a divulga\u00e7\u00e3o das iniciativas que fazem parte deste projeto.<\/p>\n\n\n\n<p>At\u00e9 ao final da manh\u00e3, o turismo dominar\u00e1 as aten\u00e7\u00f5es com a participa\u00e7\u00e3o de alguns especialistas e perante um painel de convidados, entre os quais Ana Caldeira (Turismo de Portugal), Andr\u00e9 Gomes (presidente do Turismo do Algarve) e Nuno Bernardo (Confedera\u00e7\u00e3o do Turismo de Portugal), ocupando as iniciativas locais os trabalhos na sess\u00e3o da tarde.<\/p>\n\n\n\n<p><strong>Workshops paralelos<\/strong><\/p>\n\n\n\n<p>Em paralelo ao programa, ter\u00e3o lugar dois workshops destinados a estudantes do ensino b\u00e1sico e secund\u00e1rio, sobre o programa \u201cEngenheiras Por Um Dia\u201d, que promove junto da comunidade feminina do ensino n\u00e3o superior a op\u00e7\u00e3o pelas engenharias e pelas tecnologias, desconstruindo a ideia de que s\u00e3o dom\u00ednios masculinos.<\/p>\n\n\n\n<p>J\u00e1 o workshop \u201c14:30 PTSOC &amp; PSP | Desafios &amp; Boas Pr\u00e1ticas de Ciberseguran\u00e7a\u201d, visa contribuir para uma maior consciencializa\u00e7\u00e3o e capacita\u00e7\u00e3o para a problem\u00e1tica, atrav\u00e9s da identifica\u00e7\u00e3o dos principais riscos e amea\u00e7as da utiliza\u00e7\u00e3o do ciberespa\u00e7o no contexto nacional e da partilha de boas pr\u00e1ticas e comportamentos seguros na utiliza\u00e7\u00e3o da tecnologia e do digital.<\/p>\n\n\n\n<p>As inscri\u00e7\u00f5es para o evento e para os workshops podem ser feitas em: \u00a0<a href=\"https:\/\/pt.surveymonkey.com\/r\/RoteiroINCoDe2030Portimao\" target=\"_blank\" rel=\"noreferrer noopener\">https:\/\/pt.surveymonkey.com\/r\/RoteiroINCoDe2030Portimao<\/a><\/p>\n\n\n\n<p><strong>Desenvolvimento digital para todos<\/strong><\/p>\n\n\n\n<p>O Roteiro INCoDe.2030 est\u00e1 a percorrer todo o pa\u00eds, focado numa multiplicidade de temas e pensado num \u00e2mbito alargado para a promo\u00e7\u00e3o integrada do desenvolvimento digital, come\u00e7ando pela inclus\u00e3o e a literacia digitais, sem esquecer a educa\u00e7\u00e3o das novas gera\u00e7\u00f5es, desde a inf\u00e2ncia, e a qualifica\u00e7\u00e3o da popula\u00e7\u00e3o ativa, al\u00e9m da especializa\u00e7\u00e3o de pessoas licenciadas para ocuparem empregos digitais avan\u00e7ados e da pr\u00f3pria investiga\u00e7\u00e3o, de forma a converter o pa\u00eds num impulsionador efetivo dos novos desenvolvimentos digitais.<\/p>\n","protected":false},"excerpt":{"rendered":"<p>O Roteiro INCoDe.2030 \u2013 Capacita\u00e7\u00e3o Digital vai estar em Portim\u00e3o no pr\u00f3ximo dia 10 de outubro, com um programa dedicado<\/p>\n","protected":false},"author":1,"featured_media":31590,"comment_status":"closed","ping_status":"open","sticky":false,"template":"","format":"standard","meta":{"colormag_page_container_layout":"default_layout","colormag_page_sidebar_layout":"default_layout","_monsterinsights_skip_tracking":false,"_monsterinsights_sitenote_active":false,"_monsterinsights_sitenote_note":"","_monsterinsights_sitenote_category":0,"jetpack_post_was_ever_published":false,"_jetpack_newsletter_access":"","_jetpack_dont_email_post_to_subs":false,"_jetpack_newsletter_tier_id":0,"_jetpack_memberships_contains_paywalled_content":false,"_jetpack_memberships_contains_paid_content":false,"footnotes":"","jetpack_publicize_message":"","jetpack_publicize_feature_enabled":true,"jetpack_social_post_already_shared":true,"jetpack_social_options":{"image_generator_settings":{"template":"highway","default_image_id":0,"font":"","enabled":false},"version":2}},"categories":[17],"tags":[36,72,45],"class_list":["post-31589","post","type-post","status-publish","format-standard","has-post-thumbnail","hentry","category-turismo","tag-algarve","tag-portimao","tag-turismo"],"yoast_head":"<!-- This site is optimized with the Yoast SEO plugin v27.5 - https:\/\/yoast.com\/product\/yoast-seo-wordpress\/ -->\n<title>Portim\u00e3o recebe Roteiro INCoDe.2030 dedicado ao turismo - Algarve 7<\/title>\n<meta name=\"description\" content=\"Portim\u00e3o recebe Roteiro INCoDe.2030 dedicado ao turismo Turismo\" \/>\n<meta name=\"robots\" content=\"index, follow, max-snippet:-1, max-image-preview:large, max-video-preview:-1\" \/>\n<link rel=\"canonical\" href=\"https:\/\/algarve7.pt\/index.php\/2023\/10\/portimao-recebe-roteiro-incode-2030-dedicado-ao-turismo\/turismo\/14\/30\/\" \/>\n<meta property=\"og:locale\" content=\"pt_PT\" \/>\n<meta property=\"og:type\" content=\"article\" \/>\n<meta property=\"og:title\" content=\"Portim\u00e3o recebe Roteiro INCoDe.2030 dedicado ao turismo - Algarve 7\" \/>\n<meta property=\"og:description\" content=\"Portim\u00e3o recebe Roteiro INCoDe.2030 dedicado ao turismo Turismo\" \/>\n<meta property=\"og:url\" content=\"https:\/\/algarve7.pt\/index.php\/2023\/10\/portimao-recebe-roteiro-incode-2030-dedicado-ao-turismo\/turismo\/14\/30\/\" \/>\n<meta property=\"og:site_name\" content=\"Algarve 7\" \/>\n<meta property=\"article:publisher\" content=\"https:\/\/www.facebook.com\/algarve7\" \/>\n<meta property=\"article:author\" content=\"https:\/\/www.facebook.com\/algarve7\" \/>\n<meta property=\"article:published_time\" content=\"2023-10-05T13:30:00+00:00\" \/>\n<meta property=\"og:image\" content=\"https:\/\/algarve7.pt\/wp-content\/uploads\/2023\/10\/Vista-geral-do-Mueu-de-Portimao.jpg\" \/>\n\t<meta property=\"og:image:width\" content=\"1000\" \/>\n\t<meta property=\"og:image:height\" content=\"1000\" \/>\n\t<meta property=\"og:image:type\" content=\"image\/jpeg\" \/>\n<meta name=\"author\" content=\"Algarve 7\" \/>\n<meta name=\"twitter:card\" content=\"summary_large_image\" \/>\n<meta name=\"twitter:creator\" content=\"@Algarvesete\" \/>\n<meta name=\"twitter:site\" content=\"@Algarvesete\" \/>\n<meta name=\"twitter:label1\" content=\"Escrito por\" \/>\n\t<meta name=\"twitter:data1\" content=\"Algarve 7\" \/>\n\t<meta name=\"twitter:label2\" content=\"Tempo estimado de leitura\" \/>\n\t<meta name=\"twitter:data2\" content=\"3 minutos\" \/>\n<script type=\"application\/ld+json\" class=\"yoast-schema-graph\">{\"@context\":\"https:\\\/\\\/schema.org\",\"@graph\":[{\"@type\":\"Article\",\"@id\":\"https:\\\/\\\/algarve7.pt\\\/index.php\\\/2023\\\/10\\\/portimao-recebe-roteiro-incode-2030-dedicado-ao-turismo\\\/turismo\\\/14\\\/30\\\/#article\",\"isPartOf\":{\"@id\":\"https:\\\/\\\/algarve7.pt\\\/index.php\\\/2023\\\/10\\\/portimao-recebe-roteiro-incode-2030-dedicado-ao-turismo\\\/turismo\\\/14\\\/30\\\/\"},\"author\":{\"name\":\"Algarve 7\",\"@id\":\"https:\\\/\\\/algarve7.pt\\\/#\\\/schema\\\/person\\\/23fa70681308e7b319a3204bcea45e0c\"},\"headline\":\"Portim\u00e3o recebe Roteiro INCoDe.2030 dedicado ao turismo\",\"datePublished\":\"2023-10-05T13:30:00+00:00\",\"mainEntityOfPage\":{\"@id\":\"https:\\\/\\\/algarve7.pt\\\/index.php\\\/2023\\\/10\\\/portimao-recebe-roteiro-incode-2030-dedicado-ao-turismo\\\/turismo\\\/14\\\/30\\\/\"},\"wordCount\":444,\"publisher\":{\"@id\":\"https:\\\/\\\/algarve7.pt\\\/#organization\"},\"image\":{\"@id\":\"https:\\\/\\\/algarve7.pt\\\/index.php\\\/2023\\\/10\\\/portimao-recebe-roteiro-incode-2030-dedicado-ao-turismo\\\/turismo\\\/14\\\/30\\\/#primaryimage\"},\"thumbnailUrl\":\"https:\\\/\\\/algarve7.pt\\\/wp-content\\\/uploads\\\/2023\\\/10\\\/Vista-geral-do-Mueu-de-Portimao.jpg\",\"keywords\":[\"Algarve\",\"Portim\u00e3o\",\"Turismo\"],\"articleSection\":[\"Turismo\"],\"inLanguage\":\"pt-PT\"},{\"@type\":\"WebPage\",\"@id\":\"https:\\\/\\\/algarve7.pt\\\/index.php\\\/2023\\\/10\\\/portimao-recebe-roteiro-incode-2030-dedicado-ao-turismo\\\/turismo\\\/14\\\/30\\\/\",\"url\":\"https:\\\/\\\/algarve7.pt\\\/index.php\\\/2023\\\/10\\\/portimao-recebe-roteiro-incode-2030-dedicado-ao-turismo\\\/turismo\\\/14\\\/30\\\/\",\"name\":\"Portim\u00e3o recebe Roteiro INCoDe.2030 dedicado ao turismo - Algarve 7\",\"isPartOf\":{\"@id\":\"https:\\\/\\\/algarve7.pt\\\/#website\"},\"primaryImageOfPage\":{\"@id\":\"https:\\\/\\\/algarve7.pt\\\/index.php\\\/2023\\\/10\\\/portimao-recebe-roteiro-incode-2030-dedicado-ao-turismo\\\/turismo\\\/14\\\/30\\\/#primaryimage\"},\"image\":{\"@id\":\"https:\\\/\\\/algarve7.pt\\\/index.php\\\/2023\\\/10\\\/portimao-recebe-roteiro-incode-2030-dedicado-ao-turismo\\\/turismo\\\/14\\\/30\\\/#primaryimage\"},\"thumbnailUrl\":\"https:\\\/\\\/algarve7.pt\\\/wp-content\\\/uploads\\\/2023\\\/10\\\/Vista-geral-do-Mueu-de-Portimao.jpg\",\"datePublished\":\"2023-10-05T13:30:00+00:00\",\"description\":\"Portim\u00e3o recebe Roteiro INCoDe.2030 dedicado ao turismo Turismo\",\"breadcrumb\":{\"@id\":\"https:\\\/\\\/algarve7.pt\\\/index.php\\\/2023\\\/10\\\/portimao-recebe-roteiro-incode-2030-dedicado-ao-turismo\\\/turismo\\\/14\\\/30\\\/#breadcrumb\"},\"inLanguage\":\"pt-PT\",\"potentialAction\":[{\"@type\":\"ReadAction\",\"target\":[\"https:\\\/\\\/algarve7.pt\\\/index.php\\\/2023\\\/10\\\/portimao-recebe-roteiro-incode-2030-dedicado-ao-turismo\\\/turismo\\\/14\\\/30\\\/\"]}]},{\"@type\":\"ImageObject\",\"inLanguage\":\"pt-PT\",\"@id\":\"https:\\\/\\\/algarve7.pt\\\/index.php\\\/2023\\\/10\\\/portimao-recebe-roteiro-incode-2030-dedicado-ao-turismo\\\/turismo\\\/14\\\/30\\\/#primaryimage\",\"url\":\"https:\\\/\\\/algarve7.pt\\\/wp-content\\\/uploads\\\/2023\\\/10\\\/Vista-geral-do-Mueu-de-Portimao.jpg\",\"contentUrl\":\"https:\\\/\\\/algarve7.pt\\\/wp-content\\\/uploads\\\/2023\\\/10\\\/Vista-geral-do-Mueu-de-Portimao.jpg\",\"width\":1000,\"height\":1000},{\"@type\":\"BreadcrumbList\",\"@id\":\"https:\\\/\\\/algarve7.pt\\\/index.php\\\/2023\\\/10\\\/portimao-recebe-roteiro-incode-2030-dedicado-ao-turismo\\\/turismo\\\/14\\\/30\\\/#breadcrumb\",\"itemListElement\":[{\"@type\":\"ListItem\",\"position\":1,\"name\":\"In\u00edcio\",\"item\":\"https:\\\/\\\/algarve7.pt\\\/\"},{\"@type\":\"ListItem\",\"position\":2,\"name\":\"Portim\u00e3o recebe Roteiro INCoDe.2030 dedicado ao turismo\"}]},{\"@type\":\"WebSite\",\"@id\":\"https:\\\/\\\/algarve7.pt\\\/#website\",\"url\":\"https:\\\/\\\/algarve7.pt\\\/\",\"name\":\"Algarve 7\",\"description\":\"Informa\u00e7\u00e3o sobre o Algarve\",\"publisher\":{\"@id\":\"https:\\\/\\\/algarve7.pt\\\/#organization\"},\"potentialAction\":[{\"@type\":\"SearchAction\",\"target\":{\"@type\":\"EntryPoint\",\"urlTemplate\":\"https:\\\/\\\/algarve7.pt\\\/?s={search_term_string}\"},\"query-input\":{\"@type\":\"PropertyValueSpecification\",\"valueRequired\":true,\"valueName\":\"search_term_string\"}}],\"inLanguage\":\"pt-PT\"},{\"@type\":\"Organization\",\"@id\":\"https:\\\/\\\/algarve7.pt\\\/#organization\",\"name\":\"Algarve 7\",\"url\":\"https:\\\/\\\/algarve7.pt\\\/\",\"logo\":{\"@type\":\"ImageObject\",\"inLanguage\":\"pt-PT\",\"@id\":\"https:\\\/\\\/algarve7.pt\\\/#\\\/schema\\\/logo\\\/image\\\/\",\"url\":\"https:\\\/\\\/algarve7.pt\\\/wp-content\\\/uploads\\\/2020\\\/10\\\/Logo-8.jpg\",\"contentUrl\":\"https:\\\/\\\/algarve7.pt\\\/wp-content\\\/uploads\\\/2020\\\/10\\\/Logo-8.jpg\",\"width\":1680,\"height\":1186,\"caption\":\"Algarve 7\"},\"image\":{\"@id\":\"https:\\\/\\\/algarve7.pt\\\/#\\\/schema\\\/logo\\\/image\\\/\"},\"sameAs\":[\"https:\\\/\\\/www.facebook.com\\\/algarve7\",\"https:\\\/\\\/x.com\\\/Algarvesete\",\"https:\\\/\\\/www.instagram.com\\\/jornalalgarve7\\\/\",\"https:\\\/\\\/www.linkedin.com\\\/company\\\/algarve7\",\"https:\\\/\\\/www.pinterest.pt\\\/geral0939\\\/_created\\\/\"]},{\"@type\":\"Person\",\"@id\":\"https:\\\/\\\/algarve7.pt\\\/#\\\/schema\\\/person\\\/23fa70681308e7b319a3204bcea45e0c\",\"name\":\"Algarve 7\",\"sameAs\":[\"https:\\\/\\\/algarve7.pt\",\"https:\\\/\\\/www.facebook.com\\\/algarve7\"],\"url\":\"https:\\\/\\\/algarve7.pt\\\/index.php\\\/author\\\/geralalgarve7-pt\\\/\"}]}<\/script>\n<!-- \/ Yoast SEO plugin. -->","yoast_head_json":{"title":"Portim\u00e3o recebe Roteiro INCoDe.2030 dedicado ao turismo - Algarve 7","description":"Portim\u00e3o recebe Roteiro INCoDe.2030 dedicado ao turismo Turismo","robots":{"index":"index","follow":"follow","max-snippet":"max-snippet:-1","max-image-preview":"max-image-preview:large","max-video-preview":"max-video-preview:-1"},"canonical":"https:\/\/algarve7.pt\/index.php\/2023\/10\/portimao-recebe-roteiro-incode-2030-dedicado-ao-turismo\/turismo\/14\/30\/","og_locale":"pt_PT","og_type":"article","og_title":"Portim\u00e3o recebe Roteiro INCoDe.2030 dedicado ao turismo - Algarve 7","og_description":"Portim\u00e3o recebe Roteiro INCoDe.2030 dedicado ao turismo Turismo","og_url":"https:\/\/algarve7.pt\/index.php\/2023\/10\/portimao-recebe-roteiro-incode-2030-dedicado-ao-turismo\/turismo\/14\/30\/","og_site_name":"Algarve 7","article_publisher":"https:\/\/www.facebook.com\/algarve7","article_author":"https:\/\/www.facebook.com\/algarve7","article_published_time":"2023-10-05T13:30:00+00:00","og_image":[{"width":1000,"height":1000,"url":"https:\/\/algarve7.pt\/wp-content\/uploads\/2023\/10\/Vista-geral-do-Mueu-de-Portimao.jpg","type":"image\/jpeg"}],"author":"Algarve 7","twitter_card":"summary_large_image","twitter_creator":"@Algarvesete","twitter_site":"@Algarvesete","twitter_misc":{"Escrito por":"Algarve 7","Tempo estimado de leitura":"3 minutos"},"schema":{"@context":"https:\/\/schema.org","@graph":[{"@type":"Article","@id":"https:\/\/algarve7.pt\/index.php\/2023\/10\/portimao-recebe-roteiro-incode-2030-dedicado-ao-turismo\/turismo\/14\/30\/#article","isPartOf":{"@id":"https:\/\/algarve7.pt\/index.php\/2023\/10\/portimao-recebe-roteiro-incode-2030-dedicado-ao-turismo\/turismo\/14\/30\/"},"author":{"name":"Algarve 7","@id":"https:\/\/algarve7.pt\/#\/schema\/person\/23fa70681308e7b319a3204bcea45e0c"},"headline":"Portim\u00e3o recebe Roteiro INCoDe.2030 dedicado ao turismo","datePublished":"2023-10-05T13:30:00+00:00","mainEntityOfPage":{"@id":"https:\/\/algarve7.pt\/index.php\/2023\/10\/portimao-recebe-roteiro-incode-2030-dedicado-ao-turismo\/turismo\/14\/30\/"},"wordCount":444,"publisher":{"@id":"https:\/\/algarve7.pt\/#organization"},"image":{"@id":"https:\/\/algarve7.pt\/index.php\/2023\/10\/portimao-recebe-roteiro-incode-2030-dedicado-ao-turismo\/turismo\/14\/30\/#primaryimage"},"thumbnailUrl":"https:\/\/algarve7.pt\/wp-content\/uploads\/2023\/10\/Vista-geral-do-Mueu-de-Portimao.jpg","keywords":["Algarve","Portim\u00e3o","Turismo"],"articleSection":["Turismo"],"inLanguage":"pt-PT"},{"@type":"WebPage","@id":"https:\/\/algarve7.pt\/index.php\/2023\/10\/portimao-recebe-roteiro-incode-2030-dedicado-ao-turismo\/turismo\/14\/30\/","url":"https:\/\/algarve7.pt\/index.php\/2023\/10\/portimao-recebe-roteiro-incode-2030-dedicado-ao-turismo\/turismo\/14\/30\/","name":"Portim\u00e3o recebe Roteiro INCoDe.2030 dedicado ao turismo - Algarve 7","isPartOf":{"@id":"https:\/\/algarve7.pt\/#website"},"primaryImageOfPage":{"@id":"https:\/\/algarve7.pt\/index.php\/2023\/10\/portimao-recebe-roteiro-incode-2030-dedicado-ao-turismo\/turismo\/14\/30\/#primaryimage"},"image":{"@id":"https:\/\/algarve7.pt\/index.php\/2023\/10\/portimao-recebe-roteiro-incode-2030-dedicado-ao-turismo\/turismo\/14\/30\/#primaryimage"},"thumbnailUrl":"https:\/\/algarve7.pt\/wp-content\/uploads\/2023\/10\/Vista-geral-do-Mueu-de-Portimao.jpg","datePublished":"2023-10-05T13:30:00+00:00","description":"Portim\u00e3o recebe Roteiro INCoDe.2030 dedicado ao turismo Turismo","breadcrumb":{"@id":"https:\/\/algarve7.pt\/index.php\/2023\/10\/portimao-recebe-roteiro-incode-2030-dedicado-ao-turismo\/turismo\/14\/30\/#breadcrumb"},"inLanguage":"pt-PT","potentialAction":[{"@type":"ReadAction","target":["https:\/\/algarve7.pt\/index.php\/2023\/10\/portimao-recebe-roteiro-incode-2030-dedicado-ao-turismo\/turismo\/14\/30\/"]}]},{"@type":"ImageObject","inLanguage":"pt-PT","@id":"https:\/\/algarve7.pt\/index.php\/2023\/10\/portimao-recebe-roteiro-incode-2030-dedicado-ao-turismo\/turismo\/14\/30\/#primaryimage","url":"https:\/\/algarve7.pt\/wp-content\/uploads\/2023\/10\/Vista-geral-do-Mueu-de-Portimao.jpg","contentUrl":"https:\/\/algarve7.pt\/wp-content\/uploads\/2023\/10\/Vista-geral-do-Mueu-de-Portimao.jpg","width":1000,"height":1000},{"@type":"BreadcrumbList","@id":"https:\/\/algarve7.pt\/index.php\/2023\/10\/portimao-recebe-roteiro-incode-2030-dedicado-ao-turismo\/turismo\/14\/30\/#breadcrumb","itemListElement":[{"@type":"ListItem","position":1,"name":"In\u00edcio","item":"https:\/\/algarve7.pt\/"},{"@type":"ListItem","position":2,"name":"Portim\u00e3o recebe Roteiro INCoDe.2030 dedicado ao turismo"}]},{"@type":"WebSite","@id":"https:\/\/algarve7.pt\/#website","url":"https:\/\/algarve7.pt\/","name":"Algarve 7","description":"Informa\u00e7\u00e3o sobre o Algarve","publisher":{"@id":"https:\/\/algarve7.pt\/#organization"},"potentialAction":[{"@type":"SearchAction","target":{"@type":"EntryPoint","urlTemplate":"https:\/\/algarve7.pt\/?s={search_term_string}"},"query-input":{"@type":"PropertyValueSpecification","valueRequired":true,"valueName":"search_term_string"}}],"inLanguage":"pt-PT"},{"@type":"Organization","@id":"https:\/\/algarve7.pt\/#organization","name":"Algarve 7","url":"https:\/\/algarve7.pt\/","logo":{"@type":"ImageObject","inLanguage":"pt-PT","@id":"https:\/\/algarve7.pt\/#\/schema\/logo\/image\/","url":"https:\/\/algarve7.pt\/wp-content\/uploads\/2020\/10\/Logo-8.jpg","contentUrl":"https:\/\/algarve7.pt\/wp-content\/uploads\/2020\/10\/Logo-8.jpg","width":1680,"height":1186,"caption":"Algarve 7"},"image":{"@id":"https:\/\/algarve7.pt\/#\/schema\/logo\/image\/"},"sameAs":["https:\/\/www.facebook.com\/algarve7","https:\/\/x.com\/Algarvesete","https:\/\/www.instagram.com\/jornalalgarve7\/","https:\/\/www.linkedin.com\/company\/algarve7","https:\/\/www.pinterest.pt\/geral0939\/_created\/"]},{"@type":"Person","@id":"https:\/\/algarve7.pt\/#\/schema\/person\/23fa70681308e7b319a3204bcea45e0c","name":"Algarve 7","sameAs":["https:\/\/algarve7.pt","https:\/\/www.facebook.com\/algarve7"],"url":"https:\/\/algarve7.pt\/index.php\/author\/geralalgarve7-pt\/"}]}},"jetpack_publicize_connections":[],"jetpack_featured_media_url":"https:\/\/algarve7.pt\/wp-content\/uploads\/2023\/10\/Vista-geral-do-Mueu-de-Portimao.jpg","jetpack_shortlink":"https:\/\/wp.me\/pcezmW-8dv","jetpack_sharing_enabled":true,"_links":{"self":[{"href":"https:\/\/algarve7.pt\/index.php\/wp-json\/wp\/v2\/posts\/31589","targetHints":{"allow":["GET"]}}],"collection":[{"href":"https:\/\/algarve7.pt\/index.php\/wp-json\/wp\/v2\/posts"}],"about":[{"href":"https:\/\/algarve7.pt\/index.php\/wp-json\/wp\/v2\/types\/post"}],"author":[{"embeddable":true,"href":"https:\/\/algarve7.pt\/index.php\/wp-json\/wp\/v2\/users\/1"}],"replies":[{"embeddable":true,"href":"https:\/\/algarve7.pt\/index.php\/wp-json\/wp\/v2\/comments?post=31589"}],"version-history":[{"count":0,"href":"https:\/\/algarve7.pt\/index.php\/wp-json\/wp\/v2\/posts\/31589\/revisions"}],"wp:featuredmedia":[{"embeddable":true,"href":"https:\/\/algarve7.pt\/index.php\/wp-json\/wp\/v2\/media\/31590"}],"wp:attachment":[{"href":"https:\/\/algarve7.pt\/index.php\/wp-json\/wp\/v2\/media?parent=31589"}],"wp:term":[{"taxonomy":"category","embeddable":true,"href":"https:\/\/algarve7.pt\/index.php\/wp-json\/wp\/v2\/categories?post=31589"},{"taxonomy":"post_tag","embeddable":true,"href":"https:\/\/algarve7.pt\/index.php\/wp-json\/wp\/v2\/tags?post=31589"}],"curies":[{"name":"wp","href":"https:\/\/api.w.org\/{rel}","templated":true}]}}