{"id":31314,"date":"2023-09-27T12:01:55","date_gmt":"2023-09-27T11:01:55","guid":{"rendered":"https:\/\/algarve7.pt\/?p=31314"},"modified":"2023-09-27T12:01:56","modified_gmt":"2023-09-27T11:01:56","slug":"a-nossa-cultura-volta-a-sair-a-rua-na-mexilhoeira-grande","status":"publish","type":"post","link":"https:\/\/algarve7.pt\/index.php\/2023\/09\/a-nossa-cultura-volta-a-sair-a-rua-na-mexilhoeira-grande\/cultura\/12\/01\/","title":{"rendered":"\u201cA Nossa Cultura\u201d volta a sair \u00e0 rua na Mexilhoeira Grande"},"content":{"rendered":"\n<p>No pr\u00f3ximo dia 7 de outubro, \u201cA Nossa Cultura Sai \u00e0 Rua\u201d na Mexilhoeira Grande, divulgando mais uma vez os usos e costumes desta freguesia do concelho de Portim\u00e3o, com destaque para a m\u00fasica, a gastronomia e a divulga\u00e7\u00e3o dos saberes de antigamente.<\/p>\n\n\n\n<p>Ao longo da nona edi\u00e7\u00e3o desta festa popular, ser\u00e3o diversos os momentos performativos, que estimular\u00e3o o p\u00fablico a interagir e a conhecer pr\u00e1ticas sustent\u00e1veis utilizadas no meio rural.<\/p>\n\n\n\n<p>A associa\u00e7\u00e3o In Loco \u00e9 parceira do evento, no \u00e2mbito do projeto Rota da Dieta Mediterr\u00e2nica, que pretende apoiar os munic\u00edpios e os seus operadores econ\u00f3micos a estruturar uma oferta tur\u00edstica durante a \u00e9poca baixa, tendo por base a identidade cultural da bacia do Mediterr\u00e2neo, por via da liga\u00e7\u00e3o entre os territ\u00f3rios do litoral e do interior.<\/p>\n\n\n\n<p>Neste \u00e2mbito, decorrer\u00e1 uma demonstra\u00e7\u00e3o gastron\u00f3mica inspirada nos sabores antigos, mas com alguns toques de modernidade, pelo \u2018chef\u2019 Rui Palma, havendo igualmente oficinas de experimenta\u00e7\u00e3o de pe\u00e7as em trapilhos, pelas utentes do lar de S. Jos\u00e9, Gl\u00f3ria Candeias e Maria Heitor, e de produ\u00e7\u00e3o de um cucharrinho (pequena colher), no decurso da qual ser\u00e1 poss\u00edvel saber mais sobre o mundo da corti\u00e7a, com o artes\u00e3o Adelino Correia.<\/p>\n\n\n\n<p>Outra colabora\u00e7\u00e3o ativa ser\u00e1 da responsabilidade da Quinta Pedag\u00f3gica de Portim\u00e3o e da Biblioteca Municipal Manuel Teixeira Gomes, com a iniciativa \u201cA Biblioteca e a Quinta de M\u00e3os Dadas pela Sustentabilidade\u201d, que chamar\u00e1 a aten\u00e7\u00e3o para a import\u00e2ncia da diversidade biol\u00f3gica no meio rural e dos ecossistemas equilibrados e saud\u00e1veis.<\/p>\n\n\n\n<p><strong>Muita m\u00fasica popular<\/strong><\/p>\n\n\n\n<p>A n\u00edvel musical, destaque para os cantares preparados pelas senhoras da Associa\u00e7\u00e3o Cultural e Recreativa Alvorense, estando marcada para as 16h30 a atua\u00e7\u00e3o do Grupo de Cantares Mexilhoeirense, que ensinar\u00e1 cantigas tradicionais, e agendado para as 18h15 o espet\u00e1culo de dan\u00e7a em formato digital \u201cMilho-Rei\u201d, no qual a associa\u00e7\u00e3o Dancenema retrata o patrim\u00f3nio cultural e as artes e of\u00edcios rurais do concelho de Portim\u00e3o, na forma de coreografias de dan\u00e7a contempor\u00e2nea.<\/p>\n\n\n\n<p>Seguir-se-\u00e1 o Rancho Folcl\u00f3rico da Figueira, pelas 19h00, que vai desafiar os presentes a entrar na roda e a dar um pezinho de dan\u00e7a, ao passo que \u00e0s 21h00 ter\u00e1 in\u00edcio o concerto do duo Recanto, cujo repert\u00f3rio assenta na recolha e pesquisa de m\u00fasicas tradicionais europeias usadas nas suas recria\u00e7\u00f5es hist\u00f3ricas, particularmente o folclore portugu\u00eas.<\/p>\n\n\n\n<p>Ap\u00f3s um momento teatral a cargo de Jo\u00e3o Bota, mentor do TIPO &#8211; Teatro Infantil de Portim\u00e3o, a noite encerrar\u00e1 com a tradicional desfolhada \u00e0 moda antiga, ao som das concertinas de Ant\u00f3nio Barata e Xico Marques, a que se segue baile animado por Andr\u00e9 Gon\u00e7alves.<\/p>\n\n\n\n<p><strong>Apresenta\u00e7\u00e3o do projeto \u201cA Nossa Cultura Sai \u00e0 Rua\u201d<\/strong><\/p>\n\n\n\n<p>Com o apoio de entidades como a Dire\u00e7\u00e3o Regional de Agricultura e Pescas do Algarve e a Associa\u00e7\u00e3o In Loco, o Museu de Portim\u00e3o ir\u00e1 apresentar o projeto de cria\u00e7\u00e3o e atribui\u00e7\u00e3o do r\u00f3tulo \u201cA Nossa Cultura Sai \u00e0 Rua\u201d a alguns produtos locais de fei\u00e7\u00e3o rural, como forma de refor\u00e7ar o conhecimento, valoriza\u00e7\u00e3o e sustentabilidade das produ\u00e7\u00f5es mexilhoeirenses, dos seus saberes, paisagens, hist\u00f3rias e gentes.<\/p>\n\n\n\n<p>Porque o patrim\u00f3nio local deve ser conservado e perpetuado, \u00e9 objetivo do projeto contribuir para a valoriza\u00e7\u00e3o da oferta de produtos end\u00f3genos, atrav\u00e9s da cria\u00e7\u00e3o de redes locais de promo\u00e7\u00e3o de conhecimento e inova\u00e7\u00e3o, sem esquecer a respetiva divulga\u00e7\u00e3o em circuitos de comercializa\u00e7\u00e3o curtos, como mercados municipais, mercearias, postos de informa\u00e7\u00e3o tur\u00edstica, entre outros.<\/p>\n\n\n\n<p>\u201cA Nossa Cultura Sai \u00e0 Rua\u201d \u00e9 uma organiza\u00e7\u00e3o da C\u00e2mara Municipal de Portim\u00e3o, com produ\u00e7\u00e3o e implementa\u00e7\u00e3o do Museu de Portim\u00e3o e da Junta de Freguesia da Mexilhoeira Grande, este ano em parceria com a Associa\u00e7\u00e3o In Loco.<\/p>\n\n\n\n<p>A programa\u00e7\u00e3o conta ainda com as parcerias das associa\u00e7\u00f5es locais Gr\u00e3o de Areia, Sociedade Recreativa Figueirense, e Clube de Instru\u00e7\u00e3o e Recreio Mexilhoeirense, bem como da Par\u00f3quia da Nossa Senhora da Assun\u00e7\u00e3o da Mexilhoeira Grande e da Santa Casa da Miseric\u00f3rdia da Mexilhoeira Grande, al\u00e9m do apoio de toda a comunidade, particulares e comerciantes, que se envolvem, participam e contribuem ativamente para o sucesso da iniciativa.&nbsp;<a href=\"https:\/\/www.vivaportimao.pt\/a-nao-perder\/evento?idEvento=643\"><\/a><\/p>\n","protected":false},"excerpt":{"rendered":"<p>No pr\u00f3ximo dia 7 de outubro, \u201cA Nossa Cultura Sai \u00e0 Rua\u201d na Mexilhoeira Grande, divulgando mais uma vez os<\/p>\n","protected":false},"author":1,"featured_media":31315,"comment_status":"closed","ping_status":"open","sticky":false,"template":"","format":"standard","meta":{"colormag_page_container_layout":"default_layout","colormag_page_sidebar_layout":"default_layout","_monsterinsights_skip_tracking":false,"_monsterinsights_sitenote_active":false,"_monsterinsights_sitenote_note":"","_monsterinsights_sitenote_category":0,"jetpack_post_was_ever_published":false,"_jetpack_newsletter_access":"","_jetpack_dont_email_post_to_subs":false,"_jetpack_newsletter_tier_id":0,"_jetpack_memberships_contains_paywalled_content":false,"_jetpack_memberships_contains_paid_content":false,"footnotes":"","jetpack_publicize_message":"","jetpack_publicize_feature_enabled":true,"jetpack_social_post_already_shared":true,"jetpack_social_options":{"image_generator_settings":{"template":"highway","default_image_id":0,"font":"","enabled":false},"version":2}},"categories":[14],"tags":[36,35,72],"class_list":["post-31314","post","type-post","status-publish","format-standard","has-post-thumbnail","hentry","category-cultura","tag-algarve","tag-cultura","tag-portimao"],"yoast_head":"<!-- This site is optimized with the Yoast SEO plugin v27.5 - https:\/\/yoast.com\/product\/yoast-seo-wordpress\/ -->\n<title>\u201cA Nossa Cultura\u201d volta a sair \u00e0 rua na Mexilhoeira Grande - Algarve 7<\/title>\n<meta name=\"description\" content=\"\u201cA Nossa Cultura\u201d volta a sair \u00e0 rua na Mexilhoeira Grande Cultura\" \/>\n<meta name=\"robots\" content=\"index, follow, max-snippet:-1, max-image-preview:large, max-video-preview:-1\" \/>\n<link rel=\"canonical\" href=\"https:\/\/algarve7.pt\/index.php\/2023\/09\/a-nossa-cultura-volta-a-sair-a-rua-na-mexilhoeira-grande\/cultura\/12\/01\/\" \/>\n<meta property=\"og:locale\" content=\"pt_PT\" \/>\n<meta property=\"og:type\" content=\"article\" \/>\n<meta property=\"og:title\" content=\"\u201cA Nossa Cultura\u201d volta a sair \u00e0 rua na Mexilhoeira Grande - Algarve 7\" \/>\n<meta property=\"og:description\" content=\"\u201cA Nossa Cultura\u201d volta a sair \u00e0 rua na Mexilhoeira Grande Cultura\" \/>\n<meta property=\"og:url\" content=\"https:\/\/algarve7.pt\/index.php\/2023\/09\/a-nossa-cultura-volta-a-sair-a-rua-na-mexilhoeira-grande\/cultura\/12\/01\/\" \/>\n<meta property=\"og:site_name\" content=\"Algarve 7\" \/>\n<meta property=\"article:publisher\" content=\"https:\/\/www.facebook.com\/algarve7\" \/>\n<meta property=\"article:author\" content=\"https:\/\/www.facebook.com\/algarve7\" \/>\n<meta property=\"article:published_time\" content=\"2023-09-27T11:01:55+00:00\" \/>\n<meta property=\"article:modified_time\" content=\"2023-09-27T11:01:56+00:00\" \/>\n<meta property=\"og:image\" content=\"https:\/\/algarve7.pt\/wp-content\/uploads\/2023\/09\/A-Nossa-Cultura-Sai-a-Rua1.jpg\" \/>\n\t<meta property=\"og:image:width\" content=\"1024\" \/>\n\t<meta property=\"og:image:height\" content=\"683\" \/>\n\t<meta property=\"og:image:type\" content=\"image\/jpeg\" \/>\n<meta name=\"author\" content=\"Algarve 7\" \/>\n<meta name=\"twitter:card\" content=\"summary_large_image\" \/>\n<meta name=\"twitter:creator\" content=\"@Algarvesete\" \/>\n<meta name=\"twitter:site\" content=\"@Algarvesete\" \/>\n<meta name=\"twitter:label1\" content=\"Escrito por\" \/>\n\t<meta name=\"twitter:data1\" content=\"Algarve 7\" \/>\n\t<meta name=\"twitter:label2\" content=\"Tempo estimado de leitura\" \/>\n\t<meta name=\"twitter:data2\" content=\"4 minutos\" \/>\n<script type=\"application\/ld+json\" class=\"yoast-schema-graph\">{\"@context\":\"https:\\\/\\\/schema.org\",\"@graph\":[{\"@type\":\"Article\",\"@id\":\"https:\\\/\\\/algarve7.pt\\\/index.php\\\/2023\\\/09\\\/a-nossa-cultura-volta-a-sair-a-rua-na-mexilhoeira-grande\\\/cultura\\\/12\\\/01\\\/#article\",\"isPartOf\":{\"@id\":\"https:\\\/\\\/algarve7.pt\\\/index.php\\\/2023\\\/09\\\/a-nossa-cultura-volta-a-sair-a-rua-na-mexilhoeira-grande\\\/cultura\\\/12\\\/01\\\/\"},\"author\":{\"name\":\"Algarve 7\",\"@id\":\"https:\\\/\\\/algarve7.pt\\\/#\\\/schema\\\/person\\\/23fa70681308e7b319a3204bcea45e0c\"},\"headline\":\"\u201cA Nossa Cultura\u201d volta a sair \u00e0 rua na Mexilhoeira Grande\",\"datePublished\":\"2023-09-27T11:01:55+00:00\",\"dateModified\":\"2023-09-27T11:01:56+00:00\",\"mainEntityOfPage\":{\"@id\":\"https:\\\/\\\/algarve7.pt\\\/index.php\\\/2023\\\/09\\\/a-nossa-cultura-volta-a-sair-a-rua-na-mexilhoeira-grande\\\/cultura\\\/12\\\/01\\\/\"},\"wordCount\":755,\"publisher\":{\"@id\":\"https:\\\/\\\/algarve7.pt\\\/#organization\"},\"image\":{\"@id\":\"https:\\\/\\\/algarve7.pt\\\/index.php\\\/2023\\\/09\\\/a-nossa-cultura-volta-a-sair-a-rua-na-mexilhoeira-grande\\\/cultura\\\/12\\\/01\\\/#primaryimage\"},\"thumbnailUrl\":\"https:\\\/\\\/algarve7.pt\\\/wp-content\\\/uploads\\\/2023\\\/09\\\/A-Nossa-Cultura-Sai-a-Rua1.jpg\",\"keywords\":[\"Algarve\",\"Cultura\",\"Portim\u00e3o\"],\"articleSection\":[\"Cultura\"],\"inLanguage\":\"pt-PT\"},{\"@type\":\"WebPage\",\"@id\":\"https:\\\/\\\/algarve7.pt\\\/index.php\\\/2023\\\/09\\\/a-nossa-cultura-volta-a-sair-a-rua-na-mexilhoeira-grande\\\/cultura\\\/12\\\/01\\\/\",\"url\":\"https:\\\/\\\/algarve7.pt\\\/index.php\\\/2023\\\/09\\\/a-nossa-cultura-volta-a-sair-a-rua-na-mexilhoeira-grande\\\/cultura\\\/12\\\/01\\\/\",\"name\":\"\u201cA Nossa Cultura\u201d volta a sair \u00e0 rua na Mexilhoeira Grande - Algarve 7\",\"isPartOf\":{\"@id\":\"https:\\\/\\\/algarve7.pt\\\/#website\"},\"primaryImageOfPage\":{\"@id\":\"https:\\\/\\\/algarve7.pt\\\/index.php\\\/2023\\\/09\\\/a-nossa-cultura-volta-a-sair-a-rua-na-mexilhoeira-grande\\\/cultura\\\/12\\\/01\\\/#primaryimage\"},\"image\":{\"@id\":\"https:\\\/\\\/algarve7.pt\\\/index.php\\\/2023\\\/09\\\/a-nossa-cultura-volta-a-sair-a-rua-na-mexilhoeira-grande\\\/cultura\\\/12\\\/01\\\/#primaryimage\"},\"thumbnailUrl\":\"https:\\\/\\\/algarve7.pt\\\/wp-content\\\/uploads\\\/2023\\\/09\\\/A-Nossa-Cultura-Sai-a-Rua1.jpg\",\"datePublished\":\"2023-09-27T11:01:55+00:00\",\"dateModified\":\"2023-09-27T11:01:56+00:00\",\"description\":\"\u201cA Nossa Cultura\u201d volta a sair \u00e0 rua na Mexilhoeira Grande Cultura\",\"breadcrumb\":{\"@id\":\"https:\\\/\\\/algarve7.pt\\\/index.php\\\/2023\\\/09\\\/a-nossa-cultura-volta-a-sair-a-rua-na-mexilhoeira-grande\\\/cultura\\\/12\\\/01\\\/#breadcrumb\"},\"inLanguage\":\"pt-PT\",\"potentialAction\":[{\"@type\":\"ReadAction\",\"target\":[\"https:\\\/\\\/algarve7.pt\\\/index.php\\\/2023\\\/09\\\/a-nossa-cultura-volta-a-sair-a-rua-na-mexilhoeira-grande\\\/cultura\\\/12\\\/01\\\/\"]}]},{\"@type\":\"ImageObject\",\"inLanguage\":\"pt-PT\",\"@id\":\"https:\\\/\\\/algarve7.pt\\\/index.php\\\/2023\\\/09\\\/a-nossa-cultura-volta-a-sair-a-rua-na-mexilhoeira-grande\\\/cultura\\\/12\\\/01\\\/#primaryimage\",\"url\":\"https:\\\/\\\/algarve7.pt\\\/wp-content\\\/uploads\\\/2023\\\/09\\\/A-Nossa-Cultura-Sai-a-Rua1.jpg\",\"contentUrl\":\"https:\\\/\\\/algarve7.pt\\\/wp-content\\\/uploads\\\/2023\\\/09\\\/A-Nossa-Cultura-Sai-a-Rua1.jpg\",\"width\":1024,\"height\":683},{\"@type\":\"BreadcrumbList\",\"@id\":\"https:\\\/\\\/algarve7.pt\\\/index.php\\\/2023\\\/09\\\/a-nossa-cultura-volta-a-sair-a-rua-na-mexilhoeira-grande\\\/cultura\\\/12\\\/01\\\/#breadcrumb\",\"itemListElement\":[{\"@type\":\"ListItem\",\"position\":1,\"name\":\"In\u00edcio\",\"item\":\"https:\\\/\\\/algarve7.pt\\\/\"},{\"@type\":\"ListItem\",\"position\":2,\"name\":\"\u201cA Nossa Cultura\u201d volta a sair \u00e0 rua na Mexilhoeira Grande\"}]},{\"@type\":\"WebSite\",\"@id\":\"https:\\\/\\\/algarve7.pt\\\/#website\",\"url\":\"https:\\\/\\\/algarve7.pt\\\/\",\"name\":\"Algarve 7\",\"description\":\"Informa\u00e7\u00e3o sobre o Algarve\",\"publisher\":{\"@id\":\"https:\\\/\\\/algarve7.pt\\\/#organization\"},\"potentialAction\":[{\"@type\":\"SearchAction\",\"target\":{\"@type\":\"EntryPoint\",\"urlTemplate\":\"https:\\\/\\\/algarve7.pt\\\/?s={search_term_string}\"},\"query-input\":{\"@type\":\"PropertyValueSpecification\",\"valueRequired\":true,\"valueName\":\"search_term_string\"}}],\"inLanguage\":\"pt-PT\"},{\"@type\":\"Organization\",\"@id\":\"https:\\\/\\\/algarve7.pt\\\/#organization\",\"name\":\"Algarve 7\",\"url\":\"https:\\\/\\\/algarve7.pt\\\/\",\"logo\":{\"@type\":\"ImageObject\",\"inLanguage\":\"pt-PT\",\"@id\":\"https:\\\/\\\/algarve7.pt\\\/#\\\/schema\\\/logo\\\/image\\\/\",\"url\":\"https:\\\/\\\/algarve7.pt\\\/wp-content\\\/uploads\\\/2020\\\/10\\\/Logo-8.jpg\",\"contentUrl\":\"https:\\\/\\\/algarve7.pt\\\/wp-content\\\/uploads\\\/2020\\\/10\\\/Logo-8.jpg\",\"width\":1680,\"height\":1186,\"caption\":\"Algarve 7\"},\"image\":{\"@id\":\"https:\\\/\\\/algarve7.pt\\\/#\\\/schema\\\/logo\\\/image\\\/\"},\"sameAs\":[\"https:\\\/\\\/www.facebook.com\\\/algarve7\",\"https:\\\/\\\/x.com\\\/Algarvesete\",\"https:\\\/\\\/www.instagram.com\\\/jornalalgarve7\\\/\",\"https:\\\/\\\/www.linkedin.com\\\/company\\\/algarve7\",\"https:\\\/\\\/www.pinterest.pt\\\/geral0939\\\/_created\\\/\"]},{\"@type\":\"Person\",\"@id\":\"https:\\\/\\\/algarve7.pt\\\/#\\\/schema\\\/person\\\/23fa70681308e7b319a3204bcea45e0c\",\"name\":\"Algarve 7\",\"sameAs\":[\"https:\\\/\\\/algarve7.pt\",\"https:\\\/\\\/www.facebook.com\\\/algarve7\"],\"url\":\"https:\\\/\\\/algarve7.pt\\\/index.php\\\/author\\\/geralalgarve7-pt\\\/\"}]}<\/script>\n<!-- \/ Yoast SEO plugin. -->","yoast_head_json":{"title":"\u201cA Nossa Cultura\u201d volta a sair \u00e0 rua na Mexilhoeira Grande - Algarve 7","description":"\u201cA Nossa Cultura\u201d volta a sair \u00e0 rua na Mexilhoeira Grande Cultura","robots":{"index":"index","follow":"follow","max-snippet":"max-snippet:-1","max-image-preview":"max-image-preview:large","max-video-preview":"max-video-preview:-1"},"canonical":"https:\/\/algarve7.pt\/index.php\/2023\/09\/a-nossa-cultura-volta-a-sair-a-rua-na-mexilhoeira-grande\/cultura\/12\/01\/","og_locale":"pt_PT","og_type":"article","og_title":"\u201cA Nossa Cultura\u201d volta a sair \u00e0 rua na Mexilhoeira Grande - Algarve 7","og_description":"\u201cA Nossa Cultura\u201d volta a sair \u00e0 rua na Mexilhoeira Grande Cultura","og_url":"https:\/\/algarve7.pt\/index.php\/2023\/09\/a-nossa-cultura-volta-a-sair-a-rua-na-mexilhoeira-grande\/cultura\/12\/01\/","og_site_name":"Algarve 7","article_publisher":"https:\/\/www.facebook.com\/algarve7","article_author":"https:\/\/www.facebook.com\/algarve7","article_published_time":"2023-09-27T11:01:55+00:00","article_modified_time":"2023-09-27T11:01:56+00:00","og_image":[{"width":1024,"height":683,"url":"https:\/\/algarve7.pt\/wp-content\/uploads\/2023\/09\/A-Nossa-Cultura-Sai-a-Rua1.jpg","type":"image\/jpeg"}],"author":"Algarve 7","twitter_card":"summary_large_image","twitter_creator":"@Algarvesete","twitter_site":"@Algarvesete","twitter_misc":{"Escrito por":"Algarve 7","Tempo estimado de leitura":"4 minutos"},"schema":{"@context":"https:\/\/schema.org","@graph":[{"@type":"Article","@id":"https:\/\/algarve7.pt\/index.php\/2023\/09\/a-nossa-cultura-volta-a-sair-a-rua-na-mexilhoeira-grande\/cultura\/12\/01\/#article","isPartOf":{"@id":"https:\/\/algarve7.pt\/index.php\/2023\/09\/a-nossa-cultura-volta-a-sair-a-rua-na-mexilhoeira-grande\/cultura\/12\/01\/"},"author":{"name":"Algarve 7","@id":"https:\/\/algarve7.pt\/#\/schema\/person\/23fa70681308e7b319a3204bcea45e0c"},"headline":"\u201cA Nossa Cultura\u201d volta a sair \u00e0 rua na Mexilhoeira Grande","datePublished":"2023-09-27T11:01:55+00:00","dateModified":"2023-09-27T11:01:56+00:00","mainEntityOfPage":{"@id":"https:\/\/algarve7.pt\/index.php\/2023\/09\/a-nossa-cultura-volta-a-sair-a-rua-na-mexilhoeira-grande\/cultura\/12\/01\/"},"wordCount":755,"publisher":{"@id":"https:\/\/algarve7.pt\/#organization"},"image":{"@id":"https:\/\/algarve7.pt\/index.php\/2023\/09\/a-nossa-cultura-volta-a-sair-a-rua-na-mexilhoeira-grande\/cultura\/12\/01\/#primaryimage"},"thumbnailUrl":"https:\/\/algarve7.pt\/wp-content\/uploads\/2023\/09\/A-Nossa-Cultura-Sai-a-Rua1.jpg","keywords":["Algarve","Cultura","Portim\u00e3o"],"articleSection":["Cultura"],"inLanguage":"pt-PT"},{"@type":"WebPage","@id":"https:\/\/algarve7.pt\/index.php\/2023\/09\/a-nossa-cultura-volta-a-sair-a-rua-na-mexilhoeira-grande\/cultura\/12\/01\/","url":"https:\/\/algarve7.pt\/index.php\/2023\/09\/a-nossa-cultura-volta-a-sair-a-rua-na-mexilhoeira-grande\/cultura\/12\/01\/","name":"\u201cA Nossa Cultura\u201d volta a sair \u00e0 rua na Mexilhoeira Grande - Algarve 7","isPartOf":{"@id":"https:\/\/algarve7.pt\/#website"},"primaryImageOfPage":{"@id":"https:\/\/algarve7.pt\/index.php\/2023\/09\/a-nossa-cultura-volta-a-sair-a-rua-na-mexilhoeira-grande\/cultura\/12\/01\/#primaryimage"},"image":{"@id":"https:\/\/algarve7.pt\/index.php\/2023\/09\/a-nossa-cultura-volta-a-sair-a-rua-na-mexilhoeira-grande\/cultura\/12\/01\/#primaryimage"},"thumbnailUrl":"https:\/\/algarve7.pt\/wp-content\/uploads\/2023\/09\/A-Nossa-Cultura-Sai-a-Rua1.jpg","datePublished":"2023-09-27T11:01:55+00:00","dateModified":"2023-09-27T11:01:56+00:00","description":"\u201cA Nossa Cultura\u201d volta a sair \u00e0 rua na Mexilhoeira Grande Cultura","breadcrumb":{"@id":"https:\/\/algarve7.pt\/index.php\/2023\/09\/a-nossa-cultura-volta-a-sair-a-rua-na-mexilhoeira-grande\/cultura\/12\/01\/#breadcrumb"},"inLanguage":"pt-PT","potentialAction":[{"@type":"ReadAction","target":["https:\/\/algarve7.pt\/index.php\/2023\/09\/a-nossa-cultura-volta-a-sair-a-rua-na-mexilhoeira-grande\/cultura\/12\/01\/"]}]},{"@type":"ImageObject","inLanguage":"pt-PT","@id":"https:\/\/algarve7.pt\/index.php\/2023\/09\/a-nossa-cultura-volta-a-sair-a-rua-na-mexilhoeira-grande\/cultura\/12\/01\/#primaryimage","url":"https:\/\/algarve7.pt\/wp-content\/uploads\/2023\/09\/A-Nossa-Cultura-Sai-a-Rua1.jpg","contentUrl":"https:\/\/algarve7.pt\/wp-content\/uploads\/2023\/09\/A-Nossa-Cultura-Sai-a-Rua1.jpg","width":1024,"height":683},{"@type":"BreadcrumbList","@id":"https:\/\/algarve7.pt\/index.php\/2023\/09\/a-nossa-cultura-volta-a-sair-a-rua-na-mexilhoeira-grande\/cultura\/12\/01\/#breadcrumb","itemListElement":[{"@type":"ListItem","position":1,"name":"In\u00edcio","item":"https:\/\/algarve7.pt\/"},{"@type":"ListItem","position":2,"name":"\u201cA Nossa Cultura\u201d volta a sair \u00e0 rua na Mexilhoeira Grande"}]},{"@type":"WebSite","@id":"https:\/\/algarve7.pt\/#website","url":"https:\/\/algarve7.pt\/","name":"Algarve 7","description":"Informa\u00e7\u00e3o sobre o Algarve","publisher":{"@id":"https:\/\/algarve7.pt\/#organization"},"potentialAction":[{"@type":"SearchAction","target":{"@type":"EntryPoint","urlTemplate":"https:\/\/algarve7.pt\/?s={search_term_string}"},"query-input":{"@type":"PropertyValueSpecification","valueRequired":true,"valueName":"search_term_string"}}],"inLanguage":"pt-PT"},{"@type":"Organization","@id":"https:\/\/algarve7.pt\/#organization","name":"Algarve 7","url":"https:\/\/algarve7.pt\/","logo":{"@type":"ImageObject","inLanguage":"pt-PT","@id":"https:\/\/algarve7.pt\/#\/schema\/logo\/image\/","url":"https:\/\/algarve7.pt\/wp-content\/uploads\/2020\/10\/Logo-8.jpg","contentUrl":"https:\/\/algarve7.pt\/wp-content\/uploads\/2020\/10\/Logo-8.jpg","width":1680,"height":1186,"caption":"Algarve 7"},"image":{"@id":"https:\/\/algarve7.pt\/#\/schema\/logo\/image\/"},"sameAs":["https:\/\/www.facebook.com\/algarve7","https:\/\/x.com\/Algarvesete","https:\/\/www.instagram.com\/jornalalgarve7\/","https:\/\/www.linkedin.com\/company\/algarve7","https:\/\/www.pinterest.pt\/geral0939\/_created\/"]},{"@type":"Person","@id":"https:\/\/algarve7.pt\/#\/schema\/person\/23fa70681308e7b319a3204bcea45e0c","name":"Algarve 7","sameAs":["https:\/\/algarve7.pt","https:\/\/www.facebook.com\/algarve7"],"url":"https:\/\/algarve7.pt\/index.php\/author\/geralalgarve7-pt\/"}]}},"jetpack_publicize_connections":[],"jetpack_featured_media_url":"https:\/\/algarve7.pt\/wp-content\/uploads\/2023\/09\/A-Nossa-Cultura-Sai-a-Rua1.jpg","jetpack_shortlink":"https:\/\/wp.me\/pcezmW-894","jetpack_sharing_enabled":true,"_links":{"self":[{"href":"https:\/\/algarve7.pt\/index.php\/wp-json\/wp\/v2\/posts\/31314","targetHints":{"allow":["GET"]}}],"collection":[{"href":"https:\/\/algarve7.pt\/index.php\/wp-json\/wp\/v2\/posts"}],"about":[{"href":"https:\/\/algarve7.pt\/index.php\/wp-json\/wp\/v2\/types\/post"}],"author":[{"embeddable":true,"href":"https:\/\/algarve7.pt\/index.php\/wp-json\/wp\/v2\/users\/1"}],"replies":[{"embeddable":true,"href":"https:\/\/algarve7.pt\/index.php\/wp-json\/wp\/v2\/comments?post=31314"}],"version-history":[{"count":0,"href":"https:\/\/algarve7.pt\/index.php\/wp-json\/wp\/v2\/posts\/31314\/revisions"}],"wp:featuredmedia":[{"embeddable":true,"href":"https:\/\/algarve7.pt\/index.php\/wp-json\/wp\/v2\/media\/31315"}],"wp:attachment":[{"href":"https:\/\/algarve7.pt\/index.php\/wp-json\/wp\/v2\/media?parent=31314"}],"wp:term":[{"taxonomy":"category","embeddable":true,"href":"https:\/\/algarve7.pt\/index.php\/wp-json\/wp\/v2\/categories?post=31314"},{"taxonomy":"post_tag","embeddable":true,"href":"https:\/\/algarve7.pt\/index.php\/wp-json\/wp\/v2\/tags?post=31314"}],"curies":[{"name":"wp","href":"https:\/\/api.w.org\/{rel}","templated":true}]}}