{"id":31305,"date":"2023-09-27T10:07:00","date_gmt":"2023-09-27T09:07:00","guid":{"rendered":"https:\/\/algarve7.pt\/?p=31305"},"modified":"2023-09-26T22:08:59","modified_gmt":"2023-09-26T21:08:59","slug":"plano-de-promocao-da-atividade-fisica-do-concelho-de-tavira-todos-em-movimento-3","status":"publish","type":"post","link":"https:\/\/algarve7.pt\/index.php\/2023\/09\/plano-de-promocao-da-atividade-fisica-do-concelho-de-tavira-todos-em-movimento-3\/atualidade\/10\/07\/","title":{"rendered":"Plano de Promo\u00e7\u00e3o da Atividade F\u00edsica do Concelho de Tavira &#8211; Todos em Movimento"},"content":{"rendered":"\n<p>O Munic\u00edpio de Tavira celebrou com a Casa do Povo de Santo Est\u00eav\u00e3o, o Clube de Vela de Tavira, o Tavira Nata\u00e7\u00e3o Clube, o RIA \u2013 Aqua Clube e o Clube Bike Team Tavira uma parceria tendo em vista a implementa\u00e7\u00e3o do Plano de Promo\u00e7\u00e3o da Atividade F\u00edsica do concelho de Tavira \u2013 Todos em Movimento (PPAF \u2013 TM), atrav\u00e9s de quadros t\u00e9cnicos na \u00e1rea da educa\u00e7\u00e3o f\u00edsica e desporto.<\/p>\n\n\n\n<p>O Plano decorrer\u00e1 entre outubro deste ano e junho de 2024 e resulta num investimento de \u20ac142.110,00.<\/p>\n\n\n\n<p>Este visa dar resposta \u00e0s orienta\u00e7\u00f5es firmadas na Estrat\u00e9gia Nacional para a Promo\u00e7\u00e3o da Atividade F\u00edsica, Sa\u00fade e Bem-Estar.<\/p>\n\n\n\n<p>Neste contexto, e de forma a coordenar todos os projetos e fazer o aconselhamento e encaminhamento da popula\u00e7\u00e3o, existe o Gabinete Municipal de Promo\u00e7\u00e3o da Atividade F\u00edsica do Concelho, a funcionar no Pavilh\u00e3o Municipal Dr. Eduardo Mansinho.<\/p>\n\n\n\n<p>Os projetos, gratuitos e diversificados, abrangem p\u00fablicos com faixas et\u00e1rias distintas, designadamente:<\/p>\n\n\n\n<p>&#8211; <strong>Crescer em Movimento<\/strong>: crian\u00e7as e jovens, entre os 3 e os 17 anos. Este integra o projeto <strong>Infant\u00e1rios em Movimento<\/strong>, nas instala\u00e7\u00f5es dos estabelecimentos escolares e destina-se a crian\u00e7as entre os 3 e 5 anos; o <strong>Move-te na Escola<\/strong> abrange todos os alunos do 1\u00ba Ciclo e <strong>Desportiv@mente<\/strong> \u00e9 direcionado a crian\u00e7as e jovens acolhidos em institui\u00e7\u00f5es de solidariedade social do concelho.<\/p>\n\n\n\n<p><strong>&#8211; P\u00f5e-te a Mexer:<\/strong> adultos dos 18 aos 55 anos. Inclui os projetos <strong>Gimnasticando<\/strong> (aulas bissemanais de gin\u00e1stica de manuten\u00e7\u00e3o e aer\u00f3bica, nas freguesias) e <strong>XutosN\u2019Bola<\/strong> (grupos informais de futsal e utilizadores das instala\u00e7\u00f5es desportivas municipais. Destaque, este ano, para a modalidade Netball que \u00e9 praticada, essencialmente, por elementos do sexo feminino oriundos da comunidade estrangeira residente no concelho).<\/p>\n\n\n\n<p><strong>&#8211; Viva +:<\/strong> adultos com m\u00e3os de 55 anos. Inclui o <strong>ActiveSenior<\/strong> (aulas bissemanais de gin\u00e1stica de manuten\u00e7\u00e3o em todas as freguesias e gerontomotricidade administrada nos lares e centros de dia) e o <strong>Hidro S\u00e9nior<\/strong> que proporciona atividades de hidrogin\u00e1stica, nas piscinas municipais.<\/p>\n\n\n\n<p><strong>&#8211; Atividade F\u00edsica e Sa\u00fade:<\/strong> popula\u00e7\u00f5es especiais com necessidades na \u00e1rea da sa\u00fade. Agrega o projeto <strong>Atividade F\u00edsica Adaptada <\/strong>(cidad\u00e3os portadores de algum tipo de defici\u00eancia. \u00c9 desenvolvido em colabora\u00e7\u00e3o com a Funda\u00e7\u00e3o Irene Rolo e passa pela pr\u00e1tica de atividades aqu\u00e1ticas e express\u00e3o f\u00edsico-motora, assim como boccia) e <strong>GATO<\/strong> (em colabora\u00e7\u00e3o com o Grupo de Ajuda a Toxicodependentes \u00e9 direcionada a esta popula\u00e7\u00e3o e inclui atividades f\u00edsicas e desportivas indoor e outdoor).<\/p>\n\n\n\n<p>Em parceria com o ACES Sotavento existem os projetos <strong>Diabetes em movimento<\/strong> (programa comunit\u00e1rio de exerc\u00edcio f\u00edsico para pessoas com diabetes tipo 2. As sess\u00f5es decorrem tr\u00eas vezes por semana, no Pavilh\u00e3o Municipal Dr. Eduardo Mansinho), <strong>Programa de Reabilita\u00e7\u00e3o Respirat\u00f3ria de Proximidade &#8211; PRRP<\/strong> (desenvolvido em parceria com o Centro Hospitalar Universit\u00e1rio do Algarve e o Munic\u00edpio de Tavira com vista a melhorar a qualidade de vida das pessoas com Doen\u00e7a Pulmonar Obstrutiva Cr\u00f3nica. As sess\u00f5es decorrem tr\u00eas vezes por semana, no Pavilh\u00e3o Municipal Dr. Eduardo Mansinho), <strong>Combate \u00e0 Obesidade<\/strong> (destinado a utentes, com mais de 3 anos das Unidades Funcionais do ACES Sotavento. Em articula\u00e7\u00e3o com o Munic\u00edpio de Tavira \u00e9 feita a avalia\u00e7\u00e3o da condi\u00e7\u00e3o f\u00edsica, aconselhamento e encaminhamento para a pr\u00e1tica da atividade f\u00edsica).<\/p>\n\n\n\n<p>Os projetos <strong>Todos a Caminhar<\/strong> e <strong>Tavira ConVid\u2019a Pedalar<\/strong> s\u00e3o transversais a todos os programas. O primeiro consiste em marchas corridas semanais e abrange todas as freguesias. O segundo inclui passeios guiados em bicicleta BTT e abarca, igualmente, todas as freguesias.<\/p>\n\n\n\n<p>Ao dinamizar este Plano \u00e9 objetivo da edilidade, juntamente com as diferentes entidades parceiras, baixar os n\u00edveis de inatividade f\u00edsica, em todo o ciclo de vida, e proporcionar uma oferta desportiva diversificada e gratuita.<\/p>\n","protected":false},"excerpt":{"rendered":"<p>O Munic\u00edpio de Tavira celebrou com a Casa do Povo de Santo Est\u00eav\u00e3o, o Clube de Vela de Tavira, o<\/p>\n","protected":false},"author":1,"featured_media":31306,"comment_status":"closed","ping_status":"open","sticky":false,"template":"","format":"standard","meta":{"colormag_page_container_layout":"default_layout","colormag_page_sidebar_layout":"default_layout","_monsterinsights_skip_tracking":false,"_monsterinsights_sitenote_active":false,"_monsterinsights_sitenote_note":"","_monsterinsights_sitenote_category":0,"jetpack_post_was_ever_published":false,"_jetpack_newsletter_access":"","_jetpack_dont_email_post_to_subs":false,"_jetpack_newsletter_tier_id":0,"_jetpack_memberships_contains_paywalled_content":false,"_jetpack_memberships_contains_paid_content":false,"footnotes":"","jetpack_publicize_message":"","jetpack_publicize_feature_enabled":true,"jetpack_social_post_already_shared":true,"jetpack_social_options":{"image_generator_settings":{"template":"highway","default_image_id":0,"font":"","enabled":false},"version":2}},"categories":[11],"tags":[36,62,54],"class_list":["post-31305","post","type-post","status-publish","format-standard","has-post-thumbnail","hentry","category-atualidade","tag-algarve","tag-atualidade","tag-tavira"],"yoast_head":"<!-- This site is optimized with the Yoast SEO plugin v27.5 - https:\/\/yoast.com\/product\/yoast-seo-wordpress\/ -->\n<title>Plano de Promo\u00e7\u00e3o da Atividade F\u00edsica do Concelho de Tavira - Todos em Movimento - Algarve 7<\/title>\n<meta name=\"description\" content=\"Plano de Promo\u00e7\u00e3o da Atividade F\u00edsica do Concelho de Tavira - Todos em Movimento Atualidade\" \/>\n<meta name=\"robots\" content=\"index, follow, max-snippet:-1, max-image-preview:large, max-video-preview:-1\" \/>\n<link rel=\"canonical\" href=\"https:\/\/algarve7.pt\/index.php\/2023\/09\/plano-de-promocao-da-atividade-fisica-do-concelho-de-tavira-todos-em-movimento-3\/atualidade\/10\/07\/\" \/>\n<meta property=\"og:locale\" content=\"pt_PT\" \/>\n<meta property=\"og:type\" content=\"article\" \/>\n<meta property=\"og:title\" content=\"Plano de Promo\u00e7\u00e3o da Atividade F\u00edsica do Concelho de Tavira - Todos em Movimento - Algarve 7\" \/>\n<meta property=\"og:description\" content=\"Plano de Promo\u00e7\u00e3o da Atividade F\u00edsica do Concelho de Tavira - Todos em Movimento Atualidade\" \/>\n<meta property=\"og:url\" content=\"https:\/\/algarve7.pt\/index.php\/2023\/09\/plano-de-promocao-da-atividade-fisica-do-concelho-de-tavira-todos-em-movimento-3\/atualidade\/10\/07\/\" \/>\n<meta property=\"og:site_name\" content=\"Algarve 7\" \/>\n<meta property=\"article:publisher\" content=\"https:\/\/www.facebook.com\/algarve7\" \/>\n<meta property=\"article:author\" content=\"https:\/\/www.facebook.com\/algarve7\" \/>\n<meta property=\"article:published_time\" content=\"2023-09-27T09:07:00+00:00\" \/>\n<meta property=\"og:image\" content=\"https:\/\/algarve7.pt\/wp-content\/uploads\/2023\/09\/383908425_841425137777289_3291223930178088872_n.jpg\" \/>\n\t<meta property=\"og:image:width\" content=\"1024\" \/>\n\t<meta property=\"og:image:height\" content=\"768\" \/>\n\t<meta property=\"og:image:type\" content=\"image\/jpeg\" \/>\n<meta name=\"author\" content=\"Algarve 7\" \/>\n<meta name=\"twitter:card\" content=\"summary_large_image\" \/>\n<meta name=\"twitter:creator\" content=\"@Algarvesete\" \/>\n<meta name=\"twitter:site\" content=\"@Algarvesete\" \/>\n<meta name=\"twitter:label1\" content=\"Escrito por\" \/>\n\t<meta name=\"twitter:data1\" content=\"Algarve 7\" \/>\n\t<meta name=\"twitter:label2\" content=\"Tempo estimado de leitura\" \/>\n\t<meta name=\"twitter:data2\" content=\"4 minutos\" \/>\n<script type=\"application\/ld+json\" class=\"yoast-schema-graph\">{\"@context\":\"https:\\\/\\\/schema.org\",\"@graph\":[{\"@type\":\"Article\",\"@id\":\"https:\\\/\\\/algarve7.pt\\\/index.php\\\/2023\\\/09\\\/plano-de-promocao-da-atividade-fisica-do-concelho-de-tavira-todos-em-movimento-3\\\/atualidade\\\/10\\\/07\\\/#article\",\"isPartOf\":{\"@id\":\"https:\\\/\\\/algarve7.pt\\\/index.php\\\/2023\\\/09\\\/plano-de-promocao-da-atividade-fisica-do-concelho-de-tavira-todos-em-movimento-3\\\/atualidade\\\/10\\\/07\\\/\"},\"author\":{\"name\":\"Algarve 7\",\"@id\":\"https:\\\/\\\/algarve7.pt\\\/#\\\/schema\\\/person\\\/23fa70681308e7b319a3204bcea45e0c\"},\"headline\":\"Plano de Promo\u00e7\u00e3o da Atividade F\u00edsica do Concelho de Tavira &#8211; Todos em Movimento\",\"datePublished\":\"2023-09-27T09:07:00+00:00\",\"mainEntityOfPage\":{\"@id\":\"https:\\\/\\\/algarve7.pt\\\/index.php\\\/2023\\\/09\\\/plano-de-promocao-da-atividade-fisica-do-concelho-de-tavira-todos-em-movimento-3\\\/atualidade\\\/10\\\/07\\\/\"},\"wordCount\":670,\"publisher\":{\"@id\":\"https:\\\/\\\/algarve7.pt\\\/#organization\"},\"image\":{\"@id\":\"https:\\\/\\\/algarve7.pt\\\/index.php\\\/2023\\\/09\\\/plano-de-promocao-da-atividade-fisica-do-concelho-de-tavira-todos-em-movimento-3\\\/atualidade\\\/10\\\/07\\\/#primaryimage\"},\"thumbnailUrl\":\"https:\\\/\\\/algarve7.pt\\\/wp-content\\\/uploads\\\/2023\\\/09\\\/383908425_841425137777289_3291223930178088872_n.jpg\",\"keywords\":[\"Algarve\",\"Atualidade\",\"Tavira\"],\"articleSection\":[\"Atualidade\"],\"inLanguage\":\"pt-PT\"},{\"@type\":\"WebPage\",\"@id\":\"https:\\\/\\\/algarve7.pt\\\/index.php\\\/2023\\\/09\\\/plano-de-promocao-da-atividade-fisica-do-concelho-de-tavira-todos-em-movimento-3\\\/atualidade\\\/10\\\/07\\\/\",\"url\":\"https:\\\/\\\/algarve7.pt\\\/index.php\\\/2023\\\/09\\\/plano-de-promocao-da-atividade-fisica-do-concelho-de-tavira-todos-em-movimento-3\\\/atualidade\\\/10\\\/07\\\/\",\"name\":\"Plano de Promo\u00e7\u00e3o da Atividade F\u00edsica do Concelho de Tavira - Todos em Movimento - Algarve 7\",\"isPartOf\":{\"@id\":\"https:\\\/\\\/algarve7.pt\\\/#website\"},\"primaryImageOfPage\":{\"@id\":\"https:\\\/\\\/algarve7.pt\\\/index.php\\\/2023\\\/09\\\/plano-de-promocao-da-atividade-fisica-do-concelho-de-tavira-todos-em-movimento-3\\\/atualidade\\\/10\\\/07\\\/#primaryimage\"},\"image\":{\"@id\":\"https:\\\/\\\/algarve7.pt\\\/index.php\\\/2023\\\/09\\\/plano-de-promocao-da-atividade-fisica-do-concelho-de-tavira-todos-em-movimento-3\\\/atualidade\\\/10\\\/07\\\/#primaryimage\"},\"thumbnailUrl\":\"https:\\\/\\\/algarve7.pt\\\/wp-content\\\/uploads\\\/2023\\\/09\\\/383908425_841425137777289_3291223930178088872_n.jpg\",\"datePublished\":\"2023-09-27T09:07:00+00:00\",\"description\":\"Plano de Promo\u00e7\u00e3o da Atividade F\u00edsica do Concelho de Tavira - Todos em Movimento Atualidade\",\"breadcrumb\":{\"@id\":\"https:\\\/\\\/algarve7.pt\\\/index.php\\\/2023\\\/09\\\/plano-de-promocao-da-atividade-fisica-do-concelho-de-tavira-todos-em-movimento-3\\\/atualidade\\\/10\\\/07\\\/#breadcrumb\"},\"inLanguage\":\"pt-PT\",\"potentialAction\":[{\"@type\":\"ReadAction\",\"target\":[\"https:\\\/\\\/algarve7.pt\\\/index.php\\\/2023\\\/09\\\/plano-de-promocao-da-atividade-fisica-do-concelho-de-tavira-todos-em-movimento-3\\\/atualidade\\\/10\\\/07\\\/\"]}]},{\"@type\":\"ImageObject\",\"inLanguage\":\"pt-PT\",\"@id\":\"https:\\\/\\\/algarve7.pt\\\/index.php\\\/2023\\\/09\\\/plano-de-promocao-da-atividade-fisica-do-concelho-de-tavira-todos-em-movimento-3\\\/atualidade\\\/10\\\/07\\\/#primaryimage\",\"url\":\"https:\\\/\\\/algarve7.pt\\\/wp-content\\\/uploads\\\/2023\\\/09\\\/383908425_841425137777289_3291223930178088872_n.jpg\",\"contentUrl\":\"https:\\\/\\\/algarve7.pt\\\/wp-content\\\/uploads\\\/2023\\\/09\\\/383908425_841425137777289_3291223930178088872_n.jpg\",\"width\":1024,\"height\":768},{\"@type\":\"BreadcrumbList\",\"@id\":\"https:\\\/\\\/algarve7.pt\\\/index.php\\\/2023\\\/09\\\/plano-de-promocao-da-atividade-fisica-do-concelho-de-tavira-todos-em-movimento-3\\\/atualidade\\\/10\\\/07\\\/#breadcrumb\",\"itemListElement\":[{\"@type\":\"ListItem\",\"position\":1,\"name\":\"In\u00edcio\",\"item\":\"https:\\\/\\\/algarve7.pt\\\/\"},{\"@type\":\"ListItem\",\"position\":2,\"name\":\"Plano de Promo\u00e7\u00e3o da Atividade F\u00edsica do Concelho de Tavira &#8211; Todos em Movimento\"}]},{\"@type\":\"WebSite\",\"@id\":\"https:\\\/\\\/algarve7.pt\\\/#website\",\"url\":\"https:\\\/\\\/algarve7.pt\\\/\",\"name\":\"Algarve 7\",\"description\":\"Informa\u00e7\u00e3o sobre o Algarve\",\"publisher\":{\"@id\":\"https:\\\/\\\/algarve7.pt\\\/#organization\"},\"potentialAction\":[{\"@type\":\"SearchAction\",\"target\":{\"@type\":\"EntryPoint\",\"urlTemplate\":\"https:\\\/\\\/algarve7.pt\\\/?s={search_term_string}\"},\"query-input\":{\"@type\":\"PropertyValueSpecification\",\"valueRequired\":true,\"valueName\":\"search_term_string\"}}],\"inLanguage\":\"pt-PT\"},{\"@type\":\"Organization\",\"@id\":\"https:\\\/\\\/algarve7.pt\\\/#organization\",\"name\":\"Algarve 7\",\"url\":\"https:\\\/\\\/algarve7.pt\\\/\",\"logo\":{\"@type\":\"ImageObject\",\"inLanguage\":\"pt-PT\",\"@id\":\"https:\\\/\\\/algarve7.pt\\\/#\\\/schema\\\/logo\\\/image\\\/\",\"url\":\"https:\\\/\\\/algarve7.pt\\\/wp-content\\\/uploads\\\/2020\\\/10\\\/Logo-8.jpg\",\"contentUrl\":\"https:\\\/\\\/algarve7.pt\\\/wp-content\\\/uploads\\\/2020\\\/10\\\/Logo-8.jpg\",\"width\":1680,\"height\":1186,\"caption\":\"Algarve 7\"},\"image\":{\"@id\":\"https:\\\/\\\/algarve7.pt\\\/#\\\/schema\\\/logo\\\/image\\\/\"},\"sameAs\":[\"https:\\\/\\\/www.facebook.com\\\/algarve7\",\"https:\\\/\\\/x.com\\\/Algarvesete\",\"https:\\\/\\\/www.instagram.com\\\/jornalalgarve7\\\/\",\"https:\\\/\\\/www.linkedin.com\\\/company\\\/algarve7\",\"https:\\\/\\\/www.pinterest.pt\\\/geral0939\\\/_created\\\/\"]},{\"@type\":\"Person\",\"@id\":\"https:\\\/\\\/algarve7.pt\\\/#\\\/schema\\\/person\\\/23fa70681308e7b319a3204bcea45e0c\",\"name\":\"Algarve 7\",\"sameAs\":[\"https:\\\/\\\/algarve7.pt\",\"https:\\\/\\\/www.facebook.com\\\/algarve7\"],\"url\":\"https:\\\/\\\/algarve7.pt\\\/index.php\\\/author\\\/geralalgarve7-pt\\\/\"}]}<\/script>\n<!-- \/ Yoast SEO plugin. -->","yoast_head_json":{"title":"Plano de Promo\u00e7\u00e3o da Atividade F\u00edsica do Concelho de Tavira - Todos em Movimento - Algarve 7","description":"Plano de Promo\u00e7\u00e3o da Atividade F\u00edsica do Concelho de Tavira - Todos em Movimento Atualidade","robots":{"index":"index","follow":"follow","max-snippet":"max-snippet:-1","max-image-preview":"max-image-preview:large","max-video-preview":"max-video-preview:-1"},"canonical":"https:\/\/algarve7.pt\/index.php\/2023\/09\/plano-de-promocao-da-atividade-fisica-do-concelho-de-tavira-todos-em-movimento-3\/atualidade\/10\/07\/","og_locale":"pt_PT","og_type":"article","og_title":"Plano de Promo\u00e7\u00e3o da Atividade F\u00edsica do Concelho de Tavira - Todos em Movimento - Algarve 7","og_description":"Plano de Promo\u00e7\u00e3o da Atividade F\u00edsica do Concelho de Tavira - Todos em Movimento Atualidade","og_url":"https:\/\/algarve7.pt\/index.php\/2023\/09\/plano-de-promocao-da-atividade-fisica-do-concelho-de-tavira-todos-em-movimento-3\/atualidade\/10\/07\/","og_site_name":"Algarve 7","article_publisher":"https:\/\/www.facebook.com\/algarve7","article_author":"https:\/\/www.facebook.com\/algarve7","article_published_time":"2023-09-27T09:07:00+00:00","og_image":[{"width":1024,"height":768,"url":"https:\/\/algarve7.pt\/wp-content\/uploads\/2023\/09\/383908425_841425137777289_3291223930178088872_n.jpg","type":"image\/jpeg"}],"author":"Algarve 7","twitter_card":"summary_large_image","twitter_creator":"@Algarvesete","twitter_site":"@Algarvesete","twitter_misc":{"Escrito por":"Algarve 7","Tempo estimado de leitura":"4 minutos"},"schema":{"@context":"https:\/\/schema.org","@graph":[{"@type":"Article","@id":"https:\/\/algarve7.pt\/index.php\/2023\/09\/plano-de-promocao-da-atividade-fisica-do-concelho-de-tavira-todos-em-movimento-3\/atualidade\/10\/07\/#article","isPartOf":{"@id":"https:\/\/algarve7.pt\/index.php\/2023\/09\/plano-de-promocao-da-atividade-fisica-do-concelho-de-tavira-todos-em-movimento-3\/atualidade\/10\/07\/"},"author":{"name":"Algarve 7","@id":"https:\/\/algarve7.pt\/#\/schema\/person\/23fa70681308e7b319a3204bcea45e0c"},"headline":"Plano de Promo\u00e7\u00e3o da Atividade F\u00edsica do Concelho de Tavira &#8211; Todos em Movimento","datePublished":"2023-09-27T09:07:00+00:00","mainEntityOfPage":{"@id":"https:\/\/algarve7.pt\/index.php\/2023\/09\/plano-de-promocao-da-atividade-fisica-do-concelho-de-tavira-todos-em-movimento-3\/atualidade\/10\/07\/"},"wordCount":670,"publisher":{"@id":"https:\/\/algarve7.pt\/#organization"},"image":{"@id":"https:\/\/algarve7.pt\/index.php\/2023\/09\/plano-de-promocao-da-atividade-fisica-do-concelho-de-tavira-todos-em-movimento-3\/atualidade\/10\/07\/#primaryimage"},"thumbnailUrl":"https:\/\/algarve7.pt\/wp-content\/uploads\/2023\/09\/383908425_841425137777289_3291223930178088872_n.jpg","keywords":["Algarve","Atualidade","Tavira"],"articleSection":["Atualidade"],"inLanguage":"pt-PT"},{"@type":"WebPage","@id":"https:\/\/algarve7.pt\/index.php\/2023\/09\/plano-de-promocao-da-atividade-fisica-do-concelho-de-tavira-todos-em-movimento-3\/atualidade\/10\/07\/","url":"https:\/\/algarve7.pt\/index.php\/2023\/09\/plano-de-promocao-da-atividade-fisica-do-concelho-de-tavira-todos-em-movimento-3\/atualidade\/10\/07\/","name":"Plano de Promo\u00e7\u00e3o da Atividade F\u00edsica do Concelho de Tavira - Todos em Movimento - Algarve 7","isPartOf":{"@id":"https:\/\/algarve7.pt\/#website"},"primaryImageOfPage":{"@id":"https:\/\/algarve7.pt\/index.php\/2023\/09\/plano-de-promocao-da-atividade-fisica-do-concelho-de-tavira-todos-em-movimento-3\/atualidade\/10\/07\/#primaryimage"},"image":{"@id":"https:\/\/algarve7.pt\/index.php\/2023\/09\/plano-de-promocao-da-atividade-fisica-do-concelho-de-tavira-todos-em-movimento-3\/atualidade\/10\/07\/#primaryimage"},"thumbnailUrl":"https:\/\/algarve7.pt\/wp-content\/uploads\/2023\/09\/383908425_841425137777289_3291223930178088872_n.jpg","datePublished":"2023-09-27T09:07:00+00:00","description":"Plano de Promo\u00e7\u00e3o da Atividade F\u00edsica do Concelho de Tavira - Todos em Movimento Atualidade","breadcrumb":{"@id":"https:\/\/algarve7.pt\/index.php\/2023\/09\/plano-de-promocao-da-atividade-fisica-do-concelho-de-tavira-todos-em-movimento-3\/atualidade\/10\/07\/#breadcrumb"},"inLanguage":"pt-PT","potentialAction":[{"@type":"ReadAction","target":["https:\/\/algarve7.pt\/index.php\/2023\/09\/plano-de-promocao-da-atividade-fisica-do-concelho-de-tavira-todos-em-movimento-3\/atualidade\/10\/07\/"]}]},{"@type":"ImageObject","inLanguage":"pt-PT","@id":"https:\/\/algarve7.pt\/index.php\/2023\/09\/plano-de-promocao-da-atividade-fisica-do-concelho-de-tavira-todos-em-movimento-3\/atualidade\/10\/07\/#primaryimage","url":"https:\/\/algarve7.pt\/wp-content\/uploads\/2023\/09\/383908425_841425137777289_3291223930178088872_n.jpg","contentUrl":"https:\/\/algarve7.pt\/wp-content\/uploads\/2023\/09\/383908425_841425137777289_3291223930178088872_n.jpg","width":1024,"height":768},{"@type":"BreadcrumbList","@id":"https:\/\/algarve7.pt\/index.php\/2023\/09\/plano-de-promocao-da-atividade-fisica-do-concelho-de-tavira-todos-em-movimento-3\/atualidade\/10\/07\/#breadcrumb","itemListElement":[{"@type":"ListItem","position":1,"name":"In\u00edcio","item":"https:\/\/algarve7.pt\/"},{"@type":"ListItem","position":2,"name":"Plano de Promo\u00e7\u00e3o da Atividade F\u00edsica do Concelho de Tavira &#8211; Todos em Movimento"}]},{"@type":"WebSite","@id":"https:\/\/algarve7.pt\/#website","url":"https:\/\/algarve7.pt\/","name":"Algarve 7","description":"Informa\u00e7\u00e3o sobre o Algarve","publisher":{"@id":"https:\/\/algarve7.pt\/#organization"},"potentialAction":[{"@type":"SearchAction","target":{"@type":"EntryPoint","urlTemplate":"https:\/\/algarve7.pt\/?s={search_term_string}"},"query-input":{"@type":"PropertyValueSpecification","valueRequired":true,"valueName":"search_term_string"}}],"inLanguage":"pt-PT"},{"@type":"Organization","@id":"https:\/\/algarve7.pt\/#organization","name":"Algarve 7","url":"https:\/\/algarve7.pt\/","logo":{"@type":"ImageObject","inLanguage":"pt-PT","@id":"https:\/\/algarve7.pt\/#\/schema\/logo\/image\/","url":"https:\/\/algarve7.pt\/wp-content\/uploads\/2020\/10\/Logo-8.jpg","contentUrl":"https:\/\/algarve7.pt\/wp-content\/uploads\/2020\/10\/Logo-8.jpg","width":1680,"height":1186,"caption":"Algarve 7"},"image":{"@id":"https:\/\/algarve7.pt\/#\/schema\/logo\/image\/"},"sameAs":["https:\/\/www.facebook.com\/algarve7","https:\/\/x.com\/Algarvesete","https:\/\/www.instagram.com\/jornalalgarve7\/","https:\/\/www.linkedin.com\/company\/algarve7","https:\/\/www.pinterest.pt\/geral0939\/_created\/"]},{"@type":"Person","@id":"https:\/\/algarve7.pt\/#\/schema\/person\/23fa70681308e7b319a3204bcea45e0c","name":"Algarve 7","sameAs":["https:\/\/algarve7.pt","https:\/\/www.facebook.com\/algarve7"],"url":"https:\/\/algarve7.pt\/index.php\/author\/geralalgarve7-pt\/"}]}},"jetpack_publicize_connections":[],"jetpack_featured_media_url":"https:\/\/algarve7.pt\/wp-content\/uploads\/2023\/09\/383908425_841425137777289_3291223930178088872_n.jpg","jetpack_shortlink":"https:\/\/wp.me\/pcezmW-88V","jetpack_sharing_enabled":true,"_links":{"self":[{"href":"https:\/\/algarve7.pt\/index.php\/wp-json\/wp\/v2\/posts\/31305","targetHints":{"allow":["GET"]}}],"collection":[{"href":"https:\/\/algarve7.pt\/index.php\/wp-json\/wp\/v2\/posts"}],"about":[{"href":"https:\/\/algarve7.pt\/index.php\/wp-json\/wp\/v2\/types\/post"}],"author":[{"embeddable":true,"href":"https:\/\/algarve7.pt\/index.php\/wp-json\/wp\/v2\/users\/1"}],"replies":[{"embeddable":true,"href":"https:\/\/algarve7.pt\/index.php\/wp-json\/wp\/v2\/comments?post=31305"}],"version-history":[{"count":0,"href":"https:\/\/algarve7.pt\/index.php\/wp-json\/wp\/v2\/posts\/31305\/revisions"}],"wp:featuredmedia":[{"embeddable":true,"href":"https:\/\/algarve7.pt\/index.php\/wp-json\/wp\/v2\/media\/31306"}],"wp:attachment":[{"href":"https:\/\/algarve7.pt\/index.php\/wp-json\/wp\/v2\/media?parent=31305"}],"wp:term":[{"taxonomy":"category","embeddable":true,"href":"https:\/\/algarve7.pt\/index.php\/wp-json\/wp\/v2\/categories?post=31305"},{"taxonomy":"post_tag","embeddable":true,"href":"https:\/\/algarve7.pt\/index.php\/wp-json\/wp\/v2\/tags?post=31305"}],"curies":[{"name":"wp","href":"https:\/\/api.w.org\/{rel}","templated":true}]}}