{"id":31302,"date":"2023-09-26T22:05:51","date_gmt":"2023-09-26T21:05:51","guid":{"rendered":"https:\/\/algarve7.pt\/?p=31302"},"modified":"2023-09-26T22:05:53","modified_gmt":"2023-09-26T21:05:53","slug":"prometo-viver-regressa-ao-teatro-das-figuras-este-sabado","status":"publish","type":"post","link":"https:\/\/algarve7.pt\/index.php\/2023\/09\/prometo-viver-regressa-ao-teatro-das-figuras-este-sabado\/cultura\/22\/05\/","title":{"rendered":"Prometo viver regressa ao teatro das figuras este s\u00e1bado"},"content":{"rendered":"\n<p>Est\u00e1 tudo a postos para levar a segunda edi\u00e7\u00e3o do \u201cPrometo Viver\u2026 em inclus\u00e3o\u201d ao Teatro das Figuras, em Faro, no pr\u00f3ximo s\u00e1bado, 30 de setembro.<\/p>\n\n\n\n<p>A partir das 21h00, os conhecidos artistas Miguel Gameiro, Jimmy P, \u00cdris, Ant\u00f3nio Manuel Ribeiro (UHF), Pedro Chagas Freitas, Toz\u00e9 Santos (Perfume), M\u00e1rio Augusto (jornalista) e Rita Bulhosa, Jo\u00e3o Tiago Neto e ArtMusa v\u00e3o iluminar o palco do Teatro das Figuras neste espet\u00e1culo de cariz solid\u00e1rio que este ano pretende angariar fundos para os utentes do N\u00facleo de Faro da Associa\u00e7\u00e3o Portuguesa de Paralisia Cerebral (APPC) e outras fam\u00edlias.<\/p>\n\n\n\n<p>A associa\u00e7\u00e3o continua a ter a cultura como ferramenta fundamental para ajudar causas nobres relacionadas com a inclus\u00e3o.<\/p>\n\n\n\n<p>Nesta edi\u00e7\u00e3o, os esfor\u00e7os v\u00e3o confluir na ajuda a fam\u00edlias que convivem com situa\u00e7\u00f5es de paralisia cerebral e precisam de equipamentos essenciais em prol da dignidade e igualdade de todos, s\u00e3o os objetivos desta nova edi\u00e7\u00e3o.<\/p>\n\n\n\n<p>Entre os momentos especiais que se podem antecipar para este espet\u00e1culo destaca-se a atua\u00e7\u00e3o dos embaixadores \u00cdris que v\u00e3o levar ao palco os seus dois novos originais nascidos de um desafio lan\u00e7ado na primeira edi\u00e7\u00e3o do Prometo Viver e que contam com letras do escritor Pedro Chagas Freiras. M\u00fasicas inspiradas na Associa\u00e7\u00e3o Prometo Viver e na for\u00e7a que move os seus membros.<\/p>\n\n\n\n<p>Jimmy P que ir\u00e1 estar em palco, com um coro de crian\u00e7as s\u00e3o-brasenses, sob coordena\u00e7\u00e3o do Professor Ricardo Silva, num momento inesquec\u00edvel.<\/p>\n\n\n\n<p>O p\u00fablico vai ainda ter oportunidade de conhecer uma exposi\u00e7\u00e3o de pintura coletiva de arte inclusiva que vai revelar como a perseveran\u00e7a, a sensibilidade e o talento ultrapassam as limita\u00e7\u00f5es da paralisia cerebral.<\/p>\n\n\n\n<p>Uma exposi\u00e7\u00e3o com trabalhos dos utentes da APPC Faro e do jovem artista s\u00e3o-brasense Jos\u00e9 Eduardo Coelho, que representa o Espa\u00e7o Inclus\u00e3o de S\u00e3o Br\u00e1s de Alportel.<\/p>\n\n\n\n<p>Em simult\u00e2neo cada espectador tem, ao garantir a sua presen\u00e7a neste espet\u00e1culo, a oportunidade de assistir a um espet\u00e1culo \u00fanico e irrepet\u00edvel ao mesmo tempo que apoia a APPC-Faro.<\/p>\n\n\n\n<p>Um evento que conta com a colabora\u00e7\u00e3o e patroc\u00ednio de in\u00fameras empresas e institui\u00e7\u00f5es da regi\u00e3o assim como o apoio das C\u00e2maras Municipais de S\u00e3o Br\u00e1s de Alportel, Loul\u00e9 e Faro.<\/p>\n","protected":false},"excerpt":{"rendered":"<p>Est\u00e1 tudo a postos para levar a segunda edi\u00e7\u00e3o do \u201cPrometo Viver\u2026 em inclus\u00e3o\u201d ao Teatro das Figuras, em Faro,<\/p>\n","protected":false},"author":1,"featured_media":31303,"comment_status":"closed","ping_status":"open","sticky":false,"template":"","format":"standard","meta":{"colormag_page_container_layout":"default_layout","colormag_page_sidebar_layout":"default_layout","_monsterinsights_skip_tracking":false,"_monsterinsights_sitenote_active":false,"_monsterinsights_sitenote_note":"","_monsterinsights_sitenote_category":0,"jetpack_post_was_ever_published":false,"_jetpack_newsletter_access":"","_jetpack_dont_email_post_to_subs":false,"_jetpack_newsletter_tier_id":0,"_jetpack_memberships_contains_paywalled_content":false,"_jetpack_memberships_contains_paid_content":false,"footnotes":"","jetpack_publicize_message":"","jetpack_publicize_feature_enabled":true,"jetpack_social_post_already_shared":true,"jetpack_social_options":{"image_generator_settings":{"template":"highway","default_image_id":0,"font":"","enabled":false},"version":2}},"categories":[14],"tags":[36,35,63],"class_list":["post-31302","post","type-post","status-publish","format-standard","has-post-thumbnail","hentry","category-cultura","tag-algarve","tag-cultura","tag-sao-bras-de-alportel"],"yoast_head":"<!-- This site is optimized with the Yoast SEO plugin v27.4 - https:\/\/yoast.com\/product\/yoast-seo-wordpress\/ -->\n<title>Prometo viver regressa ao teatro das figuras este s\u00e1bado - Algarve 7<\/title>\n<meta name=\"description\" content=\"Prometo viver regressa ao teatro das figuras este s\u00e1bado Cultura\" \/>\n<meta name=\"robots\" content=\"index, follow, max-snippet:-1, max-image-preview:large, max-video-preview:-1\" \/>\n<link rel=\"canonical\" href=\"https:\/\/algarve7.pt\/index.php\/2023\/09\/prometo-viver-regressa-ao-teatro-das-figuras-este-sabado\/cultura\/22\/05\/\" \/>\n<meta property=\"og:locale\" content=\"pt_PT\" \/>\n<meta property=\"og:type\" content=\"article\" \/>\n<meta property=\"og:title\" content=\"Prometo viver regressa ao teatro das figuras este s\u00e1bado - Algarve 7\" \/>\n<meta property=\"og:description\" content=\"Prometo viver regressa ao teatro das figuras este s\u00e1bado Cultura\" \/>\n<meta property=\"og:url\" content=\"https:\/\/algarve7.pt\/index.php\/2023\/09\/prometo-viver-regressa-ao-teatro-das-figuras-este-sabado\/cultura\/22\/05\/\" \/>\n<meta property=\"og:site_name\" content=\"Algarve 7\" \/>\n<meta property=\"article:publisher\" content=\"https:\/\/www.facebook.com\/algarve7\" \/>\n<meta property=\"article:author\" content=\"https:\/\/www.facebook.com\/algarve7\" \/>\n<meta property=\"article:published_time\" content=\"2023-09-26T21:05:51+00:00\" \/>\n<meta property=\"article:modified_time\" content=\"2023-09-26T21:05:53+00:00\" \/>\n<meta property=\"og:image\" content=\"https:\/\/algarve7.pt\/wp-content\/uploads\/2023\/09\/PrometoViver_23_instgram.jpg\" \/>\n\t<meta property=\"og:image:width\" content=\"900\" \/>\n\t<meta property=\"og:image:height\" content=\"900\" \/>\n\t<meta property=\"og:image:type\" content=\"image\/jpeg\" \/>\n<meta name=\"author\" content=\"Algarve 7\" \/>\n<meta name=\"twitter:card\" content=\"summary_large_image\" \/>\n<meta name=\"twitter:creator\" content=\"@Algarvesete\" \/>\n<meta name=\"twitter:site\" content=\"@Algarvesete\" \/>\n<meta name=\"twitter:label1\" content=\"Escrito por\" \/>\n\t<meta name=\"twitter:data1\" content=\"Algarve 7\" \/>\n\t<meta name=\"twitter:label2\" content=\"Tempo estimado de leitura\" \/>\n\t<meta name=\"twitter:data2\" content=\"2 minutos\" \/>\n<script type=\"application\/ld+json\" class=\"yoast-schema-graph\">{\"@context\":\"https:\\\/\\\/schema.org\",\"@graph\":[{\"@type\":\"Article\",\"@id\":\"https:\\\/\\\/algarve7.pt\\\/index.php\\\/2023\\\/09\\\/prometo-viver-regressa-ao-teatro-das-figuras-este-sabado\\\/cultura\\\/22\\\/05\\\/#article\",\"isPartOf\":{\"@id\":\"https:\\\/\\\/algarve7.pt\\\/index.php\\\/2023\\\/09\\\/prometo-viver-regressa-ao-teatro-das-figuras-este-sabado\\\/cultura\\\/22\\\/05\\\/\"},\"author\":{\"name\":\"Algarve 7\",\"@id\":\"https:\\\/\\\/algarve7.pt\\\/#\\\/schema\\\/person\\\/23fa70681308e7b319a3204bcea45e0c\"},\"headline\":\"Prometo viver regressa ao teatro das figuras este s\u00e1bado\",\"datePublished\":\"2023-09-26T21:05:51+00:00\",\"dateModified\":\"2023-09-26T21:05:53+00:00\",\"mainEntityOfPage\":{\"@id\":\"https:\\\/\\\/algarve7.pt\\\/index.php\\\/2023\\\/09\\\/prometo-viver-regressa-ao-teatro-das-figuras-este-sabado\\\/cultura\\\/22\\\/05\\\/\"},\"wordCount\":419,\"publisher\":{\"@id\":\"https:\\\/\\\/algarve7.pt\\\/#organization\"},\"image\":{\"@id\":\"https:\\\/\\\/algarve7.pt\\\/index.php\\\/2023\\\/09\\\/prometo-viver-regressa-ao-teatro-das-figuras-este-sabado\\\/cultura\\\/22\\\/05\\\/#primaryimage\"},\"thumbnailUrl\":\"https:\\\/\\\/algarve7.pt\\\/wp-content\\\/uploads\\\/2023\\\/09\\\/PrometoViver_23_instgram.jpg\",\"keywords\":[\"Algarve\",\"Cultura\",\"S\u00e3o Br\u00e1s de Alportel\"],\"articleSection\":[\"Cultura\"],\"inLanguage\":\"pt-PT\"},{\"@type\":\"WebPage\",\"@id\":\"https:\\\/\\\/algarve7.pt\\\/index.php\\\/2023\\\/09\\\/prometo-viver-regressa-ao-teatro-das-figuras-este-sabado\\\/cultura\\\/22\\\/05\\\/\",\"url\":\"https:\\\/\\\/algarve7.pt\\\/index.php\\\/2023\\\/09\\\/prometo-viver-regressa-ao-teatro-das-figuras-este-sabado\\\/cultura\\\/22\\\/05\\\/\",\"name\":\"Prometo viver regressa ao teatro das figuras este s\u00e1bado - Algarve 7\",\"isPartOf\":{\"@id\":\"https:\\\/\\\/algarve7.pt\\\/#website\"},\"primaryImageOfPage\":{\"@id\":\"https:\\\/\\\/algarve7.pt\\\/index.php\\\/2023\\\/09\\\/prometo-viver-regressa-ao-teatro-das-figuras-este-sabado\\\/cultura\\\/22\\\/05\\\/#primaryimage\"},\"image\":{\"@id\":\"https:\\\/\\\/algarve7.pt\\\/index.php\\\/2023\\\/09\\\/prometo-viver-regressa-ao-teatro-das-figuras-este-sabado\\\/cultura\\\/22\\\/05\\\/#primaryimage\"},\"thumbnailUrl\":\"https:\\\/\\\/algarve7.pt\\\/wp-content\\\/uploads\\\/2023\\\/09\\\/PrometoViver_23_instgram.jpg\",\"datePublished\":\"2023-09-26T21:05:51+00:00\",\"dateModified\":\"2023-09-26T21:05:53+00:00\",\"description\":\"Prometo viver regressa ao teatro das figuras este s\u00e1bado Cultura\",\"breadcrumb\":{\"@id\":\"https:\\\/\\\/algarve7.pt\\\/index.php\\\/2023\\\/09\\\/prometo-viver-regressa-ao-teatro-das-figuras-este-sabado\\\/cultura\\\/22\\\/05\\\/#breadcrumb\"},\"inLanguage\":\"pt-PT\",\"potentialAction\":[{\"@type\":\"ReadAction\",\"target\":[\"https:\\\/\\\/algarve7.pt\\\/index.php\\\/2023\\\/09\\\/prometo-viver-regressa-ao-teatro-das-figuras-este-sabado\\\/cultura\\\/22\\\/05\\\/\"]}]},{\"@type\":\"ImageObject\",\"inLanguage\":\"pt-PT\",\"@id\":\"https:\\\/\\\/algarve7.pt\\\/index.php\\\/2023\\\/09\\\/prometo-viver-regressa-ao-teatro-das-figuras-este-sabado\\\/cultura\\\/22\\\/05\\\/#primaryimage\",\"url\":\"https:\\\/\\\/algarve7.pt\\\/wp-content\\\/uploads\\\/2023\\\/09\\\/PrometoViver_23_instgram.jpg\",\"contentUrl\":\"https:\\\/\\\/algarve7.pt\\\/wp-content\\\/uploads\\\/2023\\\/09\\\/PrometoViver_23_instgram.jpg\",\"width\":900,\"height\":900},{\"@type\":\"BreadcrumbList\",\"@id\":\"https:\\\/\\\/algarve7.pt\\\/index.php\\\/2023\\\/09\\\/prometo-viver-regressa-ao-teatro-das-figuras-este-sabado\\\/cultura\\\/22\\\/05\\\/#breadcrumb\",\"itemListElement\":[{\"@type\":\"ListItem\",\"position\":1,\"name\":\"In\u00edcio\",\"item\":\"https:\\\/\\\/algarve7.pt\\\/\"},{\"@type\":\"ListItem\",\"position\":2,\"name\":\"Prometo viver regressa ao teatro das figuras este s\u00e1bado\"}]},{\"@type\":\"WebSite\",\"@id\":\"https:\\\/\\\/algarve7.pt\\\/#website\",\"url\":\"https:\\\/\\\/algarve7.pt\\\/\",\"name\":\"Algarve 7\",\"description\":\"Informa\u00e7\u00e3o sobre o Algarve\",\"publisher\":{\"@id\":\"https:\\\/\\\/algarve7.pt\\\/#organization\"},\"potentialAction\":[{\"@type\":\"SearchAction\",\"target\":{\"@type\":\"EntryPoint\",\"urlTemplate\":\"https:\\\/\\\/algarve7.pt\\\/?s={search_term_string}\"},\"query-input\":{\"@type\":\"PropertyValueSpecification\",\"valueRequired\":true,\"valueName\":\"search_term_string\"}}],\"inLanguage\":\"pt-PT\"},{\"@type\":\"Organization\",\"@id\":\"https:\\\/\\\/algarve7.pt\\\/#organization\",\"name\":\"Algarve 7\",\"url\":\"https:\\\/\\\/algarve7.pt\\\/\",\"logo\":{\"@type\":\"ImageObject\",\"inLanguage\":\"pt-PT\",\"@id\":\"https:\\\/\\\/algarve7.pt\\\/#\\\/schema\\\/logo\\\/image\\\/\",\"url\":\"https:\\\/\\\/algarve7.pt\\\/wp-content\\\/uploads\\\/2020\\\/10\\\/Logo-8.jpg\",\"contentUrl\":\"https:\\\/\\\/algarve7.pt\\\/wp-content\\\/uploads\\\/2020\\\/10\\\/Logo-8.jpg\",\"width\":1680,\"height\":1186,\"caption\":\"Algarve 7\"},\"image\":{\"@id\":\"https:\\\/\\\/algarve7.pt\\\/#\\\/schema\\\/logo\\\/image\\\/\"},\"sameAs\":[\"https:\\\/\\\/www.facebook.com\\\/algarve7\",\"https:\\\/\\\/x.com\\\/Algarvesete\",\"https:\\\/\\\/www.instagram.com\\\/jornalalgarve7\\\/\",\"https:\\\/\\\/www.linkedin.com\\\/company\\\/algarve7\",\"https:\\\/\\\/www.pinterest.pt\\\/geral0939\\\/_created\\\/\"]},{\"@type\":\"Person\",\"@id\":\"https:\\\/\\\/algarve7.pt\\\/#\\\/schema\\\/person\\\/23fa70681308e7b319a3204bcea45e0c\",\"name\":\"Algarve 7\",\"sameAs\":[\"https:\\\/\\\/algarve7.pt\",\"https:\\\/\\\/www.facebook.com\\\/algarve7\"],\"url\":\"https:\\\/\\\/algarve7.pt\\\/index.php\\\/author\\\/geralalgarve7-pt\\\/\"}]}<\/script>\n<!-- \/ Yoast SEO plugin. -->","yoast_head_json":{"title":"Prometo viver regressa ao teatro das figuras este s\u00e1bado - Algarve 7","description":"Prometo viver regressa ao teatro das figuras este s\u00e1bado Cultura","robots":{"index":"index","follow":"follow","max-snippet":"max-snippet:-1","max-image-preview":"max-image-preview:large","max-video-preview":"max-video-preview:-1"},"canonical":"https:\/\/algarve7.pt\/index.php\/2023\/09\/prometo-viver-regressa-ao-teatro-das-figuras-este-sabado\/cultura\/22\/05\/","og_locale":"pt_PT","og_type":"article","og_title":"Prometo viver regressa ao teatro das figuras este s\u00e1bado - Algarve 7","og_description":"Prometo viver regressa ao teatro das figuras este s\u00e1bado Cultura","og_url":"https:\/\/algarve7.pt\/index.php\/2023\/09\/prometo-viver-regressa-ao-teatro-das-figuras-este-sabado\/cultura\/22\/05\/","og_site_name":"Algarve 7","article_publisher":"https:\/\/www.facebook.com\/algarve7","article_author":"https:\/\/www.facebook.com\/algarve7","article_published_time":"2023-09-26T21:05:51+00:00","article_modified_time":"2023-09-26T21:05:53+00:00","og_image":[{"width":900,"height":900,"url":"https:\/\/algarve7.pt\/wp-content\/uploads\/2023\/09\/PrometoViver_23_instgram.jpg","type":"image\/jpeg"}],"author":"Algarve 7","twitter_card":"summary_large_image","twitter_creator":"@Algarvesete","twitter_site":"@Algarvesete","twitter_misc":{"Escrito por":"Algarve 7","Tempo estimado de leitura":"2 minutos"},"schema":{"@context":"https:\/\/schema.org","@graph":[{"@type":"Article","@id":"https:\/\/algarve7.pt\/index.php\/2023\/09\/prometo-viver-regressa-ao-teatro-das-figuras-este-sabado\/cultura\/22\/05\/#article","isPartOf":{"@id":"https:\/\/algarve7.pt\/index.php\/2023\/09\/prometo-viver-regressa-ao-teatro-das-figuras-este-sabado\/cultura\/22\/05\/"},"author":{"name":"Algarve 7","@id":"https:\/\/algarve7.pt\/#\/schema\/person\/23fa70681308e7b319a3204bcea45e0c"},"headline":"Prometo viver regressa ao teatro das figuras este s\u00e1bado","datePublished":"2023-09-26T21:05:51+00:00","dateModified":"2023-09-26T21:05:53+00:00","mainEntityOfPage":{"@id":"https:\/\/algarve7.pt\/index.php\/2023\/09\/prometo-viver-regressa-ao-teatro-das-figuras-este-sabado\/cultura\/22\/05\/"},"wordCount":419,"publisher":{"@id":"https:\/\/algarve7.pt\/#organization"},"image":{"@id":"https:\/\/algarve7.pt\/index.php\/2023\/09\/prometo-viver-regressa-ao-teatro-das-figuras-este-sabado\/cultura\/22\/05\/#primaryimage"},"thumbnailUrl":"https:\/\/algarve7.pt\/wp-content\/uploads\/2023\/09\/PrometoViver_23_instgram.jpg","keywords":["Algarve","Cultura","S\u00e3o Br\u00e1s de Alportel"],"articleSection":["Cultura"],"inLanguage":"pt-PT"},{"@type":"WebPage","@id":"https:\/\/algarve7.pt\/index.php\/2023\/09\/prometo-viver-regressa-ao-teatro-das-figuras-este-sabado\/cultura\/22\/05\/","url":"https:\/\/algarve7.pt\/index.php\/2023\/09\/prometo-viver-regressa-ao-teatro-das-figuras-este-sabado\/cultura\/22\/05\/","name":"Prometo viver regressa ao teatro das figuras este s\u00e1bado - Algarve 7","isPartOf":{"@id":"https:\/\/algarve7.pt\/#website"},"primaryImageOfPage":{"@id":"https:\/\/algarve7.pt\/index.php\/2023\/09\/prometo-viver-regressa-ao-teatro-das-figuras-este-sabado\/cultura\/22\/05\/#primaryimage"},"image":{"@id":"https:\/\/algarve7.pt\/index.php\/2023\/09\/prometo-viver-regressa-ao-teatro-das-figuras-este-sabado\/cultura\/22\/05\/#primaryimage"},"thumbnailUrl":"https:\/\/algarve7.pt\/wp-content\/uploads\/2023\/09\/PrometoViver_23_instgram.jpg","datePublished":"2023-09-26T21:05:51+00:00","dateModified":"2023-09-26T21:05:53+00:00","description":"Prometo viver regressa ao teatro das figuras este s\u00e1bado Cultura","breadcrumb":{"@id":"https:\/\/algarve7.pt\/index.php\/2023\/09\/prometo-viver-regressa-ao-teatro-das-figuras-este-sabado\/cultura\/22\/05\/#breadcrumb"},"inLanguage":"pt-PT","potentialAction":[{"@type":"ReadAction","target":["https:\/\/algarve7.pt\/index.php\/2023\/09\/prometo-viver-regressa-ao-teatro-das-figuras-este-sabado\/cultura\/22\/05\/"]}]},{"@type":"ImageObject","inLanguage":"pt-PT","@id":"https:\/\/algarve7.pt\/index.php\/2023\/09\/prometo-viver-regressa-ao-teatro-das-figuras-este-sabado\/cultura\/22\/05\/#primaryimage","url":"https:\/\/algarve7.pt\/wp-content\/uploads\/2023\/09\/PrometoViver_23_instgram.jpg","contentUrl":"https:\/\/algarve7.pt\/wp-content\/uploads\/2023\/09\/PrometoViver_23_instgram.jpg","width":900,"height":900},{"@type":"BreadcrumbList","@id":"https:\/\/algarve7.pt\/index.php\/2023\/09\/prometo-viver-regressa-ao-teatro-das-figuras-este-sabado\/cultura\/22\/05\/#breadcrumb","itemListElement":[{"@type":"ListItem","position":1,"name":"In\u00edcio","item":"https:\/\/algarve7.pt\/"},{"@type":"ListItem","position":2,"name":"Prometo viver regressa ao teatro das figuras este s\u00e1bado"}]},{"@type":"WebSite","@id":"https:\/\/algarve7.pt\/#website","url":"https:\/\/algarve7.pt\/","name":"Algarve 7","description":"Informa\u00e7\u00e3o sobre o Algarve","publisher":{"@id":"https:\/\/algarve7.pt\/#organization"},"potentialAction":[{"@type":"SearchAction","target":{"@type":"EntryPoint","urlTemplate":"https:\/\/algarve7.pt\/?s={search_term_string}"},"query-input":{"@type":"PropertyValueSpecification","valueRequired":true,"valueName":"search_term_string"}}],"inLanguage":"pt-PT"},{"@type":"Organization","@id":"https:\/\/algarve7.pt\/#organization","name":"Algarve 7","url":"https:\/\/algarve7.pt\/","logo":{"@type":"ImageObject","inLanguage":"pt-PT","@id":"https:\/\/algarve7.pt\/#\/schema\/logo\/image\/","url":"https:\/\/algarve7.pt\/wp-content\/uploads\/2020\/10\/Logo-8.jpg","contentUrl":"https:\/\/algarve7.pt\/wp-content\/uploads\/2020\/10\/Logo-8.jpg","width":1680,"height":1186,"caption":"Algarve 7"},"image":{"@id":"https:\/\/algarve7.pt\/#\/schema\/logo\/image\/"},"sameAs":["https:\/\/www.facebook.com\/algarve7","https:\/\/x.com\/Algarvesete","https:\/\/www.instagram.com\/jornalalgarve7\/","https:\/\/www.linkedin.com\/company\/algarve7","https:\/\/www.pinterest.pt\/geral0939\/_created\/"]},{"@type":"Person","@id":"https:\/\/algarve7.pt\/#\/schema\/person\/23fa70681308e7b319a3204bcea45e0c","name":"Algarve 7","sameAs":["https:\/\/algarve7.pt","https:\/\/www.facebook.com\/algarve7"],"url":"https:\/\/algarve7.pt\/index.php\/author\/geralalgarve7-pt\/"}]}},"jetpack_publicize_connections":[],"jetpack_featured_media_url":"https:\/\/algarve7.pt\/wp-content\/uploads\/2023\/09\/PrometoViver_23_instgram.jpg","jetpack_shortlink":"https:\/\/wp.me\/pcezmW-88S","jetpack_sharing_enabled":true,"_links":{"self":[{"href":"https:\/\/algarve7.pt\/index.php\/wp-json\/wp\/v2\/posts\/31302","targetHints":{"allow":["GET"]}}],"collection":[{"href":"https:\/\/algarve7.pt\/index.php\/wp-json\/wp\/v2\/posts"}],"about":[{"href":"https:\/\/algarve7.pt\/index.php\/wp-json\/wp\/v2\/types\/post"}],"author":[{"embeddable":true,"href":"https:\/\/algarve7.pt\/index.php\/wp-json\/wp\/v2\/users\/1"}],"replies":[{"embeddable":true,"href":"https:\/\/algarve7.pt\/index.php\/wp-json\/wp\/v2\/comments?post=31302"}],"version-history":[{"count":0,"href":"https:\/\/algarve7.pt\/index.php\/wp-json\/wp\/v2\/posts\/31302\/revisions"}],"wp:featuredmedia":[{"embeddable":true,"href":"https:\/\/algarve7.pt\/index.php\/wp-json\/wp\/v2\/media\/31303"}],"wp:attachment":[{"href":"https:\/\/algarve7.pt\/index.php\/wp-json\/wp\/v2\/media?parent=31302"}],"wp:term":[{"taxonomy":"category","embeddable":true,"href":"https:\/\/algarve7.pt\/index.php\/wp-json\/wp\/v2\/categories?post=31302"},{"taxonomy":"post_tag","embeddable":true,"href":"https:\/\/algarve7.pt\/index.php\/wp-json\/wp\/v2\/tags?post=31302"}],"curies":[{"name":"wp","href":"https:\/\/api.w.org\/{rel}","templated":true}]}}