{"id":31290,"date":"2023-09-26T13:15:41","date_gmt":"2023-09-26T12:15:41","guid":{"rendered":"https:\/\/algarve7.pt\/?p=31290"},"modified":"2023-09-26T13:15:43","modified_gmt":"2023-09-26T12:15:43","slug":"barao-de-sao-joao-recebe-a-6-a-taca-do-algarve-de-xcm-chega-em-outubro","status":"publish","type":"post","link":"https:\/\/algarve7.pt\/index.php\/2023\/09\/barao-de-sao-joao-recebe-a-6-a-taca-do-algarve-de-xcm-chega-em-outubro\/desporto\/13\/15\/","title":{"rendered":"Bar\u00e3o de S\u00e3o Jo\u00e3o recebe a 6.\u00aa Ta\u00e7a do Algarve de XCM chega em outubro"},"content":{"rendered":"\n<p>A prova integrada no Campeonato Regional do Algarve ter\u00e1 lugar a 22 de outubro na Mata Nacional de Bar\u00e3o de S\u00e3o Jo\u00e3o, integrando os percursos que fazem parte do Centro Cyclin\u2019 Lagos. As inscri\u00e7\u00f5es est\u00e3o abertas para todos os amantes de BTT, mais especificamente a disciplina XCM.<\/p>\n\n\n\n<p>As provas de XCM (Cross Country Marathon) s\u00e3o uma vers\u00e3o longa do XCO (Cross Country Ol\u00edmpico), com esta competi\u00e7\u00e3o a ter como caracter\u00edstica principal o facto de juntar amadores e profissionais.<\/p>\n\n\n\n<p>Com partida e chegada no Centro Cyclin\u2019 de Lagos, junto ao Centro Cultural de Bar\u00e3o de S\u00e3o Jo\u00e3o, ser\u00e3o disputadas, em simult\u00e2neo, as provas de Maratona (72 km) e de Meia-Maratona (49 km), podendo participar atletas, de ambos os sexos, federados (Juniores, Sub23, Elites, Masters), n\u00e3o-federados (Open), paraciclistas e utilizadores de E-MTB (Electric Mountain Bike).<\/p>\n\n\n\n<p>O percurso ter\u00e1 in\u00edcio \u00e0s 9h30 (partida por escal\u00e3o), estado prevista a chegada da Meia Maratona \u00e0s 12h00 e da Maratona \u00e0s 14h00. A cerim\u00f3nia de entrega das ta\u00e7as desta 6.\u00aa edi\u00e7\u00e3o da prova ter\u00e1 lugar \u00e0s 15h00. Ao longo de todo o percurso existir\u00e3o tr\u00eas zonas de abastecimento (1.\u00aa zona destinada a atletas n\u00e3o-federados), estando tamb\u00e9m asseguradas todas as condi\u00e7\u00f5es de seguran\u00e7a e de sa\u00fade atrav\u00e9s do plano implementado.<\/p>\n\n\n\n<p>Com organiza\u00e7\u00e3o conjunta do munic\u00edpio de Lagos e da Associa\u00e7\u00e3o de Ciclismo do Algarve, o evento desportivo conta com o apoio das associa\u00e7\u00f5es locais Grupo Popular das Portelas, Associa\u00e7\u00e3o Amigos de Alm\u00e1dena e Team Pisa Moitas 4&#215;4. As inscri\u00e7\u00f5es pode ser realizadas, desde j\u00e1, na p\u00e1gina da <a href=\"https:\/\/www.fpciclismo.pt\/prova-inscrever\/vi-taca-do-algarve-xcm---lagos-inscrever\" target=\"_blank\" rel=\"noreferrer noopener\">Federa\u00e7\u00e3o Portuguesa de Ciclismo<\/a>.<\/p>\n","protected":false},"excerpt":{"rendered":"<p>A prova integrada no Campeonato Regional do Algarve ter\u00e1 lugar a 22 de outubro na Mata Nacional de Bar\u00e3o de<\/p>\n","protected":false},"author":1,"featured_media":31291,"comment_status":"open","ping_status":"open","sticky":false,"template":"","format":"standard","meta":{"colormag_page_container_layout":"default_layout","colormag_page_sidebar_layout":"default_layout","_monsterinsights_skip_tracking":false,"_monsterinsights_sitenote_active":false,"_monsterinsights_sitenote_note":"","_monsterinsights_sitenote_category":0,"jetpack_post_was_ever_published":false,"_jetpack_newsletter_access":"","_jetpack_dont_email_post_to_subs":false,"_jetpack_newsletter_tier_id":0,"_jetpack_memberships_contains_paywalled_content":false,"_jetpack_memberships_contains_paid_content":false,"footnotes":"","jetpack_publicize_message":"","jetpack_publicize_feature_enabled":true,"jetpack_social_post_already_shared":true,"jetpack_social_options":{"image_generator_settings":{"template":"highway","default_image_id":0,"font":"","enabled":false},"version":2}},"categories":[15],"tags":[36,40,68],"class_list":["post-31290","post","type-post","status-publish","format-standard","has-post-thumbnail","hentry","category-desporto","tag-algarve","tag-desporto","tag-lagos"],"yoast_head":"<!-- This site is optimized with the Yoast SEO plugin v27.4 - https:\/\/yoast.com\/product\/yoast-seo-wordpress\/ -->\n<title>Bar\u00e3o de S\u00e3o Jo\u00e3o recebe a 6.\u00aa Ta\u00e7a do Algarve de XCM chega em outubro - Algarve 7<\/title>\n<meta name=\"description\" content=\"Bar\u00e3o de S\u00e3o Jo\u00e3o recebe a 6.\u00aa Ta\u00e7a do Algarve de XCM chega em outubro Desporto\" \/>\n<meta name=\"robots\" content=\"index, follow, max-snippet:-1, max-image-preview:large, max-video-preview:-1\" \/>\n<link rel=\"canonical\" href=\"https:\/\/algarve7.pt\/index.php\/2023\/09\/barao-de-sao-joao-recebe-a-6-a-taca-do-algarve-de-xcm-chega-em-outubro\/desporto\/13\/15\/\" \/>\n<meta property=\"og:locale\" content=\"pt_PT\" \/>\n<meta property=\"og:type\" content=\"article\" \/>\n<meta property=\"og:title\" content=\"Bar\u00e3o de S\u00e3o Jo\u00e3o recebe a 6.\u00aa Ta\u00e7a do Algarve de XCM chega em outubro - Algarve 7\" \/>\n<meta property=\"og:description\" content=\"Bar\u00e3o de S\u00e3o Jo\u00e3o recebe a 6.\u00aa Ta\u00e7a do Algarve de XCM chega em outubro Desporto\" \/>\n<meta property=\"og:url\" content=\"https:\/\/algarve7.pt\/index.php\/2023\/09\/barao-de-sao-joao-recebe-a-6-a-taca-do-algarve-de-xcm-chega-em-outubro\/desporto\/13\/15\/\" \/>\n<meta property=\"og:site_name\" content=\"Algarve 7\" \/>\n<meta property=\"article:publisher\" content=\"https:\/\/www.facebook.com\/algarve7\" \/>\n<meta property=\"article:author\" content=\"https:\/\/www.facebook.com\/algarve7\" \/>\n<meta property=\"article:published_time\" content=\"2023-09-26T12:15:41+00:00\" \/>\n<meta property=\"article:modified_time\" content=\"2023-09-26T12:15:43+00:00\" \/>\n<meta property=\"og:image\" content=\"https:\/\/algarve7.pt\/wp-content\/uploads\/2023\/09\/Prova-BTT_OCS.jpg\" \/>\n\t<meta property=\"og:image:width\" content=\"1000\" \/>\n\t<meta property=\"og:image:height\" content=\"667\" \/>\n\t<meta property=\"og:image:type\" content=\"image\/jpeg\" \/>\n<meta name=\"author\" content=\"Algarve 7\" \/>\n<meta name=\"twitter:card\" content=\"summary_large_image\" \/>\n<meta name=\"twitter:creator\" content=\"@Algarvesete\" \/>\n<meta name=\"twitter:site\" content=\"@Algarvesete\" \/>\n<meta name=\"twitter:label1\" content=\"Escrito por\" \/>\n\t<meta name=\"twitter:data1\" content=\"Algarve 7\" \/>\n\t<meta name=\"twitter:label2\" content=\"Tempo estimado de leitura\" \/>\n\t<meta name=\"twitter:data2\" content=\"2 minutos\" \/>\n<script type=\"application\/ld+json\" class=\"yoast-schema-graph\">{\"@context\":\"https:\\\/\\\/schema.org\",\"@graph\":[{\"@type\":\"Article\",\"@id\":\"https:\\\/\\\/algarve7.pt\\\/index.php\\\/2023\\\/09\\\/barao-de-sao-joao-recebe-a-6-a-taca-do-algarve-de-xcm-chega-em-outubro\\\/desporto\\\/13\\\/15\\\/#article\",\"isPartOf\":{\"@id\":\"https:\\\/\\\/algarve7.pt\\\/index.php\\\/2023\\\/09\\\/barao-de-sao-joao-recebe-a-6-a-taca-do-algarve-de-xcm-chega-em-outubro\\\/desporto\\\/13\\\/15\\\/\"},\"author\":{\"name\":\"Algarve 7\",\"@id\":\"https:\\\/\\\/algarve7.pt\\\/#\\\/schema\\\/person\\\/23fa70681308e7b319a3204bcea45e0c\"},\"headline\":\"Bar\u00e3o de S\u00e3o Jo\u00e3o recebe a 6.\u00aa Ta\u00e7a do Algarve de XCM chega em outubro\",\"datePublished\":\"2023-09-26T12:15:41+00:00\",\"dateModified\":\"2023-09-26T12:15:43+00:00\",\"mainEntityOfPage\":{\"@id\":\"https:\\\/\\\/algarve7.pt\\\/index.php\\\/2023\\\/09\\\/barao-de-sao-joao-recebe-a-6-a-taca-do-algarve-de-xcm-chega-em-outubro\\\/desporto\\\/13\\\/15\\\/\"},\"wordCount\":305,\"commentCount\":0,\"publisher\":{\"@id\":\"https:\\\/\\\/algarve7.pt\\\/#organization\"},\"image\":{\"@id\":\"https:\\\/\\\/algarve7.pt\\\/index.php\\\/2023\\\/09\\\/barao-de-sao-joao-recebe-a-6-a-taca-do-algarve-de-xcm-chega-em-outubro\\\/desporto\\\/13\\\/15\\\/#primaryimage\"},\"thumbnailUrl\":\"https:\\\/\\\/algarve7.pt\\\/wp-content\\\/uploads\\\/2023\\\/09\\\/Prova-BTT_OCS.jpg\",\"keywords\":[\"Algarve\",\"Desporto\",\"Lagos\"],\"articleSection\":[\"Desporto\"],\"inLanguage\":\"pt-PT\",\"potentialAction\":[{\"@type\":\"CommentAction\",\"name\":\"Comment\",\"target\":[\"https:\\\/\\\/algarve7.pt\\\/index.php\\\/2023\\\/09\\\/barao-de-sao-joao-recebe-a-6-a-taca-do-algarve-de-xcm-chega-em-outubro\\\/desporto\\\/13\\\/15\\\/#respond\"]}]},{\"@type\":\"WebPage\",\"@id\":\"https:\\\/\\\/algarve7.pt\\\/index.php\\\/2023\\\/09\\\/barao-de-sao-joao-recebe-a-6-a-taca-do-algarve-de-xcm-chega-em-outubro\\\/desporto\\\/13\\\/15\\\/\",\"url\":\"https:\\\/\\\/algarve7.pt\\\/index.php\\\/2023\\\/09\\\/barao-de-sao-joao-recebe-a-6-a-taca-do-algarve-de-xcm-chega-em-outubro\\\/desporto\\\/13\\\/15\\\/\",\"name\":\"Bar\u00e3o de S\u00e3o Jo\u00e3o recebe a 6.\u00aa Ta\u00e7a do Algarve de XCM chega em outubro - Algarve 7\",\"isPartOf\":{\"@id\":\"https:\\\/\\\/algarve7.pt\\\/#website\"},\"primaryImageOfPage\":{\"@id\":\"https:\\\/\\\/algarve7.pt\\\/index.php\\\/2023\\\/09\\\/barao-de-sao-joao-recebe-a-6-a-taca-do-algarve-de-xcm-chega-em-outubro\\\/desporto\\\/13\\\/15\\\/#primaryimage\"},\"image\":{\"@id\":\"https:\\\/\\\/algarve7.pt\\\/index.php\\\/2023\\\/09\\\/barao-de-sao-joao-recebe-a-6-a-taca-do-algarve-de-xcm-chega-em-outubro\\\/desporto\\\/13\\\/15\\\/#primaryimage\"},\"thumbnailUrl\":\"https:\\\/\\\/algarve7.pt\\\/wp-content\\\/uploads\\\/2023\\\/09\\\/Prova-BTT_OCS.jpg\",\"datePublished\":\"2023-09-26T12:15:41+00:00\",\"dateModified\":\"2023-09-26T12:15:43+00:00\",\"description\":\"Bar\u00e3o de S\u00e3o Jo\u00e3o recebe a 6.\u00aa Ta\u00e7a do Algarve de XCM chega em outubro Desporto\",\"breadcrumb\":{\"@id\":\"https:\\\/\\\/algarve7.pt\\\/index.php\\\/2023\\\/09\\\/barao-de-sao-joao-recebe-a-6-a-taca-do-algarve-de-xcm-chega-em-outubro\\\/desporto\\\/13\\\/15\\\/#breadcrumb\"},\"inLanguage\":\"pt-PT\",\"potentialAction\":[{\"@type\":\"ReadAction\",\"target\":[\"https:\\\/\\\/algarve7.pt\\\/index.php\\\/2023\\\/09\\\/barao-de-sao-joao-recebe-a-6-a-taca-do-algarve-de-xcm-chega-em-outubro\\\/desporto\\\/13\\\/15\\\/\"]}]},{\"@type\":\"ImageObject\",\"inLanguage\":\"pt-PT\",\"@id\":\"https:\\\/\\\/algarve7.pt\\\/index.php\\\/2023\\\/09\\\/barao-de-sao-joao-recebe-a-6-a-taca-do-algarve-de-xcm-chega-em-outubro\\\/desporto\\\/13\\\/15\\\/#primaryimage\",\"url\":\"https:\\\/\\\/algarve7.pt\\\/wp-content\\\/uploads\\\/2023\\\/09\\\/Prova-BTT_OCS.jpg\",\"contentUrl\":\"https:\\\/\\\/algarve7.pt\\\/wp-content\\\/uploads\\\/2023\\\/09\\\/Prova-BTT_OCS.jpg\",\"width\":1000,\"height\":667},{\"@type\":\"BreadcrumbList\",\"@id\":\"https:\\\/\\\/algarve7.pt\\\/index.php\\\/2023\\\/09\\\/barao-de-sao-joao-recebe-a-6-a-taca-do-algarve-de-xcm-chega-em-outubro\\\/desporto\\\/13\\\/15\\\/#breadcrumb\",\"itemListElement\":[{\"@type\":\"ListItem\",\"position\":1,\"name\":\"In\u00edcio\",\"item\":\"https:\\\/\\\/algarve7.pt\\\/\"},{\"@type\":\"ListItem\",\"position\":2,\"name\":\"Bar\u00e3o de S\u00e3o Jo\u00e3o recebe a 6.\u00aa Ta\u00e7a do Algarve de XCM chega em outubro\"}]},{\"@type\":\"WebSite\",\"@id\":\"https:\\\/\\\/algarve7.pt\\\/#website\",\"url\":\"https:\\\/\\\/algarve7.pt\\\/\",\"name\":\"Algarve 7\",\"description\":\"Informa\u00e7\u00e3o sobre o Algarve\",\"publisher\":{\"@id\":\"https:\\\/\\\/algarve7.pt\\\/#organization\"},\"potentialAction\":[{\"@type\":\"SearchAction\",\"target\":{\"@type\":\"EntryPoint\",\"urlTemplate\":\"https:\\\/\\\/algarve7.pt\\\/?s={search_term_string}\"},\"query-input\":{\"@type\":\"PropertyValueSpecification\",\"valueRequired\":true,\"valueName\":\"search_term_string\"}}],\"inLanguage\":\"pt-PT\"},{\"@type\":\"Organization\",\"@id\":\"https:\\\/\\\/algarve7.pt\\\/#organization\",\"name\":\"Algarve 7\",\"url\":\"https:\\\/\\\/algarve7.pt\\\/\",\"logo\":{\"@type\":\"ImageObject\",\"inLanguage\":\"pt-PT\",\"@id\":\"https:\\\/\\\/algarve7.pt\\\/#\\\/schema\\\/logo\\\/image\\\/\",\"url\":\"https:\\\/\\\/algarve7.pt\\\/wp-content\\\/uploads\\\/2020\\\/10\\\/Logo-8.jpg\",\"contentUrl\":\"https:\\\/\\\/algarve7.pt\\\/wp-content\\\/uploads\\\/2020\\\/10\\\/Logo-8.jpg\",\"width\":1680,\"height\":1186,\"caption\":\"Algarve 7\"},\"image\":{\"@id\":\"https:\\\/\\\/algarve7.pt\\\/#\\\/schema\\\/logo\\\/image\\\/\"},\"sameAs\":[\"https:\\\/\\\/www.facebook.com\\\/algarve7\",\"https:\\\/\\\/x.com\\\/Algarvesete\",\"https:\\\/\\\/www.instagram.com\\\/jornalalgarve7\\\/\",\"https:\\\/\\\/www.linkedin.com\\\/company\\\/algarve7\",\"https:\\\/\\\/www.pinterest.pt\\\/geral0939\\\/_created\\\/\"]},{\"@type\":\"Person\",\"@id\":\"https:\\\/\\\/algarve7.pt\\\/#\\\/schema\\\/person\\\/23fa70681308e7b319a3204bcea45e0c\",\"name\":\"Algarve 7\",\"sameAs\":[\"https:\\\/\\\/algarve7.pt\",\"https:\\\/\\\/www.facebook.com\\\/algarve7\"],\"url\":\"https:\\\/\\\/algarve7.pt\\\/index.php\\\/author\\\/geralalgarve7-pt\\\/\"}]}<\/script>\n<!-- \/ Yoast SEO plugin. -->","yoast_head_json":{"title":"Bar\u00e3o de S\u00e3o Jo\u00e3o recebe a 6.\u00aa Ta\u00e7a do Algarve de XCM chega em outubro - Algarve 7","description":"Bar\u00e3o de S\u00e3o Jo\u00e3o recebe a 6.\u00aa Ta\u00e7a do Algarve de XCM chega em outubro Desporto","robots":{"index":"index","follow":"follow","max-snippet":"max-snippet:-1","max-image-preview":"max-image-preview:large","max-video-preview":"max-video-preview:-1"},"canonical":"https:\/\/algarve7.pt\/index.php\/2023\/09\/barao-de-sao-joao-recebe-a-6-a-taca-do-algarve-de-xcm-chega-em-outubro\/desporto\/13\/15\/","og_locale":"pt_PT","og_type":"article","og_title":"Bar\u00e3o de S\u00e3o Jo\u00e3o recebe a 6.\u00aa Ta\u00e7a do Algarve de XCM chega em outubro - Algarve 7","og_description":"Bar\u00e3o de S\u00e3o Jo\u00e3o recebe a 6.\u00aa Ta\u00e7a do Algarve de XCM chega em outubro Desporto","og_url":"https:\/\/algarve7.pt\/index.php\/2023\/09\/barao-de-sao-joao-recebe-a-6-a-taca-do-algarve-de-xcm-chega-em-outubro\/desporto\/13\/15\/","og_site_name":"Algarve 7","article_publisher":"https:\/\/www.facebook.com\/algarve7","article_author":"https:\/\/www.facebook.com\/algarve7","article_published_time":"2023-09-26T12:15:41+00:00","article_modified_time":"2023-09-26T12:15:43+00:00","og_image":[{"width":1000,"height":667,"url":"https:\/\/algarve7.pt\/wp-content\/uploads\/2023\/09\/Prova-BTT_OCS.jpg","type":"image\/jpeg"}],"author":"Algarve 7","twitter_card":"summary_large_image","twitter_creator":"@Algarvesete","twitter_site":"@Algarvesete","twitter_misc":{"Escrito por":"Algarve 7","Tempo estimado de leitura":"2 minutos"},"schema":{"@context":"https:\/\/schema.org","@graph":[{"@type":"Article","@id":"https:\/\/algarve7.pt\/index.php\/2023\/09\/barao-de-sao-joao-recebe-a-6-a-taca-do-algarve-de-xcm-chega-em-outubro\/desporto\/13\/15\/#article","isPartOf":{"@id":"https:\/\/algarve7.pt\/index.php\/2023\/09\/barao-de-sao-joao-recebe-a-6-a-taca-do-algarve-de-xcm-chega-em-outubro\/desporto\/13\/15\/"},"author":{"name":"Algarve 7","@id":"https:\/\/algarve7.pt\/#\/schema\/person\/23fa70681308e7b319a3204bcea45e0c"},"headline":"Bar\u00e3o de S\u00e3o Jo\u00e3o recebe a 6.\u00aa Ta\u00e7a do Algarve de XCM chega em outubro","datePublished":"2023-09-26T12:15:41+00:00","dateModified":"2023-09-26T12:15:43+00:00","mainEntityOfPage":{"@id":"https:\/\/algarve7.pt\/index.php\/2023\/09\/barao-de-sao-joao-recebe-a-6-a-taca-do-algarve-de-xcm-chega-em-outubro\/desporto\/13\/15\/"},"wordCount":305,"commentCount":0,"publisher":{"@id":"https:\/\/algarve7.pt\/#organization"},"image":{"@id":"https:\/\/algarve7.pt\/index.php\/2023\/09\/barao-de-sao-joao-recebe-a-6-a-taca-do-algarve-de-xcm-chega-em-outubro\/desporto\/13\/15\/#primaryimage"},"thumbnailUrl":"https:\/\/algarve7.pt\/wp-content\/uploads\/2023\/09\/Prova-BTT_OCS.jpg","keywords":["Algarve","Desporto","Lagos"],"articleSection":["Desporto"],"inLanguage":"pt-PT","potentialAction":[{"@type":"CommentAction","name":"Comment","target":["https:\/\/algarve7.pt\/index.php\/2023\/09\/barao-de-sao-joao-recebe-a-6-a-taca-do-algarve-de-xcm-chega-em-outubro\/desporto\/13\/15\/#respond"]}]},{"@type":"WebPage","@id":"https:\/\/algarve7.pt\/index.php\/2023\/09\/barao-de-sao-joao-recebe-a-6-a-taca-do-algarve-de-xcm-chega-em-outubro\/desporto\/13\/15\/","url":"https:\/\/algarve7.pt\/index.php\/2023\/09\/barao-de-sao-joao-recebe-a-6-a-taca-do-algarve-de-xcm-chega-em-outubro\/desporto\/13\/15\/","name":"Bar\u00e3o de S\u00e3o Jo\u00e3o recebe a 6.\u00aa Ta\u00e7a do Algarve de XCM chega em outubro - Algarve 7","isPartOf":{"@id":"https:\/\/algarve7.pt\/#website"},"primaryImageOfPage":{"@id":"https:\/\/algarve7.pt\/index.php\/2023\/09\/barao-de-sao-joao-recebe-a-6-a-taca-do-algarve-de-xcm-chega-em-outubro\/desporto\/13\/15\/#primaryimage"},"image":{"@id":"https:\/\/algarve7.pt\/index.php\/2023\/09\/barao-de-sao-joao-recebe-a-6-a-taca-do-algarve-de-xcm-chega-em-outubro\/desporto\/13\/15\/#primaryimage"},"thumbnailUrl":"https:\/\/algarve7.pt\/wp-content\/uploads\/2023\/09\/Prova-BTT_OCS.jpg","datePublished":"2023-09-26T12:15:41+00:00","dateModified":"2023-09-26T12:15:43+00:00","description":"Bar\u00e3o de S\u00e3o Jo\u00e3o recebe a 6.\u00aa Ta\u00e7a do Algarve de XCM chega em outubro Desporto","breadcrumb":{"@id":"https:\/\/algarve7.pt\/index.php\/2023\/09\/barao-de-sao-joao-recebe-a-6-a-taca-do-algarve-de-xcm-chega-em-outubro\/desporto\/13\/15\/#breadcrumb"},"inLanguage":"pt-PT","potentialAction":[{"@type":"ReadAction","target":["https:\/\/algarve7.pt\/index.php\/2023\/09\/barao-de-sao-joao-recebe-a-6-a-taca-do-algarve-de-xcm-chega-em-outubro\/desporto\/13\/15\/"]}]},{"@type":"ImageObject","inLanguage":"pt-PT","@id":"https:\/\/algarve7.pt\/index.php\/2023\/09\/barao-de-sao-joao-recebe-a-6-a-taca-do-algarve-de-xcm-chega-em-outubro\/desporto\/13\/15\/#primaryimage","url":"https:\/\/algarve7.pt\/wp-content\/uploads\/2023\/09\/Prova-BTT_OCS.jpg","contentUrl":"https:\/\/algarve7.pt\/wp-content\/uploads\/2023\/09\/Prova-BTT_OCS.jpg","width":1000,"height":667},{"@type":"BreadcrumbList","@id":"https:\/\/algarve7.pt\/index.php\/2023\/09\/barao-de-sao-joao-recebe-a-6-a-taca-do-algarve-de-xcm-chega-em-outubro\/desporto\/13\/15\/#breadcrumb","itemListElement":[{"@type":"ListItem","position":1,"name":"In\u00edcio","item":"https:\/\/algarve7.pt\/"},{"@type":"ListItem","position":2,"name":"Bar\u00e3o de S\u00e3o Jo\u00e3o recebe a 6.\u00aa Ta\u00e7a do Algarve de XCM chega em outubro"}]},{"@type":"WebSite","@id":"https:\/\/algarve7.pt\/#website","url":"https:\/\/algarve7.pt\/","name":"Algarve 7","description":"Informa\u00e7\u00e3o sobre o Algarve","publisher":{"@id":"https:\/\/algarve7.pt\/#organization"},"potentialAction":[{"@type":"SearchAction","target":{"@type":"EntryPoint","urlTemplate":"https:\/\/algarve7.pt\/?s={search_term_string}"},"query-input":{"@type":"PropertyValueSpecification","valueRequired":true,"valueName":"search_term_string"}}],"inLanguage":"pt-PT"},{"@type":"Organization","@id":"https:\/\/algarve7.pt\/#organization","name":"Algarve 7","url":"https:\/\/algarve7.pt\/","logo":{"@type":"ImageObject","inLanguage":"pt-PT","@id":"https:\/\/algarve7.pt\/#\/schema\/logo\/image\/","url":"https:\/\/algarve7.pt\/wp-content\/uploads\/2020\/10\/Logo-8.jpg","contentUrl":"https:\/\/algarve7.pt\/wp-content\/uploads\/2020\/10\/Logo-8.jpg","width":1680,"height":1186,"caption":"Algarve 7"},"image":{"@id":"https:\/\/algarve7.pt\/#\/schema\/logo\/image\/"},"sameAs":["https:\/\/www.facebook.com\/algarve7","https:\/\/x.com\/Algarvesete","https:\/\/www.instagram.com\/jornalalgarve7\/","https:\/\/www.linkedin.com\/company\/algarve7","https:\/\/www.pinterest.pt\/geral0939\/_created\/"]},{"@type":"Person","@id":"https:\/\/algarve7.pt\/#\/schema\/person\/23fa70681308e7b319a3204bcea45e0c","name":"Algarve 7","sameAs":["https:\/\/algarve7.pt","https:\/\/www.facebook.com\/algarve7"],"url":"https:\/\/algarve7.pt\/index.php\/author\/geralalgarve7-pt\/"}]}},"jetpack_publicize_connections":[],"jetpack_featured_media_url":"https:\/\/algarve7.pt\/wp-content\/uploads\/2023\/09\/Prova-BTT_OCS.jpg","jetpack_shortlink":"https:\/\/wp.me\/pcezmW-88G","jetpack_sharing_enabled":true,"_links":{"self":[{"href":"https:\/\/algarve7.pt\/index.php\/wp-json\/wp\/v2\/posts\/31290","targetHints":{"allow":["GET"]}}],"collection":[{"href":"https:\/\/algarve7.pt\/index.php\/wp-json\/wp\/v2\/posts"}],"about":[{"href":"https:\/\/algarve7.pt\/index.php\/wp-json\/wp\/v2\/types\/post"}],"author":[{"embeddable":true,"href":"https:\/\/algarve7.pt\/index.php\/wp-json\/wp\/v2\/users\/1"}],"replies":[{"embeddable":true,"href":"https:\/\/algarve7.pt\/index.php\/wp-json\/wp\/v2\/comments?post=31290"}],"version-history":[{"count":0,"href":"https:\/\/algarve7.pt\/index.php\/wp-json\/wp\/v2\/posts\/31290\/revisions"}],"wp:featuredmedia":[{"embeddable":true,"href":"https:\/\/algarve7.pt\/index.php\/wp-json\/wp\/v2\/media\/31291"}],"wp:attachment":[{"href":"https:\/\/algarve7.pt\/index.php\/wp-json\/wp\/v2\/media?parent=31290"}],"wp:term":[{"taxonomy":"category","embeddable":true,"href":"https:\/\/algarve7.pt\/index.php\/wp-json\/wp\/v2\/categories?post=31290"},{"taxonomy":"post_tag","embeddable":true,"href":"https:\/\/algarve7.pt\/index.php\/wp-json\/wp\/v2\/tags?post=31290"}],"curies":[{"name":"wp","href":"https:\/\/api.w.org\/{rel}","templated":true}]}}