{"id":31203,"date":"2023-09-24T12:22:33","date_gmt":"2023-09-24T11:22:33","guid":{"rendered":"https:\/\/algarve7.pt\/?p=31203"},"modified":"2023-09-24T12:22:35","modified_gmt":"2023-09-24T11:22:35","slug":"silves-comemora-dia-mundial-do-turismo","status":"publish","type":"post","link":"https:\/\/algarve7.pt\/index.php\/2023\/09\/silves-comemora-dia-mundial-do-turismo\/turismo\/12\/22\/","title":{"rendered":"Silves comemora dia mundial do turismo"},"content":{"rendered":"\n<p>O Munic\u00edpio de Silves assinala o Dia Mundial do Turismo, associando-se \u00e0 Organiza\u00e7\u00e3o Mundial do Turismo (OMT), que dedica o dia 27 de setembro 2023 ao tema &#8211; \u201cTurismo e Investimentos Verdes\u201d &#8211; uma das principais prioridades para a recupera\u00e7\u00e3o do turismo, crescimento e desenvolvimento futuros.<\/p>\n\n\n\n<p>O programa de atividades ter\u00e1 in\u00edcio com um passeio pedestre pela cidade de Silves, \u00e0s 10h00 e \u00e0s 14h30. H\u00e1 muito para descobrir na cidade de Silves e, durante cerca de 3 horas o roteiro passa por pontos conhecidos da cidade como o Mercado Municipal, a Pra\u00e7a do Munic\u00edpio, o Pelourinho, o Museu Municipal de Arqueologia, o Castelo de Silves, e no final tem uma paragem obrigat\u00f3ria na Do\u00e7aria do Sul para a degusta\u00e7\u00e3o de um doce tradicional.<\/p>\n\n\n\n<p>O ponto de encontro do passeio ser\u00e1 na zona ribeirinha, perto do Posto de Turismo da RTA, onde estar\u00e1 patente a partir do dia 27 de setembro a Exposi\u00e7\u00e3o \u201cO meio ambiente precisa de si, ajude-nos a preserv\u00e1-lo!\u201d. Esta Exposi\u00e7\u00e3o pretende sensibilizar quem nos visita para a ado\u00e7\u00e3o de a\u00e7\u00f5es muito simples, com vista proteger os nossos recursos naturais, dando o seu contributo para um meio ambiente mais sustent\u00e1vel.<\/p>\n\n\n\n<p>A participa\u00e7\u00e3o no Passeio Pedestre pela cidade de Silves \u00e9 gratuita com lota\u00e7\u00e3o limitada, mas sujeita a inscri\u00e7\u00e3o pr\u00e9via atrav\u00e9s do envio de email para <a href=\"mailto:turismo@cm-silves.pt\" target=\"_blank\" rel=\"noreferrer noopener\">turismo@cm-silves.pt<\/a> de 23 a 26 de setembro, com a indica\u00e7\u00e3o do nome(s) do(s) participante(s), idade, nacionalidade, morada, prefer\u00eancia de hora do passeio (10h00 ou 14h30), bem como o contacto telef\u00f3nico. A inscri\u00e7\u00e3o s\u00f3 ficar\u00e1 validada ap\u00f3s confirma\u00e7\u00e3o por email por parte do setor do turismo (ser\u00e1 dado prioridade a visitantes e n\u00e3o-residentes do concelho).<\/p>\n\n\n\n<p>O programa poder\u00e1 ser alvo de altera\u00e7\u00f5es, e alguns pontos do roteiro poder\u00e3o ser cancelados devido \u00e0s condi\u00e7\u00f5es climat\u00e9ricas. Os participantes dever\u00e3o estar presentes 10 minutos antes da hora de in\u00edcio do passeio, no local do ponto de encontro. Aconselha-se ainda a levar cal\u00e7ado, roupa confort\u00e1vel e uma garrafa de \u00e1gua.<\/p>\n\n\n\n<p>Poder\u00e1 consultar o programa completo no final desta p\u00e1gina.<\/p>\n\n\n\n<p>Recordamos que, o Dia Mundial do Turismo celebra-se anualmente desde 1980, com o objetivo de sensibilizar e consciencializar a popula\u00e7\u00e3o internacional, sobre o papel e import\u00e2ncia deste setor, tendo em conta o impacto social, pol\u00edtico, econ\u00f3mico e cultural desta atividade.<\/p>\n","protected":false},"excerpt":{"rendered":"<p>O Munic\u00edpio de Silves assinala o Dia Mundial do Turismo, associando-se \u00e0 Organiza\u00e7\u00e3o Mundial do Turismo (OMT), que dedica o<\/p>\n","protected":false},"author":1,"featured_media":31204,"comment_status":"closed","ping_status":"open","sticky":false,"template":"","format":"standard","meta":{"colormag_page_container_layout":"default_layout","colormag_page_sidebar_layout":"default_layout","_monsterinsights_skip_tracking":false,"_monsterinsights_sitenote_active":false,"_monsterinsights_sitenote_note":"","_monsterinsights_sitenote_category":0,"jetpack_post_was_ever_published":false,"_jetpack_newsletter_access":"","_jetpack_dont_email_post_to_subs":false,"_jetpack_newsletter_tier_id":0,"_jetpack_memberships_contains_paywalled_content":false,"_jetpack_memberships_contains_paid_content":false,"footnotes":"","jetpack_publicize_message":"","jetpack_publicize_feature_enabled":true,"jetpack_social_post_already_shared":true,"jetpack_social_options":{"image_generator_settings":{"template":"highway","default_image_id":0,"font":"","enabled":false},"version":2}},"categories":[17],"tags":[36,42,45],"class_list":["post-31203","post","type-post","status-publish","format-standard","has-post-thumbnail","hentry","category-turismo","tag-algarve","tag-silves","tag-turismo"],"yoast_head":"<!-- This site is optimized with the Yoast SEO plugin v27.4 - https:\/\/yoast.com\/product\/yoast-seo-wordpress\/ -->\n<title>Silves comemora dia mundial do turismo - Algarve 7<\/title>\n<meta name=\"description\" content=\"Silves comemora dia mundial do turismo Turismo\" \/>\n<meta name=\"robots\" content=\"index, follow, max-snippet:-1, max-image-preview:large, max-video-preview:-1\" \/>\n<link rel=\"canonical\" href=\"https:\/\/algarve7.pt\/index.php\/2023\/09\/silves-comemora-dia-mundial-do-turismo\/turismo\/12\/22\/\" \/>\n<meta property=\"og:locale\" content=\"pt_PT\" \/>\n<meta property=\"og:type\" content=\"article\" \/>\n<meta property=\"og:title\" content=\"Silves comemora dia mundial do turismo - Algarve 7\" \/>\n<meta property=\"og:description\" content=\"Silves comemora dia mundial do turismo Turismo\" \/>\n<meta property=\"og:url\" content=\"https:\/\/algarve7.pt\/index.php\/2023\/09\/silves-comemora-dia-mundial-do-turismo\/turismo\/12\/22\/\" \/>\n<meta property=\"og:site_name\" content=\"Algarve 7\" \/>\n<meta property=\"article:publisher\" content=\"https:\/\/www.facebook.com\/algarve7\" \/>\n<meta property=\"article:author\" content=\"https:\/\/www.facebook.com\/algarve7\" \/>\n<meta property=\"article:published_time\" content=\"2023-09-24T11:22:33+00:00\" \/>\n<meta property=\"article:modified_time\" content=\"2023-09-24T11:22:35+00:00\" \/>\n<meta property=\"og:image\" content=\"https:\/\/algarve7.pt\/wp-content\/uploads\/2023\/09\/NOTICIA_Dia-Mundial-do-Turismo23.jpg\" \/>\n\t<meta property=\"og:image:width\" content=\"1024\" \/>\n\t<meta property=\"og:image:height\" content=\"496\" \/>\n\t<meta property=\"og:image:type\" content=\"image\/jpeg\" \/>\n<meta name=\"author\" content=\"Algarve 7\" \/>\n<meta name=\"twitter:card\" content=\"summary_large_image\" \/>\n<meta name=\"twitter:creator\" content=\"@Algarvesete\" \/>\n<meta name=\"twitter:site\" content=\"@Algarvesete\" \/>\n<meta name=\"twitter:label1\" content=\"Escrito por\" \/>\n\t<meta name=\"twitter:data1\" content=\"Algarve 7\" \/>\n\t<meta name=\"twitter:label2\" content=\"Tempo estimado de leitura\" \/>\n\t<meta name=\"twitter:data2\" content=\"3 minutos\" \/>\n<script type=\"application\/ld+json\" class=\"yoast-schema-graph\">{\"@context\":\"https:\\\/\\\/schema.org\",\"@graph\":[{\"@type\":\"Article\",\"@id\":\"https:\\\/\\\/algarve7.pt\\\/index.php\\\/2023\\\/09\\\/silves-comemora-dia-mundial-do-turismo\\\/turismo\\\/12\\\/22\\\/#article\",\"isPartOf\":{\"@id\":\"https:\\\/\\\/algarve7.pt\\\/index.php\\\/2023\\\/09\\\/silves-comemora-dia-mundial-do-turismo\\\/turismo\\\/12\\\/22\\\/\"},\"author\":{\"name\":\"Algarve 7\",\"@id\":\"https:\\\/\\\/algarve7.pt\\\/#\\\/schema\\\/person\\\/23fa70681308e7b319a3204bcea45e0c\"},\"headline\":\"Silves comemora dia mundial do turismo\",\"datePublished\":\"2023-09-24T11:22:33+00:00\",\"dateModified\":\"2023-09-24T11:22:35+00:00\",\"mainEntityOfPage\":{\"@id\":\"https:\\\/\\\/algarve7.pt\\\/index.php\\\/2023\\\/09\\\/silves-comemora-dia-mundial-do-turismo\\\/turismo\\\/12\\\/22\\\/\"},\"wordCount\":413,\"publisher\":{\"@id\":\"https:\\\/\\\/algarve7.pt\\\/#organization\"},\"image\":{\"@id\":\"https:\\\/\\\/algarve7.pt\\\/index.php\\\/2023\\\/09\\\/silves-comemora-dia-mundial-do-turismo\\\/turismo\\\/12\\\/22\\\/#primaryimage\"},\"thumbnailUrl\":\"https:\\\/\\\/algarve7.pt\\\/wp-content\\\/uploads\\\/2023\\\/09\\\/NOTICIA_Dia-Mundial-do-Turismo23.jpg\",\"keywords\":[\"Algarve\",\"Silves\",\"Turismo\"],\"articleSection\":[\"Turismo\"],\"inLanguage\":\"pt-PT\"},{\"@type\":\"WebPage\",\"@id\":\"https:\\\/\\\/algarve7.pt\\\/index.php\\\/2023\\\/09\\\/silves-comemora-dia-mundial-do-turismo\\\/turismo\\\/12\\\/22\\\/\",\"url\":\"https:\\\/\\\/algarve7.pt\\\/index.php\\\/2023\\\/09\\\/silves-comemora-dia-mundial-do-turismo\\\/turismo\\\/12\\\/22\\\/\",\"name\":\"Silves comemora dia mundial do turismo - Algarve 7\",\"isPartOf\":{\"@id\":\"https:\\\/\\\/algarve7.pt\\\/#website\"},\"primaryImageOfPage\":{\"@id\":\"https:\\\/\\\/algarve7.pt\\\/index.php\\\/2023\\\/09\\\/silves-comemora-dia-mundial-do-turismo\\\/turismo\\\/12\\\/22\\\/#primaryimage\"},\"image\":{\"@id\":\"https:\\\/\\\/algarve7.pt\\\/index.php\\\/2023\\\/09\\\/silves-comemora-dia-mundial-do-turismo\\\/turismo\\\/12\\\/22\\\/#primaryimage\"},\"thumbnailUrl\":\"https:\\\/\\\/algarve7.pt\\\/wp-content\\\/uploads\\\/2023\\\/09\\\/NOTICIA_Dia-Mundial-do-Turismo23.jpg\",\"datePublished\":\"2023-09-24T11:22:33+00:00\",\"dateModified\":\"2023-09-24T11:22:35+00:00\",\"description\":\"Silves comemora dia mundial do turismo Turismo\",\"breadcrumb\":{\"@id\":\"https:\\\/\\\/algarve7.pt\\\/index.php\\\/2023\\\/09\\\/silves-comemora-dia-mundial-do-turismo\\\/turismo\\\/12\\\/22\\\/#breadcrumb\"},\"inLanguage\":\"pt-PT\",\"potentialAction\":[{\"@type\":\"ReadAction\",\"target\":[\"https:\\\/\\\/algarve7.pt\\\/index.php\\\/2023\\\/09\\\/silves-comemora-dia-mundial-do-turismo\\\/turismo\\\/12\\\/22\\\/\"]}]},{\"@type\":\"ImageObject\",\"inLanguage\":\"pt-PT\",\"@id\":\"https:\\\/\\\/algarve7.pt\\\/index.php\\\/2023\\\/09\\\/silves-comemora-dia-mundial-do-turismo\\\/turismo\\\/12\\\/22\\\/#primaryimage\",\"url\":\"https:\\\/\\\/algarve7.pt\\\/wp-content\\\/uploads\\\/2023\\\/09\\\/NOTICIA_Dia-Mundial-do-Turismo23.jpg\",\"contentUrl\":\"https:\\\/\\\/algarve7.pt\\\/wp-content\\\/uploads\\\/2023\\\/09\\\/NOTICIA_Dia-Mundial-do-Turismo23.jpg\",\"width\":1024,\"height\":496},{\"@type\":\"BreadcrumbList\",\"@id\":\"https:\\\/\\\/algarve7.pt\\\/index.php\\\/2023\\\/09\\\/silves-comemora-dia-mundial-do-turismo\\\/turismo\\\/12\\\/22\\\/#breadcrumb\",\"itemListElement\":[{\"@type\":\"ListItem\",\"position\":1,\"name\":\"In\u00edcio\",\"item\":\"https:\\\/\\\/algarve7.pt\\\/\"},{\"@type\":\"ListItem\",\"position\":2,\"name\":\"Silves comemora dia mundial do turismo\"}]},{\"@type\":\"WebSite\",\"@id\":\"https:\\\/\\\/algarve7.pt\\\/#website\",\"url\":\"https:\\\/\\\/algarve7.pt\\\/\",\"name\":\"Algarve 7\",\"description\":\"Informa\u00e7\u00e3o sobre o Algarve\",\"publisher\":{\"@id\":\"https:\\\/\\\/algarve7.pt\\\/#organization\"},\"potentialAction\":[{\"@type\":\"SearchAction\",\"target\":{\"@type\":\"EntryPoint\",\"urlTemplate\":\"https:\\\/\\\/algarve7.pt\\\/?s={search_term_string}\"},\"query-input\":{\"@type\":\"PropertyValueSpecification\",\"valueRequired\":true,\"valueName\":\"search_term_string\"}}],\"inLanguage\":\"pt-PT\"},{\"@type\":\"Organization\",\"@id\":\"https:\\\/\\\/algarve7.pt\\\/#organization\",\"name\":\"Algarve 7\",\"url\":\"https:\\\/\\\/algarve7.pt\\\/\",\"logo\":{\"@type\":\"ImageObject\",\"inLanguage\":\"pt-PT\",\"@id\":\"https:\\\/\\\/algarve7.pt\\\/#\\\/schema\\\/logo\\\/image\\\/\",\"url\":\"https:\\\/\\\/algarve7.pt\\\/wp-content\\\/uploads\\\/2020\\\/10\\\/Logo-8.jpg\",\"contentUrl\":\"https:\\\/\\\/algarve7.pt\\\/wp-content\\\/uploads\\\/2020\\\/10\\\/Logo-8.jpg\",\"width\":1680,\"height\":1186,\"caption\":\"Algarve 7\"},\"image\":{\"@id\":\"https:\\\/\\\/algarve7.pt\\\/#\\\/schema\\\/logo\\\/image\\\/\"},\"sameAs\":[\"https:\\\/\\\/www.facebook.com\\\/algarve7\",\"https:\\\/\\\/x.com\\\/Algarvesete\",\"https:\\\/\\\/www.instagram.com\\\/jornalalgarve7\\\/\",\"https:\\\/\\\/www.linkedin.com\\\/company\\\/algarve7\",\"https:\\\/\\\/www.pinterest.pt\\\/geral0939\\\/_created\\\/\"]},{\"@type\":\"Person\",\"@id\":\"https:\\\/\\\/algarve7.pt\\\/#\\\/schema\\\/person\\\/23fa70681308e7b319a3204bcea45e0c\",\"name\":\"Algarve 7\",\"sameAs\":[\"https:\\\/\\\/algarve7.pt\",\"https:\\\/\\\/www.facebook.com\\\/algarve7\"],\"url\":\"https:\\\/\\\/algarve7.pt\\\/index.php\\\/author\\\/geralalgarve7-pt\\\/\"}]}<\/script>\n<!-- \/ Yoast SEO plugin. -->","yoast_head_json":{"title":"Silves comemora dia mundial do turismo - Algarve 7","description":"Silves comemora dia mundial do turismo Turismo","robots":{"index":"index","follow":"follow","max-snippet":"max-snippet:-1","max-image-preview":"max-image-preview:large","max-video-preview":"max-video-preview:-1"},"canonical":"https:\/\/algarve7.pt\/index.php\/2023\/09\/silves-comemora-dia-mundial-do-turismo\/turismo\/12\/22\/","og_locale":"pt_PT","og_type":"article","og_title":"Silves comemora dia mundial do turismo - Algarve 7","og_description":"Silves comemora dia mundial do turismo Turismo","og_url":"https:\/\/algarve7.pt\/index.php\/2023\/09\/silves-comemora-dia-mundial-do-turismo\/turismo\/12\/22\/","og_site_name":"Algarve 7","article_publisher":"https:\/\/www.facebook.com\/algarve7","article_author":"https:\/\/www.facebook.com\/algarve7","article_published_time":"2023-09-24T11:22:33+00:00","article_modified_time":"2023-09-24T11:22:35+00:00","og_image":[{"width":1024,"height":496,"url":"https:\/\/algarve7.pt\/wp-content\/uploads\/2023\/09\/NOTICIA_Dia-Mundial-do-Turismo23.jpg","type":"image\/jpeg"}],"author":"Algarve 7","twitter_card":"summary_large_image","twitter_creator":"@Algarvesete","twitter_site":"@Algarvesete","twitter_misc":{"Escrito por":"Algarve 7","Tempo estimado de leitura":"3 minutos"},"schema":{"@context":"https:\/\/schema.org","@graph":[{"@type":"Article","@id":"https:\/\/algarve7.pt\/index.php\/2023\/09\/silves-comemora-dia-mundial-do-turismo\/turismo\/12\/22\/#article","isPartOf":{"@id":"https:\/\/algarve7.pt\/index.php\/2023\/09\/silves-comemora-dia-mundial-do-turismo\/turismo\/12\/22\/"},"author":{"name":"Algarve 7","@id":"https:\/\/algarve7.pt\/#\/schema\/person\/23fa70681308e7b319a3204bcea45e0c"},"headline":"Silves comemora dia mundial do turismo","datePublished":"2023-09-24T11:22:33+00:00","dateModified":"2023-09-24T11:22:35+00:00","mainEntityOfPage":{"@id":"https:\/\/algarve7.pt\/index.php\/2023\/09\/silves-comemora-dia-mundial-do-turismo\/turismo\/12\/22\/"},"wordCount":413,"publisher":{"@id":"https:\/\/algarve7.pt\/#organization"},"image":{"@id":"https:\/\/algarve7.pt\/index.php\/2023\/09\/silves-comemora-dia-mundial-do-turismo\/turismo\/12\/22\/#primaryimage"},"thumbnailUrl":"https:\/\/algarve7.pt\/wp-content\/uploads\/2023\/09\/NOTICIA_Dia-Mundial-do-Turismo23.jpg","keywords":["Algarve","Silves","Turismo"],"articleSection":["Turismo"],"inLanguage":"pt-PT"},{"@type":"WebPage","@id":"https:\/\/algarve7.pt\/index.php\/2023\/09\/silves-comemora-dia-mundial-do-turismo\/turismo\/12\/22\/","url":"https:\/\/algarve7.pt\/index.php\/2023\/09\/silves-comemora-dia-mundial-do-turismo\/turismo\/12\/22\/","name":"Silves comemora dia mundial do turismo - Algarve 7","isPartOf":{"@id":"https:\/\/algarve7.pt\/#website"},"primaryImageOfPage":{"@id":"https:\/\/algarve7.pt\/index.php\/2023\/09\/silves-comemora-dia-mundial-do-turismo\/turismo\/12\/22\/#primaryimage"},"image":{"@id":"https:\/\/algarve7.pt\/index.php\/2023\/09\/silves-comemora-dia-mundial-do-turismo\/turismo\/12\/22\/#primaryimage"},"thumbnailUrl":"https:\/\/algarve7.pt\/wp-content\/uploads\/2023\/09\/NOTICIA_Dia-Mundial-do-Turismo23.jpg","datePublished":"2023-09-24T11:22:33+00:00","dateModified":"2023-09-24T11:22:35+00:00","description":"Silves comemora dia mundial do turismo Turismo","breadcrumb":{"@id":"https:\/\/algarve7.pt\/index.php\/2023\/09\/silves-comemora-dia-mundial-do-turismo\/turismo\/12\/22\/#breadcrumb"},"inLanguage":"pt-PT","potentialAction":[{"@type":"ReadAction","target":["https:\/\/algarve7.pt\/index.php\/2023\/09\/silves-comemora-dia-mundial-do-turismo\/turismo\/12\/22\/"]}]},{"@type":"ImageObject","inLanguage":"pt-PT","@id":"https:\/\/algarve7.pt\/index.php\/2023\/09\/silves-comemora-dia-mundial-do-turismo\/turismo\/12\/22\/#primaryimage","url":"https:\/\/algarve7.pt\/wp-content\/uploads\/2023\/09\/NOTICIA_Dia-Mundial-do-Turismo23.jpg","contentUrl":"https:\/\/algarve7.pt\/wp-content\/uploads\/2023\/09\/NOTICIA_Dia-Mundial-do-Turismo23.jpg","width":1024,"height":496},{"@type":"BreadcrumbList","@id":"https:\/\/algarve7.pt\/index.php\/2023\/09\/silves-comemora-dia-mundial-do-turismo\/turismo\/12\/22\/#breadcrumb","itemListElement":[{"@type":"ListItem","position":1,"name":"In\u00edcio","item":"https:\/\/algarve7.pt\/"},{"@type":"ListItem","position":2,"name":"Silves comemora dia mundial do turismo"}]},{"@type":"WebSite","@id":"https:\/\/algarve7.pt\/#website","url":"https:\/\/algarve7.pt\/","name":"Algarve 7","description":"Informa\u00e7\u00e3o sobre o Algarve","publisher":{"@id":"https:\/\/algarve7.pt\/#organization"},"potentialAction":[{"@type":"SearchAction","target":{"@type":"EntryPoint","urlTemplate":"https:\/\/algarve7.pt\/?s={search_term_string}"},"query-input":{"@type":"PropertyValueSpecification","valueRequired":true,"valueName":"search_term_string"}}],"inLanguage":"pt-PT"},{"@type":"Organization","@id":"https:\/\/algarve7.pt\/#organization","name":"Algarve 7","url":"https:\/\/algarve7.pt\/","logo":{"@type":"ImageObject","inLanguage":"pt-PT","@id":"https:\/\/algarve7.pt\/#\/schema\/logo\/image\/","url":"https:\/\/algarve7.pt\/wp-content\/uploads\/2020\/10\/Logo-8.jpg","contentUrl":"https:\/\/algarve7.pt\/wp-content\/uploads\/2020\/10\/Logo-8.jpg","width":1680,"height":1186,"caption":"Algarve 7"},"image":{"@id":"https:\/\/algarve7.pt\/#\/schema\/logo\/image\/"},"sameAs":["https:\/\/www.facebook.com\/algarve7","https:\/\/x.com\/Algarvesete","https:\/\/www.instagram.com\/jornalalgarve7\/","https:\/\/www.linkedin.com\/company\/algarve7","https:\/\/www.pinterest.pt\/geral0939\/_created\/"]},{"@type":"Person","@id":"https:\/\/algarve7.pt\/#\/schema\/person\/23fa70681308e7b319a3204bcea45e0c","name":"Algarve 7","sameAs":["https:\/\/algarve7.pt","https:\/\/www.facebook.com\/algarve7"],"url":"https:\/\/algarve7.pt\/index.php\/author\/geralalgarve7-pt\/"}]}},"jetpack_publicize_connections":[],"jetpack_featured_media_url":"https:\/\/algarve7.pt\/wp-content\/uploads\/2023\/09\/NOTICIA_Dia-Mundial-do-Turismo23.jpg","jetpack_shortlink":"https:\/\/wp.me\/pcezmW-87h","jetpack_sharing_enabled":true,"_links":{"self":[{"href":"https:\/\/algarve7.pt\/index.php\/wp-json\/wp\/v2\/posts\/31203","targetHints":{"allow":["GET"]}}],"collection":[{"href":"https:\/\/algarve7.pt\/index.php\/wp-json\/wp\/v2\/posts"}],"about":[{"href":"https:\/\/algarve7.pt\/index.php\/wp-json\/wp\/v2\/types\/post"}],"author":[{"embeddable":true,"href":"https:\/\/algarve7.pt\/index.php\/wp-json\/wp\/v2\/users\/1"}],"replies":[{"embeddable":true,"href":"https:\/\/algarve7.pt\/index.php\/wp-json\/wp\/v2\/comments?post=31203"}],"version-history":[{"count":0,"href":"https:\/\/algarve7.pt\/index.php\/wp-json\/wp\/v2\/posts\/31203\/revisions"}],"wp:featuredmedia":[{"embeddable":true,"href":"https:\/\/algarve7.pt\/index.php\/wp-json\/wp\/v2\/media\/31204"}],"wp:attachment":[{"href":"https:\/\/algarve7.pt\/index.php\/wp-json\/wp\/v2\/media?parent=31203"}],"wp:term":[{"taxonomy":"category","embeddable":true,"href":"https:\/\/algarve7.pt\/index.php\/wp-json\/wp\/v2\/categories?post=31203"},{"taxonomy":"post_tag","embeddable":true,"href":"https:\/\/algarve7.pt\/index.php\/wp-json\/wp\/v2\/tags?post=31203"}],"curies":[{"name":"wp","href":"https:\/\/api.w.org\/{rel}","templated":true}]}}