{"id":3118,"date":"2020-10-29T16:00:57","date_gmt":"2020-10-29T16:00:57","guid":{"rendered":"https:\/\/algarve7.pt\/?p=3118"},"modified":"2020-10-29T14:52:22","modified_gmt":"2020-10-29T14:52:22","slug":"festival-med-participa-em-certames-internacionais-dedicados-as-musicas-do-mundo","status":"publish","type":"post","link":"https:\/\/algarve7.pt\/index.php\/2020\/10\/festival-med-participa-em-certames-internacionais-dedicados-as-musicas-do-mundo\/cultura\/16\/00\/","title":{"rendered":"Festival MED participa em certames internacionais dedicados \u00e0s m\u00fasicas do mundo"},"content":{"rendered":"\n<p>Num ano at\u00edpico, em que a pandemia impossibilitou a realiza\u00e7\u00e3o presencial de v\u00e1rias iniciativas, muitas organiza\u00e7\u00f5es optaram pelo formato virtual para levar a cabo os seus eventos. Neste \u00e2mbito, o Festival MED mant\u00e9m a sua participa\u00e7\u00e3o em certames dedicados \u00e0 World Music, como \u00e9 o caso da WOMEX e da EXIB M\u00fasica &#8211; Expo Ibero-Americana de M\u00fasica, mas este ano numa dimens\u00e3o digital.<\/p>\n\n\n\n<p>De 29 a 31 de outubro, Set\u00fabal \u00e9 palco da EXIB M\u00fasica, numa edi\u00e7\u00e3o especial j\u00e1 que se trata de um desafio virtual para contornar as restri\u00e7\u00f5es impostas pela COVID-19. Com o tema \u201cO Tom do Futuro\u201d, este evento contar\u00e1 com showcases de artistas ibero-americanos, f\u00f3runs de interc\u00e2mbio de ideias, a\u00e7\u00f5es formativas e de networking para profissionais, tudo em formato digital. O diretor art\u00edstico do Festival MED, Paulo Silva, \u00e9 um dos convidados do certame e ir\u00e1 fazer parte de uma plataforma de discuss\u00e3o sobre a realidade musical ib\u00e9rica e da Am\u00e9rica Latina e as cidades musicais sustent\u00e1veis. Participam nesta iniciativa programadores de pa\u00edses como Argentina, Reino Unido, Canad\u00e1, Holanda, Rep\u00fablica Checa, M\u00e9xico, Finl\u00e2ndia, entre outros. A representar o nosso pa\u00eds, para al\u00e9m do Festival MED, estar\u00e1 tamb\u00e9m o Festival Bons Sons, na pessoa do seu programador, Miguel Atalaia.<\/p>\n\n\n\n<p>Refira-se que a EXIB&nbsp;\u00e9 uma plataforma estrat\u00e9gica para a cria\u00e7\u00e3o e desenvolvimento de projetos culturalmente sustent\u00e1veis. \u00c9 uma organiza\u00e7\u00e3o produto de dez anos de experi\u00eancia no desenvolvimento de projetos culturais, que conecta criadores, promotores, organiza\u00e7\u00f5es e cidades.<\/p>\n\n\n\n<p>Entretanto, de 21 a 25 de outubro, decorreu mais uma edi\u00e7\u00e3o do WOMEX, este ano numa vers\u00e3o digital. O Festival MED voltou a marcar presen\u00e7a naquela que \u00e9 a maior feira de m\u00fasicas do mundo, reunido as componentes de certame, confer\u00eancias, filmes e showcases, num encontro de mais de 2.500 profissionais do setor.<\/p>\n\n\n\n<p>\u201cContinuamos a apostar na participa\u00e7\u00e3o nestas plataformas internacionais direcionadas sobretudo aos profissionais desta ind\u00fastria das m\u00fasicas do mundo pois acreditamos que \u00e9 atrav\u00e9s destas redes de contactos e da troca de experi\u00eancias que podemos melhorar ainda mais a qualidade art\u00edstica deste evento musical, a cada edi\u00e7\u00e3o, refor\u00e7ando a sua presen\u00e7a no roteiro dos festivais europeus de world music\u201c, refere o presidente da C\u00e2mara Municipal de Loul\u00e9, V\u00edtor Aleixo.<\/p>\n\n\n\n<p>Recorde-se que, no passado dia 17, o MED foi distinguido nos Iberian Festival Awards, nas categorias de Melhor Festival Lus\u00f3fono e Hisp\u00e2nico da Pen\u00ednsula Ib\u00e9rica, e Melhor Promo\u00e7\u00e3o Tur\u00edstica, no contexto dos festivais de m\u00fasica portugueses.<\/p>\n","protected":false},"excerpt":{"rendered":"<p>Num ano at\u00edpico, em que a pandemia impossibilitou a realiza\u00e7\u00e3o presencial de v\u00e1rias iniciativas, muitas organiza\u00e7\u00f5es optaram pelo formato virtual<\/p>\n","protected":false},"author":1,"featured_media":3119,"comment_status":"closed","ping_status":"open","sticky":false,"template":"","format":"standard","meta":{"colormag_page_container_layout":"default_layout","colormag_page_sidebar_layout":"default_layout","_monsterinsights_skip_tracking":false,"_monsterinsights_sitenote_active":false,"_monsterinsights_sitenote_note":"","_monsterinsights_sitenote_category":0,"jetpack_post_was_ever_published":false,"_jetpack_newsletter_access":"","_jetpack_dont_email_post_to_subs":false,"_jetpack_newsletter_tier_id":0,"_jetpack_memberships_contains_paywalled_content":false,"_jetpack_memberships_contains_paid_content":false,"footnotes":"","jetpack_publicize_message":"","jetpack_publicize_feature_enabled":true,"jetpack_social_post_already_shared":true,"jetpack_social_options":{"image_generator_settings":{"template":"highway","default_image_id":0,"font":"","enabled":false},"version":2}},"categories":[14],"tags":[36,35,71,31],"class_list":["post-3118","post","type-post","status-publish","format-standard","has-post-thumbnail","hentry","category-cultura","tag-algarve","tag-cultura","tag-festival","tag-loule"],"yoast_head":"<!-- This site is optimized with the Yoast SEO plugin v27.5 - https:\/\/yoast.com\/product\/yoast-seo-wordpress\/ -->\n<title>Festival MED participa em certames internacionais dedicados \u00e0s m\u00fasicas do mundo - Algarve 7<\/title>\n<meta name=\"description\" content=\"Festival MED participa em certames internacionais dedicados \u00e0s m\u00fasicas do mundo\" \/>\n<meta name=\"robots\" content=\"index, follow, max-snippet:-1, max-image-preview:large, max-video-preview:-1\" \/>\n<link rel=\"canonical\" href=\"https:\/\/algarve7.pt\/index.php\/2020\/10\/festival-med-participa-em-certames-internacionais-dedicados-as-musicas-do-mundo\/cultura\/16\/00\/\" \/>\n<meta property=\"og:locale\" content=\"pt_PT\" \/>\n<meta property=\"og:type\" content=\"article\" \/>\n<meta property=\"og:title\" content=\"Festival MED participa em certames internacionais dedicados \u00e0s m\u00fasicas do mundo - Algarve 7\" \/>\n<meta property=\"og:description\" content=\"Festival MED participa em certames internacionais dedicados \u00e0s m\u00fasicas do mundo\" \/>\n<meta property=\"og:url\" content=\"https:\/\/algarve7.pt\/index.php\/2020\/10\/festival-med-participa-em-certames-internacionais-dedicados-as-musicas-do-mundo\/cultura\/16\/00\/\" \/>\n<meta property=\"og:site_name\" content=\"Algarve 7\" \/>\n<meta property=\"article:publisher\" content=\"https:\/\/www.facebook.com\/algarve7\" \/>\n<meta property=\"article:author\" content=\"https:\/\/www.facebook.com\/algarve7\" \/>\n<meta property=\"article:published_time\" content=\"2020-10-29T16:00:57+00:00\" \/>\n<meta property=\"og:image\" content=\"https:\/\/algarve7.pt\/wp-content\/uploads\/2020\/10\/Festival-Med-1.jpg\" \/>\n\t<meta property=\"og:image:width\" content=\"1920\" \/>\n\t<meta property=\"og:image:height\" content=\"1280\" \/>\n\t<meta property=\"og:image:type\" content=\"image\/jpeg\" \/>\n<meta name=\"author\" content=\"Algarve 7\" \/>\n<meta name=\"twitter:card\" content=\"summary_large_image\" \/>\n<meta name=\"twitter:creator\" content=\"@Algarvesete\" \/>\n<meta name=\"twitter:site\" content=\"@Algarvesete\" \/>\n<meta name=\"twitter:label1\" content=\"Escrito por\" \/>\n\t<meta name=\"twitter:data1\" content=\"Algarve 7\" \/>\n\t<meta name=\"twitter:label2\" content=\"Tempo estimado de leitura\" \/>\n\t<meta name=\"twitter:data2\" content=\"2 minutos\" \/>\n<script type=\"application\/ld+json\" class=\"yoast-schema-graph\">{\"@context\":\"https:\\\/\\\/schema.org\",\"@graph\":[{\"@type\":\"Article\",\"@id\":\"https:\\\/\\\/algarve7.pt\\\/index.php\\\/2020\\\/10\\\/festival-med-participa-em-certames-internacionais-dedicados-as-musicas-do-mundo\\\/cultura\\\/16\\\/00\\\/#article\",\"isPartOf\":{\"@id\":\"https:\\\/\\\/algarve7.pt\\\/index.php\\\/2020\\\/10\\\/festival-med-participa-em-certames-internacionais-dedicados-as-musicas-do-mundo\\\/cultura\\\/16\\\/00\\\/\"},\"author\":{\"name\":\"Algarve 7\",\"@id\":\"https:\\\/\\\/algarve7.pt\\\/#\\\/schema\\\/person\\\/23fa70681308e7b319a3204bcea45e0c\"},\"headline\":\"Festival MED participa em certames internacionais dedicados \u00e0s m\u00fasicas do mundo\",\"datePublished\":\"2020-10-29T16:00:57+00:00\",\"mainEntityOfPage\":{\"@id\":\"https:\\\/\\\/algarve7.pt\\\/index.php\\\/2020\\\/10\\\/festival-med-participa-em-certames-internacionais-dedicados-as-musicas-do-mundo\\\/cultura\\\/16\\\/00\\\/\"},\"wordCount\":453,\"publisher\":{\"@id\":\"https:\\\/\\\/algarve7.pt\\\/#organization\"},\"image\":{\"@id\":\"https:\\\/\\\/algarve7.pt\\\/index.php\\\/2020\\\/10\\\/festival-med-participa-em-certames-internacionais-dedicados-as-musicas-do-mundo\\\/cultura\\\/16\\\/00\\\/#primaryimage\"},\"thumbnailUrl\":\"https:\\\/\\\/algarve7.pt\\\/wp-content\\\/uploads\\\/2020\\\/10\\\/Festival-Med-1.jpg\",\"keywords\":[\"Algarve\",\"Cultura\",\"Festival\",\"Loul\u00e9\"],\"articleSection\":[\"Cultura\"],\"inLanguage\":\"pt-PT\"},{\"@type\":\"WebPage\",\"@id\":\"https:\\\/\\\/algarve7.pt\\\/index.php\\\/2020\\\/10\\\/festival-med-participa-em-certames-internacionais-dedicados-as-musicas-do-mundo\\\/cultura\\\/16\\\/00\\\/\",\"url\":\"https:\\\/\\\/algarve7.pt\\\/index.php\\\/2020\\\/10\\\/festival-med-participa-em-certames-internacionais-dedicados-as-musicas-do-mundo\\\/cultura\\\/16\\\/00\\\/\",\"name\":\"Festival MED participa em certames internacionais dedicados \u00e0s m\u00fasicas do mundo - Algarve 7\",\"isPartOf\":{\"@id\":\"https:\\\/\\\/algarve7.pt\\\/#website\"},\"primaryImageOfPage\":{\"@id\":\"https:\\\/\\\/algarve7.pt\\\/index.php\\\/2020\\\/10\\\/festival-med-participa-em-certames-internacionais-dedicados-as-musicas-do-mundo\\\/cultura\\\/16\\\/00\\\/#primaryimage\"},\"image\":{\"@id\":\"https:\\\/\\\/algarve7.pt\\\/index.php\\\/2020\\\/10\\\/festival-med-participa-em-certames-internacionais-dedicados-as-musicas-do-mundo\\\/cultura\\\/16\\\/00\\\/#primaryimage\"},\"thumbnailUrl\":\"https:\\\/\\\/algarve7.pt\\\/wp-content\\\/uploads\\\/2020\\\/10\\\/Festival-Med-1.jpg\",\"datePublished\":\"2020-10-29T16:00:57+00:00\",\"description\":\"Festival MED participa em certames internacionais dedicados \u00e0s m\u00fasicas do mundo\",\"breadcrumb\":{\"@id\":\"https:\\\/\\\/algarve7.pt\\\/index.php\\\/2020\\\/10\\\/festival-med-participa-em-certames-internacionais-dedicados-as-musicas-do-mundo\\\/cultura\\\/16\\\/00\\\/#breadcrumb\"},\"inLanguage\":\"pt-PT\",\"potentialAction\":[{\"@type\":\"ReadAction\",\"target\":[\"https:\\\/\\\/algarve7.pt\\\/index.php\\\/2020\\\/10\\\/festival-med-participa-em-certames-internacionais-dedicados-as-musicas-do-mundo\\\/cultura\\\/16\\\/00\\\/\"]}]},{\"@type\":\"ImageObject\",\"inLanguage\":\"pt-PT\",\"@id\":\"https:\\\/\\\/algarve7.pt\\\/index.php\\\/2020\\\/10\\\/festival-med-participa-em-certames-internacionais-dedicados-as-musicas-do-mundo\\\/cultura\\\/16\\\/00\\\/#primaryimage\",\"url\":\"https:\\\/\\\/algarve7.pt\\\/wp-content\\\/uploads\\\/2020\\\/10\\\/Festival-Med-1.jpg\",\"contentUrl\":\"https:\\\/\\\/algarve7.pt\\\/wp-content\\\/uploads\\\/2020\\\/10\\\/Festival-Med-1.jpg\",\"width\":1920,\"height\":1280},{\"@type\":\"BreadcrumbList\",\"@id\":\"https:\\\/\\\/algarve7.pt\\\/index.php\\\/2020\\\/10\\\/festival-med-participa-em-certames-internacionais-dedicados-as-musicas-do-mundo\\\/cultura\\\/16\\\/00\\\/#breadcrumb\",\"itemListElement\":[{\"@type\":\"ListItem\",\"position\":1,\"name\":\"In\u00edcio\",\"item\":\"https:\\\/\\\/algarve7.pt\\\/\"},{\"@type\":\"ListItem\",\"position\":2,\"name\":\"Festival MED participa em certames internacionais dedicados \u00e0s m\u00fasicas do mundo\"}]},{\"@type\":\"WebSite\",\"@id\":\"https:\\\/\\\/algarve7.pt\\\/#website\",\"url\":\"https:\\\/\\\/algarve7.pt\\\/\",\"name\":\"Algarve 7\",\"description\":\"Informa\u00e7\u00e3o sobre o Algarve\",\"publisher\":{\"@id\":\"https:\\\/\\\/algarve7.pt\\\/#organization\"},\"potentialAction\":[{\"@type\":\"SearchAction\",\"target\":{\"@type\":\"EntryPoint\",\"urlTemplate\":\"https:\\\/\\\/algarve7.pt\\\/?s={search_term_string}\"},\"query-input\":{\"@type\":\"PropertyValueSpecification\",\"valueRequired\":true,\"valueName\":\"search_term_string\"}}],\"inLanguage\":\"pt-PT\"},{\"@type\":\"Organization\",\"@id\":\"https:\\\/\\\/algarve7.pt\\\/#organization\",\"name\":\"Algarve 7\",\"url\":\"https:\\\/\\\/algarve7.pt\\\/\",\"logo\":{\"@type\":\"ImageObject\",\"inLanguage\":\"pt-PT\",\"@id\":\"https:\\\/\\\/algarve7.pt\\\/#\\\/schema\\\/logo\\\/image\\\/\",\"url\":\"https:\\\/\\\/algarve7.pt\\\/wp-content\\\/uploads\\\/2020\\\/10\\\/Logo-8.jpg\",\"contentUrl\":\"https:\\\/\\\/algarve7.pt\\\/wp-content\\\/uploads\\\/2020\\\/10\\\/Logo-8.jpg\",\"width\":1680,\"height\":1186,\"caption\":\"Algarve 7\"},\"image\":{\"@id\":\"https:\\\/\\\/algarve7.pt\\\/#\\\/schema\\\/logo\\\/image\\\/\"},\"sameAs\":[\"https:\\\/\\\/www.facebook.com\\\/algarve7\",\"https:\\\/\\\/x.com\\\/Algarvesete\",\"https:\\\/\\\/www.instagram.com\\\/jornalalgarve7\\\/\",\"https:\\\/\\\/www.linkedin.com\\\/company\\\/algarve7\",\"https:\\\/\\\/www.pinterest.pt\\\/geral0939\\\/_created\\\/\"]},{\"@type\":\"Person\",\"@id\":\"https:\\\/\\\/algarve7.pt\\\/#\\\/schema\\\/person\\\/23fa70681308e7b319a3204bcea45e0c\",\"name\":\"Algarve 7\",\"sameAs\":[\"https:\\\/\\\/algarve7.pt\",\"https:\\\/\\\/www.facebook.com\\\/algarve7\"],\"url\":\"https:\\\/\\\/algarve7.pt\\\/index.php\\\/author\\\/geralalgarve7-pt\\\/\"}]}<\/script>\n<!-- \/ Yoast SEO plugin. -->","yoast_head_json":{"title":"Festival MED participa em certames internacionais dedicados \u00e0s m\u00fasicas do mundo - Algarve 7","description":"Festival MED participa em certames internacionais dedicados \u00e0s m\u00fasicas do mundo","robots":{"index":"index","follow":"follow","max-snippet":"max-snippet:-1","max-image-preview":"max-image-preview:large","max-video-preview":"max-video-preview:-1"},"canonical":"https:\/\/algarve7.pt\/index.php\/2020\/10\/festival-med-participa-em-certames-internacionais-dedicados-as-musicas-do-mundo\/cultura\/16\/00\/","og_locale":"pt_PT","og_type":"article","og_title":"Festival MED participa em certames internacionais dedicados \u00e0s m\u00fasicas do mundo - Algarve 7","og_description":"Festival MED participa em certames internacionais dedicados \u00e0s m\u00fasicas do mundo","og_url":"https:\/\/algarve7.pt\/index.php\/2020\/10\/festival-med-participa-em-certames-internacionais-dedicados-as-musicas-do-mundo\/cultura\/16\/00\/","og_site_name":"Algarve 7","article_publisher":"https:\/\/www.facebook.com\/algarve7","article_author":"https:\/\/www.facebook.com\/algarve7","article_published_time":"2020-10-29T16:00:57+00:00","og_image":[{"width":1920,"height":1280,"url":"https:\/\/algarve7.pt\/wp-content\/uploads\/2020\/10\/Festival-Med-1.jpg","type":"image\/jpeg"}],"author":"Algarve 7","twitter_card":"summary_large_image","twitter_creator":"@Algarvesete","twitter_site":"@Algarvesete","twitter_misc":{"Escrito por":"Algarve 7","Tempo estimado de leitura":"2 minutos"},"schema":{"@context":"https:\/\/schema.org","@graph":[{"@type":"Article","@id":"https:\/\/algarve7.pt\/index.php\/2020\/10\/festival-med-participa-em-certames-internacionais-dedicados-as-musicas-do-mundo\/cultura\/16\/00\/#article","isPartOf":{"@id":"https:\/\/algarve7.pt\/index.php\/2020\/10\/festival-med-participa-em-certames-internacionais-dedicados-as-musicas-do-mundo\/cultura\/16\/00\/"},"author":{"name":"Algarve 7","@id":"https:\/\/algarve7.pt\/#\/schema\/person\/23fa70681308e7b319a3204bcea45e0c"},"headline":"Festival MED participa em certames internacionais dedicados \u00e0s m\u00fasicas do mundo","datePublished":"2020-10-29T16:00:57+00:00","mainEntityOfPage":{"@id":"https:\/\/algarve7.pt\/index.php\/2020\/10\/festival-med-participa-em-certames-internacionais-dedicados-as-musicas-do-mundo\/cultura\/16\/00\/"},"wordCount":453,"publisher":{"@id":"https:\/\/algarve7.pt\/#organization"},"image":{"@id":"https:\/\/algarve7.pt\/index.php\/2020\/10\/festival-med-participa-em-certames-internacionais-dedicados-as-musicas-do-mundo\/cultura\/16\/00\/#primaryimage"},"thumbnailUrl":"https:\/\/algarve7.pt\/wp-content\/uploads\/2020\/10\/Festival-Med-1.jpg","keywords":["Algarve","Cultura","Festival","Loul\u00e9"],"articleSection":["Cultura"],"inLanguage":"pt-PT"},{"@type":"WebPage","@id":"https:\/\/algarve7.pt\/index.php\/2020\/10\/festival-med-participa-em-certames-internacionais-dedicados-as-musicas-do-mundo\/cultura\/16\/00\/","url":"https:\/\/algarve7.pt\/index.php\/2020\/10\/festival-med-participa-em-certames-internacionais-dedicados-as-musicas-do-mundo\/cultura\/16\/00\/","name":"Festival MED participa em certames internacionais dedicados \u00e0s m\u00fasicas do mundo - Algarve 7","isPartOf":{"@id":"https:\/\/algarve7.pt\/#website"},"primaryImageOfPage":{"@id":"https:\/\/algarve7.pt\/index.php\/2020\/10\/festival-med-participa-em-certames-internacionais-dedicados-as-musicas-do-mundo\/cultura\/16\/00\/#primaryimage"},"image":{"@id":"https:\/\/algarve7.pt\/index.php\/2020\/10\/festival-med-participa-em-certames-internacionais-dedicados-as-musicas-do-mundo\/cultura\/16\/00\/#primaryimage"},"thumbnailUrl":"https:\/\/algarve7.pt\/wp-content\/uploads\/2020\/10\/Festival-Med-1.jpg","datePublished":"2020-10-29T16:00:57+00:00","description":"Festival MED participa em certames internacionais dedicados \u00e0s m\u00fasicas do mundo","breadcrumb":{"@id":"https:\/\/algarve7.pt\/index.php\/2020\/10\/festival-med-participa-em-certames-internacionais-dedicados-as-musicas-do-mundo\/cultura\/16\/00\/#breadcrumb"},"inLanguage":"pt-PT","potentialAction":[{"@type":"ReadAction","target":["https:\/\/algarve7.pt\/index.php\/2020\/10\/festival-med-participa-em-certames-internacionais-dedicados-as-musicas-do-mundo\/cultura\/16\/00\/"]}]},{"@type":"ImageObject","inLanguage":"pt-PT","@id":"https:\/\/algarve7.pt\/index.php\/2020\/10\/festival-med-participa-em-certames-internacionais-dedicados-as-musicas-do-mundo\/cultura\/16\/00\/#primaryimage","url":"https:\/\/algarve7.pt\/wp-content\/uploads\/2020\/10\/Festival-Med-1.jpg","contentUrl":"https:\/\/algarve7.pt\/wp-content\/uploads\/2020\/10\/Festival-Med-1.jpg","width":1920,"height":1280},{"@type":"BreadcrumbList","@id":"https:\/\/algarve7.pt\/index.php\/2020\/10\/festival-med-participa-em-certames-internacionais-dedicados-as-musicas-do-mundo\/cultura\/16\/00\/#breadcrumb","itemListElement":[{"@type":"ListItem","position":1,"name":"In\u00edcio","item":"https:\/\/algarve7.pt\/"},{"@type":"ListItem","position":2,"name":"Festival MED participa em certames internacionais dedicados \u00e0s m\u00fasicas do mundo"}]},{"@type":"WebSite","@id":"https:\/\/algarve7.pt\/#website","url":"https:\/\/algarve7.pt\/","name":"Algarve 7","description":"Informa\u00e7\u00e3o sobre o Algarve","publisher":{"@id":"https:\/\/algarve7.pt\/#organization"},"potentialAction":[{"@type":"SearchAction","target":{"@type":"EntryPoint","urlTemplate":"https:\/\/algarve7.pt\/?s={search_term_string}"},"query-input":{"@type":"PropertyValueSpecification","valueRequired":true,"valueName":"search_term_string"}}],"inLanguage":"pt-PT"},{"@type":"Organization","@id":"https:\/\/algarve7.pt\/#organization","name":"Algarve 7","url":"https:\/\/algarve7.pt\/","logo":{"@type":"ImageObject","inLanguage":"pt-PT","@id":"https:\/\/algarve7.pt\/#\/schema\/logo\/image\/","url":"https:\/\/algarve7.pt\/wp-content\/uploads\/2020\/10\/Logo-8.jpg","contentUrl":"https:\/\/algarve7.pt\/wp-content\/uploads\/2020\/10\/Logo-8.jpg","width":1680,"height":1186,"caption":"Algarve 7"},"image":{"@id":"https:\/\/algarve7.pt\/#\/schema\/logo\/image\/"},"sameAs":["https:\/\/www.facebook.com\/algarve7","https:\/\/x.com\/Algarvesete","https:\/\/www.instagram.com\/jornalalgarve7\/","https:\/\/www.linkedin.com\/company\/algarve7","https:\/\/www.pinterest.pt\/geral0939\/_created\/"]},{"@type":"Person","@id":"https:\/\/algarve7.pt\/#\/schema\/person\/23fa70681308e7b319a3204bcea45e0c","name":"Algarve 7","sameAs":["https:\/\/algarve7.pt","https:\/\/www.facebook.com\/algarve7"],"url":"https:\/\/algarve7.pt\/index.php\/author\/geralalgarve7-pt\/"}]}},"jetpack_publicize_connections":[],"jetpack_featured_media_url":"https:\/\/algarve7.pt\/wp-content\/uploads\/2020\/10\/Festival-Med-1.jpg","jetpack_shortlink":"https:\/\/wp.me\/pcezmW-Oi","jetpack_sharing_enabled":true,"_links":{"self":[{"href":"https:\/\/algarve7.pt\/index.php\/wp-json\/wp\/v2\/posts\/3118","targetHints":{"allow":["GET"]}}],"collection":[{"href":"https:\/\/algarve7.pt\/index.php\/wp-json\/wp\/v2\/posts"}],"about":[{"href":"https:\/\/algarve7.pt\/index.php\/wp-json\/wp\/v2\/types\/post"}],"author":[{"embeddable":true,"href":"https:\/\/algarve7.pt\/index.php\/wp-json\/wp\/v2\/users\/1"}],"replies":[{"embeddable":true,"href":"https:\/\/algarve7.pt\/index.php\/wp-json\/wp\/v2\/comments?post=3118"}],"version-history":[{"count":0,"href":"https:\/\/algarve7.pt\/index.php\/wp-json\/wp\/v2\/posts\/3118\/revisions"}],"wp:featuredmedia":[{"embeddable":true,"href":"https:\/\/algarve7.pt\/index.php\/wp-json\/wp\/v2\/media\/3119"}],"wp:attachment":[{"href":"https:\/\/algarve7.pt\/index.php\/wp-json\/wp\/v2\/media?parent=3118"}],"wp:term":[{"taxonomy":"category","embeddable":true,"href":"https:\/\/algarve7.pt\/index.php\/wp-json\/wp\/v2\/categories?post=3118"},{"taxonomy":"post_tag","embeddable":true,"href":"https:\/\/algarve7.pt\/index.php\/wp-json\/wp\/v2\/tags?post=3118"}],"curies":[{"name":"wp","href":"https:\/\/api.w.org\/{rel}","templated":true}]}}