{"id":31111,"date":"2023-09-21T10:50:07","date_gmt":"2023-09-21T09:50:07","guid":{"rendered":"https:\/\/algarve7.pt\/?p=31111"},"modified":"2023-09-21T10:50:09","modified_gmt":"2023-09-21T09:50:09","slug":"grupo-de-trabalho-sobre-grutas-de-benagil-realizou-primeira-reuniao-de-trabalho","status":"publish","type":"post","link":"https:\/\/algarve7.pt\/index.php\/2023\/09\/grupo-de-trabalho-sobre-grutas-de-benagil-realizou-primeira-reuniao-de-trabalho\/ambiente\/10\/50\/","title":{"rendered":"Grupo de Trabalho sobre Grutas de Benagil realizou primeira reuni\u00e3o de trabalho"},"content":{"rendered":"\n<p>Decorreu nesta quarta-feira, dia 20 de setembro na Comiss\u00e3o de Coordena\u00e7\u00e3o e Desenvolvimento Regional do Algarve, em Faro, a primeira reuni\u00e3o do Grupo de Trabalho criado pelo Despacho do Governo n.\u00ba 8777\/2023 de 30 de agosto, que visa estabelecer a capacidade de carga humana e de determinar as condi\u00e7\u00f5es de acesso \u00e0s Grutas de Benagil.<\/p>\n\n\n\n<p>Localizadas junto da Praia de Benagil, no concelho de Lagoa, s\u00e3o um dos principais pontos tur\u00edsticos do Algarve, designadamente o Algar de Benagil. Estas grutas naturais t\u00eam suscitado, nos \u00faltimos anos, a curiosidade de um crescente n\u00famero de pessoas, que as procura por via mar\u00edtima, levando a um aumento expressivo do n\u00famero de visitantes que permanece naquela \u00e1rea, sobretudo no per\u00edodo estival.<\/p>\n\n\n\n<p>Assim, torna-se necess\u00e1ria a defini\u00e7\u00e3o do limite m\u00e1ximo da capacidade de carga humana nas Grutas de Benagil, sendo fundamental regulamentar o respetivo acesso, face \u00e0 necessidade de prote\u00e7\u00e3o e preven\u00e7\u00e3o de situa\u00e7\u00f5es de risco para a seguran\u00e7a das pessoas, sobretudo considerando a elevada eros\u00e3o que se tem manifestado naquela \u00e1rea, o que imp\u00f5e a defini\u00e7\u00e3o de regras de utiliza\u00e7\u00e3o para os visitantes, para refor\u00e7o da sua seguran\u00e7a.<\/p>\n\n\n\n<p>Nos termos do n\u00ba 2 do <a href=\"https:\/\/files.diariodarepublica.pt\/2s\/2023\/08\/168000000\/0008800089.pdf\" target=\"_blank\" rel=\"noreferrer noopener\">Despacho n.\u00ba 8777\/2023 de 30 de agosto<\/a>, foram fixados como objetivos para o Grupo de Trabalho:<\/p>\n\n\n\n<p>a) Fixar a capacidade de carga humana para efeitos de acesso \u00e0s Grutas de Benagil, considerando a sensibilidade e estabilidade das mesmas e as condicionantes de seguran\u00e7a a garantir \u00e0s pessoas e bens;<\/p>\n\n\n\n<p>b) Definir as formas e condi\u00e7\u00f5es de acesso \u00e0s Grutas de Benagil;<\/p>\n\n\n\n<p>c) Definir o tipo de embarca\u00e7\u00f5es autorizadas a aceder \u00e0s Grutas de Benagil, bem como a forma de proceder nesse acesso, nomeadamente, comprimento, boca, calado, lota\u00e7\u00e3o m\u00e1xima, tipo e atividade, velocidade e outros procedimentos a realizar pelas embarca\u00e7\u00f5es;<\/p>\n\n\n\n<p>d) Definir os mecanismos de controlo de acesso \u00e0s Grutas de Benagil;<\/p>\n\n\n\n<p>e) Avaliar, propor e desenvolver medidas de refor\u00e7o de seguran\u00e7a no acesso \u00e0s Grutas de Benagil;<\/p>\n\n\n\n<p>f) Avaliar, propor e desenvolver mecanismos de fiscaliza\u00e7\u00e3o e controlo do cumprimento do limite da capacidade de carga humana fixado;<\/p>\n\n\n\n<p>g) Avaliar a possibilidade de criar uma taxa \u00fanica de acesso \u00e0s Grutas de Benagil.<\/p>\n\n\n\n<p>A reuni\u00e3o permitiu a todos os intervenientes do Grupo de Trabalho uma primeira partilha de opini\u00f5es, conhecer os dados das diversas entidades sobre a visita\u00e7\u00e3o das Grutas de Benagil e efetuar e uma primeira abordagem sobre a metodologia de trabalho tendo em vista o prop\u00f3sito do Despacho governamental.<\/p>\n\n\n\n<p>A pr\u00f3xima reuni\u00e3o dever\u00e1 decorrer na segunda quinzena de outubro.<\/p>\n","protected":false},"excerpt":{"rendered":"<p>Decorreu nesta quarta-feira, dia 20 de setembro na Comiss\u00e3o de Coordena\u00e7\u00e3o e Desenvolvimento Regional do Algarve, em Faro, a primeira<\/p>\n","protected":false},"author":1,"featured_media":30490,"comment_status":"closed","ping_status":"open","sticky":false,"template":"","format":"standard","meta":{"colormag_page_container_layout":"default_layout","colormag_page_sidebar_layout":"default_layout","_monsterinsights_skip_tracking":false,"_monsterinsights_sitenote_active":false,"_monsterinsights_sitenote_note":"","_monsterinsights_sitenote_category":0,"jetpack_post_was_ever_published":false,"_jetpack_newsletter_access":"","_jetpack_dont_email_post_to_subs":false,"_jetpack_newsletter_tier_id":0,"_jetpack_memberships_contains_paywalled_content":false,"_jetpack_memberships_contains_paid_content":false,"footnotes":"","jetpack_publicize_message":"","jetpack_publicize_feature_enabled":true,"jetpack_social_post_already_shared":true,"jetpack_social_options":{"image_generator_settings":{"template":"highway","default_image_id":0,"font":"","enabled":false},"version":2}},"categories":[5,17],"tags":[36,32,343,48],"class_list":["post-31111","post","type-post","status-publish","format-standard","has-post-thumbnail","hentry","category-ambiente","category-turismo","tag-algarve","tag-ambiente","tag-benagil","tag-lagoa"],"yoast_head":"<!-- This site is optimized with the Yoast SEO plugin v27.4 - https:\/\/yoast.com\/product\/yoast-seo-wordpress\/ -->\n<title>Grupo de Trabalho sobre Grutas de Benagil realizou primeira reuni\u00e3o de trabalho - Algarve 7<\/title>\n<meta name=\"description\" content=\"Grupo de Trabalho sobre Grutas de Benagil realizou primeira reuni\u00e3o de trabalho Ambiente\" \/>\n<meta name=\"robots\" content=\"index, follow, max-snippet:-1, max-image-preview:large, max-video-preview:-1\" \/>\n<link rel=\"canonical\" href=\"https:\/\/algarve7.pt\/index.php\/2023\/09\/grupo-de-trabalho-sobre-grutas-de-benagil-realizou-primeira-reuniao-de-trabalho\/ambiente\/10\/50\/\" \/>\n<meta property=\"og:locale\" content=\"pt_PT\" \/>\n<meta property=\"og:type\" content=\"article\" \/>\n<meta property=\"og:title\" content=\"Grupo de Trabalho sobre Grutas de Benagil realizou primeira reuni\u00e3o de trabalho - Algarve 7\" \/>\n<meta property=\"og:description\" content=\"Grupo de Trabalho sobre Grutas de Benagil realizou primeira reuni\u00e3o de trabalho Ambiente\" \/>\n<meta property=\"og:url\" content=\"https:\/\/algarve7.pt\/index.php\/2023\/09\/grupo-de-trabalho-sobre-grutas-de-benagil-realizou-primeira-reuniao-de-trabalho\/ambiente\/10\/50\/\" \/>\n<meta property=\"og:site_name\" content=\"Algarve 7\" \/>\n<meta property=\"article:publisher\" content=\"https:\/\/www.facebook.com\/algarve7\" \/>\n<meta property=\"article:author\" content=\"https:\/\/www.facebook.com\/algarve7\" \/>\n<meta property=\"article:published_time\" content=\"2023-09-21T09:50:07+00:00\" \/>\n<meta property=\"article:modified_time\" content=\"2023-09-21T09:50:09+00:00\" \/>\n<meta property=\"og:image\" content=\"https:\/\/algarve7.pt\/wp-content\/uploads\/2023\/08\/algar-de-benagil.jpg\" \/>\n\t<meta property=\"og:image:width\" content=\"1000\" \/>\n\t<meta property=\"og:image:height\" content=\"667\" \/>\n\t<meta property=\"og:image:type\" content=\"image\/jpeg\" \/>\n<meta name=\"author\" content=\"Algarve 7\" \/>\n<meta name=\"twitter:card\" content=\"summary_large_image\" \/>\n<meta name=\"twitter:creator\" content=\"@Algarvesete\" \/>\n<meta name=\"twitter:site\" content=\"@Algarvesete\" \/>\n<meta name=\"twitter:label1\" content=\"Escrito por\" \/>\n\t<meta name=\"twitter:data1\" content=\"Algarve 7\" \/>\n\t<meta name=\"twitter:label2\" content=\"Tempo estimado de leitura\" \/>\n\t<meta name=\"twitter:data2\" content=\"3 minutos\" \/>\n<script type=\"application\/ld+json\" class=\"yoast-schema-graph\">{\"@context\":\"https:\\\/\\\/schema.org\",\"@graph\":[{\"@type\":\"Article\",\"@id\":\"https:\\\/\\\/algarve7.pt\\\/index.php\\\/2023\\\/09\\\/grupo-de-trabalho-sobre-grutas-de-benagil-realizou-primeira-reuniao-de-trabalho\\\/ambiente\\\/10\\\/50\\\/#article\",\"isPartOf\":{\"@id\":\"https:\\\/\\\/algarve7.pt\\\/index.php\\\/2023\\\/09\\\/grupo-de-trabalho-sobre-grutas-de-benagil-realizou-primeira-reuniao-de-trabalho\\\/ambiente\\\/10\\\/50\\\/\"},\"author\":{\"name\":\"Algarve 7\",\"@id\":\"https:\\\/\\\/algarve7.pt\\\/#\\\/schema\\\/person\\\/23fa70681308e7b319a3204bcea45e0c\"},\"headline\":\"Grupo de Trabalho sobre Grutas de Benagil realizou primeira reuni\u00e3o de trabalho\",\"datePublished\":\"2023-09-21T09:50:07+00:00\",\"dateModified\":\"2023-09-21T09:50:09+00:00\",\"mainEntityOfPage\":{\"@id\":\"https:\\\/\\\/algarve7.pt\\\/index.php\\\/2023\\\/09\\\/grupo-de-trabalho-sobre-grutas-de-benagil-realizou-primeira-reuniao-de-trabalho\\\/ambiente\\\/10\\\/50\\\/\"},\"wordCount\":455,\"publisher\":{\"@id\":\"https:\\\/\\\/algarve7.pt\\\/#organization\"},\"image\":{\"@id\":\"https:\\\/\\\/algarve7.pt\\\/index.php\\\/2023\\\/09\\\/grupo-de-trabalho-sobre-grutas-de-benagil-realizou-primeira-reuniao-de-trabalho\\\/ambiente\\\/10\\\/50\\\/#primaryimage\"},\"thumbnailUrl\":\"https:\\\/\\\/algarve7.pt\\\/wp-content\\\/uploads\\\/2023\\\/08\\\/algar-de-benagil.jpg\",\"keywords\":[\"Algarve\",\"Ambiente\",\"Benagil\",\"Lagoa\"],\"articleSection\":[\"Ambiente\",\"Turismo\"],\"inLanguage\":\"pt-PT\"},{\"@type\":\"WebPage\",\"@id\":\"https:\\\/\\\/algarve7.pt\\\/index.php\\\/2023\\\/09\\\/grupo-de-trabalho-sobre-grutas-de-benagil-realizou-primeira-reuniao-de-trabalho\\\/ambiente\\\/10\\\/50\\\/\",\"url\":\"https:\\\/\\\/algarve7.pt\\\/index.php\\\/2023\\\/09\\\/grupo-de-trabalho-sobre-grutas-de-benagil-realizou-primeira-reuniao-de-trabalho\\\/ambiente\\\/10\\\/50\\\/\",\"name\":\"Grupo de Trabalho sobre Grutas de Benagil realizou primeira reuni\u00e3o de trabalho - Algarve 7\",\"isPartOf\":{\"@id\":\"https:\\\/\\\/algarve7.pt\\\/#website\"},\"primaryImageOfPage\":{\"@id\":\"https:\\\/\\\/algarve7.pt\\\/index.php\\\/2023\\\/09\\\/grupo-de-trabalho-sobre-grutas-de-benagil-realizou-primeira-reuniao-de-trabalho\\\/ambiente\\\/10\\\/50\\\/#primaryimage\"},\"image\":{\"@id\":\"https:\\\/\\\/algarve7.pt\\\/index.php\\\/2023\\\/09\\\/grupo-de-trabalho-sobre-grutas-de-benagil-realizou-primeira-reuniao-de-trabalho\\\/ambiente\\\/10\\\/50\\\/#primaryimage\"},\"thumbnailUrl\":\"https:\\\/\\\/algarve7.pt\\\/wp-content\\\/uploads\\\/2023\\\/08\\\/algar-de-benagil.jpg\",\"datePublished\":\"2023-09-21T09:50:07+00:00\",\"dateModified\":\"2023-09-21T09:50:09+00:00\",\"description\":\"Grupo de Trabalho sobre Grutas de Benagil realizou primeira reuni\u00e3o de trabalho Ambiente\",\"breadcrumb\":{\"@id\":\"https:\\\/\\\/algarve7.pt\\\/index.php\\\/2023\\\/09\\\/grupo-de-trabalho-sobre-grutas-de-benagil-realizou-primeira-reuniao-de-trabalho\\\/ambiente\\\/10\\\/50\\\/#breadcrumb\"},\"inLanguage\":\"pt-PT\",\"potentialAction\":[{\"@type\":\"ReadAction\",\"target\":[\"https:\\\/\\\/algarve7.pt\\\/index.php\\\/2023\\\/09\\\/grupo-de-trabalho-sobre-grutas-de-benagil-realizou-primeira-reuniao-de-trabalho\\\/ambiente\\\/10\\\/50\\\/\"]}]},{\"@type\":\"ImageObject\",\"inLanguage\":\"pt-PT\",\"@id\":\"https:\\\/\\\/algarve7.pt\\\/index.php\\\/2023\\\/09\\\/grupo-de-trabalho-sobre-grutas-de-benagil-realizou-primeira-reuniao-de-trabalho\\\/ambiente\\\/10\\\/50\\\/#primaryimage\",\"url\":\"https:\\\/\\\/algarve7.pt\\\/wp-content\\\/uploads\\\/2023\\\/08\\\/algar-de-benagil.jpg\",\"contentUrl\":\"https:\\\/\\\/algarve7.pt\\\/wp-content\\\/uploads\\\/2023\\\/08\\\/algar-de-benagil.jpg\",\"width\":1000,\"height\":667},{\"@type\":\"BreadcrumbList\",\"@id\":\"https:\\\/\\\/algarve7.pt\\\/index.php\\\/2023\\\/09\\\/grupo-de-trabalho-sobre-grutas-de-benagil-realizou-primeira-reuniao-de-trabalho\\\/ambiente\\\/10\\\/50\\\/#breadcrumb\",\"itemListElement\":[{\"@type\":\"ListItem\",\"position\":1,\"name\":\"In\u00edcio\",\"item\":\"https:\\\/\\\/algarve7.pt\\\/\"},{\"@type\":\"ListItem\",\"position\":2,\"name\":\"Grupo de Trabalho sobre Grutas de Benagil realizou primeira reuni\u00e3o de trabalho\"}]},{\"@type\":\"WebSite\",\"@id\":\"https:\\\/\\\/algarve7.pt\\\/#website\",\"url\":\"https:\\\/\\\/algarve7.pt\\\/\",\"name\":\"Algarve 7\",\"description\":\"Informa\u00e7\u00e3o sobre o Algarve\",\"publisher\":{\"@id\":\"https:\\\/\\\/algarve7.pt\\\/#organization\"},\"potentialAction\":[{\"@type\":\"SearchAction\",\"target\":{\"@type\":\"EntryPoint\",\"urlTemplate\":\"https:\\\/\\\/algarve7.pt\\\/?s={search_term_string}\"},\"query-input\":{\"@type\":\"PropertyValueSpecification\",\"valueRequired\":true,\"valueName\":\"search_term_string\"}}],\"inLanguage\":\"pt-PT\"},{\"@type\":\"Organization\",\"@id\":\"https:\\\/\\\/algarve7.pt\\\/#organization\",\"name\":\"Algarve 7\",\"url\":\"https:\\\/\\\/algarve7.pt\\\/\",\"logo\":{\"@type\":\"ImageObject\",\"inLanguage\":\"pt-PT\",\"@id\":\"https:\\\/\\\/algarve7.pt\\\/#\\\/schema\\\/logo\\\/image\\\/\",\"url\":\"https:\\\/\\\/algarve7.pt\\\/wp-content\\\/uploads\\\/2020\\\/10\\\/Logo-8.jpg\",\"contentUrl\":\"https:\\\/\\\/algarve7.pt\\\/wp-content\\\/uploads\\\/2020\\\/10\\\/Logo-8.jpg\",\"width\":1680,\"height\":1186,\"caption\":\"Algarve 7\"},\"image\":{\"@id\":\"https:\\\/\\\/algarve7.pt\\\/#\\\/schema\\\/logo\\\/image\\\/\"},\"sameAs\":[\"https:\\\/\\\/www.facebook.com\\\/algarve7\",\"https:\\\/\\\/x.com\\\/Algarvesete\",\"https:\\\/\\\/www.instagram.com\\\/jornalalgarve7\\\/\",\"https:\\\/\\\/www.linkedin.com\\\/company\\\/algarve7\",\"https:\\\/\\\/www.pinterest.pt\\\/geral0939\\\/_created\\\/\"]},{\"@type\":\"Person\",\"@id\":\"https:\\\/\\\/algarve7.pt\\\/#\\\/schema\\\/person\\\/23fa70681308e7b319a3204bcea45e0c\",\"name\":\"Algarve 7\",\"sameAs\":[\"https:\\\/\\\/algarve7.pt\",\"https:\\\/\\\/www.facebook.com\\\/algarve7\"],\"url\":\"https:\\\/\\\/algarve7.pt\\\/index.php\\\/author\\\/geralalgarve7-pt\\\/\"}]}<\/script>\n<!-- \/ Yoast SEO plugin. -->","yoast_head_json":{"title":"Grupo de Trabalho sobre Grutas de Benagil realizou primeira reuni\u00e3o de trabalho - Algarve 7","description":"Grupo de Trabalho sobre Grutas de Benagil realizou primeira reuni\u00e3o de trabalho Ambiente","robots":{"index":"index","follow":"follow","max-snippet":"max-snippet:-1","max-image-preview":"max-image-preview:large","max-video-preview":"max-video-preview:-1"},"canonical":"https:\/\/algarve7.pt\/index.php\/2023\/09\/grupo-de-trabalho-sobre-grutas-de-benagil-realizou-primeira-reuniao-de-trabalho\/ambiente\/10\/50\/","og_locale":"pt_PT","og_type":"article","og_title":"Grupo de Trabalho sobre Grutas de Benagil realizou primeira reuni\u00e3o de trabalho - Algarve 7","og_description":"Grupo de Trabalho sobre Grutas de Benagil realizou primeira reuni\u00e3o de trabalho Ambiente","og_url":"https:\/\/algarve7.pt\/index.php\/2023\/09\/grupo-de-trabalho-sobre-grutas-de-benagil-realizou-primeira-reuniao-de-trabalho\/ambiente\/10\/50\/","og_site_name":"Algarve 7","article_publisher":"https:\/\/www.facebook.com\/algarve7","article_author":"https:\/\/www.facebook.com\/algarve7","article_published_time":"2023-09-21T09:50:07+00:00","article_modified_time":"2023-09-21T09:50:09+00:00","og_image":[{"width":1000,"height":667,"url":"https:\/\/algarve7.pt\/wp-content\/uploads\/2023\/08\/algar-de-benagil.jpg","type":"image\/jpeg"}],"author":"Algarve 7","twitter_card":"summary_large_image","twitter_creator":"@Algarvesete","twitter_site":"@Algarvesete","twitter_misc":{"Escrito por":"Algarve 7","Tempo estimado de leitura":"3 minutos"},"schema":{"@context":"https:\/\/schema.org","@graph":[{"@type":"Article","@id":"https:\/\/algarve7.pt\/index.php\/2023\/09\/grupo-de-trabalho-sobre-grutas-de-benagil-realizou-primeira-reuniao-de-trabalho\/ambiente\/10\/50\/#article","isPartOf":{"@id":"https:\/\/algarve7.pt\/index.php\/2023\/09\/grupo-de-trabalho-sobre-grutas-de-benagil-realizou-primeira-reuniao-de-trabalho\/ambiente\/10\/50\/"},"author":{"name":"Algarve 7","@id":"https:\/\/algarve7.pt\/#\/schema\/person\/23fa70681308e7b319a3204bcea45e0c"},"headline":"Grupo de Trabalho sobre Grutas de Benagil realizou primeira reuni\u00e3o de trabalho","datePublished":"2023-09-21T09:50:07+00:00","dateModified":"2023-09-21T09:50:09+00:00","mainEntityOfPage":{"@id":"https:\/\/algarve7.pt\/index.php\/2023\/09\/grupo-de-trabalho-sobre-grutas-de-benagil-realizou-primeira-reuniao-de-trabalho\/ambiente\/10\/50\/"},"wordCount":455,"publisher":{"@id":"https:\/\/algarve7.pt\/#organization"},"image":{"@id":"https:\/\/algarve7.pt\/index.php\/2023\/09\/grupo-de-trabalho-sobre-grutas-de-benagil-realizou-primeira-reuniao-de-trabalho\/ambiente\/10\/50\/#primaryimage"},"thumbnailUrl":"https:\/\/algarve7.pt\/wp-content\/uploads\/2023\/08\/algar-de-benagil.jpg","keywords":["Algarve","Ambiente","Benagil","Lagoa"],"articleSection":["Ambiente","Turismo"],"inLanguage":"pt-PT"},{"@type":"WebPage","@id":"https:\/\/algarve7.pt\/index.php\/2023\/09\/grupo-de-trabalho-sobre-grutas-de-benagil-realizou-primeira-reuniao-de-trabalho\/ambiente\/10\/50\/","url":"https:\/\/algarve7.pt\/index.php\/2023\/09\/grupo-de-trabalho-sobre-grutas-de-benagil-realizou-primeira-reuniao-de-trabalho\/ambiente\/10\/50\/","name":"Grupo de Trabalho sobre Grutas de Benagil realizou primeira reuni\u00e3o de trabalho - Algarve 7","isPartOf":{"@id":"https:\/\/algarve7.pt\/#website"},"primaryImageOfPage":{"@id":"https:\/\/algarve7.pt\/index.php\/2023\/09\/grupo-de-trabalho-sobre-grutas-de-benagil-realizou-primeira-reuniao-de-trabalho\/ambiente\/10\/50\/#primaryimage"},"image":{"@id":"https:\/\/algarve7.pt\/index.php\/2023\/09\/grupo-de-trabalho-sobre-grutas-de-benagil-realizou-primeira-reuniao-de-trabalho\/ambiente\/10\/50\/#primaryimage"},"thumbnailUrl":"https:\/\/algarve7.pt\/wp-content\/uploads\/2023\/08\/algar-de-benagil.jpg","datePublished":"2023-09-21T09:50:07+00:00","dateModified":"2023-09-21T09:50:09+00:00","description":"Grupo de Trabalho sobre Grutas de Benagil realizou primeira reuni\u00e3o de trabalho Ambiente","breadcrumb":{"@id":"https:\/\/algarve7.pt\/index.php\/2023\/09\/grupo-de-trabalho-sobre-grutas-de-benagil-realizou-primeira-reuniao-de-trabalho\/ambiente\/10\/50\/#breadcrumb"},"inLanguage":"pt-PT","potentialAction":[{"@type":"ReadAction","target":["https:\/\/algarve7.pt\/index.php\/2023\/09\/grupo-de-trabalho-sobre-grutas-de-benagil-realizou-primeira-reuniao-de-trabalho\/ambiente\/10\/50\/"]}]},{"@type":"ImageObject","inLanguage":"pt-PT","@id":"https:\/\/algarve7.pt\/index.php\/2023\/09\/grupo-de-trabalho-sobre-grutas-de-benagil-realizou-primeira-reuniao-de-trabalho\/ambiente\/10\/50\/#primaryimage","url":"https:\/\/algarve7.pt\/wp-content\/uploads\/2023\/08\/algar-de-benagil.jpg","contentUrl":"https:\/\/algarve7.pt\/wp-content\/uploads\/2023\/08\/algar-de-benagil.jpg","width":1000,"height":667},{"@type":"BreadcrumbList","@id":"https:\/\/algarve7.pt\/index.php\/2023\/09\/grupo-de-trabalho-sobre-grutas-de-benagil-realizou-primeira-reuniao-de-trabalho\/ambiente\/10\/50\/#breadcrumb","itemListElement":[{"@type":"ListItem","position":1,"name":"In\u00edcio","item":"https:\/\/algarve7.pt\/"},{"@type":"ListItem","position":2,"name":"Grupo de Trabalho sobre Grutas de Benagil realizou primeira reuni\u00e3o de trabalho"}]},{"@type":"WebSite","@id":"https:\/\/algarve7.pt\/#website","url":"https:\/\/algarve7.pt\/","name":"Algarve 7","description":"Informa\u00e7\u00e3o sobre o Algarve","publisher":{"@id":"https:\/\/algarve7.pt\/#organization"},"potentialAction":[{"@type":"SearchAction","target":{"@type":"EntryPoint","urlTemplate":"https:\/\/algarve7.pt\/?s={search_term_string}"},"query-input":{"@type":"PropertyValueSpecification","valueRequired":true,"valueName":"search_term_string"}}],"inLanguage":"pt-PT"},{"@type":"Organization","@id":"https:\/\/algarve7.pt\/#organization","name":"Algarve 7","url":"https:\/\/algarve7.pt\/","logo":{"@type":"ImageObject","inLanguage":"pt-PT","@id":"https:\/\/algarve7.pt\/#\/schema\/logo\/image\/","url":"https:\/\/algarve7.pt\/wp-content\/uploads\/2020\/10\/Logo-8.jpg","contentUrl":"https:\/\/algarve7.pt\/wp-content\/uploads\/2020\/10\/Logo-8.jpg","width":1680,"height":1186,"caption":"Algarve 7"},"image":{"@id":"https:\/\/algarve7.pt\/#\/schema\/logo\/image\/"},"sameAs":["https:\/\/www.facebook.com\/algarve7","https:\/\/x.com\/Algarvesete","https:\/\/www.instagram.com\/jornalalgarve7\/","https:\/\/www.linkedin.com\/company\/algarve7","https:\/\/www.pinterest.pt\/geral0939\/_created\/"]},{"@type":"Person","@id":"https:\/\/algarve7.pt\/#\/schema\/person\/23fa70681308e7b319a3204bcea45e0c","name":"Algarve 7","sameAs":["https:\/\/algarve7.pt","https:\/\/www.facebook.com\/algarve7"],"url":"https:\/\/algarve7.pt\/index.php\/author\/geralalgarve7-pt\/"}]}},"jetpack_publicize_connections":[],"jetpack_featured_media_url":"https:\/\/algarve7.pt\/wp-content\/uploads\/2023\/08\/algar-de-benagil.jpg","jetpack_shortlink":"https:\/\/wp.me\/pcezmW-85N","jetpack_sharing_enabled":true,"_links":{"self":[{"href":"https:\/\/algarve7.pt\/index.php\/wp-json\/wp\/v2\/posts\/31111","targetHints":{"allow":["GET"]}}],"collection":[{"href":"https:\/\/algarve7.pt\/index.php\/wp-json\/wp\/v2\/posts"}],"about":[{"href":"https:\/\/algarve7.pt\/index.php\/wp-json\/wp\/v2\/types\/post"}],"author":[{"embeddable":true,"href":"https:\/\/algarve7.pt\/index.php\/wp-json\/wp\/v2\/users\/1"}],"replies":[{"embeddable":true,"href":"https:\/\/algarve7.pt\/index.php\/wp-json\/wp\/v2\/comments?post=31111"}],"version-history":[{"count":0,"href":"https:\/\/algarve7.pt\/index.php\/wp-json\/wp\/v2\/posts\/31111\/revisions"}],"wp:featuredmedia":[{"embeddable":true,"href":"https:\/\/algarve7.pt\/index.php\/wp-json\/wp\/v2\/media\/30490"}],"wp:attachment":[{"href":"https:\/\/algarve7.pt\/index.php\/wp-json\/wp\/v2\/media?parent=31111"}],"wp:term":[{"taxonomy":"category","embeddable":true,"href":"https:\/\/algarve7.pt\/index.php\/wp-json\/wp\/v2\/categories?post=31111"},{"taxonomy":"post_tag","embeddable":true,"href":"https:\/\/algarve7.pt\/index.php\/wp-json\/wp\/v2\/tags?post=31111"}],"curies":[{"name":"wp","href":"https:\/\/api.w.org\/{rel}","templated":true}]}}