{"id":31068,"date":"2023-09-21T10:29:00","date_gmt":"2023-09-21T09:29:00","guid":{"rendered":"https:\/\/algarve7.pt\/?p=31068"},"modified":"2023-09-20T19:31:03","modified_gmt":"2023-09-20T18:31:03","slug":"aberto-concurso-publico-para-a-instalacao-e-exploracao-de-pontos-de-carregamentos-de-baterias-de-veiculos-eletricos-no-concelho-de-silves","status":"publish","type":"post","link":"https:\/\/algarve7.pt\/index.php\/2023\/09\/aberto-concurso-publico-para-a-instalacao-e-exploracao-de-pontos-de-carregamentos-de-baterias-de-veiculos-eletricos-no-concelho-de-silves\/atualidade\/10\/29\/","title":{"rendered":"Aberto concurso p\u00fablico para a instala\u00e7\u00e3o e explora\u00e7\u00e3o de pontos de carregamentos de baterias de ve\u00edculos el\u00e9tricos no Concelho de Silves"},"content":{"rendered":"\n<p>No \u00e2mbito das iniciativas, e do tema proposto, para a Semana Europeia da Mobilidade 2023 \u201cEfici\u00eancia Energ\u00e9tica\u201d, o Munic\u00edpio de Silves, informa que encontra-se aberto o concurso p\u00fablico para atribui\u00e7\u00e3o do direito de explora\u00e7\u00e3o do uso privativo de espa\u00e7o p\u00fablico para a instala\u00e7\u00e3o de 14 pontos de carregamento de baterias de ve\u00edculos el\u00e9tricos no Concelho de Silves.<\/p>\n\n\n\n<p>A mobilidade urbana, nas suas diferentes dimens\u00f5es, estabelece uma rela\u00e7\u00e3o direta com a sustentabilidade do territ\u00f3rio, designadamente, por via do peso que os transportes e as infraestruturas a estes associadas assumem. Assim, melhorar as condi\u00e7\u00f5es de mobilidade do territ\u00f3rio constitui uma pol\u00edtica ativa p\u00fablica de promo\u00e7\u00e3o do desenvolvimento sustent\u00e1vel.<\/p>\n\n\n\n<p>A iniciativa pretende refor\u00e7ar a oferta de estruturas de carregamento de ve\u00edculos el\u00e9tricos no concelho, concretamente com a instala\u00e7\u00e3o de mais pontos de carregamento e ve\u00edculos el\u00e9tricos nos principais aglomerados do concelho, melhorando assim as condi\u00e7\u00f5es de funcionalidade e atratividade deste tipo de ve\u00edculos.<\/p>\n\n\n\n<p>Este projeto posiciona-se em linha com os Objetivos de Desenvolvimento Sustent\u00e1vel, ao promover, o acesso e o investimento em energia limpa (ODS 7.a), contribuindo, consequentemente, para a redu\u00e7\u00e3o do impacte ambiental negativo nas cidades (ODS 11.6). Do mesmo modo permite a cria\u00e7\u00e3o de condi\u00e7\u00f5es para o acesso universal aos servi\u00e7os modernos de energia (ODS 7.1), refor\u00e7ando a promo\u00e7\u00e3o de estilos de vida mais sustent\u00e1veis (12.8), nomeadamente ao n\u00edvel da mobilidade.<\/p>\n\n\n\n<p>Assim, o Munic\u00edpio de Silves refor\u00e7a o seu papel no processo de descarboniza\u00e7\u00e3o que se imp\u00f5e, particularmente no contexto da adapta\u00e7\u00e3o \u00e0s altera\u00e7\u00f5es clim\u00e1ticas, por via da promo\u00e7\u00e3o da efici\u00eancia energ\u00e9tica na circula\u00e7\u00e3o, da sa\u00fade p\u00fablica e do ambiente urbano dos nossos aglomerados.<\/p>\n\n\n\n<p>Os interessados dever\u00e3o consultar a publica\u00e7\u00e3o em Di\u00e1rio da Rep\u00fablica n.\u00ba 167\/2023, S\u00e9rie II de 2023-08-29, an\u00fancio de procedimento n.\u00ba 14426\/2023, de 29 de agosto, dispon\u00edvel aqui (https:\/\/diariodarepublica.pt\/dr\/detalhe\/anuncio-procedimento\/14426-2023-221029907)<\/p>\n","protected":false},"excerpt":{"rendered":"<p>No \u00e2mbito das iniciativas, e do tema proposto, para a Semana Europeia da Mobilidade 2023 \u201cEfici\u00eancia Energ\u00e9tica\u201d, o Munic\u00edpio de<\/p>\n","protected":false},"author":1,"featured_media":31069,"comment_status":"closed","ping_status":"open","sticky":false,"template":"","format":"standard","meta":{"colormag_page_container_layout":"default_layout","colormag_page_sidebar_layout":"default_layout","_monsterinsights_skip_tracking":false,"_monsterinsights_sitenote_active":false,"_monsterinsights_sitenote_note":"","_monsterinsights_sitenote_category":0,"jetpack_post_was_ever_published":false,"_jetpack_newsletter_access":"","_jetpack_dont_email_post_to_subs":false,"_jetpack_newsletter_tier_id":0,"_jetpack_memberships_contains_paywalled_content":false,"_jetpack_memberships_contains_paid_content":false,"footnotes":"","jetpack_publicize_message":"","jetpack_publicize_feature_enabled":true,"jetpack_social_post_already_shared":true,"jetpack_social_options":{"image_generator_settings":{"template":"highway","default_image_id":0,"font":"","enabled":false},"version":2}},"categories":[11],"tags":[36,62,42],"class_list":["post-31068","post","type-post","status-publish","format-standard","has-post-thumbnail","hentry","category-atualidade","tag-algarve","tag-atualidade","tag-silves"],"yoast_head":"<!-- This site is optimized with the Yoast SEO plugin v27.4 - https:\/\/yoast.com\/product\/yoast-seo-wordpress\/ -->\n<title>Aberto concurso p\u00fablico para a instala\u00e7\u00e3o e explora\u00e7\u00e3o de pontos de carregamentos de baterias de ve\u00edculos el\u00e9tricos no Concelho de Silves - Algarve 7<\/title>\n<meta name=\"description\" content=\"Aberto concurso p\u00fablico para a instala\u00e7\u00e3o e explora\u00e7\u00e3o de pontos de carregamentos de baterias de ve\u00edculos el\u00e9tricos no Concelho de Silves Atualidade\" \/>\n<meta name=\"robots\" content=\"index, follow, max-snippet:-1, max-image-preview:large, max-video-preview:-1\" \/>\n<link rel=\"canonical\" href=\"https:\/\/algarve7.pt\/index.php\/2023\/09\/aberto-concurso-publico-para-a-instalacao-e-exploracao-de-pontos-de-carregamentos-de-baterias-de-veiculos-eletricos-no-concelho-de-silves\/atualidade\/10\/29\/\" \/>\n<meta property=\"og:locale\" content=\"pt_PT\" \/>\n<meta property=\"og:type\" content=\"article\" \/>\n<meta property=\"og:title\" content=\"Aberto concurso p\u00fablico para a instala\u00e7\u00e3o e explora\u00e7\u00e3o de pontos de carregamentos de baterias de ve\u00edculos el\u00e9tricos no Concelho de Silves - Algarve 7\" \/>\n<meta property=\"og:description\" content=\"Aberto concurso p\u00fablico para a instala\u00e7\u00e3o e explora\u00e7\u00e3o de pontos de carregamentos de baterias de ve\u00edculos el\u00e9tricos no Concelho de Silves Atualidade\" \/>\n<meta property=\"og:url\" content=\"https:\/\/algarve7.pt\/index.php\/2023\/09\/aberto-concurso-publico-para-a-instalacao-e-exploracao-de-pontos-de-carregamentos-de-baterias-de-veiculos-eletricos-no-concelho-de-silves\/atualidade\/10\/29\/\" \/>\n<meta property=\"og:site_name\" content=\"Algarve 7\" \/>\n<meta property=\"article:publisher\" content=\"https:\/\/www.facebook.com\/algarve7\" \/>\n<meta property=\"article:author\" content=\"https:\/\/www.facebook.com\/algarve7\" \/>\n<meta property=\"article:published_time\" content=\"2023-09-21T09:29:00+00:00\" \/>\n<meta property=\"og:image\" content=\"https:\/\/algarve7.pt\/wp-content\/uploads\/2023\/09\/NOTICIA_SEM2023_carregamentos-veiculos-electricos.jpg\" \/>\n\t<meta property=\"og:image:width\" content=\"1024\" \/>\n\t<meta property=\"og:image:height\" content=\"496\" \/>\n\t<meta property=\"og:image:type\" content=\"image\/jpeg\" \/>\n<meta name=\"author\" content=\"Algarve 7\" \/>\n<meta name=\"twitter:card\" content=\"summary_large_image\" \/>\n<meta name=\"twitter:creator\" content=\"@Algarvesete\" \/>\n<meta name=\"twitter:site\" content=\"@Algarvesete\" \/>\n<meta name=\"twitter:label1\" content=\"Escrito por\" \/>\n\t<meta name=\"twitter:data1\" content=\"Algarve 7\" \/>\n\t<meta name=\"twitter:label2\" content=\"Tempo estimado de leitura\" \/>\n\t<meta name=\"twitter:data2\" content=\"2 minutos\" \/>\n<script type=\"application\/ld+json\" class=\"yoast-schema-graph\">{\"@context\":\"https:\\\/\\\/schema.org\",\"@graph\":[{\"@type\":\"Article\",\"@id\":\"https:\\\/\\\/algarve7.pt\\\/index.php\\\/2023\\\/09\\\/aberto-concurso-publico-para-a-instalacao-e-exploracao-de-pontos-de-carregamentos-de-baterias-de-veiculos-eletricos-no-concelho-de-silves\\\/atualidade\\\/10\\\/29\\\/#article\",\"isPartOf\":{\"@id\":\"https:\\\/\\\/algarve7.pt\\\/index.php\\\/2023\\\/09\\\/aberto-concurso-publico-para-a-instalacao-e-exploracao-de-pontos-de-carregamentos-de-baterias-de-veiculos-eletricos-no-concelho-de-silves\\\/atualidade\\\/10\\\/29\\\/\"},\"author\":{\"name\":\"Algarve 7\",\"@id\":\"https:\\\/\\\/algarve7.pt\\\/#\\\/schema\\\/person\\\/23fa70681308e7b319a3204bcea45e0c\"},\"headline\":\"Aberto concurso p\u00fablico para a instala\u00e7\u00e3o e explora\u00e7\u00e3o de pontos de carregamentos de baterias de ve\u00edculos el\u00e9tricos no Concelho de Silves\",\"datePublished\":\"2023-09-21T09:29:00+00:00\",\"mainEntityOfPage\":{\"@id\":\"https:\\\/\\\/algarve7.pt\\\/index.php\\\/2023\\\/09\\\/aberto-concurso-publico-para-a-instalacao-e-exploracao-de-pontos-de-carregamentos-de-baterias-de-veiculos-eletricos-no-concelho-de-silves\\\/atualidade\\\/10\\\/29\\\/\"},\"wordCount\":374,\"publisher\":{\"@id\":\"https:\\\/\\\/algarve7.pt\\\/#organization\"},\"image\":{\"@id\":\"https:\\\/\\\/algarve7.pt\\\/index.php\\\/2023\\\/09\\\/aberto-concurso-publico-para-a-instalacao-e-exploracao-de-pontos-de-carregamentos-de-baterias-de-veiculos-eletricos-no-concelho-de-silves\\\/atualidade\\\/10\\\/29\\\/#primaryimage\"},\"thumbnailUrl\":\"https:\\\/\\\/algarve7.pt\\\/wp-content\\\/uploads\\\/2023\\\/09\\\/NOTICIA_SEM2023_carregamentos-veiculos-electricos.jpg\",\"keywords\":[\"Algarve\",\"Atualidade\",\"Silves\"],\"articleSection\":[\"Atualidade\"],\"inLanguage\":\"pt-PT\"},{\"@type\":\"WebPage\",\"@id\":\"https:\\\/\\\/algarve7.pt\\\/index.php\\\/2023\\\/09\\\/aberto-concurso-publico-para-a-instalacao-e-exploracao-de-pontos-de-carregamentos-de-baterias-de-veiculos-eletricos-no-concelho-de-silves\\\/atualidade\\\/10\\\/29\\\/\",\"url\":\"https:\\\/\\\/algarve7.pt\\\/index.php\\\/2023\\\/09\\\/aberto-concurso-publico-para-a-instalacao-e-exploracao-de-pontos-de-carregamentos-de-baterias-de-veiculos-eletricos-no-concelho-de-silves\\\/atualidade\\\/10\\\/29\\\/\",\"name\":\"Aberto concurso p\u00fablico para a instala\u00e7\u00e3o e explora\u00e7\u00e3o de pontos de carregamentos de baterias de ve\u00edculos el\u00e9tricos no Concelho de Silves - Algarve 7\",\"isPartOf\":{\"@id\":\"https:\\\/\\\/algarve7.pt\\\/#website\"},\"primaryImageOfPage\":{\"@id\":\"https:\\\/\\\/algarve7.pt\\\/index.php\\\/2023\\\/09\\\/aberto-concurso-publico-para-a-instalacao-e-exploracao-de-pontos-de-carregamentos-de-baterias-de-veiculos-eletricos-no-concelho-de-silves\\\/atualidade\\\/10\\\/29\\\/#primaryimage\"},\"image\":{\"@id\":\"https:\\\/\\\/algarve7.pt\\\/index.php\\\/2023\\\/09\\\/aberto-concurso-publico-para-a-instalacao-e-exploracao-de-pontos-de-carregamentos-de-baterias-de-veiculos-eletricos-no-concelho-de-silves\\\/atualidade\\\/10\\\/29\\\/#primaryimage\"},\"thumbnailUrl\":\"https:\\\/\\\/algarve7.pt\\\/wp-content\\\/uploads\\\/2023\\\/09\\\/NOTICIA_SEM2023_carregamentos-veiculos-electricos.jpg\",\"datePublished\":\"2023-09-21T09:29:00+00:00\",\"description\":\"Aberto concurso p\u00fablico para a instala\u00e7\u00e3o e explora\u00e7\u00e3o de pontos de carregamentos de baterias de ve\u00edculos el\u00e9tricos no Concelho de Silves Atualidade\",\"breadcrumb\":{\"@id\":\"https:\\\/\\\/algarve7.pt\\\/index.php\\\/2023\\\/09\\\/aberto-concurso-publico-para-a-instalacao-e-exploracao-de-pontos-de-carregamentos-de-baterias-de-veiculos-eletricos-no-concelho-de-silves\\\/atualidade\\\/10\\\/29\\\/#breadcrumb\"},\"inLanguage\":\"pt-PT\",\"potentialAction\":[{\"@type\":\"ReadAction\",\"target\":[\"https:\\\/\\\/algarve7.pt\\\/index.php\\\/2023\\\/09\\\/aberto-concurso-publico-para-a-instalacao-e-exploracao-de-pontos-de-carregamentos-de-baterias-de-veiculos-eletricos-no-concelho-de-silves\\\/atualidade\\\/10\\\/29\\\/\"]}]},{\"@type\":\"ImageObject\",\"inLanguage\":\"pt-PT\",\"@id\":\"https:\\\/\\\/algarve7.pt\\\/index.php\\\/2023\\\/09\\\/aberto-concurso-publico-para-a-instalacao-e-exploracao-de-pontos-de-carregamentos-de-baterias-de-veiculos-eletricos-no-concelho-de-silves\\\/atualidade\\\/10\\\/29\\\/#primaryimage\",\"url\":\"https:\\\/\\\/algarve7.pt\\\/wp-content\\\/uploads\\\/2023\\\/09\\\/NOTICIA_SEM2023_carregamentos-veiculos-electricos.jpg\",\"contentUrl\":\"https:\\\/\\\/algarve7.pt\\\/wp-content\\\/uploads\\\/2023\\\/09\\\/NOTICIA_SEM2023_carregamentos-veiculos-electricos.jpg\",\"width\":1024,\"height\":496},{\"@type\":\"BreadcrumbList\",\"@id\":\"https:\\\/\\\/algarve7.pt\\\/index.php\\\/2023\\\/09\\\/aberto-concurso-publico-para-a-instalacao-e-exploracao-de-pontos-de-carregamentos-de-baterias-de-veiculos-eletricos-no-concelho-de-silves\\\/atualidade\\\/10\\\/29\\\/#breadcrumb\",\"itemListElement\":[{\"@type\":\"ListItem\",\"position\":1,\"name\":\"In\u00edcio\",\"item\":\"https:\\\/\\\/algarve7.pt\\\/\"},{\"@type\":\"ListItem\",\"position\":2,\"name\":\"Aberto concurso p\u00fablico para a instala\u00e7\u00e3o e explora\u00e7\u00e3o de pontos de carregamentos de baterias de ve\u00edculos el\u00e9tricos no Concelho de Silves\"}]},{\"@type\":\"WebSite\",\"@id\":\"https:\\\/\\\/algarve7.pt\\\/#website\",\"url\":\"https:\\\/\\\/algarve7.pt\\\/\",\"name\":\"Algarve 7\",\"description\":\"Informa\u00e7\u00e3o sobre o Algarve\",\"publisher\":{\"@id\":\"https:\\\/\\\/algarve7.pt\\\/#organization\"},\"potentialAction\":[{\"@type\":\"SearchAction\",\"target\":{\"@type\":\"EntryPoint\",\"urlTemplate\":\"https:\\\/\\\/algarve7.pt\\\/?s={search_term_string}\"},\"query-input\":{\"@type\":\"PropertyValueSpecification\",\"valueRequired\":true,\"valueName\":\"search_term_string\"}}],\"inLanguage\":\"pt-PT\"},{\"@type\":\"Organization\",\"@id\":\"https:\\\/\\\/algarve7.pt\\\/#organization\",\"name\":\"Algarve 7\",\"url\":\"https:\\\/\\\/algarve7.pt\\\/\",\"logo\":{\"@type\":\"ImageObject\",\"inLanguage\":\"pt-PT\",\"@id\":\"https:\\\/\\\/algarve7.pt\\\/#\\\/schema\\\/logo\\\/image\\\/\",\"url\":\"https:\\\/\\\/algarve7.pt\\\/wp-content\\\/uploads\\\/2020\\\/10\\\/Logo-8.jpg\",\"contentUrl\":\"https:\\\/\\\/algarve7.pt\\\/wp-content\\\/uploads\\\/2020\\\/10\\\/Logo-8.jpg\",\"width\":1680,\"height\":1186,\"caption\":\"Algarve 7\"},\"image\":{\"@id\":\"https:\\\/\\\/algarve7.pt\\\/#\\\/schema\\\/logo\\\/image\\\/\"},\"sameAs\":[\"https:\\\/\\\/www.facebook.com\\\/algarve7\",\"https:\\\/\\\/x.com\\\/Algarvesete\",\"https:\\\/\\\/www.instagram.com\\\/jornalalgarve7\\\/\",\"https:\\\/\\\/www.linkedin.com\\\/company\\\/algarve7\",\"https:\\\/\\\/www.pinterest.pt\\\/geral0939\\\/_created\\\/\"]},{\"@type\":\"Person\",\"@id\":\"https:\\\/\\\/algarve7.pt\\\/#\\\/schema\\\/person\\\/23fa70681308e7b319a3204bcea45e0c\",\"name\":\"Algarve 7\",\"sameAs\":[\"https:\\\/\\\/algarve7.pt\",\"https:\\\/\\\/www.facebook.com\\\/algarve7\"],\"url\":\"https:\\\/\\\/algarve7.pt\\\/index.php\\\/author\\\/geralalgarve7-pt\\\/\"}]}<\/script>\n<!-- \/ Yoast SEO plugin. -->","yoast_head_json":{"title":"Aberto concurso p\u00fablico para a instala\u00e7\u00e3o e explora\u00e7\u00e3o de pontos de carregamentos de baterias de ve\u00edculos el\u00e9tricos no Concelho de Silves - Algarve 7","description":"Aberto concurso p\u00fablico para a instala\u00e7\u00e3o e explora\u00e7\u00e3o de pontos de carregamentos de baterias de ve\u00edculos el\u00e9tricos no Concelho de Silves Atualidade","robots":{"index":"index","follow":"follow","max-snippet":"max-snippet:-1","max-image-preview":"max-image-preview:large","max-video-preview":"max-video-preview:-1"},"canonical":"https:\/\/algarve7.pt\/index.php\/2023\/09\/aberto-concurso-publico-para-a-instalacao-e-exploracao-de-pontos-de-carregamentos-de-baterias-de-veiculos-eletricos-no-concelho-de-silves\/atualidade\/10\/29\/","og_locale":"pt_PT","og_type":"article","og_title":"Aberto concurso p\u00fablico para a instala\u00e7\u00e3o e explora\u00e7\u00e3o de pontos de carregamentos de baterias de ve\u00edculos el\u00e9tricos no Concelho de Silves - Algarve 7","og_description":"Aberto concurso p\u00fablico para a instala\u00e7\u00e3o e explora\u00e7\u00e3o de pontos de carregamentos de baterias de ve\u00edculos el\u00e9tricos no Concelho de Silves Atualidade","og_url":"https:\/\/algarve7.pt\/index.php\/2023\/09\/aberto-concurso-publico-para-a-instalacao-e-exploracao-de-pontos-de-carregamentos-de-baterias-de-veiculos-eletricos-no-concelho-de-silves\/atualidade\/10\/29\/","og_site_name":"Algarve 7","article_publisher":"https:\/\/www.facebook.com\/algarve7","article_author":"https:\/\/www.facebook.com\/algarve7","article_published_time":"2023-09-21T09:29:00+00:00","og_image":[{"width":1024,"height":496,"url":"https:\/\/algarve7.pt\/wp-content\/uploads\/2023\/09\/NOTICIA_SEM2023_carregamentos-veiculos-electricos.jpg","type":"image\/jpeg"}],"author":"Algarve 7","twitter_card":"summary_large_image","twitter_creator":"@Algarvesete","twitter_site":"@Algarvesete","twitter_misc":{"Escrito por":"Algarve 7","Tempo estimado de leitura":"2 minutos"},"schema":{"@context":"https:\/\/schema.org","@graph":[{"@type":"Article","@id":"https:\/\/algarve7.pt\/index.php\/2023\/09\/aberto-concurso-publico-para-a-instalacao-e-exploracao-de-pontos-de-carregamentos-de-baterias-de-veiculos-eletricos-no-concelho-de-silves\/atualidade\/10\/29\/#article","isPartOf":{"@id":"https:\/\/algarve7.pt\/index.php\/2023\/09\/aberto-concurso-publico-para-a-instalacao-e-exploracao-de-pontos-de-carregamentos-de-baterias-de-veiculos-eletricos-no-concelho-de-silves\/atualidade\/10\/29\/"},"author":{"name":"Algarve 7","@id":"https:\/\/algarve7.pt\/#\/schema\/person\/23fa70681308e7b319a3204bcea45e0c"},"headline":"Aberto concurso p\u00fablico para a instala\u00e7\u00e3o e explora\u00e7\u00e3o de pontos de carregamentos de baterias de ve\u00edculos el\u00e9tricos no Concelho de Silves","datePublished":"2023-09-21T09:29:00+00:00","mainEntityOfPage":{"@id":"https:\/\/algarve7.pt\/index.php\/2023\/09\/aberto-concurso-publico-para-a-instalacao-e-exploracao-de-pontos-de-carregamentos-de-baterias-de-veiculos-eletricos-no-concelho-de-silves\/atualidade\/10\/29\/"},"wordCount":374,"publisher":{"@id":"https:\/\/algarve7.pt\/#organization"},"image":{"@id":"https:\/\/algarve7.pt\/index.php\/2023\/09\/aberto-concurso-publico-para-a-instalacao-e-exploracao-de-pontos-de-carregamentos-de-baterias-de-veiculos-eletricos-no-concelho-de-silves\/atualidade\/10\/29\/#primaryimage"},"thumbnailUrl":"https:\/\/algarve7.pt\/wp-content\/uploads\/2023\/09\/NOTICIA_SEM2023_carregamentos-veiculos-electricos.jpg","keywords":["Algarve","Atualidade","Silves"],"articleSection":["Atualidade"],"inLanguage":"pt-PT"},{"@type":"WebPage","@id":"https:\/\/algarve7.pt\/index.php\/2023\/09\/aberto-concurso-publico-para-a-instalacao-e-exploracao-de-pontos-de-carregamentos-de-baterias-de-veiculos-eletricos-no-concelho-de-silves\/atualidade\/10\/29\/","url":"https:\/\/algarve7.pt\/index.php\/2023\/09\/aberto-concurso-publico-para-a-instalacao-e-exploracao-de-pontos-de-carregamentos-de-baterias-de-veiculos-eletricos-no-concelho-de-silves\/atualidade\/10\/29\/","name":"Aberto concurso p\u00fablico para a instala\u00e7\u00e3o e explora\u00e7\u00e3o de pontos de carregamentos de baterias de ve\u00edculos el\u00e9tricos no Concelho de Silves - Algarve 7","isPartOf":{"@id":"https:\/\/algarve7.pt\/#website"},"primaryImageOfPage":{"@id":"https:\/\/algarve7.pt\/index.php\/2023\/09\/aberto-concurso-publico-para-a-instalacao-e-exploracao-de-pontos-de-carregamentos-de-baterias-de-veiculos-eletricos-no-concelho-de-silves\/atualidade\/10\/29\/#primaryimage"},"image":{"@id":"https:\/\/algarve7.pt\/index.php\/2023\/09\/aberto-concurso-publico-para-a-instalacao-e-exploracao-de-pontos-de-carregamentos-de-baterias-de-veiculos-eletricos-no-concelho-de-silves\/atualidade\/10\/29\/#primaryimage"},"thumbnailUrl":"https:\/\/algarve7.pt\/wp-content\/uploads\/2023\/09\/NOTICIA_SEM2023_carregamentos-veiculos-electricos.jpg","datePublished":"2023-09-21T09:29:00+00:00","description":"Aberto concurso p\u00fablico para a instala\u00e7\u00e3o e explora\u00e7\u00e3o de pontos de carregamentos de baterias de ve\u00edculos el\u00e9tricos no Concelho de Silves Atualidade","breadcrumb":{"@id":"https:\/\/algarve7.pt\/index.php\/2023\/09\/aberto-concurso-publico-para-a-instalacao-e-exploracao-de-pontos-de-carregamentos-de-baterias-de-veiculos-eletricos-no-concelho-de-silves\/atualidade\/10\/29\/#breadcrumb"},"inLanguage":"pt-PT","potentialAction":[{"@type":"ReadAction","target":["https:\/\/algarve7.pt\/index.php\/2023\/09\/aberto-concurso-publico-para-a-instalacao-e-exploracao-de-pontos-de-carregamentos-de-baterias-de-veiculos-eletricos-no-concelho-de-silves\/atualidade\/10\/29\/"]}]},{"@type":"ImageObject","inLanguage":"pt-PT","@id":"https:\/\/algarve7.pt\/index.php\/2023\/09\/aberto-concurso-publico-para-a-instalacao-e-exploracao-de-pontos-de-carregamentos-de-baterias-de-veiculos-eletricos-no-concelho-de-silves\/atualidade\/10\/29\/#primaryimage","url":"https:\/\/algarve7.pt\/wp-content\/uploads\/2023\/09\/NOTICIA_SEM2023_carregamentos-veiculos-electricos.jpg","contentUrl":"https:\/\/algarve7.pt\/wp-content\/uploads\/2023\/09\/NOTICIA_SEM2023_carregamentos-veiculos-electricos.jpg","width":1024,"height":496},{"@type":"BreadcrumbList","@id":"https:\/\/algarve7.pt\/index.php\/2023\/09\/aberto-concurso-publico-para-a-instalacao-e-exploracao-de-pontos-de-carregamentos-de-baterias-de-veiculos-eletricos-no-concelho-de-silves\/atualidade\/10\/29\/#breadcrumb","itemListElement":[{"@type":"ListItem","position":1,"name":"In\u00edcio","item":"https:\/\/algarve7.pt\/"},{"@type":"ListItem","position":2,"name":"Aberto concurso p\u00fablico para a instala\u00e7\u00e3o e explora\u00e7\u00e3o de pontos de carregamentos de baterias de ve\u00edculos el\u00e9tricos no Concelho de Silves"}]},{"@type":"WebSite","@id":"https:\/\/algarve7.pt\/#website","url":"https:\/\/algarve7.pt\/","name":"Algarve 7","description":"Informa\u00e7\u00e3o sobre o Algarve","publisher":{"@id":"https:\/\/algarve7.pt\/#organization"},"potentialAction":[{"@type":"SearchAction","target":{"@type":"EntryPoint","urlTemplate":"https:\/\/algarve7.pt\/?s={search_term_string}"},"query-input":{"@type":"PropertyValueSpecification","valueRequired":true,"valueName":"search_term_string"}}],"inLanguage":"pt-PT"},{"@type":"Organization","@id":"https:\/\/algarve7.pt\/#organization","name":"Algarve 7","url":"https:\/\/algarve7.pt\/","logo":{"@type":"ImageObject","inLanguage":"pt-PT","@id":"https:\/\/algarve7.pt\/#\/schema\/logo\/image\/","url":"https:\/\/algarve7.pt\/wp-content\/uploads\/2020\/10\/Logo-8.jpg","contentUrl":"https:\/\/algarve7.pt\/wp-content\/uploads\/2020\/10\/Logo-8.jpg","width":1680,"height":1186,"caption":"Algarve 7"},"image":{"@id":"https:\/\/algarve7.pt\/#\/schema\/logo\/image\/"},"sameAs":["https:\/\/www.facebook.com\/algarve7","https:\/\/x.com\/Algarvesete","https:\/\/www.instagram.com\/jornalalgarve7\/","https:\/\/www.linkedin.com\/company\/algarve7","https:\/\/www.pinterest.pt\/geral0939\/_created\/"]},{"@type":"Person","@id":"https:\/\/algarve7.pt\/#\/schema\/person\/23fa70681308e7b319a3204bcea45e0c","name":"Algarve 7","sameAs":["https:\/\/algarve7.pt","https:\/\/www.facebook.com\/algarve7"],"url":"https:\/\/algarve7.pt\/index.php\/author\/geralalgarve7-pt\/"}]}},"jetpack_publicize_connections":[],"jetpack_featured_media_url":"https:\/\/algarve7.pt\/wp-content\/uploads\/2023\/09\/NOTICIA_SEM2023_carregamentos-veiculos-electricos.jpg","jetpack_shortlink":"https:\/\/wp.me\/pcezmW-856","jetpack_sharing_enabled":true,"_links":{"self":[{"href":"https:\/\/algarve7.pt\/index.php\/wp-json\/wp\/v2\/posts\/31068","targetHints":{"allow":["GET"]}}],"collection":[{"href":"https:\/\/algarve7.pt\/index.php\/wp-json\/wp\/v2\/posts"}],"about":[{"href":"https:\/\/algarve7.pt\/index.php\/wp-json\/wp\/v2\/types\/post"}],"author":[{"embeddable":true,"href":"https:\/\/algarve7.pt\/index.php\/wp-json\/wp\/v2\/users\/1"}],"replies":[{"embeddable":true,"href":"https:\/\/algarve7.pt\/index.php\/wp-json\/wp\/v2\/comments?post=31068"}],"version-history":[{"count":0,"href":"https:\/\/algarve7.pt\/index.php\/wp-json\/wp\/v2\/posts\/31068\/revisions"}],"wp:featuredmedia":[{"embeddable":true,"href":"https:\/\/algarve7.pt\/index.php\/wp-json\/wp\/v2\/media\/31069"}],"wp:attachment":[{"href":"https:\/\/algarve7.pt\/index.php\/wp-json\/wp\/v2\/media?parent=31068"}],"wp:term":[{"taxonomy":"category","embeddable":true,"href":"https:\/\/algarve7.pt\/index.php\/wp-json\/wp\/v2\/categories?post=31068"},{"taxonomy":"post_tag","embeddable":true,"href":"https:\/\/algarve7.pt\/index.php\/wp-json\/wp\/v2\/tags?post=31068"}],"curies":[{"name":"wp","href":"https:\/\/api.w.org\/{rel}","templated":true}]}}