{"id":3102,"date":"2020-10-29T12:40:22","date_gmt":"2020-10-29T12:40:22","guid":{"rendered":"https:\/\/algarve7.pt\/index.php\/2020\/10\/29\/ministerio-do-mar-reforca-apoio-as-cessacoes-temporarias-na-pesca-no-ambito-da-pandemia-covid-19\/"},"modified":"2020-10-29T12:40:22","modified_gmt":"2020-10-29T12:40:22","slug":"ministerio-do-mar-reforca-apoio-as-cessacoes-temporarias-na-pesca-no-ambito-da-pandemia-covid-19","status":"publish","type":"post","link":"https:\/\/algarve7.pt\/index.php\/2020\/10\/ministerio-do-mar-reforca-apoio-as-cessacoes-temporarias-na-pesca-no-ambito-da-pandemia-covid-19\/economia\/12\/40\/","title":{"rendered":"Minist\u00e9rio do Mar refor\u00e7a apoio \u00e0s cessa\u00e7\u00f5es tempor\u00e1rias na pesca no \u00e2mbito da pandemia COVID-19"},"content":{"rendered":"\n<p class=\"MsoNormal\">Na sequ\u00eancia do surto de doen\u00e7a por coronav\u00edrus \u2014 COVID-19, e por forma a mitigar as consequ\u00eancias socioecon\u00f3micas para os operadores da pesca, foram j\u00e1 adotados no \u00e2mbito do Programa Operacional Mar 2020, regimes de apoio \u00e0 cessa\u00e7\u00e3o tempor\u00e1ria da atividade de pesca dos armadores e pescadores de embarca\u00e7\u00f5es polivalentes, de arrasto costeiro e do cerco, com uma disponibilidade inicial de 7 milh\u00f5es de euros.<\/p>\n\n\n\n<p class=\"MsoNormal\">Face \u00e0 evolu\u00e7\u00e3o da pandemia e ao aumento do n\u00famero de cont\u00e1gios, o Minist\u00e9rio do Mar, no \u00e2mbito do Programa Operacional Mar 2020, vai lan\u00e7ar um novo aviso de abertura de candidaturas a compensa\u00e7\u00f5es \u00e0 perda de rendimentos dos armadores e pescadores no contexto do surto de COVID-19, atrav\u00e9s do apoio \u00e0 cessa\u00e7\u00e3o tempor\u00e1ria das atividades de pesca.<\/p>\n\n\n\n<p class=\"MsoNormal\">A paragem das embarca\u00e7\u00f5es pode ser realizada num \u00fanico per\u00edodo, ou em per\u00edodos interpolados, desde que, cumulativamente, n\u00e3o ultrapassem um m\u00e1ximo de:<\/p>\n\n\n\n<p class=\"MsoNormal\">&nbsp;&nbsp;&nbsp;&nbsp;&nbsp;&nbsp;&nbsp;&nbsp;&nbsp;&nbsp;&nbsp;&nbsp;&nbsp;&nbsp;&nbsp; a) 30 dias, compreendidos entre 14 de outubro e&nbsp;<a href=\"x-apple-data-detectors:\/\/2\">31 de dezembro de 2020<\/a>, ou o termo da situa\u00e7\u00e3o de calamidade (ou de emerg\u00eancia na eventualidade de vir a ser decretada), consoante o que ocorra primeiro; e<\/p>\n\n\n\n<p class=\"MsoNormal\">&nbsp;&nbsp;&nbsp;&nbsp;&nbsp;&nbsp;&nbsp;&nbsp;&nbsp;&nbsp;&nbsp;&nbsp;&nbsp;&nbsp;&nbsp; b) 60 dias, incluindo eventuais per\u00edodos de paragem anteriormente apoiados ao abrigo do presente regime de apoio, excetuados aqueles que advenham de doen\u00e7a por COVID-19.<\/p>\n\n\n\n<p class=\"MsoNormal\">Os apoios a conceder mant\u00eam-se e revestem a forma de subven\u00e7\u00e3o n\u00e3o reembols\u00e1vel.<\/p>\n\n\n\n<p class=\"MsoNormal\">As candidaturas s\u00e3o apresentadas online pelos armadores atrav\u00e9s do Balc\u00e3o 2020, acess\u00edvel em <a href=\"http:\/\/www.balcao.portugal2020.pt\">www.balcao.portugal2020.pt<\/a> e aprovadas por ordem de entrada at\u00e9 <a href=\"x-apple-data-detectors:\/\/4\">13 de novembro de 2020<\/a>, inclusive.<\/p>\n","protected":false},"excerpt":{"rendered":"<p>Na sequ\u00eancia do surto de doen\u00e7a por coronav\u00edrus \u2014 COVID-19, e por forma a mitigar as consequ\u00eancias socioecon\u00f3micas para os<\/p>\n","protected":false},"author":1,"featured_media":2230,"comment_status":"open","ping_status":"open","sticky":false,"template":"","format":"standard","meta":{"colormag_page_container_layout":"default_layout","colormag_page_sidebar_layout":"default_layout","_monsterinsights_skip_tracking":false,"_monsterinsights_sitenote_active":false,"_monsterinsights_sitenote_note":"","_monsterinsights_sitenote_category":0,"jetpack_post_was_ever_published":false,"_jetpack_newsletter_access":"","_jetpack_dont_email_post_to_subs":false,"_jetpack_newsletter_tier_id":0,"_jetpack_memberships_contains_paywalled_content":false,"_jetpack_memberships_contains_paid_content":false,"footnotes":"","jetpack_publicize_message":"","jetpack_publicize_feature_enabled":true,"jetpack_social_post_already_shared":true,"jetpack_social_options":{"image_generator_settings":{"template":"highway","default_image_id":0,"font":"","enabled":false},"version":2}},"categories":[151],"tags":[36,62,153,113,98],"class_list":["post-3102","post","type-post","status-publish","format-standard","has-post-thumbnail","hentry","category-economia","tag-algarve","tag-atualidade","tag-economia","tag-mar","tag-nacional"],"yoast_head":"<!-- This site is optimized with the Yoast SEO plugin v27.5 - https:\/\/yoast.com\/product\/yoast-seo-wordpress\/ -->\n<title>Minist\u00e9rio do Mar refor\u00e7a apoio \u00e0s cessa\u00e7\u00f5es tempor\u00e1rias na pesca no \u00e2mbito da pandemia COVID-19 - Algarve 7<\/title>\n<meta name=\"description\" content=\"Minist\u00e9rio do Mar refor\u00e7a apoio \u00e0s cessa\u00e7\u00f5es tempor\u00e1rias na pesca no \u00e2mbito da pandemia COVID-19\" \/>\n<meta name=\"robots\" content=\"index, follow, max-snippet:-1, max-image-preview:large, max-video-preview:-1\" \/>\n<link rel=\"canonical\" href=\"https:\/\/algarve7.pt\/index.php\/2020\/10\/ministerio-do-mar-reforca-apoio-as-cessacoes-temporarias-na-pesca-no-ambito-da-pandemia-covid-19\/economia\/12\/40\/\" \/>\n<meta property=\"og:locale\" content=\"pt_PT\" \/>\n<meta property=\"og:type\" content=\"article\" \/>\n<meta property=\"og:title\" content=\"Minist\u00e9rio do Mar refor\u00e7a apoio \u00e0s cessa\u00e7\u00f5es tempor\u00e1rias na pesca no \u00e2mbito da pandemia COVID-19 - Algarve 7\" \/>\n<meta property=\"og:description\" content=\"Minist\u00e9rio do Mar refor\u00e7a apoio \u00e0s cessa\u00e7\u00f5es tempor\u00e1rias na pesca no \u00e2mbito da pandemia COVID-19\" \/>\n<meta property=\"og:url\" content=\"https:\/\/algarve7.pt\/index.php\/2020\/10\/ministerio-do-mar-reforca-apoio-as-cessacoes-temporarias-na-pesca-no-ambito-da-pandemia-covid-19\/economia\/12\/40\/\" \/>\n<meta property=\"og:site_name\" content=\"Algarve 7\" \/>\n<meta property=\"article:publisher\" content=\"https:\/\/www.facebook.com\/algarve7\" \/>\n<meta property=\"article:author\" content=\"https:\/\/www.facebook.com\/algarve7\" \/>\n<meta property=\"article:published_time\" content=\"2020-10-29T12:40:22+00:00\" \/>\n<meta property=\"og:image\" content=\"https:\/\/algarve7.pt\/wp-content\/uploads\/2020\/10\/Porto-de-pesca-de-Quarteira.jpg\" \/>\n\t<meta property=\"og:image:width\" content=\"1920\" \/>\n\t<meta property=\"og:image:height\" content=\"1280\" \/>\n\t<meta property=\"og:image:type\" content=\"image\/jpeg\" \/>\n<meta name=\"author\" content=\"Algarve 7\" \/>\n<meta name=\"twitter:card\" content=\"summary_large_image\" \/>\n<meta name=\"twitter:creator\" content=\"@Algarvesete\" \/>\n<meta name=\"twitter:site\" content=\"@Algarvesete\" \/>\n<meta name=\"twitter:label1\" content=\"Escrito por\" \/>\n\t<meta name=\"twitter:data1\" content=\"Algarve 7\" \/>\n\t<meta name=\"twitter:label2\" content=\"Tempo estimado de leitura\" \/>\n\t<meta name=\"twitter:data2\" content=\"2 minutos\" \/>\n<script type=\"application\/ld+json\" class=\"yoast-schema-graph\">{\"@context\":\"https:\\\/\\\/schema.org\",\"@graph\":[{\"@type\":\"Article\",\"@id\":\"https:\\\/\\\/algarve7.pt\\\/index.php\\\/2020\\\/10\\\/ministerio-do-mar-reforca-apoio-as-cessacoes-temporarias-na-pesca-no-ambito-da-pandemia-covid-19\\\/economia\\\/12\\\/40\\\/#article\",\"isPartOf\":{\"@id\":\"https:\\\/\\\/algarve7.pt\\\/index.php\\\/2020\\\/10\\\/ministerio-do-mar-reforca-apoio-as-cessacoes-temporarias-na-pesca-no-ambito-da-pandemia-covid-19\\\/economia\\\/12\\\/40\\\/\"},\"author\":{\"name\":\"Algarve 7\",\"@id\":\"https:\\\/\\\/algarve7.pt\\\/#\\\/schema\\\/person\\\/23fa70681308e7b319a3204bcea45e0c\"},\"headline\":\"Minist\u00e9rio do Mar refor\u00e7a apoio \u00e0s cessa\u00e7\u00f5es tempor\u00e1rias na pesca no \u00e2mbito da pandemia COVID-19\",\"datePublished\":\"2020-10-29T12:40:22+00:00\",\"mainEntityOfPage\":{\"@id\":\"https:\\\/\\\/algarve7.pt\\\/index.php\\\/2020\\\/10\\\/ministerio-do-mar-reforca-apoio-as-cessacoes-temporarias-na-pesca-no-ambito-da-pandemia-covid-19\\\/economia\\\/12\\\/40\\\/\"},\"wordCount\":319,\"commentCount\":0,\"publisher\":{\"@id\":\"https:\\\/\\\/algarve7.pt\\\/#organization\"},\"image\":{\"@id\":\"https:\\\/\\\/algarve7.pt\\\/index.php\\\/2020\\\/10\\\/ministerio-do-mar-reforca-apoio-as-cessacoes-temporarias-na-pesca-no-ambito-da-pandemia-covid-19\\\/economia\\\/12\\\/40\\\/#primaryimage\"},\"thumbnailUrl\":\"https:\\\/\\\/algarve7.pt\\\/wp-content\\\/uploads\\\/2020\\\/10\\\/Porto-de-pesca-de-Quarteira.jpg\",\"keywords\":[\"Algarve\",\"Atualidade\",\"Economia\",\"Mar\",\"Nacional\"],\"articleSection\":[\"Economia\"],\"inLanguage\":\"pt-PT\",\"potentialAction\":[{\"@type\":\"CommentAction\",\"name\":\"Comment\",\"target\":[\"https:\\\/\\\/algarve7.pt\\\/index.php\\\/2020\\\/10\\\/ministerio-do-mar-reforca-apoio-as-cessacoes-temporarias-na-pesca-no-ambito-da-pandemia-covid-19\\\/economia\\\/12\\\/40\\\/#respond\"]}]},{\"@type\":\"WebPage\",\"@id\":\"https:\\\/\\\/algarve7.pt\\\/index.php\\\/2020\\\/10\\\/ministerio-do-mar-reforca-apoio-as-cessacoes-temporarias-na-pesca-no-ambito-da-pandemia-covid-19\\\/economia\\\/12\\\/40\\\/\",\"url\":\"https:\\\/\\\/algarve7.pt\\\/index.php\\\/2020\\\/10\\\/ministerio-do-mar-reforca-apoio-as-cessacoes-temporarias-na-pesca-no-ambito-da-pandemia-covid-19\\\/economia\\\/12\\\/40\\\/\",\"name\":\"Minist\u00e9rio do Mar refor\u00e7a apoio \u00e0s cessa\u00e7\u00f5es tempor\u00e1rias na pesca no \u00e2mbito da pandemia COVID-19 - Algarve 7\",\"isPartOf\":{\"@id\":\"https:\\\/\\\/algarve7.pt\\\/#website\"},\"primaryImageOfPage\":{\"@id\":\"https:\\\/\\\/algarve7.pt\\\/index.php\\\/2020\\\/10\\\/ministerio-do-mar-reforca-apoio-as-cessacoes-temporarias-na-pesca-no-ambito-da-pandemia-covid-19\\\/economia\\\/12\\\/40\\\/#primaryimage\"},\"image\":{\"@id\":\"https:\\\/\\\/algarve7.pt\\\/index.php\\\/2020\\\/10\\\/ministerio-do-mar-reforca-apoio-as-cessacoes-temporarias-na-pesca-no-ambito-da-pandemia-covid-19\\\/economia\\\/12\\\/40\\\/#primaryimage\"},\"thumbnailUrl\":\"https:\\\/\\\/algarve7.pt\\\/wp-content\\\/uploads\\\/2020\\\/10\\\/Porto-de-pesca-de-Quarteira.jpg\",\"datePublished\":\"2020-10-29T12:40:22+00:00\",\"description\":\"Minist\u00e9rio do Mar refor\u00e7a apoio \u00e0s cessa\u00e7\u00f5es tempor\u00e1rias na pesca no \u00e2mbito da pandemia COVID-19\",\"breadcrumb\":{\"@id\":\"https:\\\/\\\/algarve7.pt\\\/index.php\\\/2020\\\/10\\\/ministerio-do-mar-reforca-apoio-as-cessacoes-temporarias-na-pesca-no-ambito-da-pandemia-covid-19\\\/economia\\\/12\\\/40\\\/#breadcrumb\"},\"inLanguage\":\"pt-PT\",\"potentialAction\":[{\"@type\":\"ReadAction\",\"target\":[\"https:\\\/\\\/algarve7.pt\\\/index.php\\\/2020\\\/10\\\/ministerio-do-mar-reforca-apoio-as-cessacoes-temporarias-na-pesca-no-ambito-da-pandemia-covid-19\\\/economia\\\/12\\\/40\\\/\"]}]},{\"@type\":\"ImageObject\",\"inLanguage\":\"pt-PT\",\"@id\":\"https:\\\/\\\/algarve7.pt\\\/index.php\\\/2020\\\/10\\\/ministerio-do-mar-reforca-apoio-as-cessacoes-temporarias-na-pesca-no-ambito-da-pandemia-covid-19\\\/economia\\\/12\\\/40\\\/#primaryimage\",\"url\":\"https:\\\/\\\/algarve7.pt\\\/wp-content\\\/uploads\\\/2020\\\/10\\\/Porto-de-pesca-de-Quarteira.jpg\",\"contentUrl\":\"https:\\\/\\\/algarve7.pt\\\/wp-content\\\/uploads\\\/2020\\\/10\\\/Porto-de-pesca-de-Quarteira.jpg\",\"width\":1920,\"height\":1280},{\"@type\":\"BreadcrumbList\",\"@id\":\"https:\\\/\\\/algarve7.pt\\\/index.php\\\/2020\\\/10\\\/ministerio-do-mar-reforca-apoio-as-cessacoes-temporarias-na-pesca-no-ambito-da-pandemia-covid-19\\\/economia\\\/12\\\/40\\\/#breadcrumb\",\"itemListElement\":[{\"@type\":\"ListItem\",\"position\":1,\"name\":\"In\u00edcio\",\"item\":\"https:\\\/\\\/algarve7.pt\\\/\"},{\"@type\":\"ListItem\",\"position\":2,\"name\":\"Minist\u00e9rio do Mar refor\u00e7a apoio \u00e0s cessa\u00e7\u00f5es tempor\u00e1rias na pesca no \u00e2mbito da pandemia COVID-19\"}]},{\"@type\":\"WebSite\",\"@id\":\"https:\\\/\\\/algarve7.pt\\\/#website\",\"url\":\"https:\\\/\\\/algarve7.pt\\\/\",\"name\":\"Algarve 7\",\"description\":\"Informa\u00e7\u00e3o sobre o Algarve\",\"publisher\":{\"@id\":\"https:\\\/\\\/algarve7.pt\\\/#organization\"},\"potentialAction\":[{\"@type\":\"SearchAction\",\"target\":{\"@type\":\"EntryPoint\",\"urlTemplate\":\"https:\\\/\\\/algarve7.pt\\\/?s={search_term_string}\"},\"query-input\":{\"@type\":\"PropertyValueSpecification\",\"valueRequired\":true,\"valueName\":\"search_term_string\"}}],\"inLanguage\":\"pt-PT\"},{\"@type\":\"Organization\",\"@id\":\"https:\\\/\\\/algarve7.pt\\\/#organization\",\"name\":\"Algarve 7\",\"url\":\"https:\\\/\\\/algarve7.pt\\\/\",\"logo\":{\"@type\":\"ImageObject\",\"inLanguage\":\"pt-PT\",\"@id\":\"https:\\\/\\\/algarve7.pt\\\/#\\\/schema\\\/logo\\\/image\\\/\",\"url\":\"https:\\\/\\\/algarve7.pt\\\/wp-content\\\/uploads\\\/2020\\\/10\\\/Logo-8.jpg\",\"contentUrl\":\"https:\\\/\\\/algarve7.pt\\\/wp-content\\\/uploads\\\/2020\\\/10\\\/Logo-8.jpg\",\"width\":1680,\"height\":1186,\"caption\":\"Algarve 7\"},\"image\":{\"@id\":\"https:\\\/\\\/algarve7.pt\\\/#\\\/schema\\\/logo\\\/image\\\/\"},\"sameAs\":[\"https:\\\/\\\/www.facebook.com\\\/algarve7\",\"https:\\\/\\\/x.com\\\/Algarvesete\",\"https:\\\/\\\/www.instagram.com\\\/jornalalgarve7\\\/\",\"https:\\\/\\\/www.linkedin.com\\\/company\\\/algarve7\",\"https:\\\/\\\/www.pinterest.pt\\\/geral0939\\\/_created\\\/\"]},{\"@type\":\"Person\",\"@id\":\"https:\\\/\\\/algarve7.pt\\\/#\\\/schema\\\/person\\\/23fa70681308e7b319a3204bcea45e0c\",\"name\":\"Algarve 7\",\"sameAs\":[\"https:\\\/\\\/algarve7.pt\",\"https:\\\/\\\/www.facebook.com\\\/algarve7\"],\"url\":\"https:\\\/\\\/algarve7.pt\\\/index.php\\\/author\\\/geralalgarve7-pt\\\/\"}]}<\/script>\n<!-- \/ Yoast SEO plugin. -->","yoast_head_json":{"title":"Minist\u00e9rio do Mar refor\u00e7a apoio \u00e0s cessa\u00e7\u00f5es tempor\u00e1rias na pesca no \u00e2mbito da pandemia COVID-19 - Algarve 7","description":"Minist\u00e9rio do Mar refor\u00e7a apoio \u00e0s cessa\u00e7\u00f5es tempor\u00e1rias na pesca no \u00e2mbito da pandemia COVID-19","robots":{"index":"index","follow":"follow","max-snippet":"max-snippet:-1","max-image-preview":"max-image-preview:large","max-video-preview":"max-video-preview:-1"},"canonical":"https:\/\/algarve7.pt\/index.php\/2020\/10\/ministerio-do-mar-reforca-apoio-as-cessacoes-temporarias-na-pesca-no-ambito-da-pandemia-covid-19\/economia\/12\/40\/","og_locale":"pt_PT","og_type":"article","og_title":"Minist\u00e9rio do Mar refor\u00e7a apoio \u00e0s cessa\u00e7\u00f5es tempor\u00e1rias na pesca no \u00e2mbito da pandemia COVID-19 - Algarve 7","og_description":"Minist\u00e9rio do Mar refor\u00e7a apoio \u00e0s cessa\u00e7\u00f5es tempor\u00e1rias na pesca no \u00e2mbito da pandemia COVID-19","og_url":"https:\/\/algarve7.pt\/index.php\/2020\/10\/ministerio-do-mar-reforca-apoio-as-cessacoes-temporarias-na-pesca-no-ambito-da-pandemia-covid-19\/economia\/12\/40\/","og_site_name":"Algarve 7","article_publisher":"https:\/\/www.facebook.com\/algarve7","article_author":"https:\/\/www.facebook.com\/algarve7","article_published_time":"2020-10-29T12:40:22+00:00","og_image":[{"width":1920,"height":1280,"url":"https:\/\/algarve7.pt\/wp-content\/uploads\/2020\/10\/Porto-de-pesca-de-Quarteira.jpg","type":"image\/jpeg"}],"author":"Algarve 7","twitter_card":"summary_large_image","twitter_creator":"@Algarvesete","twitter_site":"@Algarvesete","twitter_misc":{"Escrito por":"Algarve 7","Tempo estimado de leitura":"2 minutos"},"schema":{"@context":"https:\/\/schema.org","@graph":[{"@type":"Article","@id":"https:\/\/algarve7.pt\/index.php\/2020\/10\/ministerio-do-mar-reforca-apoio-as-cessacoes-temporarias-na-pesca-no-ambito-da-pandemia-covid-19\/economia\/12\/40\/#article","isPartOf":{"@id":"https:\/\/algarve7.pt\/index.php\/2020\/10\/ministerio-do-mar-reforca-apoio-as-cessacoes-temporarias-na-pesca-no-ambito-da-pandemia-covid-19\/economia\/12\/40\/"},"author":{"name":"Algarve 7","@id":"https:\/\/algarve7.pt\/#\/schema\/person\/23fa70681308e7b319a3204bcea45e0c"},"headline":"Minist\u00e9rio do Mar refor\u00e7a apoio \u00e0s cessa\u00e7\u00f5es tempor\u00e1rias na pesca no \u00e2mbito da pandemia COVID-19","datePublished":"2020-10-29T12:40:22+00:00","mainEntityOfPage":{"@id":"https:\/\/algarve7.pt\/index.php\/2020\/10\/ministerio-do-mar-reforca-apoio-as-cessacoes-temporarias-na-pesca-no-ambito-da-pandemia-covid-19\/economia\/12\/40\/"},"wordCount":319,"commentCount":0,"publisher":{"@id":"https:\/\/algarve7.pt\/#organization"},"image":{"@id":"https:\/\/algarve7.pt\/index.php\/2020\/10\/ministerio-do-mar-reforca-apoio-as-cessacoes-temporarias-na-pesca-no-ambito-da-pandemia-covid-19\/economia\/12\/40\/#primaryimage"},"thumbnailUrl":"https:\/\/algarve7.pt\/wp-content\/uploads\/2020\/10\/Porto-de-pesca-de-Quarteira.jpg","keywords":["Algarve","Atualidade","Economia","Mar","Nacional"],"articleSection":["Economia"],"inLanguage":"pt-PT","potentialAction":[{"@type":"CommentAction","name":"Comment","target":["https:\/\/algarve7.pt\/index.php\/2020\/10\/ministerio-do-mar-reforca-apoio-as-cessacoes-temporarias-na-pesca-no-ambito-da-pandemia-covid-19\/economia\/12\/40\/#respond"]}]},{"@type":"WebPage","@id":"https:\/\/algarve7.pt\/index.php\/2020\/10\/ministerio-do-mar-reforca-apoio-as-cessacoes-temporarias-na-pesca-no-ambito-da-pandemia-covid-19\/economia\/12\/40\/","url":"https:\/\/algarve7.pt\/index.php\/2020\/10\/ministerio-do-mar-reforca-apoio-as-cessacoes-temporarias-na-pesca-no-ambito-da-pandemia-covid-19\/economia\/12\/40\/","name":"Minist\u00e9rio do Mar refor\u00e7a apoio \u00e0s cessa\u00e7\u00f5es tempor\u00e1rias na pesca no \u00e2mbito da pandemia COVID-19 - Algarve 7","isPartOf":{"@id":"https:\/\/algarve7.pt\/#website"},"primaryImageOfPage":{"@id":"https:\/\/algarve7.pt\/index.php\/2020\/10\/ministerio-do-mar-reforca-apoio-as-cessacoes-temporarias-na-pesca-no-ambito-da-pandemia-covid-19\/economia\/12\/40\/#primaryimage"},"image":{"@id":"https:\/\/algarve7.pt\/index.php\/2020\/10\/ministerio-do-mar-reforca-apoio-as-cessacoes-temporarias-na-pesca-no-ambito-da-pandemia-covid-19\/economia\/12\/40\/#primaryimage"},"thumbnailUrl":"https:\/\/algarve7.pt\/wp-content\/uploads\/2020\/10\/Porto-de-pesca-de-Quarteira.jpg","datePublished":"2020-10-29T12:40:22+00:00","description":"Minist\u00e9rio do Mar refor\u00e7a apoio \u00e0s cessa\u00e7\u00f5es tempor\u00e1rias na pesca no \u00e2mbito da pandemia COVID-19","breadcrumb":{"@id":"https:\/\/algarve7.pt\/index.php\/2020\/10\/ministerio-do-mar-reforca-apoio-as-cessacoes-temporarias-na-pesca-no-ambito-da-pandemia-covid-19\/economia\/12\/40\/#breadcrumb"},"inLanguage":"pt-PT","potentialAction":[{"@type":"ReadAction","target":["https:\/\/algarve7.pt\/index.php\/2020\/10\/ministerio-do-mar-reforca-apoio-as-cessacoes-temporarias-na-pesca-no-ambito-da-pandemia-covid-19\/economia\/12\/40\/"]}]},{"@type":"ImageObject","inLanguage":"pt-PT","@id":"https:\/\/algarve7.pt\/index.php\/2020\/10\/ministerio-do-mar-reforca-apoio-as-cessacoes-temporarias-na-pesca-no-ambito-da-pandemia-covid-19\/economia\/12\/40\/#primaryimage","url":"https:\/\/algarve7.pt\/wp-content\/uploads\/2020\/10\/Porto-de-pesca-de-Quarteira.jpg","contentUrl":"https:\/\/algarve7.pt\/wp-content\/uploads\/2020\/10\/Porto-de-pesca-de-Quarteira.jpg","width":1920,"height":1280},{"@type":"BreadcrumbList","@id":"https:\/\/algarve7.pt\/index.php\/2020\/10\/ministerio-do-mar-reforca-apoio-as-cessacoes-temporarias-na-pesca-no-ambito-da-pandemia-covid-19\/economia\/12\/40\/#breadcrumb","itemListElement":[{"@type":"ListItem","position":1,"name":"In\u00edcio","item":"https:\/\/algarve7.pt\/"},{"@type":"ListItem","position":2,"name":"Minist\u00e9rio do Mar refor\u00e7a apoio \u00e0s cessa\u00e7\u00f5es tempor\u00e1rias na pesca no \u00e2mbito da pandemia COVID-19"}]},{"@type":"WebSite","@id":"https:\/\/algarve7.pt\/#website","url":"https:\/\/algarve7.pt\/","name":"Algarve 7","description":"Informa\u00e7\u00e3o sobre o Algarve","publisher":{"@id":"https:\/\/algarve7.pt\/#organization"},"potentialAction":[{"@type":"SearchAction","target":{"@type":"EntryPoint","urlTemplate":"https:\/\/algarve7.pt\/?s={search_term_string}"},"query-input":{"@type":"PropertyValueSpecification","valueRequired":true,"valueName":"search_term_string"}}],"inLanguage":"pt-PT"},{"@type":"Organization","@id":"https:\/\/algarve7.pt\/#organization","name":"Algarve 7","url":"https:\/\/algarve7.pt\/","logo":{"@type":"ImageObject","inLanguage":"pt-PT","@id":"https:\/\/algarve7.pt\/#\/schema\/logo\/image\/","url":"https:\/\/algarve7.pt\/wp-content\/uploads\/2020\/10\/Logo-8.jpg","contentUrl":"https:\/\/algarve7.pt\/wp-content\/uploads\/2020\/10\/Logo-8.jpg","width":1680,"height":1186,"caption":"Algarve 7"},"image":{"@id":"https:\/\/algarve7.pt\/#\/schema\/logo\/image\/"},"sameAs":["https:\/\/www.facebook.com\/algarve7","https:\/\/x.com\/Algarvesete","https:\/\/www.instagram.com\/jornalalgarve7\/","https:\/\/www.linkedin.com\/company\/algarve7","https:\/\/www.pinterest.pt\/geral0939\/_created\/"]},{"@type":"Person","@id":"https:\/\/algarve7.pt\/#\/schema\/person\/23fa70681308e7b319a3204bcea45e0c","name":"Algarve 7","sameAs":["https:\/\/algarve7.pt","https:\/\/www.facebook.com\/algarve7"],"url":"https:\/\/algarve7.pt\/index.php\/author\/geralalgarve7-pt\/"}]}},"jetpack_publicize_connections":[],"jetpack_featured_media_url":"https:\/\/algarve7.pt\/wp-content\/uploads\/2020\/10\/Porto-de-pesca-de-Quarteira.jpg","jetpack_shortlink":"https:\/\/wp.me\/pcezmW-O2","jetpack_sharing_enabled":true,"_links":{"self":[{"href":"https:\/\/algarve7.pt\/index.php\/wp-json\/wp\/v2\/posts\/3102","targetHints":{"allow":["GET"]}}],"collection":[{"href":"https:\/\/algarve7.pt\/index.php\/wp-json\/wp\/v2\/posts"}],"about":[{"href":"https:\/\/algarve7.pt\/index.php\/wp-json\/wp\/v2\/types\/post"}],"author":[{"embeddable":true,"href":"https:\/\/algarve7.pt\/index.php\/wp-json\/wp\/v2\/users\/1"}],"replies":[{"embeddable":true,"href":"https:\/\/algarve7.pt\/index.php\/wp-json\/wp\/v2\/comments?post=3102"}],"version-history":[{"count":0,"href":"https:\/\/algarve7.pt\/index.php\/wp-json\/wp\/v2\/posts\/3102\/revisions"}],"wp:featuredmedia":[{"embeddable":true,"href":"https:\/\/algarve7.pt\/index.php\/wp-json\/wp\/v2\/media\/2230"}],"wp:attachment":[{"href":"https:\/\/algarve7.pt\/index.php\/wp-json\/wp\/v2\/media?parent=3102"}],"wp:term":[{"taxonomy":"category","embeddable":true,"href":"https:\/\/algarve7.pt\/index.php\/wp-json\/wp\/v2\/categories?post=3102"},{"taxonomy":"post_tag","embeddable":true,"href":"https:\/\/algarve7.pt\/index.php\/wp-json\/wp\/v2\/tags?post=3102"}],"curies":[{"name":"wp","href":"https:\/\/api.w.org\/{rel}","templated":true}]}}