{"id":30989,"date":"2023-09-19T13:30:00","date_gmt":"2023-09-19T12:30:00","guid":{"rendered":"https:\/\/algarve7.pt\/?p=30989"},"modified":"2023-09-18T21:29:49","modified_gmt":"2023-09-18T20:29:49","slug":"odslocal-vai-distinguir-projetos-inspiradores-em-sustentabilidade-2","status":"publish","type":"post","link":"https:\/\/algarve7.pt\/index.php\/2023\/09\/odslocal-vai-distinguir-projetos-inspiradores-em-sustentabilidade-2\/ambiente\/13\/30\/","title":{"rendered":"ODSlocal vai distinguir projetos inspiradores em sustentabilidade"},"content":{"rendered":"\n<p>As candidaturas ao Pr\u00e9mio ODSlocal encontram-se a decorrer at\u00e9 ao pr\u00f3ximo dia 30 de setembro<\/p>\n\n\n\n<p>A Plataforma ODSlocal vai distinguir tr\u00eas projetos a n\u00edvel nacional que tenham um impacto positivo no avan\u00e7o da Agenda 2030, sejam fortemente inspiradores e possuam um elevado potencial de replica\u00e7\u00e3o. O Pr\u00e9mio ODSLocal na categoria Projetos vai ser atribu\u00eddo no decorrer da Confer\u00eancia ODSLocal 2023, no dia 3 de novembro, em Viana do Castelo, onde ser\u00e3o apresentadas as diversas iniciativas das autarquias e agentes da sociedade que se destacam pelo seu contributo para o desenvolvimento sustent\u00e1vel.<\/p>\n\n\n\n<p>As candidaturas ao Pr\u00e9mio ODSlocal s\u00e3o gratuitas e encontram-se atualmente a decorrer. Os interessados em participar ter\u00e3o at\u00e9 ao dia 30 de setembro para candidatarem os seus projetos.<\/p>\n\n\n\n<p>O Aviso do Pr\u00e9mio ODSlocal 2023 est\u00e1 dispon\u00edvel no Portal ODSlocal: <a href=\"https:\/\/strapi36.odslocal.pt\/uploads\/Premio_OD_Slocal_Aviso_23_final_550b57fb01.pdf\" target=\"_blank\" rel=\"noreferrer noopener\">https:\/\/strapi36.odslocal.pt\/uploads\/Premio_OD_Slocal_Aviso_23_final_550b57fb01.pdf<\/a><\/p>\n\n\n\n<p>A plataforma ODSLocal \u00e9 uma iniciativa pioneira a n\u00edvel mundial. Desde o seu lan\u00e7amento em 2020 j\u00e1 foram mobilizados 109 munic\u00edpios de todo o pa\u00eds e mapeados mais de 952 projetos locais desenvolvidos por v\u00e1rios tipos de entidades e 1285 boas pr\u00e1ticas desenvolvidas pelas autarquias, que mostram o seu compromisso em colocar as v\u00e1rias dimens\u00f5es da sustentabilidade no centro das suas pol\u00edticas e da sua a\u00e7\u00e3o di\u00e1ria para cumprirem os 17 ODS propostos pela ONU, nomeadamente, medidas de cariz ambiental e de transi\u00e7\u00e3o energ\u00e9tica, medidas de cariz social como apoios a fam\u00edlias desfavorecidas e equidade de g\u00e9nero, incentivos a a\u00e7\u00f5es de educa\u00e7\u00e3o para a refloresta\u00e7\u00e3o, entre outras.&nbsp;<\/p>\n\n\n\n<p>O Pr\u00e9mio \u00e9 lan\u00e7ado pelo cons\u00f3rcio que constitui a Plataforma ODSlocal \u2013 Plataforma Municipal dos Objetivos de Desenvolvimento Sustent\u00e1vel, que assenta na mobiliza\u00e7\u00e3o de decisores e t\u00e9cnicos municipais, associa\u00e7\u00f5es c\u00edvicas, agentes locais e cidad\u00e3os em rela\u00e7\u00e3o aos ODS propostos pelas Na\u00e7\u00f5es Unidas na Agenda 2030.<\/p>\n\n\n\n<p>Para al\u00e9m do reconhecimento e notoriedade, o Pr\u00e9mio ODSlocal traduz-se por um apoio monet\u00e1rio individual aos projetos vencedores que concorrem na categoria \u2018Projetos\u2019. Com inscri\u00e7\u00e3o gratuita no site oficial (<a href=\"http:\/\/www.odslocal.pt\/novo-projeto\" target=\"_blank\" rel=\"noreferrer noopener\">www.odslocal.pt\/novo-projeto<\/a>), podem candidatar-se entidades privadas, com ou sem fins lucrativos, e servi\u00e7os locais de entidades p\u00fablicas que desenvolvam atividades nas \u00e1reas do ensino, sa\u00fade, cultura ou de natureza social, com exce\u00e7\u00e3o de autarquias. Estas poder\u00e3o fazer parte destas candidaturas, em parceria com outras entidades e desde que n\u00e3o sejam as principais promotoras dos projetos.<\/p>\n\n\n\n<p><a><\/a>O Pr\u00e9mio ODSlocal est\u00e1 tamb\u00e9m aberto \u00e0s entidades promotoras de qualquer munic\u00edpio do pa\u00eds, independentemente da sua ades\u00e3o \u00e0 plataforma ODSlocal. As entidades promotoras podem estar associadas a entidades parceiras que sejam organiza\u00e7\u00f5es n\u00e3o lucrativas de natureza informal, tais como movimentos c\u00edvicos, redes da sociedade civil, grupos de cidad\u00e3os ou volunt\u00e1rios individuais.<\/p>\n\n\n\n<p>As candidaturas ser\u00e3o avaliadas pelo impacto mensur\u00e1vel dos projetos, os quais obrigatoriamente ter\u00e3o de ser de \u00e2mbito coletivo e alinhados com os objetivos dos ODS, contribuindo de forma positiva para as metas de pelo menos tr\u00eas ODS diferentes. Ter\u00e3o de ser tamb\u00e9m georreferenci\u00e1veis, tendo estado ativos em Portugal no \u00faltimo ano.<\/p>\n\n\n\n<p>O Pr\u00e9mio ODSlocal vai ser atribu\u00eddo por um j\u00fari que integra a Funda\u00e7\u00e3o \u201cla Caixa\u201d; membros da Comiss\u00e3o Cient\u00edfica ODSlocal; um especialista convidado e o coordenador do cons\u00f3rcio ODSlocal, que presidir\u00e1.<\/p>\n\n\n\n<p>Os projetos vencedores do Pr\u00e9mio ODSlocal ser\u00e3o anunciados publicamente no \u00e2mbito da 3\u00aa Confer\u00eancia ODSlocal, a 3 de novembro, a partir das 14h00, no Teatro Municipal S\u00e1 de Miranda, em Viana do Castelo, com transmiss\u00e3o online, que contar\u00e1 com a participa\u00e7\u00e3o da oradora Marta Garcia-Haro, Senior Manager na SDSN &#8211; Sustainable Development Solutions Network, uma iniciativa global sob os ausp\u00edcios das Na\u00e7\u00f5es Unidas.<\/p>\n\n\n\n<p>Sobre a Plataforma ODSlocal:<\/p>\n\n\n\n<p>A Plataforma ODSlocal \u00e9 uma iniciativa que visa mobilizar os munic\u00edpios e outras entidades relevantes para a concretiza\u00e7\u00e3o, ao n\u00edvel local, dos Objetivos de Desenvolvimento Sustent\u00e1vel (ODS) propostos pela Agenda 2030 das Na\u00e7\u00f5es Unidas. Nasceu de uma parceria entre o Conselho Nacional do Ambiente e do Desenvolvimento Sustent\u00e1vel (CNADS), o OBSERVA (ICS-Universidade de Lisboa), o MARE (Universidade Nova de Lisboa), e a 2adapt, e \u00e9 apoiada pela Funda\u00e7\u00e3o \u201cla Caixa\u201d. Integra um portal online din\u00e2mico que permite visualizar e acompanhar os progressos e contributos de cada munic\u00edpio em rela\u00e7\u00e3o aos ODS.<\/p>\n\n\n\n<p>Mais informa\u00e7\u00e3o em: www.odslocal.pt.<\/p>\n","protected":false},"excerpt":{"rendered":"<p>As candidaturas ao Pr\u00e9mio ODSlocal encontram-se a decorrer at\u00e9 ao pr\u00f3ximo dia 30 de setembro A Plataforma ODSlocal vai distinguir<\/p>\n","protected":false},"author":1,"featured_media":22860,"comment_status":"closed","ping_status":"open","sticky":false,"template":"","format":"standard","meta":{"colormag_page_container_layout":"default_layout","colormag_page_sidebar_layout":"default_layout","_monsterinsights_skip_tracking":false,"_monsterinsights_sitenote_active":false,"_monsterinsights_sitenote_note":"","_monsterinsights_sitenote_category":0,"jetpack_post_was_ever_published":false,"_jetpack_newsletter_access":"","_jetpack_dont_email_post_to_subs":false,"_jetpack_newsletter_tier_id":0,"_jetpack_memberships_contains_paywalled_content":false,"_jetpack_memberships_contains_paid_content":false,"footnotes":"","jetpack_publicize_message":"","jetpack_publicize_feature_enabled":true,"jetpack_social_post_already_shared":true,"jetpack_social_options":{"image_generator_settings":{"template":"highway","default_image_id":0,"font":"","enabled":false},"version":2}},"categories":[5],"tags":[32,98],"class_list":["post-30989","post","type-post","status-publish","format-standard","has-post-thumbnail","hentry","category-ambiente","tag-ambiente","tag-nacional"],"yoast_head":"<!-- This site is optimized with the Yoast SEO plugin v27.4 - https:\/\/yoast.com\/product\/yoast-seo-wordpress\/ -->\n<title>ODSlocal vai distinguir projetos inspiradores em sustentabilidade - Algarve 7<\/title>\n<meta name=\"description\" content=\"ODSlocal vai distinguir projetos inspiradores em sustentabilidade Ambiente\" \/>\n<meta name=\"robots\" content=\"index, follow, max-snippet:-1, max-image-preview:large, max-video-preview:-1\" \/>\n<link rel=\"canonical\" href=\"https:\/\/algarve7.pt\/index.php\/2023\/09\/odslocal-vai-distinguir-projetos-inspiradores-em-sustentabilidade-2\/ambiente\/13\/30\/\" \/>\n<meta property=\"og:locale\" content=\"pt_PT\" \/>\n<meta property=\"og:type\" content=\"article\" \/>\n<meta property=\"og:title\" content=\"ODSlocal vai distinguir projetos inspiradores em sustentabilidade - Algarve 7\" \/>\n<meta property=\"og:description\" content=\"ODSlocal vai distinguir projetos inspiradores em sustentabilidade Ambiente\" \/>\n<meta property=\"og:url\" content=\"https:\/\/algarve7.pt\/index.php\/2023\/09\/odslocal-vai-distinguir-projetos-inspiradores-em-sustentabilidade-2\/ambiente\/13\/30\/\" \/>\n<meta property=\"og:site_name\" content=\"Algarve 7\" \/>\n<meta property=\"article:publisher\" content=\"https:\/\/www.facebook.com\/algarve7\" \/>\n<meta property=\"article:author\" content=\"https:\/\/www.facebook.com\/algarve7\" \/>\n<meta property=\"article:published_time\" content=\"2023-09-19T12:30:00+00:00\" \/>\n<meta property=\"og:image\" content=\"https:\/\/algarve7.pt\/wp-content\/uploads\/2022\/10\/odslocallogo.jpg\" \/>\n\t<meta property=\"og:image:width\" content=\"740\" \/>\n\t<meta property=\"og:image:height\" content=\"470\" \/>\n\t<meta property=\"og:image:type\" content=\"image\/jpeg\" \/>\n<meta name=\"author\" content=\"Algarve 7\" \/>\n<meta name=\"twitter:card\" content=\"summary_large_image\" \/>\n<meta name=\"twitter:creator\" content=\"@Algarvesete\" \/>\n<meta name=\"twitter:site\" content=\"@Algarvesete\" \/>\n<meta name=\"twitter:label1\" content=\"Escrito por\" \/>\n\t<meta name=\"twitter:data1\" content=\"Algarve 7\" \/>\n\t<meta name=\"twitter:label2\" content=\"Tempo estimado de leitura\" \/>\n\t<meta name=\"twitter:data2\" content=\"4 minutos\" \/>\n<script type=\"application\/ld+json\" class=\"yoast-schema-graph\">{\"@context\":\"https:\\\/\\\/schema.org\",\"@graph\":[{\"@type\":\"Article\",\"@id\":\"https:\\\/\\\/algarve7.pt\\\/index.php\\\/2023\\\/09\\\/odslocal-vai-distinguir-projetos-inspiradores-em-sustentabilidade-2\\\/ambiente\\\/13\\\/30\\\/#article\",\"isPartOf\":{\"@id\":\"https:\\\/\\\/algarve7.pt\\\/index.php\\\/2023\\\/09\\\/odslocal-vai-distinguir-projetos-inspiradores-em-sustentabilidade-2\\\/ambiente\\\/13\\\/30\\\/\"},\"author\":{\"name\":\"Algarve 7\",\"@id\":\"https:\\\/\\\/algarve7.pt\\\/#\\\/schema\\\/person\\\/23fa70681308e7b319a3204bcea45e0c\"},\"headline\":\"ODSlocal vai distinguir projetos inspiradores em sustentabilidade\",\"datePublished\":\"2023-09-19T12:30:00+00:00\",\"mainEntityOfPage\":{\"@id\":\"https:\\\/\\\/algarve7.pt\\\/index.php\\\/2023\\\/09\\\/odslocal-vai-distinguir-projetos-inspiradores-em-sustentabilidade-2\\\/ambiente\\\/13\\\/30\\\/\"},\"wordCount\":763,\"publisher\":{\"@id\":\"https:\\\/\\\/algarve7.pt\\\/#organization\"},\"image\":{\"@id\":\"https:\\\/\\\/algarve7.pt\\\/index.php\\\/2023\\\/09\\\/odslocal-vai-distinguir-projetos-inspiradores-em-sustentabilidade-2\\\/ambiente\\\/13\\\/30\\\/#primaryimage\"},\"thumbnailUrl\":\"https:\\\/\\\/algarve7.pt\\\/wp-content\\\/uploads\\\/2022\\\/10\\\/odslocallogo.jpg\",\"keywords\":[\"Ambiente\",\"Nacional\"],\"articleSection\":[\"Ambiente\"],\"inLanguage\":\"pt-PT\"},{\"@type\":\"WebPage\",\"@id\":\"https:\\\/\\\/algarve7.pt\\\/index.php\\\/2023\\\/09\\\/odslocal-vai-distinguir-projetos-inspiradores-em-sustentabilidade-2\\\/ambiente\\\/13\\\/30\\\/\",\"url\":\"https:\\\/\\\/algarve7.pt\\\/index.php\\\/2023\\\/09\\\/odslocal-vai-distinguir-projetos-inspiradores-em-sustentabilidade-2\\\/ambiente\\\/13\\\/30\\\/\",\"name\":\"ODSlocal vai distinguir projetos inspiradores em sustentabilidade - Algarve 7\",\"isPartOf\":{\"@id\":\"https:\\\/\\\/algarve7.pt\\\/#website\"},\"primaryImageOfPage\":{\"@id\":\"https:\\\/\\\/algarve7.pt\\\/index.php\\\/2023\\\/09\\\/odslocal-vai-distinguir-projetos-inspiradores-em-sustentabilidade-2\\\/ambiente\\\/13\\\/30\\\/#primaryimage\"},\"image\":{\"@id\":\"https:\\\/\\\/algarve7.pt\\\/index.php\\\/2023\\\/09\\\/odslocal-vai-distinguir-projetos-inspiradores-em-sustentabilidade-2\\\/ambiente\\\/13\\\/30\\\/#primaryimage\"},\"thumbnailUrl\":\"https:\\\/\\\/algarve7.pt\\\/wp-content\\\/uploads\\\/2022\\\/10\\\/odslocallogo.jpg\",\"datePublished\":\"2023-09-19T12:30:00+00:00\",\"description\":\"ODSlocal vai distinguir projetos inspiradores em sustentabilidade Ambiente\",\"breadcrumb\":{\"@id\":\"https:\\\/\\\/algarve7.pt\\\/index.php\\\/2023\\\/09\\\/odslocal-vai-distinguir-projetos-inspiradores-em-sustentabilidade-2\\\/ambiente\\\/13\\\/30\\\/#breadcrumb\"},\"inLanguage\":\"pt-PT\",\"potentialAction\":[{\"@type\":\"ReadAction\",\"target\":[\"https:\\\/\\\/algarve7.pt\\\/index.php\\\/2023\\\/09\\\/odslocal-vai-distinguir-projetos-inspiradores-em-sustentabilidade-2\\\/ambiente\\\/13\\\/30\\\/\"]}]},{\"@type\":\"ImageObject\",\"inLanguage\":\"pt-PT\",\"@id\":\"https:\\\/\\\/algarve7.pt\\\/index.php\\\/2023\\\/09\\\/odslocal-vai-distinguir-projetos-inspiradores-em-sustentabilidade-2\\\/ambiente\\\/13\\\/30\\\/#primaryimage\",\"url\":\"https:\\\/\\\/algarve7.pt\\\/wp-content\\\/uploads\\\/2022\\\/10\\\/odslocallogo.jpg\",\"contentUrl\":\"https:\\\/\\\/algarve7.pt\\\/wp-content\\\/uploads\\\/2022\\\/10\\\/odslocallogo.jpg\",\"width\":740,\"height\":470},{\"@type\":\"BreadcrumbList\",\"@id\":\"https:\\\/\\\/algarve7.pt\\\/index.php\\\/2023\\\/09\\\/odslocal-vai-distinguir-projetos-inspiradores-em-sustentabilidade-2\\\/ambiente\\\/13\\\/30\\\/#breadcrumb\",\"itemListElement\":[{\"@type\":\"ListItem\",\"position\":1,\"name\":\"In\u00edcio\",\"item\":\"https:\\\/\\\/algarve7.pt\\\/\"},{\"@type\":\"ListItem\",\"position\":2,\"name\":\"ODSlocal vai distinguir projetos inspiradores em sustentabilidade\"}]},{\"@type\":\"WebSite\",\"@id\":\"https:\\\/\\\/algarve7.pt\\\/#website\",\"url\":\"https:\\\/\\\/algarve7.pt\\\/\",\"name\":\"Algarve 7\",\"description\":\"Informa\u00e7\u00e3o sobre o Algarve\",\"publisher\":{\"@id\":\"https:\\\/\\\/algarve7.pt\\\/#organization\"},\"potentialAction\":[{\"@type\":\"SearchAction\",\"target\":{\"@type\":\"EntryPoint\",\"urlTemplate\":\"https:\\\/\\\/algarve7.pt\\\/?s={search_term_string}\"},\"query-input\":{\"@type\":\"PropertyValueSpecification\",\"valueRequired\":true,\"valueName\":\"search_term_string\"}}],\"inLanguage\":\"pt-PT\"},{\"@type\":\"Organization\",\"@id\":\"https:\\\/\\\/algarve7.pt\\\/#organization\",\"name\":\"Algarve 7\",\"url\":\"https:\\\/\\\/algarve7.pt\\\/\",\"logo\":{\"@type\":\"ImageObject\",\"inLanguage\":\"pt-PT\",\"@id\":\"https:\\\/\\\/algarve7.pt\\\/#\\\/schema\\\/logo\\\/image\\\/\",\"url\":\"https:\\\/\\\/algarve7.pt\\\/wp-content\\\/uploads\\\/2020\\\/10\\\/Logo-8.jpg\",\"contentUrl\":\"https:\\\/\\\/algarve7.pt\\\/wp-content\\\/uploads\\\/2020\\\/10\\\/Logo-8.jpg\",\"width\":1680,\"height\":1186,\"caption\":\"Algarve 7\"},\"image\":{\"@id\":\"https:\\\/\\\/algarve7.pt\\\/#\\\/schema\\\/logo\\\/image\\\/\"},\"sameAs\":[\"https:\\\/\\\/www.facebook.com\\\/algarve7\",\"https:\\\/\\\/x.com\\\/Algarvesete\",\"https:\\\/\\\/www.instagram.com\\\/jornalalgarve7\\\/\",\"https:\\\/\\\/www.linkedin.com\\\/company\\\/algarve7\",\"https:\\\/\\\/www.pinterest.pt\\\/geral0939\\\/_created\\\/\"]},{\"@type\":\"Person\",\"@id\":\"https:\\\/\\\/algarve7.pt\\\/#\\\/schema\\\/person\\\/23fa70681308e7b319a3204bcea45e0c\",\"name\":\"Algarve 7\",\"sameAs\":[\"https:\\\/\\\/algarve7.pt\",\"https:\\\/\\\/www.facebook.com\\\/algarve7\"],\"url\":\"https:\\\/\\\/algarve7.pt\\\/index.php\\\/author\\\/geralalgarve7-pt\\\/\"}]}<\/script>\n<!-- \/ Yoast SEO plugin. -->","yoast_head_json":{"title":"ODSlocal vai distinguir projetos inspiradores em sustentabilidade - Algarve 7","description":"ODSlocal vai distinguir projetos inspiradores em sustentabilidade Ambiente","robots":{"index":"index","follow":"follow","max-snippet":"max-snippet:-1","max-image-preview":"max-image-preview:large","max-video-preview":"max-video-preview:-1"},"canonical":"https:\/\/algarve7.pt\/index.php\/2023\/09\/odslocal-vai-distinguir-projetos-inspiradores-em-sustentabilidade-2\/ambiente\/13\/30\/","og_locale":"pt_PT","og_type":"article","og_title":"ODSlocal vai distinguir projetos inspiradores em sustentabilidade - Algarve 7","og_description":"ODSlocal vai distinguir projetos inspiradores em sustentabilidade Ambiente","og_url":"https:\/\/algarve7.pt\/index.php\/2023\/09\/odslocal-vai-distinguir-projetos-inspiradores-em-sustentabilidade-2\/ambiente\/13\/30\/","og_site_name":"Algarve 7","article_publisher":"https:\/\/www.facebook.com\/algarve7","article_author":"https:\/\/www.facebook.com\/algarve7","article_published_time":"2023-09-19T12:30:00+00:00","og_image":[{"width":740,"height":470,"url":"https:\/\/algarve7.pt\/wp-content\/uploads\/2022\/10\/odslocallogo.jpg","type":"image\/jpeg"}],"author":"Algarve 7","twitter_card":"summary_large_image","twitter_creator":"@Algarvesete","twitter_site":"@Algarvesete","twitter_misc":{"Escrito por":"Algarve 7","Tempo estimado de leitura":"4 minutos"},"schema":{"@context":"https:\/\/schema.org","@graph":[{"@type":"Article","@id":"https:\/\/algarve7.pt\/index.php\/2023\/09\/odslocal-vai-distinguir-projetos-inspiradores-em-sustentabilidade-2\/ambiente\/13\/30\/#article","isPartOf":{"@id":"https:\/\/algarve7.pt\/index.php\/2023\/09\/odslocal-vai-distinguir-projetos-inspiradores-em-sustentabilidade-2\/ambiente\/13\/30\/"},"author":{"name":"Algarve 7","@id":"https:\/\/algarve7.pt\/#\/schema\/person\/23fa70681308e7b319a3204bcea45e0c"},"headline":"ODSlocal vai distinguir projetos inspiradores em sustentabilidade","datePublished":"2023-09-19T12:30:00+00:00","mainEntityOfPage":{"@id":"https:\/\/algarve7.pt\/index.php\/2023\/09\/odslocal-vai-distinguir-projetos-inspiradores-em-sustentabilidade-2\/ambiente\/13\/30\/"},"wordCount":763,"publisher":{"@id":"https:\/\/algarve7.pt\/#organization"},"image":{"@id":"https:\/\/algarve7.pt\/index.php\/2023\/09\/odslocal-vai-distinguir-projetos-inspiradores-em-sustentabilidade-2\/ambiente\/13\/30\/#primaryimage"},"thumbnailUrl":"https:\/\/algarve7.pt\/wp-content\/uploads\/2022\/10\/odslocallogo.jpg","keywords":["Ambiente","Nacional"],"articleSection":["Ambiente"],"inLanguage":"pt-PT"},{"@type":"WebPage","@id":"https:\/\/algarve7.pt\/index.php\/2023\/09\/odslocal-vai-distinguir-projetos-inspiradores-em-sustentabilidade-2\/ambiente\/13\/30\/","url":"https:\/\/algarve7.pt\/index.php\/2023\/09\/odslocal-vai-distinguir-projetos-inspiradores-em-sustentabilidade-2\/ambiente\/13\/30\/","name":"ODSlocal vai distinguir projetos inspiradores em sustentabilidade - Algarve 7","isPartOf":{"@id":"https:\/\/algarve7.pt\/#website"},"primaryImageOfPage":{"@id":"https:\/\/algarve7.pt\/index.php\/2023\/09\/odslocal-vai-distinguir-projetos-inspiradores-em-sustentabilidade-2\/ambiente\/13\/30\/#primaryimage"},"image":{"@id":"https:\/\/algarve7.pt\/index.php\/2023\/09\/odslocal-vai-distinguir-projetos-inspiradores-em-sustentabilidade-2\/ambiente\/13\/30\/#primaryimage"},"thumbnailUrl":"https:\/\/algarve7.pt\/wp-content\/uploads\/2022\/10\/odslocallogo.jpg","datePublished":"2023-09-19T12:30:00+00:00","description":"ODSlocal vai distinguir projetos inspiradores em sustentabilidade Ambiente","breadcrumb":{"@id":"https:\/\/algarve7.pt\/index.php\/2023\/09\/odslocal-vai-distinguir-projetos-inspiradores-em-sustentabilidade-2\/ambiente\/13\/30\/#breadcrumb"},"inLanguage":"pt-PT","potentialAction":[{"@type":"ReadAction","target":["https:\/\/algarve7.pt\/index.php\/2023\/09\/odslocal-vai-distinguir-projetos-inspiradores-em-sustentabilidade-2\/ambiente\/13\/30\/"]}]},{"@type":"ImageObject","inLanguage":"pt-PT","@id":"https:\/\/algarve7.pt\/index.php\/2023\/09\/odslocal-vai-distinguir-projetos-inspiradores-em-sustentabilidade-2\/ambiente\/13\/30\/#primaryimage","url":"https:\/\/algarve7.pt\/wp-content\/uploads\/2022\/10\/odslocallogo.jpg","contentUrl":"https:\/\/algarve7.pt\/wp-content\/uploads\/2022\/10\/odslocallogo.jpg","width":740,"height":470},{"@type":"BreadcrumbList","@id":"https:\/\/algarve7.pt\/index.php\/2023\/09\/odslocal-vai-distinguir-projetos-inspiradores-em-sustentabilidade-2\/ambiente\/13\/30\/#breadcrumb","itemListElement":[{"@type":"ListItem","position":1,"name":"In\u00edcio","item":"https:\/\/algarve7.pt\/"},{"@type":"ListItem","position":2,"name":"ODSlocal vai distinguir projetos inspiradores em sustentabilidade"}]},{"@type":"WebSite","@id":"https:\/\/algarve7.pt\/#website","url":"https:\/\/algarve7.pt\/","name":"Algarve 7","description":"Informa\u00e7\u00e3o sobre o Algarve","publisher":{"@id":"https:\/\/algarve7.pt\/#organization"},"potentialAction":[{"@type":"SearchAction","target":{"@type":"EntryPoint","urlTemplate":"https:\/\/algarve7.pt\/?s={search_term_string}"},"query-input":{"@type":"PropertyValueSpecification","valueRequired":true,"valueName":"search_term_string"}}],"inLanguage":"pt-PT"},{"@type":"Organization","@id":"https:\/\/algarve7.pt\/#organization","name":"Algarve 7","url":"https:\/\/algarve7.pt\/","logo":{"@type":"ImageObject","inLanguage":"pt-PT","@id":"https:\/\/algarve7.pt\/#\/schema\/logo\/image\/","url":"https:\/\/algarve7.pt\/wp-content\/uploads\/2020\/10\/Logo-8.jpg","contentUrl":"https:\/\/algarve7.pt\/wp-content\/uploads\/2020\/10\/Logo-8.jpg","width":1680,"height":1186,"caption":"Algarve 7"},"image":{"@id":"https:\/\/algarve7.pt\/#\/schema\/logo\/image\/"},"sameAs":["https:\/\/www.facebook.com\/algarve7","https:\/\/x.com\/Algarvesete","https:\/\/www.instagram.com\/jornalalgarve7\/","https:\/\/www.linkedin.com\/company\/algarve7","https:\/\/www.pinterest.pt\/geral0939\/_created\/"]},{"@type":"Person","@id":"https:\/\/algarve7.pt\/#\/schema\/person\/23fa70681308e7b319a3204bcea45e0c","name":"Algarve 7","sameAs":["https:\/\/algarve7.pt","https:\/\/www.facebook.com\/algarve7"],"url":"https:\/\/algarve7.pt\/index.php\/author\/geralalgarve7-pt\/"}]}},"jetpack_publicize_connections":[],"jetpack_featured_media_url":"https:\/\/algarve7.pt\/wp-content\/uploads\/2022\/10\/odslocallogo.jpg","jetpack_shortlink":"https:\/\/wp.me\/pcezmW-83P","jetpack_sharing_enabled":true,"_links":{"self":[{"href":"https:\/\/algarve7.pt\/index.php\/wp-json\/wp\/v2\/posts\/30989","targetHints":{"allow":["GET"]}}],"collection":[{"href":"https:\/\/algarve7.pt\/index.php\/wp-json\/wp\/v2\/posts"}],"about":[{"href":"https:\/\/algarve7.pt\/index.php\/wp-json\/wp\/v2\/types\/post"}],"author":[{"embeddable":true,"href":"https:\/\/algarve7.pt\/index.php\/wp-json\/wp\/v2\/users\/1"}],"replies":[{"embeddable":true,"href":"https:\/\/algarve7.pt\/index.php\/wp-json\/wp\/v2\/comments?post=30989"}],"version-history":[{"count":0,"href":"https:\/\/algarve7.pt\/index.php\/wp-json\/wp\/v2\/posts\/30989\/revisions"}],"wp:featuredmedia":[{"embeddable":true,"href":"https:\/\/algarve7.pt\/index.php\/wp-json\/wp\/v2\/media\/22860"}],"wp:attachment":[{"href":"https:\/\/algarve7.pt\/index.php\/wp-json\/wp\/v2\/media?parent=30989"}],"wp:term":[{"taxonomy":"category","embeddable":true,"href":"https:\/\/algarve7.pt\/index.php\/wp-json\/wp\/v2\/categories?post=30989"},{"taxonomy":"post_tag","embeddable":true,"href":"https:\/\/algarve7.pt\/index.php\/wp-json\/wp\/v2\/tags?post=30989"}],"curies":[{"name":"wp","href":"https:\/\/api.w.org\/{rel}","templated":true}]}}