{"id":30982,"date":"2023-09-19T12:43:00","date_gmt":"2023-09-19T11:43:00","guid":{"rendered":"https:\/\/algarve7.pt\/?p=30982"},"modified":"2023-09-18T20:45:17","modified_gmt":"2023-09-18T19:45:17","slug":"arranque-da-nova-epoca-do-desporto-senior-de-silves-com-inscricoes-a-partir-de-25-de-setembro","status":"publish","type":"post","link":"https:\/\/algarve7.pt\/index.php\/2023\/09\/arranque-da-nova-epoca-do-desporto-senior-de-silves-com-inscricoes-a-partir-de-25-de-setembro\/desporto\/12\/43\/","title":{"rendered":"Arranque da nova \u00e9poca do desporto s\u00e9nior de Silves com inscri\u00e7\u00f5es a partir de 25 de setembro"},"content":{"rendered":"\n<p>O Munic\u00edpio de Silves retoma a partir do m\u00eas de setembro, o programa \u201cDesporto S\u00e9nior \u2013 D\u00ea outro ritmo \u00e0 sua vida\u201d.<\/p>\n\n\n\n<p>Este programa destina-se a mun\u00edcipes a partir dos 55 anos e tem como principal objetivo a promo\u00e7\u00e3o do envelhecimento ativo e a ado\u00e7\u00e3o de estilos de vida saud\u00e1veis, autoestima, relacionamento interpessoal e a consequente melhoria da qualidade de vida dos mun\u00edcipes.<\/p>\n\n\n\n<p>As aulas ir\u00e3o decorrer nas salas\/gin\u00e1sios existentes nas v\u00e1rias localidades do concelho, atrav\u00e9s do desenvolvimento de aulas de gin\u00e1stica\/atividade f\u00edsica, com uma frequ\u00eancia de 2 vezes por semana; um passeio anual; a participa\u00e7\u00e3o nas Olimp\u00edadas S\u00e9nior e o encontro final do Desporto S\u00e9nior.<\/p>\n\n\n\n<p>Conhe\u00e7a a calendariza\u00e7\u00e3o da \u00e9poca desportiva 2022\/2023:<\/p>\n\n\n\n<p>1\u00ba Per\u00edodo: 25 de Setembro de 2023 a 15 de Dezembro de 2023<\/p>\n\n\n\n<p>2\u00ba Per\u00edodo: 3 de Janeiro de 2024 a 22 de Mar\u00e7o de 2024<\/p>\n\n\n\n<p>3\u00ba Per\u00edodo: 8 de Abril de 2024 a 12 de Junho de 2024<\/p>\n\n\n\n<p>Interrup\u00e7\u00f5es:<\/p>\n\n\n\n<p>1\u00ba Per\u00edodo: 18 de Dezembro de 2023 a 3 de Janeiro de 2024 (Natal)<\/p>\n\n\n\n<p>2\u00ba Per\u00edodo: 12 a 14 de Fevereiro 2024 (Carnaval)<\/p>\n\n\n\n<p>3\u00ba Per\u00edodo: 25 de Mar\u00e7o a 5 de Abril de 2024 (P\u00e1scoa)<\/p>\n\n\n\n<p>As inscri\u00e7\u00f5es t\u00eam in\u00edcio no dia 25 de setembro, junto ao professor da classe.<\/p>\n\n\n\n<p>O telefone 282 440 270 (chamada para rede fixa nacional) e o endere\u00e7o de correio eletr\u00f3nico desporto@cm-silves.pt s\u00e3o os contactos Setor de Desporto da CMS, localizado nas Piscinas Municipais de Silves, dispon\u00edveis para o fornecimento de informa\u00e7\u00f5es adicionais.<\/p>\n\n\n\n<p>Consulte os hor\u00e1rios em: <a href=\"https:\/\/www.cm-silves.pt\" target=\"_blank\" rel=\"noreferrer noopener\">https:\/\/www.cm-silves.pt<\/a><\/p>\n","protected":false},"excerpt":{"rendered":"<p>O Munic\u00edpio de Silves retoma a partir do m\u00eas de setembro, o programa \u201cDesporto S\u00e9nior \u2013 D\u00ea outro ritmo \u00e0<\/p>\n","protected":false},"author":1,"featured_media":30983,"comment_status":"closed","ping_status":"open","sticky":false,"template":"","format":"standard","meta":{"colormag_page_container_layout":"default_layout","colormag_page_sidebar_layout":"default_layout","_monsterinsights_skip_tracking":false,"_monsterinsights_sitenote_active":false,"_monsterinsights_sitenote_note":"","_monsterinsights_sitenote_category":0,"jetpack_post_was_ever_published":false,"_jetpack_newsletter_access":"","_jetpack_dont_email_post_to_subs":false,"_jetpack_newsletter_tier_id":0,"_jetpack_memberships_contains_paywalled_content":false,"_jetpack_memberships_contains_paid_content":false,"footnotes":"","jetpack_publicize_message":"","jetpack_publicize_feature_enabled":true,"jetpack_social_post_already_shared":true,"jetpack_social_options":{"image_generator_settings":{"template":"highway","default_image_id":0,"font":"","enabled":false},"version":2}},"categories":[15],"tags":[36,40,42],"class_list":["post-30982","post","type-post","status-publish","format-standard","has-post-thumbnail","hentry","category-desporto","tag-algarve","tag-desporto","tag-silves"],"yoast_head":"<!-- This site is optimized with the Yoast SEO plugin v27.4 - https:\/\/yoast.com\/product\/yoast-seo-wordpress\/ -->\n<title>Arranque da nova \u00e9poca do desporto s\u00e9nior de Silves com inscri\u00e7\u00f5es a partir de 25 de setembro - Algarve 7<\/title>\n<meta name=\"description\" content=\"Arranque da nova \u00e9poca do desporto s\u00e9nior de Silves com inscri\u00e7\u00f5es a partir de 25 de setembro Desporto\" \/>\n<meta name=\"robots\" content=\"index, follow, max-snippet:-1, max-image-preview:large, max-video-preview:-1\" \/>\n<link rel=\"canonical\" href=\"https:\/\/algarve7.pt\/index.php\/2023\/09\/arranque-da-nova-epoca-do-desporto-senior-de-silves-com-inscricoes-a-partir-de-25-de-setembro\/desporto\/12\/43\/\" \/>\n<meta property=\"og:locale\" content=\"pt_PT\" \/>\n<meta property=\"og:type\" content=\"article\" \/>\n<meta property=\"og:title\" content=\"Arranque da nova \u00e9poca do desporto s\u00e9nior de Silves com inscri\u00e7\u00f5es a partir de 25 de setembro - Algarve 7\" \/>\n<meta property=\"og:description\" content=\"Arranque da nova \u00e9poca do desporto s\u00e9nior de Silves com inscri\u00e7\u00f5es a partir de 25 de setembro Desporto\" \/>\n<meta property=\"og:url\" content=\"https:\/\/algarve7.pt\/index.php\/2023\/09\/arranque-da-nova-epoca-do-desporto-senior-de-silves-com-inscricoes-a-partir-de-25-de-setembro\/desporto\/12\/43\/\" \/>\n<meta property=\"og:site_name\" content=\"Algarve 7\" \/>\n<meta property=\"article:publisher\" content=\"https:\/\/www.facebook.com\/algarve7\" \/>\n<meta property=\"article:author\" content=\"https:\/\/www.facebook.com\/algarve7\" \/>\n<meta property=\"article:published_time\" content=\"2023-09-19T11:43:00+00:00\" \/>\n<meta property=\"og:image\" content=\"https:\/\/algarve7.pt\/wp-content\/uploads\/2023\/09\/NOTICIA_desporto-senior-2023_2024.jpg\" \/>\n\t<meta property=\"og:image:width\" content=\"1024\" \/>\n\t<meta property=\"og:image:height\" content=\"496\" \/>\n\t<meta property=\"og:image:type\" content=\"image\/jpeg\" \/>\n<meta name=\"author\" content=\"Algarve 7\" \/>\n<meta name=\"twitter:card\" content=\"summary_large_image\" \/>\n<meta name=\"twitter:creator\" content=\"@Algarvesete\" \/>\n<meta name=\"twitter:site\" content=\"@Algarvesete\" \/>\n<meta name=\"twitter:label1\" content=\"Escrito por\" \/>\n\t<meta name=\"twitter:data1\" content=\"Algarve 7\" \/>\n\t<meta name=\"twitter:label2\" content=\"Tempo estimado de leitura\" \/>\n\t<meta name=\"twitter:data2\" content=\"2 minutos\" \/>\n<script type=\"application\/ld+json\" class=\"yoast-schema-graph\">{\"@context\":\"https:\\\/\\\/schema.org\",\"@graph\":[{\"@type\":\"Article\",\"@id\":\"https:\\\/\\\/algarve7.pt\\\/index.php\\\/2023\\\/09\\\/arranque-da-nova-epoca-do-desporto-senior-de-silves-com-inscricoes-a-partir-de-25-de-setembro\\\/desporto\\\/12\\\/43\\\/#article\",\"isPartOf\":{\"@id\":\"https:\\\/\\\/algarve7.pt\\\/index.php\\\/2023\\\/09\\\/arranque-da-nova-epoca-do-desporto-senior-de-silves-com-inscricoes-a-partir-de-25-de-setembro\\\/desporto\\\/12\\\/43\\\/\"},\"author\":{\"name\":\"Algarve 7\",\"@id\":\"https:\\\/\\\/algarve7.pt\\\/#\\\/schema\\\/person\\\/23fa70681308e7b319a3204bcea45e0c\"},\"headline\":\"Arranque da nova \u00e9poca do desporto s\u00e9nior de Silves com inscri\u00e7\u00f5es a partir de 25 de setembro\",\"datePublished\":\"2023-09-19T11:43:00+00:00\",\"mainEntityOfPage\":{\"@id\":\"https:\\\/\\\/algarve7.pt\\\/index.php\\\/2023\\\/09\\\/arranque-da-nova-epoca-do-desporto-senior-de-silves-com-inscricoes-a-partir-de-25-de-setembro\\\/desporto\\\/12\\\/43\\\/\"},\"wordCount\":273,\"publisher\":{\"@id\":\"https:\\\/\\\/algarve7.pt\\\/#organization\"},\"image\":{\"@id\":\"https:\\\/\\\/algarve7.pt\\\/index.php\\\/2023\\\/09\\\/arranque-da-nova-epoca-do-desporto-senior-de-silves-com-inscricoes-a-partir-de-25-de-setembro\\\/desporto\\\/12\\\/43\\\/#primaryimage\"},\"thumbnailUrl\":\"https:\\\/\\\/algarve7.pt\\\/wp-content\\\/uploads\\\/2023\\\/09\\\/NOTICIA_desporto-senior-2023_2024.jpg\",\"keywords\":[\"Algarve\",\"Desporto\",\"Silves\"],\"articleSection\":[\"Desporto\"],\"inLanguage\":\"pt-PT\"},{\"@type\":\"WebPage\",\"@id\":\"https:\\\/\\\/algarve7.pt\\\/index.php\\\/2023\\\/09\\\/arranque-da-nova-epoca-do-desporto-senior-de-silves-com-inscricoes-a-partir-de-25-de-setembro\\\/desporto\\\/12\\\/43\\\/\",\"url\":\"https:\\\/\\\/algarve7.pt\\\/index.php\\\/2023\\\/09\\\/arranque-da-nova-epoca-do-desporto-senior-de-silves-com-inscricoes-a-partir-de-25-de-setembro\\\/desporto\\\/12\\\/43\\\/\",\"name\":\"Arranque da nova \u00e9poca do desporto s\u00e9nior de Silves com inscri\u00e7\u00f5es a partir de 25 de setembro - Algarve 7\",\"isPartOf\":{\"@id\":\"https:\\\/\\\/algarve7.pt\\\/#website\"},\"primaryImageOfPage\":{\"@id\":\"https:\\\/\\\/algarve7.pt\\\/index.php\\\/2023\\\/09\\\/arranque-da-nova-epoca-do-desporto-senior-de-silves-com-inscricoes-a-partir-de-25-de-setembro\\\/desporto\\\/12\\\/43\\\/#primaryimage\"},\"image\":{\"@id\":\"https:\\\/\\\/algarve7.pt\\\/index.php\\\/2023\\\/09\\\/arranque-da-nova-epoca-do-desporto-senior-de-silves-com-inscricoes-a-partir-de-25-de-setembro\\\/desporto\\\/12\\\/43\\\/#primaryimage\"},\"thumbnailUrl\":\"https:\\\/\\\/algarve7.pt\\\/wp-content\\\/uploads\\\/2023\\\/09\\\/NOTICIA_desporto-senior-2023_2024.jpg\",\"datePublished\":\"2023-09-19T11:43:00+00:00\",\"description\":\"Arranque da nova \u00e9poca do desporto s\u00e9nior de Silves com inscri\u00e7\u00f5es a partir de 25 de setembro Desporto\",\"breadcrumb\":{\"@id\":\"https:\\\/\\\/algarve7.pt\\\/index.php\\\/2023\\\/09\\\/arranque-da-nova-epoca-do-desporto-senior-de-silves-com-inscricoes-a-partir-de-25-de-setembro\\\/desporto\\\/12\\\/43\\\/#breadcrumb\"},\"inLanguage\":\"pt-PT\",\"potentialAction\":[{\"@type\":\"ReadAction\",\"target\":[\"https:\\\/\\\/algarve7.pt\\\/index.php\\\/2023\\\/09\\\/arranque-da-nova-epoca-do-desporto-senior-de-silves-com-inscricoes-a-partir-de-25-de-setembro\\\/desporto\\\/12\\\/43\\\/\"]}]},{\"@type\":\"ImageObject\",\"inLanguage\":\"pt-PT\",\"@id\":\"https:\\\/\\\/algarve7.pt\\\/index.php\\\/2023\\\/09\\\/arranque-da-nova-epoca-do-desporto-senior-de-silves-com-inscricoes-a-partir-de-25-de-setembro\\\/desporto\\\/12\\\/43\\\/#primaryimage\",\"url\":\"https:\\\/\\\/algarve7.pt\\\/wp-content\\\/uploads\\\/2023\\\/09\\\/NOTICIA_desporto-senior-2023_2024.jpg\",\"contentUrl\":\"https:\\\/\\\/algarve7.pt\\\/wp-content\\\/uploads\\\/2023\\\/09\\\/NOTICIA_desporto-senior-2023_2024.jpg\",\"width\":1024,\"height\":496},{\"@type\":\"BreadcrumbList\",\"@id\":\"https:\\\/\\\/algarve7.pt\\\/index.php\\\/2023\\\/09\\\/arranque-da-nova-epoca-do-desporto-senior-de-silves-com-inscricoes-a-partir-de-25-de-setembro\\\/desporto\\\/12\\\/43\\\/#breadcrumb\",\"itemListElement\":[{\"@type\":\"ListItem\",\"position\":1,\"name\":\"In\u00edcio\",\"item\":\"https:\\\/\\\/algarve7.pt\\\/\"},{\"@type\":\"ListItem\",\"position\":2,\"name\":\"Arranque da nova \u00e9poca do desporto s\u00e9nior de Silves com inscri\u00e7\u00f5es a partir de 25 de setembro\"}]},{\"@type\":\"WebSite\",\"@id\":\"https:\\\/\\\/algarve7.pt\\\/#website\",\"url\":\"https:\\\/\\\/algarve7.pt\\\/\",\"name\":\"Algarve 7\",\"description\":\"Informa\u00e7\u00e3o sobre o Algarve\",\"publisher\":{\"@id\":\"https:\\\/\\\/algarve7.pt\\\/#organization\"},\"potentialAction\":[{\"@type\":\"SearchAction\",\"target\":{\"@type\":\"EntryPoint\",\"urlTemplate\":\"https:\\\/\\\/algarve7.pt\\\/?s={search_term_string}\"},\"query-input\":{\"@type\":\"PropertyValueSpecification\",\"valueRequired\":true,\"valueName\":\"search_term_string\"}}],\"inLanguage\":\"pt-PT\"},{\"@type\":\"Organization\",\"@id\":\"https:\\\/\\\/algarve7.pt\\\/#organization\",\"name\":\"Algarve 7\",\"url\":\"https:\\\/\\\/algarve7.pt\\\/\",\"logo\":{\"@type\":\"ImageObject\",\"inLanguage\":\"pt-PT\",\"@id\":\"https:\\\/\\\/algarve7.pt\\\/#\\\/schema\\\/logo\\\/image\\\/\",\"url\":\"https:\\\/\\\/algarve7.pt\\\/wp-content\\\/uploads\\\/2020\\\/10\\\/Logo-8.jpg\",\"contentUrl\":\"https:\\\/\\\/algarve7.pt\\\/wp-content\\\/uploads\\\/2020\\\/10\\\/Logo-8.jpg\",\"width\":1680,\"height\":1186,\"caption\":\"Algarve 7\"},\"image\":{\"@id\":\"https:\\\/\\\/algarve7.pt\\\/#\\\/schema\\\/logo\\\/image\\\/\"},\"sameAs\":[\"https:\\\/\\\/www.facebook.com\\\/algarve7\",\"https:\\\/\\\/x.com\\\/Algarvesete\",\"https:\\\/\\\/www.instagram.com\\\/jornalalgarve7\\\/\",\"https:\\\/\\\/www.linkedin.com\\\/company\\\/algarve7\",\"https:\\\/\\\/www.pinterest.pt\\\/geral0939\\\/_created\\\/\"]},{\"@type\":\"Person\",\"@id\":\"https:\\\/\\\/algarve7.pt\\\/#\\\/schema\\\/person\\\/23fa70681308e7b319a3204bcea45e0c\",\"name\":\"Algarve 7\",\"sameAs\":[\"https:\\\/\\\/algarve7.pt\",\"https:\\\/\\\/www.facebook.com\\\/algarve7\"],\"url\":\"https:\\\/\\\/algarve7.pt\\\/index.php\\\/author\\\/geralalgarve7-pt\\\/\"}]}<\/script>\n<!-- \/ Yoast SEO plugin. -->","yoast_head_json":{"title":"Arranque da nova \u00e9poca do desporto s\u00e9nior de Silves com inscri\u00e7\u00f5es a partir de 25 de setembro - Algarve 7","description":"Arranque da nova \u00e9poca do desporto s\u00e9nior de Silves com inscri\u00e7\u00f5es a partir de 25 de setembro Desporto","robots":{"index":"index","follow":"follow","max-snippet":"max-snippet:-1","max-image-preview":"max-image-preview:large","max-video-preview":"max-video-preview:-1"},"canonical":"https:\/\/algarve7.pt\/index.php\/2023\/09\/arranque-da-nova-epoca-do-desporto-senior-de-silves-com-inscricoes-a-partir-de-25-de-setembro\/desporto\/12\/43\/","og_locale":"pt_PT","og_type":"article","og_title":"Arranque da nova \u00e9poca do desporto s\u00e9nior de Silves com inscri\u00e7\u00f5es a partir de 25 de setembro - Algarve 7","og_description":"Arranque da nova \u00e9poca do desporto s\u00e9nior de Silves com inscri\u00e7\u00f5es a partir de 25 de setembro Desporto","og_url":"https:\/\/algarve7.pt\/index.php\/2023\/09\/arranque-da-nova-epoca-do-desporto-senior-de-silves-com-inscricoes-a-partir-de-25-de-setembro\/desporto\/12\/43\/","og_site_name":"Algarve 7","article_publisher":"https:\/\/www.facebook.com\/algarve7","article_author":"https:\/\/www.facebook.com\/algarve7","article_published_time":"2023-09-19T11:43:00+00:00","og_image":[{"width":1024,"height":496,"url":"https:\/\/algarve7.pt\/wp-content\/uploads\/2023\/09\/NOTICIA_desporto-senior-2023_2024.jpg","type":"image\/jpeg"}],"author":"Algarve 7","twitter_card":"summary_large_image","twitter_creator":"@Algarvesete","twitter_site":"@Algarvesete","twitter_misc":{"Escrito por":"Algarve 7","Tempo estimado de leitura":"2 minutos"},"schema":{"@context":"https:\/\/schema.org","@graph":[{"@type":"Article","@id":"https:\/\/algarve7.pt\/index.php\/2023\/09\/arranque-da-nova-epoca-do-desporto-senior-de-silves-com-inscricoes-a-partir-de-25-de-setembro\/desporto\/12\/43\/#article","isPartOf":{"@id":"https:\/\/algarve7.pt\/index.php\/2023\/09\/arranque-da-nova-epoca-do-desporto-senior-de-silves-com-inscricoes-a-partir-de-25-de-setembro\/desporto\/12\/43\/"},"author":{"name":"Algarve 7","@id":"https:\/\/algarve7.pt\/#\/schema\/person\/23fa70681308e7b319a3204bcea45e0c"},"headline":"Arranque da nova \u00e9poca do desporto s\u00e9nior de Silves com inscri\u00e7\u00f5es a partir de 25 de setembro","datePublished":"2023-09-19T11:43:00+00:00","mainEntityOfPage":{"@id":"https:\/\/algarve7.pt\/index.php\/2023\/09\/arranque-da-nova-epoca-do-desporto-senior-de-silves-com-inscricoes-a-partir-de-25-de-setembro\/desporto\/12\/43\/"},"wordCount":273,"publisher":{"@id":"https:\/\/algarve7.pt\/#organization"},"image":{"@id":"https:\/\/algarve7.pt\/index.php\/2023\/09\/arranque-da-nova-epoca-do-desporto-senior-de-silves-com-inscricoes-a-partir-de-25-de-setembro\/desporto\/12\/43\/#primaryimage"},"thumbnailUrl":"https:\/\/algarve7.pt\/wp-content\/uploads\/2023\/09\/NOTICIA_desporto-senior-2023_2024.jpg","keywords":["Algarve","Desporto","Silves"],"articleSection":["Desporto"],"inLanguage":"pt-PT"},{"@type":"WebPage","@id":"https:\/\/algarve7.pt\/index.php\/2023\/09\/arranque-da-nova-epoca-do-desporto-senior-de-silves-com-inscricoes-a-partir-de-25-de-setembro\/desporto\/12\/43\/","url":"https:\/\/algarve7.pt\/index.php\/2023\/09\/arranque-da-nova-epoca-do-desporto-senior-de-silves-com-inscricoes-a-partir-de-25-de-setembro\/desporto\/12\/43\/","name":"Arranque da nova \u00e9poca do desporto s\u00e9nior de Silves com inscri\u00e7\u00f5es a partir de 25 de setembro - Algarve 7","isPartOf":{"@id":"https:\/\/algarve7.pt\/#website"},"primaryImageOfPage":{"@id":"https:\/\/algarve7.pt\/index.php\/2023\/09\/arranque-da-nova-epoca-do-desporto-senior-de-silves-com-inscricoes-a-partir-de-25-de-setembro\/desporto\/12\/43\/#primaryimage"},"image":{"@id":"https:\/\/algarve7.pt\/index.php\/2023\/09\/arranque-da-nova-epoca-do-desporto-senior-de-silves-com-inscricoes-a-partir-de-25-de-setembro\/desporto\/12\/43\/#primaryimage"},"thumbnailUrl":"https:\/\/algarve7.pt\/wp-content\/uploads\/2023\/09\/NOTICIA_desporto-senior-2023_2024.jpg","datePublished":"2023-09-19T11:43:00+00:00","description":"Arranque da nova \u00e9poca do desporto s\u00e9nior de Silves com inscri\u00e7\u00f5es a partir de 25 de setembro Desporto","breadcrumb":{"@id":"https:\/\/algarve7.pt\/index.php\/2023\/09\/arranque-da-nova-epoca-do-desporto-senior-de-silves-com-inscricoes-a-partir-de-25-de-setembro\/desporto\/12\/43\/#breadcrumb"},"inLanguage":"pt-PT","potentialAction":[{"@type":"ReadAction","target":["https:\/\/algarve7.pt\/index.php\/2023\/09\/arranque-da-nova-epoca-do-desporto-senior-de-silves-com-inscricoes-a-partir-de-25-de-setembro\/desporto\/12\/43\/"]}]},{"@type":"ImageObject","inLanguage":"pt-PT","@id":"https:\/\/algarve7.pt\/index.php\/2023\/09\/arranque-da-nova-epoca-do-desporto-senior-de-silves-com-inscricoes-a-partir-de-25-de-setembro\/desporto\/12\/43\/#primaryimage","url":"https:\/\/algarve7.pt\/wp-content\/uploads\/2023\/09\/NOTICIA_desporto-senior-2023_2024.jpg","contentUrl":"https:\/\/algarve7.pt\/wp-content\/uploads\/2023\/09\/NOTICIA_desporto-senior-2023_2024.jpg","width":1024,"height":496},{"@type":"BreadcrumbList","@id":"https:\/\/algarve7.pt\/index.php\/2023\/09\/arranque-da-nova-epoca-do-desporto-senior-de-silves-com-inscricoes-a-partir-de-25-de-setembro\/desporto\/12\/43\/#breadcrumb","itemListElement":[{"@type":"ListItem","position":1,"name":"In\u00edcio","item":"https:\/\/algarve7.pt\/"},{"@type":"ListItem","position":2,"name":"Arranque da nova \u00e9poca do desporto s\u00e9nior de Silves com inscri\u00e7\u00f5es a partir de 25 de setembro"}]},{"@type":"WebSite","@id":"https:\/\/algarve7.pt\/#website","url":"https:\/\/algarve7.pt\/","name":"Algarve 7","description":"Informa\u00e7\u00e3o sobre o Algarve","publisher":{"@id":"https:\/\/algarve7.pt\/#organization"},"potentialAction":[{"@type":"SearchAction","target":{"@type":"EntryPoint","urlTemplate":"https:\/\/algarve7.pt\/?s={search_term_string}"},"query-input":{"@type":"PropertyValueSpecification","valueRequired":true,"valueName":"search_term_string"}}],"inLanguage":"pt-PT"},{"@type":"Organization","@id":"https:\/\/algarve7.pt\/#organization","name":"Algarve 7","url":"https:\/\/algarve7.pt\/","logo":{"@type":"ImageObject","inLanguage":"pt-PT","@id":"https:\/\/algarve7.pt\/#\/schema\/logo\/image\/","url":"https:\/\/algarve7.pt\/wp-content\/uploads\/2020\/10\/Logo-8.jpg","contentUrl":"https:\/\/algarve7.pt\/wp-content\/uploads\/2020\/10\/Logo-8.jpg","width":1680,"height":1186,"caption":"Algarve 7"},"image":{"@id":"https:\/\/algarve7.pt\/#\/schema\/logo\/image\/"},"sameAs":["https:\/\/www.facebook.com\/algarve7","https:\/\/x.com\/Algarvesete","https:\/\/www.instagram.com\/jornalalgarve7\/","https:\/\/www.linkedin.com\/company\/algarve7","https:\/\/www.pinterest.pt\/geral0939\/_created\/"]},{"@type":"Person","@id":"https:\/\/algarve7.pt\/#\/schema\/person\/23fa70681308e7b319a3204bcea45e0c","name":"Algarve 7","sameAs":["https:\/\/algarve7.pt","https:\/\/www.facebook.com\/algarve7"],"url":"https:\/\/algarve7.pt\/index.php\/author\/geralalgarve7-pt\/"}]}},"jetpack_publicize_connections":[],"jetpack_featured_media_url":"https:\/\/algarve7.pt\/wp-content\/uploads\/2023\/09\/NOTICIA_desporto-senior-2023_2024.jpg","jetpack_shortlink":"https:\/\/wp.me\/pcezmW-83I","jetpack_sharing_enabled":true,"_links":{"self":[{"href":"https:\/\/algarve7.pt\/index.php\/wp-json\/wp\/v2\/posts\/30982","targetHints":{"allow":["GET"]}}],"collection":[{"href":"https:\/\/algarve7.pt\/index.php\/wp-json\/wp\/v2\/posts"}],"about":[{"href":"https:\/\/algarve7.pt\/index.php\/wp-json\/wp\/v2\/types\/post"}],"author":[{"embeddable":true,"href":"https:\/\/algarve7.pt\/index.php\/wp-json\/wp\/v2\/users\/1"}],"replies":[{"embeddable":true,"href":"https:\/\/algarve7.pt\/index.php\/wp-json\/wp\/v2\/comments?post=30982"}],"version-history":[{"count":0,"href":"https:\/\/algarve7.pt\/index.php\/wp-json\/wp\/v2\/posts\/30982\/revisions"}],"wp:featuredmedia":[{"embeddable":true,"href":"https:\/\/algarve7.pt\/index.php\/wp-json\/wp\/v2\/media\/30983"}],"wp:attachment":[{"href":"https:\/\/algarve7.pt\/index.php\/wp-json\/wp\/v2\/media?parent=30982"}],"wp:term":[{"taxonomy":"category","embeddable":true,"href":"https:\/\/algarve7.pt\/index.php\/wp-json\/wp\/v2\/categories?post=30982"},{"taxonomy":"post_tag","embeddable":true,"href":"https:\/\/algarve7.pt\/index.php\/wp-json\/wp\/v2\/tags?post=30982"}],"curies":[{"name":"wp","href":"https:\/\/api.w.org\/{rel}","templated":true}]}}