{"id":30961,"date":"2023-09-18T17:43:22","date_gmt":"2023-09-18T16:43:22","guid":{"rendered":"https:\/\/algarve7.pt\/?p=30961"},"modified":"2023-09-18T17:43:24","modified_gmt":"2023-09-18T16:43:24","slug":"monchique-natura-vence-premio-inovacao-alimentar-auchan","status":"publish","type":"post","link":"https:\/\/algarve7.pt\/index.php\/2023\/09\/monchique-natura-vence-premio-inovacao-alimentar-auchan\/atualidade\/17\/43\/","title":{"rendered":"Monchique Natura\u00a0vence Pr\u00e9mio Inova\u00e7\u00e3o Alimentar Auchan"},"content":{"rendered":"\n<p><strong>&nbsp;<\/strong>A Sociedade da \u00c1gua de Monchique foi a grande vencedora da 1\u00aa edi\u00e7\u00e3o do Pr\u00e9mio Inova\u00e7\u00e3o Alimentar Auchan, na categoria Inova\u00e7\u00e3o Embalagem, com a Monchique Natura.<\/p>\n\n\n\n<p>A Monchique Natura \u00e9 a primeira garrafa portuguesa, e uma das primeiras em todo o mundo, a chegar ao mercado sem r\u00f3tulos. Totalmente produzida a partir de outras garrafas, substitui a utiliza\u00e7\u00e3o de r\u00f3tulos pela grava\u00e7\u00e3o em relevo na pr\u00f3pria embalagem, sendo 100% reciclada e recicl\u00e1vel.<\/p>\n\n\n\n<p>A inovadora garrafa estar\u00e1 dispon\u00edvel em 555 ml e em packs de seis, numa embalagem ecol\u00f3gica, feita de cart\u00e3o reciclado com certifica\u00e7\u00e3o FSC e estar\u00e1 no mercado at\u00e9 ao final de 2023.<\/p>\n\n\n\n<p>Henrique Prucha, diretor Comercial e de Marketing da Sociedade da \u00c1gua de Monchique, destaca o enorme orgulho nesta distin\u00e7\u00e3o \u201ce no que ela representa para toda a equipa Monchique que, com o seu esp\u00edrito inovador e empreendedor, acrescenta conhecimento e valor ao mercado. Este deve ser tamb\u00e9m o des\u00edgnio das empresas: fazer mais e melhor, deixando um contributo positivo na sociedade. E n\u00f3s na \u00c1gua Monchique colocamos diariamente este prop\u00f3sito em tudo aquilo que fazemos\u201d, afirma.&nbsp;<\/p>\n\n\n\n<p>O respons\u00e1vel deixa ainda uma palavra de agradecimento \u00e0 Auchan \u201cpela iniciativa de valorizar e premiar o trabalho dos parceiros, incentivando e estimulando a inova\u00e7\u00e3o e ao desenvolvimento de todo o setor alimentar\u201d, enaltece.&nbsp;<\/p>\n\n\n\n<p>Lan\u00e7ado em 2023 com o objetivo de dar palco \u00e0s empresas com potencial para revolucionar o futuro do setor agroalimentar e democratizar o acesso \u00e0 inova\u00e7\u00e3o alimentar, a 1\u00ba edi\u00e7\u00e3o do Pr\u00e9mio Inova\u00e7\u00e3o Alimentar Auchan contou com mais de 70 projetos a concurso.<\/p>\n","protected":false},"excerpt":{"rendered":"<p>&nbsp;A Sociedade da \u00c1gua de Monchique foi a grande vencedora da 1\u00aa edi\u00e7\u00e3o do Pr\u00e9mio Inova\u00e7\u00e3o Alimentar Auchan, na categoria<\/p>\n","protected":false},"author":1,"featured_media":30962,"comment_status":"closed","ping_status":"open","sticky":false,"template":"","format":"standard","meta":{"colormag_page_container_layout":"default_layout","colormag_page_sidebar_layout":"default_layout","_monsterinsights_skip_tracking":false,"_monsterinsights_sitenote_active":false,"_monsterinsights_sitenote_note":"","_monsterinsights_sitenote_category":0,"jetpack_post_was_ever_published":false,"_jetpack_newsletter_access":"","_jetpack_dont_email_post_to_subs":false,"_jetpack_newsletter_tier_id":0,"_jetpack_memberships_contains_paywalled_content":false,"_jetpack_memberships_contains_paid_content":false,"footnotes":"","jetpack_publicize_message":"","jetpack_publicize_feature_enabled":true,"jetpack_social_post_already_shared":true,"jetpack_social_options":{"image_generator_settings":{"template":"highway","default_image_id":0,"font":"","enabled":false},"version":2}},"categories":[11],"tags":[892,36,62,171],"class_list":["post-30961","post","type-post","status-publish","format-standard","has-post-thumbnail","hentry","category-atualidade","tag-agua-monchique","tag-algarve","tag-atualidade","tag-monchique"],"yoast_head":"<!-- This site is optimized with the Yoast SEO plugin v27.4 - https:\/\/yoast.com\/product\/yoast-seo-wordpress\/ -->\n<title>Monchique Natura\u00a0vence Pr\u00e9mio Inova\u00e7\u00e3o Alimentar Auchan - Algarve 7<\/title>\n<meta name=\"description\" content=\"Monchique Natura\u00a0vence Pr\u00e9mio Inova\u00e7\u00e3o Alimentar Auchan Atualidade\" \/>\n<meta name=\"robots\" content=\"index, follow, max-snippet:-1, max-image-preview:large, max-video-preview:-1\" \/>\n<link rel=\"canonical\" href=\"https:\/\/algarve7.pt\/index.php\/2023\/09\/monchique-natura-vence-premio-inovacao-alimentar-auchan\/atualidade\/17\/43\/\" \/>\n<meta property=\"og:locale\" content=\"pt_PT\" \/>\n<meta property=\"og:type\" content=\"article\" \/>\n<meta property=\"og:title\" content=\"Monchique Natura\u00a0vence Pr\u00e9mio Inova\u00e7\u00e3o Alimentar Auchan - Algarve 7\" \/>\n<meta property=\"og:description\" content=\"Monchique Natura\u00a0vence Pr\u00e9mio Inova\u00e7\u00e3o Alimentar Auchan Atualidade\" \/>\n<meta property=\"og:url\" content=\"https:\/\/algarve7.pt\/index.php\/2023\/09\/monchique-natura-vence-premio-inovacao-alimentar-auchan\/atualidade\/17\/43\/\" \/>\n<meta property=\"og:site_name\" content=\"Algarve 7\" \/>\n<meta property=\"article:publisher\" content=\"https:\/\/www.facebook.com\/algarve7\" \/>\n<meta property=\"article:author\" content=\"https:\/\/www.facebook.com\/algarve7\" \/>\n<meta property=\"article:published_time\" content=\"2023-09-18T16:43:22+00:00\" \/>\n<meta property=\"article:modified_time\" content=\"2023-09-18T16:43:24+00:00\" \/>\n<meta property=\"og:image\" content=\"https:\/\/algarve7.pt\/wp-content\/uploads\/2023\/09\/Premio-Inovacao-Auchan.png\" \/>\n\t<meta property=\"og:image:width\" content=\"1024\" \/>\n\t<meta property=\"og:image:height\" content=\"819\" \/>\n\t<meta property=\"og:image:type\" content=\"image\/png\" \/>\n<meta name=\"author\" content=\"Algarve 7\" \/>\n<meta name=\"twitter:card\" content=\"summary_large_image\" \/>\n<meta name=\"twitter:creator\" content=\"@Algarvesete\" \/>\n<meta name=\"twitter:site\" content=\"@Algarvesete\" \/>\n<meta name=\"twitter:label1\" content=\"Escrito por\" \/>\n\t<meta name=\"twitter:data1\" content=\"Algarve 7\" \/>\n\t<meta name=\"twitter:label2\" content=\"Tempo estimado de leitura\" \/>\n\t<meta name=\"twitter:data2\" content=\"2 minutos\" \/>\n<script type=\"application\/ld+json\" class=\"yoast-schema-graph\">{\"@context\":\"https:\\\/\\\/schema.org\",\"@graph\":[{\"@type\":\"Article\",\"@id\":\"https:\\\/\\\/algarve7.pt\\\/index.php\\\/2023\\\/09\\\/monchique-natura-vence-premio-inovacao-alimentar-auchan\\\/atualidade\\\/17\\\/43\\\/#article\",\"isPartOf\":{\"@id\":\"https:\\\/\\\/algarve7.pt\\\/index.php\\\/2023\\\/09\\\/monchique-natura-vence-premio-inovacao-alimentar-auchan\\\/atualidade\\\/17\\\/43\\\/\"},\"author\":{\"name\":\"Algarve 7\",\"@id\":\"https:\\\/\\\/algarve7.pt\\\/#\\\/schema\\\/person\\\/23fa70681308e7b319a3204bcea45e0c\"},\"headline\":\"Monchique Natura\u00a0vence Pr\u00e9mio Inova\u00e7\u00e3o Alimentar Auchan\",\"datePublished\":\"2023-09-18T16:43:22+00:00\",\"dateModified\":\"2023-09-18T16:43:24+00:00\",\"mainEntityOfPage\":{\"@id\":\"https:\\\/\\\/algarve7.pt\\\/index.php\\\/2023\\\/09\\\/monchique-natura-vence-premio-inovacao-alimentar-auchan\\\/atualidade\\\/17\\\/43\\\/\"},\"wordCount\":286,\"publisher\":{\"@id\":\"https:\\\/\\\/algarve7.pt\\\/#organization\"},\"image\":{\"@id\":\"https:\\\/\\\/algarve7.pt\\\/index.php\\\/2023\\\/09\\\/monchique-natura-vence-premio-inovacao-alimentar-auchan\\\/atualidade\\\/17\\\/43\\\/#primaryimage\"},\"thumbnailUrl\":\"https:\\\/\\\/algarve7.pt\\\/wp-content\\\/uploads\\\/2023\\\/09\\\/Premio-Inovacao-Auchan.png\",\"keywords\":[\"\u00c1gua Monchique\",\"Algarve\",\"Atualidade\",\"Monchique\"],\"articleSection\":[\"Atualidade\"],\"inLanguage\":\"pt-PT\"},{\"@type\":\"WebPage\",\"@id\":\"https:\\\/\\\/algarve7.pt\\\/index.php\\\/2023\\\/09\\\/monchique-natura-vence-premio-inovacao-alimentar-auchan\\\/atualidade\\\/17\\\/43\\\/\",\"url\":\"https:\\\/\\\/algarve7.pt\\\/index.php\\\/2023\\\/09\\\/monchique-natura-vence-premio-inovacao-alimentar-auchan\\\/atualidade\\\/17\\\/43\\\/\",\"name\":\"Monchique Natura\u00a0vence Pr\u00e9mio Inova\u00e7\u00e3o Alimentar Auchan - Algarve 7\",\"isPartOf\":{\"@id\":\"https:\\\/\\\/algarve7.pt\\\/#website\"},\"primaryImageOfPage\":{\"@id\":\"https:\\\/\\\/algarve7.pt\\\/index.php\\\/2023\\\/09\\\/monchique-natura-vence-premio-inovacao-alimentar-auchan\\\/atualidade\\\/17\\\/43\\\/#primaryimage\"},\"image\":{\"@id\":\"https:\\\/\\\/algarve7.pt\\\/index.php\\\/2023\\\/09\\\/monchique-natura-vence-premio-inovacao-alimentar-auchan\\\/atualidade\\\/17\\\/43\\\/#primaryimage\"},\"thumbnailUrl\":\"https:\\\/\\\/algarve7.pt\\\/wp-content\\\/uploads\\\/2023\\\/09\\\/Premio-Inovacao-Auchan.png\",\"datePublished\":\"2023-09-18T16:43:22+00:00\",\"dateModified\":\"2023-09-18T16:43:24+00:00\",\"description\":\"Monchique Natura\u00a0vence Pr\u00e9mio Inova\u00e7\u00e3o Alimentar Auchan Atualidade\",\"breadcrumb\":{\"@id\":\"https:\\\/\\\/algarve7.pt\\\/index.php\\\/2023\\\/09\\\/monchique-natura-vence-premio-inovacao-alimentar-auchan\\\/atualidade\\\/17\\\/43\\\/#breadcrumb\"},\"inLanguage\":\"pt-PT\",\"potentialAction\":[{\"@type\":\"ReadAction\",\"target\":[\"https:\\\/\\\/algarve7.pt\\\/index.php\\\/2023\\\/09\\\/monchique-natura-vence-premio-inovacao-alimentar-auchan\\\/atualidade\\\/17\\\/43\\\/\"]}]},{\"@type\":\"ImageObject\",\"inLanguage\":\"pt-PT\",\"@id\":\"https:\\\/\\\/algarve7.pt\\\/index.php\\\/2023\\\/09\\\/monchique-natura-vence-premio-inovacao-alimentar-auchan\\\/atualidade\\\/17\\\/43\\\/#primaryimage\",\"url\":\"https:\\\/\\\/algarve7.pt\\\/wp-content\\\/uploads\\\/2023\\\/09\\\/Premio-Inovacao-Auchan.png\",\"contentUrl\":\"https:\\\/\\\/algarve7.pt\\\/wp-content\\\/uploads\\\/2023\\\/09\\\/Premio-Inovacao-Auchan.png\",\"width\":1024,\"height\":819},{\"@type\":\"BreadcrumbList\",\"@id\":\"https:\\\/\\\/algarve7.pt\\\/index.php\\\/2023\\\/09\\\/monchique-natura-vence-premio-inovacao-alimentar-auchan\\\/atualidade\\\/17\\\/43\\\/#breadcrumb\",\"itemListElement\":[{\"@type\":\"ListItem\",\"position\":1,\"name\":\"In\u00edcio\",\"item\":\"https:\\\/\\\/algarve7.pt\\\/\"},{\"@type\":\"ListItem\",\"position\":2,\"name\":\"Monchique Natura\u00a0vence Pr\u00e9mio Inova\u00e7\u00e3o Alimentar Auchan\"}]},{\"@type\":\"WebSite\",\"@id\":\"https:\\\/\\\/algarve7.pt\\\/#website\",\"url\":\"https:\\\/\\\/algarve7.pt\\\/\",\"name\":\"Algarve 7\",\"description\":\"Informa\u00e7\u00e3o sobre o Algarve\",\"publisher\":{\"@id\":\"https:\\\/\\\/algarve7.pt\\\/#organization\"},\"potentialAction\":[{\"@type\":\"SearchAction\",\"target\":{\"@type\":\"EntryPoint\",\"urlTemplate\":\"https:\\\/\\\/algarve7.pt\\\/?s={search_term_string}\"},\"query-input\":{\"@type\":\"PropertyValueSpecification\",\"valueRequired\":true,\"valueName\":\"search_term_string\"}}],\"inLanguage\":\"pt-PT\"},{\"@type\":\"Organization\",\"@id\":\"https:\\\/\\\/algarve7.pt\\\/#organization\",\"name\":\"Algarve 7\",\"url\":\"https:\\\/\\\/algarve7.pt\\\/\",\"logo\":{\"@type\":\"ImageObject\",\"inLanguage\":\"pt-PT\",\"@id\":\"https:\\\/\\\/algarve7.pt\\\/#\\\/schema\\\/logo\\\/image\\\/\",\"url\":\"https:\\\/\\\/algarve7.pt\\\/wp-content\\\/uploads\\\/2020\\\/10\\\/Logo-8.jpg\",\"contentUrl\":\"https:\\\/\\\/algarve7.pt\\\/wp-content\\\/uploads\\\/2020\\\/10\\\/Logo-8.jpg\",\"width\":1680,\"height\":1186,\"caption\":\"Algarve 7\"},\"image\":{\"@id\":\"https:\\\/\\\/algarve7.pt\\\/#\\\/schema\\\/logo\\\/image\\\/\"},\"sameAs\":[\"https:\\\/\\\/www.facebook.com\\\/algarve7\",\"https:\\\/\\\/x.com\\\/Algarvesete\",\"https:\\\/\\\/www.instagram.com\\\/jornalalgarve7\\\/\",\"https:\\\/\\\/www.linkedin.com\\\/company\\\/algarve7\",\"https:\\\/\\\/www.pinterest.pt\\\/geral0939\\\/_created\\\/\"]},{\"@type\":\"Person\",\"@id\":\"https:\\\/\\\/algarve7.pt\\\/#\\\/schema\\\/person\\\/23fa70681308e7b319a3204bcea45e0c\",\"name\":\"Algarve 7\",\"sameAs\":[\"https:\\\/\\\/algarve7.pt\",\"https:\\\/\\\/www.facebook.com\\\/algarve7\"],\"url\":\"https:\\\/\\\/algarve7.pt\\\/index.php\\\/author\\\/geralalgarve7-pt\\\/\"}]}<\/script>\n<!-- \/ Yoast SEO plugin. -->","yoast_head_json":{"title":"Monchique Natura\u00a0vence Pr\u00e9mio Inova\u00e7\u00e3o Alimentar Auchan - Algarve 7","description":"Monchique Natura\u00a0vence Pr\u00e9mio Inova\u00e7\u00e3o Alimentar Auchan Atualidade","robots":{"index":"index","follow":"follow","max-snippet":"max-snippet:-1","max-image-preview":"max-image-preview:large","max-video-preview":"max-video-preview:-1"},"canonical":"https:\/\/algarve7.pt\/index.php\/2023\/09\/monchique-natura-vence-premio-inovacao-alimentar-auchan\/atualidade\/17\/43\/","og_locale":"pt_PT","og_type":"article","og_title":"Monchique Natura\u00a0vence Pr\u00e9mio Inova\u00e7\u00e3o Alimentar Auchan - Algarve 7","og_description":"Monchique Natura\u00a0vence Pr\u00e9mio Inova\u00e7\u00e3o Alimentar Auchan Atualidade","og_url":"https:\/\/algarve7.pt\/index.php\/2023\/09\/monchique-natura-vence-premio-inovacao-alimentar-auchan\/atualidade\/17\/43\/","og_site_name":"Algarve 7","article_publisher":"https:\/\/www.facebook.com\/algarve7","article_author":"https:\/\/www.facebook.com\/algarve7","article_published_time":"2023-09-18T16:43:22+00:00","article_modified_time":"2023-09-18T16:43:24+00:00","og_image":[{"width":1024,"height":819,"url":"https:\/\/algarve7.pt\/wp-content\/uploads\/2023\/09\/Premio-Inovacao-Auchan.png","type":"image\/png"}],"author":"Algarve 7","twitter_card":"summary_large_image","twitter_creator":"@Algarvesete","twitter_site":"@Algarvesete","twitter_misc":{"Escrito por":"Algarve 7","Tempo estimado de leitura":"2 minutos"},"schema":{"@context":"https:\/\/schema.org","@graph":[{"@type":"Article","@id":"https:\/\/algarve7.pt\/index.php\/2023\/09\/monchique-natura-vence-premio-inovacao-alimentar-auchan\/atualidade\/17\/43\/#article","isPartOf":{"@id":"https:\/\/algarve7.pt\/index.php\/2023\/09\/monchique-natura-vence-premio-inovacao-alimentar-auchan\/atualidade\/17\/43\/"},"author":{"name":"Algarve 7","@id":"https:\/\/algarve7.pt\/#\/schema\/person\/23fa70681308e7b319a3204bcea45e0c"},"headline":"Monchique Natura\u00a0vence Pr\u00e9mio Inova\u00e7\u00e3o Alimentar Auchan","datePublished":"2023-09-18T16:43:22+00:00","dateModified":"2023-09-18T16:43:24+00:00","mainEntityOfPage":{"@id":"https:\/\/algarve7.pt\/index.php\/2023\/09\/monchique-natura-vence-premio-inovacao-alimentar-auchan\/atualidade\/17\/43\/"},"wordCount":286,"publisher":{"@id":"https:\/\/algarve7.pt\/#organization"},"image":{"@id":"https:\/\/algarve7.pt\/index.php\/2023\/09\/monchique-natura-vence-premio-inovacao-alimentar-auchan\/atualidade\/17\/43\/#primaryimage"},"thumbnailUrl":"https:\/\/algarve7.pt\/wp-content\/uploads\/2023\/09\/Premio-Inovacao-Auchan.png","keywords":["\u00c1gua Monchique","Algarve","Atualidade","Monchique"],"articleSection":["Atualidade"],"inLanguage":"pt-PT"},{"@type":"WebPage","@id":"https:\/\/algarve7.pt\/index.php\/2023\/09\/monchique-natura-vence-premio-inovacao-alimentar-auchan\/atualidade\/17\/43\/","url":"https:\/\/algarve7.pt\/index.php\/2023\/09\/monchique-natura-vence-premio-inovacao-alimentar-auchan\/atualidade\/17\/43\/","name":"Monchique Natura\u00a0vence Pr\u00e9mio Inova\u00e7\u00e3o Alimentar Auchan - Algarve 7","isPartOf":{"@id":"https:\/\/algarve7.pt\/#website"},"primaryImageOfPage":{"@id":"https:\/\/algarve7.pt\/index.php\/2023\/09\/monchique-natura-vence-premio-inovacao-alimentar-auchan\/atualidade\/17\/43\/#primaryimage"},"image":{"@id":"https:\/\/algarve7.pt\/index.php\/2023\/09\/monchique-natura-vence-premio-inovacao-alimentar-auchan\/atualidade\/17\/43\/#primaryimage"},"thumbnailUrl":"https:\/\/algarve7.pt\/wp-content\/uploads\/2023\/09\/Premio-Inovacao-Auchan.png","datePublished":"2023-09-18T16:43:22+00:00","dateModified":"2023-09-18T16:43:24+00:00","description":"Monchique Natura\u00a0vence Pr\u00e9mio Inova\u00e7\u00e3o Alimentar Auchan Atualidade","breadcrumb":{"@id":"https:\/\/algarve7.pt\/index.php\/2023\/09\/monchique-natura-vence-premio-inovacao-alimentar-auchan\/atualidade\/17\/43\/#breadcrumb"},"inLanguage":"pt-PT","potentialAction":[{"@type":"ReadAction","target":["https:\/\/algarve7.pt\/index.php\/2023\/09\/monchique-natura-vence-premio-inovacao-alimentar-auchan\/atualidade\/17\/43\/"]}]},{"@type":"ImageObject","inLanguage":"pt-PT","@id":"https:\/\/algarve7.pt\/index.php\/2023\/09\/monchique-natura-vence-premio-inovacao-alimentar-auchan\/atualidade\/17\/43\/#primaryimage","url":"https:\/\/algarve7.pt\/wp-content\/uploads\/2023\/09\/Premio-Inovacao-Auchan.png","contentUrl":"https:\/\/algarve7.pt\/wp-content\/uploads\/2023\/09\/Premio-Inovacao-Auchan.png","width":1024,"height":819},{"@type":"BreadcrumbList","@id":"https:\/\/algarve7.pt\/index.php\/2023\/09\/monchique-natura-vence-premio-inovacao-alimentar-auchan\/atualidade\/17\/43\/#breadcrumb","itemListElement":[{"@type":"ListItem","position":1,"name":"In\u00edcio","item":"https:\/\/algarve7.pt\/"},{"@type":"ListItem","position":2,"name":"Monchique Natura\u00a0vence Pr\u00e9mio Inova\u00e7\u00e3o Alimentar Auchan"}]},{"@type":"WebSite","@id":"https:\/\/algarve7.pt\/#website","url":"https:\/\/algarve7.pt\/","name":"Algarve 7","description":"Informa\u00e7\u00e3o sobre o Algarve","publisher":{"@id":"https:\/\/algarve7.pt\/#organization"},"potentialAction":[{"@type":"SearchAction","target":{"@type":"EntryPoint","urlTemplate":"https:\/\/algarve7.pt\/?s={search_term_string}"},"query-input":{"@type":"PropertyValueSpecification","valueRequired":true,"valueName":"search_term_string"}}],"inLanguage":"pt-PT"},{"@type":"Organization","@id":"https:\/\/algarve7.pt\/#organization","name":"Algarve 7","url":"https:\/\/algarve7.pt\/","logo":{"@type":"ImageObject","inLanguage":"pt-PT","@id":"https:\/\/algarve7.pt\/#\/schema\/logo\/image\/","url":"https:\/\/algarve7.pt\/wp-content\/uploads\/2020\/10\/Logo-8.jpg","contentUrl":"https:\/\/algarve7.pt\/wp-content\/uploads\/2020\/10\/Logo-8.jpg","width":1680,"height":1186,"caption":"Algarve 7"},"image":{"@id":"https:\/\/algarve7.pt\/#\/schema\/logo\/image\/"},"sameAs":["https:\/\/www.facebook.com\/algarve7","https:\/\/x.com\/Algarvesete","https:\/\/www.instagram.com\/jornalalgarve7\/","https:\/\/www.linkedin.com\/company\/algarve7","https:\/\/www.pinterest.pt\/geral0939\/_created\/"]},{"@type":"Person","@id":"https:\/\/algarve7.pt\/#\/schema\/person\/23fa70681308e7b319a3204bcea45e0c","name":"Algarve 7","sameAs":["https:\/\/algarve7.pt","https:\/\/www.facebook.com\/algarve7"],"url":"https:\/\/algarve7.pt\/index.php\/author\/geralalgarve7-pt\/"}]}},"jetpack_publicize_connections":[],"jetpack_featured_media_url":"https:\/\/algarve7.pt\/wp-content\/uploads\/2023\/09\/Premio-Inovacao-Auchan.png","jetpack_shortlink":"https:\/\/wp.me\/pcezmW-83n","jetpack_sharing_enabled":true,"_links":{"self":[{"href":"https:\/\/algarve7.pt\/index.php\/wp-json\/wp\/v2\/posts\/30961","targetHints":{"allow":["GET"]}}],"collection":[{"href":"https:\/\/algarve7.pt\/index.php\/wp-json\/wp\/v2\/posts"}],"about":[{"href":"https:\/\/algarve7.pt\/index.php\/wp-json\/wp\/v2\/types\/post"}],"author":[{"embeddable":true,"href":"https:\/\/algarve7.pt\/index.php\/wp-json\/wp\/v2\/users\/1"}],"replies":[{"embeddable":true,"href":"https:\/\/algarve7.pt\/index.php\/wp-json\/wp\/v2\/comments?post=30961"}],"version-history":[{"count":0,"href":"https:\/\/algarve7.pt\/index.php\/wp-json\/wp\/v2\/posts\/30961\/revisions"}],"wp:featuredmedia":[{"embeddable":true,"href":"https:\/\/algarve7.pt\/index.php\/wp-json\/wp\/v2\/media\/30962"}],"wp:attachment":[{"href":"https:\/\/algarve7.pt\/index.php\/wp-json\/wp\/v2\/media?parent=30961"}],"wp:term":[{"taxonomy":"category","embeddable":true,"href":"https:\/\/algarve7.pt\/index.php\/wp-json\/wp\/v2\/categories?post=30961"},{"taxonomy":"post_tag","embeddable":true,"href":"https:\/\/algarve7.pt\/index.php\/wp-json\/wp\/v2\/tags?post=30961"}],"curies":[{"name":"wp","href":"https:\/\/api.w.org\/{rel}","templated":true}]}}