{"id":3095,"date":"2020-10-28T20:06:44","date_gmt":"2020-10-28T20:06:44","guid":{"rendered":"https:\/\/algarve7.pt\/?p=3095"},"modified":"2020-10-28T21:02:29","modified_gmt":"2020-10-28T21:02:29","slug":"conselho-regional-elegeu-comissao-permanente-e-representantes-do-algarve-ces","status":"publish","type":"post","link":"https:\/\/algarve7.pt\/index.php\/2020\/10\/conselho-regional-elegeu-comissao-permanente-e-representantes-do-algarve-ces\/atualidade\/20\/06\/","title":{"rendered":"Conselho regional elegeu comiss\u00e3o permanente e representantes do Algarve CES"},"content":{"rendered":"\n<p><strong>O Conselho Regional do Algarve aprovou, na reuni\u00e3o que decorreu ontem, dia 27 de outubro, a nova composi\u00e7\u00e3o da respetiva Comiss\u00e3o Permanente e os representantes do Algarve no Conselho Econ\u00f3mico e Social (CES).<\/strong><\/p>\n\n\n\n<p>A elei\u00e7\u00e3o da Comiss\u00e3o Permanente do Conselho Regional decorreu da necessidade de substitui\u00e7\u00e3o de membros, dado o falecimento do anterior Presidente da C\u00e2mara Municipal de Albufeira, Carlos Silva e Sousa, que detinha o cargo de Vice-Presidente, bem como da cessa\u00e7\u00e3o de fun\u00e7\u00f5es da ex-Presidente da C\u00e2mara Municipal de Lagos, Joaquina Matos, e do ex-Presidente da ACRAL, Sr. V\u00edtor Guerreiro.<\/p>\n\n\n\n<p>O Conselho Regional do Algarve \u00e9 o \u00f3rg\u00e3o consultivo da Comiss\u00e3o de Coordena\u00e7\u00e3o e Desenvolvimento Regional do Algarve (CCDR Algarve)&nbsp;representativo dos v\u00e1rios interesses e entidades relevantes para a prossecu\u00e7\u00e3o dos seus fins, sendo presidido por V\u00edtor Aleixo (Presidente da C\u00e2mara Municipal de Loul\u00e9), e \u00e9 integrado pelos presidentes das c\u00e2maras municipais e dois representantes das freguesias e cerca de uma vintena de institui\u00e7\u00f5es do tecido econ\u00f3mico e social da regi\u00e3o, podendo participar todos os membros do Conselho de Coordena\u00e7\u00e3o Intesetorial, embora sem direito a voto.<\/p>\n\n\n\n<p>Aprovada por maioria, a nova Comiss\u00e3o Permanente \u00e9 composta pelo Presidente da C\u00e2mara Municipal de Loul\u00e9, V\u00edtor Aleixo, que preside a este \u00f3rg\u00e3o, pelo Presidente da C\u00e2mara Municipal de Albufeira, Jos\u00e9 Carlos Rolo, com as fun\u00e7\u00f5es de Vice Presidente, e por Ana Paula Martins (Presidente da C\u00e2mara Municipal de Tavira), Rog\u00e9rio Bacalhau (Presidente da C\u00e2mara Municipal de Faro), Osvaldo Gon\u00e7alves (Presidente da C\u00e2mara Municipal de Alcoutim), V\u00edtor Neto (Presidente do NERA \u2013 Associa\u00e7\u00e3o Empresarial do Algarve) e Paulo Alentejano (Presidente da ACRAL \u2013 Associa\u00e7\u00e3o de Com\u00e9rcio e Servi\u00e7os do Algarve), que ocupam as posi\u00e7\u00f5es de Vogais.<\/p>\n\n\n\n<p>A elei\u00e7\u00e3o de representantes no Conselho Econ\u00f3mico e Social, que decorre da Lei n.\u00ba 108\/91 de 17 de agosto, traduziu-se na designa\u00e7\u00e3o de Lu\u00eds Encarna\u00e7\u00e3o, Presidente da C\u00e2mara Municipal de Lagoa, como membro efetivo, e de Augusto Amaral, Presidente da C\u00e2mara Municipal de Castro Marim, como membro suplente, sendo a mesma igualmente aprovada por maioria.<\/p>\n\n\n\n<p>No final dos trabalhos, o Presidente do Conselho Consultivo prop\u00f4s um Voto de Louvor ao Presidente da CCDR Algarve, Francisco Serra, sublinhando a sua entrega \u00e0 causa p\u00fablica, capacidade de di\u00e1logo e empenhamento na cria\u00e7\u00e3o de pontes entre os servi\u00e7os p\u00fablicos e a sociedade civil ao longo dos quatro anos e meio do seu mandato, o qual foi aprovado por unanimidade.<\/p>\n","protected":false},"excerpt":{"rendered":"<p>O Conselho Regional do Algarve aprovou, na reuni\u00e3o que decorreu ontem, dia 27 de outubro, a nova composi\u00e7\u00e3o da respetiva<\/p>\n","protected":false},"author":1,"featured_media":3096,"comment_status":"closed","ping_status":"open","sticky":false,"template":"","format":"standard","meta":{"colormag_page_container_layout":"default_layout","colormag_page_sidebar_layout":"default_layout","_monsterinsights_skip_tracking":false,"_monsterinsights_sitenote_active":false,"_monsterinsights_sitenote_note":"","_monsterinsights_sitenote_category":0,"jetpack_post_was_ever_published":false,"_jetpack_newsletter_access":"","_jetpack_dont_email_post_to_subs":false,"_jetpack_newsletter_tier_id":0,"_jetpack_memberships_contains_paywalled_content":false,"_jetpack_memberships_contains_paid_content":false,"footnotes":"","jetpack_publicize_message":"","jetpack_publicize_feature_enabled":true,"jetpack_social_post_already_shared":true,"jetpack_social_options":{"image_generator_settings":{"template":"highway","default_image_id":0,"font":"","enabled":false},"version":2}},"categories":[11],"tags":[36,62,143],"class_list":["post-3095","post","type-post","status-publish","format-standard","has-post-thumbnail","hentry","category-atualidade","tag-algarve","tag-atualidade","tag-ccdr-algarve"],"yoast_head":"<!-- This site is optimized with the Yoast SEO plugin v27.5 - https:\/\/yoast.com\/product\/yoast-seo-wordpress\/ -->\n<title>Conselho regional elegeu comiss\u00e3o permanente e representantes do Algarve CES - Algarve 7<\/title>\n<meta name=\"description\" content=\"O Conselho Regional do Algarve aprovou, na reuni\u00e3o que decorreu ontem, dia 27 de outubro, a nova composi\u00e7\u00e3o da respetiva Comiss\u00e3o Permanente e os representantes do Algarve no Conselho Econ\u00f3mico e Social (CES).\" \/>\n<meta name=\"robots\" content=\"index, follow, max-snippet:-1, max-image-preview:large, max-video-preview:-1\" \/>\n<link rel=\"canonical\" href=\"https:\/\/algarve7.pt\/index.php\/2020\/10\/conselho-regional-elegeu-comissao-permanente-e-representantes-do-algarve-ces\/atualidade\/20\/06\/\" \/>\n<meta property=\"og:locale\" content=\"pt_PT\" \/>\n<meta property=\"og:type\" content=\"article\" \/>\n<meta property=\"og:title\" content=\"Conselho regional elegeu comiss\u00e3o permanente e representantes do Algarve CES - Algarve 7\" \/>\n<meta property=\"og:description\" content=\"O Conselho Regional do Algarve aprovou, na reuni\u00e3o que decorreu ontem, dia 27 de outubro, a nova composi\u00e7\u00e3o da respetiva Comiss\u00e3o Permanente e os representantes do Algarve no Conselho Econ\u00f3mico e Social (CES).\" \/>\n<meta property=\"og:url\" content=\"https:\/\/algarve7.pt\/index.php\/2020\/10\/conselho-regional-elegeu-comissao-permanente-e-representantes-do-algarve-ces\/atualidade\/20\/06\/\" \/>\n<meta property=\"og:site_name\" content=\"Algarve 7\" \/>\n<meta property=\"article:publisher\" content=\"https:\/\/www.facebook.com\/algarve7\" \/>\n<meta property=\"article:author\" content=\"https:\/\/www.facebook.com\/algarve7\" \/>\n<meta property=\"article:published_time\" content=\"2020-10-28T20:06:44+00:00\" \/>\n<meta property=\"article:modified_time\" content=\"2020-10-28T21:02:29+00:00\" \/>\n<meta property=\"og:image\" content=\"https:\/\/algarve7.pt\/wp-content\/uploads\/2020\/10\/20201027_150447-e1603915586283.jpg\" \/>\n\t<meta property=\"og:image:width\" content=\"1024\" \/>\n\t<meta property=\"og:image:height\" content=\"576\" \/>\n\t<meta property=\"og:image:type\" content=\"image\/jpeg\" \/>\n<meta name=\"author\" content=\"Algarve 7\" \/>\n<meta name=\"twitter:card\" content=\"summary_large_image\" \/>\n<meta name=\"twitter:creator\" content=\"@Algarvesete\" \/>\n<meta name=\"twitter:site\" content=\"@Algarvesete\" \/>\n<meta name=\"twitter:label1\" content=\"Escrito por\" \/>\n\t<meta name=\"twitter:data1\" content=\"Algarve 7\" \/>\n\t<meta name=\"twitter:label2\" content=\"Tempo estimado de leitura\" \/>\n\t<meta name=\"twitter:data2\" content=\"2 minutos\" \/>\n<script type=\"application\/ld+json\" class=\"yoast-schema-graph\">{\"@context\":\"https:\\\/\\\/schema.org\",\"@graph\":[{\"@type\":\"Article\",\"@id\":\"https:\\\/\\\/algarve7.pt\\\/index.php\\\/2020\\\/10\\\/conselho-regional-elegeu-comissao-permanente-e-representantes-do-algarve-ces\\\/atualidade\\\/20\\\/06\\\/#article\",\"isPartOf\":{\"@id\":\"https:\\\/\\\/algarve7.pt\\\/index.php\\\/2020\\\/10\\\/conselho-regional-elegeu-comissao-permanente-e-representantes-do-algarve-ces\\\/atualidade\\\/20\\\/06\\\/\"},\"author\":{\"name\":\"Algarve 7\",\"@id\":\"https:\\\/\\\/algarve7.pt\\\/#\\\/schema\\\/person\\\/23fa70681308e7b319a3204bcea45e0c\"},\"headline\":\"Conselho regional elegeu comiss\u00e3o permanente e representantes do Algarve CES\",\"datePublished\":\"2020-10-28T20:06:44+00:00\",\"dateModified\":\"2020-10-28T21:02:29+00:00\",\"mainEntityOfPage\":{\"@id\":\"https:\\\/\\\/algarve7.pt\\\/index.php\\\/2020\\\/10\\\/conselho-regional-elegeu-comissao-permanente-e-representantes-do-algarve-ces\\\/atualidade\\\/20\\\/06\\\/\"},\"wordCount\":447,\"publisher\":{\"@id\":\"https:\\\/\\\/algarve7.pt\\\/#organization\"},\"image\":{\"@id\":\"https:\\\/\\\/algarve7.pt\\\/index.php\\\/2020\\\/10\\\/conselho-regional-elegeu-comissao-permanente-e-representantes-do-algarve-ces\\\/atualidade\\\/20\\\/06\\\/#primaryimage\"},\"thumbnailUrl\":\"https:\\\/\\\/algarve7.pt\\\/wp-content\\\/uploads\\\/2020\\\/10\\\/20201027_150447-e1603915586283.jpg\",\"keywords\":[\"Algarve\",\"Atualidade\",\"CCDR Algarve\"],\"articleSection\":[\"Atualidade\"],\"inLanguage\":\"pt-PT\"},{\"@type\":\"WebPage\",\"@id\":\"https:\\\/\\\/algarve7.pt\\\/index.php\\\/2020\\\/10\\\/conselho-regional-elegeu-comissao-permanente-e-representantes-do-algarve-ces\\\/atualidade\\\/20\\\/06\\\/\",\"url\":\"https:\\\/\\\/algarve7.pt\\\/index.php\\\/2020\\\/10\\\/conselho-regional-elegeu-comissao-permanente-e-representantes-do-algarve-ces\\\/atualidade\\\/20\\\/06\\\/\",\"name\":\"Conselho regional elegeu comiss\u00e3o permanente e representantes do Algarve CES - Algarve 7\",\"isPartOf\":{\"@id\":\"https:\\\/\\\/algarve7.pt\\\/#website\"},\"primaryImageOfPage\":{\"@id\":\"https:\\\/\\\/algarve7.pt\\\/index.php\\\/2020\\\/10\\\/conselho-regional-elegeu-comissao-permanente-e-representantes-do-algarve-ces\\\/atualidade\\\/20\\\/06\\\/#primaryimage\"},\"image\":{\"@id\":\"https:\\\/\\\/algarve7.pt\\\/index.php\\\/2020\\\/10\\\/conselho-regional-elegeu-comissao-permanente-e-representantes-do-algarve-ces\\\/atualidade\\\/20\\\/06\\\/#primaryimage\"},\"thumbnailUrl\":\"https:\\\/\\\/algarve7.pt\\\/wp-content\\\/uploads\\\/2020\\\/10\\\/20201027_150447-e1603915586283.jpg\",\"datePublished\":\"2020-10-28T20:06:44+00:00\",\"dateModified\":\"2020-10-28T21:02:29+00:00\",\"description\":\"O Conselho Regional do Algarve aprovou, na reuni\u00e3o que decorreu ontem, dia 27 de outubro, a nova composi\u00e7\u00e3o da respetiva Comiss\u00e3o Permanente e os representantes do Algarve no Conselho Econ\u00f3mico e Social (CES).\",\"breadcrumb\":{\"@id\":\"https:\\\/\\\/algarve7.pt\\\/index.php\\\/2020\\\/10\\\/conselho-regional-elegeu-comissao-permanente-e-representantes-do-algarve-ces\\\/atualidade\\\/20\\\/06\\\/#breadcrumb\"},\"inLanguage\":\"pt-PT\",\"potentialAction\":[{\"@type\":\"ReadAction\",\"target\":[\"https:\\\/\\\/algarve7.pt\\\/index.php\\\/2020\\\/10\\\/conselho-regional-elegeu-comissao-permanente-e-representantes-do-algarve-ces\\\/atualidade\\\/20\\\/06\\\/\"]}]},{\"@type\":\"ImageObject\",\"inLanguage\":\"pt-PT\",\"@id\":\"https:\\\/\\\/algarve7.pt\\\/index.php\\\/2020\\\/10\\\/conselho-regional-elegeu-comissao-permanente-e-representantes-do-algarve-ces\\\/atualidade\\\/20\\\/06\\\/#primaryimage\",\"url\":\"https:\\\/\\\/algarve7.pt\\\/wp-content\\\/uploads\\\/2020\\\/10\\\/20201027_150447-e1603915586283.jpg\",\"contentUrl\":\"https:\\\/\\\/algarve7.pt\\\/wp-content\\\/uploads\\\/2020\\\/10\\\/20201027_150447-e1603915586283.jpg\",\"width\":1024,\"height\":576},{\"@type\":\"BreadcrumbList\",\"@id\":\"https:\\\/\\\/algarve7.pt\\\/index.php\\\/2020\\\/10\\\/conselho-regional-elegeu-comissao-permanente-e-representantes-do-algarve-ces\\\/atualidade\\\/20\\\/06\\\/#breadcrumb\",\"itemListElement\":[{\"@type\":\"ListItem\",\"position\":1,\"name\":\"In\u00edcio\",\"item\":\"https:\\\/\\\/algarve7.pt\\\/\"},{\"@type\":\"ListItem\",\"position\":2,\"name\":\"Conselho regional elegeu comiss\u00e3o permanente e representantes do Algarve CES\"}]},{\"@type\":\"WebSite\",\"@id\":\"https:\\\/\\\/algarve7.pt\\\/#website\",\"url\":\"https:\\\/\\\/algarve7.pt\\\/\",\"name\":\"Algarve 7\",\"description\":\"Informa\u00e7\u00e3o sobre o Algarve\",\"publisher\":{\"@id\":\"https:\\\/\\\/algarve7.pt\\\/#organization\"},\"potentialAction\":[{\"@type\":\"SearchAction\",\"target\":{\"@type\":\"EntryPoint\",\"urlTemplate\":\"https:\\\/\\\/algarve7.pt\\\/?s={search_term_string}\"},\"query-input\":{\"@type\":\"PropertyValueSpecification\",\"valueRequired\":true,\"valueName\":\"search_term_string\"}}],\"inLanguage\":\"pt-PT\"},{\"@type\":\"Organization\",\"@id\":\"https:\\\/\\\/algarve7.pt\\\/#organization\",\"name\":\"Algarve 7\",\"url\":\"https:\\\/\\\/algarve7.pt\\\/\",\"logo\":{\"@type\":\"ImageObject\",\"inLanguage\":\"pt-PT\",\"@id\":\"https:\\\/\\\/algarve7.pt\\\/#\\\/schema\\\/logo\\\/image\\\/\",\"url\":\"https:\\\/\\\/algarve7.pt\\\/wp-content\\\/uploads\\\/2020\\\/10\\\/Logo-8.jpg\",\"contentUrl\":\"https:\\\/\\\/algarve7.pt\\\/wp-content\\\/uploads\\\/2020\\\/10\\\/Logo-8.jpg\",\"width\":1680,\"height\":1186,\"caption\":\"Algarve 7\"},\"image\":{\"@id\":\"https:\\\/\\\/algarve7.pt\\\/#\\\/schema\\\/logo\\\/image\\\/\"},\"sameAs\":[\"https:\\\/\\\/www.facebook.com\\\/algarve7\",\"https:\\\/\\\/x.com\\\/Algarvesete\",\"https:\\\/\\\/www.instagram.com\\\/jornalalgarve7\\\/\",\"https:\\\/\\\/www.linkedin.com\\\/company\\\/algarve7\",\"https:\\\/\\\/www.pinterest.pt\\\/geral0939\\\/_created\\\/\"]},{\"@type\":\"Person\",\"@id\":\"https:\\\/\\\/algarve7.pt\\\/#\\\/schema\\\/person\\\/23fa70681308e7b319a3204bcea45e0c\",\"name\":\"Algarve 7\",\"sameAs\":[\"https:\\\/\\\/algarve7.pt\",\"https:\\\/\\\/www.facebook.com\\\/algarve7\"],\"url\":\"https:\\\/\\\/algarve7.pt\\\/index.php\\\/author\\\/geralalgarve7-pt\\\/\"}]}<\/script>\n<!-- \/ Yoast SEO plugin. -->","yoast_head_json":{"title":"Conselho regional elegeu comiss\u00e3o permanente e representantes do Algarve CES - Algarve 7","description":"O Conselho Regional do Algarve aprovou, na reuni\u00e3o que decorreu ontem, dia 27 de outubro, a nova composi\u00e7\u00e3o da respetiva Comiss\u00e3o Permanente e os representantes do Algarve no Conselho Econ\u00f3mico e Social (CES).","robots":{"index":"index","follow":"follow","max-snippet":"max-snippet:-1","max-image-preview":"max-image-preview:large","max-video-preview":"max-video-preview:-1"},"canonical":"https:\/\/algarve7.pt\/index.php\/2020\/10\/conselho-regional-elegeu-comissao-permanente-e-representantes-do-algarve-ces\/atualidade\/20\/06\/","og_locale":"pt_PT","og_type":"article","og_title":"Conselho regional elegeu comiss\u00e3o permanente e representantes do Algarve CES - Algarve 7","og_description":"O Conselho Regional do Algarve aprovou, na reuni\u00e3o que decorreu ontem, dia 27 de outubro, a nova composi\u00e7\u00e3o da respetiva Comiss\u00e3o Permanente e os representantes do Algarve no Conselho Econ\u00f3mico e Social (CES).","og_url":"https:\/\/algarve7.pt\/index.php\/2020\/10\/conselho-regional-elegeu-comissao-permanente-e-representantes-do-algarve-ces\/atualidade\/20\/06\/","og_site_name":"Algarve 7","article_publisher":"https:\/\/www.facebook.com\/algarve7","article_author":"https:\/\/www.facebook.com\/algarve7","article_published_time":"2020-10-28T20:06:44+00:00","article_modified_time":"2020-10-28T21:02:29+00:00","og_image":[{"width":1024,"height":576,"url":"https:\/\/algarve7.pt\/wp-content\/uploads\/2020\/10\/20201027_150447-e1603915586283.jpg","type":"image\/jpeg"}],"author":"Algarve 7","twitter_card":"summary_large_image","twitter_creator":"@Algarvesete","twitter_site":"@Algarvesete","twitter_misc":{"Escrito por":"Algarve 7","Tempo estimado de leitura":"2 minutos"},"schema":{"@context":"https:\/\/schema.org","@graph":[{"@type":"Article","@id":"https:\/\/algarve7.pt\/index.php\/2020\/10\/conselho-regional-elegeu-comissao-permanente-e-representantes-do-algarve-ces\/atualidade\/20\/06\/#article","isPartOf":{"@id":"https:\/\/algarve7.pt\/index.php\/2020\/10\/conselho-regional-elegeu-comissao-permanente-e-representantes-do-algarve-ces\/atualidade\/20\/06\/"},"author":{"name":"Algarve 7","@id":"https:\/\/algarve7.pt\/#\/schema\/person\/23fa70681308e7b319a3204bcea45e0c"},"headline":"Conselho regional elegeu comiss\u00e3o permanente e representantes do Algarve CES","datePublished":"2020-10-28T20:06:44+00:00","dateModified":"2020-10-28T21:02:29+00:00","mainEntityOfPage":{"@id":"https:\/\/algarve7.pt\/index.php\/2020\/10\/conselho-regional-elegeu-comissao-permanente-e-representantes-do-algarve-ces\/atualidade\/20\/06\/"},"wordCount":447,"publisher":{"@id":"https:\/\/algarve7.pt\/#organization"},"image":{"@id":"https:\/\/algarve7.pt\/index.php\/2020\/10\/conselho-regional-elegeu-comissao-permanente-e-representantes-do-algarve-ces\/atualidade\/20\/06\/#primaryimage"},"thumbnailUrl":"https:\/\/algarve7.pt\/wp-content\/uploads\/2020\/10\/20201027_150447-e1603915586283.jpg","keywords":["Algarve","Atualidade","CCDR Algarve"],"articleSection":["Atualidade"],"inLanguage":"pt-PT"},{"@type":"WebPage","@id":"https:\/\/algarve7.pt\/index.php\/2020\/10\/conselho-regional-elegeu-comissao-permanente-e-representantes-do-algarve-ces\/atualidade\/20\/06\/","url":"https:\/\/algarve7.pt\/index.php\/2020\/10\/conselho-regional-elegeu-comissao-permanente-e-representantes-do-algarve-ces\/atualidade\/20\/06\/","name":"Conselho regional elegeu comiss\u00e3o permanente e representantes do Algarve CES - Algarve 7","isPartOf":{"@id":"https:\/\/algarve7.pt\/#website"},"primaryImageOfPage":{"@id":"https:\/\/algarve7.pt\/index.php\/2020\/10\/conselho-regional-elegeu-comissao-permanente-e-representantes-do-algarve-ces\/atualidade\/20\/06\/#primaryimage"},"image":{"@id":"https:\/\/algarve7.pt\/index.php\/2020\/10\/conselho-regional-elegeu-comissao-permanente-e-representantes-do-algarve-ces\/atualidade\/20\/06\/#primaryimage"},"thumbnailUrl":"https:\/\/algarve7.pt\/wp-content\/uploads\/2020\/10\/20201027_150447-e1603915586283.jpg","datePublished":"2020-10-28T20:06:44+00:00","dateModified":"2020-10-28T21:02:29+00:00","description":"O Conselho Regional do Algarve aprovou, na reuni\u00e3o que decorreu ontem, dia 27 de outubro, a nova composi\u00e7\u00e3o da respetiva Comiss\u00e3o Permanente e os representantes do Algarve no Conselho Econ\u00f3mico e Social (CES).","breadcrumb":{"@id":"https:\/\/algarve7.pt\/index.php\/2020\/10\/conselho-regional-elegeu-comissao-permanente-e-representantes-do-algarve-ces\/atualidade\/20\/06\/#breadcrumb"},"inLanguage":"pt-PT","potentialAction":[{"@type":"ReadAction","target":["https:\/\/algarve7.pt\/index.php\/2020\/10\/conselho-regional-elegeu-comissao-permanente-e-representantes-do-algarve-ces\/atualidade\/20\/06\/"]}]},{"@type":"ImageObject","inLanguage":"pt-PT","@id":"https:\/\/algarve7.pt\/index.php\/2020\/10\/conselho-regional-elegeu-comissao-permanente-e-representantes-do-algarve-ces\/atualidade\/20\/06\/#primaryimage","url":"https:\/\/algarve7.pt\/wp-content\/uploads\/2020\/10\/20201027_150447-e1603915586283.jpg","contentUrl":"https:\/\/algarve7.pt\/wp-content\/uploads\/2020\/10\/20201027_150447-e1603915586283.jpg","width":1024,"height":576},{"@type":"BreadcrumbList","@id":"https:\/\/algarve7.pt\/index.php\/2020\/10\/conselho-regional-elegeu-comissao-permanente-e-representantes-do-algarve-ces\/atualidade\/20\/06\/#breadcrumb","itemListElement":[{"@type":"ListItem","position":1,"name":"In\u00edcio","item":"https:\/\/algarve7.pt\/"},{"@type":"ListItem","position":2,"name":"Conselho regional elegeu comiss\u00e3o permanente e representantes do Algarve CES"}]},{"@type":"WebSite","@id":"https:\/\/algarve7.pt\/#website","url":"https:\/\/algarve7.pt\/","name":"Algarve 7","description":"Informa\u00e7\u00e3o sobre o Algarve","publisher":{"@id":"https:\/\/algarve7.pt\/#organization"},"potentialAction":[{"@type":"SearchAction","target":{"@type":"EntryPoint","urlTemplate":"https:\/\/algarve7.pt\/?s={search_term_string}"},"query-input":{"@type":"PropertyValueSpecification","valueRequired":true,"valueName":"search_term_string"}}],"inLanguage":"pt-PT"},{"@type":"Organization","@id":"https:\/\/algarve7.pt\/#organization","name":"Algarve 7","url":"https:\/\/algarve7.pt\/","logo":{"@type":"ImageObject","inLanguage":"pt-PT","@id":"https:\/\/algarve7.pt\/#\/schema\/logo\/image\/","url":"https:\/\/algarve7.pt\/wp-content\/uploads\/2020\/10\/Logo-8.jpg","contentUrl":"https:\/\/algarve7.pt\/wp-content\/uploads\/2020\/10\/Logo-8.jpg","width":1680,"height":1186,"caption":"Algarve 7"},"image":{"@id":"https:\/\/algarve7.pt\/#\/schema\/logo\/image\/"},"sameAs":["https:\/\/www.facebook.com\/algarve7","https:\/\/x.com\/Algarvesete","https:\/\/www.instagram.com\/jornalalgarve7\/","https:\/\/www.linkedin.com\/company\/algarve7","https:\/\/www.pinterest.pt\/geral0939\/_created\/"]},{"@type":"Person","@id":"https:\/\/algarve7.pt\/#\/schema\/person\/23fa70681308e7b319a3204bcea45e0c","name":"Algarve 7","sameAs":["https:\/\/algarve7.pt","https:\/\/www.facebook.com\/algarve7"],"url":"https:\/\/algarve7.pt\/index.php\/author\/geralalgarve7-pt\/"}]}},"jetpack_publicize_connections":[],"jetpack_featured_media_url":"https:\/\/algarve7.pt\/wp-content\/uploads\/2020\/10\/20201027_150447-e1603915586283.jpg","jetpack_shortlink":"https:\/\/wp.me\/pcezmW-NV","jetpack_sharing_enabled":true,"_links":{"self":[{"href":"https:\/\/algarve7.pt\/index.php\/wp-json\/wp\/v2\/posts\/3095","targetHints":{"allow":["GET"]}}],"collection":[{"href":"https:\/\/algarve7.pt\/index.php\/wp-json\/wp\/v2\/posts"}],"about":[{"href":"https:\/\/algarve7.pt\/index.php\/wp-json\/wp\/v2\/types\/post"}],"author":[{"embeddable":true,"href":"https:\/\/algarve7.pt\/index.php\/wp-json\/wp\/v2\/users\/1"}],"replies":[{"embeddable":true,"href":"https:\/\/algarve7.pt\/index.php\/wp-json\/wp\/v2\/comments?post=3095"}],"version-history":[{"count":0,"href":"https:\/\/algarve7.pt\/index.php\/wp-json\/wp\/v2\/posts\/3095\/revisions"}],"wp:featuredmedia":[{"embeddable":true,"href":"https:\/\/algarve7.pt\/index.php\/wp-json\/wp\/v2\/media\/3096"}],"wp:attachment":[{"href":"https:\/\/algarve7.pt\/index.php\/wp-json\/wp\/v2\/media?parent=3095"}],"wp:term":[{"taxonomy":"category","embeddable":true,"href":"https:\/\/algarve7.pt\/index.php\/wp-json\/wp\/v2\/categories?post=3095"},{"taxonomy":"post_tag","embeddable":true,"href":"https:\/\/algarve7.pt\/index.php\/wp-json\/wp\/v2\/tags?post=3095"}],"curies":[{"name":"wp","href":"https:\/\/api.w.org\/{rel}","templated":true}]}}