{"id":30943,"date":"2023-09-18T15:33:35","date_gmt":"2023-09-18T14:33:35","guid":{"rendered":"https:\/\/algarve7.pt\/?p=30943"},"modified":"2023-09-18T15:33:39","modified_gmt":"2023-09-18T14:33:39","slug":"municipio-de-tavira-associa-se-ao-programa-das-jornadas-europeias-do-patrimonio","status":"publish","type":"post","link":"https:\/\/algarve7.pt\/index.php\/2023\/09\/municipio-de-tavira-associa-se-ao-programa-das-jornadas-europeias-do-patrimonio\/atualidade\/15\/33\/","title":{"rendered":"Munic\u00edpio de Tavira associa-se ao programa das Jornadas Europeias do Patrim\u00f3nio"},"content":{"rendered":"\n<p>O Munic\u00edpio de Tavira associa-se ao programa das Jornadas Europeias do Patrim\u00f3nio, entre 22 e 24 de setembro, com v\u00e1rias atividades culturais, incluindo uma palestra, visitas a exposi\u00e7\u00f5es e monumentos, degusta\u00e7\u00e3o de vinhos e um concerto de acorde\u00e3o.<\/p>\n\n\n\n<p>As a\u00e7\u00f5es visam a divulga\u00e7\u00e3o e a salvaguarda do patrim\u00f3nio art\u00edstico, hist\u00f3rico e cultural do concelho de Tavira, promovendo o di\u00e1logo entre os especialistas nas diferentes mat\u00e9rias e a comunidade.<\/p>\n\n\n\n<p>O programa inicia-se, no dia 22, pelas 18h00, na Biblioteca Municipal \u00c1lvaro de Campos, com a palestra \u201cRet\u00e1bulos no Mundo Portugu\u00eas: Thesaurus&#8221;, por Francisco Lameira, Professor Auxiliar com agrega\u00e7\u00e3o no Departamento de Artes e Humanidades da Faculdade de Ci\u00eancias Humanas e Sociais da Universidade do Algarve e coordenador da cole\u00e7\u00e3o <em>Promontoria Monogr\u00e1fica Hist\u00f3ria da Arte.<\/em> Esta palestra pretende real\u00e7ar a import\u00e2ncia dos ret\u00e1bulos na arte portuguesa, atrav\u00e9s de uma criteriosa sele\u00e7\u00e3o dos exemplares mais relevantes em termos formais e funcionais, incluindo os do Algarve.<\/p>\n\n\n\n<p>No dia 23, pelas 10h30, os participantes poder\u00e3o desfrutar de uma visita \u00e0 Ermida de Nossa Senhora do Livramento (Livramento, Luz de Tavira), orientada Marco Sousa Santos, historiador de arte e t\u00e9cnico superior do Museu Municipal de Tavira. Fundada em 1708 e remodelada em meados do s\u00e9culo XVIII, esta ermida re\u00fane elementos patrimoniais de reconhecido interesse. \u00c9, hoje, administrada pela comunidade local e palco de uma singular festividade religiosa que celebra a liga\u00e7\u00e3o \u00e0 vizinha povoa\u00e7\u00e3o piscat\u00f3ria da Fuzeta.<\/p>\n\n\n\n<p>No mesmo dia, pelas 15h00, no Museu Municipal de Tavira \u2013 Pal\u00e1cio da Galeria, Corinne Romeira (t\u00e9cnica superior do Museu Municipal de Tavira) e An\u00edbal Neto (engenheiro &#8211; Associa\u00e7\u00e3o Agrolares) guiam a visita \u00e0 exposi\u00e7\u00e3o \u201cDieta Mediterr\u00e2nica \u2013 Patrim\u00f3nio Cultural Milenar\u201d, abordando as diferentes vertentes desse Patrim\u00f3nio Cultural Imaterial da Humanidade e a hist\u00f3ria da produ\u00e7\u00e3o e consumo do vinho no Algarve. A sess\u00e3o termina com a degusta\u00e7\u00e3o de diferentes sabores e castas que comp\u00f5em os vinhos algarvios.<\/p>\n\n\n\n<p>Ainda, no s\u00e1bado, pelas 17h30, inaugura, no N\u00facleo Isl\u00e2mico do Museu Municipal, a exposi\u00e7\u00e3o \u201cIr\u00e3o, Ber\u00e7o da Humanidade\u201d de Lu\u00eds Reina. Esta convida os visitantes a embarcar numa jornada visual pelo Ir\u00e3o, uma na\u00e7\u00e3o rica em hist\u00f3ria e cultura, que j\u00e1 foi o cora\u00e7\u00e3o do Imp\u00e9rio Persa. A exposi\u00e7\u00e3o destaca 24 locais de import\u00e2ncia mundial, reconhecidos pela UNESCO como Patrim\u00f3nio da Humanidade, e captura a ess\u00eancia do povo iraniano &#8211; acolhedor, resiliente e cheio de vida. A exposi\u00e7\u00e3o \u00e9 enriquecida com pe\u00e7as da Cole\u00e7\u00e3o Berardo, proporcionando uma vis\u00e3o mais profunda da arte, cultura e hist\u00f3ria deste pa\u00eds milenar.<\/p>\n\n\n\n<p>O programa de dia 24 prev\u00ea, pelas 16h00, uma visita ao n\u00facleo expositivo do Antigo Hospital do Esp\u00edrito Santo de Tavira, orientada por Alexandra Rufino, t\u00e9cnica superior de Patrim\u00f3nio Cultural da Santa Casa da Miseric\u00f3rdia de Tavira.<\/p>\n\n\n\n<p>Inaugurada no passado m\u00eas de junho, esta valoriza a mem\u00f3ria do antigo Hospital de Tavira, apresentando um panorama da sua hist\u00f3ria, desde a funda\u00e7\u00e3o at\u00e9 \u00e0 sua nacionaliza\u00e7\u00e3o. A visita destacar\u00e1 a hist\u00f3ria da institui\u00e7\u00e3o, abordando temas como os primeiros servi\u00e7os de sa\u00fade, a medicina no per\u00edodo moderno e o desenvolvimento das pol\u00edticas sanit\u00e1rias no s\u00e9culo XX.<\/p>\n\n\n\n<p>O dia culmina, pelas 17h00, na Igreja do Esp\u00edrito Santo de Tavira (S. Jos\u00e9) com o concerto <em>Sons do Patrim\u00f3nio: Uma Viagem Harm\u00f3nica pelo Acorde\u00e3o<\/em>, apresentado pelo acordeonista Gon\u00e7alo Pescada (solista em orquestra de v\u00e1rios pa\u00edses e professor auxiliar no Departamento de M\u00fasica da Universidade de \u00c9vora). Este momento musical inclui uma variedade de pe\u00e7as para acorde\u00e3o, bandon\u00e9on e accordina, incluindo obras de T. Murena, \u00c9dith Piaf, Astor Piazzolla, A. Villoldo, E. Donato, A.Vivaldi, D. Scarlatti, G. Rossini, V. Vlassov e V. Monti.<\/p>\n\n\n\n<p>Ainda, neste \u00e2mbito, nos dias 22 e 23 de setembro, a entrada no Museu Municipal de Tavira \u00e9 gratuita.<\/p>\n\n\n\n<p>As visitas orientadas t\u00eam um n\u00famero limitado de participantes, sendo a inscri\u00e7\u00e3o gratuita e obrigat\u00f3ria (at\u00e9 dois dias antes do in\u00edcio das atividades): <a href=\"https:\/\/forms.gle\/qVEftQQtZWVTdKti6\" target=\"_blank\" rel=\"noreferrer noopener\">https:\/\/forms.gle\/qVEftQQtZWVTdKti6<\/a><\/p>\n\n\n\n<p>As Jornadas Europeias do Patrim\u00f3nio de 2023 envolvem cerca de 50 pa\u00edses, sendo que o programa de Tavira conta, este ano, com os apoios da Santa Casa da Miseric\u00f3rdia de Tavira, da Par\u00f3quia de Nossa Senhora da Luz e da Associa\u00e7\u00e3o Agrolares, Lda.<\/p>\n","protected":false},"excerpt":{"rendered":"<p>O Munic\u00edpio de Tavira associa-se ao programa das Jornadas Europeias do Patrim\u00f3nio, entre 22 e 24 de setembro, com v\u00e1rias<\/p>\n","protected":false},"author":1,"featured_media":30944,"comment_status":"closed","ping_status":"open","sticky":false,"template":"","format":"standard","meta":{"colormag_page_container_layout":"default_layout","colormag_page_sidebar_layout":"default_layout","_monsterinsights_skip_tracking":false,"_monsterinsights_sitenote_active":false,"_monsterinsights_sitenote_note":"","_monsterinsights_sitenote_category":0,"jetpack_post_was_ever_published":false,"_jetpack_newsletter_access":"","_jetpack_dont_email_post_to_subs":false,"_jetpack_newsletter_tier_id":0,"_jetpack_memberships_contains_paywalled_content":false,"_jetpack_memberships_contains_paid_content":false,"footnotes":"","jetpack_publicize_message":"","jetpack_publicize_feature_enabled":true,"jetpack_social_post_already_shared":true,"jetpack_social_options":{"image_generator_settings":{"template":"highway","default_image_id":0,"font":"","enabled":false},"version":2}},"categories":[11],"tags":[36,62,54],"class_list":["post-30943","post","type-post","status-publish","format-standard","has-post-thumbnail","hentry","category-atualidade","tag-algarve","tag-atualidade","tag-tavira"],"yoast_head":"<!-- This site is optimized with the Yoast SEO plugin v27.5 - https:\/\/yoast.com\/product\/yoast-seo-wordpress\/ -->\n<title>Munic\u00edpio de Tavira associa-se ao programa das Jornadas Europeias do Patrim\u00f3nio - Algarve 7<\/title>\n<meta name=\"description\" content=\"Munic\u00edpio de Tavira associa-se ao programa das Jornadas Europeias do Patrim\u00f3nio Atualidade\" \/>\n<meta name=\"robots\" content=\"index, follow, max-snippet:-1, max-image-preview:large, max-video-preview:-1\" \/>\n<link rel=\"canonical\" href=\"https:\/\/algarve7.pt\/index.php\/2023\/09\/municipio-de-tavira-associa-se-ao-programa-das-jornadas-europeias-do-patrimonio\/atualidade\/15\/33\/\" \/>\n<meta property=\"og:locale\" content=\"pt_PT\" \/>\n<meta property=\"og:type\" content=\"article\" \/>\n<meta property=\"og:title\" content=\"Munic\u00edpio de Tavira associa-se ao programa das Jornadas Europeias do Patrim\u00f3nio - Algarve 7\" \/>\n<meta property=\"og:description\" content=\"Munic\u00edpio de Tavira associa-se ao programa das Jornadas Europeias do Patrim\u00f3nio Atualidade\" \/>\n<meta property=\"og:url\" content=\"https:\/\/algarve7.pt\/index.php\/2023\/09\/municipio-de-tavira-associa-se-ao-programa-das-jornadas-europeias-do-patrimonio\/atualidade\/15\/33\/\" \/>\n<meta property=\"og:site_name\" content=\"Algarve 7\" \/>\n<meta property=\"article:publisher\" content=\"https:\/\/www.facebook.com\/algarve7\" \/>\n<meta property=\"article:author\" content=\"https:\/\/www.facebook.com\/algarve7\" \/>\n<meta property=\"article:published_time\" content=\"2023-09-18T14:33:35+00:00\" \/>\n<meta property=\"article:modified_time\" content=\"2023-09-18T14:33:39+00:00\" \/>\n<meta property=\"og:image\" content=\"https:\/\/algarve7.pt\/wp-content\/uploads\/2023\/09\/Captura-de-ecra-2023-09-18-as-15.31.06.png\" \/>\n\t<meta property=\"og:image:width\" content=\"1024\" \/>\n\t<meta property=\"og:image:height\" content=\"651\" \/>\n\t<meta property=\"og:image:type\" content=\"image\/png\" \/>\n<meta name=\"author\" content=\"Algarve 7\" \/>\n<meta name=\"twitter:card\" content=\"summary_large_image\" \/>\n<meta name=\"twitter:creator\" content=\"@Algarvesete\" \/>\n<meta name=\"twitter:site\" content=\"@Algarvesete\" \/>\n<meta name=\"twitter:label1\" content=\"Escrito por\" \/>\n\t<meta name=\"twitter:data1\" content=\"Algarve 7\" \/>\n\t<meta name=\"twitter:label2\" content=\"Tempo estimado de leitura\" \/>\n\t<meta name=\"twitter:data2\" content=\"4 minutos\" \/>\n<script type=\"application\/ld+json\" class=\"yoast-schema-graph\">{\"@context\":\"https:\\\/\\\/schema.org\",\"@graph\":[{\"@type\":\"Article\",\"@id\":\"https:\\\/\\\/algarve7.pt\\\/index.php\\\/2023\\\/09\\\/municipio-de-tavira-associa-se-ao-programa-das-jornadas-europeias-do-patrimonio\\\/atualidade\\\/15\\\/33\\\/#article\",\"isPartOf\":{\"@id\":\"https:\\\/\\\/algarve7.pt\\\/index.php\\\/2023\\\/09\\\/municipio-de-tavira-associa-se-ao-programa-das-jornadas-europeias-do-patrimonio\\\/atualidade\\\/15\\\/33\\\/\"},\"author\":{\"name\":\"Algarve 7\",\"@id\":\"https:\\\/\\\/algarve7.pt\\\/#\\\/schema\\\/person\\\/23fa70681308e7b319a3204bcea45e0c\"},\"headline\":\"Munic\u00edpio de Tavira associa-se ao programa das Jornadas Europeias do Patrim\u00f3nio\",\"datePublished\":\"2023-09-18T14:33:35+00:00\",\"dateModified\":\"2023-09-18T14:33:39+00:00\",\"mainEntityOfPage\":{\"@id\":\"https:\\\/\\\/algarve7.pt\\\/index.php\\\/2023\\\/09\\\/municipio-de-tavira-associa-se-ao-programa-das-jornadas-europeias-do-patrimonio\\\/atualidade\\\/15\\\/33\\\/\"},\"wordCount\":773,\"publisher\":{\"@id\":\"https:\\\/\\\/algarve7.pt\\\/#organization\"},\"image\":{\"@id\":\"https:\\\/\\\/algarve7.pt\\\/index.php\\\/2023\\\/09\\\/municipio-de-tavira-associa-se-ao-programa-das-jornadas-europeias-do-patrimonio\\\/atualidade\\\/15\\\/33\\\/#primaryimage\"},\"thumbnailUrl\":\"https:\\\/\\\/algarve7.pt\\\/wp-content\\\/uploads\\\/2023\\\/09\\\/Captura-de-ecra-2023-09-18-as-15.31.06.png\",\"keywords\":[\"Algarve\",\"Atualidade\",\"Tavira\"],\"articleSection\":[\"Atualidade\"],\"inLanguage\":\"pt-PT\"},{\"@type\":\"WebPage\",\"@id\":\"https:\\\/\\\/algarve7.pt\\\/index.php\\\/2023\\\/09\\\/municipio-de-tavira-associa-se-ao-programa-das-jornadas-europeias-do-patrimonio\\\/atualidade\\\/15\\\/33\\\/\",\"url\":\"https:\\\/\\\/algarve7.pt\\\/index.php\\\/2023\\\/09\\\/municipio-de-tavira-associa-se-ao-programa-das-jornadas-europeias-do-patrimonio\\\/atualidade\\\/15\\\/33\\\/\",\"name\":\"Munic\u00edpio de Tavira associa-se ao programa das Jornadas Europeias do Patrim\u00f3nio - Algarve 7\",\"isPartOf\":{\"@id\":\"https:\\\/\\\/algarve7.pt\\\/#website\"},\"primaryImageOfPage\":{\"@id\":\"https:\\\/\\\/algarve7.pt\\\/index.php\\\/2023\\\/09\\\/municipio-de-tavira-associa-se-ao-programa-das-jornadas-europeias-do-patrimonio\\\/atualidade\\\/15\\\/33\\\/#primaryimage\"},\"image\":{\"@id\":\"https:\\\/\\\/algarve7.pt\\\/index.php\\\/2023\\\/09\\\/municipio-de-tavira-associa-se-ao-programa-das-jornadas-europeias-do-patrimonio\\\/atualidade\\\/15\\\/33\\\/#primaryimage\"},\"thumbnailUrl\":\"https:\\\/\\\/algarve7.pt\\\/wp-content\\\/uploads\\\/2023\\\/09\\\/Captura-de-ecra-2023-09-18-as-15.31.06.png\",\"datePublished\":\"2023-09-18T14:33:35+00:00\",\"dateModified\":\"2023-09-18T14:33:39+00:00\",\"description\":\"Munic\u00edpio de Tavira associa-se ao programa das Jornadas Europeias do Patrim\u00f3nio Atualidade\",\"breadcrumb\":{\"@id\":\"https:\\\/\\\/algarve7.pt\\\/index.php\\\/2023\\\/09\\\/municipio-de-tavira-associa-se-ao-programa-das-jornadas-europeias-do-patrimonio\\\/atualidade\\\/15\\\/33\\\/#breadcrumb\"},\"inLanguage\":\"pt-PT\",\"potentialAction\":[{\"@type\":\"ReadAction\",\"target\":[\"https:\\\/\\\/algarve7.pt\\\/index.php\\\/2023\\\/09\\\/municipio-de-tavira-associa-se-ao-programa-das-jornadas-europeias-do-patrimonio\\\/atualidade\\\/15\\\/33\\\/\"]}]},{\"@type\":\"ImageObject\",\"inLanguage\":\"pt-PT\",\"@id\":\"https:\\\/\\\/algarve7.pt\\\/index.php\\\/2023\\\/09\\\/municipio-de-tavira-associa-se-ao-programa-das-jornadas-europeias-do-patrimonio\\\/atualidade\\\/15\\\/33\\\/#primaryimage\",\"url\":\"https:\\\/\\\/algarve7.pt\\\/wp-content\\\/uploads\\\/2023\\\/09\\\/Captura-de-ecra-2023-09-18-as-15.31.06.png\",\"contentUrl\":\"https:\\\/\\\/algarve7.pt\\\/wp-content\\\/uploads\\\/2023\\\/09\\\/Captura-de-ecra-2023-09-18-as-15.31.06.png\",\"width\":1024,\"height\":651},{\"@type\":\"BreadcrumbList\",\"@id\":\"https:\\\/\\\/algarve7.pt\\\/index.php\\\/2023\\\/09\\\/municipio-de-tavira-associa-se-ao-programa-das-jornadas-europeias-do-patrimonio\\\/atualidade\\\/15\\\/33\\\/#breadcrumb\",\"itemListElement\":[{\"@type\":\"ListItem\",\"position\":1,\"name\":\"In\u00edcio\",\"item\":\"https:\\\/\\\/algarve7.pt\\\/\"},{\"@type\":\"ListItem\",\"position\":2,\"name\":\"Munic\u00edpio de Tavira associa-se ao programa das Jornadas Europeias do Patrim\u00f3nio\"}]},{\"@type\":\"WebSite\",\"@id\":\"https:\\\/\\\/algarve7.pt\\\/#website\",\"url\":\"https:\\\/\\\/algarve7.pt\\\/\",\"name\":\"Algarve 7\",\"description\":\"Informa\u00e7\u00e3o sobre o Algarve\",\"publisher\":{\"@id\":\"https:\\\/\\\/algarve7.pt\\\/#organization\"},\"potentialAction\":[{\"@type\":\"SearchAction\",\"target\":{\"@type\":\"EntryPoint\",\"urlTemplate\":\"https:\\\/\\\/algarve7.pt\\\/?s={search_term_string}\"},\"query-input\":{\"@type\":\"PropertyValueSpecification\",\"valueRequired\":true,\"valueName\":\"search_term_string\"}}],\"inLanguage\":\"pt-PT\"},{\"@type\":\"Organization\",\"@id\":\"https:\\\/\\\/algarve7.pt\\\/#organization\",\"name\":\"Algarve 7\",\"url\":\"https:\\\/\\\/algarve7.pt\\\/\",\"logo\":{\"@type\":\"ImageObject\",\"inLanguage\":\"pt-PT\",\"@id\":\"https:\\\/\\\/algarve7.pt\\\/#\\\/schema\\\/logo\\\/image\\\/\",\"url\":\"https:\\\/\\\/algarve7.pt\\\/wp-content\\\/uploads\\\/2020\\\/10\\\/Logo-8.jpg\",\"contentUrl\":\"https:\\\/\\\/algarve7.pt\\\/wp-content\\\/uploads\\\/2020\\\/10\\\/Logo-8.jpg\",\"width\":1680,\"height\":1186,\"caption\":\"Algarve 7\"},\"image\":{\"@id\":\"https:\\\/\\\/algarve7.pt\\\/#\\\/schema\\\/logo\\\/image\\\/\"},\"sameAs\":[\"https:\\\/\\\/www.facebook.com\\\/algarve7\",\"https:\\\/\\\/x.com\\\/Algarvesete\",\"https:\\\/\\\/www.instagram.com\\\/jornalalgarve7\\\/\",\"https:\\\/\\\/www.linkedin.com\\\/company\\\/algarve7\",\"https:\\\/\\\/www.pinterest.pt\\\/geral0939\\\/_created\\\/\"]},{\"@type\":\"Person\",\"@id\":\"https:\\\/\\\/algarve7.pt\\\/#\\\/schema\\\/person\\\/23fa70681308e7b319a3204bcea45e0c\",\"name\":\"Algarve 7\",\"sameAs\":[\"https:\\\/\\\/algarve7.pt\",\"https:\\\/\\\/www.facebook.com\\\/algarve7\"],\"url\":\"https:\\\/\\\/algarve7.pt\\\/index.php\\\/author\\\/geralalgarve7-pt\\\/\"}]}<\/script>\n<!-- \/ Yoast SEO plugin. -->","yoast_head_json":{"title":"Munic\u00edpio de Tavira associa-se ao programa das Jornadas Europeias do Patrim\u00f3nio - Algarve 7","description":"Munic\u00edpio de Tavira associa-se ao programa das Jornadas Europeias do Patrim\u00f3nio Atualidade","robots":{"index":"index","follow":"follow","max-snippet":"max-snippet:-1","max-image-preview":"max-image-preview:large","max-video-preview":"max-video-preview:-1"},"canonical":"https:\/\/algarve7.pt\/index.php\/2023\/09\/municipio-de-tavira-associa-se-ao-programa-das-jornadas-europeias-do-patrimonio\/atualidade\/15\/33\/","og_locale":"pt_PT","og_type":"article","og_title":"Munic\u00edpio de Tavira associa-se ao programa das Jornadas Europeias do Patrim\u00f3nio - Algarve 7","og_description":"Munic\u00edpio de Tavira associa-se ao programa das Jornadas Europeias do Patrim\u00f3nio Atualidade","og_url":"https:\/\/algarve7.pt\/index.php\/2023\/09\/municipio-de-tavira-associa-se-ao-programa-das-jornadas-europeias-do-patrimonio\/atualidade\/15\/33\/","og_site_name":"Algarve 7","article_publisher":"https:\/\/www.facebook.com\/algarve7","article_author":"https:\/\/www.facebook.com\/algarve7","article_published_time":"2023-09-18T14:33:35+00:00","article_modified_time":"2023-09-18T14:33:39+00:00","og_image":[{"width":1024,"height":651,"url":"https:\/\/algarve7.pt\/wp-content\/uploads\/2023\/09\/Captura-de-ecra-2023-09-18-as-15.31.06.png","type":"image\/png"}],"author":"Algarve 7","twitter_card":"summary_large_image","twitter_creator":"@Algarvesete","twitter_site":"@Algarvesete","twitter_misc":{"Escrito por":"Algarve 7","Tempo estimado de leitura":"4 minutos"},"schema":{"@context":"https:\/\/schema.org","@graph":[{"@type":"Article","@id":"https:\/\/algarve7.pt\/index.php\/2023\/09\/municipio-de-tavira-associa-se-ao-programa-das-jornadas-europeias-do-patrimonio\/atualidade\/15\/33\/#article","isPartOf":{"@id":"https:\/\/algarve7.pt\/index.php\/2023\/09\/municipio-de-tavira-associa-se-ao-programa-das-jornadas-europeias-do-patrimonio\/atualidade\/15\/33\/"},"author":{"name":"Algarve 7","@id":"https:\/\/algarve7.pt\/#\/schema\/person\/23fa70681308e7b319a3204bcea45e0c"},"headline":"Munic\u00edpio de Tavira associa-se ao programa das Jornadas Europeias do Patrim\u00f3nio","datePublished":"2023-09-18T14:33:35+00:00","dateModified":"2023-09-18T14:33:39+00:00","mainEntityOfPage":{"@id":"https:\/\/algarve7.pt\/index.php\/2023\/09\/municipio-de-tavira-associa-se-ao-programa-das-jornadas-europeias-do-patrimonio\/atualidade\/15\/33\/"},"wordCount":773,"publisher":{"@id":"https:\/\/algarve7.pt\/#organization"},"image":{"@id":"https:\/\/algarve7.pt\/index.php\/2023\/09\/municipio-de-tavira-associa-se-ao-programa-das-jornadas-europeias-do-patrimonio\/atualidade\/15\/33\/#primaryimage"},"thumbnailUrl":"https:\/\/algarve7.pt\/wp-content\/uploads\/2023\/09\/Captura-de-ecra-2023-09-18-as-15.31.06.png","keywords":["Algarve","Atualidade","Tavira"],"articleSection":["Atualidade"],"inLanguage":"pt-PT"},{"@type":"WebPage","@id":"https:\/\/algarve7.pt\/index.php\/2023\/09\/municipio-de-tavira-associa-se-ao-programa-das-jornadas-europeias-do-patrimonio\/atualidade\/15\/33\/","url":"https:\/\/algarve7.pt\/index.php\/2023\/09\/municipio-de-tavira-associa-se-ao-programa-das-jornadas-europeias-do-patrimonio\/atualidade\/15\/33\/","name":"Munic\u00edpio de Tavira associa-se ao programa das Jornadas Europeias do Patrim\u00f3nio - Algarve 7","isPartOf":{"@id":"https:\/\/algarve7.pt\/#website"},"primaryImageOfPage":{"@id":"https:\/\/algarve7.pt\/index.php\/2023\/09\/municipio-de-tavira-associa-se-ao-programa-das-jornadas-europeias-do-patrimonio\/atualidade\/15\/33\/#primaryimage"},"image":{"@id":"https:\/\/algarve7.pt\/index.php\/2023\/09\/municipio-de-tavira-associa-se-ao-programa-das-jornadas-europeias-do-patrimonio\/atualidade\/15\/33\/#primaryimage"},"thumbnailUrl":"https:\/\/algarve7.pt\/wp-content\/uploads\/2023\/09\/Captura-de-ecra-2023-09-18-as-15.31.06.png","datePublished":"2023-09-18T14:33:35+00:00","dateModified":"2023-09-18T14:33:39+00:00","description":"Munic\u00edpio de Tavira associa-se ao programa das Jornadas Europeias do Patrim\u00f3nio Atualidade","breadcrumb":{"@id":"https:\/\/algarve7.pt\/index.php\/2023\/09\/municipio-de-tavira-associa-se-ao-programa-das-jornadas-europeias-do-patrimonio\/atualidade\/15\/33\/#breadcrumb"},"inLanguage":"pt-PT","potentialAction":[{"@type":"ReadAction","target":["https:\/\/algarve7.pt\/index.php\/2023\/09\/municipio-de-tavira-associa-se-ao-programa-das-jornadas-europeias-do-patrimonio\/atualidade\/15\/33\/"]}]},{"@type":"ImageObject","inLanguage":"pt-PT","@id":"https:\/\/algarve7.pt\/index.php\/2023\/09\/municipio-de-tavira-associa-se-ao-programa-das-jornadas-europeias-do-patrimonio\/atualidade\/15\/33\/#primaryimage","url":"https:\/\/algarve7.pt\/wp-content\/uploads\/2023\/09\/Captura-de-ecra-2023-09-18-as-15.31.06.png","contentUrl":"https:\/\/algarve7.pt\/wp-content\/uploads\/2023\/09\/Captura-de-ecra-2023-09-18-as-15.31.06.png","width":1024,"height":651},{"@type":"BreadcrumbList","@id":"https:\/\/algarve7.pt\/index.php\/2023\/09\/municipio-de-tavira-associa-se-ao-programa-das-jornadas-europeias-do-patrimonio\/atualidade\/15\/33\/#breadcrumb","itemListElement":[{"@type":"ListItem","position":1,"name":"In\u00edcio","item":"https:\/\/algarve7.pt\/"},{"@type":"ListItem","position":2,"name":"Munic\u00edpio de Tavira associa-se ao programa das Jornadas Europeias do Patrim\u00f3nio"}]},{"@type":"WebSite","@id":"https:\/\/algarve7.pt\/#website","url":"https:\/\/algarve7.pt\/","name":"Algarve 7","description":"Informa\u00e7\u00e3o sobre o Algarve","publisher":{"@id":"https:\/\/algarve7.pt\/#organization"},"potentialAction":[{"@type":"SearchAction","target":{"@type":"EntryPoint","urlTemplate":"https:\/\/algarve7.pt\/?s={search_term_string}"},"query-input":{"@type":"PropertyValueSpecification","valueRequired":true,"valueName":"search_term_string"}}],"inLanguage":"pt-PT"},{"@type":"Organization","@id":"https:\/\/algarve7.pt\/#organization","name":"Algarve 7","url":"https:\/\/algarve7.pt\/","logo":{"@type":"ImageObject","inLanguage":"pt-PT","@id":"https:\/\/algarve7.pt\/#\/schema\/logo\/image\/","url":"https:\/\/algarve7.pt\/wp-content\/uploads\/2020\/10\/Logo-8.jpg","contentUrl":"https:\/\/algarve7.pt\/wp-content\/uploads\/2020\/10\/Logo-8.jpg","width":1680,"height":1186,"caption":"Algarve 7"},"image":{"@id":"https:\/\/algarve7.pt\/#\/schema\/logo\/image\/"},"sameAs":["https:\/\/www.facebook.com\/algarve7","https:\/\/x.com\/Algarvesete","https:\/\/www.instagram.com\/jornalalgarve7\/","https:\/\/www.linkedin.com\/company\/algarve7","https:\/\/www.pinterest.pt\/geral0939\/_created\/"]},{"@type":"Person","@id":"https:\/\/algarve7.pt\/#\/schema\/person\/23fa70681308e7b319a3204bcea45e0c","name":"Algarve 7","sameAs":["https:\/\/algarve7.pt","https:\/\/www.facebook.com\/algarve7"],"url":"https:\/\/algarve7.pt\/index.php\/author\/geralalgarve7-pt\/"}]}},"jetpack_publicize_connections":[],"jetpack_featured_media_url":"https:\/\/algarve7.pt\/wp-content\/uploads\/2023\/09\/Captura-de-ecra-2023-09-18-as-15.31.06.png","jetpack_shortlink":"https:\/\/wp.me\/pcezmW-835","jetpack_sharing_enabled":true,"_links":{"self":[{"href":"https:\/\/algarve7.pt\/index.php\/wp-json\/wp\/v2\/posts\/30943","targetHints":{"allow":["GET"]}}],"collection":[{"href":"https:\/\/algarve7.pt\/index.php\/wp-json\/wp\/v2\/posts"}],"about":[{"href":"https:\/\/algarve7.pt\/index.php\/wp-json\/wp\/v2\/types\/post"}],"author":[{"embeddable":true,"href":"https:\/\/algarve7.pt\/index.php\/wp-json\/wp\/v2\/users\/1"}],"replies":[{"embeddable":true,"href":"https:\/\/algarve7.pt\/index.php\/wp-json\/wp\/v2\/comments?post=30943"}],"version-history":[{"count":0,"href":"https:\/\/algarve7.pt\/index.php\/wp-json\/wp\/v2\/posts\/30943\/revisions"}],"wp:featuredmedia":[{"embeddable":true,"href":"https:\/\/algarve7.pt\/index.php\/wp-json\/wp\/v2\/media\/30944"}],"wp:attachment":[{"href":"https:\/\/algarve7.pt\/index.php\/wp-json\/wp\/v2\/media?parent=30943"}],"wp:term":[{"taxonomy":"category","embeddable":true,"href":"https:\/\/algarve7.pt\/index.php\/wp-json\/wp\/v2\/categories?post=30943"},{"taxonomy":"post_tag","embeddable":true,"href":"https:\/\/algarve7.pt\/index.php\/wp-json\/wp\/v2\/tags?post=30943"}],"curies":[{"name":"wp","href":"https:\/\/api.w.org\/{rel}","templated":true}]}}