{"id":3087,"date":"2020-10-28T18:37:48","date_gmt":"2020-10-28T18:37:48","guid":{"rendered":"https:\/\/algarve7.pt\/?p=3087"},"modified":"2020-10-28T18:37:48","modified_gmt":"2020-10-28T18:37:48","slug":"comandante-santos-pereira-e-o-novo-diretor-do-instituto-de-socorros-a-naufragos","status":"publish","type":"post","link":"https:\/\/algarve7.pt\/index.php\/2020\/10\/comandante-santos-pereira-e-o-novo-diretor-do-instituto-de-socorros-a-naufragos\/nacional\/18\/37\/","title":{"rendered":"Comandante Santos Pereira \u00e9 o novo Diretor do Instituto de Socorros a N\u00e1ufragos"},"content":{"rendered":"\n<p>Tomou hoje posse como novo Diretor do Instituto de Socorros a N\u00e1ufragos (ISN) o Comandante Santos Pereira, que sucedeu ao Comandante Velho Gouveia no cargo. <\/p>\n\n\n\n<p>A cerim\u00f3nia de tomada de posse realizou-se nas instala\u00e7\u00f5es do Instituto de Socorros a N\u00e1ufragos, em Oeiras, e foi presidida pelo Diretor-geral da Autoridade Mar\u00edtima e Comandante-geral da Pol\u00edcia Mar\u00edtima, Vice-almirante Lu\u00eds Sousa Pereira.<\/p>\n\n\n\n<p>No discurso de tomada de posse, o novo Diretor do Instituto de Socorros a N\u00e1ufragos agradeceu a confian\u00e7a em si depositada e mostrou-se honrado por poder dirigir uma institui\u00e7\u00e3o que tem como miss\u00e3o salvar vidas.<\/p>\n\n\n\n<p>\u201cConfesso que nenhuma outra nomea\u00e7\u00e3o me deixou t\u00e3o orgulhoso como esta, a de dirigir uma institui\u00e7\u00e3o que tem por miss\u00e3o a mais nobre das miss\u00f5es: salvar vidas. Uma institui\u00e7\u00e3o onde prestam servi\u00e7o homens e mulheres que de forma abnegada colocam muitas vezes em risco a pr\u00f3pria vida para salvar a de outros, na maioria das vezes saindo para o mar quando os outros em terra procuram abrigo\u201d, referiu.<\/p>\n\n\n\n<p>O Comandante Santos Pereira agradeceu tamb\u00e9m ao seu antecessor pela forma \u201cprofissional, respons\u00e1vel e organizada como conduziu esta transi\u00e7\u00e3o\u201d, desejando-lhe os maiores sucessos profissionais.<\/p>\n\n\n\n<div class=\"wp-block-image\"><figure class=\"aligncenter size-large is-resized\"><img loading=\"lazy\" decoding=\"async\" src=\"https:\/\/algarve7.pt\/wp-content\/uploads\/2020\/10\/e5119bf1-45b1-43ca-84b4-c878629b56ab.jpg\" alt=\"\" class=\"wp-image-3088\" width=\"300\" height=\"436\" srcset=\"https:\/\/algarve7.pt\/wp-content\/uploads\/2020\/10\/e5119bf1-45b1-43ca-84b4-c878629b56ab.jpg 600w, https:\/\/algarve7.pt\/wp-content\/uploads\/2020\/10\/e5119bf1-45b1-43ca-84b4-c878629b56ab-206x300.jpg 206w\" sizes=\"auto, (max-width: 300px) 100vw, 300px\" \/><\/figure><\/div>\n","protected":false},"excerpt":{"rendered":"<p>Tomou hoje posse como novo Diretor do Instituto de Socorros a N\u00e1ufragos (ISN) o Comandante Santos Pereira, que sucedeu ao<\/p>\n","protected":false},"author":1,"featured_media":3089,"comment_status":"closed","ping_status":"open","sticky":false,"template":"","format":"standard","meta":{"colormag_page_container_layout":"default_layout","colormag_page_sidebar_layout":"default_layout","_monsterinsights_skip_tracking":false,"_monsterinsights_sitenote_active":false,"_monsterinsights_sitenote_note":"","_monsterinsights_sitenote_category":0,"jetpack_post_was_ever_published":false,"_jetpack_newsletter_access":"","_jetpack_dont_email_post_to_subs":false,"_jetpack_newsletter_tier_id":0,"_jetpack_memberships_contains_paywalled_content":false,"_jetpack_memberships_contains_paid_content":false,"footnotes":"","jetpack_publicize_message":"","jetpack_publicize_feature_enabled":true,"jetpack_social_post_already_shared":true,"jetpack_social_options":{"image_generator_settings":{"template":"highway","default_image_id":0,"font":"","enabled":false},"version":2}},"categories":[189],"tags":[98],"class_list":["post-3087","post","type-post","status-publish","format-standard","has-post-thumbnail","hentry","category-nacional","tag-nacional"],"yoast_head":"<!-- This site is optimized with the Yoast SEO plugin v27.5 - https:\/\/yoast.com\/product\/yoast-seo-wordpress\/ -->\n<title>Comandante Santos Pereira \u00e9 o novo Diretor do Instituto de Socorros a N\u00e1ufragos - Algarve 7<\/title>\n<meta name=\"description\" content=\"Comandante Santos Pereira \u00e9 o novo Diretor do Instituto de Socorros a N\u00e1ufragos\" \/>\n<meta name=\"robots\" content=\"index, follow, max-snippet:-1, max-image-preview:large, max-video-preview:-1\" \/>\n<link rel=\"canonical\" href=\"https:\/\/algarve7.pt\/index.php\/2020\/10\/comandante-santos-pereira-e-o-novo-diretor-do-instituto-de-socorros-a-naufragos\/nacional\/18\/37\/\" \/>\n<meta property=\"og:locale\" content=\"pt_PT\" \/>\n<meta property=\"og:type\" content=\"article\" \/>\n<meta property=\"og:title\" content=\"Comandante Santos Pereira \u00e9 o novo Diretor do Instituto de Socorros a N\u00e1ufragos - Algarve 7\" \/>\n<meta property=\"og:description\" content=\"Comandante Santos Pereira \u00e9 o novo Diretor do Instituto de Socorros a N\u00e1ufragos\" \/>\n<meta property=\"og:url\" content=\"https:\/\/algarve7.pt\/index.php\/2020\/10\/comandante-santos-pereira-e-o-novo-diretor-do-instituto-de-socorros-a-naufragos\/nacional\/18\/37\/\" \/>\n<meta property=\"og:site_name\" content=\"Algarve 7\" \/>\n<meta property=\"article:publisher\" content=\"https:\/\/www.facebook.com\/algarve7\" \/>\n<meta property=\"article:author\" content=\"https:\/\/www.facebook.com\/algarve7\" \/>\n<meta property=\"article:published_time\" content=\"2020-10-28T18:37:48+00:00\" \/>\n<meta property=\"og:image\" content=\"https:\/\/algarve7.pt\/wp-content\/uploads\/2020\/10\/42771a5b-aa9b-4a7d-99be-6cef86537349-e1603910056327.jpg\" \/>\n\t<meta property=\"og:image:width\" content=\"1024\" \/>\n\t<meta property=\"og:image:height\" content=\"683\" \/>\n\t<meta property=\"og:image:type\" content=\"image\/jpeg\" \/>\n<meta name=\"author\" content=\"Algarve 7\" \/>\n<meta name=\"twitter:card\" content=\"summary_large_image\" \/>\n<meta name=\"twitter:creator\" content=\"@Algarvesete\" \/>\n<meta name=\"twitter:site\" content=\"@Algarvesete\" \/>\n<meta name=\"twitter:label1\" content=\"Escrito por\" \/>\n\t<meta name=\"twitter:data1\" content=\"Algarve 7\" \/>\n\t<meta name=\"twitter:label2\" content=\"Tempo estimado de leitura\" \/>\n\t<meta name=\"twitter:data2\" content=\"1 minuto\" \/>\n<script type=\"application\/ld+json\" class=\"yoast-schema-graph\">{\"@context\":\"https:\\\/\\\/schema.org\",\"@graph\":[{\"@type\":\"Article\",\"@id\":\"https:\\\/\\\/algarve7.pt\\\/index.php\\\/2020\\\/10\\\/comandante-santos-pereira-e-o-novo-diretor-do-instituto-de-socorros-a-naufragos\\\/nacional\\\/18\\\/37\\\/#article\",\"isPartOf\":{\"@id\":\"https:\\\/\\\/algarve7.pt\\\/index.php\\\/2020\\\/10\\\/comandante-santos-pereira-e-o-novo-diretor-do-instituto-de-socorros-a-naufragos\\\/nacional\\\/18\\\/37\\\/\"},\"author\":{\"name\":\"Algarve 7\",\"@id\":\"https:\\\/\\\/algarve7.pt\\\/#\\\/schema\\\/person\\\/23fa70681308e7b319a3204bcea45e0c\"},\"headline\":\"Comandante Santos Pereira \u00e9 o novo Diretor do Instituto de Socorros a N\u00e1ufragos\",\"datePublished\":\"2020-10-28T18:37:48+00:00\",\"mainEntityOfPage\":{\"@id\":\"https:\\\/\\\/algarve7.pt\\\/index.php\\\/2020\\\/10\\\/comandante-santos-pereira-e-o-novo-diretor-do-instituto-de-socorros-a-naufragos\\\/nacional\\\/18\\\/37\\\/\"},\"wordCount\":222,\"publisher\":{\"@id\":\"https:\\\/\\\/algarve7.pt\\\/#organization\"},\"image\":{\"@id\":\"https:\\\/\\\/algarve7.pt\\\/index.php\\\/2020\\\/10\\\/comandante-santos-pereira-e-o-novo-diretor-do-instituto-de-socorros-a-naufragos\\\/nacional\\\/18\\\/37\\\/#primaryimage\"},\"thumbnailUrl\":\"https:\\\/\\\/algarve7.pt\\\/wp-content\\\/uploads\\\/2020\\\/10\\\/42771a5b-aa9b-4a7d-99be-6cef86537349-e1603910056327.jpg\",\"keywords\":[\"Nacional\"],\"articleSection\":[\"Nacional\"],\"inLanguage\":\"pt-PT\"},{\"@type\":\"WebPage\",\"@id\":\"https:\\\/\\\/algarve7.pt\\\/index.php\\\/2020\\\/10\\\/comandante-santos-pereira-e-o-novo-diretor-do-instituto-de-socorros-a-naufragos\\\/nacional\\\/18\\\/37\\\/\",\"url\":\"https:\\\/\\\/algarve7.pt\\\/index.php\\\/2020\\\/10\\\/comandante-santos-pereira-e-o-novo-diretor-do-instituto-de-socorros-a-naufragos\\\/nacional\\\/18\\\/37\\\/\",\"name\":\"Comandante Santos Pereira \u00e9 o novo Diretor do Instituto de Socorros a N\u00e1ufragos - Algarve 7\",\"isPartOf\":{\"@id\":\"https:\\\/\\\/algarve7.pt\\\/#website\"},\"primaryImageOfPage\":{\"@id\":\"https:\\\/\\\/algarve7.pt\\\/index.php\\\/2020\\\/10\\\/comandante-santos-pereira-e-o-novo-diretor-do-instituto-de-socorros-a-naufragos\\\/nacional\\\/18\\\/37\\\/#primaryimage\"},\"image\":{\"@id\":\"https:\\\/\\\/algarve7.pt\\\/index.php\\\/2020\\\/10\\\/comandante-santos-pereira-e-o-novo-diretor-do-instituto-de-socorros-a-naufragos\\\/nacional\\\/18\\\/37\\\/#primaryimage\"},\"thumbnailUrl\":\"https:\\\/\\\/algarve7.pt\\\/wp-content\\\/uploads\\\/2020\\\/10\\\/42771a5b-aa9b-4a7d-99be-6cef86537349-e1603910056327.jpg\",\"datePublished\":\"2020-10-28T18:37:48+00:00\",\"description\":\"Comandante Santos Pereira \u00e9 o novo Diretor do Instituto de Socorros a N\u00e1ufragos\",\"breadcrumb\":{\"@id\":\"https:\\\/\\\/algarve7.pt\\\/index.php\\\/2020\\\/10\\\/comandante-santos-pereira-e-o-novo-diretor-do-instituto-de-socorros-a-naufragos\\\/nacional\\\/18\\\/37\\\/#breadcrumb\"},\"inLanguage\":\"pt-PT\",\"potentialAction\":[{\"@type\":\"ReadAction\",\"target\":[\"https:\\\/\\\/algarve7.pt\\\/index.php\\\/2020\\\/10\\\/comandante-santos-pereira-e-o-novo-diretor-do-instituto-de-socorros-a-naufragos\\\/nacional\\\/18\\\/37\\\/\"]}]},{\"@type\":\"ImageObject\",\"inLanguage\":\"pt-PT\",\"@id\":\"https:\\\/\\\/algarve7.pt\\\/index.php\\\/2020\\\/10\\\/comandante-santos-pereira-e-o-novo-diretor-do-instituto-de-socorros-a-naufragos\\\/nacional\\\/18\\\/37\\\/#primaryimage\",\"url\":\"https:\\\/\\\/algarve7.pt\\\/wp-content\\\/uploads\\\/2020\\\/10\\\/42771a5b-aa9b-4a7d-99be-6cef86537349-e1603910056327.jpg\",\"contentUrl\":\"https:\\\/\\\/algarve7.pt\\\/wp-content\\\/uploads\\\/2020\\\/10\\\/42771a5b-aa9b-4a7d-99be-6cef86537349-e1603910056327.jpg\",\"width\":1024,\"height\":683},{\"@type\":\"BreadcrumbList\",\"@id\":\"https:\\\/\\\/algarve7.pt\\\/index.php\\\/2020\\\/10\\\/comandante-santos-pereira-e-o-novo-diretor-do-instituto-de-socorros-a-naufragos\\\/nacional\\\/18\\\/37\\\/#breadcrumb\",\"itemListElement\":[{\"@type\":\"ListItem\",\"position\":1,\"name\":\"In\u00edcio\",\"item\":\"https:\\\/\\\/algarve7.pt\\\/\"},{\"@type\":\"ListItem\",\"position\":2,\"name\":\"Comandante Santos Pereira \u00e9 o novo Diretor do Instituto de Socorros a N\u00e1ufragos\"}]},{\"@type\":\"WebSite\",\"@id\":\"https:\\\/\\\/algarve7.pt\\\/#website\",\"url\":\"https:\\\/\\\/algarve7.pt\\\/\",\"name\":\"Algarve 7\",\"description\":\"Informa\u00e7\u00e3o sobre o Algarve\",\"publisher\":{\"@id\":\"https:\\\/\\\/algarve7.pt\\\/#organization\"},\"potentialAction\":[{\"@type\":\"SearchAction\",\"target\":{\"@type\":\"EntryPoint\",\"urlTemplate\":\"https:\\\/\\\/algarve7.pt\\\/?s={search_term_string}\"},\"query-input\":{\"@type\":\"PropertyValueSpecification\",\"valueRequired\":true,\"valueName\":\"search_term_string\"}}],\"inLanguage\":\"pt-PT\"},{\"@type\":\"Organization\",\"@id\":\"https:\\\/\\\/algarve7.pt\\\/#organization\",\"name\":\"Algarve 7\",\"url\":\"https:\\\/\\\/algarve7.pt\\\/\",\"logo\":{\"@type\":\"ImageObject\",\"inLanguage\":\"pt-PT\",\"@id\":\"https:\\\/\\\/algarve7.pt\\\/#\\\/schema\\\/logo\\\/image\\\/\",\"url\":\"https:\\\/\\\/algarve7.pt\\\/wp-content\\\/uploads\\\/2020\\\/10\\\/Logo-8.jpg\",\"contentUrl\":\"https:\\\/\\\/algarve7.pt\\\/wp-content\\\/uploads\\\/2020\\\/10\\\/Logo-8.jpg\",\"width\":1680,\"height\":1186,\"caption\":\"Algarve 7\"},\"image\":{\"@id\":\"https:\\\/\\\/algarve7.pt\\\/#\\\/schema\\\/logo\\\/image\\\/\"},\"sameAs\":[\"https:\\\/\\\/www.facebook.com\\\/algarve7\",\"https:\\\/\\\/x.com\\\/Algarvesete\",\"https:\\\/\\\/www.instagram.com\\\/jornalalgarve7\\\/\",\"https:\\\/\\\/www.linkedin.com\\\/company\\\/algarve7\",\"https:\\\/\\\/www.pinterest.pt\\\/geral0939\\\/_created\\\/\"]},{\"@type\":\"Person\",\"@id\":\"https:\\\/\\\/algarve7.pt\\\/#\\\/schema\\\/person\\\/23fa70681308e7b319a3204bcea45e0c\",\"name\":\"Algarve 7\",\"sameAs\":[\"https:\\\/\\\/algarve7.pt\",\"https:\\\/\\\/www.facebook.com\\\/algarve7\"],\"url\":\"https:\\\/\\\/algarve7.pt\\\/index.php\\\/author\\\/geralalgarve7-pt\\\/\"}]}<\/script>\n<!-- \/ Yoast SEO plugin. -->","yoast_head_json":{"title":"Comandante Santos Pereira \u00e9 o novo Diretor do Instituto de Socorros a N\u00e1ufragos - Algarve 7","description":"Comandante Santos Pereira \u00e9 o novo Diretor do Instituto de Socorros a N\u00e1ufragos","robots":{"index":"index","follow":"follow","max-snippet":"max-snippet:-1","max-image-preview":"max-image-preview:large","max-video-preview":"max-video-preview:-1"},"canonical":"https:\/\/algarve7.pt\/index.php\/2020\/10\/comandante-santos-pereira-e-o-novo-diretor-do-instituto-de-socorros-a-naufragos\/nacional\/18\/37\/","og_locale":"pt_PT","og_type":"article","og_title":"Comandante Santos Pereira \u00e9 o novo Diretor do Instituto de Socorros a N\u00e1ufragos - Algarve 7","og_description":"Comandante Santos Pereira \u00e9 o novo Diretor do Instituto de Socorros a N\u00e1ufragos","og_url":"https:\/\/algarve7.pt\/index.php\/2020\/10\/comandante-santos-pereira-e-o-novo-diretor-do-instituto-de-socorros-a-naufragos\/nacional\/18\/37\/","og_site_name":"Algarve 7","article_publisher":"https:\/\/www.facebook.com\/algarve7","article_author":"https:\/\/www.facebook.com\/algarve7","article_published_time":"2020-10-28T18:37:48+00:00","og_image":[{"width":1024,"height":683,"url":"https:\/\/algarve7.pt\/wp-content\/uploads\/2020\/10\/42771a5b-aa9b-4a7d-99be-6cef86537349-e1603910056327.jpg","type":"image\/jpeg"}],"author":"Algarve 7","twitter_card":"summary_large_image","twitter_creator":"@Algarvesete","twitter_site":"@Algarvesete","twitter_misc":{"Escrito por":"Algarve 7","Tempo estimado de leitura":"1 minuto"},"schema":{"@context":"https:\/\/schema.org","@graph":[{"@type":"Article","@id":"https:\/\/algarve7.pt\/index.php\/2020\/10\/comandante-santos-pereira-e-o-novo-diretor-do-instituto-de-socorros-a-naufragos\/nacional\/18\/37\/#article","isPartOf":{"@id":"https:\/\/algarve7.pt\/index.php\/2020\/10\/comandante-santos-pereira-e-o-novo-diretor-do-instituto-de-socorros-a-naufragos\/nacional\/18\/37\/"},"author":{"name":"Algarve 7","@id":"https:\/\/algarve7.pt\/#\/schema\/person\/23fa70681308e7b319a3204bcea45e0c"},"headline":"Comandante Santos Pereira \u00e9 o novo Diretor do Instituto de Socorros a N\u00e1ufragos","datePublished":"2020-10-28T18:37:48+00:00","mainEntityOfPage":{"@id":"https:\/\/algarve7.pt\/index.php\/2020\/10\/comandante-santos-pereira-e-o-novo-diretor-do-instituto-de-socorros-a-naufragos\/nacional\/18\/37\/"},"wordCount":222,"publisher":{"@id":"https:\/\/algarve7.pt\/#organization"},"image":{"@id":"https:\/\/algarve7.pt\/index.php\/2020\/10\/comandante-santos-pereira-e-o-novo-diretor-do-instituto-de-socorros-a-naufragos\/nacional\/18\/37\/#primaryimage"},"thumbnailUrl":"https:\/\/algarve7.pt\/wp-content\/uploads\/2020\/10\/42771a5b-aa9b-4a7d-99be-6cef86537349-e1603910056327.jpg","keywords":["Nacional"],"articleSection":["Nacional"],"inLanguage":"pt-PT"},{"@type":"WebPage","@id":"https:\/\/algarve7.pt\/index.php\/2020\/10\/comandante-santos-pereira-e-o-novo-diretor-do-instituto-de-socorros-a-naufragos\/nacional\/18\/37\/","url":"https:\/\/algarve7.pt\/index.php\/2020\/10\/comandante-santos-pereira-e-o-novo-diretor-do-instituto-de-socorros-a-naufragos\/nacional\/18\/37\/","name":"Comandante Santos Pereira \u00e9 o novo Diretor do Instituto de Socorros a N\u00e1ufragos - Algarve 7","isPartOf":{"@id":"https:\/\/algarve7.pt\/#website"},"primaryImageOfPage":{"@id":"https:\/\/algarve7.pt\/index.php\/2020\/10\/comandante-santos-pereira-e-o-novo-diretor-do-instituto-de-socorros-a-naufragos\/nacional\/18\/37\/#primaryimage"},"image":{"@id":"https:\/\/algarve7.pt\/index.php\/2020\/10\/comandante-santos-pereira-e-o-novo-diretor-do-instituto-de-socorros-a-naufragos\/nacional\/18\/37\/#primaryimage"},"thumbnailUrl":"https:\/\/algarve7.pt\/wp-content\/uploads\/2020\/10\/42771a5b-aa9b-4a7d-99be-6cef86537349-e1603910056327.jpg","datePublished":"2020-10-28T18:37:48+00:00","description":"Comandante Santos Pereira \u00e9 o novo Diretor do Instituto de Socorros a N\u00e1ufragos","breadcrumb":{"@id":"https:\/\/algarve7.pt\/index.php\/2020\/10\/comandante-santos-pereira-e-o-novo-diretor-do-instituto-de-socorros-a-naufragos\/nacional\/18\/37\/#breadcrumb"},"inLanguage":"pt-PT","potentialAction":[{"@type":"ReadAction","target":["https:\/\/algarve7.pt\/index.php\/2020\/10\/comandante-santos-pereira-e-o-novo-diretor-do-instituto-de-socorros-a-naufragos\/nacional\/18\/37\/"]}]},{"@type":"ImageObject","inLanguage":"pt-PT","@id":"https:\/\/algarve7.pt\/index.php\/2020\/10\/comandante-santos-pereira-e-o-novo-diretor-do-instituto-de-socorros-a-naufragos\/nacional\/18\/37\/#primaryimage","url":"https:\/\/algarve7.pt\/wp-content\/uploads\/2020\/10\/42771a5b-aa9b-4a7d-99be-6cef86537349-e1603910056327.jpg","contentUrl":"https:\/\/algarve7.pt\/wp-content\/uploads\/2020\/10\/42771a5b-aa9b-4a7d-99be-6cef86537349-e1603910056327.jpg","width":1024,"height":683},{"@type":"BreadcrumbList","@id":"https:\/\/algarve7.pt\/index.php\/2020\/10\/comandante-santos-pereira-e-o-novo-diretor-do-instituto-de-socorros-a-naufragos\/nacional\/18\/37\/#breadcrumb","itemListElement":[{"@type":"ListItem","position":1,"name":"In\u00edcio","item":"https:\/\/algarve7.pt\/"},{"@type":"ListItem","position":2,"name":"Comandante Santos Pereira \u00e9 o novo Diretor do Instituto de Socorros a N\u00e1ufragos"}]},{"@type":"WebSite","@id":"https:\/\/algarve7.pt\/#website","url":"https:\/\/algarve7.pt\/","name":"Algarve 7","description":"Informa\u00e7\u00e3o sobre o Algarve","publisher":{"@id":"https:\/\/algarve7.pt\/#organization"},"potentialAction":[{"@type":"SearchAction","target":{"@type":"EntryPoint","urlTemplate":"https:\/\/algarve7.pt\/?s={search_term_string}"},"query-input":{"@type":"PropertyValueSpecification","valueRequired":true,"valueName":"search_term_string"}}],"inLanguage":"pt-PT"},{"@type":"Organization","@id":"https:\/\/algarve7.pt\/#organization","name":"Algarve 7","url":"https:\/\/algarve7.pt\/","logo":{"@type":"ImageObject","inLanguage":"pt-PT","@id":"https:\/\/algarve7.pt\/#\/schema\/logo\/image\/","url":"https:\/\/algarve7.pt\/wp-content\/uploads\/2020\/10\/Logo-8.jpg","contentUrl":"https:\/\/algarve7.pt\/wp-content\/uploads\/2020\/10\/Logo-8.jpg","width":1680,"height":1186,"caption":"Algarve 7"},"image":{"@id":"https:\/\/algarve7.pt\/#\/schema\/logo\/image\/"},"sameAs":["https:\/\/www.facebook.com\/algarve7","https:\/\/x.com\/Algarvesete","https:\/\/www.instagram.com\/jornalalgarve7\/","https:\/\/www.linkedin.com\/company\/algarve7","https:\/\/www.pinterest.pt\/geral0939\/_created\/"]},{"@type":"Person","@id":"https:\/\/algarve7.pt\/#\/schema\/person\/23fa70681308e7b319a3204bcea45e0c","name":"Algarve 7","sameAs":["https:\/\/algarve7.pt","https:\/\/www.facebook.com\/algarve7"],"url":"https:\/\/algarve7.pt\/index.php\/author\/geralalgarve7-pt\/"}]}},"jetpack_publicize_connections":[],"jetpack_featured_media_url":"https:\/\/algarve7.pt\/wp-content\/uploads\/2020\/10\/42771a5b-aa9b-4a7d-99be-6cef86537349-e1603910056327.jpg","jetpack_shortlink":"https:\/\/wp.me\/pcezmW-NN","jetpack_sharing_enabled":true,"_links":{"self":[{"href":"https:\/\/algarve7.pt\/index.php\/wp-json\/wp\/v2\/posts\/3087","targetHints":{"allow":["GET"]}}],"collection":[{"href":"https:\/\/algarve7.pt\/index.php\/wp-json\/wp\/v2\/posts"}],"about":[{"href":"https:\/\/algarve7.pt\/index.php\/wp-json\/wp\/v2\/types\/post"}],"author":[{"embeddable":true,"href":"https:\/\/algarve7.pt\/index.php\/wp-json\/wp\/v2\/users\/1"}],"replies":[{"embeddable":true,"href":"https:\/\/algarve7.pt\/index.php\/wp-json\/wp\/v2\/comments?post=3087"}],"version-history":[{"count":0,"href":"https:\/\/algarve7.pt\/index.php\/wp-json\/wp\/v2\/posts\/3087\/revisions"}],"wp:featuredmedia":[{"embeddable":true,"href":"https:\/\/algarve7.pt\/index.php\/wp-json\/wp\/v2\/media\/3089"}],"wp:attachment":[{"href":"https:\/\/algarve7.pt\/index.php\/wp-json\/wp\/v2\/media?parent=3087"}],"wp:term":[{"taxonomy":"category","embeddable":true,"href":"https:\/\/algarve7.pt\/index.php\/wp-json\/wp\/v2\/categories?post=3087"},{"taxonomy":"post_tag","embeddable":true,"href":"https:\/\/algarve7.pt\/index.php\/wp-json\/wp\/v2\/tags?post=3087"}],"curies":[{"name":"wp","href":"https:\/\/api.w.org\/{rel}","templated":true}]}}