{"id":30852,"date":"2023-09-14T12:30:00","date_gmt":"2023-09-14T11:30:00","guid":{"rendered":"https:\/\/algarve7.pt\/?p=30852"},"modified":"2023-09-13T16:05:19","modified_gmt":"2023-09-13T15:05:19","slug":"curso-de-artes-visuais-do-flad-decorre-em-loule-e-vai-ter-atividades-abertas-ao-publico","status":"publish","type":"post","link":"https:\/\/algarve7.pt\/index.php\/2023\/09\/curso-de-artes-visuais-do-flad-decorre-em-loule-e-vai-ter-atividades-abertas-ao-publico\/cultura\/12\/30\/","title":{"rendered":"Curso de artes visuais do FLAD decorre em Loul\u00e9 e vai ter atividades abertas ao p\u00fablico"},"content":{"rendered":"\n<p>Durante oito semanas, de 15 de setembro a 19 de novembro, um grupo de artistas de nacionalidade portuguesa e estrangeiros residentes em Portugal ir\u00e1 frequentar o Curso de Artes Visuais promovido pela FLAD \u2013 Funda\u00e7\u00e3o Luso-Americana para o Desenvolvimento, que mais uma vez decorrer\u00e1 na cidade de Loul\u00e9.<\/p>\n\n\n\n<p>Trata-se de um programa de forma\u00e7\u00e3o art\u00edstica avan\u00e7ada nas \u00e1reas do desenho, pintura e instala\u00e7\u00e3o\/escultura, para alunos que tenham tido, pelo menos, uma exposi\u00e7\u00e3o individual, com idade compreendida entre os 25 e os 35 anos, e que poder\u00e3o aqui aprofundar as respetivas \u00e1reas, com o apoio de tutores que s\u00e3o eles pr\u00f3prios artistas e te\u00f3ricos das artes visuais. Contar\u00e1 ainda com a presen\u00e7a de professores convidados. Uma vez que o curso \u00e9 essencialmente pr\u00e1tico, com uma atividade de ateli\u00ea a tempo inteiro, a fun\u00e7\u00e3o dos professores \u00e9 estimular o pensamento cr\u00edtico e o imagin\u00e1rio individual e o trabalho colaborativo.<\/p>\n\n\n\n<p>O curso ter\u00e1 como parceiro institucional a C\u00e2mara Municipal de Loul\u00e9 e decorrer\u00e1 no Pal\u00e1cio Gama Lobo. Ao associar-se a esta iniciativa, a Autarquia pretende tamb\u00e9m levar um pouco desta forma\u00e7\u00e3o \u00e0 comunidade local e, nesse sentido, ter\u00e3o lugar algumas atividades que ser\u00e3o abertas ao p\u00fablico.<\/p>\n\n\n\n<p>Assim, a 22 de setembro, na sala de atividades dos Banhos Isl\u00e2micos, \u00e0s 15h00, realiza-se uma <em>masterclass<\/em> com a artista Gabriela Albergaria.<\/p>\n\n\n\n<p>Seguem-se, no Pal\u00e1cio Gama Lobo, a <em>masterclass<\/em> com o artista Rommulo Concei\u00e7\u00e3o (29 de setembro, 18h00); o encontro com a associa\u00e7\u00e3o cultural Ateneu do Catorze de S\u00e3o Lu\u00eds, Odemira, sobre formas de organiza\u00e7\u00e3o associativa de artistas (2 de outubro, 15h00); o encontro com a arquiteta Maria Torrada sobre instala\u00e7\u00e3o de obras de arte e montagem de exposi\u00e7\u00f5es (3 de outubro, 15h00); a <em>masterclass<\/em> com a artista Sonja Thomsen (13 de outubro, 18h00); a <em>masterclass<\/em> com o artista Demi\u00e1n Flores (20 de outubro, 18h00); a <em>masterclass<\/em> com a artista Claire Pentecost (26 de outubro, 18h00); o encontro com a galerista Vera Cort\u00eas, sobre o mercado de arte (2 de novembro, 15h00); e a <em>masterclass<\/em> com a artista Amy Yoes (10 de novembro, 15h00).<\/p>\n\n\n\n<p>J\u00e1 no dia 17 de novembro, pelas 18h00, \u00e9 inaugurada na Galeria de Arte do Convento do Esp\u00edrito Santo a Exposi\u00e7\u00e3o do Curso de Artes Visuais, com as obras produzidas no contexto do curso.<\/p>\n\n\n\n<p>Todos os eventos s\u00e3o de entrada livre.<\/p>\n","protected":false},"excerpt":{"rendered":"<p>Durante oito semanas, de 15 de setembro a 19 de novembro, um grupo de artistas de nacionalidade portuguesa e estrangeiros<\/p>\n","protected":false},"author":1,"featured_media":30853,"comment_status":"closed","ping_status":"open","sticky":false,"template":"","format":"standard","meta":{"colormag_page_container_layout":"default_layout","colormag_page_sidebar_layout":"default_layout","_monsterinsights_skip_tracking":false,"_monsterinsights_sitenote_active":false,"_monsterinsights_sitenote_note":"","_monsterinsights_sitenote_category":0,"jetpack_post_was_ever_published":false,"_jetpack_newsletter_access":"","_jetpack_dont_email_post_to_subs":false,"_jetpack_newsletter_tier_id":0,"_jetpack_memberships_contains_paywalled_content":false,"_jetpack_memberships_contains_paid_content":false,"footnotes":"","jetpack_publicize_message":"","jetpack_publicize_feature_enabled":true,"jetpack_social_post_already_shared":true,"jetpack_social_options":{"image_generator_settings":{"template":"highway","default_image_id":0,"font":"","enabled":false},"version":2}},"categories":[14],"tags":[36,35,31],"class_list":["post-30852","post","type-post","status-publish","format-standard","has-post-thumbnail","hentry","category-cultura","tag-algarve","tag-cultura","tag-loule"],"yoast_head":"<!-- This site is optimized with the Yoast SEO plugin v27.5 - https:\/\/yoast.com\/product\/yoast-seo-wordpress\/ -->\n<title>Curso de artes visuais do FLAD decorre em Loul\u00e9 e vai ter atividades abertas ao p\u00fablico - Algarve 7<\/title>\n<meta name=\"description\" content=\"Curso de artes visuais do FLAD decorre em Loul\u00e9 e vai ter atividades abertas ao p\u00fablico Cultura\" \/>\n<meta name=\"robots\" content=\"index, follow, max-snippet:-1, max-image-preview:large, max-video-preview:-1\" \/>\n<link rel=\"canonical\" href=\"https:\/\/algarve7.pt\/index.php\/2023\/09\/curso-de-artes-visuais-do-flad-decorre-em-loule-e-vai-ter-atividades-abertas-ao-publico\/cultura\/12\/30\/\" \/>\n<meta property=\"og:locale\" content=\"pt_PT\" \/>\n<meta property=\"og:type\" content=\"article\" \/>\n<meta property=\"og:title\" content=\"Curso de artes visuais do FLAD decorre em Loul\u00e9 e vai ter atividades abertas ao p\u00fablico - Algarve 7\" \/>\n<meta property=\"og:description\" content=\"Curso de artes visuais do FLAD decorre em Loul\u00e9 e vai ter atividades abertas ao p\u00fablico Cultura\" \/>\n<meta property=\"og:url\" content=\"https:\/\/algarve7.pt\/index.php\/2023\/09\/curso-de-artes-visuais-do-flad-decorre-em-loule-e-vai-ter-atividades-abertas-ao-publico\/cultura\/12\/30\/\" \/>\n<meta property=\"og:site_name\" content=\"Algarve 7\" \/>\n<meta property=\"article:publisher\" content=\"https:\/\/www.facebook.com\/algarve7\" \/>\n<meta property=\"article:author\" content=\"https:\/\/www.facebook.com\/algarve7\" \/>\n<meta property=\"article:published_time\" content=\"2023-09-14T11:30:00+00:00\" \/>\n<meta property=\"og:image\" content=\"https:\/\/algarve7.pt\/wp-content\/uploads\/2023\/09\/Curso-FLAD-Artes-Visuais.jpg\" \/>\n\t<meta property=\"og:image:width\" content=\"1024\" \/>\n\t<meta property=\"og:image:height\" content=\"576\" \/>\n\t<meta property=\"og:image:type\" content=\"image\/jpeg\" \/>\n<meta name=\"author\" content=\"Algarve 7\" \/>\n<meta name=\"twitter:card\" content=\"summary_large_image\" \/>\n<meta name=\"twitter:creator\" content=\"@Algarvesete\" \/>\n<meta name=\"twitter:site\" content=\"@Algarvesete\" \/>\n<meta name=\"twitter:label1\" content=\"Escrito por\" \/>\n\t<meta name=\"twitter:data1\" content=\"Algarve 7\" \/>\n\t<meta name=\"twitter:label2\" content=\"Tempo estimado de leitura\" \/>\n\t<meta name=\"twitter:data2\" content=\"3 minutos\" \/>\n<script type=\"application\/ld+json\" class=\"yoast-schema-graph\">{\"@context\":\"https:\\\/\\\/schema.org\",\"@graph\":[{\"@type\":\"Article\",\"@id\":\"https:\\\/\\\/algarve7.pt\\\/index.php\\\/2023\\\/09\\\/curso-de-artes-visuais-do-flad-decorre-em-loule-e-vai-ter-atividades-abertas-ao-publico\\\/cultura\\\/12\\\/30\\\/#article\",\"isPartOf\":{\"@id\":\"https:\\\/\\\/algarve7.pt\\\/index.php\\\/2023\\\/09\\\/curso-de-artes-visuais-do-flad-decorre-em-loule-e-vai-ter-atividades-abertas-ao-publico\\\/cultura\\\/12\\\/30\\\/\"},\"author\":{\"name\":\"Algarve 7\",\"@id\":\"https:\\\/\\\/algarve7.pt\\\/#\\\/schema\\\/person\\\/23fa70681308e7b319a3204bcea45e0c\"},\"headline\":\"Curso de artes visuais do FLAD decorre em Loul\u00e9 e vai ter atividades abertas ao p\u00fablico\",\"datePublished\":\"2023-09-14T11:30:00+00:00\",\"mainEntityOfPage\":{\"@id\":\"https:\\\/\\\/algarve7.pt\\\/index.php\\\/2023\\\/09\\\/curso-de-artes-visuais-do-flad-decorre-em-loule-e-vai-ter-atividades-abertas-ao-publico\\\/cultura\\\/12\\\/30\\\/\"},\"wordCount\":413,\"publisher\":{\"@id\":\"https:\\\/\\\/algarve7.pt\\\/#organization\"},\"image\":{\"@id\":\"https:\\\/\\\/algarve7.pt\\\/index.php\\\/2023\\\/09\\\/curso-de-artes-visuais-do-flad-decorre-em-loule-e-vai-ter-atividades-abertas-ao-publico\\\/cultura\\\/12\\\/30\\\/#primaryimage\"},\"thumbnailUrl\":\"https:\\\/\\\/algarve7.pt\\\/wp-content\\\/uploads\\\/2023\\\/09\\\/Curso-FLAD-Artes-Visuais.jpg\",\"keywords\":[\"Algarve\",\"Cultura\",\"Loul\u00e9\"],\"articleSection\":[\"Cultura\"],\"inLanguage\":\"pt-PT\"},{\"@type\":\"WebPage\",\"@id\":\"https:\\\/\\\/algarve7.pt\\\/index.php\\\/2023\\\/09\\\/curso-de-artes-visuais-do-flad-decorre-em-loule-e-vai-ter-atividades-abertas-ao-publico\\\/cultura\\\/12\\\/30\\\/\",\"url\":\"https:\\\/\\\/algarve7.pt\\\/index.php\\\/2023\\\/09\\\/curso-de-artes-visuais-do-flad-decorre-em-loule-e-vai-ter-atividades-abertas-ao-publico\\\/cultura\\\/12\\\/30\\\/\",\"name\":\"Curso de artes visuais do FLAD decorre em Loul\u00e9 e vai ter atividades abertas ao p\u00fablico - Algarve 7\",\"isPartOf\":{\"@id\":\"https:\\\/\\\/algarve7.pt\\\/#website\"},\"primaryImageOfPage\":{\"@id\":\"https:\\\/\\\/algarve7.pt\\\/index.php\\\/2023\\\/09\\\/curso-de-artes-visuais-do-flad-decorre-em-loule-e-vai-ter-atividades-abertas-ao-publico\\\/cultura\\\/12\\\/30\\\/#primaryimage\"},\"image\":{\"@id\":\"https:\\\/\\\/algarve7.pt\\\/index.php\\\/2023\\\/09\\\/curso-de-artes-visuais-do-flad-decorre-em-loule-e-vai-ter-atividades-abertas-ao-publico\\\/cultura\\\/12\\\/30\\\/#primaryimage\"},\"thumbnailUrl\":\"https:\\\/\\\/algarve7.pt\\\/wp-content\\\/uploads\\\/2023\\\/09\\\/Curso-FLAD-Artes-Visuais.jpg\",\"datePublished\":\"2023-09-14T11:30:00+00:00\",\"description\":\"Curso de artes visuais do FLAD decorre em Loul\u00e9 e vai ter atividades abertas ao p\u00fablico Cultura\",\"breadcrumb\":{\"@id\":\"https:\\\/\\\/algarve7.pt\\\/index.php\\\/2023\\\/09\\\/curso-de-artes-visuais-do-flad-decorre-em-loule-e-vai-ter-atividades-abertas-ao-publico\\\/cultura\\\/12\\\/30\\\/#breadcrumb\"},\"inLanguage\":\"pt-PT\",\"potentialAction\":[{\"@type\":\"ReadAction\",\"target\":[\"https:\\\/\\\/algarve7.pt\\\/index.php\\\/2023\\\/09\\\/curso-de-artes-visuais-do-flad-decorre-em-loule-e-vai-ter-atividades-abertas-ao-publico\\\/cultura\\\/12\\\/30\\\/\"]}]},{\"@type\":\"ImageObject\",\"inLanguage\":\"pt-PT\",\"@id\":\"https:\\\/\\\/algarve7.pt\\\/index.php\\\/2023\\\/09\\\/curso-de-artes-visuais-do-flad-decorre-em-loule-e-vai-ter-atividades-abertas-ao-publico\\\/cultura\\\/12\\\/30\\\/#primaryimage\",\"url\":\"https:\\\/\\\/algarve7.pt\\\/wp-content\\\/uploads\\\/2023\\\/09\\\/Curso-FLAD-Artes-Visuais.jpg\",\"contentUrl\":\"https:\\\/\\\/algarve7.pt\\\/wp-content\\\/uploads\\\/2023\\\/09\\\/Curso-FLAD-Artes-Visuais.jpg\",\"width\":1024,\"height\":576},{\"@type\":\"BreadcrumbList\",\"@id\":\"https:\\\/\\\/algarve7.pt\\\/index.php\\\/2023\\\/09\\\/curso-de-artes-visuais-do-flad-decorre-em-loule-e-vai-ter-atividades-abertas-ao-publico\\\/cultura\\\/12\\\/30\\\/#breadcrumb\",\"itemListElement\":[{\"@type\":\"ListItem\",\"position\":1,\"name\":\"In\u00edcio\",\"item\":\"https:\\\/\\\/algarve7.pt\\\/\"},{\"@type\":\"ListItem\",\"position\":2,\"name\":\"Curso de artes visuais do FLAD decorre em Loul\u00e9 e vai ter atividades abertas ao p\u00fablico\"}]},{\"@type\":\"WebSite\",\"@id\":\"https:\\\/\\\/algarve7.pt\\\/#website\",\"url\":\"https:\\\/\\\/algarve7.pt\\\/\",\"name\":\"Algarve 7\",\"description\":\"Informa\u00e7\u00e3o sobre o Algarve\",\"publisher\":{\"@id\":\"https:\\\/\\\/algarve7.pt\\\/#organization\"},\"potentialAction\":[{\"@type\":\"SearchAction\",\"target\":{\"@type\":\"EntryPoint\",\"urlTemplate\":\"https:\\\/\\\/algarve7.pt\\\/?s={search_term_string}\"},\"query-input\":{\"@type\":\"PropertyValueSpecification\",\"valueRequired\":true,\"valueName\":\"search_term_string\"}}],\"inLanguage\":\"pt-PT\"},{\"@type\":\"Organization\",\"@id\":\"https:\\\/\\\/algarve7.pt\\\/#organization\",\"name\":\"Algarve 7\",\"url\":\"https:\\\/\\\/algarve7.pt\\\/\",\"logo\":{\"@type\":\"ImageObject\",\"inLanguage\":\"pt-PT\",\"@id\":\"https:\\\/\\\/algarve7.pt\\\/#\\\/schema\\\/logo\\\/image\\\/\",\"url\":\"https:\\\/\\\/algarve7.pt\\\/wp-content\\\/uploads\\\/2020\\\/10\\\/Logo-8.jpg\",\"contentUrl\":\"https:\\\/\\\/algarve7.pt\\\/wp-content\\\/uploads\\\/2020\\\/10\\\/Logo-8.jpg\",\"width\":1680,\"height\":1186,\"caption\":\"Algarve 7\"},\"image\":{\"@id\":\"https:\\\/\\\/algarve7.pt\\\/#\\\/schema\\\/logo\\\/image\\\/\"},\"sameAs\":[\"https:\\\/\\\/www.facebook.com\\\/algarve7\",\"https:\\\/\\\/x.com\\\/Algarvesete\",\"https:\\\/\\\/www.instagram.com\\\/jornalalgarve7\\\/\",\"https:\\\/\\\/www.linkedin.com\\\/company\\\/algarve7\",\"https:\\\/\\\/www.pinterest.pt\\\/geral0939\\\/_created\\\/\"]},{\"@type\":\"Person\",\"@id\":\"https:\\\/\\\/algarve7.pt\\\/#\\\/schema\\\/person\\\/23fa70681308e7b319a3204bcea45e0c\",\"name\":\"Algarve 7\",\"sameAs\":[\"https:\\\/\\\/algarve7.pt\",\"https:\\\/\\\/www.facebook.com\\\/algarve7\"],\"url\":\"https:\\\/\\\/algarve7.pt\\\/index.php\\\/author\\\/geralalgarve7-pt\\\/\"}]}<\/script>\n<!-- \/ Yoast SEO plugin. -->","yoast_head_json":{"title":"Curso de artes visuais do FLAD decorre em Loul\u00e9 e vai ter atividades abertas ao p\u00fablico - Algarve 7","description":"Curso de artes visuais do FLAD decorre em Loul\u00e9 e vai ter atividades abertas ao p\u00fablico Cultura","robots":{"index":"index","follow":"follow","max-snippet":"max-snippet:-1","max-image-preview":"max-image-preview:large","max-video-preview":"max-video-preview:-1"},"canonical":"https:\/\/algarve7.pt\/index.php\/2023\/09\/curso-de-artes-visuais-do-flad-decorre-em-loule-e-vai-ter-atividades-abertas-ao-publico\/cultura\/12\/30\/","og_locale":"pt_PT","og_type":"article","og_title":"Curso de artes visuais do FLAD decorre em Loul\u00e9 e vai ter atividades abertas ao p\u00fablico - Algarve 7","og_description":"Curso de artes visuais do FLAD decorre em Loul\u00e9 e vai ter atividades abertas ao p\u00fablico Cultura","og_url":"https:\/\/algarve7.pt\/index.php\/2023\/09\/curso-de-artes-visuais-do-flad-decorre-em-loule-e-vai-ter-atividades-abertas-ao-publico\/cultura\/12\/30\/","og_site_name":"Algarve 7","article_publisher":"https:\/\/www.facebook.com\/algarve7","article_author":"https:\/\/www.facebook.com\/algarve7","article_published_time":"2023-09-14T11:30:00+00:00","og_image":[{"width":1024,"height":576,"url":"https:\/\/algarve7.pt\/wp-content\/uploads\/2023\/09\/Curso-FLAD-Artes-Visuais.jpg","type":"image\/jpeg"}],"author":"Algarve 7","twitter_card":"summary_large_image","twitter_creator":"@Algarvesete","twitter_site":"@Algarvesete","twitter_misc":{"Escrito por":"Algarve 7","Tempo estimado de leitura":"3 minutos"},"schema":{"@context":"https:\/\/schema.org","@graph":[{"@type":"Article","@id":"https:\/\/algarve7.pt\/index.php\/2023\/09\/curso-de-artes-visuais-do-flad-decorre-em-loule-e-vai-ter-atividades-abertas-ao-publico\/cultura\/12\/30\/#article","isPartOf":{"@id":"https:\/\/algarve7.pt\/index.php\/2023\/09\/curso-de-artes-visuais-do-flad-decorre-em-loule-e-vai-ter-atividades-abertas-ao-publico\/cultura\/12\/30\/"},"author":{"name":"Algarve 7","@id":"https:\/\/algarve7.pt\/#\/schema\/person\/23fa70681308e7b319a3204bcea45e0c"},"headline":"Curso de artes visuais do FLAD decorre em Loul\u00e9 e vai ter atividades abertas ao p\u00fablico","datePublished":"2023-09-14T11:30:00+00:00","mainEntityOfPage":{"@id":"https:\/\/algarve7.pt\/index.php\/2023\/09\/curso-de-artes-visuais-do-flad-decorre-em-loule-e-vai-ter-atividades-abertas-ao-publico\/cultura\/12\/30\/"},"wordCount":413,"publisher":{"@id":"https:\/\/algarve7.pt\/#organization"},"image":{"@id":"https:\/\/algarve7.pt\/index.php\/2023\/09\/curso-de-artes-visuais-do-flad-decorre-em-loule-e-vai-ter-atividades-abertas-ao-publico\/cultura\/12\/30\/#primaryimage"},"thumbnailUrl":"https:\/\/algarve7.pt\/wp-content\/uploads\/2023\/09\/Curso-FLAD-Artes-Visuais.jpg","keywords":["Algarve","Cultura","Loul\u00e9"],"articleSection":["Cultura"],"inLanguage":"pt-PT"},{"@type":"WebPage","@id":"https:\/\/algarve7.pt\/index.php\/2023\/09\/curso-de-artes-visuais-do-flad-decorre-em-loule-e-vai-ter-atividades-abertas-ao-publico\/cultura\/12\/30\/","url":"https:\/\/algarve7.pt\/index.php\/2023\/09\/curso-de-artes-visuais-do-flad-decorre-em-loule-e-vai-ter-atividades-abertas-ao-publico\/cultura\/12\/30\/","name":"Curso de artes visuais do FLAD decorre em Loul\u00e9 e vai ter atividades abertas ao p\u00fablico - Algarve 7","isPartOf":{"@id":"https:\/\/algarve7.pt\/#website"},"primaryImageOfPage":{"@id":"https:\/\/algarve7.pt\/index.php\/2023\/09\/curso-de-artes-visuais-do-flad-decorre-em-loule-e-vai-ter-atividades-abertas-ao-publico\/cultura\/12\/30\/#primaryimage"},"image":{"@id":"https:\/\/algarve7.pt\/index.php\/2023\/09\/curso-de-artes-visuais-do-flad-decorre-em-loule-e-vai-ter-atividades-abertas-ao-publico\/cultura\/12\/30\/#primaryimage"},"thumbnailUrl":"https:\/\/algarve7.pt\/wp-content\/uploads\/2023\/09\/Curso-FLAD-Artes-Visuais.jpg","datePublished":"2023-09-14T11:30:00+00:00","description":"Curso de artes visuais do FLAD decorre em Loul\u00e9 e vai ter atividades abertas ao p\u00fablico Cultura","breadcrumb":{"@id":"https:\/\/algarve7.pt\/index.php\/2023\/09\/curso-de-artes-visuais-do-flad-decorre-em-loule-e-vai-ter-atividades-abertas-ao-publico\/cultura\/12\/30\/#breadcrumb"},"inLanguage":"pt-PT","potentialAction":[{"@type":"ReadAction","target":["https:\/\/algarve7.pt\/index.php\/2023\/09\/curso-de-artes-visuais-do-flad-decorre-em-loule-e-vai-ter-atividades-abertas-ao-publico\/cultura\/12\/30\/"]}]},{"@type":"ImageObject","inLanguage":"pt-PT","@id":"https:\/\/algarve7.pt\/index.php\/2023\/09\/curso-de-artes-visuais-do-flad-decorre-em-loule-e-vai-ter-atividades-abertas-ao-publico\/cultura\/12\/30\/#primaryimage","url":"https:\/\/algarve7.pt\/wp-content\/uploads\/2023\/09\/Curso-FLAD-Artes-Visuais.jpg","contentUrl":"https:\/\/algarve7.pt\/wp-content\/uploads\/2023\/09\/Curso-FLAD-Artes-Visuais.jpg","width":1024,"height":576},{"@type":"BreadcrumbList","@id":"https:\/\/algarve7.pt\/index.php\/2023\/09\/curso-de-artes-visuais-do-flad-decorre-em-loule-e-vai-ter-atividades-abertas-ao-publico\/cultura\/12\/30\/#breadcrumb","itemListElement":[{"@type":"ListItem","position":1,"name":"In\u00edcio","item":"https:\/\/algarve7.pt\/"},{"@type":"ListItem","position":2,"name":"Curso de artes visuais do FLAD decorre em Loul\u00e9 e vai ter atividades abertas ao p\u00fablico"}]},{"@type":"WebSite","@id":"https:\/\/algarve7.pt\/#website","url":"https:\/\/algarve7.pt\/","name":"Algarve 7","description":"Informa\u00e7\u00e3o sobre o Algarve","publisher":{"@id":"https:\/\/algarve7.pt\/#organization"},"potentialAction":[{"@type":"SearchAction","target":{"@type":"EntryPoint","urlTemplate":"https:\/\/algarve7.pt\/?s={search_term_string}"},"query-input":{"@type":"PropertyValueSpecification","valueRequired":true,"valueName":"search_term_string"}}],"inLanguage":"pt-PT"},{"@type":"Organization","@id":"https:\/\/algarve7.pt\/#organization","name":"Algarve 7","url":"https:\/\/algarve7.pt\/","logo":{"@type":"ImageObject","inLanguage":"pt-PT","@id":"https:\/\/algarve7.pt\/#\/schema\/logo\/image\/","url":"https:\/\/algarve7.pt\/wp-content\/uploads\/2020\/10\/Logo-8.jpg","contentUrl":"https:\/\/algarve7.pt\/wp-content\/uploads\/2020\/10\/Logo-8.jpg","width":1680,"height":1186,"caption":"Algarve 7"},"image":{"@id":"https:\/\/algarve7.pt\/#\/schema\/logo\/image\/"},"sameAs":["https:\/\/www.facebook.com\/algarve7","https:\/\/x.com\/Algarvesete","https:\/\/www.instagram.com\/jornalalgarve7\/","https:\/\/www.linkedin.com\/company\/algarve7","https:\/\/www.pinterest.pt\/geral0939\/_created\/"]},{"@type":"Person","@id":"https:\/\/algarve7.pt\/#\/schema\/person\/23fa70681308e7b319a3204bcea45e0c","name":"Algarve 7","sameAs":["https:\/\/algarve7.pt","https:\/\/www.facebook.com\/algarve7"],"url":"https:\/\/algarve7.pt\/index.php\/author\/geralalgarve7-pt\/"}]}},"jetpack_publicize_connections":[],"jetpack_featured_media_url":"https:\/\/algarve7.pt\/wp-content\/uploads\/2023\/09\/Curso-FLAD-Artes-Visuais.jpg","jetpack_shortlink":"https:\/\/wp.me\/pcezmW-81C","jetpack_sharing_enabled":true,"_links":{"self":[{"href":"https:\/\/algarve7.pt\/index.php\/wp-json\/wp\/v2\/posts\/30852","targetHints":{"allow":["GET"]}}],"collection":[{"href":"https:\/\/algarve7.pt\/index.php\/wp-json\/wp\/v2\/posts"}],"about":[{"href":"https:\/\/algarve7.pt\/index.php\/wp-json\/wp\/v2\/types\/post"}],"author":[{"embeddable":true,"href":"https:\/\/algarve7.pt\/index.php\/wp-json\/wp\/v2\/users\/1"}],"replies":[{"embeddable":true,"href":"https:\/\/algarve7.pt\/index.php\/wp-json\/wp\/v2\/comments?post=30852"}],"version-history":[{"count":0,"href":"https:\/\/algarve7.pt\/index.php\/wp-json\/wp\/v2\/posts\/30852\/revisions"}],"wp:featuredmedia":[{"embeddable":true,"href":"https:\/\/algarve7.pt\/index.php\/wp-json\/wp\/v2\/media\/30853"}],"wp:attachment":[{"href":"https:\/\/algarve7.pt\/index.php\/wp-json\/wp\/v2\/media?parent=30852"}],"wp:term":[{"taxonomy":"category","embeddable":true,"href":"https:\/\/algarve7.pt\/index.php\/wp-json\/wp\/v2\/categories?post=30852"},{"taxonomy":"post_tag","embeddable":true,"href":"https:\/\/algarve7.pt\/index.php\/wp-json\/wp\/v2\/tags?post=30852"}],"curies":[{"name":"wp","href":"https:\/\/api.w.org\/{rel}","templated":true}]}}