{"id":30843,"date":"2023-09-14T11:33:00","date_gmt":"2023-09-14T10:33:00","guid":{"rendered":"https:\/\/algarve7.pt\/?p=30843"},"modified":"2023-09-13T11:36:38","modified_gmt":"2023-09-13T10:36:38","slug":"comemoracoes-international-ecology-day-2023-no-parque-municipal-do-sitio-das-fontes-e-arrozais-do-rosario-lagoa","status":"publish","type":"post","link":"https:\/\/algarve7.pt\/index.php\/2023\/09\/comemoracoes-international-ecology-day-2023-no-parque-municipal-do-sitio-das-fontes-e-arrozais-do-rosario-lagoa\/ambiente\/11\/33\/","title":{"rendered":"Comemora\u00e7\u00f5es International Ecology Day 2023 no Parque Municipal do S\u00edtio das Fontes e Arrozais do Ros\u00e1rio, Lagoa"},"content":{"rendered":"\n<p>De 15 a 16 de setembro de 2023, o Munic\u00edpio de Lagoa alia-se \u00e0 SPECO (Sociedade Portuguesa de Ecologia), e \u00e0 A Rocha (Associa\u00e7\u00e3o Crist\u00e3 de Defesa do Ambiente), de modo a promover o&nbsp;<strong>International Ecology Day<\/strong>, uma iniciativa internacional que pretende estabelecer, de forma \u00fanica, a liga\u00e7\u00e3o entre ecologia e sociedade, rumo \u00e0 constru\u00e7\u00e3o de um desenvolvimento humano mais sustent\u00e1vel.<\/p>\n\n\n\n<p>Integrado na sua oferta ambiental para 2023, e com vista ao cumprimento dos Objetivos de Desenvolvimento do Mil\u00e9nio da Agenda 2030, o Munic\u00edpio de Lagoa ir\u00e1 promover duas oficinas distintas relacionadas com a Ecologia:<\/p>\n\n\n\n<p>&#8211; 15 de setembro | 6\u00aa-feira | 20h30 \u00e0s 23h00 &#8211; Oficina Presencial &#8220;Tra\u00e7as e Borboletas noturnas&#8221;, com a Associa\u00e7\u00e3o &#8220;A Rocha&#8221;<\/p>\n\n\n\n<p>Link de inscri\u00e7\u00e3o para a atividade:<a href=\"https:\/\/forms.gle\/B567N8vC18VeM7jw5\" target=\"_blank\" rel=\"noreferrer noopener\">https:\/\/forms.gle\/B567N8vC18VeM7jw5<\/a><\/p>\n\n\n\n<p>&#8211; 16 de setembro | S\u00e1bado | 08h30 \u00e0s 12h00 &#8211; Caminhada de Observa\u00e7\u00e3o de Aves, com a Associa\u00e7\u00e3o &#8220;A Rocha&#8221;<\/p>\n\n\n\n<p>Link de inscri\u00e7\u00e3o para a atividade:<a href=\"https:\/\/forms.gle\/98LnApMKJPttEiBAA\" target=\"_blank\" rel=\"noreferrer noopener\">https:\/\/forms.gle\/98LnApMKJPttEiBAA<\/a><\/p>\n\n\n\n<p>A participa\u00e7\u00e3o nas oficinas \u00e9 gratuita, mas de inscri\u00e7\u00e3o obrigat\u00f3ria.<\/p>\n\n\n\n<p>Para mais informa\u00e7\u00f5es, favor contactar:\u00a0<a href=\"\/\/svwmlfs01\/Perfis\/rosana.afonso\/Desktop\/sitio.fontes@cm-lagoa.pt\" target=\"_blank\" rel=\"noreferrer noopener\">sitio.fontes@cm-lagoa.pt<\/a>ou 96 131 8422.<\/p>\n","protected":false},"excerpt":{"rendered":"<p>De 15 a 16 de setembro de 2023, o Munic\u00edpio de Lagoa alia-se \u00e0 SPECO (Sociedade Portuguesa de Ecologia), e<\/p>\n","protected":false},"author":1,"featured_media":30844,"comment_status":"closed","ping_status":"open","sticky":false,"template":"","format":"standard","meta":{"colormag_page_container_layout":"default_layout","colormag_page_sidebar_layout":"default_layout","_monsterinsights_skip_tracking":false,"_monsterinsights_sitenote_active":false,"_monsterinsights_sitenote_note":"","_monsterinsights_sitenote_category":0,"jetpack_post_was_ever_published":false,"_jetpack_newsletter_access":"","_jetpack_dont_email_post_to_subs":false,"_jetpack_newsletter_tier_id":0,"_jetpack_memberships_contains_paywalled_content":false,"_jetpack_memberships_contains_paid_content":false,"footnotes":"","jetpack_publicize_message":"","jetpack_publicize_feature_enabled":true,"jetpack_social_post_already_shared":true,"jetpack_social_options":{"image_generator_settings":{"template":"highway","default_image_id":0,"font":"","enabled":false},"version":2}},"categories":[5],"tags":[36,32,48],"class_list":["post-30843","post","type-post","status-publish","format-standard","has-post-thumbnail","hentry","category-ambiente","tag-algarve","tag-ambiente","tag-lagoa"],"yoast_head":"<!-- This site is optimized with the Yoast SEO plugin v27.5 - https:\/\/yoast.com\/product\/yoast-seo-wordpress\/ -->\n<title>Comemora\u00e7\u00f5es International Ecology Day 2023 no Parque Municipal do S\u00edtio das Fontes e Arrozais do Ros\u00e1rio, Lagoa - Algarve 7<\/title>\n<meta name=\"description\" content=\"Comemora\u00e7\u00f5es International Ecology Day 2023 no Parque Municipal do S\u00edtio das Fontes e Arrozais do Ros\u00e1rio, Lagoa Ambiente\" \/>\n<meta name=\"robots\" content=\"index, follow, max-snippet:-1, max-image-preview:large, max-video-preview:-1\" \/>\n<link rel=\"canonical\" href=\"https:\/\/algarve7.pt\/index.php\/2023\/09\/comemoracoes-international-ecology-day-2023-no-parque-municipal-do-sitio-das-fontes-e-arrozais-do-rosario-lagoa\/ambiente\/11\/33\/\" \/>\n<meta property=\"og:locale\" content=\"pt_PT\" \/>\n<meta property=\"og:type\" content=\"article\" \/>\n<meta property=\"og:title\" content=\"Comemora\u00e7\u00f5es International Ecology Day 2023 no Parque Municipal do S\u00edtio das Fontes e Arrozais do Ros\u00e1rio, Lagoa - Algarve 7\" \/>\n<meta property=\"og:description\" content=\"Comemora\u00e7\u00f5es International Ecology Day 2023 no Parque Municipal do S\u00edtio das Fontes e Arrozais do Ros\u00e1rio, Lagoa Ambiente\" \/>\n<meta property=\"og:url\" content=\"https:\/\/algarve7.pt\/index.php\/2023\/09\/comemoracoes-international-ecology-day-2023-no-parque-municipal-do-sitio-das-fontes-e-arrozais-do-rosario-lagoa\/ambiente\/11\/33\/\" \/>\n<meta property=\"og:site_name\" content=\"Algarve 7\" \/>\n<meta property=\"article:publisher\" content=\"https:\/\/www.facebook.com\/algarve7\" \/>\n<meta property=\"article:author\" content=\"https:\/\/www.facebook.com\/algarve7\" \/>\n<meta property=\"article:published_time\" content=\"2023-09-14T10:33:00+00:00\" \/>\n<meta property=\"og:image\" content=\"https:\/\/algarve7.pt\/wp-content\/uploads\/2023\/09\/image004-1-1.jpg\" \/>\n\t<meta property=\"og:image:width\" content=\"1192\" \/>\n\t<meta property=\"og:image:height\" content=\"1684\" \/>\n\t<meta property=\"og:image:type\" content=\"image\/jpeg\" \/>\n<meta name=\"author\" content=\"Algarve 7\" \/>\n<meta name=\"twitter:card\" content=\"summary_large_image\" \/>\n<meta name=\"twitter:creator\" content=\"@Algarvesete\" \/>\n<meta name=\"twitter:site\" content=\"@Algarvesete\" \/>\n<meta name=\"twitter:label1\" content=\"Escrito por\" \/>\n\t<meta name=\"twitter:data1\" content=\"Algarve 7\" \/>\n\t<meta name=\"twitter:label2\" content=\"Tempo estimado de leitura\" \/>\n\t<meta name=\"twitter:data2\" content=\"1 minuto\" \/>\n<script type=\"application\/ld+json\" class=\"yoast-schema-graph\">{\"@context\":\"https:\\\/\\\/schema.org\",\"@graph\":[{\"@type\":\"Article\",\"@id\":\"https:\\\/\\\/algarve7.pt\\\/index.php\\\/2023\\\/09\\\/comemoracoes-international-ecology-day-2023-no-parque-municipal-do-sitio-das-fontes-e-arrozais-do-rosario-lagoa\\\/ambiente\\\/11\\\/33\\\/#article\",\"isPartOf\":{\"@id\":\"https:\\\/\\\/algarve7.pt\\\/index.php\\\/2023\\\/09\\\/comemoracoes-international-ecology-day-2023-no-parque-municipal-do-sitio-das-fontes-e-arrozais-do-rosario-lagoa\\\/ambiente\\\/11\\\/33\\\/\"},\"author\":{\"name\":\"Algarve 7\",\"@id\":\"https:\\\/\\\/algarve7.pt\\\/#\\\/schema\\\/person\\\/23fa70681308e7b319a3204bcea45e0c\"},\"headline\":\"Comemora\u00e7\u00f5es International Ecology Day 2023 no Parque Municipal do S\u00edtio das Fontes e Arrozais do Ros\u00e1rio, Lagoa\",\"datePublished\":\"2023-09-14T10:33:00+00:00\",\"mainEntityOfPage\":{\"@id\":\"https:\\\/\\\/algarve7.pt\\\/index.php\\\/2023\\\/09\\\/comemoracoes-international-ecology-day-2023-no-parque-municipal-do-sitio-das-fontes-e-arrozais-do-rosario-lagoa\\\/ambiente\\\/11\\\/33\\\/\"},\"wordCount\":204,\"publisher\":{\"@id\":\"https:\\\/\\\/algarve7.pt\\\/#organization\"},\"image\":{\"@id\":\"https:\\\/\\\/algarve7.pt\\\/index.php\\\/2023\\\/09\\\/comemoracoes-international-ecology-day-2023-no-parque-municipal-do-sitio-das-fontes-e-arrozais-do-rosario-lagoa\\\/ambiente\\\/11\\\/33\\\/#primaryimage\"},\"thumbnailUrl\":\"https:\\\/\\\/algarve7.pt\\\/wp-content\\\/uploads\\\/2023\\\/09\\\/image004-1-1.jpg\",\"keywords\":[\"Algarve\",\"Ambiente\",\"Lagoa\"],\"articleSection\":[\"Ambiente\"],\"inLanguage\":\"pt-PT\"},{\"@type\":\"WebPage\",\"@id\":\"https:\\\/\\\/algarve7.pt\\\/index.php\\\/2023\\\/09\\\/comemoracoes-international-ecology-day-2023-no-parque-municipal-do-sitio-das-fontes-e-arrozais-do-rosario-lagoa\\\/ambiente\\\/11\\\/33\\\/\",\"url\":\"https:\\\/\\\/algarve7.pt\\\/index.php\\\/2023\\\/09\\\/comemoracoes-international-ecology-day-2023-no-parque-municipal-do-sitio-das-fontes-e-arrozais-do-rosario-lagoa\\\/ambiente\\\/11\\\/33\\\/\",\"name\":\"Comemora\u00e7\u00f5es International Ecology Day 2023 no Parque Municipal do S\u00edtio das Fontes e Arrozais do Ros\u00e1rio, Lagoa - Algarve 7\",\"isPartOf\":{\"@id\":\"https:\\\/\\\/algarve7.pt\\\/#website\"},\"primaryImageOfPage\":{\"@id\":\"https:\\\/\\\/algarve7.pt\\\/index.php\\\/2023\\\/09\\\/comemoracoes-international-ecology-day-2023-no-parque-municipal-do-sitio-das-fontes-e-arrozais-do-rosario-lagoa\\\/ambiente\\\/11\\\/33\\\/#primaryimage\"},\"image\":{\"@id\":\"https:\\\/\\\/algarve7.pt\\\/index.php\\\/2023\\\/09\\\/comemoracoes-international-ecology-day-2023-no-parque-municipal-do-sitio-das-fontes-e-arrozais-do-rosario-lagoa\\\/ambiente\\\/11\\\/33\\\/#primaryimage\"},\"thumbnailUrl\":\"https:\\\/\\\/algarve7.pt\\\/wp-content\\\/uploads\\\/2023\\\/09\\\/image004-1-1.jpg\",\"datePublished\":\"2023-09-14T10:33:00+00:00\",\"description\":\"Comemora\u00e7\u00f5es International Ecology Day 2023 no Parque Municipal do S\u00edtio das Fontes e Arrozais do Ros\u00e1rio, Lagoa Ambiente\",\"breadcrumb\":{\"@id\":\"https:\\\/\\\/algarve7.pt\\\/index.php\\\/2023\\\/09\\\/comemoracoes-international-ecology-day-2023-no-parque-municipal-do-sitio-das-fontes-e-arrozais-do-rosario-lagoa\\\/ambiente\\\/11\\\/33\\\/#breadcrumb\"},\"inLanguage\":\"pt-PT\",\"potentialAction\":[{\"@type\":\"ReadAction\",\"target\":[\"https:\\\/\\\/algarve7.pt\\\/index.php\\\/2023\\\/09\\\/comemoracoes-international-ecology-day-2023-no-parque-municipal-do-sitio-das-fontes-e-arrozais-do-rosario-lagoa\\\/ambiente\\\/11\\\/33\\\/\"]}]},{\"@type\":\"ImageObject\",\"inLanguage\":\"pt-PT\",\"@id\":\"https:\\\/\\\/algarve7.pt\\\/index.php\\\/2023\\\/09\\\/comemoracoes-international-ecology-day-2023-no-parque-municipal-do-sitio-das-fontes-e-arrozais-do-rosario-lagoa\\\/ambiente\\\/11\\\/33\\\/#primaryimage\",\"url\":\"https:\\\/\\\/algarve7.pt\\\/wp-content\\\/uploads\\\/2023\\\/09\\\/image004-1-1.jpg\",\"contentUrl\":\"https:\\\/\\\/algarve7.pt\\\/wp-content\\\/uploads\\\/2023\\\/09\\\/image004-1-1.jpg\",\"width\":1192,\"height\":1684},{\"@type\":\"BreadcrumbList\",\"@id\":\"https:\\\/\\\/algarve7.pt\\\/index.php\\\/2023\\\/09\\\/comemoracoes-international-ecology-day-2023-no-parque-municipal-do-sitio-das-fontes-e-arrozais-do-rosario-lagoa\\\/ambiente\\\/11\\\/33\\\/#breadcrumb\",\"itemListElement\":[{\"@type\":\"ListItem\",\"position\":1,\"name\":\"In\u00edcio\",\"item\":\"https:\\\/\\\/algarve7.pt\\\/\"},{\"@type\":\"ListItem\",\"position\":2,\"name\":\"Comemora\u00e7\u00f5es International Ecology Day 2023 no Parque Municipal do S\u00edtio das Fontes e Arrozais do Ros\u00e1rio, Lagoa\"}]},{\"@type\":\"WebSite\",\"@id\":\"https:\\\/\\\/algarve7.pt\\\/#website\",\"url\":\"https:\\\/\\\/algarve7.pt\\\/\",\"name\":\"Algarve 7\",\"description\":\"Informa\u00e7\u00e3o sobre o Algarve\",\"publisher\":{\"@id\":\"https:\\\/\\\/algarve7.pt\\\/#organization\"},\"potentialAction\":[{\"@type\":\"SearchAction\",\"target\":{\"@type\":\"EntryPoint\",\"urlTemplate\":\"https:\\\/\\\/algarve7.pt\\\/?s={search_term_string}\"},\"query-input\":{\"@type\":\"PropertyValueSpecification\",\"valueRequired\":true,\"valueName\":\"search_term_string\"}}],\"inLanguage\":\"pt-PT\"},{\"@type\":\"Organization\",\"@id\":\"https:\\\/\\\/algarve7.pt\\\/#organization\",\"name\":\"Algarve 7\",\"url\":\"https:\\\/\\\/algarve7.pt\\\/\",\"logo\":{\"@type\":\"ImageObject\",\"inLanguage\":\"pt-PT\",\"@id\":\"https:\\\/\\\/algarve7.pt\\\/#\\\/schema\\\/logo\\\/image\\\/\",\"url\":\"https:\\\/\\\/algarve7.pt\\\/wp-content\\\/uploads\\\/2020\\\/10\\\/Logo-8.jpg\",\"contentUrl\":\"https:\\\/\\\/algarve7.pt\\\/wp-content\\\/uploads\\\/2020\\\/10\\\/Logo-8.jpg\",\"width\":1680,\"height\":1186,\"caption\":\"Algarve 7\"},\"image\":{\"@id\":\"https:\\\/\\\/algarve7.pt\\\/#\\\/schema\\\/logo\\\/image\\\/\"},\"sameAs\":[\"https:\\\/\\\/www.facebook.com\\\/algarve7\",\"https:\\\/\\\/x.com\\\/Algarvesete\",\"https:\\\/\\\/www.instagram.com\\\/jornalalgarve7\\\/\",\"https:\\\/\\\/www.linkedin.com\\\/company\\\/algarve7\",\"https:\\\/\\\/www.pinterest.pt\\\/geral0939\\\/_created\\\/\"]},{\"@type\":\"Person\",\"@id\":\"https:\\\/\\\/algarve7.pt\\\/#\\\/schema\\\/person\\\/23fa70681308e7b319a3204bcea45e0c\",\"name\":\"Algarve 7\",\"sameAs\":[\"https:\\\/\\\/algarve7.pt\",\"https:\\\/\\\/www.facebook.com\\\/algarve7\"],\"url\":\"https:\\\/\\\/algarve7.pt\\\/index.php\\\/author\\\/geralalgarve7-pt\\\/\"}]}<\/script>\n<!-- \/ Yoast SEO plugin. -->","yoast_head_json":{"title":"Comemora\u00e7\u00f5es International Ecology Day 2023 no Parque Municipal do S\u00edtio das Fontes e Arrozais do Ros\u00e1rio, Lagoa - Algarve 7","description":"Comemora\u00e7\u00f5es International Ecology Day 2023 no Parque Municipal do S\u00edtio das Fontes e Arrozais do Ros\u00e1rio, Lagoa Ambiente","robots":{"index":"index","follow":"follow","max-snippet":"max-snippet:-1","max-image-preview":"max-image-preview:large","max-video-preview":"max-video-preview:-1"},"canonical":"https:\/\/algarve7.pt\/index.php\/2023\/09\/comemoracoes-international-ecology-day-2023-no-parque-municipal-do-sitio-das-fontes-e-arrozais-do-rosario-lagoa\/ambiente\/11\/33\/","og_locale":"pt_PT","og_type":"article","og_title":"Comemora\u00e7\u00f5es International Ecology Day 2023 no Parque Municipal do S\u00edtio das Fontes e Arrozais do Ros\u00e1rio, Lagoa - Algarve 7","og_description":"Comemora\u00e7\u00f5es International Ecology Day 2023 no Parque Municipal do S\u00edtio das Fontes e Arrozais do Ros\u00e1rio, Lagoa Ambiente","og_url":"https:\/\/algarve7.pt\/index.php\/2023\/09\/comemoracoes-international-ecology-day-2023-no-parque-municipal-do-sitio-das-fontes-e-arrozais-do-rosario-lagoa\/ambiente\/11\/33\/","og_site_name":"Algarve 7","article_publisher":"https:\/\/www.facebook.com\/algarve7","article_author":"https:\/\/www.facebook.com\/algarve7","article_published_time":"2023-09-14T10:33:00+00:00","og_image":[{"width":1192,"height":1684,"url":"https:\/\/algarve7.pt\/wp-content\/uploads\/2023\/09\/image004-1-1.jpg","type":"image\/jpeg"}],"author":"Algarve 7","twitter_card":"summary_large_image","twitter_creator":"@Algarvesete","twitter_site":"@Algarvesete","twitter_misc":{"Escrito por":"Algarve 7","Tempo estimado de leitura":"1 minuto"},"schema":{"@context":"https:\/\/schema.org","@graph":[{"@type":"Article","@id":"https:\/\/algarve7.pt\/index.php\/2023\/09\/comemoracoes-international-ecology-day-2023-no-parque-municipal-do-sitio-das-fontes-e-arrozais-do-rosario-lagoa\/ambiente\/11\/33\/#article","isPartOf":{"@id":"https:\/\/algarve7.pt\/index.php\/2023\/09\/comemoracoes-international-ecology-day-2023-no-parque-municipal-do-sitio-das-fontes-e-arrozais-do-rosario-lagoa\/ambiente\/11\/33\/"},"author":{"name":"Algarve 7","@id":"https:\/\/algarve7.pt\/#\/schema\/person\/23fa70681308e7b319a3204bcea45e0c"},"headline":"Comemora\u00e7\u00f5es International Ecology Day 2023 no Parque Municipal do S\u00edtio das Fontes e Arrozais do Ros\u00e1rio, Lagoa","datePublished":"2023-09-14T10:33:00+00:00","mainEntityOfPage":{"@id":"https:\/\/algarve7.pt\/index.php\/2023\/09\/comemoracoes-international-ecology-day-2023-no-parque-municipal-do-sitio-das-fontes-e-arrozais-do-rosario-lagoa\/ambiente\/11\/33\/"},"wordCount":204,"publisher":{"@id":"https:\/\/algarve7.pt\/#organization"},"image":{"@id":"https:\/\/algarve7.pt\/index.php\/2023\/09\/comemoracoes-international-ecology-day-2023-no-parque-municipal-do-sitio-das-fontes-e-arrozais-do-rosario-lagoa\/ambiente\/11\/33\/#primaryimage"},"thumbnailUrl":"https:\/\/algarve7.pt\/wp-content\/uploads\/2023\/09\/image004-1-1.jpg","keywords":["Algarve","Ambiente","Lagoa"],"articleSection":["Ambiente"],"inLanguage":"pt-PT"},{"@type":"WebPage","@id":"https:\/\/algarve7.pt\/index.php\/2023\/09\/comemoracoes-international-ecology-day-2023-no-parque-municipal-do-sitio-das-fontes-e-arrozais-do-rosario-lagoa\/ambiente\/11\/33\/","url":"https:\/\/algarve7.pt\/index.php\/2023\/09\/comemoracoes-international-ecology-day-2023-no-parque-municipal-do-sitio-das-fontes-e-arrozais-do-rosario-lagoa\/ambiente\/11\/33\/","name":"Comemora\u00e7\u00f5es International Ecology Day 2023 no Parque Municipal do S\u00edtio das Fontes e Arrozais do Ros\u00e1rio, Lagoa - Algarve 7","isPartOf":{"@id":"https:\/\/algarve7.pt\/#website"},"primaryImageOfPage":{"@id":"https:\/\/algarve7.pt\/index.php\/2023\/09\/comemoracoes-international-ecology-day-2023-no-parque-municipal-do-sitio-das-fontes-e-arrozais-do-rosario-lagoa\/ambiente\/11\/33\/#primaryimage"},"image":{"@id":"https:\/\/algarve7.pt\/index.php\/2023\/09\/comemoracoes-international-ecology-day-2023-no-parque-municipal-do-sitio-das-fontes-e-arrozais-do-rosario-lagoa\/ambiente\/11\/33\/#primaryimage"},"thumbnailUrl":"https:\/\/algarve7.pt\/wp-content\/uploads\/2023\/09\/image004-1-1.jpg","datePublished":"2023-09-14T10:33:00+00:00","description":"Comemora\u00e7\u00f5es International Ecology Day 2023 no Parque Municipal do S\u00edtio das Fontes e Arrozais do Ros\u00e1rio, Lagoa Ambiente","breadcrumb":{"@id":"https:\/\/algarve7.pt\/index.php\/2023\/09\/comemoracoes-international-ecology-day-2023-no-parque-municipal-do-sitio-das-fontes-e-arrozais-do-rosario-lagoa\/ambiente\/11\/33\/#breadcrumb"},"inLanguage":"pt-PT","potentialAction":[{"@type":"ReadAction","target":["https:\/\/algarve7.pt\/index.php\/2023\/09\/comemoracoes-international-ecology-day-2023-no-parque-municipal-do-sitio-das-fontes-e-arrozais-do-rosario-lagoa\/ambiente\/11\/33\/"]}]},{"@type":"ImageObject","inLanguage":"pt-PT","@id":"https:\/\/algarve7.pt\/index.php\/2023\/09\/comemoracoes-international-ecology-day-2023-no-parque-municipal-do-sitio-das-fontes-e-arrozais-do-rosario-lagoa\/ambiente\/11\/33\/#primaryimage","url":"https:\/\/algarve7.pt\/wp-content\/uploads\/2023\/09\/image004-1-1.jpg","contentUrl":"https:\/\/algarve7.pt\/wp-content\/uploads\/2023\/09\/image004-1-1.jpg","width":1192,"height":1684},{"@type":"BreadcrumbList","@id":"https:\/\/algarve7.pt\/index.php\/2023\/09\/comemoracoes-international-ecology-day-2023-no-parque-municipal-do-sitio-das-fontes-e-arrozais-do-rosario-lagoa\/ambiente\/11\/33\/#breadcrumb","itemListElement":[{"@type":"ListItem","position":1,"name":"In\u00edcio","item":"https:\/\/algarve7.pt\/"},{"@type":"ListItem","position":2,"name":"Comemora\u00e7\u00f5es International Ecology Day 2023 no Parque Municipal do S\u00edtio das Fontes e Arrozais do Ros\u00e1rio, Lagoa"}]},{"@type":"WebSite","@id":"https:\/\/algarve7.pt\/#website","url":"https:\/\/algarve7.pt\/","name":"Algarve 7","description":"Informa\u00e7\u00e3o sobre o Algarve","publisher":{"@id":"https:\/\/algarve7.pt\/#organization"},"potentialAction":[{"@type":"SearchAction","target":{"@type":"EntryPoint","urlTemplate":"https:\/\/algarve7.pt\/?s={search_term_string}"},"query-input":{"@type":"PropertyValueSpecification","valueRequired":true,"valueName":"search_term_string"}}],"inLanguage":"pt-PT"},{"@type":"Organization","@id":"https:\/\/algarve7.pt\/#organization","name":"Algarve 7","url":"https:\/\/algarve7.pt\/","logo":{"@type":"ImageObject","inLanguage":"pt-PT","@id":"https:\/\/algarve7.pt\/#\/schema\/logo\/image\/","url":"https:\/\/algarve7.pt\/wp-content\/uploads\/2020\/10\/Logo-8.jpg","contentUrl":"https:\/\/algarve7.pt\/wp-content\/uploads\/2020\/10\/Logo-8.jpg","width":1680,"height":1186,"caption":"Algarve 7"},"image":{"@id":"https:\/\/algarve7.pt\/#\/schema\/logo\/image\/"},"sameAs":["https:\/\/www.facebook.com\/algarve7","https:\/\/x.com\/Algarvesete","https:\/\/www.instagram.com\/jornalalgarve7\/","https:\/\/www.linkedin.com\/company\/algarve7","https:\/\/www.pinterest.pt\/geral0939\/_created\/"]},{"@type":"Person","@id":"https:\/\/algarve7.pt\/#\/schema\/person\/23fa70681308e7b319a3204bcea45e0c","name":"Algarve 7","sameAs":["https:\/\/algarve7.pt","https:\/\/www.facebook.com\/algarve7"],"url":"https:\/\/algarve7.pt\/index.php\/author\/geralalgarve7-pt\/"}]}},"jetpack_publicize_connections":[],"jetpack_featured_media_url":"https:\/\/algarve7.pt\/wp-content\/uploads\/2023\/09\/image004-1-1.jpg","jetpack_shortlink":"https:\/\/wp.me\/pcezmW-81t","jetpack_sharing_enabled":true,"_links":{"self":[{"href":"https:\/\/algarve7.pt\/index.php\/wp-json\/wp\/v2\/posts\/30843","targetHints":{"allow":["GET"]}}],"collection":[{"href":"https:\/\/algarve7.pt\/index.php\/wp-json\/wp\/v2\/posts"}],"about":[{"href":"https:\/\/algarve7.pt\/index.php\/wp-json\/wp\/v2\/types\/post"}],"author":[{"embeddable":true,"href":"https:\/\/algarve7.pt\/index.php\/wp-json\/wp\/v2\/users\/1"}],"replies":[{"embeddable":true,"href":"https:\/\/algarve7.pt\/index.php\/wp-json\/wp\/v2\/comments?post=30843"}],"version-history":[{"count":0,"href":"https:\/\/algarve7.pt\/index.php\/wp-json\/wp\/v2\/posts\/30843\/revisions"}],"wp:featuredmedia":[{"embeddable":true,"href":"https:\/\/algarve7.pt\/index.php\/wp-json\/wp\/v2\/media\/30844"}],"wp:attachment":[{"href":"https:\/\/algarve7.pt\/index.php\/wp-json\/wp\/v2\/media?parent=30843"}],"wp:term":[{"taxonomy":"category","embeddable":true,"href":"https:\/\/algarve7.pt\/index.php\/wp-json\/wp\/v2\/categories?post=30843"},{"taxonomy":"post_tag","embeddable":true,"href":"https:\/\/algarve7.pt\/index.php\/wp-json\/wp\/v2\/tags?post=30843"}],"curies":[{"name":"wp","href":"https:\/\/api.w.org\/{rel}","templated":true}]}}