{"id":30826,"date":"2023-09-14T10:45:00","date_gmt":"2023-09-14T09:45:00","guid":{"rendered":"https:\/\/algarve7.pt\/?p=30826"},"modified":"2023-09-12T21:52:59","modified_gmt":"2023-09-12T20:52:59","slug":"exposicao-alimente-esta-ideia-do-banco-alimentar-contra-a-fome-do-algarve-em-exibicao-na-emarp","status":"publish","type":"post","link":"https:\/\/algarve7.pt\/index.php\/2023\/09\/exposicao-alimente-esta-ideia-do-banco-alimentar-contra-a-fome-do-algarve-em-exibicao-na-emarp\/cultura\/10\/45\/","title":{"rendered":"Exposi\u00e7\u00e3o \u201cAlimente esta Ideia\u201d do Banco Alimentar Contra a Fome do Algarve em exibi\u00e7\u00e3o na EMARP"},"content":{"rendered":"\n<p>A EMARP acolhe, a partir de ontem, a exposi\u00e7\u00e3o \u201cAlimente esta Ideia\u201d do Banco Alimentar Contra a Fome do Algarve.<\/p>\n\n\n\n<p>A mostra, que destaca a solidariedade e o apoio comunit\u00e1rio como o cora\u00e7\u00e3o da miss\u00e3o deste projeto, tem o objetivo de dar a conhecer ao p\u00fablico o trabalho do Banco Alimentar na regi\u00e3o. O dia a dia no armaz\u00e9m, as campanhas de recolha de alimentos, o trabalho dos volunt\u00e1rios e como ajudar este projeto s\u00e3o algumas das informa\u00e7\u00f5es que os visitantes podem encontrar na mostra.<\/p>\n\n\n\n<p>A institui\u00e7\u00e3o \u00e9, atualmente, a quarta maior do pa\u00eds, distribuindo cerca de 3.500 toneladas de alimentos por ano. Para al\u00e9m de apoiar 22.578 pessoas atrav\u00e9s de 136 institui\u00e7\u00f5es parceiras, o Banco Alimentar do Algarve mant\u00e9m-se ativo com outros projetos como a \u201cHorta Solid\u00e1ria\u201d, \u201cToneladas de Ajuda\u201d, \u201cOportunidades\u201d, \u201cAlimento Seguro\u201d e \u201cResgate Alimentar\u201d. A alimenta\u00e7\u00e3o saud\u00e1vel, a reciclagem, a inclus\u00e3o, o desperd\u00edcio alimentar e a higiene e seguran\u00e7a alimentar s\u00e3o temas de grande import\u00e2ncia na institui\u00e7\u00e3o algarvia.<\/p>\n\n\n\n<p>A exposi\u00e7\u00e3o pode ser visitada at\u00e9 ao dia 13 de outubro, entre as 8h30 e as 17h00, na \u00e1rea de atendimento ao p\u00fablico da EMARP.<\/p>\n","protected":false},"excerpt":{"rendered":"<p>A EMARP acolhe, a partir de ontem, a exposi\u00e7\u00e3o \u201cAlimente esta Ideia\u201d do Banco Alimentar Contra a Fome do Algarve.<\/p>\n","protected":false},"author":1,"featured_media":30827,"comment_status":"closed","ping_status":"open","sticky":false,"template":"","format":"standard","meta":{"colormag_page_container_layout":"default_layout","colormag_page_sidebar_layout":"default_layout","_monsterinsights_skip_tracking":false,"_monsterinsights_sitenote_active":false,"_monsterinsights_sitenote_note":"","_monsterinsights_sitenote_category":0,"jetpack_post_was_ever_published":false,"_jetpack_newsletter_access":"","_jetpack_dont_email_post_to_subs":false,"_jetpack_newsletter_tier_id":0,"_jetpack_memberships_contains_paywalled_content":false,"_jetpack_memberships_contains_paid_content":false,"footnotes":"","jetpack_publicize_message":"","jetpack_publicize_feature_enabled":true,"jetpack_social_post_already_shared":true,"jetpack_social_options":{"image_generator_settings":{"template":"highway","default_image_id":0,"font":"","enabled":false},"version":2}},"categories":[14],"tags":[36,35,611,72],"class_list":["post-30826","post","type-post","status-publish","format-standard","has-post-thumbnail","hentry","category-cultura","tag-algarve","tag-cultura","tag-emarp","tag-portimao"],"yoast_head":"<!-- This site is optimized with the Yoast SEO plugin v27.5 - https:\/\/yoast.com\/product\/yoast-seo-wordpress\/ -->\n<title>Exposi\u00e7\u00e3o \u201cAlimente esta Ideia\u201d do Banco Alimentar Contra a Fome do Algarve em exibi\u00e7\u00e3o na EMARP - Algarve 7<\/title>\n<meta name=\"description\" content=\"Exposi\u00e7\u00e3o \u201cAlimente esta Ideia\u201d do Banco Alimentar Contra a Fome do Algarve em exibi\u00e7\u00e3o na EMARP Cultura\" \/>\n<meta name=\"robots\" content=\"index, follow, max-snippet:-1, max-image-preview:large, max-video-preview:-1\" \/>\n<link rel=\"canonical\" href=\"https:\/\/algarve7.pt\/index.php\/2023\/09\/exposicao-alimente-esta-ideia-do-banco-alimentar-contra-a-fome-do-algarve-em-exibicao-na-emarp\/cultura\/10\/45\/\" \/>\n<meta property=\"og:locale\" content=\"pt_PT\" \/>\n<meta property=\"og:type\" content=\"article\" \/>\n<meta property=\"og:title\" content=\"Exposi\u00e7\u00e3o \u201cAlimente esta Ideia\u201d do Banco Alimentar Contra a Fome do Algarve em exibi\u00e7\u00e3o na EMARP - Algarve 7\" \/>\n<meta property=\"og:description\" content=\"Exposi\u00e7\u00e3o \u201cAlimente esta Ideia\u201d do Banco Alimentar Contra a Fome do Algarve em exibi\u00e7\u00e3o na EMARP Cultura\" \/>\n<meta property=\"og:url\" content=\"https:\/\/algarve7.pt\/index.php\/2023\/09\/exposicao-alimente-esta-ideia-do-banco-alimentar-contra-a-fome-do-algarve-em-exibicao-na-emarp\/cultura\/10\/45\/\" \/>\n<meta property=\"og:site_name\" content=\"Algarve 7\" \/>\n<meta property=\"article:publisher\" content=\"https:\/\/www.facebook.com\/algarve7\" \/>\n<meta property=\"article:author\" content=\"https:\/\/www.facebook.com\/algarve7\" \/>\n<meta property=\"article:published_time\" content=\"2023-09-14T09:45:00+00:00\" \/>\n<meta property=\"og:image\" content=\"https:\/\/algarve7.pt\/wp-content\/uploads\/2023\/09\/5B4A8606.jpg\" \/>\n\t<meta property=\"og:image:width\" content=\"1024\" \/>\n\t<meta property=\"og:image:height\" content=\"683\" \/>\n\t<meta property=\"og:image:type\" content=\"image\/jpeg\" \/>\n<meta name=\"author\" content=\"Algarve 7\" \/>\n<meta name=\"twitter:card\" content=\"summary_large_image\" \/>\n<meta name=\"twitter:creator\" content=\"@Algarvesete\" \/>\n<meta name=\"twitter:site\" content=\"@Algarvesete\" \/>\n<meta name=\"twitter:label1\" content=\"Escrito por\" \/>\n\t<meta name=\"twitter:data1\" content=\"Algarve 7\" \/>\n\t<meta name=\"twitter:label2\" content=\"Tempo estimado de leitura\" \/>\n\t<meta name=\"twitter:data2\" content=\"2 minutos\" \/>\n<script type=\"application\/ld+json\" class=\"yoast-schema-graph\">{\"@context\":\"https:\\\/\\\/schema.org\",\"@graph\":[{\"@type\":\"Article\",\"@id\":\"https:\\\/\\\/algarve7.pt\\\/index.php\\\/2023\\\/09\\\/exposicao-alimente-esta-ideia-do-banco-alimentar-contra-a-fome-do-algarve-em-exibicao-na-emarp\\\/cultura\\\/10\\\/45\\\/#article\",\"isPartOf\":{\"@id\":\"https:\\\/\\\/algarve7.pt\\\/index.php\\\/2023\\\/09\\\/exposicao-alimente-esta-ideia-do-banco-alimentar-contra-a-fome-do-algarve-em-exibicao-na-emarp\\\/cultura\\\/10\\\/45\\\/\"},\"author\":{\"name\":\"Algarve 7\",\"@id\":\"https:\\\/\\\/algarve7.pt\\\/#\\\/schema\\\/person\\\/23fa70681308e7b319a3204bcea45e0c\"},\"headline\":\"Exposi\u00e7\u00e3o \u201cAlimente esta Ideia\u201d do Banco Alimentar Contra a Fome do Algarve em exibi\u00e7\u00e3o na EMARP\",\"datePublished\":\"2023-09-14T09:45:00+00:00\",\"mainEntityOfPage\":{\"@id\":\"https:\\\/\\\/algarve7.pt\\\/index.php\\\/2023\\\/09\\\/exposicao-alimente-esta-ideia-do-banco-alimentar-contra-a-fome-do-algarve-em-exibicao-na-emarp\\\/cultura\\\/10\\\/45\\\/\"},\"wordCount\":226,\"publisher\":{\"@id\":\"https:\\\/\\\/algarve7.pt\\\/#organization\"},\"image\":{\"@id\":\"https:\\\/\\\/algarve7.pt\\\/index.php\\\/2023\\\/09\\\/exposicao-alimente-esta-ideia-do-banco-alimentar-contra-a-fome-do-algarve-em-exibicao-na-emarp\\\/cultura\\\/10\\\/45\\\/#primaryimage\"},\"thumbnailUrl\":\"https:\\\/\\\/algarve7.pt\\\/wp-content\\\/uploads\\\/2023\\\/09\\\/5B4A8606.jpg\",\"keywords\":[\"Algarve\",\"Cultura\",\"EMARP\",\"Portim\u00e3o\"],\"articleSection\":[\"Cultura\"],\"inLanguage\":\"pt-PT\"},{\"@type\":\"WebPage\",\"@id\":\"https:\\\/\\\/algarve7.pt\\\/index.php\\\/2023\\\/09\\\/exposicao-alimente-esta-ideia-do-banco-alimentar-contra-a-fome-do-algarve-em-exibicao-na-emarp\\\/cultura\\\/10\\\/45\\\/\",\"url\":\"https:\\\/\\\/algarve7.pt\\\/index.php\\\/2023\\\/09\\\/exposicao-alimente-esta-ideia-do-banco-alimentar-contra-a-fome-do-algarve-em-exibicao-na-emarp\\\/cultura\\\/10\\\/45\\\/\",\"name\":\"Exposi\u00e7\u00e3o \u201cAlimente esta Ideia\u201d do Banco Alimentar Contra a Fome do Algarve em exibi\u00e7\u00e3o na EMARP - Algarve 7\",\"isPartOf\":{\"@id\":\"https:\\\/\\\/algarve7.pt\\\/#website\"},\"primaryImageOfPage\":{\"@id\":\"https:\\\/\\\/algarve7.pt\\\/index.php\\\/2023\\\/09\\\/exposicao-alimente-esta-ideia-do-banco-alimentar-contra-a-fome-do-algarve-em-exibicao-na-emarp\\\/cultura\\\/10\\\/45\\\/#primaryimage\"},\"image\":{\"@id\":\"https:\\\/\\\/algarve7.pt\\\/index.php\\\/2023\\\/09\\\/exposicao-alimente-esta-ideia-do-banco-alimentar-contra-a-fome-do-algarve-em-exibicao-na-emarp\\\/cultura\\\/10\\\/45\\\/#primaryimage\"},\"thumbnailUrl\":\"https:\\\/\\\/algarve7.pt\\\/wp-content\\\/uploads\\\/2023\\\/09\\\/5B4A8606.jpg\",\"datePublished\":\"2023-09-14T09:45:00+00:00\",\"description\":\"Exposi\u00e7\u00e3o \u201cAlimente esta Ideia\u201d do Banco Alimentar Contra a Fome do Algarve em exibi\u00e7\u00e3o na EMARP Cultura\",\"breadcrumb\":{\"@id\":\"https:\\\/\\\/algarve7.pt\\\/index.php\\\/2023\\\/09\\\/exposicao-alimente-esta-ideia-do-banco-alimentar-contra-a-fome-do-algarve-em-exibicao-na-emarp\\\/cultura\\\/10\\\/45\\\/#breadcrumb\"},\"inLanguage\":\"pt-PT\",\"potentialAction\":[{\"@type\":\"ReadAction\",\"target\":[\"https:\\\/\\\/algarve7.pt\\\/index.php\\\/2023\\\/09\\\/exposicao-alimente-esta-ideia-do-banco-alimentar-contra-a-fome-do-algarve-em-exibicao-na-emarp\\\/cultura\\\/10\\\/45\\\/\"]}]},{\"@type\":\"ImageObject\",\"inLanguage\":\"pt-PT\",\"@id\":\"https:\\\/\\\/algarve7.pt\\\/index.php\\\/2023\\\/09\\\/exposicao-alimente-esta-ideia-do-banco-alimentar-contra-a-fome-do-algarve-em-exibicao-na-emarp\\\/cultura\\\/10\\\/45\\\/#primaryimage\",\"url\":\"https:\\\/\\\/algarve7.pt\\\/wp-content\\\/uploads\\\/2023\\\/09\\\/5B4A8606.jpg\",\"contentUrl\":\"https:\\\/\\\/algarve7.pt\\\/wp-content\\\/uploads\\\/2023\\\/09\\\/5B4A8606.jpg\",\"width\":1024,\"height\":683},{\"@type\":\"BreadcrumbList\",\"@id\":\"https:\\\/\\\/algarve7.pt\\\/index.php\\\/2023\\\/09\\\/exposicao-alimente-esta-ideia-do-banco-alimentar-contra-a-fome-do-algarve-em-exibicao-na-emarp\\\/cultura\\\/10\\\/45\\\/#breadcrumb\",\"itemListElement\":[{\"@type\":\"ListItem\",\"position\":1,\"name\":\"In\u00edcio\",\"item\":\"https:\\\/\\\/algarve7.pt\\\/\"},{\"@type\":\"ListItem\",\"position\":2,\"name\":\"Exposi\u00e7\u00e3o \u201cAlimente esta Ideia\u201d do Banco Alimentar Contra a Fome do Algarve em exibi\u00e7\u00e3o na EMARP\"}]},{\"@type\":\"WebSite\",\"@id\":\"https:\\\/\\\/algarve7.pt\\\/#website\",\"url\":\"https:\\\/\\\/algarve7.pt\\\/\",\"name\":\"Algarve 7\",\"description\":\"Informa\u00e7\u00e3o sobre o Algarve\",\"publisher\":{\"@id\":\"https:\\\/\\\/algarve7.pt\\\/#organization\"},\"potentialAction\":[{\"@type\":\"SearchAction\",\"target\":{\"@type\":\"EntryPoint\",\"urlTemplate\":\"https:\\\/\\\/algarve7.pt\\\/?s={search_term_string}\"},\"query-input\":{\"@type\":\"PropertyValueSpecification\",\"valueRequired\":true,\"valueName\":\"search_term_string\"}}],\"inLanguage\":\"pt-PT\"},{\"@type\":\"Organization\",\"@id\":\"https:\\\/\\\/algarve7.pt\\\/#organization\",\"name\":\"Algarve 7\",\"url\":\"https:\\\/\\\/algarve7.pt\\\/\",\"logo\":{\"@type\":\"ImageObject\",\"inLanguage\":\"pt-PT\",\"@id\":\"https:\\\/\\\/algarve7.pt\\\/#\\\/schema\\\/logo\\\/image\\\/\",\"url\":\"https:\\\/\\\/algarve7.pt\\\/wp-content\\\/uploads\\\/2020\\\/10\\\/Logo-8.jpg\",\"contentUrl\":\"https:\\\/\\\/algarve7.pt\\\/wp-content\\\/uploads\\\/2020\\\/10\\\/Logo-8.jpg\",\"width\":1680,\"height\":1186,\"caption\":\"Algarve 7\"},\"image\":{\"@id\":\"https:\\\/\\\/algarve7.pt\\\/#\\\/schema\\\/logo\\\/image\\\/\"},\"sameAs\":[\"https:\\\/\\\/www.facebook.com\\\/algarve7\",\"https:\\\/\\\/x.com\\\/Algarvesete\",\"https:\\\/\\\/www.instagram.com\\\/jornalalgarve7\\\/\",\"https:\\\/\\\/www.linkedin.com\\\/company\\\/algarve7\",\"https:\\\/\\\/www.pinterest.pt\\\/geral0939\\\/_created\\\/\"]},{\"@type\":\"Person\",\"@id\":\"https:\\\/\\\/algarve7.pt\\\/#\\\/schema\\\/person\\\/23fa70681308e7b319a3204bcea45e0c\",\"name\":\"Algarve 7\",\"sameAs\":[\"https:\\\/\\\/algarve7.pt\",\"https:\\\/\\\/www.facebook.com\\\/algarve7\"],\"url\":\"https:\\\/\\\/algarve7.pt\\\/index.php\\\/author\\\/geralalgarve7-pt\\\/\"}]}<\/script>\n<!-- \/ Yoast SEO plugin. -->","yoast_head_json":{"title":"Exposi\u00e7\u00e3o \u201cAlimente esta Ideia\u201d do Banco Alimentar Contra a Fome do Algarve em exibi\u00e7\u00e3o na EMARP - Algarve 7","description":"Exposi\u00e7\u00e3o \u201cAlimente esta Ideia\u201d do Banco Alimentar Contra a Fome do Algarve em exibi\u00e7\u00e3o na EMARP Cultura","robots":{"index":"index","follow":"follow","max-snippet":"max-snippet:-1","max-image-preview":"max-image-preview:large","max-video-preview":"max-video-preview:-1"},"canonical":"https:\/\/algarve7.pt\/index.php\/2023\/09\/exposicao-alimente-esta-ideia-do-banco-alimentar-contra-a-fome-do-algarve-em-exibicao-na-emarp\/cultura\/10\/45\/","og_locale":"pt_PT","og_type":"article","og_title":"Exposi\u00e7\u00e3o \u201cAlimente esta Ideia\u201d do Banco Alimentar Contra a Fome do Algarve em exibi\u00e7\u00e3o na EMARP - Algarve 7","og_description":"Exposi\u00e7\u00e3o \u201cAlimente esta Ideia\u201d do Banco Alimentar Contra a Fome do Algarve em exibi\u00e7\u00e3o na EMARP Cultura","og_url":"https:\/\/algarve7.pt\/index.php\/2023\/09\/exposicao-alimente-esta-ideia-do-banco-alimentar-contra-a-fome-do-algarve-em-exibicao-na-emarp\/cultura\/10\/45\/","og_site_name":"Algarve 7","article_publisher":"https:\/\/www.facebook.com\/algarve7","article_author":"https:\/\/www.facebook.com\/algarve7","article_published_time":"2023-09-14T09:45:00+00:00","og_image":[{"width":1024,"height":683,"url":"https:\/\/algarve7.pt\/wp-content\/uploads\/2023\/09\/5B4A8606.jpg","type":"image\/jpeg"}],"author":"Algarve 7","twitter_card":"summary_large_image","twitter_creator":"@Algarvesete","twitter_site":"@Algarvesete","twitter_misc":{"Escrito por":"Algarve 7","Tempo estimado de leitura":"2 minutos"},"schema":{"@context":"https:\/\/schema.org","@graph":[{"@type":"Article","@id":"https:\/\/algarve7.pt\/index.php\/2023\/09\/exposicao-alimente-esta-ideia-do-banco-alimentar-contra-a-fome-do-algarve-em-exibicao-na-emarp\/cultura\/10\/45\/#article","isPartOf":{"@id":"https:\/\/algarve7.pt\/index.php\/2023\/09\/exposicao-alimente-esta-ideia-do-banco-alimentar-contra-a-fome-do-algarve-em-exibicao-na-emarp\/cultura\/10\/45\/"},"author":{"name":"Algarve 7","@id":"https:\/\/algarve7.pt\/#\/schema\/person\/23fa70681308e7b319a3204bcea45e0c"},"headline":"Exposi\u00e7\u00e3o \u201cAlimente esta Ideia\u201d do Banco Alimentar Contra a Fome do Algarve em exibi\u00e7\u00e3o na EMARP","datePublished":"2023-09-14T09:45:00+00:00","mainEntityOfPage":{"@id":"https:\/\/algarve7.pt\/index.php\/2023\/09\/exposicao-alimente-esta-ideia-do-banco-alimentar-contra-a-fome-do-algarve-em-exibicao-na-emarp\/cultura\/10\/45\/"},"wordCount":226,"publisher":{"@id":"https:\/\/algarve7.pt\/#organization"},"image":{"@id":"https:\/\/algarve7.pt\/index.php\/2023\/09\/exposicao-alimente-esta-ideia-do-banco-alimentar-contra-a-fome-do-algarve-em-exibicao-na-emarp\/cultura\/10\/45\/#primaryimage"},"thumbnailUrl":"https:\/\/algarve7.pt\/wp-content\/uploads\/2023\/09\/5B4A8606.jpg","keywords":["Algarve","Cultura","EMARP","Portim\u00e3o"],"articleSection":["Cultura"],"inLanguage":"pt-PT"},{"@type":"WebPage","@id":"https:\/\/algarve7.pt\/index.php\/2023\/09\/exposicao-alimente-esta-ideia-do-banco-alimentar-contra-a-fome-do-algarve-em-exibicao-na-emarp\/cultura\/10\/45\/","url":"https:\/\/algarve7.pt\/index.php\/2023\/09\/exposicao-alimente-esta-ideia-do-banco-alimentar-contra-a-fome-do-algarve-em-exibicao-na-emarp\/cultura\/10\/45\/","name":"Exposi\u00e7\u00e3o \u201cAlimente esta Ideia\u201d do Banco Alimentar Contra a Fome do Algarve em exibi\u00e7\u00e3o na EMARP - Algarve 7","isPartOf":{"@id":"https:\/\/algarve7.pt\/#website"},"primaryImageOfPage":{"@id":"https:\/\/algarve7.pt\/index.php\/2023\/09\/exposicao-alimente-esta-ideia-do-banco-alimentar-contra-a-fome-do-algarve-em-exibicao-na-emarp\/cultura\/10\/45\/#primaryimage"},"image":{"@id":"https:\/\/algarve7.pt\/index.php\/2023\/09\/exposicao-alimente-esta-ideia-do-banco-alimentar-contra-a-fome-do-algarve-em-exibicao-na-emarp\/cultura\/10\/45\/#primaryimage"},"thumbnailUrl":"https:\/\/algarve7.pt\/wp-content\/uploads\/2023\/09\/5B4A8606.jpg","datePublished":"2023-09-14T09:45:00+00:00","description":"Exposi\u00e7\u00e3o \u201cAlimente esta Ideia\u201d do Banco Alimentar Contra a Fome do Algarve em exibi\u00e7\u00e3o na EMARP Cultura","breadcrumb":{"@id":"https:\/\/algarve7.pt\/index.php\/2023\/09\/exposicao-alimente-esta-ideia-do-banco-alimentar-contra-a-fome-do-algarve-em-exibicao-na-emarp\/cultura\/10\/45\/#breadcrumb"},"inLanguage":"pt-PT","potentialAction":[{"@type":"ReadAction","target":["https:\/\/algarve7.pt\/index.php\/2023\/09\/exposicao-alimente-esta-ideia-do-banco-alimentar-contra-a-fome-do-algarve-em-exibicao-na-emarp\/cultura\/10\/45\/"]}]},{"@type":"ImageObject","inLanguage":"pt-PT","@id":"https:\/\/algarve7.pt\/index.php\/2023\/09\/exposicao-alimente-esta-ideia-do-banco-alimentar-contra-a-fome-do-algarve-em-exibicao-na-emarp\/cultura\/10\/45\/#primaryimage","url":"https:\/\/algarve7.pt\/wp-content\/uploads\/2023\/09\/5B4A8606.jpg","contentUrl":"https:\/\/algarve7.pt\/wp-content\/uploads\/2023\/09\/5B4A8606.jpg","width":1024,"height":683},{"@type":"BreadcrumbList","@id":"https:\/\/algarve7.pt\/index.php\/2023\/09\/exposicao-alimente-esta-ideia-do-banco-alimentar-contra-a-fome-do-algarve-em-exibicao-na-emarp\/cultura\/10\/45\/#breadcrumb","itemListElement":[{"@type":"ListItem","position":1,"name":"In\u00edcio","item":"https:\/\/algarve7.pt\/"},{"@type":"ListItem","position":2,"name":"Exposi\u00e7\u00e3o \u201cAlimente esta Ideia\u201d do Banco Alimentar Contra a Fome do Algarve em exibi\u00e7\u00e3o na EMARP"}]},{"@type":"WebSite","@id":"https:\/\/algarve7.pt\/#website","url":"https:\/\/algarve7.pt\/","name":"Algarve 7","description":"Informa\u00e7\u00e3o sobre o Algarve","publisher":{"@id":"https:\/\/algarve7.pt\/#organization"},"potentialAction":[{"@type":"SearchAction","target":{"@type":"EntryPoint","urlTemplate":"https:\/\/algarve7.pt\/?s={search_term_string}"},"query-input":{"@type":"PropertyValueSpecification","valueRequired":true,"valueName":"search_term_string"}}],"inLanguage":"pt-PT"},{"@type":"Organization","@id":"https:\/\/algarve7.pt\/#organization","name":"Algarve 7","url":"https:\/\/algarve7.pt\/","logo":{"@type":"ImageObject","inLanguage":"pt-PT","@id":"https:\/\/algarve7.pt\/#\/schema\/logo\/image\/","url":"https:\/\/algarve7.pt\/wp-content\/uploads\/2020\/10\/Logo-8.jpg","contentUrl":"https:\/\/algarve7.pt\/wp-content\/uploads\/2020\/10\/Logo-8.jpg","width":1680,"height":1186,"caption":"Algarve 7"},"image":{"@id":"https:\/\/algarve7.pt\/#\/schema\/logo\/image\/"},"sameAs":["https:\/\/www.facebook.com\/algarve7","https:\/\/x.com\/Algarvesete","https:\/\/www.instagram.com\/jornalalgarve7\/","https:\/\/www.linkedin.com\/company\/algarve7","https:\/\/www.pinterest.pt\/geral0939\/_created\/"]},{"@type":"Person","@id":"https:\/\/algarve7.pt\/#\/schema\/person\/23fa70681308e7b319a3204bcea45e0c","name":"Algarve 7","sameAs":["https:\/\/algarve7.pt","https:\/\/www.facebook.com\/algarve7"],"url":"https:\/\/algarve7.pt\/index.php\/author\/geralalgarve7-pt\/"}]}},"jetpack_publicize_connections":[],"jetpack_featured_media_url":"https:\/\/algarve7.pt\/wp-content\/uploads\/2023\/09\/5B4A8606.jpg","jetpack_shortlink":"https:\/\/wp.me\/pcezmW-81c","jetpack_sharing_enabled":true,"_links":{"self":[{"href":"https:\/\/algarve7.pt\/index.php\/wp-json\/wp\/v2\/posts\/30826","targetHints":{"allow":["GET"]}}],"collection":[{"href":"https:\/\/algarve7.pt\/index.php\/wp-json\/wp\/v2\/posts"}],"about":[{"href":"https:\/\/algarve7.pt\/index.php\/wp-json\/wp\/v2\/types\/post"}],"author":[{"embeddable":true,"href":"https:\/\/algarve7.pt\/index.php\/wp-json\/wp\/v2\/users\/1"}],"replies":[{"embeddable":true,"href":"https:\/\/algarve7.pt\/index.php\/wp-json\/wp\/v2\/comments?post=30826"}],"version-history":[{"count":0,"href":"https:\/\/algarve7.pt\/index.php\/wp-json\/wp\/v2\/posts\/30826\/revisions"}],"wp:featuredmedia":[{"embeddable":true,"href":"https:\/\/algarve7.pt\/index.php\/wp-json\/wp\/v2\/media\/30827"}],"wp:attachment":[{"href":"https:\/\/algarve7.pt\/index.php\/wp-json\/wp\/v2\/media?parent=30826"}],"wp:term":[{"taxonomy":"category","embeddable":true,"href":"https:\/\/algarve7.pt\/index.php\/wp-json\/wp\/v2\/categories?post=30826"},{"taxonomy":"post_tag","embeddable":true,"href":"https:\/\/algarve7.pt\/index.php\/wp-json\/wp\/v2\/tags?post=30826"}],"curies":[{"name":"wp","href":"https:\/\/api.w.org\/{rel}","templated":true}]}}