{"id":30786,"date":"2023-09-12T17:11:12","date_gmt":"2023-09-12T16:11:12","guid":{"rendered":"https:\/\/algarve7.pt\/?p=30786"},"modified":"2023-09-12T17:11:14","modified_gmt":"2023-09-12T16:11:14","slug":"marina-de-albufeira-volta-a-ser-o-palco-do-never-ending-summer","status":"publish","type":"post","link":"https:\/\/algarve7.pt\/index.php\/2023\/09\/marina-de-albufeira-volta-a-ser-o-palco-do-never-ending-summer\/cultura\/17\/11\/","title":{"rendered":"Marina de Albufeira volta a ser o palco do \u201cNever Ending Summer\u201d"},"content":{"rendered":"\n<p>O \u201cNever Ending Summer\u201d regressa \u00e0 Marina de Albufeira, de 15 a 17 de setembro. O evento, organizado pela Marina local em parceria com o Munic\u00edpio, pretende aproximar a popula\u00e7\u00e3o residente com o espa\u00e7o e, simultaneamente, promover o destino junto dos visitantes. Desta forma, s\u00e3o in\u00fameras as atra\u00e7\u00f5es e atividades preparadas para que se celebre o fim da \u00e9poca estival, como se o mesmo n\u00e3o estivesse prestes a acontecer.<\/p>\n\n\n\n<p>A inaugura\u00e7\u00e3o oficial do certame \u00e9 \u00e0s 17h00, com uma centena de expositores de artesanato e gastronomia regional. A grande festa come\u00e7a ao in\u00edcio da noite, fruto das atua\u00e7\u00f5es musicais de diversas bandas. No dia 15 de setembro, sexta-feira, sobem ao palco B\u00e1rbara Bandeira e Julinho KSD. No mesmo dia, o cavalo lusitano \u00e9 homenageado na \u00faltima Gala Algarve Equestre Lusitanus Miranda. Um espet\u00e1culo que funde a arte equestre com outras artes performativas.<\/p>\n\n\n\n<p>No s\u00e1bado, dia 16, atuam Jorge Palma, Wilson Honrado e Ben &amp; The Pirates.<\/p>\n\n\n\n<p>O \u00faltimo dia do evento \u00e9 dedicado aos tributos. A anima\u00e7\u00e3o e a m\u00fasica ficam a cargo de ABBA MIA \u2013 Tributo a ABBA e de BIG UP \u2013 Reggae Tribute Band.<\/p>\n\n\n\n<p>\u00c0 semelhan\u00e7a do ano passado, a gastronomia tem um lugar de destaque neste grande evento de fim de ver\u00e3o. No local h\u00e1 v\u00e1rias tasquinhas, street food e do\u00e7aria. Para apreciadores e curiosos, o Never Ending Summer prop\u00f5e uma mostra de vinhos com um espa\u00e7o dedicado \u00e0 degusta\u00e7\u00e3o, bem como showcookings e apresenta\u00e7\u00f5es.<\/p>\n\n\n\n<p>O desporto \u00e9, tamb\u00e9m, um dos marcos da programa\u00e7\u00e3o da edi\u00e7\u00e3o deste ano. A regata \u201cCidade de Albufeira\u201d volta a ser acolhida, nos dois \u00faltimos dias do evento. A prova do Campeonato do Algarve de Vela de Cruzeiro da Arv Sul pontua para o ranking regional da modalidade, prevendo-se a participa\u00e7\u00e3o de cerca de 30 embarca\u00e7\u00f5es.<\/p>\n\n\n\n<p>Ainda, a 16 de setembro, acontece o circuito de escolas de BTT e no dia 17 regressa a Caminha Never Ending Summer que integra o calend\u00e1rio regional do IPDJ &#8211; Instituto Portugu\u00eas do Desporto e Juventude, e conta com o apoio do grupo Caminhadas ao Luar.<\/p>\n\n\n\n<p>Nesta 3.\u00aa edi\u00e7\u00e3o, h\u00e1 ainda uma Mostra de Carros Cl\u00e1ssicos, que ocupa parte do recinto e que na manh\u00e3 do \u00faltimo dia do evento, partem num passeio pelas ruas de Albufeira.<\/p>\n\n\n\n<p>Recorde-se que, esta edi\u00e7\u00e3o do Never Ending Summer realiza-se na nova pra\u00e7a situada na zona poente da Marina, \u00e1rea que recebeu recentemente a Feira de Ca\u00e7a, Pesca, Turismo e Natureza. Trata-se de um espa\u00e7o mais amplo e que permite criar mais din\u00e2mica e maior conforto no acesso e circula\u00e7\u00e3o.&nbsp;<\/p>\n\n\n\n<p>Venha at\u00e9 \u00e0 Marina de Albufeira, de 15 a 17 de setembro, e divirta-se neste evento pensado para toda a fam\u00edlia. A entrada \u00e9 gratuita.<\/p>\n","protected":false},"excerpt":{"rendered":"<p>O \u201cNever Ending Summer\u201d regressa \u00e0 Marina de Albufeira, de 15 a 17 de setembro. O evento, organizado pela Marina<\/p>\n","protected":false},"author":1,"featured_media":30787,"comment_status":"closed","ping_status":"open","sticky":false,"template":"","format":"standard","meta":{"colormag_page_container_layout":"default_layout","colormag_page_sidebar_layout":"default_layout","_monsterinsights_skip_tracking":false,"_monsterinsights_sitenote_active":false,"_monsterinsights_sitenote_note":"","_monsterinsights_sitenote_category":0,"jetpack_post_was_ever_published":false,"_jetpack_newsletter_access":"","_jetpack_dont_email_post_to_subs":false,"_jetpack_newsletter_tier_id":0,"_jetpack_memberships_contains_paywalled_content":false,"_jetpack_memberships_contains_paid_content":false,"footnotes":"","jetpack_publicize_message":"","jetpack_publicize_feature_enabled":true,"jetpack_social_post_already_shared":true,"jetpack_social_options":{"image_generator_settings":{"template":"highway","default_image_id":0,"font":"","enabled":false},"version":2}},"categories":[14],"tags":[155,36,35,700],"class_list":["post-30786","post","type-post","status-publish","format-standard","has-post-thumbnail","hentry","category-cultura","tag-albufeira","tag-algarve","tag-cultura","tag-never-ending-summer"],"yoast_head":"<!-- This site is optimized with the Yoast SEO plugin v27.4 - https:\/\/yoast.com\/product\/yoast-seo-wordpress\/ -->\n<title>Marina de Albufeira volta a ser o palco do \u201cNever Ending Summer\u201d - Algarve 7<\/title>\n<meta name=\"description\" content=\"Marina de Albufeira volta a ser o palco do \u201cNever Ending Summer\u201d Cultura\" \/>\n<meta name=\"robots\" content=\"index, follow, max-snippet:-1, max-image-preview:large, max-video-preview:-1\" \/>\n<link rel=\"canonical\" href=\"https:\/\/algarve7.pt\/index.php\/2023\/09\/marina-de-albufeira-volta-a-ser-o-palco-do-never-ending-summer\/cultura\/17\/11\/\" \/>\n<meta property=\"og:locale\" content=\"pt_PT\" \/>\n<meta property=\"og:type\" content=\"article\" \/>\n<meta property=\"og:title\" content=\"Marina de Albufeira volta a ser o palco do \u201cNever Ending Summer\u201d - Algarve 7\" \/>\n<meta property=\"og:description\" content=\"Marina de Albufeira volta a ser o palco do \u201cNever Ending Summer\u201d Cultura\" \/>\n<meta property=\"og:url\" content=\"https:\/\/algarve7.pt\/index.php\/2023\/09\/marina-de-albufeira-volta-a-ser-o-palco-do-never-ending-summer\/cultura\/17\/11\/\" \/>\n<meta property=\"og:site_name\" content=\"Algarve 7\" \/>\n<meta property=\"article:publisher\" content=\"https:\/\/www.facebook.com\/algarve7\" \/>\n<meta property=\"article:author\" content=\"https:\/\/www.facebook.com\/algarve7\" \/>\n<meta property=\"article:published_time\" content=\"2023-09-12T16:11:12+00:00\" \/>\n<meta property=\"article:modified_time\" content=\"2023-09-12T16:11:14+00:00\" \/>\n<meta property=\"og:image\" content=\"https:\/\/algarve7.pt\/wp-content\/uploads\/2023\/09\/Captura-de-ecra-2023-09-12-as-17.08.01.png\" \/>\n\t<meta property=\"og:image:width\" content=\"1000\" \/>\n\t<meta property=\"og:image:height\" content=\"1198\" \/>\n\t<meta property=\"og:image:type\" content=\"image\/png\" \/>\n<meta name=\"author\" content=\"Algarve 7\" \/>\n<meta name=\"twitter:card\" content=\"summary_large_image\" \/>\n<meta name=\"twitter:creator\" content=\"@Algarvesete\" \/>\n<meta name=\"twitter:site\" content=\"@Algarvesete\" \/>\n<meta name=\"twitter:label1\" content=\"Escrito por\" \/>\n\t<meta name=\"twitter:data1\" content=\"Algarve 7\" \/>\n\t<meta name=\"twitter:label2\" content=\"Tempo estimado de leitura\" \/>\n\t<meta name=\"twitter:data2\" content=\"3 minutos\" \/>\n<script type=\"application\/ld+json\" class=\"yoast-schema-graph\">{\"@context\":\"https:\\\/\\\/schema.org\",\"@graph\":[{\"@type\":\"Article\",\"@id\":\"https:\\\/\\\/algarve7.pt\\\/index.php\\\/2023\\\/09\\\/marina-de-albufeira-volta-a-ser-o-palco-do-never-ending-summer\\\/cultura\\\/17\\\/11\\\/#article\",\"isPartOf\":{\"@id\":\"https:\\\/\\\/algarve7.pt\\\/index.php\\\/2023\\\/09\\\/marina-de-albufeira-volta-a-ser-o-palco-do-never-ending-summer\\\/cultura\\\/17\\\/11\\\/\"},\"author\":{\"name\":\"Algarve 7\",\"@id\":\"https:\\\/\\\/algarve7.pt\\\/#\\\/schema\\\/person\\\/23fa70681308e7b319a3204bcea45e0c\"},\"headline\":\"Marina de Albufeira volta a ser o palco do \u201cNever Ending Summer\u201d\",\"datePublished\":\"2023-09-12T16:11:12+00:00\",\"dateModified\":\"2023-09-12T16:11:14+00:00\",\"mainEntityOfPage\":{\"@id\":\"https:\\\/\\\/algarve7.pt\\\/index.php\\\/2023\\\/09\\\/marina-de-albufeira-volta-a-ser-o-palco-do-never-ending-summer\\\/cultura\\\/17\\\/11\\\/\"},\"wordCount\":479,\"publisher\":{\"@id\":\"https:\\\/\\\/algarve7.pt\\\/#organization\"},\"image\":{\"@id\":\"https:\\\/\\\/algarve7.pt\\\/index.php\\\/2023\\\/09\\\/marina-de-albufeira-volta-a-ser-o-palco-do-never-ending-summer\\\/cultura\\\/17\\\/11\\\/#primaryimage\"},\"thumbnailUrl\":\"https:\\\/\\\/algarve7.pt\\\/wp-content\\\/uploads\\\/2023\\\/09\\\/Captura-de-ecra-2023-09-12-as-17.08.01.png\",\"keywords\":[\"Albufeira\",\"Algarve\",\"Cultura\",\"Never Ending Summer\"],\"articleSection\":[\"Cultura\"],\"inLanguage\":\"pt-PT\"},{\"@type\":\"WebPage\",\"@id\":\"https:\\\/\\\/algarve7.pt\\\/index.php\\\/2023\\\/09\\\/marina-de-albufeira-volta-a-ser-o-palco-do-never-ending-summer\\\/cultura\\\/17\\\/11\\\/\",\"url\":\"https:\\\/\\\/algarve7.pt\\\/index.php\\\/2023\\\/09\\\/marina-de-albufeira-volta-a-ser-o-palco-do-never-ending-summer\\\/cultura\\\/17\\\/11\\\/\",\"name\":\"Marina de Albufeira volta a ser o palco do \u201cNever Ending Summer\u201d - Algarve 7\",\"isPartOf\":{\"@id\":\"https:\\\/\\\/algarve7.pt\\\/#website\"},\"primaryImageOfPage\":{\"@id\":\"https:\\\/\\\/algarve7.pt\\\/index.php\\\/2023\\\/09\\\/marina-de-albufeira-volta-a-ser-o-palco-do-never-ending-summer\\\/cultura\\\/17\\\/11\\\/#primaryimage\"},\"image\":{\"@id\":\"https:\\\/\\\/algarve7.pt\\\/index.php\\\/2023\\\/09\\\/marina-de-albufeira-volta-a-ser-o-palco-do-never-ending-summer\\\/cultura\\\/17\\\/11\\\/#primaryimage\"},\"thumbnailUrl\":\"https:\\\/\\\/algarve7.pt\\\/wp-content\\\/uploads\\\/2023\\\/09\\\/Captura-de-ecra-2023-09-12-as-17.08.01.png\",\"datePublished\":\"2023-09-12T16:11:12+00:00\",\"dateModified\":\"2023-09-12T16:11:14+00:00\",\"description\":\"Marina de Albufeira volta a ser o palco do \u201cNever Ending Summer\u201d Cultura\",\"breadcrumb\":{\"@id\":\"https:\\\/\\\/algarve7.pt\\\/index.php\\\/2023\\\/09\\\/marina-de-albufeira-volta-a-ser-o-palco-do-never-ending-summer\\\/cultura\\\/17\\\/11\\\/#breadcrumb\"},\"inLanguage\":\"pt-PT\",\"potentialAction\":[{\"@type\":\"ReadAction\",\"target\":[\"https:\\\/\\\/algarve7.pt\\\/index.php\\\/2023\\\/09\\\/marina-de-albufeira-volta-a-ser-o-palco-do-never-ending-summer\\\/cultura\\\/17\\\/11\\\/\"]}]},{\"@type\":\"ImageObject\",\"inLanguage\":\"pt-PT\",\"@id\":\"https:\\\/\\\/algarve7.pt\\\/index.php\\\/2023\\\/09\\\/marina-de-albufeira-volta-a-ser-o-palco-do-never-ending-summer\\\/cultura\\\/17\\\/11\\\/#primaryimage\",\"url\":\"https:\\\/\\\/algarve7.pt\\\/wp-content\\\/uploads\\\/2023\\\/09\\\/Captura-de-ecra-2023-09-12-as-17.08.01.png\",\"contentUrl\":\"https:\\\/\\\/algarve7.pt\\\/wp-content\\\/uploads\\\/2023\\\/09\\\/Captura-de-ecra-2023-09-12-as-17.08.01.png\",\"width\":1000,\"height\":1198},{\"@type\":\"BreadcrumbList\",\"@id\":\"https:\\\/\\\/algarve7.pt\\\/index.php\\\/2023\\\/09\\\/marina-de-albufeira-volta-a-ser-o-palco-do-never-ending-summer\\\/cultura\\\/17\\\/11\\\/#breadcrumb\",\"itemListElement\":[{\"@type\":\"ListItem\",\"position\":1,\"name\":\"In\u00edcio\",\"item\":\"https:\\\/\\\/algarve7.pt\\\/\"},{\"@type\":\"ListItem\",\"position\":2,\"name\":\"Marina de Albufeira volta a ser o palco do \u201cNever Ending Summer\u201d\"}]},{\"@type\":\"WebSite\",\"@id\":\"https:\\\/\\\/algarve7.pt\\\/#website\",\"url\":\"https:\\\/\\\/algarve7.pt\\\/\",\"name\":\"Algarve 7\",\"description\":\"Informa\u00e7\u00e3o sobre o Algarve\",\"publisher\":{\"@id\":\"https:\\\/\\\/algarve7.pt\\\/#organization\"},\"potentialAction\":[{\"@type\":\"SearchAction\",\"target\":{\"@type\":\"EntryPoint\",\"urlTemplate\":\"https:\\\/\\\/algarve7.pt\\\/?s={search_term_string}\"},\"query-input\":{\"@type\":\"PropertyValueSpecification\",\"valueRequired\":true,\"valueName\":\"search_term_string\"}}],\"inLanguage\":\"pt-PT\"},{\"@type\":\"Organization\",\"@id\":\"https:\\\/\\\/algarve7.pt\\\/#organization\",\"name\":\"Algarve 7\",\"url\":\"https:\\\/\\\/algarve7.pt\\\/\",\"logo\":{\"@type\":\"ImageObject\",\"inLanguage\":\"pt-PT\",\"@id\":\"https:\\\/\\\/algarve7.pt\\\/#\\\/schema\\\/logo\\\/image\\\/\",\"url\":\"https:\\\/\\\/algarve7.pt\\\/wp-content\\\/uploads\\\/2020\\\/10\\\/Logo-8.jpg\",\"contentUrl\":\"https:\\\/\\\/algarve7.pt\\\/wp-content\\\/uploads\\\/2020\\\/10\\\/Logo-8.jpg\",\"width\":1680,\"height\":1186,\"caption\":\"Algarve 7\"},\"image\":{\"@id\":\"https:\\\/\\\/algarve7.pt\\\/#\\\/schema\\\/logo\\\/image\\\/\"},\"sameAs\":[\"https:\\\/\\\/www.facebook.com\\\/algarve7\",\"https:\\\/\\\/x.com\\\/Algarvesete\",\"https:\\\/\\\/www.instagram.com\\\/jornalalgarve7\\\/\",\"https:\\\/\\\/www.linkedin.com\\\/company\\\/algarve7\",\"https:\\\/\\\/www.pinterest.pt\\\/geral0939\\\/_created\\\/\"]},{\"@type\":\"Person\",\"@id\":\"https:\\\/\\\/algarve7.pt\\\/#\\\/schema\\\/person\\\/23fa70681308e7b319a3204bcea45e0c\",\"name\":\"Algarve 7\",\"sameAs\":[\"https:\\\/\\\/algarve7.pt\",\"https:\\\/\\\/www.facebook.com\\\/algarve7\"],\"url\":\"https:\\\/\\\/algarve7.pt\\\/index.php\\\/author\\\/geralalgarve7-pt\\\/\"}]}<\/script>\n<!-- \/ Yoast SEO plugin. -->","yoast_head_json":{"title":"Marina de Albufeira volta a ser o palco do \u201cNever Ending Summer\u201d - Algarve 7","description":"Marina de Albufeira volta a ser o palco do \u201cNever Ending Summer\u201d Cultura","robots":{"index":"index","follow":"follow","max-snippet":"max-snippet:-1","max-image-preview":"max-image-preview:large","max-video-preview":"max-video-preview:-1"},"canonical":"https:\/\/algarve7.pt\/index.php\/2023\/09\/marina-de-albufeira-volta-a-ser-o-palco-do-never-ending-summer\/cultura\/17\/11\/","og_locale":"pt_PT","og_type":"article","og_title":"Marina de Albufeira volta a ser o palco do \u201cNever Ending Summer\u201d - Algarve 7","og_description":"Marina de Albufeira volta a ser o palco do \u201cNever Ending Summer\u201d Cultura","og_url":"https:\/\/algarve7.pt\/index.php\/2023\/09\/marina-de-albufeira-volta-a-ser-o-palco-do-never-ending-summer\/cultura\/17\/11\/","og_site_name":"Algarve 7","article_publisher":"https:\/\/www.facebook.com\/algarve7","article_author":"https:\/\/www.facebook.com\/algarve7","article_published_time":"2023-09-12T16:11:12+00:00","article_modified_time":"2023-09-12T16:11:14+00:00","og_image":[{"width":1000,"height":1198,"url":"https:\/\/algarve7.pt\/wp-content\/uploads\/2023\/09\/Captura-de-ecra-2023-09-12-as-17.08.01.png","type":"image\/png"}],"author":"Algarve 7","twitter_card":"summary_large_image","twitter_creator":"@Algarvesete","twitter_site":"@Algarvesete","twitter_misc":{"Escrito por":"Algarve 7","Tempo estimado de leitura":"3 minutos"},"schema":{"@context":"https:\/\/schema.org","@graph":[{"@type":"Article","@id":"https:\/\/algarve7.pt\/index.php\/2023\/09\/marina-de-albufeira-volta-a-ser-o-palco-do-never-ending-summer\/cultura\/17\/11\/#article","isPartOf":{"@id":"https:\/\/algarve7.pt\/index.php\/2023\/09\/marina-de-albufeira-volta-a-ser-o-palco-do-never-ending-summer\/cultura\/17\/11\/"},"author":{"name":"Algarve 7","@id":"https:\/\/algarve7.pt\/#\/schema\/person\/23fa70681308e7b319a3204bcea45e0c"},"headline":"Marina de Albufeira volta a ser o palco do \u201cNever Ending Summer\u201d","datePublished":"2023-09-12T16:11:12+00:00","dateModified":"2023-09-12T16:11:14+00:00","mainEntityOfPage":{"@id":"https:\/\/algarve7.pt\/index.php\/2023\/09\/marina-de-albufeira-volta-a-ser-o-palco-do-never-ending-summer\/cultura\/17\/11\/"},"wordCount":479,"publisher":{"@id":"https:\/\/algarve7.pt\/#organization"},"image":{"@id":"https:\/\/algarve7.pt\/index.php\/2023\/09\/marina-de-albufeira-volta-a-ser-o-palco-do-never-ending-summer\/cultura\/17\/11\/#primaryimage"},"thumbnailUrl":"https:\/\/algarve7.pt\/wp-content\/uploads\/2023\/09\/Captura-de-ecra-2023-09-12-as-17.08.01.png","keywords":["Albufeira","Algarve","Cultura","Never Ending Summer"],"articleSection":["Cultura"],"inLanguage":"pt-PT"},{"@type":"WebPage","@id":"https:\/\/algarve7.pt\/index.php\/2023\/09\/marina-de-albufeira-volta-a-ser-o-palco-do-never-ending-summer\/cultura\/17\/11\/","url":"https:\/\/algarve7.pt\/index.php\/2023\/09\/marina-de-albufeira-volta-a-ser-o-palco-do-never-ending-summer\/cultura\/17\/11\/","name":"Marina de Albufeira volta a ser o palco do \u201cNever Ending Summer\u201d - Algarve 7","isPartOf":{"@id":"https:\/\/algarve7.pt\/#website"},"primaryImageOfPage":{"@id":"https:\/\/algarve7.pt\/index.php\/2023\/09\/marina-de-albufeira-volta-a-ser-o-palco-do-never-ending-summer\/cultura\/17\/11\/#primaryimage"},"image":{"@id":"https:\/\/algarve7.pt\/index.php\/2023\/09\/marina-de-albufeira-volta-a-ser-o-palco-do-never-ending-summer\/cultura\/17\/11\/#primaryimage"},"thumbnailUrl":"https:\/\/algarve7.pt\/wp-content\/uploads\/2023\/09\/Captura-de-ecra-2023-09-12-as-17.08.01.png","datePublished":"2023-09-12T16:11:12+00:00","dateModified":"2023-09-12T16:11:14+00:00","description":"Marina de Albufeira volta a ser o palco do \u201cNever Ending Summer\u201d Cultura","breadcrumb":{"@id":"https:\/\/algarve7.pt\/index.php\/2023\/09\/marina-de-albufeira-volta-a-ser-o-palco-do-never-ending-summer\/cultura\/17\/11\/#breadcrumb"},"inLanguage":"pt-PT","potentialAction":[{"@type":"ReadAction","target":["https:\/\/algarve7.pt\/index.php\/2023\/09\/marina-de-albufeira-volta-a-ser-o-palco-do-never-ending-summer\/cultura\/17\/11\/"]}]},{"@type":"ImageObject","inLanguage":"pt-PT","@id":"https:\/\/algarve7.pt\/index.php\/2023\/09\/marina-de-albufeira-volta-a-ser-o-palco-do-never-ending-summer\/cultura\/17\/11\/#primaryimage","url":"https:\/\/algarve7.pt\/wp-content\/uploads\/2023\/09\/Captura-de-ecra-2023-09-12-as-17.08.01.png","contentUrl":"https:\/\/algarve7.pt\/wp-content\/uploads\/2023\/09\/Captura-de-ecra-2023-09-12-as-17.08.01.png","width":1000,"height":1198},{"@type":"BreadcrumbList","@id":"https:\/\/algarve7.pt\/index.php\/2023\/09\/marina-de-albufeira-volta-a-ser-o-palco-do-never-ending-summer\/cultura\/17\/11\/#breadcrumb","itemListElement":[{"@type":"ListItem","position":1,"name":"In\u00edcio","item":"https:\/\/algarve7.pt\/"},{"@type":"ListItem","position":2,"name":"Marina de Albufeira volta a ser o palco do \u201cNever Ending Summer\u201d"}]},{"@type":"WebSite","@id":"https:\/\/algarve7.pt\/#website","url":"https:\/\/algarve7.pt\/","name":"Algarve 7","description":"Informa\u00e7\u00e3o sobre o Algarve","publisher":{"@id":"https:\/\/algarve7.pt\/#organization"},"potentialAction":[{"@type":"SearchAction","target":{"@type":"EntryPoint","urlTemplate":"https:\/\/algarve7.pt\/?s={search_term_string}"},"query-input":{"@type":"PropertyValueSpecification","valueRequired":true,"valueName":"search_term_string"}}],"inLanguage":"pt-PT"},{"@type":"Organization","@id":"https:\/\/algarve7.pt\/#organization","name":"Algarve 7","url":"https:\/\/algarve7.pt\/","logo":{"@type":"ImageObject","inLanguage":"pt-PT","@id":"https:\/\/algarve7.pt\/#\/schema\/logo\/image\/","url":"https:\/\/algarve7.pt\/wp-content\/uploads\/2020\/10\/Logo-8.jpg","contentUrl":"https:\/\/algarve7.pt\/wp-content\/uploads\/2020\/10\/Logo-8.jpg","width":1680,"height":1186,"caption":"Algarve 7"},"image":{"@id":"https:\/\/algarve7.pt\/#\/schema\/logo\/image\/"},"sameAs":["https:\/\/www.facebook.com\/algarve7","https:\/\/x.com\/Algarvesete","https:\/\/www.instagram.com\/jornalalgarve7\/","https:\/\/www.linkedin.com\/company\/algarve7","https:\/\/www.pinterest.pt\/geral0939\/_created\/"]},{"@type":"Person","@id":"https:\/\/algarve7.pt\/#\/schema\/person\/23fa70681308e7b319a3204bcea45e0c","name":"Algarve 7","sameAs":["https:\/\/algarve7.pt","https:\/\/www.facebook.com\/algarve7"],"url":"https:\/\/algarve7.pt\/index.php\/author\/geralalgarve7-pt\/"}]}},"jetpack_publicize_connections":[],"jetpack_featured_media_url":"https:\/\/algarve7.pt\/wp-content\/uploads\/2023\/09\/Captura-de-ecra-2023-09-12-as-17.08.01.png","jetpack_shortlink":"https:\/\/wp.me\/pcezmW-80y","jetpack_sharing_enabled":true,"_links":{"self":[{"href":"https:\/\/algarve7.pt\/index.php\/wp-json\/wp\/v2\/posts\/30786","targetHints":{"allow":["GET"]}}],"collection":[{"href":"https:\/\/algarve7.pt\/index.php\/wp-json\/wp\/v2\/posts"}],"about":[{"href":"https:\/\/algarve7.pt\/index.php\/wp-json\/wp\/v2\/types\/post"}],"author":[{"embeddable":true,"href":"https:\/\/algarve7.pt\/index.php\/wp-json\/wp\/v2\/users\/1"}],"replies":[{"embeddable":true,"href":"https:\/\/algarve7.pt\/index.php\/wp-json\/wp\/v2\/comments?post=30786"}],"version-history":[{"count":0,"href":"https:\/\/algarve7.pt\/index.php\/wp-json\/wp\/v2\/posts\/30786\/revisions"}],"wp:featuredmedia":[{"embeddable":true,"href":"https:\/\/algarve7.pt\/index.php\/wp-json\/wp\/v2\/media\/30787"}],"wp:attachment":[{"href":"https:\/\/algarve7.pt\/index.php\/wp-json\/wp\/v2\/media?parent=30786"}],"wp:term":[{"taxonomy":"category","embeddable":true,"href":"https:\/\/algarve7.pt\/index.php\/wp-json\/wp\/v2\/categories?post=30786"},{"taxonomy":"post_tag","embeddable":true,"href":"https:\/\/algarve7.pt\/index.php\/wp-json\/wp\/v2\/tags?post=30786"}],"curies":[{"name":"wp","href":"https:\/\/api.w.org\/{rel}","templated":true}]}}