{"id":30777,"date":"2023-09-12T14:07:48","date_gmt":"2023-09-12T13:07:48","guid":{"rendered":"https:\/\/algarve7.pt\/?p=30777"},"modified":"2023-09-12T14:08:49","modified_gmt":"2023-09-12T13:08:49","slug":"decore-um-inquerito-aos-municipes-de-vila-do-bispo-sobre-turismo","status":"publish","type":"post","link":"https:\/\/algarve7.pt\/index.php\/2023\/09\/decore-um-inquerito-aos-municipes-de-vila-do-bispo-sobre-turismo\/turismo\/14\/07\/","title":{"rendered":"Decore um inqu\u00e9rito aos mun\u00edcipes de Vila do Bispo sobre Turismo"},"content":{"rendered":"\n<p>A C\u00e2mara Municipal tem em curso a revis\u00e3o do Plano de Turismo, documento que orientar\u00e1 as pol\u00edticas transversais do Munic\u00edpio para os pr\u00f3ximos anos. Queremos que a estrat\u00e9gia municipal de turismo conte com a participa\u00e7\u00e3o de todos e todos os contributos ser\u00e3o importantes.<\/p>\n\n\n\n<p>Responda a este inqu\u00e9rito e d\u00ea-nos a sua opini\u00e3o sobre o nosso concelho e as suas ideias para o melhorar.<\/p>\n\n\n\n<p>Ajude Vila do Bispo a ser um concelho mais atrativo e sustent\u00e1vel!<\/p>\n\n\n\n<p>Aceda ao inqu\u00e9rito em: <a href=\"https:\/\/l.facebook.com\/l.php?u=https%3A%2F%2Fforms.gle%2FvH1VF9Bo5cBeok767%3Ffbclid%3DIwAR1DD_B-Q7NLGhmzDXcY1T-Oh7A0Pu7HiiSzMKqmd8E9RA_y0n35kuEJxnI&amp;h=AT1qcOzktSNp7AONZSBJgAFwYK-MOsf7RqD0FRuHyRCDiQj4Su4od2augO0zMNkwFcC29rZKsMZazlMMa7JTWCj6OLAGTrukDcOKDsJLoT3IOiS4vt1Ewk4L0ha5dppLWWRGQqw&amp;__tn__=-UK-R&amp;c%5B0%5D=AT2cKHrm7Vn6HjHqL5OGJ6psWRtHK34Iwlr5la6jUiimL_N0t6sHmdll6EKSex5uN9vi5zPwRwGD2hZ1uSZYT0i6rzNDwsPjkp7J9WqfB4pdy-zFtiAA6DfZH1qeuXdSiIJwF4nDPC52zUBRXVUwbFn3ClhfTLWKkKhDOtOdYaO-824aT561Z8jgoRFUZGL0dHkb4XKcL01ujtOK\" target=\"_blank\" rel=\"noreferrer noopener\">https:\/\/forms.gle\/vH1VF9Bo5cBeok767<\/a><\/p>\n\n\n\n<p>Para a realiza\u00e7\u00e3o deste trabalho, a C\u00e2mara Municipal conta com o apoio da empresa de consultoria IPI Consulting Network, que ser\u00e1 respons\u00e1vel pelo tratamento de toda a informa\u00e7\u00e3o, de forma isenta e independente. Informamos, ainda, que est\u00e3o a decorrer ao mesmo tempo outros inqu\u00e9ritos, dirigidos diretamente por email para os empres\u00e1rios do sector tur\u00edstico do concelho de Vila do Bispo. Se \u00e9 empres\u00e1rio do sector do alojamento tur\u00edstico, da restaura\u00e7\u00e3o, da anima\u00e7\u00e3o tur\u00edstica ou do imobili\u00e1rio e n\u00e3o recebeu o nosso email, contacte-nos atrav\u00e9s do email: <a href=\"mailto:mario.barroqueiro@ipi.pt\" target=\"_blank\" rel=\"noreferrer noopener\">mario.barroqueiro@ipi.pt<\/a>, para que o possamos enviar tamb\u00e9m para si.<\/p>\n","protected":false},"excerpt":{"rendered":"<p>A C\u00e2mara Municipal tem em curso a revis\u00e3o do Plano de Turismo, documento que orientar\u00e1 as pol\u00edticas transversais do Munic\u00edpio<\/p>\n","protected":false},"author":1,"featured_media":30778,"comment_status":"closed","ping_status":"open","sticky":false,"template":"","format":"standard","meta":{"colormag_page_container_layout":"default_layout","colormag_page_sidebar_layout":"default_layout","_monsterinsights_skip_tracking":false,"_monsterinsights_sitenote_active":false,"_monsterinsights_sitenote_note":"","_monsterinsights_sitenote_category":0,"jetpack_post_was_ever_published":false,"_jetpack_newsletter_access":"","_jetpack_dont_email_post_to_subs":false,"_jetpack_newsletter_tier_id":0,"_jetpack_memberships_contains_paywalled_content":false,"_jetpack_memberships_contains_paid_content":false,"footnotes":"","jetpack_publicize_message":"","jetpack_publicize_feature_enabled":true,"jetpack_social_post_already_shared":true,"jetpack_social_options":{"image_generator_settings":{"template":"highway","default_image_id":0,"font":"","enabled":false},"version":2}},"categories":[17],"tags":[36,45,84],"class_list":["post-30777","post","type-post","status-publish","format-standard","has-post-thumbnail","hentry","category-turismo","tag-algarve","tag-turismo","tag-vila-do-bispo"],"yoast_head":"<!-- This site is optimized with the Yoast SEO plugin v27.4 - https:\/\/yoast.com\/product\/yoast-seo-wordpress\/ -->\n<title>Decore um inqu\u00e9rito aos mun\u00edcipes de Vila do Bispo sobre Turismo - Algarve 7<\/title>\n<meta name=\"description\" content=\"Decore um inqu\u00e9rito aos mun\u00edcipes de Vila do Bispo sobre Turismo Turismo\" \/>\n<meta name=\"robots\" content=\"index, follow, max-snippet:-1, max-image-preview:large, max-video-preview:-1\" \/>\n<link rel=\"canonical\" href=\"https:\/\/algarve7.pt\/index.php\/2023\/09\/decore-um-inquerito-aos-municipes-de-vila-do-bispo-sobre-turismo\/turismo\/14\/07\/\" \/>\n<meta property=\"og:locale\" content=\"pt_PT\" \/>\n<meta property=\"og:type\" content=\"article\" \/>\n<meta property=\"og:title\" content=\"Decore um inqu\u00e9rito aos mun\u00edcipes de Vila do Bispo sobre Turismo - Algarve 7\" \/>\n<meta property=\"og:description\" content=\"Decore um inqu\u00e9rito aos mun\u00edcipes de Vila do Bispo sobre Turismo Turismo\" \/>\n<meta property=\"og:url\" content=\"https:\/\/algarve7.pt\/index.php\/2023\/09\/decore-um-inquerito-aos-municipes-de-vila-do-bispo-sobre-turismo\/turismo\/14\/07\/\" \/>\n<meta property=\"og:site_name\" content=\"Algarve 7\" \/>\n<meta property=\"article:publisher\" content=\"https:\/\/www.facebook.com\/algarve7\" \/>\n<meta property=\"article:author\" content=\"https:\/\/www.facebook.com\/algarve7\" \/>\n<meta property=\"article:published_time\" content=\"2023-09-12T13:07:48+00:00\" \/>\n<meta property=\"article:modified_time\" content=\"2023-09-12T13:08:49+00:00\" \/>\n<meta property=\"og:image\" content=\"https:\/\/algarve7.pt\/wp-content\/uploads\/2023\/09\/374524797_627859972862849_6391952656697736042_n.jpg\" \/>\n\t<meta property=\"og:image:width\" content=\"1000\" \/>\n\t<meta property=\"og:image:height\" content=\"881\" \/>\n\t<meta property=\"og:image:type\" content=\"image\/jpeg\" \/>\n<meta name=\"author\" content=\"Algarve 7\" \/>\n<meta name=\"twitter:card\" content=\"summary_large_image\" \/>\n<meta name=\"twitter:creator\" content=\"@Algarvesete\" \/>\n<meta name=\"twitter:site\" content=\"@Algarvesete\" \/>\n<meta name=\"twitter:label1\" content=\"Escrito por\" \/>\n\t<meta name=\"twitter:data1\" content=\"Algarve 7\" \/>\n\t<meta name=\"twitter:label2\" content=\"Tempo estimado de leitura\" \/>\n\t<meta name=\"twitter:data2\" content=\"1 minuto\" \/>\n<script type=\"application\/ld+json\" class=\"yoast-schema-graph\">{\"@context\":\"https:\\\/\\\/schema.org\",\"@graph\":[{\"@type\":\"Article\",\"@id\":\"https:\\\/\\\/algarve7.pt\\\/index.php\\\/2023\\\/09\\\/decore-um-inquerito-aos-municipes-de-vila-do-bispo-sobre-turismo\\\/turismo\\\/14\\\/07\\\/#article\",\"isPartOf\":{\"@id\":\"https:\\\/\\\/algarve7.pt\\\/index.php\\\/2023\\\/09\\\/decore-um-inquerito-aos-municipes-de-vila-do-bispo-sobre-turismo\\\/turismo\\\/14\\\/07\\\/\"},\"author\":{\"name\":\"Algarve 7\",\"@id\":\"https:\\\/\\\/algarve7.pt\\\/#\\\/schema\\\/person\\\/23fa70681308e7b319a3204bcea45e0c\"},\"headline\":\"Decore um inqu\u00e9rito aos mun\u00edcipes de Vila do Bispo sobre Turismo\",\"datePublished\":\"2023-09-12T13:07:48+00:00\",\"dateModified\":\"2023-09-12T13:08:49+00:00\",\"mainEntityOfPage\":{\"@id\":\"https:\\\/\\\/algarve7.pt\\\/index.php\\\/2023\\\/09\\\/decore-um-inquerito-aos-municipes-de-vila-do-bispo-sobre-turismo\\\/turismo\\\/14\\\/07\\\/\"},\"wordCount\":226,\"publisher\":{\"@id\":\"https:\\\/\\\/algarve7.pt\\\/#organization\"},\"image\":{\"@id\":\"https:\\\/\\\/algarve7.pt\\\/index.php\\\/2023\\\/09\\\/decore-um-inquerito-aos-municipes-de-vila-do-bispo-sobre-turismo\\\/turismo\\\/14\\\/07\\\/#primaryimage\"},\"thumbnailUrl\":\"https:\\\/\\\/algarve7.pt\\\/wp-content\\\/uploads\\\/2023\\\/09\\\/374524797_627859972862849_6391952656697736042_n.jpg\",\"keywords\":[\"Algarve\",\"Turismo\",\"Vila do Bispo\"],\"articleSection\":[\"Turismo\"],\"inLanguage\":\"pt-PT\"},{\"@type\":\"WebPage\",\"@id\":\"https:\\\/\\\/algarve7.pt\\\/index.php\\\/2023\\\/09\\\/decore-um-inquerito-aos-municipes-de-vila-do-bispo-sobre-turismo\\\/turismo\\\/14\\\/07\\\/\",\"url\":\"https:\\\/\\\/algarve7.pt\\\/index.php\\\/2023\\\/09\\\/decore-um-inquerito-aos-municipes-de-vila-do-bispo-sobre-turismo\\\/turismo\\\/14\\\/07\\\/\",\"name\":\"Decore um inqu\u00e9rito aos mun\u00edcipes de Vila do Bispo sobre Turismo - Algarve 7\",\"isPartOf\":{\"@id\":\"https:\\\/\\\/algarve7.pt\\\/#website\"},\"primaryImageOfPage\":{\"@id\":\"https:\\\/\\\/algarve7.pt\\\/index.php\\\/2023\\\/09\\\/decore-um-inquerito-aos-municipes-de-vila-do-bispo-sobre-turismo\\\/turismo\\\/14\\\/07\\\/#primaryimage\"},\"image\":{\"@id\":\"https:\\\/\\\/algarve7.pt\\\/index.php\\\/2023\\\/09\\\/decore-um-inquerito-aos-municipes-de-vila-do-bispo-sobre-turismo\\\/turismo\\\/14\\\/07\\\/#primaryimage\"},\"thumbnailUrl\":\"https:\\\/\\\/algarve7.pt\\\/wp-content\\\/uploads\\\/2023\\\/09\\\/374524797_627859972862849_6391952656697736042_n.jpg\",\"datePublished\":\"2023-09-12T13:07:48+00:00\",\"dateModified\":\"2023-09-12T13:08:49+00:00\",\"description\":\"Decore um inqu\u00e9rito aos mun\u00edcipes de Vila do Bispo sobre Turismo Turismo\",\"breadcrumb\":{\"@id\":\"https:\\\/\\\/algarve7.pt\\\/index.php\\\/2023\\\/09\\\/decore-um-inquerito-aos-municipes-de-vila-do-bispo-sobre-turismo\\\/turismo\\\/14\\\/07\\\/#breadcrumb\"},\"inLanguage\":\"pt-PT\",\"potentialAction\":[{\"@type\":\"ReadAction\",\"target\":[\"https:\\\/\\\/algarve7.pt\\\/index.php\\\/2023\\\/09\\\/decore-um-inquerito-aos-municipes-de-vila-do-bispo-sobre-turismo\\\/turismo\\\/14\\\/07\\\/\"]}]},{\"@type\":\"ImageObject\",\"inLanguage\":\"pt-PT\",\"@id\":\"https:\\\/\\\/algarve7.pt\\\/index.php\\\/2023\\\/09\\\/decore-um-inquerito-aos-municipes-de-vila-do-bispo-sobre-turismo\\\/turismo\\\/14\\\/07\\\/#primaryimage\",\"url\":\"https:\\\/\\\/algarve7.pt\\\/wp-content\\\/uploads\\\/2023\\\/09\\\/374524797_627859972862849_6391952656697736042_n.jpg\",\"contentUrl\":\"https:\\\/\\\/algarve7.pt\\\/wp-content\\\/uploads\\\/2023\\\/09\\\/374524797_627859972862849_6391952656697736042_n.jpg\",\"width\":1000,\"height\":881},{\"@type\":\"BreadcrumbList\",\"@id\":\"https:\\\/\\\/algarve7.pt\\\/index.php\\\/2023\\\/09\\\/decore-um-inquerito-aos-municipes-de-vila-do-bispo-sobre-turismo\\\/turismo\\\/14\\\/07\\\/#breadcrumb\",\"itemListElement\":[{\"@type\":\"ListItem\",\"position\":1,\"name\":\"In\u00edcio\",\"item\":\"https:\\\/\\\/algarve7.pt\\\/\"},{\"@type\":\"ListItem\",\"position\":2,\"name\":\"Decore um inqu\u00e9rito aos mun\u00edcipes de Vila do Bispo sobre Turismo\"}]},{\"@type\":\"WebSite\",\"@id\":\"https:\\\/\\\/algarve7.pt\\\/#website\",\"url\":\"https:\\\/\\\/algarve7.pt\\\/\",\"name\":\"Algarve 7\",\"description\":\"Informa\u00e7\u00e3o sobre o Algarve\",\"publisher\":{\"@id\":\"https:\\\/\\\/algarve7.pt\\\/#organization\"},\"potentialAction\":[{\"@type\":\"SearchAction\",\"target\":{\"@type\":\"EntryPoint\",\"urlTemplate\":\"https:\\\/\\\/algarve7.pt\\\/?s={search_term_string}\"},\"query-input\":{\"@type\":\"PropertyValueSpecification\",\"valueRequired\":true,\"valueName\":\"search_term_string\"}}],\"inLanguage\":\"pt-PT\"},{\"@type\":\"Organization\",\"@id\":\"https:\\\/\\\/algarve7.pt\\\/#organization\",\"name\":\"Algarve 7\",\"url\":\"https:\\\/\\\/algarve7.pt\\\/\",\"logo\":{\"@type\":\"ImageObject\",\"inLanguage\":\"pt-PT\",\"@id\":\"https:\\\/\\\/algarve7.pt\\\/#\\\/schema\\\/logo\\\/image\\\/\",\"url\":\"https:\\\/\\\/algarve7.pt\\\/wp-content\\\/uploads\\\/2020\\\/10\\\/Logo-8.jpg\",\"contentUrl\":\"https:\\\/\\\/algarve7.pt\\\/wp-content\\\/uploads\\\/2020\\\/10\\\/Logo-8.jpg\",\"width\":1680,\"height\":1186,\"caption\":\"Algarve 7\"},\"image\":{\"@id\":\"https:\\\/\\\/algarve7.pt\\\/#\\\/schema\\\/logo\\\/image\\\/\"},\"sameAs\":[\"https:\\\/\\\/www.facebook.com\\\/algarve7\",\"https:\\\/\\\/x.com\\\/Algarvesete\",\"https:\\\/\\\/www.instagram.com\\\/jornalalgarve7\\\/\",\"https:\\\/\\\/www.linkedin.com\\\/company\\\/algarve7\",\"https:\\\/\\\/www.pinterest.pt\\\/geral0939\\\/_created\\\/\"]},{\"@type\":\"Person\",\"@id\":\"https:\\\/\\\/algarve7.pt\\\/#\\\/schema\\\/person\\\/23fa70681308e7b319a3204bcea45e0c\",\"name\":\"Algarve 7\",\"sameAs\":[\"https:\\\/\\\/algarve7.pt\",\"https:\\\/\\\/www.facebook.com\\\/algarve7\"],\"url\":\"https:\\\/\\\/algarve7.pt\\\/index.php\\\/author\\\/geralalgarve7-pt\\\/\"}]}<\/script>\n<!-- \/ Yoast SEO plugin. -->","yoast_head_json":{"title":"Decore um inqu\u00e9rito aos mun\u00edcipes de Vila do Bispo sobre Turismo - Algarve 7","description":"Decore um inqu\u00e9rito aos mun\u00edcipes de Vila do Bispo sobre Turismo Turismo","robots":{"index":"index","follow":"follow","max-snippet":"max-snippet:-1","max-image-preview":"max-image-preview:large","max-video-preview":"max-video-preview:-1"},"canonical":"https:\/\/algarve7.pt\/index.php\/2023\/09\/decore-um-inquerito-aos-municipes-de-vila-do-bispo-sobre-turismo\/turismo\/14\/07\/","og_locale":"pt_PT","og_type":"article","og_title":"Decore um inqu\u00e9rito aos mun\u00edcipes de Vila do Bispo sobre Turismo - Algarve 7","og_description":"Decore um inqu\u00e9rito aos mun\u00edcipes de Vila do Bispo sobre Turismo Turismo","og_url":"https:\/\/algarve7.pt\/index.php\/2023\/09\/decore-um-inquerito-aos-municipes-de-vila-do-bispo-sobre-turismo\/turismo\/14\/07\/","og_site_name":"Algarve 7","article_publisher":"https:\/\/www.facebook.com\/algarve7","article_author":"https:\/\/www.facebook.com\/algarve7","article_published_time":"2023-09-12T13:07:48+00:00","article_modified_time":"2023-09-12T13:08:49+00:00","og_image":[{"width":1000,"height":881,"url":"https:\/\/algarve7.pt\/wp-content\/uploads\/2023\/09\/374524797_627859972862849_6391952656697736042_n.jpg","type":"image\/jpeg"}],"author":"Algarve 7","twitter_card":"summary_large_image","twitter_creator":"@Algarvesete","twitter_site":"@Algarvesete","twitter_misc":{"Escrito por":"Algarve 7","Tempo estimado de leitura":"1 minuto"},"schema":{"@context":"https:\/\/schema.org","@graph":[{"@type":"Article","@id":"https:\/\/algarve7.pt\/index.php\/2023\/09\/decore-um-inquerito-aos-municipes-de-vila-do-bispo-sobre-turismo\/turismo\/14\/07\/#article","isPartOf":{"@id":"https:\/\/algarve7.pt\/index.php\/2023\/09\/decore-um-inquerito-aos-municipes-de-vila-do-bispo-sobre-turismo\/turismo\/14\/07\/"},"author":{"name":"Algarve 7","@id":"https:\/\/algarve7.pt\/#\/schema\/person\/23fa70681308e7b319a3204bcea45e0c"},"headline":"Decore um inqu\u00e9rito aos mun\u00edcipes de Vila do Bispo sobre Turismo","datePublished":"2023-09-12T13:07:48+00:00","dateModified":"2023-09-12T13:08:49+00:00","mainEntityOfPage":{"@id":"https:\/\/algarve7.pt\/index.php\/2023\/09\/decore-um-inquerito-aos-municipes-de-vila-do-bispo-sobre-turismo\/turismo\/14\/07\/"},"wordCount":226,"publisher":{"@id":"https:\/\/algarve7.pt\/#organization"},"image":{"@id":"https:\/\/algarve7.pt\/index.php\/2023\/09\/decore-um-inquerito-aos-municipes-de-vila-do-bispo-sobre-turismo\/turismo\/14\/07\/#primaryimage"},"thumbnailUrl":"https:\/\/algarve7.pt\/wp-content\/uploads\/2023\/09\/374524797_627859972862849_6391952656697736042_n.jpg","keywords":["Algarve","Turismo","Vila do Bispo"],"articleSection":["Turismo"],"inLanguage":"pt-PT"},{"@type":"WebPage","@id":"https:\/\/algarve7.pt\/index.php\/2023\/09\/decore-um-inquerito-aos-municipes-de-vila-do-bispo-sobre-turismo\/turismo\/14\/07\/","url":"https:\/\/algarve7.pt\/index.php\/2023\/09\/decore-um-inquerito-aos-municipes-de-vila-do-bispo-sobre-turismo\/turismo\/14\/07\/","name":"Decore um inqu\u00e9rito aos mun\u00edcipes de Vila do Bispo sobre Turismo - Algarve 7","isPartOf":{"@id":"https:\/\/algarve7.pt\/#website"},"primaryImageOfPage":{"@id":"https:\/\/algarve7.pt\/index.php\/2023\/09\/decore-um-inquerito-aos-municipes-de-vila-do-bispo-sobre-turismo\/turismo\/14\/07\/#primaryimage"},"image":{"@id":"https:\/\/algarve7.pt\/index.php\/2023\/09\/decore-um-inquerito-aos-municipes-de-vila-do-bispo-sobre-turismo\/turismo\/14\/07\/#primaryimage"},"thumbnailUrl":"https:\/\/algarve7.pt\/wp-content\/uploads\/2023\/09\/374524797_627859972862849_6391952656697736042_n.jpg","datePublished":"2023-09-12T13:07:48+00:00","dateModified":"2023-09-12T13:08:49+00:00","description":"Decore um inqu\u00e9rito aos mun\u00edcipes de Vila do Bispo sobre Turismo Turismo","breadcrumb":{"@id":"https:\/\/algarve7.pt\/index.php\/2023\/09\/decore-um-inquerito-aos-municipes-de-vila-do-bispo-sobre-turismo\/turismo\/14\/07\/#breadcrumb"},"inLanguage":"pt-PT","potentialAction":[{"@type":"ReadAction","target":["https:\/\/algarve7.pt\/index.php\/2023\/09\/decore-um-inquerito-aos-municipes-de-vila-do-bispo-sobre-turismo\/turismo\/14\/07\/"]}]},{"@type":"ImageObject","inLanguage":"pt-PT","@id":"https:\/\/algarve7.pt\/index.php\/2023\/09\/decore-um-inquerito-aos-municipes-de-vila-do-bispo-sobre-turismo\/turismo\/14\/07\/#primaryimage","url":"https:\/\/algarve7.pt\/wp-content\/uploads\/2023\/09\/374524797_627859972862849_6391952656697736042_n.jpg","contentUrl":"https:\/\/algarve7.pt\/wp-content\/uploads\/2023\/09\/374524797_627859972862849_6391952656697736042_n.jpg","width":1000,"height":881},{"@type":"BreadcrumbList","@id":"https:\/\/algarve7.pt\/index.php\/2023\/09\/decore-um-inquerito-aos-municipes-de-vila-do-bispo-sobre-turismo\/turismo\/14\/07\/#breadcrumb","itemListElement":[{"@type":"ListItem","position":1,"name":"In\u00edcio","item":"https:\/\/algarve7.pt\/"},{"@type":"ListItem","position":2,"name":"Decore um inqu\u00e9rito aos mun\u00edcipes de Vila do Bispo sobre Turismo"}]},{"@type":"WebSite","@id":"https:\/\/algarve7.pt\/#website","url":"https:\/\/algarve7.pt\/","name":"Algarve 7","description":"Informa\u00e7\u00e3o sobre o Algarve","publisher":{"@id":"https:\/\/algarve7.pt\/#organization"},"potentialAction":[{"@type":"SearchAction","target":{"@type":"EntryPoint","urlTemplate":"https:\/\/algarve7.pt\/?s={search_term_string}"},"query-input":{"@type":"PropertyValueSpecification","valueRequired":true,"valueName":"search_term_string"}}],"inLanguage":"pt-PT"},{"@type":"Organization","@id":"https:\/\/algarve7.pt\/#organization","name":"Algarve 7","url":"https:\/\/algarve7.pt\/","logo":{"@type":"ImageObject","inLanguage":"pt-PT","@id":"https:\/\/algarve7.pt\/#\/schema\/logo\/image\/","url":"https:\/\/algarve7.pt\/wp-content\/uploads\/2020\/10\/Logo-8.jpg","contentUrl":"https:\/\/algarve7.pt\/wp-content\/uploads\/2020\/10\/Logo-8.jpg","width":1680,"height":1186,"caption":"Algarve 7"},"image":{"@id":"https:\/\/algarve7.pt\/#\/schema\/logo\/image\/"},"sameAs":["https:\/\/www.facebook.com\/algarve7","https:\/\/x.com\/Algarvesete","https:\/\/www.instagram.com\/jornalalgarve7\/","https:\/\/www.linkedin.com\/company\/algarve7","https:\/\/www.pinterest.pt\/geral0939\/_created\/"]},{"@type":"Person","@id":"https:\/\/algarve7.pt\/#\/schema\/person\/23fa70681308e7b319a3204bcea45e0c","name":"Algarve 7","sameAs":["https:\/\/algarve7.pt","https:\/\/www.facebook.com\/algarve7"],"url":"https:\/\/algarve7.pt\/index.php\/author\/geralalgarve7-pt\/"}]}},"jetpack_publicize_connections":[],"jetpack_featured_media_url":"https:\/\/algarve7.pt\/wp-content\/uploads\/2023\/09\/374524797_627859972862849_6391952656697736042_n.jpg","jetpack_shortlink":"https:\/\/wp.me\/pcezmW-80p","jetpack_sharing_enabled":true,"_links":{"self":[{"href":"https:\/\/algarve7.pt\/index.php\/wp-json\/wp\/v2\/posts\/30777","targetHints":{"allow":["GET"]}}],"collection":[{"href":"https:\/\/algarve7.pt\/index.php\/wp-json\/wp\/v2\/posts"}],"about":[{"href":"https:\/\/algarve7.pt\/index.php\/wp-json\/wp\/v2\/types\/post"}],"author":[{"embeddable":true,"href":"https:\/\/algarve7.pt\/index.php\/wp-json\/wp\/v2\/users\/1"}],"replies":[{"embeddable":true,"href":"https:\/\/algarve7.pt\/index.php\/wp-json\/wp\/v2\/comments?post=30777"}],"version-history":[{"count":0,"href":"https:\/\/algarve7.pt\/index.php\/wp-json\/wp\/v2\/posts\/30777\/revisions"}],"wp:featuredmedia":[{"embeddable":true,"href":"https:\/\/algarve7.pt\/index.php\/wp-json\/wp\/v2\/media\/30778"}],"wp:attachment":[{"href":"https:\/\/algarve7.pt\/index.php\/wp-json\/wp\/v2\/media?parent=30777"}],"wp:term":[{"taxonomy":"category","embeddable":true,"href":"https:\/\/algarve7.pt\/index.php\/wp-json\/wp\/v2\/categories?post=30777"},{"taxonomy":"post_tag","embeddable":true,"href":"https:\/\/algarve7.pt\/index.php\/wp-json\/wp\/v2\/tags?post=30777"}],"curies":[{"name":"wp","href":"https:\/\/api.w.org\/{rel}","templated":true}]}}