{"id":30771,"date":"2023-09-12T12:47:44","date_gmt":"2023-09-12T11:47:44","guid":{"rendered":"https:\/\/algarve7.pt\/?p=30771"},"modified":"2023-09-12T12:47:46","modified_gmt":"2023-09-12T11:47:46","slug":"silves-assinala-world-wellness-weekend","status":"publish","type":"post","link":"https:\/\/algarve7.pt\/index.php\/2023\/09\/silves-assinala-world-wellness-weekend\/desporto\/12\/47\/","title":{"rendered":"Silves assinala world wellness weekend"},"content":{"rendered":"\n<p>O Munic\u00edpio de Silves ir\u00e1 assinalar o World Wellness Weekend, entre 14 e 16 de setembro, no Complexo das Piscinas Municipais de Silves e Praia dos Pescadores.<\/p>\n\n\n\n<p>O fim de semana da sa\u00fade e bem-estar, tem um programa com atividades inclusivas para desfrutar com amigos e familiares: aulas de ioga, pilates, pilates cl\u00ednico, stretching e ioga kids.<\/p>\n\n\n\n<p>As inscri\u00e7\u00f5es poder\u00e3o ser feitas online (link ficha de inscri\u00e7\u00e3o), at\u00e9 ao dia 16 de setembro, ou na rece\u00e7\u00e3o do Complexo das Piscinas Municipais de Silves ou atrav\u00e9s do telefone 282 440 270 ou email desporto@cm-silves.pt<\/p>\n\n\n\n<p>Encontre a sua atividade preferida e mantenha o ritmo para uma vida mais saud\u00e1vel.<\/p>\n\n\n\n<p>Conhe\u00e7a o programa:<\/p>\n\n\n\n<p>14 setembro | CPMS &#8211; Silves<\/p>\n\n\n\n<p>\u00bb Pilates Clinico \u00bb 07h30 &#8211; 08h20<\/p>\n\n\n\n<p>\u00bb Stretching \u00bb 09h00 &#8211; 09h45<\/p>\n\n\n\n<p>15 setembro | CPMS- Silves<\/p>\n\n\n\n<p>\u00bb Pilates \u00bb 17h30 &#8211; 18h30<\/p>\n\n\n\n<p>16 setembro | Praia dos Pescadores &#8211; Arma\u00e7\u00e3o de P\u00eara<\/p>\n\n\n\n<p>\u00bb Yoga Kids \u00bb 09h00 &#8211; 09h40<\/p>\n\n\n\n<p>\u00bb Yoga \u00bb 10h00 &#8211; 11h00<\/p>\n\n\n\n<p>\u00bb Pilates \u00bb 11h00 &#8211; 12h00<\/p>\n","protected":false},"excerpt":{"rendered":"<p>O Munic\u00edpio de Silves ir\u00e1 assinalar o World Wellness Weekend, entre 14 e 16 de setembro, no Complexo das Piscinas<\/p>\n","protected":false},"author":1,"featured_media":30772,"comment_status":"closed","ping_status":"open","sticky":false,"template":"","format":"standard","meta":{"colormag_page_container_layout":"default_layout","colormag_page_sidebar_layout":"default_layout","_monsterinsights_skip_tracking":false,"_monsterinsights_sitenote_active":false,"_monsterinsights_sitenote_note":"","_monsterinsights_sitenote_category":0,"jetpack_post_was_ever_published":false,"_jetpack_newsletter_access":"","_jetpack_dont_email_post_to_subs":false,"_jetpack_newsletter_tier_id":0,"_jetpack_memberships_contains_paywalled_content":false,"_jetpack_memberships_contains_paid_content":false,"footnotes":"","jetpack_publicize_message":"","jetpack_publicize_feature_enabled":true,"jetpack_social_post_already_shared":true,"jetpack_social_options":{"image_generator_settings":{"template":"highway","default_image_id":0,"font":"","enabled":false},"version":2}},"categories":[15],"tags":[36,40,42],"class_list":["post-30771","post","type-post","status-publish","format-standard","has-post-thumbnail","hentry","category-desporto","tag-algarve","tag-desporto","tag-silves"],"yoast_head":"<!-- This site is optimized with the Yoast SEO plugin v27.4 - https:\/\/yoast.com\/product\/yoast-seo-wordpress\/ -->\n<title>Silves assinala world wellness weekend - Algarve 7<\/title>\n<meta name=\"description\" content=\"Silves assinala world wellness weekend Desporto\" \/>\n<meta name=\"robots\" content=\"index, follow, max-snippet:-1, max-image-preview:large, max-video-preview:-1\" \/>\n<link rel=\"canonical\" href=\"https:\/\/algarve7.pt\/index.php\/2023\/09\/silves-assinala-world-wellness-weekend\/desporto\/12\/47\/\" \/>\n<meta property=\"og:locale\" content=\"pt_PT\" \/>\n<meta property=\"og:type\" content=\"article\" \/>\n<meta property=\"og:title\" content=\"Silves assinala world wellness weekend - Algarve 7\" \/>\n<meta property=\"og:description\" content=\"Silves assinala world wellness weekend Desporto\" \/>\n<meta property=\"og:url\" content=\"https:\/\/algarve7.pt\/index.php\/2023\/09\/silves-assinala-world-wellness-weekend\/desporto\/12\/47\/\" \/>\n<meta property=\"og:site_name\" content=\"Algarve 7\" \/>\n<meta property=\"article:publisher\" content=\"https:\/\/www.facebook.com\/algarve7\" \/>\n<meta property=\"article:author\" content=\"https:\/\/www.facebook.com\/algarve7\" \/>\n<meta property=\"article:published_time\" content=\"2023-09-12T11:47:44+00:00\" \/>\n<meta property=\"article:modified_time\" content=\"2023-09-12T11:47:46+00:00\" \/>\n<meta property=\"og:image\" content=\"https:\/\/algarve7.pt\/wp-content\/uploads\/2023\/09\/NOTICIA_7word-wellness-weekend.jpg\" \/>\n\t<meta property=\"og:image:width\" content=\"1024\" \/>\n\t<meta property=\"og:image:height\" content=\"496\" \/>\n\t<meta property=\"og:image:type\" content=\"image\/jpeg\" \/>\n<meta name=\"author\" content=\"Algarve 7\" \/>\n<meta name=\"twitter:card\" content=\"summary_large_image\" \/>\n<meta name=\"twitter:creator\" content=\"@Algarvesete\" \/>\n<meta name=\"twitter:site\" content=\"@Algarvesete\" \/>\n<meta name=\"twitter:label1\" content=\"Escrito por\" \/>\n\t<meta name=\"twitter:data1\" content=\"Algarve 7\" \/>\n\t<meta name=\"twitter:label2\" content=\"Tempo estimado de leitura\" \/>\n\t<meta name=\"twitter:data2\" content=\"1 minuto\" \/>\n<script type=\"application\/ld+json\" class=\"yoast-schema-graph\">{\"@context\":\"https:\\\/\\\/schema.org\",\"@graph\":[{\"@type\":\"Article\",\"@id\":\"https:\\\/\\\/algarve7.pt\\\/index.php\\\/2023\\\/09\\\/silves-assinala-world-wellness-weekend\\\/desporto\\\/12\\\/47\\\/#article\",\"isPartOf\":{\"@id\":\"https:\\\/\\\/algarve7.pt\\\/index.php\\\/2023\\\/09\\\/silves-assinala-world-wellness-weekend\\\/desporto\\\/12\\\/47\\\/\"},\"author\":{\"name\":\"Algarve 7\",\"@id\":\"https:\\\/\\\/algarve7.pt\\\/#\\\/schema\\\/person\\\/23fa70681308e7b319a3204bcea45e0c\"},\"headline\":\"Silves assinala world wellness weekend\",\"datePublished\":\"2023-09-12T11:47:44+00:00\",\"dateModified\":\"2023-09-12T11:47:46+00:00\",\"mainEntityOfPage\":{\"@id\":\"https:\\\/\\\/algarve7.pt\\\/index.php\\\/2023\\\/09\\\/silves-assinala-world-wellness-weekend\\\/desporto\\\/12\\\/47\\\/\"},\"wordCount\":164,\"publisher\":{\"@id\":\"https:\\\/\\\/algarve7.pt\\\/#organization\"},\"image\":{\"@id\":\"https:\\\/\\\/algarve7.pt\\\/index.php\\\/2023\\\/09\\\/silves-assinala-world-wellness-weekend\\\/desporto\\\/12\\\/47\\\/#primaryimage\"},\"thumbnailUrl\":\"https:\\\/\\\/algarve7.pt\\\/wp-content\\\/uploads\\\/2023\\\/09\\\/NOTICIA_7word-wellness-weekend.jpg\",\"keywords\":[\"Algarve\",\"Desporto\",\"Silves\"],\"articleSection\":[\"Desporto\"],\"inLanguage\":\"pt-PT\"},{\"@type\":\"WebPage\",\"@id\":\"https:\\\/\\\/algarve7.pt\\\/index.php\\\/2023\\\/09\\\/silves-assinala-world-wellness-weekend\\\/desporto\\\/12\\\/47\\\/\",\"url\":\"https:\\\/\\\/algarve7.pt\\\/index.php\\\/2023\\\/09\\\/silves-assinala-world-wellness-weekend\\\/desporto\\\/12\\\/47\\\/\",\"name\":\"Silves assinala world wellness weekend - Algarve 7\",\"isPartOf\":{\"@id\":\"https:\\\/\\\/algarve7.pt\\\/#website\"},\"primaryImageOfPage\":{\"@id\":\"https:\\\/\\\/algarve7.pt\\\/index.php\\\/2023\\\/09\\\/silves-assinala-world-wellness-weekend\\\/desporto\\\/12\\\/47\\\/#primaryimage\"},\"image\":{\"@id\":\"https:\\\/\\\/algarve7.pt\\\/index.php\\\/2023\\\/09\\\/silves-assinala-world-wellness-weekend\\\/desporto\\\/12\\\/47\\\/#primaryimage\"},\"thumbnailUrl\":\"https:\\\/\\\/algarve7.pt\\\/wp-content\\\/uploads\\\/2023\\\/09\\\/NOTICIA_7word-wellness-weekend.jpg\",\"datePublished\":\"2023-09-12T11:47:44+00:00\",\"dateModified\":\"2023-09-12T11:47:46+00:00\",\"description\":\"Silves assinala world wellness weekend Desporto\",\"breadcrumb\":{\"@id\":\"https:\\\/\\\/algarve7.pt\\\/index.php\\\/2023\\\/09\\\/silves-assinala-world-wellness-weekend\\\/desporto\\\/12\\\/47\\\/#breadcrumb\"},\"inLanguage\":\"pt-PT\",\"potentialAction\":[{\"@type\":\"ReadAction\",\"target\":[\"https:\\\/\\\/algarve7.pt\\\/index.php\\\/2023\\\/09\\\/silves-assinala-world-wellness-weekend\\\/desporto\\\/12\\\/47\\\/\"]}]},{\"@type\":\"ImageObject\",\"inLanguage\":\"pt-PT\",\"@id\":\"https:\\\/\\\/algarve7.pt\\\/index.php\\\/2023\\\/09\\\/silves-assinala-world-wellness-weekend\\\/desporto\\\/12\\\/47\\\/#primaryimage\",\"url\":\"https:\\\/\\\/algarve7.pt\\\/wp-content\\\/uploads\\\/2023\\\/09\\\/NOTICIA_7word-wellness-weekend.jpg\",\"contentUrl\":\"https:\\\/\\\/algarve7.pt\\\/wp-content\\\/uploads\\\/2023\\\/09\\\/NOTICIA_7word-wellness-weekend.jpg\",\"width\":1024,\"height\":496},{\"@type\":\"BreadcrumbList\",\"@id\":\"https:\\\/\\\/algarve7.pt\\\/index.php\\\/2023\\\/09\\\/silves-assinala-world-wellness-weekend\\\/desporto\\\/12\\\/47\\\/#breadcrumb\",\"itemListElement\":[{\"@type\":\"ListItem\",\"position\":1,\"name\":\"In\u00edcio\",\"item\":\"https:\\\/\\\/algarve7.pt\\\/\"},{\"@type\":\"ListItem\",\"position\":2,\"name\":\"Silves assinala world wellness weekend\"}]},{\"@type\":\"WebSite\",\"@id\":\"https:\\\/\\\/algarve7.pt\\\/#website\",\"url\":\"https:\\\/\\\/algarve7.pt\\\/\",\"name\":\"Algarve 7\",\"description\":\"Informa\u00e7\u00e3o sobre o Algarve\",\"publisher\":{\"@id\":\"https:\\\/\\\/algarve7.pt\\\/#organization\"},\"potentialAction\":[{\"@type\":\"SearchAction\",\"target\":{\"@type\":\"EntryPoint\",\"urlTemplate\":\"https:\\\/\\\/algarve7.pt\\\/?s={search_term_string}\"},\"query-input\":{\"@type\":\"PropertyValueSpecification\",\"valueRequired\":true,\"valueName\":\"search_term_string\"}}],\"inLanguage\":\"pt-PT\"},{\"@type\":\"Organization\",\"@id\":\"https:\\\/\\\/algarve7.pt\\\/#organization\",\"name\":\"Algarve 7\",\"url\":\"https:\\\/\\\/algarve7.pt\\\/\",\"logo\":{\"@type\":\"ImageObject\",\"inLanguage\":\"pt-PT\",\"@id\":\"https:\\\/\\\/algarve7.pt\\\/#\\\/schema\\\/logo\\\/image\\\/\",\"url\":\"https:\\\/\\\/algarve7.pt\\\/wp-content\\\/uploads\\\/2020\\\/10\\\/Logo-8.jpg\",\"contentUrl\":\"https:\\\/\\\/algarve7.pt\\\/wp-content\\\/uploads\\\/2020\\\/10\\\/Logo-8.jpg\",\"width\":1680,\"height\":1186,\"caption\":\"Algarve 7\"},\"image\":{\"@id\":\"https:\\\/\\\/algarve7.pt\\\/#\\\/schema\\\/logo\\\/image\\\/\"},\"sameAs\":[\"https:\\\/\\\/www.facebook.com\\\/algarve7\",\"https:\\\/\\\/x.com\\\/Algarvesete\",\"https:\\\/\\\/www.instagram.com\\\/jornalalgarve7\\\/\",\"https:\\\/\\\/www.linkedin.com\\\/company\\\/algarve7\",\"https:\\\/\\\/www.pinterest.pt\\\/geral0939\\\/_created\\\/\"]},{\"@type\":\"Person\",\"@id\":\"https:\\\/\\\/algarve7.pt\\\/#\\\/schema\\\/person\\\/23fa70681308e7b319a3204bcea45e0c\",\"name\":\"Algarve 7\",\"sameAs\":[\"https:\\\/\\\/algarve7.pt\",\"https:\\\/\\\/www.facebook.com\\\/algarve7\"],\"url\":\"https:\\\/\\\/algarve7.pt\\\/index.php\\\/author\\\/geralalgarve7-pt\\\/\"}]}<\/script>\n<!-- \/ Yoast SEO plugin. -->","yoast_head_json":{"title":"Silves assinala world wellness weekend - Algarve 7","description":"Silves assinala world wellness weekend Desporto","robots":{"index":"index","follow":"follow","max-snippet":"max-snippet:-1","max-image-preview":"max-image-preview:large","max-video-preview":"max-video-preview:-1"},"canonical":"https:\/\/algarve7.pt\/index.php\/2023\/09\/silves-assinala-world-wellness-weekend\/desporto\/12\/47\/","og_locale":"pt_PT","og_type":"article","og_title":"Silves assinala world wellness weekend - Algarve 7","og_description":"Silves assinala world wellness weekend Desporto","og_url":"https:\/\/algarve7.pt\/index.php\/2023\/09\/silves-assinala-world-wellness-weekend\/desporto\/12\/47\/","og_site_name":"Algarve 7","article_publisher":"https:\/\/www.facebook.com\/algarve7","article_author":"https:\/\/www.facebook.com\/algarve7","article_published_time":"2023-09-12T11:47:44+00:00","article_modified_time":"2023-09-12T11:47:46+00:00","og_image":[{"width":1024,"height":496,"url":"https:\/\/algarve7.pt\/wp-content\/uploads\/2023\/09\/NOTICIA_7word-wellness-weekend.jpg","type":"image\/jpeg"}],"author":"Algarve 7","twitter_card":"summary_large_image","twitter_creator":"@Algarvesete","twitter_site":"@Algarvesete","twitter_misc":{"Escrito por":"Algarve 7","Tempo estimado de leitura":"1 minuto"},"schema":{"@context":"https:\/\/schema.org","@graph":[{"@type":"Article","@id":"https:\/\/algarve7.pt\/index.php\/2023\/09\/silves-assinala-world-wellness-weekend\/desporto\/12\/47\/#article","isPartOf":{"@id":"https:\/\/algarve7.pt\/index.php\/2023\/09\/silves-assinala-world-wellness-weekend\/desporto\/12\/47\/"},"author":{"name":"Algarve 7","@id":"https:\/\/algarve7.pt\/#\/schema\/person\/23fa70681308e7b319a3204bcea45e0c"},"headline":"Silves assinala world wellness weekend","datePublished":"2023-09-12T11:47:44+00:00","dateModified":"2023-09-12T11:47:46+00:00","mainEntityOfPage":{"@id":"https:\/\/algarve7.pt\/index.php\/2023\/09\/silves-assinala-world-wellness-weekend\/desporto\/12\/47\/"},"wordCount":164,"publisher":{"@id":"https:\/\/algarve7.pt\/#organization"},"image":{"@id":"https:\/\/algarve7.pt\/index.php\/2023\/09\/silves-assinala-world-wellness-weekend\/desporto\/12\/47\/#primaryimage"},"thumbnailUrl":"https:\/\/algarve7.pt\/wp-content\/uploads\/2023\/09\/NOTICIA_7word-wellness-weekend.jpg","keywords":["Algarve","Desporto","Silves"],"articleSection":["Desporto"],"inLanguage":"pt-PT"},{"@type":"WebPage","@id":"https:\/\/algarve7.pt\/index.php\/2023\/09\/silves-assinala-world-wellness-weekend\/desporto\/12\/47\/","url":"https:\/\/algarve7.pt\/index.php\/2023\/09\/silves-assinala-world-wellness-weekend\/desporto\/12\/47\/","name":"Silves assinala world wellness weekend - Algarve 7","isPartOf":{"@id":"https:\/\/algarve7.pt\/#website"},"primaryImageOfPage":{"@id":"https:\/\/algarve7.pt\/index.php\/2023\/09\/silves-assinala-world-wellness-weekend\/desporto\/12\/47\/#primaryimage"},"image":{"@id":"https:\/\/algarve7.pt\/index.php\/2023\/09\/silves-assinala-world-wellness-weekend\/desporto\/12\/47\/#primaryimage"},"thumbnailUrl":"https:\/\/algarve7.pt\/wp-content\/uploads\/2023\/09\/NOTICIA_7word-wellness-weekend.jpg","datePublished":"2023-09-12T11:47:44+00:00","dateModified":"2023-09-12T11:47:46+00:00","description":"Silves assinala world wellness weekend Desporto","breadcrumb":{"@id":"https:\/\/algarve7.pt\/index.php\/2023\/09\/silves-assinala-world-wellness-weekend\/desporto\/12\/47\/#breadcrumb"},"inLanguage":"pt-PT","potentialAction":[{"@type":"ReadAction","target":["https:\/\/algarve7.pt\/index.php\/2023\/09\/silves-assinala-world-wellness-weekend\/desporto\/12\/47\/"]}]},{"@type":"ImageObject","inLanguage":"pt-PT","@id":"https:\/\/algarve7.pt\/index.php\/2023\/09\/silves-assinala-world-wellness-weekend\/desporto\/12\/47\/#primaryimage","url":"https:\/\/algarve7.pt\/wp-content\/uploads\/2023\/09\/NOTICIA_7word-wellness-weekend.jpg","contentUrl":"https:\/\/algarve7.pt\/wp-content\/uploads\/2023\/09\/NOTICIA_7word-wellness-weekend.jpg","width":1024,"height":496},{"@type":"BreadcrumbList","@id":"https:\/\/algarve7.pt\/index.php\/2023\/09\/silves-assinala-world-wellness-weekend\/desporto\/12\/47\/#breadcrumb","itemListElement":[{"@type":"ListItem","position":1,"name":"In\u00edcio","item":"https:\/\/algarve7.pt\/"},{"@type":"ListItem","position":2,"name":"Silves assinala world wellness weekend"}]},{"@type":"WebSite","@id":"https:\/\/algarve7.pt\/#website","url":"https:\/\/algarve7.pt\/","name":"Algarve 7","description":"Informa\u00e7\u00e3o sobre o Algarve","publisher":{"@id":"https:\/\/algarve7.pt\/#organization"},"potentialAction":[{"@type":"SearchAction","target":{"@type":"EntryPoint","urlTemplate":"https:\/\/algarve7.pt\/?s={search_term_string}"},"query-input":{"@type":"PropertyValueSpecification","valueRequired":true,"valueName":"search_term_string"}}],"inLanguage":"pt-PT"},{"@type":"Organization","@id":"https:\/\/algarve7.pt\/#organization","name":"Algarve 7","url":"https:\/\/algarve7.pt\/","logo":{"@type":"ImageObject","inLanguage":"pt-PT","@id":"https:\/\/algarve7.pt\/#\/schema\/logo\/image\/","url":"https:\/\/algarve7.pt\/wp-content\/uploads\/2020\/10\/Logo-8.jpg","contentUrl":"https:\/\/algarve7.pt\/wp-content\/uploads\/2020\/10\/Logo-8.jpg","width":1680,"height":1186,"caption":"Algarve 7"},"image":{"@id":"https:\/\/algarve7.pt\/#\/schema\/logo\/image\/"},"sameAs":["https:\/\/www.facebook.com\/algarve7","https:\/\/x.com\/Algarvesete","https:\/\/www.instagram.com\/jornalalgarve7\/","https:\/\/www.linkedin.com\/company\/algarve7","https:\/\/www.pinterest.pt\/geral0939\/_created\/"]},{"@type":"Person","@id":"https:\/\/algarve7.pt\/#\/schema\/person\/23fa70681308e7b319a3204bcea45e0c","name":"Algarve 7","sameAs":["https:\/\/algarve7.pt","https:\/\/www.facebook.com\/algarve7"],"url":"https:\/\/algarve7.pt\/index.php\/author\/geralalgarve7-pt\/"}]}},"jetpack_publicize_connections":[],"jetpack_featured_media_url":"https:\/\/algarve7.pt\/wp-content\/uploads\/2023\/09\/NOTICIA_7word-wellness-weekend.jpg","jetpack_shortlink":"https:\/\/wp.me\/pcezmW-80j","jetpack_sharing_enabled":true,"_links":{"self":[{"href":"https:\/\/algarve7.pt\/index.php\/wp-json\/wp\/v2\/posts\/30771","targetHints":{"allow":["GET"]}}],"collection":[{"href":"https:\/\/algarve7.pt\/index.php\/wp-json\/wp\/v2\/posts"}],"about":[{"href":"https:\/\/algarve7.pt\/index.php\/wp-json\/wp\/v2\/types\/post"}],"author":[{"embeddable":true,"href":"https:\/\/algarve7.pt\/index.php\/wp-json\/wp\/v2\/users\/1"}],"replies":[{"embeddable":true,"href":"https:\/\/algarve7.pt\/index.php\/wp-json\/wp\/v2\/comments?post=30771"}],"version-history":[{"count":0,"href":"https:\/\/algarve7.pt\/index.php\/wp-json\/wp\/v2\/posts\/30771\/revisions"}],"wp:featuredmedia":[{"embeddable":true,"href":"https:\/\/algarve7.pt\/index.php\/wp-json\/wp\/v2\/media\/30772"}],"wp:attachment":[{"href":"https:\/\/algarve7.pt\/index.php\/wp-json\/wp\/v2\/media?parent=30771"}],"wp:term":[{"taxonomy":"category","embeddable":true,"href":"https:\/\/algarve7.pt\/index.php\/wp-json\/wp\/v2\/categories?post=30771"},{"taxonomy":"post_tag","embeddable":true,"href":"https:\/\/algarve7.pt\/index.php\/wp-json\/wp\/v2\/tags?post=30771"}],"curies":[{"name":"wp","href":"https:\/\/api.w.org\/{rel}","templated":true}]}}