{"id":30753,"date":"2023-09-11T15:11:11","date_gmt":"2023-09-11T14:11:11","guid":{"rendered":"https:\/\/algarve7.pt\/?p=30753"},"modified":"2023-09-11T15:11:15","modified_gmt":"2023-09-11T14:11:15","slug":"setembro-amarelo-loule-assinala-mes-da-prevencao-do-suicidio","status":"publish","type":"post","link":"https:\/\/algarve7.pt\/index.php\/2023\/09\/setembro-amarelo-loule-assinala-mes-da-prevencao-do-suicidio\/atualidade\/15\/11\/","title":{"rendered":"\u201csetembro amarelo\u201d: Loul\u00e9 assinala m\u00eas da preven\u00e7\u00e2o do suic\u00eddio"},"content":{"rendered":"\n<p>A a\u00e7\u00e3o de sensibiliza\u00e7\u00e3o \u201cAgarra a tua vida!\u201d, que acontece esta quarta-feira, 13 de setembro, pelas 18h00, na Biblioteca Municipal de Loul\u00e9, \u00e9 uma das iniciativas que a C\u00e2mara Municipal de Loul\u00e9 ir\u00e1 promover no \u00e2mbito do \u201cSetembro Amarelo\u201d, o M\u00eas de Preven\u00e7\u00e3o do Suic\u00eddio,<\/p>\n\n\n\n<p>Na sess\u00e3o participam Alberto Guerreiro (psic\u00f3logo), Lu\u00eds Ramos (m\u00e9dico psiquiatra), Filipa Gomes Tavares (m\u00e9dica interna de psiquiatria), Rosa Veloso (jornalista e professora) e Viviane (cantora). Aberta ao p\u00fablico em geral, pretende-se, deste modo, sensibilizar toda a comunidade para a preven\u00e7\u00e3o do suic\u00eddio. A entrada \u00e9 livre.<\/p>\n\n\n\n<p>Outra das iniciativas para este m\u00eas \u00e9 a ilumina\u00e7\u00e3o do edif\u00edcio dos Pa\u00e7os do Concelho com luzes amarelas, a cor associada a esta efem\u00e9ride.<\/p>\n\n\n\n<p>\u201cSetembro Amarelo\u201d \u00e9 promovido a n\u00edvel mundial pela Organiza\u00e7\u00e3o Mundial da Sa\u00fade e Associa\u00e7\u00e3o Internacional de Preven\u00e7\u00e3o do Suic\u00eddio, e tem o apoio, em Portugal, da Coordena\u00e7\u00e3o Nacional de Politicas de Sa\u00fade Mental e Sociedade Portuguesa de Suicidologia. No Algarve, as iniciativas s\u00e3o levadas a cabo pela Coordena\u00e7\u00e3o Regional de Sa\u00fade Mental, Centro Hospitalar Universit\u00e1rio do Algarve (CHUA) e pelo seu Departamento de Psiquiatria e Sa\u00fade Mental, ACES do Algarve, diversas autarquias e diversas institui\u00e7\u00f5es.<\/p>\n\n\n\n<p>Esta \u00e9 uma iniciativa que tem como objetivo a sensibiliza\u00e7\u00e3o da popula\u00e7\u00e3o para a tem\u00e1tica do suic\u00eddio, uma quest\u00e3o relevante, a n\u00edvel mundial, do pa\u00eds e da regi\u00e3o do Algarve e a consciencializa\u00e7\u00e3o do papel que cada pessoa, e que as diferentes estruturas da comunidade, em que se incluem as c\u00e2maras e outras organiza\u00e7\u00f5es, podem ter na preven\u00e7\u00e3o do suic\u00eddio e da doen\u00e7a mental.<\/p>\n\n\n\n<p>Este domingo, 10 de setembro, assinalou-se o Dia Mundial da Preven\u00e7\u00e3o do Suic\u00eddio, data criada em 2003. Desde 2015, esta campanha passou a ser alargada a todo o m\u00eas de setembro.<\/p>\n","protected":false},"excerpt":{"rendered":"<p>A a\u00e7\u00e3o de sensibiliza\u00e7\u00e3o \u201cAgarra a tua vida!\u201d, que acontece esta quarta-feira, 13 de setembro, pelas 18h00, na Biblioteca Municipal<\/p>\n","protected":false},"author":1,"featured_media":30754,"comment_status":"closed","ping_status":"open","sticky":false,"template":"","format":"standard","meta":{"colormag_page_container_layout":"default_layout","colormag_page_sidebar_layout":"default_layout","_monsterinsights_skip_tracking":false,"_monsterinsights_sitenote_active":false,"_monsterinsights_sitenote_note":"","_monsterinsights_sitenote_category":0,"jetpack_post_was_ever_published":false,"_jetpack_newsletter_access":"","_jetpack_dont_email_post_to_subs":false,"_jetpack_newsletter_tier_id":0,"_jetpack_memberships_contains_paywalled_content":false,"_jetpack_memberships_contains_paid_content":false,"footnotes":"","jetpack_publicize_message":"","jetpack_publicize_feature_enabled":true,"jetpack_social_post_already_shared":true,"jetpack_social_options":{"image_generator_settings":{"template":"highway","default_image_id":0,"font":"","enabled":false},"version":2}},"categories":[11],"tags":[36,62,31],"class_list":["post-30753","post","type-post","status-publish","format-standard","has-post-thumbnail","hentry","category-atualidade","tag-algarve","tag-atualidade","tag-loule"],"yoast_head":"<!-- This site is optimized with the Yoast SEO plugin v27.5 - https:\/\/yoast.com\/product\/yoast-seo-wordpress\/ -->\n<title>\u201csetembro amarelo\u201d: Loul\u00e9 assinala m\u00eas da preven\u00e7\u00e2o do suic\u00eddio - Algarve 7<\/title>\n<meta name=\"description\" content=\"\u201csetembro amarelo\u201d: Loul\u00e9 assinala m\u00eas da preven\u00e7\u00e2o do suic\u00eddio Atualidade\" \/>\n<meta name=\"robots\" content=\"index, follow, max-snippet:-1, max-image-preview:large, max-video-preview:-1\" \/>\n<link rel=\"canonical\" href=\"https:\/\/algarve7.pt\/index.php\/2023\/09\/setembro-amarelo-loule-assinala-mes-da-prevencao-do-suicidio\/atualidade\/15\/11\/\" \/>\n<meta property=\"og:locale\" content=\"pt_PT\" \/>\n<meta property=\"og:type\" content=\"article\" \/>\n<meta property=\"og:title\" content=\"\u201csetembro amarelo\u201d: Loul\u00e9 assinala m\u00eas da preven\u00e7\u00e2o do suic\u00eddio - Algarve 7\" \/>\n<meta property=\"og:description\" content=\"\u201csetembro amarelo\u201d: Loul\u00e9 assinala m\u00eas da preven\u00e7\u00e2o do suic\u00eddio Atualidade\" \/>\n<meta property=\"og:url\" content=\"https:\/\/algarve7.pt\/index.php\/2023\/09\/setembro-amarelo-loule-assinala-mes-da-prevencao-do-suicidio\/atualidade\/15\/11\/\" \/>\n<meta property=\"og:site_name\" content=\"Algarve 7\" \/>\n<meta property=\"article:publisher\" content=\"https:\/\/www.facebook.com\/algarve7\" \/>\n<meta property=\"article:author\" content=\"https:\/\/www.facebook.com\/algarve7\" \/>\n<meta property=\"article:published_time\" content=\"2023-09-11T14:11:11+00:00\" \/>\n<meta property=\"article:modified_time\" content=\"2023-09-11T14:11:15+00:00\" \/>\n<meta property=\"og:image\" content=\"https:\/\/algarve7.pt\/wp-content\/uploads\/2023\/09\/Captura-de-ecra-2023-09-11-as-15.08.30.png\" \/>\n\t<meta property=\"og:image:width\" content=\"1024\" \/>\n\t<meta property=\"og:image:height\" content=\"915\" \/>\n\t<meta property=\"og:image:type\" content=\"image\/png\" \/>\n<meta name=\"author\" content=\"Algarve 7\" \/>\n<meta name=\"twitter:card\" content=\"summary_large_image\" \/>\n<meta name=\"twitter:creator\" content=\"@Algarvesete\" \/>\n<meta name=\"twitter:site\" content=\"@Algarvesete\" \/>\n<meta name=\"twitter:label1\" content=\"Escrito por\" \/>\n\t<meta name=\"twitter:data1\" content=\"Algarve 7\" \/>\n\t<meta name=\"twitter:label2\" content=\"Tempo estimado de leitura\" \/>\n\t<meta name=\"twitter:data2\" content=\"2 minutos\" \/>\n<script type=\"application\/ld+json\" class=\"yoast-schema-graph\">{\"@context\":\"https:\\\/\\\/schema.org\",\"@graph\":[{\"@type\":\"Article\",\"@id\":\"https:\\\/\\\/algarve7.pt\\\/index.php\\\/2023\\\/09\\\/setembro-amarelo-loule-assinala-mes-da-prevencao-do-suicidio\\\/atualidade\\\/15\\\/11\\\/#article\",\"isPartOf\":{\"@id\":\"https:\\\/\\\/algarve7.pt\\\/index.php\\\/2023\\\/09\\\/setembro-amarelo-loule-assinala-mes-da-prevencao-do-suicidio\\\/atualidade\\\/15\\\/11\\\/\"},\"author\":{\"name\":\"Algarve 7\",\"@id\":\"https:\\\/\\\/algarve7.pt\\\/#\\\/schema\\\/person\\\/23fa70681308e7b319a3204bcea45e0c\"},\"headline\":\"\u201csetembro amarelo\u201d: Loul\u00e9 assinala m\u00eas da preven\u00e7\u00e2o do suic\u00eddio\",\"datePublished\":\"2023-09-11T14:11:11+00:00\",\"dateModified\":\"2023-09-11T14:11:15+00:00\",\"mainEntityOfPage\":{\"@id\":\"https:\\\/\\\/algarve7.pt\\\/index.php\\\/2023\\\/09\\\/setembro-amarelo-loule-assinala-mes-da-prevencao-do-suicidio\\\/atualidade\\\/15\\\/11\\\/\"},\"wordCount\":338,\"publisher\":{\"@id\":\"https:\\\/\\\/algarve7.pt\\\/#organization\"},\"image\":{\"@id\":\"https:\\\/\\\/algarve7.pt\\\/index.php\\\/2023\\\/09\\\/setembro-amarelo-loule-assinala-mes-da-prevencao-do-suicidio\\\/atualidade\\\/15\\\/11\\\/#primaryimage\"},\"thumbnailUrl\":\"https:\\\/\\\/algarve7.pt\\\/wp-content\\\/uploads\\\/2023\\\/09\\\/Captura-de-ecra-2023-09-11-as-15.08.30.png\",\"keywords\":[\"Algarve\",\"Atualidade\",\"Loul\u00e9\"],\"articleSection\":[\"Atualidade\"],\"inLanguage\":\"pt-PT\"},{\"@type\":\"WebPage\",\"@id\":\"https:\\\/\\\/algarve7.pt\\\/index.php\\\/2023\\\/09\\\/setembro-amarelo-loule-assinala-mes-da-prevencao-do-suicidio\\\/atualidade\\\/15\\\/11\\\/\",\"url\":\"https:\\\/\\\/algarve7.pt\\\/index.php\\\/2023\\\/09\\\/setembro-amarelo-loule-assinala-mes-da-prevencao-do-suicidio\\\/atualidade\\\/15\\\/11\\\/\",\"name\":\"\u201csetembro amarelo\u201d: Loul\u00e9 assinala m\u00eas da preven\u00e7\u00e2o do suic\u00eddio - Algarve 7\",\"isPartOf\":{\"@id\":\"https:\\\/\\\/algarve7.pt\\\/#website\"},\"primaryImageOfPage\":{\"@id\":\"https:\\\/\\\/algarve7.pt\\\/index.php\\\/2023\\\/09\\\/setembro-amarelo-loule-assinala-mes-da-prevencao-do-suicidio\\\/atualidade\\\/15\\\/11\\\/#primaryimage\"},\"image\":{\"@id\":\"https:\\\/\\\/algarve7.pt\\\/index.php\\\/2023\\\/09\\\/setembro-amarelo-loule-assinala-mes-da-prevencao-do-suicidio\\\/atualidade\\\/15\\\/11\\\/#primaryimage\"},\"thumbnailUrl\":\"https:\\\/\\\/algarve7.pt\\\/wp-content\\\/uploads\\\/2023\\\/09\\\/Captura-de-ecra-2023-09-11-as-15.08.30.png\",\"datePublished\":\"2023-09-11T14:11:11+00:00\",\"dateModified\":\"2023-09-11T14:11:15+00:00\",\"description\":\"\u201csetembro amarelo\u201d: Loul\u00e9 assinala m\u00eas da preven\u00e7\u00e2o do suic\u00eddio Atualidade\",\"breadcrumb\":{\"@id\":\"https:\\\/\\\/algarve7.pt\\\/index.php\\\/2023\\\/09\\\/setembro-amarelo-loule-assinala-mes-da-prevencao-do-suicidio\\\/atualidade\\\/15\\\/11\\\/#breadcrumb\"},\"inLanguage\":\"pt-PT\",\"potentialAction\":[{\"@type\":\"ReadAction\",\"target\":[\"https:\\\/\\\/algarve7.pt\\\/index.php\\\/2023\\\/09\\\/setembro-amarelo-loule-assinala-mes-da-prevencao-do-suicidio\\\/atualidade\\\/15\\\/11\\\/\"]}]},{\"@type\":\"ImageObject\",\"inLanguage\":\"pt-PT\",\"@id\":\"https:\\\/\\\/algarve7.pt\\\/index.php\\\/2023\\\/09\\\/setembro-amarelo-loule-assinala-mes-da-prevencao-do-suicidio\\\/atualidade\\\/15\\\/11\\\/#primaryimage\",\"url\":\"https:\\\/\\\/algarve7.pt\\\/wp-content\\\/uploads\\\/2023\\\/09\\\/Captura-de-ecra-2023-09-11-as-15.08.30.png\",\"contentUrl\":\"https:\\\/\\\/algarve7.pt\\\/wp-content\\\/uploads\\\/2023\\\/09\\\/Captura-de-ecra-2023-09-11-as-15.08.30.png\",\"width\":1024,\"height\":915},{\"@type\":\"BreadcrumbList\",\"@id\":\"https:\\\/\\\/algarve7.pt\\\/index.php\\\/2023\\\/09\\\/setembro-amarelo-loule-assinala-mes-da-prevencao-do-suicidio\\\/atualidade\\\/15\\\/11\\\/#breadcrumb\",\"itemListElement\":[{\"@type\":\"ListItem\",\"position\":1,\"name\":\"In\u00edcio\",\"item\":\"https:\\\/\\\/algarve7.pt\\\/\"},{\"@type\":\"ListItem\",\"position\":2,\"name\":\"\u201csetembro amarelo\u201d: Loul\u00e9 assinala m\u00eas da preven\u00e7\u00e2o do suic\u00eddio\"}]},{\"@type\":\"WebSite\",\"@id\":\"https:\\\/\\\/algarve7.pt\\\/#website\",\"url\":\"https:\\\/\\\/algarve7.pt\\\/\",\"name\":\"Algarve 7\",\"description\":\"Informa\u00e7\u00e3o sobre o Algarve\",\"publisher\":{\"@id\":\"https:\\\/\\\/algarve7.pt\\\/#organization\"},\"potentialAction\":[{\"@type\":\"SearchAction\",\"target\":{\"@type\":\"EntryPoint\",\"urlTemplate\":\"https:\\\/\\\/algarve7.pt\\\/?s={search_term_string}\"},\"query-input\":{\"@type\":\"PropertyValueSpecification\",\"valueRequired\":true,\"valueName\":\"search_term_string\"}}],\"inLanguage\":\"pt-PT\"},{\"@type\":\"Organization\",\"@id\":\"https:\\\/\\\/algarve7.pt\\\/#organization\",\"name\":\"Algarve 7\",\"url\":\"https:\\\/\\\/algarve7.pt\\\/\",\"logo\":{\"@type\":\"ImageObject\",\"inLanguage\":\"pt-PT\",\"@id\":\"https:\\\/\\\/algarve7.pt\\\/#\\\/schema\\\/logo\\\/image\\\/\",\"url\":\"https:\\\/\\\/algarve7.pt\\\/wp-content\\\/uploads\\\/2020\\\/10\\\/Logo-8.jpg\",\"contentUrl\":\"https:\\\/\\\/algarve7.pt\\\/wp-content\\\/uploads\\\/2020\\\/10\\\/Logo-8.jpg\",\"width\":1680,\"height\":1186,\"caption\":\"Algarve 7\"},\"image\":{\"@id\":\"https:\\\/\\\/algarve7.pt\\\/#\\\/schema\\\/logo\\\/image\\\/\"},\"sameAs\":[\"https:\\\/\\\/www.facebook.com\\\/algarve7\",\"https:\\\/\\\/x.com\\\/Algarvesete\",\"https:\\\/\\\/www.instagram.com\\\/jornalalgarve7\\\/\",\"https:\\\/\\\/www.linkedin.com\\\/company\\\/algarve7\",\"https:\\\/\\\/www.pinterest.pt\\\/geral0939\\\/_created\\\/\"]},{\"@type\":\"Person\",\"@id\":\"https:\\\/\\\/algarve7.pt\\\/#\\\/schema\\\/person\\\/23fa70681308e7b319a3204bcea45e0c\",\"name\":\"Algarve 7\",\"sameAs\":[\"https:\\\/\\\/algarve7.pt\",\"https:\\\/\\\/www.facebook.com\\\/algarve7\"],\"url\":\"https:\\\/\\\/algarve7.pt\\\/index.php\\\/author\\\/geralalgarve7-pt\\\/\"}]}<\/script>\n<!-- \/ Yoast SEO plugin. -->","yoast_head_json":{"title":"\u201csetembro amarelo\u201d: Loul\u00e9 assinala m\u00eas da preven\u00e7\u00e2o do suic\u00eddio - Algarve 7","description":"\u201csetembro amarelo\u201d: Loul\u00e9 assinala m\u00eas da preven\u00e7\u00e2o do suic\u00eddio Atualidade","robots":{"index":"index","follow":"follow","max-snippet":"max-snippet:-1","max-image-preview":"max-image-preview:large","max-video-preview":"max-video-preview:-1"},"canonical":"https:\/\/algarve7.pt\/index.php\/2023\/09\/setembro-amarelo-loule-assinala-mes-da-prevencao-do-suicidio\/atualidade\/15\/11\/","og_locale":"pt_PT","og_type":"article","og_title":"\u201csetembro amarelo\u201d: Loul\u00e9 assinala m\u00eas da preven\u00e7\u00e2o do suic\u00eddio - Algarve 7","og_description":"\u201csetembro amarelo\u201d: Loul\u00e9 assinala m\u00eas da preven\u00e7\u00e2o do suic\u00eddio Atualidade","og_url":"https:\/\/algarve7.pt\/index.php\/2023\/09\/setembro-amarelo-loule-assinala-mes-da-prevencao-do-suicidio\/atualidade\/15\/11\/","og_site_name":"Algarve 7","article_publisher":"https:\/\/www.facebook.com\/algarve7","article_author":"https:\/\/www.facebook.com\/algarve7","article_published_time":"2023-09-11T14:11:11+00:00","article_modified_time":"2023-09-11T14:11:15+00:00","og_image":[{"width":1024,"height":915,"url":"https:\/\/algarve7.pt\/wp-content\/uploads\/2023\/09\/Captura-de-ecra-2023-09-11-as-15.08.30.png","type":"image\/png"}],"author":"Algarve 7","twitter_card":"summary_large_image","twitter_creator":"@Algarvesete","twitter_site":"@Algarvesete","twitter_misc":{"Escrito por":"Algarve 7","Tempo estimado de leitura":"2 minutos"},"schema":{"@context":"https:\/\/schema.org","@graph":[{"@type":"Article","@id":"https:\/\/algarve7.pt\/index.php\/2023\/09\/setembro-amarelo-loule-assinala-mes-da-prevencao-do-suicidio\/atualidade\/15\/11\/#article","isPartOf":{"@id":"https:\/\/algarve7.pt\/index.php\/2023\/09\/setembro-amarelo-loule-assinala-mes-da-prevencao-do-suicidio\/atualidade\/15\/11\/"},"author":{"name":"Algarve 7","@id":"https:\/\/algarve7.pt\/#\/schema\/person\/23fa70681308e7b319a3204bcea45e0c"},"headline":"\u201csetembro amarelo\u201d: Loul\u00e9 assinala m\u00eas da preven\u00e7\u00e2o do suic\u00eddio","datePublished":"2023-09-11T14:11:11+00:00","dateModified":"2023-09-11T14:11:15+00:00","mainEntityOfPage":{"@id":"https:\/\/algarve7.pt\/index.php\/2023\/09\/setembro-amarelo-loule-assinala-mes-da-prevencao-do-suicidio\/atualidade\/15\/11\/"},"wordCount":338,"publisher":{"@id":"https:\/\/algarve7.pt\/#organization"},"image":{"@id":"https:\/\/algarve7.pt\/index.php\/2023\/09\/setembro-amarelo-loule-assinala-mes-da-prevencao-do-suicidio\/atualidade\/15\/11\/#primaryimage"},"thumbnailUrl":"https:\/\/algarve7.pt\/wp-content\/uploads\/2023\/09\/Captura-de-ecra-2023-09-11-as-15.08.30.png","keywords":["Algarve","Atualidade","Loul\u00e9"],"articleSection":["Atualidade"],"inLanguage":"pt-PT"},{"@type":"WebPage","@id":"https:\/\/algarve7.pt\/index.php\/2023\/09\/setembro-amarelo-loule-assinala-mes-da-prevencao-do-suicidio\/atualidade\/15\/11\/","url":"https:\/\/algarve7.pt\/index.php\/2023\/09\/setembro-amarelo-loule-assinala-mes-da-prevencao-do-suicidio\/atualidade\/15\/11\/","name":"\u201csetembro amarelo\u201d: Loul\u00e9 assinala m\u00eas da preven\u00e7\u00e2o do suic\u00eddio - Algarve 7","isPartOf":{"@id":"https:\/\/algarve7.pt\/#website"},"primaryImageOfPage":{"@id":"https:\/\/algarve7.pt\/index.php\/2023\/09\/setembro-amarelo-loule-assinala-mes-da-prevencao-do-suicidio\/atualidade\/15\/11\/#primaryimage"},"image":{"@id":"https:\/\/algarve7.pt\/index.php\/2023\/09\/setembro-amarelo-loule-assinala-mes-da-prevencao-do-suicidio\/atualidade\/15\/11\/#primaryimage"},"thumbnailUrl":"https:\/\/algarve7.pt\/wp-content\/uploads\/2023\/09\/Captura-de-ecra-2023-09-11-as-15.08.30.png","datePublished":"2023-09-11T14:11:11+00:00","dateModified":"2023-09-11T14:11:15+00:00","description":"\u201csetembro amarelo\u201d: Loul\u00e9 assinala m\u00eas da preven\u00e7\u00e2o do suic\u00eddio Atualidade","breadcrumb":{"@id":"https:\/\/algarve7.pt\/index.php\/2023\/09\/setembro-amarelo-loule-assinala-mes-da-prevencao-do-suicidio\/atualidade\/15\/11\/#breadcrumb"},"inLanguage":"pt-PT","potentialAction":[{"@type":"ReadAction","target":["https:\/\/algarve7.pt\/index.php\/2023\/09\/setembro-amarelo-loule-assinala-mes-da-prevencao-do-suicidio\/atualidade\/15\/11\/"]}]},{"@type":"ImageObject","inLanguage":"pt-PT","@id":"https:\/\/algarve7.pt\/index.php\/2023\/09\/setembro-amarelo-loule-assinala-mes-da-prevencao-do-suicidio\/atualidade\/15\/11\/#primaryimage","url":"https:\/\/algarve7.pt\/wp-content\/uploads\/2023\/09\/Captura-de-ecra-2023-09-11-as-15.08.30.png","contentUrl":"https:\/\/algarve7.pt\/wp-content\/uploads\/2023\/09\/Captura-de-ecra-2023-09-11-as-15.08.30.png","width":1024,"height":915},{"@type":"BreadcrumbList","@id":"https:\/\/algarve7.pt\/index.php\/2023\/09\/setembro-amarelo-loule-assinala-mes-da-prevencao-do-suicidio\/atualidade\/15\/11\/#breadcrumb","itemListElement":[{"@type":"ListItem","position":1,"name":"In\u00edcio","item":"https:\/\/algarve7.pt\/"},{"@type":"ListItem","position":2,"name":"\u201csetembro amarelo\u201d: Loul\u00e9 assinala m\u00eas da preven\u00e7\u00e2o do suic\u00eddio"}]},{"@type":"WebSite","@id":"https:\/\/algarve7.pt\/#website","url":"https:\/\/algarve7.pt\/","name":"Algarve 7","description":"Informa\u00e7\u00e3o sobre o Algarve","publisher":{"@id":"https:\/\/algarve7.pt\/#organization"},"potentialAction":[{"@type":"SearchAction","target":{"@type":"EntryPoint","urlTemplate":"https:\/\/algarve7.pt\/?s={search_term_string}"},"query-input":{"@type":"PropertyValueSpecification","valueRequired":true,"valueName":"search_term_string"}}],"inLanguage":"pt-PT"},{"@type":"Organization","@id":"https:\/\/algarve7.pt\/#organization","name":"Algarve 7","url":"https:\/\/algarve7.pt\/","logo":{"@type":"ImageObject","inLanguage":"pt-PT","@id":"https:\/\/algarve7.pt\/#\/schema\/logo\/image\/","url":"https:\/\/algarve7.pt\/wp-content\/uploads\/2020\/10\/Logo-8.jpg","contentUrl":"https:\/\/algarve7.pt\/wp-content\/uploads\/2020\/10\/Logo-8.jpg","width":1680,"height":1186,"caption":"Algarve 7"},"image":{"@id":"https:\/\/algarve7.pt\/#\/schema\/logo\/image\/"},"sameAs":["https:\/\/www.facebook.com\/algarve7","https:\/\/x.com\/Algarvesete","https:\/\/www.instagram.com\/jornalalgarve7\/","https:\/\/www.linkedin.com\/company\/algarve7","https:\/\/www.pinterest.pt\/geral0939\/_created\/"]},{"@type":"Person","@id":"https:\/\/algarve7.pt\/#\/schema\/person\/23fa70681308e7b319a3204bcea45e0c","name":"Algarve 7","sameAs":["https:\/\/algarve7.pt","https:\/\/www.facebook.com\/algarve7"],"url":"https:\/\/algarve7.pt\/index.php\/author\/geralalgarve7-pt\/"}]}},"jetpack_publicize_connections":[],"jetpack_featured_media_url":"https:\/\/algarve7.pt\/wp-content\/uploads\/2023\/09\/Captura-de-ecra-2023-09-11-as-15.08.30.png","jetpack_shortlink":"https:\/\/wp.me\/pcezmW-801","jetpack_sharing_enabled":true,"_links":{"self":[{"href":"https:\/\/algarve7.pt\/index.php\/wp-json\/wp\/v2\/posts\/30753","targetHints":{"allow":["GET"]}}],"collection":[{"href":"https:\/\/algarve7.pt\/index.php\/wp-json\/wp\/v2\/posts"}],"about":[{"href":"https:\/\/algarve7.pt\/index.php\/wp-json\/wp\/v2\/types\/post"}],"author":[{"embeddable":true,"href":"https:\/\/algarve7.pt\/index.php\/wp-json\/wp\/v2\/users\/1"}],"replies":[{"embeddable":true,"href":"https:\/\/algarve7.pt\/index.php\/wp-json\/wp\/v2\/comments?post=30753"}],"version-history":[{"count":0,"href":"https:\/\/algarve7.pt\/index.php\/wp-json\/wp\/v2\/posts\/30753\/revisions"}],"wp:featuredmedia":[{"embeddable":true,"href":"https:\/\/algarve7.pt\/index.php\/wp-json\/wp\/v2\/media\/30754"}],"wp:attachment":[{"href":"https:\/\/algarve7.pt\/index.php\/wp-json\/wp\/v2\/media?parent=30753"}],"wp:term":[{"taxonomy":"category","embeddable":true,"href":"https:\/\/algarve7.pt\/index.php\/wp-json\/wp\/v2\/categories?post=30753"},{"taxonomy":"post_tag","embeddable":true,"href":"https:\/\/algarve7.pt\/index.php\/wp-json\/wp\/v2\/tags?post=30753"}],"curies":[{"name":"wp","href":"https:\/\/api.w.org\/{rel}","templated":true}]}}