{"id":3069,"date":"2020-10-28T19:00:13","date_gmt":"2020-10-28T19:00:13","guid":{"rendered":"https:\/\/algarve7.pt\/?p=3069"},"modified":"2020-10-28T17:50:05","modified_gmt":"2020-10-28T17:50:05","slug":"quarteira-detido-em-flagrante-por-roubo-em-residencia","status":"publish","type":"post","link":"https:\/\/algarve7.pt\/index.php\/2020\/10\/quarteira-detido-em-flagrante-por-roubo-em-residencia\/atualidade\/19\/00\/","title":{"rendered":"Quarteira &#8211; Detido em flagrante por roubo em resid\u00eancia"},"content":{"rendered":"\n<p>O Comando Territorial de Faro, atrav\u00e9s do Subdestacamento Territorial de Quarteira, hoje, dia 28 de outubro, deteve um homem de 39 anos, por roubo com recurso \u00e0 for\u00e7a f\u00edsica sobre idoso, na cidade de Quarteira.<\/p>\n\n\n\n<p>Na sequ\u00eancia da den\u00fancia de um roubo, os militares deslocaram-se de imediato para o local onde a v\u00edtima, um homem de 82 anos, informou que um indiv\u00edduo tinha tocado \u00e0 sua campainha, quando abriu a porta foi empurrado com viol\u00eancia para o interior da resid\u00eancia e o suspeito come\u00e7ou por lhe revistar os bolsos na tentativa de localizar objetos de valor.&nbsp;No seguimento, o suspeito revirou o interior da casa, tendo acabado por roubar a televis\u00e3o e fugir. A v\u00edtima transmitiu as caracter\u00edsticas do suspeito \u00e0 Guarda, tendo este sido detetado pouco tempo depois, ainda na posse da televis\u00e3o.<\/p>\n\n\n\n<p>O detido, com antecedentes criminais por furtos e roubos, foi constitu\u00eddo arguido encontrando-se a ser presente no Tribunal Judicial de Loul\u00e9, para aplica\u00e7\u00e3o das medidas de coa\u00e7\u00e3o.<\/p>\n","protected":false},"excerpt":{"rendered":"<p>O Comando Territorial de Faro, atrav\u00e9s do Subdestacamento Territorial de Quarteira, hoje, dia 28 de outubro, deteve um homem de<\/p>\n","protected":false},"author":1,"featured_media":3070,"comment_status":"closed","ping_status":"open","sticky":false,"template":"","format":"standard","meta":{"colormag_page_container_layout":"default_layout","colormag_page_sidebar_layout":"default_layout","_monsterinsights_skip_tracking":false,"_monsterinsights_sitenote_active":false,"_monsterinsights_sitenote_note":"","_monsterinsights_sitenote_category":0,"jetpack_post_was_ever_published":false,"_jetpack_newsletter_access":"","_jetpack_dont_email_post_to_subs":false,"_jetpack_newsletter_tier_id":0,"_jetpack_memberships_contains_paywalled_content":false,"_jetpack_memberships_contains_paid_content":false,"footnotes":"","jetpack_publicize_message":"","jetpack_publicize_feature_enabled":true,"jetpack_social_post_already_shared":true,"jetpack_social_options":{"image_generator_settings":{"template":"highway","default_image_id":0,"font":"","enabled":false},"version":2}},"categories":[11],"tags":[],"class_list":["post-3069","post","type-post","status-publish","format-standard","has-post-thumbnail","hentry","category-atualidade"],"yoast_head":"<!-- This site is optimized with the Yoast SEO plugin v27.5 - https:\/\/yoast.com\/product\/yoast-seo-wordpress\/ -->\n<title>Quarteira - Detido em flagrante por roubo em resid\u00eancia - Algarve 7<\/title>\n<meta name=\"description\" content=\"Quarteira - Detido em flagrante por roubo em resid\u00eancia\" \/>\n<meta name=\"robots\" content=\"index, follow, max-snippet:-1, max-image-preview:large, max-video-preview:-1\" \/>\n<link rel=\"canonical\" href=\"https:\/\/algarve7.pt\/index.php\/2020\/10\/quarteira-detido-em-flagrante-por-roubo-em-residencia\/atualidade\/19\/00\/\" \/>\n<meta property=\"og:locale\" content=\"pt_PT\" \/>\n<meta property=\"og:type\" content=\"article\" \/>\n<meta property=\"og:title\" content=\"Quarteira - Detido em flagrante por roubo em resid\u00eancia - Algarve 7\" \/>\n<meta property=\"og:description\" content=\"Quarteira - Detido em flagrante por roubo em resid\u00eancia\" \/>\n<meta property=\"og:url\" content=\"https:\/\/algarve7.pt\/index.php\/2020\/10\/quarteira-detido-em-flagrante-por-roubo-em-residencia\/atualidade\/19\/00\/\" \/>\n<meta property=\"og:site_name\" content=\"Algarve 7\" \/>\n<meta property=\"article:publisher\" content=\"https:\/\/www.facebook.com\/algarve7\" \/>\n<meta property=\"article:author\" content=\"https:\/\/www.facebook.com\/algarve7\" \/>\n<meta property=\"article:published_time\" content=\"2020-10-28T19:00:13+00:00\" \/>\n<meta property=\"og:image\" content=\"https:\/\/algarve7.pt\/wp-content\/uploads\/2020\/10\/GNR-Faro-Apreensao-1.jpg\" \/>\n\t<meta property=\"og:image:width\" content=\"1920\" \/>\n\t<meta property=\"og:image:height\" content=\"1437\" \/>\n\t<meta property=\"og:image:type\" content=\"image\/jpeg\" \/>\n<meta name=\"author\" content=\"Algarve 7\" \/>\n<meta name=\"twitter:card\" content=\"summary_large_image\" \/>\n<meta name=\"twitter:creator\" content=\"@Algarvesete\" \/>\n<meta name=\"twitter:site\" content=\"@Algarvesete\" \/>\n<meta name=\"twitter:label1\" content=\"Escrito por\" \/>\n\t<meta name=\"twitter:data1\" content=\"Algarve 7\" \/>\n\t<meta name=\"twitter:label2\" content=\"Tempo estimado de leitura\" \/>\n\t<meta name=\"twitter:data2\" content=\"1 minuto\" \/>\n<script type=\"application\/ld+json\" class=\"yoast-schema-graph\">{\"@context\":\"https:\\\/\\\/schema.org\",\"@graph\":[{\"@type\":\"Article\",\"@id\":\"https:\\\/\\\/algarve7.pt\\\/index.php\\\/2020\\\/10\\\/quarteira-detido-em-flagrante-por-roubo-em-residencia\\\/atualidade\\\/19\\\/00\\\/#article\",\"isPartOf\":{\"@id\":\"https:\\\/\\\/algarve7.pt\\\/index.php\\\/2020\\\/10\\\/quarteira-detido-em-flagrante-por-roubo-em-residencia\\\/atualidade\\\/19\\\/00\\\/\"},\"author\":{\"name\":\"Algarve 7\",\"@id\":\"https:\\\/\\\/algarve7.pt\\\/#\\\/schema\\\/person\\\/23fa70681308e7b319a3204bcea45e0c\"},\"headline\":\"Quarteira &#8211; Detido em flagrante por roubo em resid\u00eancia\",\"datePublished\":\"2020-10-28T19:00:13+00:00\",\"mainEntityOfPage\":{\"@id\":\"https:\\\/\\\/algarve7.pt\\\/index.php\\\/2020\\\/10\\\/quarteira-detido-em-flagrante-por-roubo-em-residencia\\\/atualidade\\\/19\\\/00\\\/\"},\"wordCount\":183,\"publisher\":{\"@id\":\"https:\\\/\\\/algarve7.pt\\\/#organization\"},\"image\":{\"@id\":\"https:\\\/\\\/algarve7.pt\\\/index.php\\\/2020\\\/10\\\/quarteira-detido-em-flagrante-por-roubo-em-residencia\\\/atualidade\\\/19\\\/00\\\/#primaryimage\"},\"thumbnailUrl\":\"https:\\\/\\\/algarve7.pt\\\/wp-content\\\/uploads\\\/2020\\\/10\\\/GNR-Faro-Apreensao-1.jpg\",\"articleSection\":[\"Atualidade\"],\"inLanguage\":\"pt-PT\"},{\"@type\":\"WebPage\",\"@id\":\"https:\\\/\\\/algarve7.pt\\\/index.php\\\/2020\\\/10\\\/quarteira-detido-em-flagrante-por-roubo-em-residencia\\\/atualidade\\\/19\\\/00\\\/\",\"url\":\"https:\\\/\\\/algarve7.pt\\\/index.php\\\/2020\\\/10\\\/quarteira-detido-em-flagrante-por-roubo-em-residencia\\\/atualidade\\\/19\\\/00\\\/\",\"name\":\"Quarteira - Detido em flagrante por roubo em resid\u00eancia - Algarve 7\",\"isPartOf\":{\"@id\":\"https:\\\/\\\/algarve7.pt\\\/#website\"},\"primaryImageOfPage\":{\"@id\":\"https:\\\/\\\/algarve7.pt\\\/index.php\\\/2020\\\/10\\\/quarteira-detido-em-flagrante-por-roubo-em-residencia\\\/atualidade\\\/19\\\/00\\\/#primaryimage\"},\"image\":{\"@id\":\"https:\\\/\\\/algarve7.pt\\\/index.php\\\/2020\\\/10\\\/quarteira-detido-em-flagrante-por-roubo-em-residencia\\\/atualidade\\\/19\\\/00\\\/#primaryimage\"},\"thumbnailUrl\":\"https:\\\/\\\/algarve7.pt\\\/wp-content\\\/uploads\\\/2020\\\/10\\\/GNR-Faro-Apreensao-1.jpg\",\"datePublished\":\"2020-10-28T19:00:13+00:00\",\"description\":\"Quarteira - Detido em flagrante por roubo em resid\u00eancia\",\"breadcrumb\":{\"@id\":\"https:\\\/\\\/algarve7.pt\\\/index.php\\\/2020\\\/10\\\/quarteira-detido-em-flagrante-por-roubo-em-residencia\\\/atualidade\\\/19\\\/00\\\/#breadcrumb\"},\"inLanguage\":\"pt-PT\",\"potentialAction\":[{\"@type\":\"ReadAction\",\"target\":[\"https:\\\/\\\/algarve7.pt\\\/index.php\\\/2020\\\/10\\\/quarteira-detido-em-flagrante-por-roubo-em-residencia\\\/atualidade\\\/19\\\/00\\\/\"]}]},{\"@type\":\"ImageObject\",\"inLanguage\":\"pt-PT\",\"@id\":\"https:\\\/\\\/algarve7.pt\\\/index.php\\\/2020\\\/10\\\/quarteira-detido-em-flagrante-por-roubo-em-residencia\\\/atualidade\\\/19\\\/00\\\/#primaryimage\",\"url\":\"https:\\\/\\\/algarve7.pt\\\/wp-content\\\/uploads\\\/2020\\\/10\\\/GNR-Faro-Apreensao-1.jpg\",\"contentUrl\":\"https:\\\/\\\/algarve7.pt\\\/wp-content\\\/uploads\\\/2020\\\/10\\\/GNR-Faro-Apreensao-1.jpg\",\"width\":1920,\"height\":1437},{\"@type\":\"BreadcrumbList\",\"@id\":\"https:\\\/\\\/algarve7.pt\\\/index.php\\\/2020\\\/10\\\/quarteira-detido-em-flagrante-por-roubo-em-residencia\\\/atualidade\\\/19\\\/00\\\/#breadcrumb\",\"itemListElement\":[{\"@type\":\"ListItem\",\"position\":1,\"name\":\"In\u00edcio\",\"item\":\"https:\\\/\\\/algarve7.pt\\\/\"},{\"@type\":\"ListItem\",\"position\":2,\"name\":\"Quarteira &#8211; Detido em flagrante por roubo em resid\u00eancia\"}]},{\"@type\":\"WebSite\",\"@id\":\"https:\\\/\\\/algarve7.pt\\\/#website\",\"url\":\"https:\\\/\\\/algarve7.pt\\\/\",\"name\":\"Algarve 7\",\"description\":\"Informa\u00e7\u00e3o sobre o Algarve\",\"publisher\":{\"@id\":\"https:\\\/\\\/algarve7.pt\\\/#organization\"},\"potentialAction\":[{\"@type\":\"SearchAction\",\"target\":{\"@type\":\"EntryPoint\",\"urlTemplate\":\"https:\\\/\\\/algarve7.pt\\\/?s={search_term_string}\"},\"query-input\":{\"@type\":\"PropertyValueSpecification\",\"valueRequired\":true,\"valueName\":\"search_term_string\"}}],\"inLanguage\":\"pt-PT\"},{\"@type\":\"Organization\",\"@id\":\"https:\\\/\\\/algarve7.pt\\\/#organization\",\"name\":\"Algarve 7\",\"url\":\"https:\\\/\\\/algarve7.pt\\\/\",\"logo\":{\"@type\":\"ImageObject\",\"inLanguage\":\"pt-PT\",\"@id\":\"https:\\\/\\\/algarve7.pt\\\/#\\\/schema\\\/logo\\\/image\\\/\",\"url\":\"https:\\\/\\\/algarve7.pt\\\/wp-content\\\/uploads\\\/2020\\\/10\\\/Logo-8.jpg\",\"contentUrl\":\"https:\\\/\\\/algarve7.pt\\\/wp-content\\\/uploads\\\/2020\\\/10\\\/Logo-8.jpg\",\"width\":1680,\"height\":1186,\"caption\":\"Algarve 7\"},\"image\":{\"@id\":\"https:\\\/\\\/algarve7.pt\\\/#\\\/schema\\\/logo\\\/image\\\/\"},\"sameAs\":[\"https:\\\/\\\/www.facebook.com\\\/algarve7\",\"https:\\\/\\\/x.com\\\/Algarvesete\",\"https:\\\/\\\/www.instagram.com\\\/jornalalgarve7\\\/\",\"https:\\\/\\\/www.linkedin.com\\\/company\\\/algarve7\",\"https:\\\/\\\/www.pinterest.pt\\\/geral0939\\\/_created\\\/\"]},{\"@type\":\"Person\",\"@id\":\"https:\\\/\\\/algarve7.pt\\\/#\\\/schema\\\/person\\\/23fa70681308e7b319a3204bcea45e0c\",\"name\":\"Algarve 7\",\"sameAs\":[\"https:\\\/\\\/algarve7.pt\",\"https:\\\/\\\/www.facebook.com\\\/algarve7\"],\"url\":\"https:\\\/\\\/algarve7.pt\\\/index.php\\\/author\\\/geralalgarve7-pt\\\/\"}]}<\/script>\n<!-- \/ Yoast SEO plugin. -->","yoast_head_json":{"title":"Quarteira - Detido em flagrante por roubo em resid\u00eancia - Algarve 7","description":"Quarteira - Detido em flagrante por roubo em resid\u00eancia","robots":{"index":"index","follow":"follow","max-snippet":"max-snippet:-1","max-image-preview":"max-image-preview:large","max-video-preview":"max-video-preview:-1"},"canonical":"https:\/\/algarve7.pt\/index.php\/2020\/10\/quarteira-detido-em-flagrante-por-roubo-em-residencia\/atualidade\/19\/00\/","og_locale":"pt_PT","og_type":"article","og_title":"Quarteira - Detido em flagrante por roubo em resid\u00eancia - Algarve 7","og_description":"Quarteira - Detido em flagrante por roubo em resid\u00eancia","og_url":"https:\/\/algarve7.pt\/index.php\/2020\/10\/quarteira-detido-em-flagrante-por-roubo-em-residencia\/atualidade\/19\/00\/","og_site_name":"Algarve 7","article_publisher":"https:\/\/www.facebook.com\/algarve7","article_author":"https:\/\/www.facebook.com\/algarve7","article_published_time":"2020-10-28T19:00:13+00:00","og_image":[{"width":1920,"height":1437,"url":"https:\/\/algarve7.pt\/wp-content\/uploads\/2020\/10\/GNR-Faro-Apreensao-1.jpg","type":"image\/jpeg"}],"author":"Algarve 7","twitter_card":"summary_large_image","twitter_creator":"@Algarvesete","twitter_site":"@Algarvesete","twitter_misc":{"Escrito por":"Algarve 7","Tempo estimado de leitura":"1 minuto"},"schema":{"@context":"https:\/\/schema.org","@graph":[{"@type":"Article","@id":"https:\/\/algarve7.pt\/index.php\/2020\/10\/quarteira-detido-em-flagrante-por-roubo-em-residencia\/atualidade\/19\/00\/#article","isPartOf":{"@id":"https:\/\/algarve7.pt\/index.php\/2020\/10\/quarteira-detido-em-flagrante-por-roubo-em-residencia\/atualidade\/19\/00\/"},"author":{"name":"Algarve 7","@id":"https:\/\/algarve7.pt\/#\/schema\/person\/23fa70681308e7b319a3204bcea45e0c"},"headline":"Quarteira &#8211; Detido em flagrante por roubo em resid\u00eancia","datePublished":"2020-10-28T19:00:13+00:00","mainEntityOfPage":{"@id":"https:\/\/algarve7.pt\/index.php\/2020\/10\/quarteira-detido-em-flagrante-por-roubo-em-residencia\/atualidade\/19\/00\/"},"wordCount":183,"publisher":{"@id":"https:\/\/algarve7.pt\/#organization"},"image":{"@id":"https:\/\/algarve7.pt\/index.php\/2020\/10\/quarteira-detido-em-flagrante-por-roubo-em-residencia\/atualidade\/19\/00\/#primaryimage"},"thumbnailUrl":"https:\/\/algarve7.pt\/wp-content\/uploads\/2020\/10\/GNR-Faro-Apreensao-1.jpg","articleSection":["Atualidade"],"inLanguage":"pt-PT"},{"@type":"WebPage","@id":"https:\/\/algarve7.pt\/index.php\/2020\/10\/quarteira-detido-em-flagrante-por-roubo-em-residencia\/atualidade\/19\/00\/","url":"https:\/\/algarve7.pt\/index.php\/2020\/10\/quarteira-detido-em-flagrante-por-roubo-em-residencia\/atualidade\/19\/00\/","name":"Quarteira - Detido em flagrante por roubo em resid\u00eancia - Algarve 7","isPartOf":{"@id":"https:\/\/algarve7.pt\/#website"},"primaryImageOfPage":{"@id":"https:\/\/algarve7.pt\/index.php\/2020\/10\/quarteira-detido-em-flagrante-por-roubo-em-residencia\/atualidade\/19\/00\/#primaryimage"},"image":{"@id":"https:\/\/algarve7.pt\/index.php\/2020\/10\/quarteira-detido-em-flagrante-por-roubo-em-residencia\/atualidade\/19\/00\/#primaryimage"},"thumbnailUrl":"https:\/\/algarve7.pt\/wp-content\/uploads\/2020\/10\/GNR-Faro-Apreensao-1.jpg","datePublished":"2020-10-28T19:00:13+00:00","description":"Quarteira - Detido em flagrante por roubo em resid\u00eancia","breadcrumb":{"@id":"https:\/\/algarve7.pt\/index.php\/2020\/10\/quarteira-detido-em-flagrante-por-roubo-em-residencia\/atualidade\/19\/00\/#breadcrumb"},"inLanguage":"pt-PT","potentialAction":[{"@type":"ReadAction","target":["https:\/\/algarve7.pt\/index.php\/2020\/10\/quarteira-detido-em-flagrante-por-roubo-em-residencia\/atualidade\/19\/00\/"]}]},{"@type":"ImageObject","inLanguage":"pt-PT","@id":"https:\/\/algarve7.pt\/index.php\/2020\/10\/quarteira-detido-em-flagrante-por-roubo-em-residencia\/atualidade\/19\/00\/#primaryimage","url":"https:\/\/algarve7.pt\/wp-content\/uploads\/2020\/10\/GNR-Faro-Apreensao-1.jpg","contentUrl":"https:\/\/algarve7.pt\/wp-content\/uploads\/2020\/10\/GNR-Faro-Apreensao-1.jpg","width":1920,"height":1437},{"@type":"BreadcrumbList","@id":"https:\/\/algarve7.pt\/index.php\/2020\/10\/quarteira-detido-em-flagrante-por-roubo-em-residencia\/atualidade\/19\/00\/#breadcrumb","itemListElement":[{"@type":"ListItem","position":1,"name":"In\u00edcio","item":"https:\/\/algarve7.pt\/"},{"@type":"ListItem","position":2,"name":"Quarteira &#8211; Detido em flagrante por roubo em resid\u00eancia"}]},{"@type":"WebSite","@id":"https:\/\/algarve7.pt\/#website","url":"https:\/\/algarve7.pt\/","name":"Algarve 7","description":"Informa\u00e7\u00e3o sobre o Algarve","publisher":{"@id":"https:\/\/algarve7.pt\/#organization"},"potentialAction":[{"@type":"SearchAction","target":{"@type":"EntryPoint","urlTemplate":"https:\/\/algarve7.pt\/?s={search_term_string}"},"query-input":{"@type":"PropertyValueSpecification","valueRequired":true,"valueName":"search_term_string"}}],"inLanguage":"pt-PT"},{"@type":"Organization","@id":"https:\/\/algarve7.pt\/#organization","name":"Algarve 7","url":"https:\/\/algarve7.pt\/","logo":{"@type":"ImageObject","inLanguage":"pt-PT","@id":"https:\/\/algarve7.pt\/#\/schema\/logo\/image\/","url":"https:\/\/algarve7.pt\/wp-content\/uploads\/2020\/10\/Logo-8.jpg","contentUrl":"https:\/\/algarve7.pt\/wp-content\/uploads\/2020\/10\/Logo-8.jpg","width":1680,"height":1186,"caption":"Algarve 7"},"image":{"@id":"https:\/\/algarve7.pt\/#\/schema\/logo\/image\/"},"sameAs":["https:\/\/www.facebook.com\/algarve7","https:\/\/x.com\/Algarvesete","https:\/\/www.instagram.com\/jornalalgarve7\/","https:\/\/www.linkedin.com\/company\/algarve7","https:\/\/www.pinterest.pt\/geral0939\/_created\/"]},{"@type":"Person","@id":"https:\/\/algarve7.pt\/#\/schema\/person\/23fa70681308e7b319a3204bcea45e0c","name":"Algarve 7","sameAs":["https:\/\/algarve7.pt","https:\/\/www.facebook.com\/algarve7"],"url":"https:\/\/algarve7.pt\/index.php\/author\/geralalgarve7-pt\/"}]}},"jetpack_publicize_connections":[],"jetpack_featured_media_url":"https:\/\/algarve7.pt\/wp-content\/uploads\/2020\/10\/GNR-Faro-Apreensao-1.jpg","jetpack_shortlink":"https:\/\/wp.me\/pcezmW-Nv","jetpack_sharing_enabled":true,"_links":{"self":[{"href":"https:\/\/algarve7.pt\/index.php\/wp-json\/wp\/v2\/posts\/3069","targetHints":{"allow":["GET"]}}],"collection":[{"href":"https:\/\/algarve7.pt\/index.php\/wp-json\/wp\/v2\/posts"}],"about":[{"href":"https:\/\/algarve7.pt\/index.php\/wp-json\/wp\/v2\/types\/post"}],"author":[{"embeddable":true,"href":"https:\/\/algarve7.pt\/index.php\/wp-json\/wp\/v2\/users\/1"}],"replies":[{"embeddable":true,"href":"https:\/\/algarve7.pt\/index.php\/wp-json\/wp\/v2\/comments?post=3069"}],"version-history":[{"count":0,"href":"https:\/\/algarve7.pt\/index.php\/wp-json\/wp\/v2\/posts\/3069\/revisions"}],"wp:featuredmedia":[{"embeddable":true,"href":"https:\/\/algarve7.pt\/index.php\/wp-json\/wp\/v2\/media\/3070"}],"wp:attachment":[{"href":"https:\/\/algarve7.pt\/index.php\/wp-json\/wp\/v2\/media?parent=3069"}],"wp:term":[{"taxonomy":"category","embeddable":true,"href":"https:\/\/algarve7.pt\/index.php\/wp-json\/wp\/v2\/categories?post=3069"},{"taxonomy":"post_tag","embeddable":true,"href":"https:\/\/algarve7.pt\/index.php\/wp-json\/wp\/v2\/tags?post=3069"}],"curies":[{"name":"wp","href":"https:\/\/api.w.org\/{rel}","templated":true}]}}