{"id":3066,"date":"2020-10-28T17:46:14","date_gmt":"2020-10-28T17:46:14","guid":{"rendered":"https:\/\/algarve7.pt\/?p=3066"},"modified":"2020-10-28T17:46:15","modified_gmt":"2020-10-28T17:46:15","slug":"camara-de-aljezur-renova-protocolo-com-a-associacao-rota-vicentina","status":"publish","type":"post","link":"https:\/\/algarve7.pt\/index.php\/2020\/10\/camara-de-aljezur-renova-protocolo-com-a-associacao-rota-vicentina\/cultura\/17\/46\/","title":{"rendered":"C\u00e2mara de Aljezur renova protocolo com a associa\u00e7\u00e3o Rota Vicentina"},"content":{"rendered":"\n<p>Foi aprovada a renova\u00e7\u00e3o do protocolo, entre a C\u00e2mara Municipal de Aljezur e a Rota Vicentina&nbsp;\u2013&nbsp;Associa\u00e7\u00e3o Para a Promo\u00e7\u00e3o do Turismo de Natureza na Costa Alentejana e Vicentina, estabelecido desde o in\u00edcio da cria\u00e7\u00e3o desta associa\u00e7\u00e3o, onde um conjunto de obriga\u00e7\u00f5es. de parte a parte, vem refor\u00e7ar a import\u00e2ncia da parceria num projeto de extrema import\u00e2ncia para o concelho e para a regi\u00e3o. A Associa\u00e7\u00e3o Rota Vicentina, que representa cerca de 200 empresas, nos v\u00e1rios concelhos onde est\u00e1 implementada, \u00e9 um projeto que veio trazer e dar a conhecer \u00e0 regi\u00e3o e ao mundo, uma das mais preservadas e extraordin\u00e1rias zonas de Portugal. A autarquia de Aljezur, que desde o primeiro dia se associou a este projeto, recolhe o seu m\u00e9rito e import\u00e2ncia para a regi\u00e3o, onde o turismo que tira&nbsp;\u201cproveito\u201d da natureza , nos seus diferentes recursos, paisag\u00edsticos, fauna,&nbsp;flora, entre outros, tem nesta regi\u00e3o um potencial de um valor incalcul\u00e1vel.<\/p>\n\n\n\n<p>S\u00e3o cada vez mais os que procuram esta paragens, para usufruir do que de melhor existe, a natureza e os seus recursos, trazendo em seu redor novos desafios, para os quais os parceiros devem estrar preparados para os enfrentar, resolver, e acima de tudo, mantendo e preservando esta regi\u00e3o, buscando o equil\u00edbrio necess\u00e1rio e obrigat\u00f3rio para tal.<\/p>\n","protected":false},"excerpt":{"rendered":"<p>Foi aprovada a renova\u00e7\u00e3o do protocolo, entre a C\u00e2mara Municipal de Aljezur e a Rota Vicentina&nbsp;\u2013&nbsp;Associa\u00e7\u00e3o Para a Promo\u00e7\u00e3o do<\/p>\n","protected":false},"author":1,"featured_media":3067,"comment_status":"closed","ping_status":"open","sticky":false,"template":"","format":"standard","meta":{"colormag_page_container_layout":"default_layout","colormag_page_sidebar_layout":"default_layout","_monsterinsights_skip_tracking":false,"_monsterinsights_sitenote_active":false,"_monsterinsights_sitenote_note":"","_monsterinsights_sitenote_category":0,"jetpack_post_was_ever_published":false,"_jetpack_newsletter_access":"","_jetpack_dont_email_post_to_subs":false,"_jetpack_newsletter_tier_id":0,"_jetpack_memberships_contains_paywalled_content":false,"_jetpack_memberships_contains_paid_content":false,"footnotes":"","jetpack_publicize_message":"","jetpack_publicize_feature_enabled":true,"jetpack_social_post_already_shared":true,"jetpack_social_options":{"image_generator_settings":{"template":"highway","default_image_id":0,"font":"","enabled":false},"version":2}},"categories":[14],"tags":[36,73,62,227],"class_list":["post-3066","post","type-post","status-publish","format-standard","has-post-thumbnail","hentry","category-cultura","tag-algarve","tag-aljezur","tag-atualidade","tag-rota-vicentina"],"yoast_head":"<!-- This site is optimized with the Yoast SEO plugin v27.5 - https:\/\/yoast.com\/product\/yoast-seo-wordpress\/ -->\n<title>C\u00e2mara de Aljezur renova protocolo com a associa\u00e7\u00e3o Rota Vicentina - Algarve 7<\/title>\n<meta name=\"description\" content=\"C\u00e2mara de Aljezur renova protocolo com a associa\u00e7\u00e3o Rota Vicentina\" \/>\n<meta name=\"robots\" content=\"index, follow, max-snippet:-1, max-image-preview:large, max-video-preview:-1\" \/>\n<link rel=\"canonical\" href=\"https:\/\/algarve7.pt\/index.php\/2020\/10\/camara-de-aljezur-renova-protocolo-com-a-associacao-rota-vicentina\/cultura\/17\/46\/\" \/>\n<meta property=\"og:locale\" content=\"pt_PT\" \/>\n<meta property=\"og:type\" content=\"article\" \/>\n<meta property=\"og:title\" content=\"C\u00e2mara de Aljezur renova protocolo com a associa\u00e7\u00e3o Rota Vicentina - Algarve 7\" \/>\n<meta property=\"og:description\" content=\"C\u00e2mara de Aljezur renova protocolo com a associa\u00e7\u00e3o Rota Vicentina\" \/>\n<meta property=\"og:url\" content=\"https:\/\/algarve7.pt\/index.php\/2020\/10\/camara-de-aljezur-renova-protocolo-com-a-associacao-rota-vicentina\/cultura\/17\/46\/\" \/>\n<meta property=\"og:site_name\" content=\"Algarve 7\" \/>\n<meta property=\"article:publisher\" content=\"https:\/\/www.facebook.com\/algarve7\" \/>\n<meta property=\"article:author\" content=\"https:\/\/www.facebook.com\/algarve7\" \/>\n<meta property=\"article:published_time\" content=\"2020-10-28T17:46:14+00:00\" \/>\n<meta property=\"article:modified_time\" content=\"2020-10-28T17:46:15+00:00\" \/>\n<meta property=\"og:image\" content=\"https:\/\/algarve7.pt\/wp-content\/uploads\/2020\/10\/M-Aljezur-Castelo-de-Aljezur_.jpg\" \/>\n\t<meta property=\"og:image:width\" content=\"1000\" \/>\n\t<meta property=\"og:image:height\" content=\"750\" \/>\n\t<meta property=\"og:image:type\" content=\"image\/jpeg\" \/>\n<meta name=\"author\" content=\"Algarve 7\" \/>\n<meta name=\"twitter:card\" content=\"summary_large_image\" \/>\n<meta name=\"twitter:creator\" content=\"@Algarvesete\" \/>\n<meta name=\"twitter:site\" content=\"@Algarvesete\" \/>\n<meta name=\"twitter:label1\" content=\"Escrito por\" \/>\n\t<meta name=\"twitter:data1\" content=\"Algarve 7\" \/>\n\t<meta name=\"twitter:label2\" content=\"Tempo estimado de leitura\" \/>\n\t<meta name=\"twitter:data2\" content=\"1 minuto\" \/>\n<script type=\"application\/ld+json\" class=\"yoast-schema-graph\">{\"@context\":\"https:\\\/\\\/schema.org\",\"@graph\":[{\"@type\":\"Article\",\"@id\":\"https:\\\/\\\/algarve7.pt\\\/index.php\\\/2020\\\/10\\\/camara-de-aljezur-renova-protocolo-com-a-associacao-rota-vicentina\\\/cultura\\\/17\\\/46\\\/#article\",\"isPartOf\":{\"@id\":\"https:\\\/\\\/algarve7.pt\\\/index.php\\\/2020\\\/10\\\/camara-de-aljezur-renova-protocolo-com-a-associacao-rota-vicentina\\\/cultura\\\/17\\\/46\\\/\"},\"author\":{\"name\":\"Algarve 7\",\"@id\":\"https:\\\/\\\/algarve7.pt\\\/#\\\/schema\\\/person\\\/23fa70681308e7b319a3204bcea45e0c\"},\"headline\":\"C\u00e2mara de Aljezur renova protocolo com a associa\u00e7\u00e3o Rota Vicentina\",\"datePublished\":\"2020-10-28T17:46:14+00:00\",\"dateModified\":\"2020-10-28T17:46:15+00:00\",\"mainEntityOfPage\":{\"@id\":\"https:\\\/\\\/algarve7.pt\\\/index.php\\\/2020\\\/10\\\/camara-de-aljezur-renova-protocolo-com-a-associacao-rota-vicentina\\\/cultura\\\/17\\\/46\\\/\"},\"wordCount\":250,\"publisher\":{\"@id\":\"https:\\\/\\\/algarve7.pt\\\/#organization\"},\"image\":{\"@id\":\"https:\\\/\\\/algarve7.pt\\\/index.php\\\/2020\\\/10\\\/camara-de-aljezur-renova-protocolo-com-a-associacao-rota-vicentina\\\/cultura\\\/17\\\/46\\\/#primaryimage\"},\"thumbnailUrl\":\"https:\\\/\\\/algarve7.pt\\\/wp-content\\\/uploads\\\/2020\\\/10\\\/M-Aljezur-Castelo-de-Aljezur_.jpg\",\"keywords\":[\"Algarve\",\"Aljezur\",\"Atualidade\",\"Rota Vicentina\"],\"articleSection\":[\"Cultura\"],\"inLanguage\":\"pt-PT\"},{\"@type\":\"WebPage\",\"@id\":\"https:\\\/\\\/algarve7.pt\\\/index.php\\\/2020\\\/10\\\/camara-de-aljezur-renova-protocolo-com-a-associacao-rota-vicentina\\\/cultura\\\/17\\\/46\\\/\",\"url\":\"https:\\\/\\\/algarve7.pt\\\/index.php\\\/2020\\\/10\\\/camara-de-aljezur-renova-protocolo-com-a-associacao-rota-vicentina\\\/cultura\\\/17\\\/46\\\/\",\"name\":\"C\u00e2mara de Aljezur renova protocolo com a associa\u00e7\u00e3o Rota Vicentina - Algarve 7\",\"isPartOf\":{\"@id\":\"https:\\\/\\\/algarve7.pt\\\/#website\"},\"primaryImageOfPage\":{\"@id\":\"https:\\\/\\\/algarve7.pt\\\/index.php\\\/2020\\\/10\\\/camara-de-aljezur-renova-protocolo-com-a-associacao-rota-vicentina\\\/cultura\\\/17\\\/46\\\/#primaryimage\"},\"image\":{\"@id\":\"https:\\\/\\\/algarve7.pt\\\/index.php\\\/2020\\\/10\\\/camara-de-aljezur-renova-protocolo-com-a-associacao-rota-vicentina\\\/cultura\\\/17\\\/46\\\/#primaryimage\"},\"thumbnailUrl\":\"https:\\\/\\\/algarve7.pt\\\/wp-content\\\/uploads\\\/2020\\\/10\\\/M-Aljezur-Castelo-de-Aljezur_.jpg\",\"datePublished\":\"2020-10-28T17:46:14+00:00\",\"dateModified\":\"2020-10-28T17:46:15+00:00\",\"description\":\"C\u00e2mara de Aljezur renova protocolo com a associa\u00e7\u00e3o Rota Vicentina\",\"breadcrumb\":{\"@id\":\"https:\\\/\\\/algarve7.pt\\\/index.php\\\/2020\\\/10\\\/camara-de-aljezur-renova-protocolo-com-a-associacao-rota-vicentina\\\/cultura\\\/17\\\/46\\\/#breadcrumb\"},\"inLanguage\":\"pt-PT\",\"potentialAction\":[{\"@type\":\"ReadAction\",\"target\":[\"https:\\\/\\\/algarve7.pt\\\/index.php\\\/2020\\\/10\\\/camara-de-aljezur-renova-protocolo-com-a-associacao-rota-vicentina\\\/cultura\\\/17\\\/46\\\/\"]}]},{\"@type\":\"ImageObject\",\"inLanguage\":\"pt-PT\",\"@id\":\"https:\\\/\\\/algarve7.pt\\\/index.php\\\/2020\\\/10\\\/camara-de-aljezur-renova-protocolo-com-a-associacao-rota-vicentina\\\/cultura\\\/17\\\/46\\\/#primaryimage\",\"url\":\"https:\\\/\\\/algarve7.pt\\\/wp-content\\\/uploads\\\/2020\\\/10\\\/M-Aljezur-Castelo-de-Aljezur_.jpg\",\"contentUrl\":\"https:\\\/\\\/algarve7.pt\\\/wp-content\\\/uploads\\\/2020\\\/10\\\/M-Aljezur-Castelo-de-Aljezur_.jpg\",\"width\":1000,\"height\":750},{\"@type\":\"BreadcrumbList\",\"@id\":\"https:\\\/\\\/algarve7.pt\\\/index.php\\\/2020\\\/10\\\/camara-de-aljezur-renova-protocolo-com-a-associacao-rota-vicentina\\\/cultura\\\/17\\\/46\\\/#breadcrumb\",\"itemListElement\":[{\"@type\":\"ListItem\",\"position\":1,\"name\":\"In\u00edcio\",\"item\":\"https:\\\/\\\/algarve7.pt\\\/\"},{\"@type\":\"ListItem\",\"position\":2,\"name\":\"C\u00e2mara de Aljezur renova protocolo com a associa\u00e7\u00e3o Rota Vicentina\"}]},{\"@type\":\"WebSite\",\"@id\":\"https:\\\/\\\/algarve7.pt\\\/#website\",\"url\":\"https:\\\/\\\/algarve7.pt\\\/\",\"name\":\"Algarve 7\",\"description\":\"Informa\u00e7\u00e3o sobre o Algarve\",\"publisher\":{\"@id\":\"https:\\\/\\\/algarve7.pt\\\/#organization\"},\"potentialAction\":[{\"@type\":\"SearchAction\",\"target\":{\"@type\":\"EntryPoint\",\"urlTemplate\":\"https:\\\/\\\/algarve7.pt\\\/?s={search_term_string}\"},\"query-input\":{\"@type\":\"PropertyValueSpecification\",\"valueRequired\":true,\"valueName\":\"search_term_string\"}}],\"inLanguage\":\"pt-PT\"},{\"@type\":\"Organization\",\"@id\":\"https:\\\/\\\/algarve7.pt\\\/#organization\",\"name\":\"Algarve 7\",\"url\":\"https:\\\/\\\/algarve7.pt\\\/\",\"logo\":{\"@type\":\"ImageObject\",\"inLanguage\":\"pt-PT\",\"@id\":\"https:\\\/\\\/algarve7.pt\\\/#\\\/schema\\\/logo\\\/image\\\/\",\"url\":\"https:\\\/\\\/algarve7.pt\\\/wp-content\\\/uploads\\\/2020\\\/10\\\/Logo-8.jpg\",\"contentUrl\":\"https:\\\/\\\/algarve7.pt\\\/wp-content\\\/uploads\\\/2020\\\/10\\\/Logo-8.jpg\",\"width\":1680,\"height\":1186,\"caption\":\"Algarve 7\"},\"image\":{\"@id\":\"https:\\\/\\\/algarve7.pt\\\/#\\\/schema\\\/logo\\\/image\\\/\"},\"sameAs\":[\"https:\\\/\\\/www.facebook.com\\\/algarve7\",\"https:\\\/\\\/x.com\\\/Algarvesete\",\"https:\\\/\\\/www.instagram.com\\\/jornalalgarve7\\\/\",\"https:\\\/\\\/www.linkedin.com\\\/company\\\/algarve7\",\"https:\\\/\\\/www.pinterest.pt\\\/geral0939\\\/_created\\\/\"]},{\"@type\":\"Person\",\"@id\":\"https:\\\/\\\/algarve7.pt\\\/#\\\/schema\\\/person\\\/23fa70681308e7b319a3204bcea45e0c\",\"name\":\"Algarve 7\",\"sameAs\":[\"https:\\\/\\\/algarve7.pt\",\"https:\\\/\\\/www.facebook.com\\\/algarve7\"],\"url\":\"https:\\\/\\\/algarve7.pt\\\/index.php\\\/author\\\/geralalgarve7-pt\\\/\"}]}<\/script>\n<!-- \/ Yoast SEO plugin. -->","yoast_head_json":{"title":"C\u00e2mara de Aljezur renova protocolo com a associa\u00e7\u00e3o Rota Vicentina - Algarve 7","description":"C\u00e2mara de Aljezur renova protocolo com a associa\u00e7\u00e3o Rota Vicentina","robots":{"index":"index","follow":"follow","max-snippet":"max-snippet:-1","max-image-preview":"max-image-preview:large","max-video-preview":"max-video-preview:-1"},"canonical":"https:\/\/algarve7.pt\/index.php\/2020\/10\/camara-de-aljezur-renova-protocolo-com-a-associacao-rota-vicentina\/cultura\/17\/46\/","og_locale":"pt_PT","og_type":"article","og_title":"C\u00e2mara de Aljezur renova protocolo com a associa\u00e7\u00e3o Rota Vicentina - Algarve 7","og_description":"C\u00e2mara de Aljezur renova protocolo com a associa\u00e7\u00e3o Rota Vicentina","og_url":"https:\/\/algarve7.pt\/index.php\/2020\/10\/camara-de-aljezur-renova-protocolo-com-a-associacao-rota-vicentina\/cultura\/17\/46\/","og_site_name":"Algarve 7","article_publisher":"https:\/\/www.facebook.com\/algarve7","article_author":"https:\/\/www.facebook.com\/algarve7","article_published_time":"2020-10-28T17:46:14+00:00","article_modified_time":"2020-10-28T17:46:15+00:00","og_image":[{"width":1000,"height":750,"url":"https:\/\/algarve7.pt\/wp-content\/uploads\/2020\/10\/M-Aljezur-Castelo-de-Aljezur_.jpg","type":"image\/jpeg"}],"author":"Algarve 7","twitter_card":"summary_large_image","twitter_creator":"@Algarvesete","twitter_site":"@Algarvesete","twitter_misc":{"Escrito por":"Algarve 7","Tempo estimado de leitura":"1 minuto"},"schema":{"@context":"https:\/\/schema.org","@graph":[{"@type":"Article","@id":"https:\/\/algarve7.pt\/index.php\/2020\/10\/camara-de-aljezur-renova-protocolo-com-a-associacao-rota-vicentina\/cultura\/17\/46\/#article","isPartOf":{"@id":"https:\/\/algarve7.pt\/index.php\/2020\/10\/camara-de-aljezur-renova-protocolo-com-a-associacao-rota-vicentina\/cultura\/17\/46\/"},"author":{"name":"Algarve 7","@id":"https:\/\/algarve7.pt\/#\/schema\/person\/23fa70681308e7b319a3204bcea45e0c"},"headline":"C\u00e2mara de Aljezur renova protocolo com a associa\u00e7\u00e3o Rota Vicentina","datePublished":"2020-10-28T17:46:14+00:00","dateModified":"2020-10-28T17:46:15+00:00","mainEntityOfPage":{"@id":"https:\/\/algarve7.pt\/index.php\/2020\/10\/camara-de-aljezur-renova-protocolo-com-a-associacao-rota-vicentina\/cultura\/17\/46\/"},"wordCount":250,"publisher":{"@id":"https:\/\/algarve7.pt\/#organization"},"image":{"@id":"https:\/\/algarve7.pt\/index.php\/2020\/10\/camara-de-aljezur-renova-protocolo-com-a-associacao-rota-vicentina\/cultura\/17\/46\/#primaryimage"},"thumbnailUrl":"https:\/\/algarve7.pt\/wp-content\/uploads\/2020\/10\/M-Aljezur-Castelo-de-Aljezur_.jpg","keywords":["Algarve","Aljezur","Atualidade","Rota Vicentina"],"articleSection":["Cultura"],"inLanguage":"pt-PT"},{"@type":"WebPage","@id":"https:\/\/algarve7.pt\/index.php\/2020\/10\/camara-de-aljezur-renova-protocolo-com-a-associacao-rota-vicentina\/cultura\/17\/46\/","url":"https:\/\/algarve7.pt\/index.php\/2020\/10\/camara-de-aljezur-renova-protocolo-com-a-associacao-rota-vicentina\/cultura\/17\/46\/","name":"C\u00e2mara de Aljezur renova protocolo com a associa\u00e7\u00e3o Rota Vicentina - Algarve 7","isPartOf":{"@id":"https:\/\/algarve7.pt\/#website"},"primaryImageOfPage":{"@id":"https:\/\/algarve7.pt\/index.php\/2020\/10\/camara-de-aljezur-renova-protocolo-com-a-associacao-rota-vicentina\/cultura\/17\/46\/#primaryimage"},"image":{"@id":"https:\/\/algarve7.pt\/index.php\/2020\/10\/camara-de-aljezur-renova-protocolo-com-a-associacao-rota-vicentina\/cultura\/17\/46\/#primaryimage"},"thumbnailUrl":"https:\/\/algarve7.pt\/wp-content\/uploads\/2020\/10\/M-Aljezur-Castelo-de-Aljezur_.jpg","datePublished":"2020-10-28T17:46:14+00:00","dateModified":"2020-10-28T17:46:15+00:00","description":"C\u00e2mara de Aljezur renova protocolo com a associa\u00e7\u00e3o Rota Vicentina","breadcrumb":{"@id":"https:\/\/algarve7.pt\/index.php\/2020\/10\/camara-de-aljezur-renova-protocolo-com-a-associacao-rota-vicentina\/cultura\/17\/46\/#breadcrumb"},"inLanguage":"pt-PT","potentialAction":[{"@type":"ReadAction","target":["https:\/\/algarve7.pt\/index.php\/2020\/10\/camara-de-aljezur-renova-protocolo-com-a-associacao-rota-vicentina\/cultura\/17\/46\/"]}]},{"@type":"ImageObject","inLanguage":"pt-PT","@id":"https:\/\/algarve7.pt\/index.php\/2020\/10\/camara-de-aljezur-renova-protocolo-com-a-associacao-rota-vicentina\/cultura\/17\/46\/#primaryimage","url":"https:\/\/algarve7.pt\/wp-content\/uploads\/2020\/10\/M-Aljezur-Castelo-de-Aljezur_.jpg","contentUrl":"https:\/\/algarve7.pt\/wp-content\/uploads\/2020\/10\/M-Aljezur-Castelo-de-Aljezur_.jpg","width":1000,"height":750},{"@type":"BreadcrumbList","@id":"https:\/\/algarve7.pt\/index.php\/2020\/10\/camara-de-aljezur-renova-protocolo-com-a-associacao-rota-vicentina\/cultura\/17\/46\/#breadcrumb","itemListElement":[{"@type":"ListItem","position":1,"name":"In\u00edcio","item":"https:\/\/algarve7.pt\/"},{"@type":"ListItem","position":2,"name":"C\u00e2mara de Aljezur renova protocolo com a associa\u00e7\u00e3o Rota Vicentina"}]},{"@type":"WebSite","@id":"https:\/\/algarve7.pt\/#website","url":"https:\/\/algarve7.pt\/","name":"Algarve 7","description":"Informa\u00e7\u00e3o sobre o Algarve","publisher":{"@id":"https:\/\/algarve7.pt\/#organization"},"potentialAction":[{"@type":"SearchAction","target":{"@type":"EntryPoint","urlTemplate":"https:\/\/algarve7.pt\/?s={search_term_string}"},"query-input":{"@type":"PropertyValueSpecification","valueRequired":true,"valueName":"search_term_string"}}],"inLanguage":"pt-PT"},{"@type":"Organization","@id":"https:\/\/algarve7.pt\/#organization","name":"Algarve 7","url":"https:\/\/algarve7.pt\/","logo":{"@type":"ImageObject","inLanguage":"pt-PT","@id":"https:\/\/algarve7.pt\/#\/schema\/logo\/image\/","url":"https:\/\/algarve7.pt\/wp-content\/uploads\/2020\/10\/Logo-8.jpg","contentUrl":"https:\/\/algarve7.pt\/wp-content\/uploads\/2020\/10\/Logo-8.jpg","width":1680,"height":1186,"caption":"Algarve 7"},"image":{"@id":"https:\/\/algarve7.pt\/#\/schema\/logo\/image\/"},"sameAs":["https:\/\/www.facebook.com\/algarve7","https:\/\/x.com\/Algarvesete","https:\/\/www.instagram.com\/jornalalgarve7\/","https:\/\/www.linkedin.com\/company\/algarve7","https:\/\/www.pinterest.pt\/geral0939\/_created\/"]},{"@type":"Person","@id":"https:\/\/algarve7.pt\/#\/schema\/person\/23fa70681308e7b319a3204bcea45e0c","name":"Algarve 7","sameAs":["https:\/\/algarve7.pt","https:\/\/www.facebook.com\/algarve7"],"url":"https:\/\/algarve7.pt\/index.php\/author\/geralalgarve7-pt\/"}]}},"jetpack_publicize_connections":[],"jetpack_featured_media_url":"https:\/\/algarve7.pt\/wp-content\/uploads\/2020\/10\/M-Aljezur-Castelo-de-Aljezur_.jpg","jetpack_shortlink":"https:\/\/wp.me\/pcezmW-Ns","jetpack_sharing_enabled":true,"_links":{"self":[{"href":"https:\/\/algarve7.pt\/index.php\/wp-json\/wp\/v2\/posts\/3066","targetHints":{"allow":["GET"]}}],"collection":[{"href":"https:\/\/algarve7.pt\/index.php\/wp-json\/wp\/v2\/posts"}],"about":[{"href":"https:\/\/algarve7.pt\/index.php\/wp-json\/wp\/v2\/types\/post"}],"author":[{"embeddable":true,"href":"https:\/\/algarve7.pt\/index.php\/wp-json\/wp\/v2\/users\/1"}],"replies":[{"embeddable":true,"href":"https:\/\/algarve7.pt\/index.php\/wp-json\/wp\/v2\/comments?post=3066"}],"version-history":[{"count":0,"href":"https:\/\/algarve7.pt\/index.php\/wp-json\/wp\/v2\/posts\/3066\/revisions"}],"wp:featuredmedia":[{"embeddable":true,"href":"https:\/\/algarve7.pt\/index.php\/wp-json\/wp\/v2\/media\/3067"}],"wp:attachment":[{"href":"https:\/\/algarve7.pt\/index.php\/wp-json\/wp\/v2\/media?parent=3066"}],"wp:term":[{"taxonomy":"category","embeddable":true,"href":"https:\/\/algarve7.pt\/index.php\/wp-json\/wp\/v2\/categories?post=3066"},{"taxonomy":"post_tag","embeddable":true,"href":"https:\/\/algarve7.pt\/index.php\/wp-json\/wp\/v2\/tags?post=3066"}],"curies":[{"name":"wp","href":"https:\/\/api.w.org\/{rel}","templated":true}]}}