{"id":30644,"date":"2023-09-06T14:51:10","date_gmt":"2023-09-06T13:51:10","guid":{"rendered":"https:\/\/algarve7.pt\/?p=30644"},"modified":"2023-09-06T14:51:12","modified_gmt":"2023-09-06T13:51:12","slug":"comemoracoes-do-feriado-municipal-de-lagoa-lagoa-250-anos-celebrar-lagoa-no-largo-do-auditorio-carlos-do-carmo","status":"publish","type":"post","link":"https:\/\/algarve7.pt\/index.php\/2023\/09\/comemoracoes-do-feriado-municipal-de-lagoa-lagoa-250-anos-celebrar-lagoa-no-largo-do-auditorio-carlos-do-carmo\/atualidade\/14\/51\/","title":{"rendered":"Comemora\u00e7\u00f5es do Feriado Municipal de Lagoa \u201cLagoa 250 Anos\u201d Celebrar Lagoa no Largo do Audit\u00f3rio Carlos do Carmo"},"content":{"rendered":"\n<p>No dia 09 de setembro, entre as 16h00 e as 00h00, o Largo do Audit\u00f3rio Municipal Carlos do Carmo vai ser o palco de uma festa espetacular &#8211; a Festa &#8220;Celebrar Lagoa&#8221;!<\/p>\n\n\n\n<p>Uma celebra\u00e7\u00e3o que vai ficar na mem\u00f3ria. Uma festa de e para todos os Lagoenses, de jovens a Seniores, para todos os que amam esta terra e t\u00eam Orgulho em Ser Lagoa.<\/p>\n\n\n\n<p>\u00c9 o momento de nos reunirmos, partilharmos risos e criarmos mem\u00f3rias inesquec\u00edveis.<\/p>\n\n\n\n<p>34 Artistas Locais &#8211; Talentos \u00fanicos da m\u00fasica Lagoense, com atua\u00e7\u00f5es que v\u00e3o desde o fado ao rock, passando pela m\u00fasica tradicional. Uma verdadeira celebra\u00e7\u00e3o da nossa cultura.<\/p>\n\n\n\n<p>Artesanato Local &#8211; Arte e criatividade dos nossos artes\u00e3os locais. Oportunidade de adquirir pe\u00e7as \u00fanicas e apoiar os talentos da nossa comunidade.<\/p>\n\n\n\n<p>Porco no Espeto &#8211; Um verdadeiro festim de sabor! O porco no espeto \u00e9 uma tradi\u00e7\u00e3o que n\u00e3o pode faltar numa festa como esta.<\/p>\n\n\n\n<p>Muita Anima\u00e7\u00e3o &#8211; Conv\u00edvio com amigos e vizinhos, n\u00e3o faltar\u00e1 anima\u00e7\u00e3o para todos.<\/p>\n\n\n\n<p>A Festa Popular &#8220;Celebrar Lagoa&#8221; \u00e9 a celebra\u00e7\u00e3o da nossa identidade, da nossa cultura e da nossa comunidade. \u00c9 o momento de mostrarmos o nosso orgulho em ser Lagoa. Convide os seus amigos e as suas amigas, traga a fam\u00edlia e junte-se a n\u00f3s nesta festa \u00fanica!<\/p>\n\n\n\n<p>Marque j\u00e1 no seu calend\u00e1rio: 09 de setembro, das 16h00 \u00e0s 00h00, no Largo do Audit\u00f3rio Municipal Carlos do Carmo. N\u00e3o perca esta oportunidade de celebrar Lagoa como nunca!<\/p>\n","protected":false},"excerpt":{"rendered":"<p>No dia 09 de setembro, entre as 16h00 e as 00h00, o Largo do Audit\u00f3rio Municipal Carlos do Carmo vai<\/p>\n","protected":false},"author":1,"featured_media":30645,"comment_status":"closed","ping_status":"open","sticky":false,"template":"","format":"standard","meta":{"colormag_page_container_layout":"default_layout","colormag_page_sidebar_layout":"default_layout","_monsterinsights_skip_tracking":false,"_monsterinsights_sitenote_active":false,"_monsterinsights_sitenote_note":"","_monsterinsights_sitenote_category":0,"jetpack_post_was_ever_published":false,"_jetpack_newsletter_access":"","_jetpack_dont_email_post_to_subs":false,"_jetpack_newsletter_tier_id":0,"_jetpack_memberships_contains_paywalled_content":false,"_jetpack_memberships_contains_paid_content":false,"footnotes":"","jetpack_publicize_message":"","jetpack_publicize_feature_enabled":true,"jetpack_social_post_already_shared":true,"jetpack_social_options":{"image_generator_settings":{"template":"highway","default_image_id":0,"font":"","enabled":false},"version":2}},"categories":[11],"tags":[36,62,48],"class_list":["post-30644","post","type-post","status-publish","format-standard","has-post-thumbnail","hentry","category-atualidade","tag-algarve","tag-atualidade","tag-lagoa"],"yoast_head":"<!-- This site is optimized with the Yoast SEO plugin v27.4 - https:\/\/yoast.com\/product\/yoast-seo-wordpress\/ -->\n<title>Comemora\u00e7\u00f5es do Feriado Municipal de Lagoa \u201cLagoa 250 Anos\u201d Celebrar Lagoa no Largo do Audit\u00f3rio Carlos do Carmo - Algarve 7<\/title>\n<meta name=\"description\" content=\"Comemora\u00e7\u00f5es do Feriado Municipal de Lagoa \u201cLagoa 250 Anos\u201d Celebrar Lagoa no Largo do Audit\u00f3rio Carlos do Carmo Atualidade\" \/>\n<meta name=\"robots\" content=\"index, follow, max-snippet:-1, max-image-preview:large, max-video-preview:-1\" \/>\n<link rel=\"canonical\" href=\"https:\/\/algarve7.pt\/index.php\/2023\/09\/comemoracoes-do-feriado-municipal-de-lagoa-lagoa-250-anos-celebrar-lagoa-no-largo-do-auditorio-carlos-do-carmo\/atualidade\/14\/51\/\" \/>\n<meta property=\"og:locale\" content=\"pt_PT\" \/>\n<meta property=\"og:type\" content=\"article\" \/>\n<meta property=\"og:title\" content=\"Comemora\u00e7\u00f5es do Feriado Municipal de Lagoa \u201cLagoa 250 Anos\u201d Celebrar Lagoa no Largo do Audit\u00f3rio Carlos do Carmo - Algarve 7\" \/>\n<meta property=\"og:description\" content=\"Comemora\u00e7\u00f5es do Feriado Municipal de Lagoa \u201cLagoa 250 Anos\u201d Celebrar Lagoa no Largo do Audit\u00f3rio Carlos do Carmo Atualidade\" \/>\n<meta property=\"og:url\" content=\"https:\/\/algarve7.pt\/index.php\/2023\/09\/comemoracoes-do-feriado-municipal-de-lagoa-lagoa-250-anos-celebrar-lagoa-no-largo-do-auditorio-carlos-do-carmo\/atualidade\/14\/51\/\" \/>\n<meta property=\"og:site_name\" content=\"Algarve 7\" \/>\n<meta property=\"article:publisher\" content=\"https:\/\/www.facebook.com\/algarve7\" \/>\n<meta property=\"article:author\" content=\"https:\/\/www.facebook.com\/algarve7\" \/>\n<meta property=\"article:published_time\" content=\"2023-09-06T13:51:10+00:00\" \/>\n<meta property=\"article:modified_time\" content=\"2023-09-06T13:51:12+00:00\" \/>\n<meta property=\"og:image\" content=\"https:\/\/algarve7.pt\/wp-content\/uploads\/2023\/09\/Captura-de-ecra-2023-09-06-as-14.46.49.png\" \/>\n\t<meta property=\"og:image:width\" content=\"1024\" \/>\n\t<meta property=\"og:image:height\" content=\"724\" \/>\n\t<meta property=\"og:image:type\" content=\"image\/png\" \/>\n<meta name=\"author\" content=\"Algarve 7\" \/>\n<meta name=\"twitter:card\" content=\"summary_large_image\" \/>\n<meta name=\"twitter:creator\" content=\"@Algarvesete\" \/>\n<meta name=\"twitter:site\" content=\"@Algarvesete\" \/>\n<meta name=\"twitter:label1\" content=\"Escrito por\" \/>\n\t<meta name=\"twitter:data1\" content=\"Algarve 7\" \/>\n\t<meta name=\"twitter:label2\" content=\"Tempo estimado de leitura\" \/>\n\t<meta name=\"twitter:data2\" content=\"2 minutos\" \/>\n<script type=\"application\/ld+json\" class=\"yoast-schema-graph\">{\"@context\":\"https:\\\/\\\/schema.org\",\"@graph\":[{\"@type\":\"Article\",\"@id\":\"https:\\\/\\\/algarve7.pt\\\/index.php\\\/2023\\\/09\\\/comemoracoes-do-feriado-municipal-de-lagoa-lagoa-250-anos-celebrar-lagoa-no-largo-do-auditorio-carlos-do-carmo\\\/atualidade\\\/14\\\/51\\\/#article\",\"isPartOf\":{\"@id\":\"https:\\\/\\\/algarve7.pt\\\/index.php\\\/2023\\\/09\\\/comemoracoes-do-feriado-municipal-de-lagoa-lagoa-250-anos-celebrar-lagoa-no-largo-do-auditorio-carlos-do-carmo\\\/atualidade\\\/14\\\/51\\\/\"},\"author\":{\"name\":\"Algarve 7\",\"@id\":\"https:\\\/\\\/algarve7.pt\\\/#\\\/schema\\\/person\\\/23fa70681308e7b319a3204bcea45e0c\"},\"headline\":\"Comemora\u00e7\u00f5es do Feriado Municipal de Lagoa \u201cLagoa 250 Anos\u201d Celebrar Lagoa no Largo do Audit\u00f3rio Carlos do Carmo\",\"datePublished\":\"2023-09-06T13:51:10+00:00\",\"dateModified\":\"2023-09-06T13:51:12+00:00\",\"mainEntityOfPage\":{\"@id\":\"https:\\\/\\\/algarve7.pt\\\/index.php\\\/2023\\\/09\\\/comemoracoes-do-feriado-municipal-de-lagoa-lagoa-250-anos-celebrar-lagoa-no-largo-do-auditorio-carlos-do-carmo\\\/atualidade\\\/14\\\/51\\\/\"},\"wordCount\":276,\"publisher\":{\"@id\":\"https:\\\/\\\/algarve7.pt\\\/#organization\"},\"image\":{\"@id\":\"https:\\\/\\\/algarve7.pt\\\/index.php\\\/2023\\\/09\\\/comemoracoes-do-feriado-municipal-de-lagoa-lagoa-250-anos-celebrar-lagoa-no-largo-do-auditorio-carlos-do-carmo\\\/atualidade\\\/14\\\/51\\\/#primaryimage\"},\"thumbnailUrl\":\"https:\\\/\\\/algarve7.pt\\\/wp-content\\\/uploads\\\/2023\\\/09\\\/Captura-de-ecra-2023-09-06-as-14.46.49.png\",\"keywords\":[\"Algarve\",\"Atualidade\",\"Lagoa\"],\"articleSection\":[\"Atualidade\"],\"inLanguage\":\"pt-PT\"},{\"@type\":\"WebPage\",\"@id\":\"https:\\\/\\\/algarve7.pt\\\/index.php\\\/2023\\\/09\\\/comemoracoes-do-feriado-municipal-de-lagoa-lagoa-250-anos-celebrar-lagoa-no-largo-do-auditorio-carlos-do-carmo\\\/atualidade\\\/14\\\/51\\\/\",\"url\":\"https:\\\/\\\/algarve7.pt\\\/index.php\\\/2023\\\/09\\\/comemoracoes-do-feriado-municipal-de-lagoa-lagoa-250-anos-celebrar-lagoa-no-largo-do-auditorio-carlos-do-carmo\\\/atualidade\\\/14\\\/51\\\/\",\"name\":\"Comemora\u00e7\u00f5es do Feriado Municipal de Lagoa \u201cLagoa 250 Anos\u201d Celebrar Lagoa no Largo do Audit\u00f3rio Carlos do Carmo - Algarve 7\",\"isPartOf\":{\"@id\":\"https:\\\/\\\/algarve7.pt\\\/#website\"},\"primaryImageOfPage\":{\"@id\":\"https:\\\/\\\/algarve7.pt\\\/index.php\\\/2023\\\/09\\\/comemoracoes-do-feriado-municipal-de-lagoa-lagoa-250-anos-celebrar-lagoa-no-largo-do-auditorio-carlos-do-carmo\\\/atualidade\\\/14\\\/51\\\/#primaryimage\"},\"image\":{\"@id\":\"https:\\\/\\\/algarve7.pt\\\/index.php\\\/2023\\\/09\\\/comemoracoes-do-feriado-municipal-de-lagoa-lagoa-250-anos-celebrar-lagoa-no-largo-do-auditorio-carlos-do-carmo\\\/atualidade\\\/14\\\/51\\\/#primaryimage\"},\"thumbnailUrl\":\"https:\\\/\\\/algarve7.pt\\\/wp-content\\\/uploads\\\/2023\\\/09\\\/Captura-de-ecra-2023-09-06-as-14.46.49.png\",\"datePublished\":\"2023-09-06T13:51:10+00:00\",\"dateModified\":\"2023-09-06T13:51:12+00:00\",\"description\":\"Comemora\u00e7\u00f5es do Feriado Municipal de Lagoa \u201cLagoa 250 Anos\u201d Celebrar Lagoa no Largo do Audit\u00f3rio Carlos do Carmo Atualidade\",\"breadcrumb\":{\"@id\":\"https:\\\/\\\/algarve7.pt\\\/index.php\\\/2023\\\/09\\\/comemoracoes-do-feriado-municipal-de-lagoa-lagoa-250-anos-celebrar-lagoa-no-largo-do-auditorio-carlos-do-carmo\\\/atualidade\\\/14\\\/51\\\/#breadcrumb\"},\"inLanguage\":\"pt-PT\",\"potentialAction\":[{\"@type\":\"ReadAction\",\"target\":[\"https:\\\/\\\/algarve7.pt\\\/index.php\\\/2023\\\/09\\\/comemoracoes-do-feriado-municipal-de-lagoa-lagoa-250-anos-celebrar-lagoa-no-largo-do-auditorio-carlos-do-carmo\\\/atualidade\\\/14\\\/51\\\/\"]}]},{\"@type\":\"ImageObject\",\"inLanguage\":\"pt-PT\",\"@id\":\"https:\\\/\\\/algarve7.pt\\\/index.php\\\/2023\\\/09\\\/comemoracoes-do-feriado-municipal-de-lagoa-lagoa-250-anos-celebrar-lagoa-no-largo-do-auditorio-carlos-do-carmo\\\/atualidade\\\/14\\\/51\\\/#primaryimage\",\"url\":\"https:\\\/\\\/algarve7.pt\\\/wp-content\\\/uploads\\\/2023\\\/09\\\/Captura-de-ecra-2023-09-06-as-14.46.49.png\",\"contentUrl\":\"https:\\\/\\\/algarve7.pt\\\/wp-content\\\/uploads\\\/2023\\\/09\\\/Captura-de-ecra-2023-09-06-as-14.46.49.png\",\"width\":1024,\"height\":724},{\"@type\":\"BreadcrumbList\",\"@id\":\"https:\\\/\\\/algarve7.pt\\\/index.php\\\/2023\\\/09\\\/comemoracoes-do-feriado-municipal-de-lagoa-lagoa-250-anos-celebrar-lagoa-no-largo-do-auditorio-carlos-do-carmo\\\/atualidade\\\/14\\\/51\\\/#breadcrumb\",\"itemListElement\":[{\"@type\":\"ListItem\",\"position\":1,\"name\":\"In\u00edcio\",\"item\":\"https:\\\/\\\/algarve7.pt\\\/\"},{\"@type\":\"ListItem\",\"position\":2,\"name\":\"Comemora\u00e7\u00f5es do Feriado Municipal de Lagoa \u201cLagoa 250 Anos\u201d Celebrar Lagoa no Largo do Audit\u00f3rio Carlos do Carmo\"}]},{\"@type\":\"WebSite\",\"@id\":\"https:\\\/\\\/algarve7.pt\\\/#website\",\"url\":\"https:\\\/\\\/algarve7.pt\\\/\",\"name\":\"Algarve 7\",\"description\":\"Informa\u00e7\u00e3o sobre o Algarve\",\"publisher\":{\"@id\":\"https:\\\/\\\/algarve7.pt\\\/#organization\"},\"potentialAction\":[{\"@type\":\"SearchAction\",\"target\":{\"@type\":\"EntryPoint\",\"urlTemplate\":\"https:\\\/\\\/algarve7.pt\\\/?s={search_term_string}\"},\"query-input\":{\"@type\":\"PropertyValueSpecification\",\"valueRequired\":true,\"valueName\":\"search_term_string\"}}],\"inLanguage\":\"pt-PT\"},{\"@type\":\"Organization\",\"@id\":\"https:\\\/\\\/algarve7.pt\\\/#organization\",\"name\":\"Algarve 7\",\"url\":\"https:\\\/\\\/algarve7.pt\\\/\",\"logo\":{\"@type\":\"ImageObject\",\"inLanguage\":\"pt-PT\",\"@id\":\"https:\\\/\\\/algarve7.pt\\\/#\\\/schema\\\/logo\\\/image\\\/\",\"url\":\"https:\\\/\\\/algarve7.pt\\\/wp-content\\\/uploads\\\/2020\\\/10\\\/Logo-8.jpg\",\"contentUrl\":\"https:\\\/\\\/algarve7.pt\\\/wp-content\\\/uploads\\\/2020\\\/10\\\/Logo-8.jpg\",\"width\":1680,\"height\":1186,\"caption\":\"Algarve 7\"},\"image\":{\"@id\":\"https:\\\/\\\/algarve7.pt\\\/#\\\/schema\\\/logo\\\/image\\\/\"},\"sameAs\":[\"https:\\\/\\\/www.facebook.com\\\/algarve7\",\"https:\\\/\\\/x.com\\\/Algarvesete\",\"https:\\\/\\\/www.instagram.com\\\/jornalalgarve7\\\/\",\"https:\\\/\\\/www.linkedin.com\\\/company\\\/algarve7\",\"https:\\\/\\\/www.pinterest.pt\\\/geral0939\\\/_created\\\/\"]},{\"@type\":\"Person\",\"@id\":\"https:\\\/\\\/algarve7.pt\\\/#\\\/schema\\\/person\\\/23fa70681308e7b319a3204bcea45e0c\",\"name\":\"Algarve 7\",\"sameAs\":[\"https:\\\/\\\/algarve7.pt\",\"https:\\\/\\\/www.facebook.com\\\/algarve7\"],\"url\":\"https:\\\/\\\/algarve7.pt\\\/index.php\\\/author\\\/geralalgarve7-pt\\\/\"}]}<\/script>\n<!-- \/ Yoast SEO plugin. -->","yoast_head_json":{"title":"Comemora\u00e7\u00f5es do Feriado Municipal de Lagoa \u201cLagoa 250 Anos\u201d Celebrar Lagoa no Largo do Audit\u00f3rio Carlos do Carmo - Algarve 7","description":"Comemora\u00e7\u00f5es do Feriado Municipal de Lagoa \u201cLagoa 250 Anos\u201d Celebrar Lagoa no Largo do Audit\u00f3rio Carlos do Carmo Atualidade","robots":{"index":"index","follow":"follow","max-snippet":"max-snippet:-1","max-image-preview":"max-image-preview:large","max-video-preview":"max-video-preview:-1"},"canonical":"https:\/\/algarve7.pt\/index.php\/2023\/09\/comemoracoes-do-feriado-municipal-de-lagoa-lagoa-250-anos-celebrar-lagoa-no-largo-do-auditorio-carlos-do-carmo\/atualidade\/14\/51\/","og_locale":"pt_PT","og_type":"article","og_title":"Comemora\u00e7\u00f5es do Feriado Municipal de Lagoa \u201cLagoa 250 Anos\u201d Celebrar Lagoa no Largo do Audit\u00f3rio Carlos do Carmo - Algarve 7","og_description":"Comemora\u00e7\u00f5es do Feriado Municipal de Lagoa \u201cLagoa 250 Anos\u201d Celebrar Lagoa no Largo do Audit\u00f3rio Carlos do Carmo Atualidade","og_url":"https:\/\/algarve7.pt\/index.php\/2023\/09\/comemoracoes-do-feriado-municipal-de-lagoa-lagoa-250-anos-celebrar-lagoa-no-largo-do-auditorio-carlos-do-carmo\/atualidade\/14\/51\/","og_site_name":"Algarve 7","article_publisher":"https:\/\/www.facebook.com\/algarve7","article_author":"https:\/\/www.facebook.com\/algarve7","article_published_time":"2023-09-06T13:51:10+00:00","article_modified_time":"2023-09-06T13:51:12+00:00","og_image":[{"width":1024,"height":724,"url":"https:\/\/algarve7.pt\/wp-content\/uploads\/2023\/09\/Captura-de-ecra-2023-09-06-as-14.46.49.png","type":"image\/png"}],"author":"Algarve 7","twitter_card":"summary_large_image","twitter_creator":"@Algarvesete","twitter_site":"@Algarvesete","twitter_misc":{"Escrito por":"Algarve 7","Tempo estimado de leitura":"2 minutos"},"schema":{"@context":"https:\/\/schema.org","@graph":[{"@type":"Article","@id":"https:\/\/algarve7.pt\/index.php\/2023\/09\/comemoracoes-do-feriado-municipal-de-lagoa-lagoa-250-anos-celebrar-lagoa-no-largo-do-auditorio-carlos-do-carmo\/atualidade\/14\/51\/#article","isPartOf":{"@id":"https:\/\/algarve7.pt\/index.php\/2023\/09\/comemoracoes-do-feriado-municipal-de-lagoa-lagoa-250-anos-celebrar-lagoa-no-largo-do-auditorio-carlos-do-carmo\/atualidade\/14\/51\/"},"author":{"name":"Algarve 7","@id":"https:\/\/algarve7.pt\/#\/schema\/person\/23fa70681308e7b319a3204bcea45e0c"},"headline":"Comemora\u00e7\u00f5es do Feriado Municipal de Lagoa \u201cLagoa 250 Anos\u201d Celebrar Lagoa no Largo do Audit\u00f3rio Carlos do Carmo","datePublished":"2023-09-06T13:51:10+00:00","dateModified":"2023-09-06T13:51:12+00:00","mainEntityOfPage":{"@id":"https:\/\/algarve7.pt\/index.php\/2023\/09\/comemoracoes-do-feriado-municipal-de-lagoa-lagoa-250-anos-celebrar-lagoa-no-largo-do-auditorio-carlos-do-carmo\/atualidade\/14\/51\/"},"wordCount":276,"publisher":{"@id":"https:\/\/algarve7.pt\/#organization"},"image":{"@id":"https:\/\/algarve7.pt\/index.php\/2023\/09\/comemoracoes-do-feriado-municipal-de-lagoa-lagoa-250-anos-celebrar-lagoa-no-largo-do-auditorio-carlos-do-carmo\/atualidade\/14\/51\/#primaryimage"},"thumbnailUrl":"https:\/\/algarve7.pt\/wp-content\/uploads\/2023\/09\/Captura-de-ecra-2023-09-06-as-14.46.49.png","keywords":["Algarve","Atualidade","Lagoa"],"articleSection":["Atualidade"],"inLanguage":"pt-PT"},{"@type":"WebPage","@id":"https:\/\/algarve7.pt\/index.php\/2023\/09\/comemoracoes-do-feriado-municipal-de-lagoa-lagoa-250-anos-celebrar-lagoa-no-largo-do-auditorio-carlos-do-carmo\/atualidade\/14\/51\/","url":"https:\/\/algarve7.pt\/index.php\/2023\/09\/comemoracoes-do-feriado-municipal-de-lagoa-lagoa-250-anos-celebrar-lagoa-no-largo-do-auditorio-carlos-do-carmo\/atualidade\/14\/51\/","name":"Comemora\u00e7\u00f5es do Feriado Municipal de Lagoa \u201cLagoa 250 Anos\u201d Celebrar Lagoa no Largo do Audit\u00f3rio Carlos do Carmo - Algarve 7","isPartOf":{"@id":"https:\/\/algarve7.pt\/#website"},"primaryImageOfPage":{"@id":"https:\/\/algarve7.pt\/index.php\/2023\/09\/comemoracoes-do-feriado-municipal-de-lagoa-lagoa-250-anos-celebrar-lagoa-no-largo-do-auditorio-carlos-do-carmo\/atualidade\/14\/51\/#primaryimage"},"image":{"@id":"https:\/\/algarve7.pt\/index.php\/2023\/09\/comemoracoes-do-feriado-municipal-de-lagoa-lagoa-250-anos-celebrar-lagoa-no-largo-do-auditorio-carlos-do-carmo\/atualidade\/14\/51\/#primaryimage"},"thumbnailUrl":"https:\/\/algarve7.pt\/wp-content\/uploads\/2023\/09\/Captura-de-ecra-2023-09-06-as-14.46.49.png","datePublished":"2023-09-06T13:51:10+00:00","dateModified":"2023-09-06T13:51:12+00:00","description":"Comemora\u00e7\u00f5es do Feriado Municipal de Lagoa \u201cLagoa 250 Anos\u201d Celebrar Lagoa no Largo do Audit\u00f3rio Carlos do Carmo Atualidade","breadcrumb":{"@id":"https:\/\/algarve7.pt\/index.php\/2023\/09\/comemoracoes-do-feriado-municipal-de-lagoa-lagoa-250-anos-celebrar-lagoa-no-largo-do-auditorio-carlos-do-carmo\/atualidade\/14\/51\/#breadcrumb"},"inLanguage":"pt-PT","potentialAction":[{"@type":"ReadAction","target":["https:\/\/algarve7.pt\/index.php\/2023\/09\/comemoracoes-do-feriado-municipal-de-lagoa-lagoa-250-anos-celebrar-lagoa-no-largo-do-auditorio-carlos-do-carmo\/atualidade\/14\/51\/"]}]},{"@type":"ImageObject","inLanguage":"pt-PT","@id":"https:\/\/algarve7.pt\/index.php\/2023\/09\/comemoracoes-do-feriado-municipal-de-lagoa-lagoa-250-anos-celebrar-lagoa-no-largo-do-auditorio-carlos-do-carmo\/atualidade\/14\/51\/#primaryimage","url":"https:\/\/algarve7.pt\/wp-content\/uploads\/2023\/09\/Captura-de-ecra-2023-09-06-as-14.46.49.png","contentUrl":"https:\/\/algarve7.pt\/wp-content\/uploads\/2023\/09\/Captura-de-ecra-2023-09-06-as-14.46.49.png","width":1024,"height":724},{"@type":"BreadcrumbList","@id":"https:\/\/algarve7.pt\/index.php\/2023\/09\/comemoracoes-do-feriado-municipal-de-lagoa-lagoa-250-anos-celebrar-lagoa-no-largo-do-auditorio-carlos-do-carmo\/atualidade\/14\/51\/#breadcrumb","itemListElement":[{"@type":"ListItem","position":1,"name":"In\u00edcio","item":"https:\/\/algarve7.pt\/"},{"@type":"ListItem","position":2,"name":"Comemora\u00e7\u00f5es do Feriado Municipal de Lagoa \u201cLagoa 250 Anos\u201d Celebrar Lagoa no Largo do Audit\u00f3rio Carlos do Carmo"}]},{"@type":"WebSite","@id":"https:\/\/algarve7.pt\/#website","url":"https:\/\/algarve7.pt\/","name":"Algarve 7","description":"Informa\u00e7\u00e3o sobre o Algarve","publisher":{"@id":"https:\/\/algarve7.pt\/#organization"},"potentialAction":[{"@type":"SearchAction","target":{"@type":"EntryPoint","urlTemplate":"https:\/\/algarve7.pt\/?s={search_term_string}"},"query-input":{"@type":"PropertyValueSpecification","valueRequired":true,"valueName":"search_term_string"}}],"inLanguage":"pt-PT"},{"@type":"Organization","@id":"https:\/\/algarve7.pt\/#organization","name":"Algarve 7","url":"https:\/\/algarve7.pt\/","logo":{"@type":"ImageObject","inLanguage":"pt-PT","@id":"https:\/\/algarve7.pt\/#\/schema\/logo\/image\/","url":"https:\/\/algarve7.pt\/wp-content\/uploads\/2020\/10\/Logo-8.jpg","contentUrl":"https:\/\/algarve7.pt\/wp-content\/uploads\/2020\/10\/Logo-8.jpg","width":1680,"height":1186,"caption":"Algarve 7"},"image":{"@id":"https:\/\/algarve7.pt\/#\/schema\/logo\/image\/"},"sameAs":["https:\/\/www.facebook.com\/algarve7","https:\/\/x.com\/Algarvesete","https:\/\/www.instagram.com\/jornalalgarve7\/","https:\/\/www.linkedin.com\/company\/algarve7","https:\/\/www.pinterest.pt\/geral0939\/_created\/"]},{"@type":"Person","@id":"https:\/\/algarve7.pt\/#\/schema\/person\/23fa70681308e7b319a3204bcea45e0c","name":"Algarve 7","sameAs":["https:\/\/algarve7.pt","https:\/\/www.facebook.com\/algarve7"],"url":"https:\/\/algarve7.pt\/index.php\/author\/geralalgarve7-pt\/"}]}},"jetpack_publicize_connections":[],"jetpack_featured_media_url":"https:\/\/algarve7.pt\/wp-content\/uploads\/2023\/09\/Captura-de-ecra-2023-09-06-as-14.46.49.png","jetpack_shortlink":"https:\/\/wp.me\/pcezmW-7Yg","jetpack_sharing_enabled":true,"_links":{"self":[{"href":"https:\/\/algarve7.pt\/index.php\/wp-json\/wp\/v2\/posts\/30644","targetHints":{"allow":["GET"]}}],"collection":[{"href":"https:\/\/algarve7.pt\/index.php\/wp-json\/wp\/v2\/posts"}],"about":[{"href":"https:\/\/algarve7.pt\/index.php\/wp-json\/wp\/v2\/types\/post"}],"author":[{"embeddable":true,"href":"https:\/\/algarve7.pt\/index.php\/wp-json\/wp\/v2\/users\/1"}],"replies":[{"embeddable":true,"href":"https:\/\/algarve7.pt\/index.php\/wp-json\/wp\/v2\/comments?post=30644"}],"version-history":[{"count":0,"href":"https:\/\/algarve7.pt\/index.php\/wp-json\/wp\/v2\/posts\/30644\/revisions"}],"wp:featuredmedia":[{"embeddable":true,"href":"https:\/\/algarve7.pt\/index.php\/wp-json\/wp\/v2\/media\/30645"}],"wp:attachment":[{"href":"https:\/\/algarve7.pt\/index.php\/wp-json\/wp\/v2\/media?parent=30644"}],"wp:term":[{"taxonomy":"category","embeddable":true,"href":"https:\/\/algarve7.pt\/index.php\/wp-json\/wp\/v2\/categories?post=30644"},{"taxonomy":"post_tag","embeddable":true,"href":"https:\/\/algarve7.pt\/index.php\/wp-json\/wp\/v2\/tags?post=30644"}],"curies":[{"name":"wp","href":"https:\/\/api.w.org\/{rel}","templated":true}]}}