{"id":30587,"date":"2023-09-04T15:36:10","date_gmt":"2023-09-04T14:36:10","guid":{"rendered":"https:\/\/algarve7.pt\/?p=30587"},"modified":"2023-09-04T15:36:14","modified_gmt":"2023-09-04T14:36:14","slug":"municipio-de-silves-homenageou-personalidades-do-concelho","status":"publish","type":"post","link":"https:\/\/algarve7.pt\/index.php\/2023\/09\/municipio-de-silves-homenageou-personalidades-do-concelho\/atualidade\/15\/36\/","title":{"rendered":"Munic\u00edpio de Silves homenageou personalidades do concelho"},"content":{"rendered":"\n<p>Integrado nas comemora\u00e7\u00f5es do Dia do Munic\u00edpio, decorreu ontem, dia 03 de Setembro, no Castelo de Silves, a homenagem a personalidades do concelho.<\/p>\n\n\n\n<p>Foram atribu\u00eddas as seguintes distin\u00e7\u00f5es: Distin\u00e7\u00e3o Municipal &#8211; Pr\u00e9mio M\u00fasica: Reflect | 20 anos. Fundada por Pedro Pinto [Reflect], tem sido um dos principais polos agregadores de talentos algarvios n\u00e3o s\u00f3 a n\u00edvel musical, mas tamb\u00e9m de outras correntes art\u00edsticas como a dan\u00e7a e a poesia. Fundou e dirige a editora Kimahera que apesar de ser uma editora de Hip-Hop de g\u00e9nese, o historial de edi\u00e7\u00f5es vai muito para al\u00e9m de r\u00f3tulos, g\u00e9neros ou fronteiras. Distin\u00e7\u00e3o Municipal &#8211; Pr\u00e9mio Literatura: Manuel Neto dos Santos &#8211; Poeta, ator, declamador, tradutor. Nasceu em Alcantarilha a 21 de Janeiro de 1959. Ativista cultural desde a adolesc\u00eancia. Figura incontorn\u00e1vel na moderna poesia portuguesa. Autor de importante e multifacetada obra po\u00e9tica, grande parte dela ainda in\u00e9dita; Distin\u00e7\u00e3o Municipal &#8211; Pr\u00e9mio Artes: Jorge Santos (Homenagem P\u00f3stuma) &#8211; Jorge Santos \u2013 Nasceu em Silves e era formado em Artes Pl\u00e1sticas pela Escola Superior de Artes e Design das Caldas da Rainha. Enquanto artista pl\u00e1stico, o seu percurso art\u00edstico passou pela pintura, escultura, v\u00eddeo, fotografia e gravura. O seu trabalho \u00e9 reconhecido n\u00e3o s\u00f3 em Portugal como no estrangeiro, integrando cole\u00e7\u00f5es privadas nacionais e internacionais.<\/p>\n\n\n\n<p>As Distin\u00e7\u00f5es de M\u00e9rito Municipal s\u00e3o concedidas a personalidades que, com o intuito da prossecu\u00e7\u00e3o do bem comum, contribu\u00edram para o engrandecimento e dignifica\u00e7\u00e3o do Munic\u00edpio.<\/p>\n","protected":false},"excerpt":{"rendered":"<p>Integrado nas comemora\u00e7\u00f5es do Dia do Munic\u00edpio, decorreu ontem, dia 03 de Setembro, no Castelo de Silves, a homenagem a<\/p>\n","protected":false},"author":1,"featured_media":30588,"comment_status":"closed","ping_status":"open","sticky":false,"template":"","format":"standard","meta":{"colormag_page_container_layout":"default_layout","colormag_page_sidebar_layout":"default_layout","_monsterinsights_skip_tracking":false,"_monsterinsights_sitenote_active":false,"_monsterinsights_sitenote_note":"","_monsterinsights_sitenote_category":0,"jetpack_post_was_ever_published":false,"_jetpack_newsletter_access":"","_jetpack_dont_email_post_to_subs":false,"_jetpack_newsletter_tier_id":0,"_jetpack_memberships_contains_paywalled_content":false,"_jetpack_memberships_contains_paid_content":false,"footnotes":"","jetpack_publicize_message":"","jetpack_publicize_feature_enabled":true,"jetpack_social_post_already_shared":true,"jetpack_social_options":{"image_generator_settings":{"template":"highway","default_image_id":0,"font":"","enabled":false},"version":2}},"categories":[11],"tags":[36,62,42],"class_list":["post-30587","post","type-post","status-publish","format-standard","has-post-thumbnail","hentry","category-atualidade","tag-algarve","tag-atualidade","tag-silves"],"yoast_head":"<!-- This site is optimized with the Yoast SEO plugin v27.4 - https:\/\/yoast.com\/product\/yoast-seo-wordpress\/ -->\n<title>Munic\u00edpio de Silves homenageou personalidades do concelho - Algarve 7<\/title>\n<meta name=\"description\" content=\"Munic\u00edpio de Silves homenageou personalidades do concelho Atualidade\" \/>\n<meta name=\"robots\" content=\"index, follow, max-snippet:-1, max-image-preview:large, max-video-preview:-1\" \/>\n<link rel=\"canonical\" href=\"https:\/\/algarve7.pt\/index.php\/2023\/09\/municipio-de-silves-homenageou-personalidades-do-concelho\/atualidade\/15\/36\/\" \/>\n<meta property=\"og:locale\" content=\"pt_PT\" \/>\n<meta property=\"og:type\" content=\"article\" \/>\n<meta property=\"og:title\" content=\"Munic\u00edpio de Silves homenageou personalidades do concelho - Algarve 7\" \/>\n<meta property=\"og:description\" content=\"Munic\u00edpio de Silves homenageou personalidades do concelho Atualidade\" \/>\n<meta property=\"og:url\" content=\"https:\/\/algarve7.pt\/index.php\/2023\/09\/municipio-de-silves-homenageou-personalidades-do-concelho\/atualidade\/15\/36\/\" \/>\n<meta property=\"og:site_name\" content=\"Algarve 7\" \/>\n<meta property=\"article:publisher\" content=\"https:\/\/www.facebook.com\/algarve7\" \/>\n<meta property=\"article:author\" content=\"https:\/\/www.facebook.com\/algarve7\" \/>\n<meta property=\"article:published_time\" content=\"2023-09-04T14:36:10+00:00\" \/>\n<meta property=\"article:modified_time\" content=\"2023-09-04T14:36:14+00:00\" \/>\n<meta property=\"og:image\" content=\"https:\/\/algarve7.pt\/wp-content\/uploads\/2023\/09\/Dia-do-Municipio-de-Silves-03-09-2023-9.jpg\" \/>\n\t<meta property=\"og:image:width\" content=\"1500\" \/>\n\t<meta property=\"og:image:height\" content=\"1000\" \/>\n\t<meta property=\"og:image:type\" content=\"image\/jpeg\" \/>\n<meta name=\"author\" content=\"Algarve 7\" \/>\n<meta name=\"twitter:card\" content=\"summary_large_image\" \/>\n<meta name=\"twitter:creator\" content=\"@Algarvesete\" \/>\n<meta name=\"twitter:site\" content=\"@Algarvesete\" \/>\n<meta name=\"twitter:label1\" content=\"Escrito por\" \/>\n\t<meta name=\"twitter:data1\" content=\"Algarve 7\" \/>\n\t<meta name=\"twitter:label2\" content=\"Tempo estimado de leitura\" \/>\n\t<meta name=\"twitter:data2\" content=\"2 minutos\" \/>\n<script type=\"application\/ld+json\" class=\"yoast-schema-graph\">{\"@context\":\"https:\\\/\\\/schema.org\",\"@graph\":[{\"@type\":\"Article\",\"@id\":\"https:\\\/\\\/algarve7.pt\\\/index.php\\\/2023\\\/09\\\/municipio-de-silves-homenageou-personalidades-do-concelho\\\/atualidade\\\/15\\\/36\\\/#article\",\"isPartOf\":{\"@id\":\"https:\\\/\\\/algarve7.pt\\\/index.php\\\/2023\\\/09\\\/municipio-de-silves-homenageou-personalidades-do-concelho\\\/atualidade\\\/15\\\/36\\\/\"},\"author\":{\"name\":\"Algarve 7\",\"@id\":\"https:\\\/\\\/algarve7.pt\\\/#\\\/schema\\\/person\\\/23fa70681308e7b319a3204bcea45e0c\"},\"headline\":\"Munic\u00edpio de Silves homenageou personalidades do concelho\",\"datePublished\":\"2023-09-04T14:36:10+00:00\",\"dateModified\":\"2023-09-04T14:36:14+00:00\",\"mainEntityOfPage\":{\"@id\":\"https:\\\/\\\/algarve7.pt\\\/index.php\\\/2023\\\/09\\\/municipio-de-silves-homenageou-personalidades-do-concelho\\\/atualidade\\\/15\\\/36\\\/\"},\"wordCount\":276,\"publisher\":{\"@id\":\"https:\\\/\\\/algarve7.pt\\\/#organization\"},\"image\":{\"@id\":\"https:\\\/\\\/algarve7.pt\\\/index.php\\\/2023\\\/09\\\/municipio-de-silves-homenageou-personalidades-do-concelho\\\/atualidade\\\/15\\\/36\\\/#primaryimage\"},\"thumbnailUrl\":\"https:\\\/\\\/algarve7.pt\\\/wp-content\\\/uploads\\\/2023\\\/09\\\/Dia-do-Municipio-de-Silves-03-09-2023-9.jpg\",\"keywords\":[\"Algarve\",\"Atualidade\",\"Silves\"],\"articleSection\":[\"Atualidade\"],\"inLanguage\":\"pt-PT\"},{\"@type\":\"WebPage\",\"@id\":\"https:\\\/\\\/algarve7.pt\\\/index.php\\\/2023\\\/09\\\/municipio-de-silves-homenageou-personalidades-do-concelho\\\/atualidade\\\/15\\\/36\\\/\",\"url\":\"https:\\\/\\\/algarve7.pt\\\/index.php\\\/2023\\\/09\\\/municipio-de-silves-homenageou-personalidades-do-concelho\\\/atualidade\\\/15\\\/36\\\/\",\"name\":\"Munic\u00edpio de Silves homenageou personalidades do concelho - Algarve 7\",\"isPartOf\":{\"@id\":\"https:\\\/\\\/algarve7.pt\\\/#website\"},\"primaryImageOfPage\":{\"@id\":\"https:\\\/\\\/algarve7.pt\\\/index.php\\\/2023\\\/09\\\/municipio-de-silves-homenageou-personalidades-do-concelho\\\/atualidade\\\/15\\\/36\\\/#primaryimage\"},\"image\":{\"@id\":\"https:\\\/\\\/algarve7.pt\\\/index.php\\\/2023\\\/09\\\/municipio-de-silves-homenageou-personalidades-do-concelho\\\/atualidade\\\/15\\\/36\\\/#primaryimage\"},\"thumbnailUrl\":\"https:\\\/\\\/algarve7.pt\\\/wp-content\\\/uploads\\\/2023\\\/09\\\/Dia-do-Municipio-de-Silves-03-09-2023-9.jpg\",\"datePublished\":\"2023-09-04T14:36:10+00:00\",\"dateModified\":\"2023-09-04T14:36:14+00:00\",\"description\":\"Munic\u00edpio de Silves homenageou personalidades do concelho Atualidade\",\"breadcrumb\":{\"@id\":\"https:\\\/\\\/algarve7.pt\\\/index.php\\\/2023\\\/09\\\/municipio-de-silves-homenageou-personalidades-do-concelho\\\/atualidade\\\/15\\\/36\\\/#breadcrumb\"},\"inLanguage\":\"pt-PT\",\"potentialAction\":[{\"@type\":\"ReadAction\",\"target\":[\"https:\\\/\\\/algarve7.pt\\\/index.php\\\/2023\\\/09\\\/municipio-de-silves-homenageou-personalidades-do-concelho\\\/atualidade\\\/15\\\/36\\\/\"]}]},{\"@type\":\"ImageObject\",\"inLanguage\":\"pt-PT\",\"@id\":\"https:\\\/\\\/algarve7.pt\\\/index.php\\\/2023\\\/09\\\/municipio-de-silves-homenageou-personalidades-do-concelho\\\/atualidade\\\/15\\\/36\\\/#primaryimage\",\"url\":\"https:\\\/\\\/algarve7.pt\\\/wp-content\\\/uploads\\\/2023\\\/09\\\/Dia-do-Municipio-de-Silves-03-09-2023-9.jpg\",\"contentUrl\":\"https:\\\/\\\/algarve7.pt\\\/wp-content\\\/uploads\\\/2023\\\/09\\\/Dia-do-Municipio-de-Silves-03-09-2023-9.jpg\",\"width\":1500,\"height\":1000},{\"@type\":\"BreadcrumbList\",\"@id\":\"https:\\\/\\\/algarve7.pt\\\/index.php\\\/2023\\\/09\\\/municipio-de-silves-homenageou-personalidades-do-concelho\\\/atualidade\\\/15\\\/36\\\/#breadcrumb\",\"itemListElement\":[{\"@type\":\"ListItem\",\"position\":1,\"name\":\"In\u00edcio\",\"item\":\"https:\\\/\\\/algarve7.pt\\\/\"},{\"@type\":\"ListItem\",\"position\":2,\"name\":\"Munic\u00edpio de Silves homenageou personalidades do concelho\"}]},{\"@type\":\"WebSite\",\"@id\":\"https:\\\/\\\/algarve7.pt\\\/#website\",\"url\":\"https:\\\/\\\/algarve7.pt\\\/\",\"name\":\"Algarve 7\",\"description\":\"Informa\u00e7\u00e3o sobre o Algarve\",\"publisher\":{\"@id\":\"https:\\\/\\\/algarve7.pt\\\/#organization\"},\"potentialAction\":[{\"@type\":\"SearchAction\",\"target\":{\"@type\":\"EntryPoint\",\"urlTemplate\":\"https:\\\/\\\/algarve7.pt\\\/?s={search_term_string}\"},\"query-input\":{\"@type\":\"PropertyValueSpecification\",\"valueRequired\":true,\"valueName\":\"search_term_string\"}}],\"inLanguage\":\"pt-PT\"},{\"@type\":\"Organization\",\"@id\":\"https:\\\/\\\/algarve7.pt\\\/#organization\",\"name\":\"Algarve 7\",\"url\":\"https:\\\/\\\/algarve7.pt\\\/\",\"logo\":{\"@type\":\"ImageObject\",\"inLanguage\":\"pt-PT\",\"@id\":\"https:\\\/\\\/algarve7.pt\\\/#\\\/schema\\\/logo\\\/image\\\/\",\"url\":\"https:\\\/\\\/algarve7.pt\\\/wp-content\\\/uploads\\\/2020\\\/10\\\/Logo-8.jpg\",\"contentUrl\":\"https:\\\/\\\/algarve7.pt\\\/wp-content\\\/uploads\\\/2020\\\/10\\\/Logo-8.jpg\",\"width\":1680,\"height\":1186,\"caption\":\"Algarve 7\"},\"image\":{\"@id\":\"https:\\\/\\\/algarve7.pt\\\/#\\\/schema\\\/logo\\\/image\\\/\"},\"sameAs\":[\"https:\\\/\\\/www.facebook.com\\\/algarve7\",\"https:\\\/\\\/x.com\\\/Algarvesete\",\"https:\\\/\\\/www.instagram.com\\\/jornalalgarve7\\\/\",\"https:\\\/\\\/www.linkedin.com\\\/company\\\/algarve7\",\"https:\\\/\\\/www.pinterest.pt\\\/geral0939\\\/_created\\\/\"]},{\"@type\":\"Person\",\"@id\":\"https:\\\/\\\/algarve7.pt\\\/#\\\/schema\\\/person\\\/23fa70681308e7b319a3204bcea45e0c\",\"name\":\"Algarve 7\",\"sameAs\":[\"https:\\\/\\\/algarve7.pt\",\"https:\\\/\\\/www.facebook.com\\\/algarve7\"],\"url\":\"https:\\\/\\\/algarve7.pt\\\/index.php\\\/author\\\/geralalgarve7-pt\\\/\"}]}<\/script>\n<!-- \/ Yoast SEO plugin. -->","yoast_head_json":{"title":"Munic\u00edpio de Silves homenageou personalidades do concelho - Algarve 7","description":"Munic\u00edpio de Silves homenageou personalidades do concelho Atualidade","robots":{"index":"index","follow":"follow","max-snippet":"max-snippet:-1","max-image-preview":"max-image-preview:large","max-video-preview":"max-video-preview:-1"},"canonical":"https:\/\/algarve7.pt\/index.php\/2023\/09\/municipio-de-silves-homenageou-personalidades-do-concelho\/atualidade\/15\/36\/","og_locale":"pt_PT","og_type":"article","og_title":"Munic\u00edpio de Silves homenageou personalidades do concelho - Algarve 7","og_description":"Munic\u00edpio de Silves homenageou personalidades do concelho Atualidade","og_url":"https:\/\/algarve7.pt\/index.php\/2023\/09\/municipio-de-silves-homenageou-personalidades-do-concelho\/atualidade\/15\/36\/","og_site_name":"Algarve 7","article_publisher":"https:\/\/www.facebook.com\/algarve7","article_author":"https:\/\/www.facebook.com\/algarve7","article_published_time":"2023-09-04T14:36:10+00:00","article_modified_time":"2023-09-04T14:36:14+00:00","og_image":[{"width":1500,"height":1000,"url":"https:\/\/algarve7.pt\/wp-content\/uploads\/2023\/09\/Dia-do-Municipio-de-Silves-03-09-2023-9.jpg","type":"image\/jpeg"}],"author":"Algarve 7","twitter_card":"summary_large_image","twitter_creator":"@Algarvesete","twitter_site":"@Algarvesete","twitter_misc":{"Escrito por":"Algarve 7","Tempo estimado de leitura":"2 minutos"},"schema":{"@context":"https:\/\/schema.org","@graph":[{"@type":"Article","@id":"https:\/\/algarve7.pt\/index.php\/2023\/09\/municipio-de-silves-homenageou-personalidades-do-concelho\/atualidade\/15\/36\/#article","isPartOf":{"@id":"https:\/\/algarve7.pt\/index.php\/2023\/09\/municipio-de-silves-homenageou-personalidades-do-concelho\/atualidade\/15\/36\/"},"author":{"name":"Algarve 7","@id":"https:\/\/algarve7.pt\/#\/schema\/person\/23fa70681308e7b319a3204bcea45e0c"},"headline":"Munic\u00edpio de Silves homenageou personalidades do concelho","datePublished":"2023-09-04T14:36:10+00:00","dateModified":"2023-09-04T14:36:14+00:00","mainEntityOfPage":{"@id":"https:\/\/algarve7.pt\/index.php\/2023\/09\/municipio-de-silves-homenageou-personalidades-do-concelho\/atualidade\/15\/36\/"},"wordCount":276,"publisher":{"@id":"https:\/\/algarve7.pt\/#organization"},"image":{"@id":"https:\/\/algarve7.pt\/index.php\/2023\/09\/municipio-de-silves-homenageou-personalidades-do-concelho\/atualidade\/15\/36\/#primaryimage"},"thumbnailUrl":"https:\/\/algarve7.pt\/wp-content\/uploads\/2023\/09\/Dia-do-Municipio-de-Silves-03-09-2023-9.jpg","keywords":["Algarve","Atualidade","Silves"],"articleSection":["Atualidade"],"inLanguage":"pt-PT"},{"@type":"WebPage","@id":"https:\/\/algarve7.pt\/index.php\/2023\/09\/municipio-de-silves-homenageou-personalidades-do-concelho\/atualidade\/15\/36\/","url":"https:\/\/algarve7.pt\/index.php\/2023\/09\/municipio-de-silves-homenageou-personalidades-do-concelho\/atualidade\/15\/36\/","name":"Munic\u00edpio de Silves homenageou personalidades do concelho - Algarve 7","isPartOf":{"@id":"https:\/\/algarve7.pt\/#website"},"primaryImageOfPage":{"@id":"https:\/\/algarve7.pt\/index.php\/2023\/09\/municipio-de-silves-homenageou-personalidades-do-concelho\/atualidade\/15\/36\/#primaryimage"},"image":{"@id":"https:\/\/algarve7.pt\/index.php\/2023\/09\/municipio-de-silves-homenageou-personalidades-do-concelho\/atualidade\/15\/36\/#primaryimage"},"thumbnailUrl":"https:\/\/algarve7.pt\/wp-content\/uploads\/2023\/09\/Dia-do-Municipio-de-Silves-03-09-2023-9.jpg","datePublished":"2023-09-04T14:36:10+00:00","dateModified":"2023-09-04T14:36:14+00:00","description":"Munic\u00edpio de Silves homenageou personalidades do concelho Atualidade","breadcrumb":{"@id":"https:\/\/algarve7.pt\/index.php\/2023\/09\/municipio-de-silves-homenageou-personalidades-do-concelho\/atualidade\/15\/36\/#breadcrumb"},"inLanguage":"pt-PT","potentialAction":[{"@type":"ReadAction","target":["https:\/\/algarve7.pt\/index.php\/2023\/09\/municipio-de-silves-homenageou-personalidades-do-concelho\/atualidade\/15\/36\/"]}]},{"@type":"ImageObject","inLanguage":"pt-PT","@id":"https:\/\/algarve7.pt\/index.php\/2023\/09\/municipio-de-silves-homenageou-personalidades-do-concelho\/atualidade\/15\/36\/#primaryimage","url":"https:\/\/algarve7.pt\/wp-content\/uploads\/2023\/09\/Dia-do-Municipio-de-Silves-03-09-2023-9.jpg","contentUrl":"https:\/\/algarve7.pt\/wp-content\/uploads\/2023\/09\/Dia-do-Municipio-de-Silves-03-09-2023-9.jpg","width":1500,"height":1000},{"@type":"BreadcrumbList","@id":"https:\/\/algarve7.pt\/index.php\/2023\/09\/municipio-de-silves-homenageou-personalidades-do-concelho\/atualidade\/15\/36\/#breadcrumb","itemListElement":[{"@type":"ListItem","position":1,"name":"In\u00edcio","item":"https:\/\/algarve7.pt\/"},{"@type":"ListItem","position":2,"name":"Munic\u00edpio de Silves homenageou personalidades do concelho"}]},{"@type":"WebSite","@id":"https:\/\/algarve7.pt\/#website","url":"https:\/\/algarve7.pt\/","name":"Algarve 7","description":"Informa\u00e7\u00e3o sobre o Algarve","publisher":{"@id":"https:\/\/algarve7.pt\/#organization"},"potentialAction":[{"@type":"SearchAction","target":{"@type":"EntryPoint","urlTemplate":"https:\/\/algarve7.pt\/?s={search_term_string}"},"query-input":{"@type":"PropertyValueSpecification","valueRequired":true,"valueName":"search_term_string"}}],"inLanguage":"pt-PT"},{"@type":"Organization","@id":"https:\/\/algarve7.pt\/#organization","name":"Algarve 7","url":"https:\/\/algarve7.pt\/","logo":{"@type":"ImageObject","inLanguage":"pt-PT","@id":"https:\/\/algarve7.pt\/#\/schema\/logo\/image\/","url":"https:\/\/algarve7.pt\/wp-content\/uploads\/2020\/10\/Logo-8.jpg","contentUrl":"https:\/\/algarve7.pt\/wp-content\/uploads\/2020\/10\/Logo-8.jpg","width":1680,"height":1186,"caption":"Algarve 7"},"image":{"@id":"https:\/\/algarve7.pt\/#\/schema\/logo\/image\/"},"sameAs":["https:\/\/www.facebook.com\/algarve7","https:\/\/x.com\/Algarvesete","https:\/\/www.instagram.com\/jornalalgarve7\/","https:\/\/www.linkedin.com\/company\/algarve7","https:\/\/www.pinterest.pt\/geral0939\/_created\/"]},{"@type":"Person","@id":"https:\/\/algarve7.pt\/#\/schema\/person\/23fa70681308e7b319a3204bcea45e0c","name":"Algarve 7","sameAs":["https:\/\/algarve7.pt","https:\/\/www.facebook.com\/algarve7"],"url":"https:\/\/algarve7.pt\/index.php\/author\/geralalgarve7-pt\/"}]}},"jetpack_publicize_connections":[],"jetpack_featured_media_url":"https:\/\/algarve7.pt\/wp-content\/uploads\/2023\/09\/Dia-do-Municipio-de-Silves-03-09-2023-9.jpg","jetpack_shortlink":"https:\/\/wp.me\/pcezmW-7Xl","jetpack_sharing_enabled":true,"_links":{"self":[{"href":"https:\/\/algarve7.pt\/index.php\/wp-json\/wp\/v2\/posts\/30587","targetHints":{"allow":["GET"]}}],"collection":[{"href":"https:\/\/algarve7.pt\/index.php\/wp-json\/wp\/v2\/posts"}],"about":[{"href":"https:\/\/algarve7.pt\/index.php\/wp-json\/wp\/v2\/types\/post"}],"author":[{"embeddable":true,"href":"https:\/\/algarve7.pt\/index.php\/wp-json\/wp\/v2\/users\/1"}],"replies":[{"embeddable":true,"href":"https:\/\/algarve7.pt\/index.php\/wp-json\/wp\/v2\/comments?post=30587"}],"version-history":[{"count":0,"href":"https:\/\/algarve7.pt\/index.php\/wp-json\/wp\/v2\/posts\/30587\/revisions"}],"wp:featuredmedia":[{"embeddable":true,"href":"https:\/\/algarve7.pt\/index.php\/wp-json\/wp\/v2\/media\/30588"}],"wp:attachment":[{"href":"https:\/\/algarve7.pt\/index.php\/wp-json\/wp\/v2\/media?parent=30587"}],"wp:term":[{"taxonomy":"category","embeddable":true,"href":"https:\/\/algarve7.pt\/index.php\/wp-json\/wp\/v2\/categories?post=30587"},{"taxonomy":"post_tag","embeddable":true,"href":"https:\/\/algarve7.pt\/index.php\/wp-json\/wp\/v2\/tags?post=30587"}],"curies":[{"name":"wp","href":"https:\/\/api.w.org\/{rel}","templated":true}]}}