{"id":30555,"date":"2023-09-02T21:13:12","date_gmt":"2023-09-02T20:13:12","guid":{"rendered":"https:\/\/algarve7.pt\/?p=30555"},"modified":"2023-09-02T21:13:16","modified_gmt":"2023-09-02T20:13:16","slug":"albufeira-vai-ter-nova-unidade-de-cuidados-continuados-na-guia","status":"publish","type":"post","link":"https:\/\/algarve7.pt\/index.php\/2023\/09\/albufeira-vai-ter-nova-unidade-de-cuidados-continuados-na-guia\/atualidade\/21\/13\/","title":{"rendered":"Albufeira vai ter nova unidade de cuidados continuados na Guia"},"content":{"rendered":"\n<p>Na passada ter\u00e7a-feira, dia 29 de agosto, foi assinado, entre a C\u00e2mara Municipal de Albufeira e a empresa construtora Edinorte \u2013 Edifica\u00e7\u00f5es Nortenhas S.A., o Contrato para Execu\u00e7\u00e3o da Empreitada de Constru\u00e7\u00e3o de uma nova Unidade de Cuidados Continuados. A empreitada que foi adjudicada pelo valor de \u20ac 4. 013.557,14, IVA inclu\u00eddo, (quatro milh\u00f5es treze mil quinhentos e cinquenta e sete euros e catorze c\u00eantimos) por concurso p\u00fablico, ser\u00e1 suportada inteiramente pelo Or\u00e7amento do Munic\u00edpio. Refira-se que o presente contrato carece da aprova\u00e7\u00e3o pr\u00e9via do Tribunal de Contas, sendo que at\u00e9 que as obras fiquem conclu\u00eddas a Unidade de Cuidados Continuados do Centro de Sa\u00fade de Albufeira continua a funcionar normalmente.<\/p>\n\n\n\n<p>Trata-se de uma unidade de internamento de car\u00e1cter tempor\u00e1rio ou permanente, integrada na Rede Nacional de Cuidados Continuados Integrados (RNCCI), que atualmente funciona no Centro de Sa\u00fade de Albufeira, com capacidade para 20 camas, sob a gest\u00e3o da Funda\u00e7\u00e3o Ant\u00f3nio Silva Leal.<\/p>\n\n\n\n<p>O presidente da C\u00e2mara Municipal de Albufeira est\u00e1 muito satisfeito com este passo, imprescind\u00edvel para a constru\u00e7\u00e3o do novo equipamento, que vai ficar localizado junto ao Lar da Senhora da Visita\u00e7\u00e3o, na Guia.<\/p>\n\n\n\n<p>Jos\u00e9 Carlos Rolo sublinha \u201cque se trata de um investimento muito importante, na medida em que serve para apoiar pessoas com doen\u00e7as cr\u00f3nicas e diferentes n\u00edveis de depend\u00eancia, cuja situa\u00e7\u00e3o cl\u00ednica n\u00e3o lhes permite serem cuidadas na pr\u00f3pria resid\u00eancia\u201d. O autarca destaca que a constru\u00e7\u00e3o do equipamento apresenta, igualmente, a mais-valia de libertar as instala\u00e7\u00f5es do Centro de Sa\u00fade de Albufeira, possibilitando a duplica\u00e7\u00e3o de camas, que passam de 20 para 40\u201d.<\/p>\n\n\n\n<p>De acordo com a RNCCI, o objetivo destes equipamentos passa pela presta\u00e7\u00e3o de cuidados de sa\u00fade e de apoio social de forma continuada e integrada a pessoas que, independentemente da idade, se encontrem em situa\u00e7\u00e3o de depend\u00eancia.<\/p>\n\n\n\n<p>Refira-se que durante a perman\u00eancia na Unidade de Cuidados Continuados, os utentes recebem cuidados individualizados prestados por uma equipa interdisciplinar, que desde o in\u00edcio do internamento, organiza o plano individual de interven\u00e7\u00e3o, juntamente com os utentes e\/ou com o cuidador com vista a garantir um tratamento e encaminhamento adequados \u00e0s suas necessidades.<\/p>\n","protected":false},"excerpt":{"rendered":"<p>Na passada ter\u00e7a-feira, dia 29 de agosto, foi assinado, entre a C\u00e2mara Municipal de Albufeira e a empresa construtora Edinorte<\/p>\n","protected":false},"author":1,"featured_media":30556,"comment_status":"closed","ping_status":"open","sticky":false,"template":"","format":"standard","meta":{"colormag_page_container_layout":"default_layout","colormag_page_sidebar_layout":"default_layout","_monsterinsights_skip_tracking":false,"_monsterinsights_sitenote_active":false,"_monsterinsights_sitenote_note":"","_monsterinsights_sitenote_category":0,"jetpack_post_was_ever_published":false,"_jetpack_newsletter_access":"","_jetpack_dont_email_post_to_subs":false,"_jetpack_newsletter_tier_id":0,"_jetpack_memberships_contains_paywalled_content":false,"_jetpack_memberships_contains_paid_content":false,"footnotes":"","jetpack_publicize_message":"","jetpack_publicize_feature_enabled":true,"jetpack_social_post_already_shared":true,"jetpack_social_options":{"image_generator_settings":{"template":"highway","default_image_id":0,"font":"","enabled":false},"version":2}},"categories":[11],"tags":[155,36,62,957,58],"class_list":["post-30555","post","type-post","status-publish","format-standard","has-post-thumbnail","hentry","category-atualidade","tag-albufeira","tag-algarve","tag-atualidade","tag-guia","tag-saude"],"yoast_head":"<!-- This site is optimized with the Yoast SEO plugin v27.5 - https:\/\/yoast.com\/product\/yoast-seo-wordpress\/ -->\n<title>Albufeira vai ter nova unidade de cuidados continuados na Guia - Algarve 7<\/title>\n<meta name=\"description\" content=\"Albufeira vai ter nova unidade de cuidados continuados na Guia Atualidade\" \/>\n<meta name=\"robots\" content=\"index, follow, max-snippet:-1, max-image-preview:large, max-video-preview:-1\" \/>\n<link rel=\"canonical\" href=\"https:\/\/algarve7.pt\/index.php\/2023\/09\/albufeira-vai-ter-nova-unidade-de-cuidados-continuados-na-guia\/atualidade\/21\/13\/\" \/>\n<meta property=\"og:locale\" content=\"pt_PT\" \/>\n<meta property=\"og:type\" content=\"article\" \/>\n<meta property=\"og:title\" content=\"Albufeira vai ter nova unidade de cuidados continuados na Guia - Algarve 7\" \/>\n<meta property=\"og:description\" content=\"Albufeira vai ter nova unidade de cuidados continuados na Guia Atualidade\" \/>\n<meta property=\"og:url\" content=\"https:\/\/algarve7.pt\/index.php\/2023\/09\/albufeira-vai-ter-nova-unidade-de-cuidados-continuados-na-guia\/atualidade\/21\/13\/\" \/>\n<meta property=\"og:site_name\" content=\"Algarve 7\" \/>\n<meta property=\"article:publisher\" content=\"https:\/\/www.facebook.com\/algarve7\" \/>\n<meta property=\"article:author\" content=\"https:\/\/www.facebook.com\/algarve7\" \/>\n<meta property=\"article:published_time\" content=\"2023-09-02T20:13:12+00:00\" \/>\n<meta property=\"article:modified_time\" content=\"2023-09-02T20:13:16+00:00\" \/>\n<meta property=\"og:image\" content=\"https:\/\/algarve7.pt\/wp-content\/uploads\/2023\/09\/CM-Albufeira\u00a9-191.jpg\" \/>\n\t<meta property=\"og:image:width\" content=\"1024\" \/>\n\t<meta property=\"og:image:height\" content=\"683\" \/>\n\t<meta property=\"og:image:type\" content=\"image\/jpeg\" \/>\n<meta name=\"author\" content=\"Algarve 7\" \/>\n<meta name=\"twitter:card\" content=\"summary_large_image\" \/>\n<meta name=\"twitter:creator\" content=\"@Algarvesete\" \/>\n<meta name=\"twitter:site\" content=\"@Algarvesete\" \/>\n<meta name=\"twitter:label1\" content=\"Escrito por\" \/>\n\t<meta name=\"twitter:data1\" content=\"Algarve 7\" \/>\n\t<meta name=\"twitter:label2\" content=\"Tempo estimado de leitura\" \/>\n\t<meta name=\"twitter:data2\" content=\"2 minutos\" \/>\n<script type=\"application\/ld+json\" class=\"yoast-schema-graph\">{\"@context\":\"https:\\\/\\\/schema.org\",\"@graph\":[{\"@type\":\"Article\",\"@id\":\"https:\\\/\\\/algarve7.pt\\\/index.php\\\/2023\\\/09\\\/albufeira-vai-ter-nova-unidade-de-cuidados-continuados-na-guia\\\/atualidade\\\/21\\\/13\\\/#article\",\"isPartOf\":{\"@id\":\"https:\\\/\\\/algarve7.pt\\\/index.php\\\/2023\\\/09\\\/albufeira-vai-ter-nova-unidade-de-cuidados-continuados-na-guia\\\/atualidade\\\/21\\\/13\\\/\"},\"author\":{\"name\":\"Algarve 7\",\"@id\":\"https:\\\/\\\/algarve7.pt\\\/#\\\/schema\\\/person\\\/23fa70681308e7b319a3204bcea45e0c\"},\"headline\":\"Albufeira vai ter nova unidade de cuidados continuados na Guia\",\"datePublished\":\"2023-09-02T20:13:12+00:00\",\"dateModified\":\"2023-09-02T20:13:16+00:00\",\"mainEntityOfPage\":{\"@id\":\"https:\\\/\\\/algarve7.pt\\\/index.php\\\/2023\\\/09\\\/albufeira-vai-ter-nova-unidade-de-cuidados-continuados-na-guia\\\/atualidade\\\/21\\\/13\\\/\"},\"wordCount\":396,\"publisher\":{\"@id\":\"https:\\\/\\\/algarve7.pt\\\/#organization\"},\"image\":{\"@id\":\"https:\\\/\\\/algarve7.pt\\\/index.php\\\/2023\\\/09\\\/albufeira-vai-ter-nova-unidade-de-cuidados-continuados-na-guia\\\/atualidade\\\/21\\\/13\\\/#primaryimage\"},\"thumbnailUrl\":\"https:\\\/\\\/algarve7.pt\\\/wp-content\\\/uploads\\\/2023\\\/09\\\/CM-Albufeira\u00a9-191.jpg\",\"keywords\":[\"Albufeira\",\"Algarve\",\"Atualidade\",\"Guia\",\"Sa\u00fade\"],\"articleSection\":[\"Atualidade\"],\"inLanguage\":\"pt-PT\"},{\"@type\":\"WebPage\",\"@id\":\"https:\\\/\\\/algarve7.pt\\\/index.php\\\/2023\\\/09\\\/albufeira-vai-ter-nova-unidade-de-cuidados-continuados-na-guia\\\/atualidade\\\/21\\\/13\\\/\",\"url\":\"https:\\\/\\\/algarve7.pt\\\/index.php\\\/2023\\\/09\\\/albufeira-vai-ter-nova-unidade-de-cuidados-continuados-na-guia\\\/atualidade\\\/21\\\/13\\\/\",\"name\":\"Albufeira vai ter nova unidade de cuidados continuados na Guia - Algarve 7\",\"isPartOf\":{\"@id\":\"https:\\\/\\\/algarve7.pt\\\/#website\"},\"primaryImageOfPage\":{\"@id\":\"https:\\\/\\\/algarve7.pt\\\/index.php\\\/2023\\\/09\\\/albufeira-vai-ter-nova-unidade-de-cuidados-continuados-na-guia\\\/atualidade\\\/21\\\/13\\\/#primaryimage\"},\"image\":{\"@id\":\"https:\\\/\\\/algarve7.pt\\\/index.php\\\/2023\\\/09\\\/albufeira-vai-ter-nova-unidade-de-cuidados-continuados-na-guia\\\/atualidade\\\/21\\\/13\\\/#primaryimage\"},\"thumbnailUrl\":\"https:\\\/\\\/algarve7.pt\\\/wp-content\\\/uploads\\\/2023\\\/09\\\/CM-Albufeira\u00a9-191.jpg\",\"datePublished\":\"2023-09-02T20:13:12+00:00\",\"dateModified\":\"2023-09-02T20:13:16+00:00\",\"description\":\"Albufeira vai ter nova unidade de cuidados continuados na Guia Atualidade\",\"breadcrumb\":{\"@id\":\"https:\\\/\\\/algarve7.pt\\\/index.php\\\/2023\\\/09\\\/albufeira-vai-ter-nova-unidade-de-cuidados-continuados-na-guia\\\/atualidade\\\/21\\\/13\\\/#breadcrumb\"},\"inLanguage\":\"pt-PT\",\"potentialAction\":[{\"@type\":\"ReadAction\",\"target\":[\"https:\\\/\\\/algarve7.pt\\\/index.php\\\/2023\\\/09\\\/albufeira-vai-ter-nova-unidade-de-cuidados-continuados-na-guia\\\/atualidade\\\/21\\\/13\\\/\"]}]},{\"@type\":\"ImageObject\",\"inLanguage\":\"pt-PT\",\"@id\":\"https:\\\/\\\/algarve7.pt\\\/index.php\\\/2023\\\/09\\\/albufeira-vai-ter-nova-unidade-de-cuidados-continuados-na-guia\\\/atualidade\\\/21\\\/13\\\/#primaryimage\",\"url\":\"https:\\\/\\\/algarve7.pt\\\/wp-content\\\/uploads\\\/2023\\\/09\\\/CM-Albufeira\u00a9-191.jpg\",\"contentUrl\":\"https:\\\/\\\/algarve7.pt\\\/wp-content\\\/uploads\\\/2023\\\/09\\\/CM-Albufeira\u00a9-191.jpg\",\"width\":1024,\"height\":683},{\"@type\":\"BreadcrumbList\",\"@id\":\"https:\\\/\\\/algarve7.pt\\\/index.php\\\/2023\\\/09\\\/albufeira-vai-ter-nova-unidade-de-cuidados-continuados-na-guia\\\/atualidade\\\/21\\\/13\\\/#breadcrumb\",\"itemListElement\":[{\"@type\":\"ListItem\",\"position\":1,\"name\":\"In\u00edcio\",\"item\":\"https:\\\/\\\/algarve7.pt\\\/\"},{\"@type\":\"ListItem\",\"position\":2,\"name\":\"Albufeira vai ter nova unidade de cuidados continuados na Guia\"}]},{\"@type\":\"WebSite\",\"@id\":\"https:\\\/\\\/algarve7.pt\\\/#website\",\"url\":\"https:\\\/\\\/algarve7.pt\\\/\",\"name\":\"Algarve 7\",\"description\":\"Informa\u00e7\u00e3o sobre o Algarve\",\"publisher\":{\"@id\":\"https:\\\/\\\/algarve7.pt\\\/#organization\"},\"potentialAction\":[{\"@type\":\"SearchAction\",\"target\":{\"@type\":\"EntryPoint\",\"urlTemplate\":\"https:\\\/\\\/algarve7.pt\\\/?s={search_term_string}\"},\"query-input\":{\"@type\":\"PropertyValueSpecification\",\"valueRequired\":true,\"valueName\":\"search_term_string\"}}],\"inLanguage\":\"pt-PT\"},{\"@type\":\"Organization\",\"@id\":\"https:\\\/\\\/algarve7.pt\\\/#organization\",\"name\":\"Algarve 7\",\"url\":\"https:\\\/\\\/algarve7.pt\\\/\",\"logo\":{\"@type\":\"ImageObject\",\"inLanguage\":\"pt-PT\",\"@id\":\"https:\\\/\\\/algarve7.pt\\\/#\\\/schema\\\/logo\\\/image\\\/\",\"url\":\"https:\\\/\\\/algarve7.pt\\\/wp-content\\\/uploads\\\/2020\\\/10\\\/Logo-8.jpg\",\"contentUrl\":\"https:\\\/\\\/algarve7.pt\\\/wp-content\\\/uploads\\\/2020\\\/10\\\/Logo-8.jpg\",\"width\":1680,\"height\":1186,\"caption\":\"Algarve 7\"},\"image\":{\"@id\":\"https:\\\/\\\/algarve7.pt\\\/#\\\/schema\\\/logo\\\/image\\\/\"},\"sameAs\":[\"https:\\\/\\\/www.facebook.com\\\/algarve7\",\"https:\\\/\\\/x.com\\\/Algarvesete\",\"https:\\\/\\\/www.instagram.com\\\/jornalalgarve7\\\/\",\"https:\\\/\\\/www.linkedin.com\\\/company\\\/algarve7\",\"https:\\\/\\\/www.pinterest.pt\\\/geral0939\\\/_created\\\/\"]},{\"@type\":\"Person\",\"@id\":\"https:\\\/\\\/algarve7.pt\\\/#\\\/schema\\\/person\\\/23fa70681308e7b319a3204bcea45e0c\",\"name\":\"Algarve 7\",\"sameAs\":[\"https:\\\/\\\/algarve7.pt\",\"https:\\\/\\\/www.facebook.com\\\/algarve7\"],\"url\":\"https:\\\/\\\/algarve7.pt\\\/index.php\\\/author\\\/geralalgarve7-pt\\\/\"}]}<\/script>\n<!-- \/ Yoast SEO plugin. -->","yoast_head_json":{"title":"Albufeira vai ter nova unidade de cuidados continuados na Guia - Algarve 7","description":"Albufeira vai ter nova unidade de cuidados continuados na Guia Atualidade","robots":{"index":"index","follow":"follow","max-snippet":"max-snippet:-1","max-image-preview":"max-image-preview:large","max-video-preview":"max-video-preview:-1"},"canonical":"https:\/\/algarve7.pt\/index.php\/2023\/09\/albufeira-vai-ter-nova-unidade-de-cuidados-continuados-na-guia\/atualidade\/21\/13\/","og_locale":"pt_PT","og_type":"article","og_title":"Albufeira vai ter nova unidade de cuidados continuados na Guia - Algarve 7","og_description":"Albufeira vai ter nova unidade de cuidados continuados na Guia Atualidade","og_url":"https:\/\/algarve7.pt\/index.php\/2023\/09\/albufeira-vai-ter-nova-unidade-de-cuidados-continuados-na-guia\/atualidade\/21\/13\/","og_site_name":"Algarve 7","article_publisher":"https:\/\/www.facebook.com\/algarve7","article_author":"https:\/\/www.facebook.com\/algarve7","article_published_time":"2023-09-02T20:13:12+00:00","article_modified_time":"2023-09-02T20:13:16+00:00","og_image":[{"width":1024,"height":683,"url":"https:\/\/algarve7.pt\/wp-content\/uploads\/2023\/09\/CM-Albufeira\u00a9-191.jpg","type":"image\/jpeg"}],"author":"Algarve 7","twitter_card":"summary_large_image","twitter_creator":"@Algarvesete","twitter_site":"@Algarvesete","twitter_misc":{"Escrito por":"Algarve 7","Tempo estimado de leitura":"2 minutos"},"schema":{"@context":"https:\/\/schema.org","@graph":[{"@type":"Article","@id":"https:\/\/algarve7.pt\/index.php\/2023\/09\/albufeira-vai-ter-nova-unidade-de-cuidados-continuados-na-guia\/atualidade\/21\/13\/#article","isPartOf":{"@id":"https:\/\/algarve7.pt\/index.php\/2023\/09\/albufeira-vai-ter-nova-unidade-de-cuidados-continuados-na-guia\/atualidade\/21\/13\/"},"author":{"name":"Algarve 7","@id":"https:\/\/algarve7.pt\/#\/schema\/person\/23fa70681308e7b319a3204bcea45e0c"},"headline":"Albufeira vai ter nova unidade de cuidados continuados na Guia","datePublished":"2023-09-02T20:13:12+00:00","dateModified":"2023-09-02T20:13:16+00:00","mainEntityOfPage":{"@id":"https:\/\/algarve7.pt\/index.php\/2023\/09\/albufeira-vai-ter-nova-unidade-de-cuidados-continuados-na-guia\/atualidade\/21\/13\/"},"wordCount":396,"publisher":{"@id":"https:\/\/algarve7.pt\/#organization"},"image":{"@id":"https:\/\/algarve7.pt\/index.php\/2023\/09\/albufeira-vai-ter-nova-unidade-de-cuidados-continuados-na-guia\/atualidade\/21\/13\/#primaryimage"},"thumbnailUrl":"https:\/\/algarve7.pt\/wp-content\/uploads\/2023\/09\/CM-Albufeira\u00a9-191.jpg","keywords":["Albufeira","Algarve","Atualidade","Guia","Sa\u00fade"],"articleSection":["Atualidade"],"inLanguage":"pt-PT"},{"@type":"WebPage","@id":"https:\/\/algarve7.pt\/index.php\/2023\/09\/albufeira-vai-ter-nova-unidade-de-cuidados-continuados-na-guia\/atualidade\/21\/13\/","url":"https:\/\/algarve7.pt\/index.php\/2023\/09\/albufeira-vai-ter-nova-unidade-de-cuidados-continuados-na-guia\/atualidade\/21\/13\/","name":"Albufeira vai ter nova unidade de cuidados continuados na Guia - Algarve 7","isPartOf":{"@id":"https:\/\/algarve7.pt\/#website"},"primaryImageOfPage":{"@id":"https:\/\/algarve7.pt\/index.php\/2023\/09\/albufeira-vai-ter-nova-unidade-de-cuidados-continuados-na-guia\/atualidade\/21\/13\/#primaryimage"},"image":{"@id":"https:\/\/algarve7.pt\/index.php\/2023\/09\/albufeira-vai-ter-nova-unidade-de-cuidados-continuados-na-guia\/atualidade\/21\/13\/#primaryimage"},"thumbnailUrl":"https:\/\/algarve7.pt\/wp-content\/uploads\/2023\/09\/CM-Albufeira\u00a9-191.jpg","datePublished":"2023-09-02T20:13:12+00:00","dateModified":"2023-09-02T20:13:16+00:00","description":"Albufeira vai ter nova unidade de cuidados continuados na Guia Atualidade","breadcrumb":{"@id":"https:\/\/algarve7.pt\/index.php\/2023\/09\/albufeira-vai-ter-nova-unidade-de-cuidados-continuados-na-guia\/atualidade\/21\/13\/#breadcrumb"},"inLanguage":"pt-PT","potentialAction":[{"@type":"ReadAction","target":["https:\/\/algarve7.pt\/index.php\/2023\/09\/albufeira-vai-ter-nova-unidade-de-cuidados-continuados-na-guia\/atualidade\/21\/13\/"]}]},{"@type":"ImageObject","inLanguage":"pt-PT","@id":"https:\/\/algarve7.pt\/index.php\/2023\/09\/albufeira-vai-ter-nova-unidade-de-cuidados-continuados-na-guia\/atualidade\/21\/13\/#primaryimage","url":"https:\/\/algarve7.pt\/wp-content\/uploads\/2023\/09\/CM-Albufeira\u00a9-191.jpg","contentUrl":"https:\/\/algarve7.pt\/wp-content\/uploads\/2023\/09\/CM-Albufeira\u00a9-191.jpg","width":1024,"height":683},{"@type":"BreadcrumbList","@id":"https:\/\/algarve7.pt\/index.php\/2023\/09\/albufeira-vai-ter-nova-unidade-de-cuidados-continuados-na-guia\/atualidade\/21\/13\/#breadcrumb","itemListElement":[{"@type":"ListItem","position":1,"name":"In\u00edcio","item":"https:\/\/algarve7.pt\/"},{"@type":"ListItem","position":2,"name":"Albufeira vai ter nova unidade de cuidados continuados na Guia"}]},{"@type":"WebSite","@id":"https:\/\/algarve7.pt\/#website","url":"https:\/\/algarve7.pt\/","name":"Algarve 7","description":"Informa\u00e7\u00e3o sobre o Algarve","publisher":{"@id":"https:\/\/algarve7.pt\/#organization"},"potentialAction":[{"@type":"SearchAction","target":{"@type":"EntryPoint","urlTemplate":"https:\/\/algarve7.pt\/?s={search_term_string}"},"query-input":{"@type":"PropertyValueSpecification","valueRequired":true,"valueName":"search_term_string"}}],"inLanguage":"pt-PT"},{"@type":"Organization","@id":"https:\/\/algarve7.pt\/#organization","name":"Algarve 7","url":"https:\/\/algarve7.pt\/","logo":{"@type":"ImageObject","inLanguage":"pt-PT","@id":"https:\/\/algarve7.pt\/#\/schema\/logo\/image\/","url":"https:\/\/algarve7.pt\/wp-content\/uploads\/2020\/10\/Logo-8.jpg","contentUrl":"https:\/\/algarve7.pt\/wp-content\/uploads\/2020\/10\/Logo-8.jpg","width":1680,"height":1186,"caption":"Algarve 7"},"image":{"@id":"https:\/\/algarve7.pt\/#\/schema\/logo\/image\/"},"sameAs":["https:\/\/www.facebook.com\/algarve7","https:\/\/x.com\/Algarvesete","https:\/\/www.instagram.com\/jornalalgarve7\/","https:\/\/www.linkedin.com\/company\/algarve7","https:\/\/www.pinterest.pt\/geral0939\/_created\/"]},{"@type":"Person","@id":"https:\/\/algarve7.pt\/#\/schema\/person\/23fa70681308e7b319a3204bcea45e0c","name":"Algarve 7","sameAs":["https:\/\/algarve7.pt","https:\/\/www.facebook.com\/algarve7"],"url":"https:\/\/algarve7.pt\/index.php\/author\/geralalgarve7-pt\/"}]}},"jetpack_publicize_connections":[],"jetpack_featured_media_url":"https:\/\/algarve7.pt\/wp-content\/uploads\/2023\/09\/CM-Albufeira\u00a9-191.jpg","jetpack_shortlink":"https:\/\/wp.me\/pcezmW-7WP","jetpack_sharing_enabled":true,"_links":{"self":[{"href":"https:\/\/algarve7.pt\/index.php\/wp-json\/wp\/v2\/posts\/30555","targetHints":{"allow":["GET"]}}],"collection":[{"href":"https:\/\/algarve7.pt\/index.php\/wp-json\/wp\/v2\/posts"}],"about":[{"href":"https:\/\/algarve7.pt\/index.php\/wp-json\/wp\/v2\/types\/post"}],"author":[{"embeddable":true,"href":"https:\/\/algarve7.pt\/index.php\/wp-json\/wp\/v2\/users\/1"}],"replies":[{"embeddable":true,"href":"https:\/\/algarve7.pt\/index.php\/wp-json\/wp\/v2\/comments?post=30555"}],"version-history":[{"count":0,"href":"https:\/\/algarve7.pt\/index.php\/wp-json\/wp\/v2\/posts\/30555\/revisions"}],"wp:featuredmedia":[{"embeddable":true,"href":"https:\/\/algarve7.pt\/index.php\/wp-json\/wp\/v2\/media\/30556"}],"wp:attachment":[{"href":"https:\/\/algarve7.pt\/index.php\/wp-json\/wp\/v2\/media?parent=30555"}],"wp:term":[{"taxonomy":"category","embeddable":true,"href":"https:\/\/algarve7.pt\/index.php\/wp-json\/wp\/v2\/categories?post=30555"},{"taxonomy":"post_tag","embeddable":true,"href":"https:\/\/algarve7.pt\/index.php\/wp-json\/wp\/v2\/tags?post=30555"}],"curies":[{"name":"wp","href":"https:\/\/api.w.org\/{rel}","templated":true}]}}