{"id":30526,"date":"2023-09-01T10:15:00","date_gmt":"2023-09-01T09:15:00","guid":{"rendered":"https:\/\/algarve7.pt\/?p=30526"},"modified":"2023-08-31T21:50:48","modified_gmt":"2023-08-31T20:50:48","slug":"chua-dinamiza-campanha-de-prevencao-do-suicidio-com-iniciativas-por-toda-a-regiao","status":"publish","type":"post","link":"https:\/\/algarve7.pt\/index.php\/2023\/09\/chua-dinamiza-campanha-de-prevencao-do-suicidio-com-iniciativas-por-toda-a-regiao\/saude\/10\/15\/","title":{"rendered":"CHUA dinamiza campanha de preven\u00e7\u00e3o do suic\u00eddio com iniciativas por toda a regi\u00e3o"},"content":{"rendered":"\n<p>\u00c0 semelhan\u00e7a dos anos anteriores, os Servi\u00e7os de Psiquiatria do Centro Hospitalar Universit\u00e1rio do Algarve (Faro e Portim\u00e3o) voltam a dinamizar por toda a regi\u00e3o a campanha&nbsp;<strong>\u00abSetembro, M\u00eas da Preven\u00e7\u00e3o do Suic\u00eddio\u00bb<\/strong>.<\/p>\n\n\n\n<p>A decorrer durante todo o m\u00eas de setembro e durante alguns dias de outubro, esta campanha \u201ctem como objetivo sensibilizar a popula\u00e7\u00e3o para a problem\u00e1tica do suic\u00eddio e promover a consciencializa\u00e7\u00e3o do papel que cada pessoa, autarquias e diferentes estruturas da comunidade podem ter na preven\u00e7\u00e3o do suic\u00eddio e da doen\u00e7a mental\u201d, refere a organiza\u00e7\u00e3o.<\/p>\n\n\n\n<p>As atividades v\u00e3o ser desenvolvidas principalmente pelas diversas Equipas Comunit\u00e1rias de Sa\u00fade Mental em cada concelho da sua \u00e1rea geogr\u00e1fica, contando tamb\u00e9m com a participa\u00e7\u00e3o e o envolvimento de outros t\u00e9cnicos dos servi\u00e7os.<\/p>\n\n\n\n<p>Com vista a uma maior aproxima\u00e7\u00e3o junto da popula\u00e7\u00e3o para a sensibiliza\u00e7\u00e3o sobre o tema, e em estreita articula\u00e7\u00e3o com autarquias, entidades e institui\u00e7\u00f5es da comunidade, a equipa dinamizadora da campanha preparou um vasto programa de iniciativas que v\u00e3o decorrer em diversos concelhos algarvios, o qual assenta em exposi\u00e7\u00f5es tem\u00e1ticas, tert\u00falias e sess\u00f5es de debate, eventos l\u00fadico-desportivos, atividades nas escolas, sess\u00f5es tem\u00e1ticas de cinema, sess\u00f5es informativas dirigidas \u00e0 popula\u00e7\u00e3o com distribui\u00e7\u00e3o de informa\u00e7\u00e3o e difus\u00e3o nas r\u00e1dios regionais, bem como ilumina\u00e7\u00e3o de edif\u00edcios com a cor amarela.<\/p>\n\n\n\n<p>A campanha \u00e9 promovida a n\u00edvel mundial pela Associa\u00e7\u00e3o Internacional da Preven\u00e7\u00e3o do Suic\u00eddio, contando com o apoio, em Portugal, da Coordena\u00e7\u00e3o Nacional de Sa\u00fade Mental, Sociedade Portuguesa de Suicidiologia, do Plano Nacional de Preven\u00e7\u00e3o do Suic\u00eddio e do Plano Local de Sa\u00fade ACES Barlavento e Coordena\u00e7\u00e3o Regional de Sa\u00fade.<\/p>\n","protected":false},"excerpt":{"rendered":"<p>\u00c0 semelhan\u00e7a dos anos anteriores, os Servi\u00e7os de Psiquiatria do Centro Hospitalar Universit\u00e1rio do Algarve (Faro e Portim\u00e3o) voltam a<\/p>\n","protected":false},"author":1,"featured_media":30527,"comment_status":"closed","ping_status":"open","sticky":false,"template":"","format":"standard","meta":{"colormag_page_container_layout":"default_layout","colormag_page_sidebar_layout":"default_layout","_monsterinsights_skip_tracking":false,"_monsterinsights_sitenote_active":false,"_monsterinsights_sitenote_note":"","_monsterinsights_sitenote_category":0,"jetpack_post_was_ever_published":false,"_jetpack_newsletter_access":"","_jetpack_dont_email_post_to_subs":false,"_jetpack_newsletter_tier_id":0,"_jetpack_memberships_contains_paywalled_content":false,"_jetpack_memberships_contains_paid_content":false,"footnotes":"","jetpack_publicize_message":"","jetpack_publicize_feature_enabled":true,"jetpack_social_post_already_shared":true,"jetpack_social_options":{"image_generator_settings":{"template":"highway","default_image_id":0,"font":"","enabled":false},"version":2}},"categories":[59],"tags":[36,181,58],"class_list":["post-30526","post","type-post","status-publish","format-standard","has-post-thumbnail","hentry","category-saude","tag-algarve","tag-chua","tag-saude"],"yoast_head":"<!-- This site is optimized with the Yoast SEO plugin v27.4 - https:\/\/yoast.com\/product\/yoast-seo-wordpress\/ -->\n<title>CHUA dinamiza campanha de preven\u00e7\u00e3o do suic\u00eddio com iniciativas por toda a regi\u00e3o - Algarve 7<\/title>\n<meta name=\"description\" content=\"CHUA dinamiza campanha de preven\u00e7\u00e3o do suic\u00eddio com iniciativas por toda a regi\u00e3o Sa\u00fade\" \/>\n<meta name=\"robots\" content=\"index, follow, max-snippet:-1, max-image-preview:large, max-video-preview:-1\" \/>\n<link rel=\"canonical\" href=\"https:\/\/algarve7.pt\/index.php\/2023\/09\/chua-dinamiza-campanha-de-prevencao-do-suicidio-com-iniciativas-por-toda-a-regiao\/saude\/10\/15\/\" \/>\n<meta property=\"og:locale\" content=\"pt_PT\" \/>\n<meta property=\"og:type\" content=\"article\" \/>\n<meta property=\"og:title\" content=\"CHUA dinamiza campanha de preven\u00e7\u00e3o do suic\u00eddio com iniciativas por toda a regi\u00e3o - Algarve 7\" \/>\n<meta property=\"og:description\" content=\"CHUA dinamiza campanha de preven\u00e7\u00e3o do suic\u00eddio com iniciativas por toda a regi\u00e3o Sa\u00fade\" \/>\n<meta property=\"og:url\" content=\"https:\/\/algarve7.pt\/index.php\/2023\/09\/chua-dinamiza-campanha-de-prevencao-do-suicidio-com-iniciativas-por-toda-a-regiao\/saude\/10\/15\/\" \/>\n<meta property=\"og:site_name\" content=\"Algarve 7\" \/>\n<meta property=\"article:publisher\" content=\"https:\/\/www.facebook.com\/algarve7\" \/>\n<meta property=\"article:author\" content=\"https:\/\/www.facebook.com\/algarve7\" \/>\n<meta property=\"article:published_time\" content=\"2023-09-01T09:15:00+00:00\" \/>\n<meta property=\"og:image\" content=\"https:\/\/algarve7.pt\/wp-content\/uploads\/2023\/08\/Captura-de-ecra-2023-08-31-as-21.47.46.png\" \/>\n\t<meta property=\"og:image:width\" content=\"2026\" \/>\n\t<meta property=\"og:image:height\" content=\"870\" \/>\n\t<meta property=\"og:image:type\" content=\"image\/png\" \/>\n<meta name=\"author\" content=\"Algarve 7\" \/>\n<meta name=\"twitter:card\" content=\"summary_large_image\" \/>\n<meta name=\"twitter:creator\" content=\"@Algarvesete\" \/>\n<meta name=\"twitter:site\" content=\"@Algarvesete\" \/>\n<meta name=\"twitter:label1\" content=\"Escrito por\" \/>\n\t<meta name=\"twitter:data1\" content=\"Algarve 7\" \/>\n\t<meta name=\"twitter:label2\" content=\"Tempo estimado de leitura\" \/>\n\t<meta name=\"twitter:data2\" content=\"2 minutos\" \/>\n<script type=\"application\/ld+json\" class=\"yoast-schema-graph\">{\"@context\":\"https:\\\/\\\/schema.org\",\"@graph\":[{\"@type\":\"Article\",\"@id\":\"https:\\\/\\\/algarve7.pt\\\/index.php\\\/2023\\\/09\\\/chua-dinamiza-campanha-de-prevencao-do-suicidio-com-iniciativas-por-toda-a-regiao\\\/saude\\\/10\\\/15\\\/#article\",\"isPartOf\":{\"@id\":\"https:\\\/\\\/algarve7.pt\\\/index.php\\\/2023\\\/09\\\/chua-dinamiza-campanha-de-prevencao-do-suicidio-com-iniciativas-por-toda-a-regiao\\\/saude\\\/10\\\/15\\\/\"},\"author\":{\"name\":\"Algarve 7\",\"@id\":\"https:\\\/\\\/algarve7.pt\\\/#\\\/schema\\\/person\\\/23fa70681308e7b319a3204bcea45e0c\"},\"headline\":\"CHUA dinamiza campanha de preven\u00e7\u00e3o do suic\u00eddio com iniciativas por toda a regi\u00e3o\",\"datePublished\":\"2023-09-01T09:15:00+00:00\",\"mainEntityOfPage\":{\"@id\":\"https:\\\/\\\/algarve7.pt\\\/index.php\\\/2023\\\/09\\\/chua-dinamiza-campanha-de-prevencao-do-suicidio-com-iniciativas-por-toda-a-regiao\\\/saude\\\/10\\\/15\\\/\"},\"wordCount\":329,\"publisher\":{\"@id\":\"https:\\\/\\\/algarve7.pt\\\/#organization\"},\"image\":{\"@id\":\"https:\\\/\\\/algarve7.pt\\\/index.php\\\/2023\\\/09\\\/chua-dinamiza-campanha-de-prevencao-do-suicidio-com-iniciativas-por-toda-a-regiao\\\/saude\\\/10\\\/15\\\/#primaryimage\"},\"thumbnailUrl\":\"https:\\\/\\\/algarve7.pt\\\/wp-content\\\/uploads\\\/2023\\\/08\\\/Captura-de-ecra-2023-08-31-as-21.47.46.png\",\"keywords\":[\"Algarve\",\"CHUA\",\"Sa\u00fade\"],\"articleSection\":[\"Sa\u00fade\"],\"inLanguage\":\"pt-PT\"},{\"@type\":\"WebPage\",\"@id\":\"https:\\\/\\\/algarve7.pt\\\/index.php\\\/2023\\\/09\\\/chua-dinamiza-campanha-de-prevencao-do-suicidio-com-iniciativas-por-toda-a-regiao\\\/saude\\\/10\\\/15\\\/\",\"url\":\"https:\\\/\\\/algarve7.pt\\\/index.php\\\/2023\\\/09\\\/chua-dinamiza-campanha-de-prevencao-do-suicidio-com-iniciativas-por-toda-a-regiao\\\/saude\\\/10\\\/15\\\/\",\"name\":\"CHUA dinamiza campanha de preven\u00e7\u00e3o do suic\u00eddio com iniciativas por toda a regi\u00e3o - Algarve 7\",\"isPartOf\":{\"@id\":\"https:\\\/\\\/algarve7.pt\\\/#website\"},\"primaryImageOfPage\":{\"@id\":\"https:\\\/\\\/algarve7.pt\\\/index.php\\\/2023\\\/09\\\/chua-dinamiza-campanha-de-prevencao-do-suicidio-com-iniciativas-por-toda-a-regiao\\\/saude\\\/10\\\/15\\\/#primaryimage\"},\"image\":{\"@id\":\"https:\\\/\\\/algarve7.pt\\\/index.php\\\/2023\\\/09\\\/chua-dinamiza-campanha-de-prevencao-do-suicidio-com-iniciativas-por-toda-a-regiao\\\/saude\\\/10\\\/15\\\/#primaryimage\"},\"thumbnailUrl\":\"https:\\\/\\\/algarve7.pt\\\/wp-content\\\/uploads\\\/2023\\\/08\\\/Captura-de-ecra-2023-08-31-as-21.47.46.png\",\"datePublished\":\"2023-09-01T09:15:00+00:00\",\"description\":\"CHUA dinamiza campanha de preven\u00e7\u00e3o do suic\u00eddio com iniciativas por toda a regi\u00e3o Sa\u00fade\",\"breadcrumb\":{\"@id\":\"https:\\\/\\\/algarve7.pt\\\/index.php\\\/2023\\\/09\\\/chua-dinamiza-campanha-de-prevencao-do-suicidio-com-iniciativas-por-toda-a-regiao\\\/saude\\\/10\\\/15\\\/#breadcrumb\"},\"inLanguage\":\"pt-PT\",\"potentialAction\":[{\"@type\":\"ReadAction\",\"target\":[\"https:\\\/\\\/algarve7.pt\\\/index.php\\\/2023\\\/09\\\/chua-dinamiza-campanha-de-prevencao-do-suicidio-com-iniciativas-por-toda-a-regiao\\\/saude\\\/10\\\/15\\\/\"]}]},{\"@type\":\"ImageObject\",\"inLanguage\":\"pt-PT\",\"@id\":\"https:\\\/\\\/algarve7.pt\\\/index.php\\\/2023\\\/09\\\/chua-dinamiza-campanha-de-prevencao-do-suicidio-com-iniciativas-por-toda-a-regiao\\\/saude\\\/10\\\/15\\\/#primaryimage\",\"url\":\"https:\\\/\\\/algarve7.pt\\\/wp-content\\\/uploads\\\/2023\\\/08\\\/Captura-de-ecra-2023-08-31-as-21.47.46.png\",\"contentUrl\":\"https:\\\/\\\/algarve7.pt\\\/wp-content\\\/uploads\\\/2023\\\/08\\\/Captura-de-ecra-2023-08-31-as-21.47.46.png\",\"width\":2026,\"height\":870},{\"@type\":\"BreadcrumbList\",\"@id\":\"https:\\\/\\\/algarve7.pt\\\/index.php\\\/2023\\\/09\\\/chua-dinamiza-campanha-de-prevencao-do-suicidio-com-iniciativas-por-toda-a-regiao\\\/saude\\\/10\\\/15\\\/#breadcrumb\",\"itemListElement\":[{\"@type\":\"ListItem\",\"position\":1,\"name\":\"In\u00edcio\",\"item\":\"https:\\\/\\\/algarve7.pt\\\/\"},{\"@type\":\"ListItem\",\"position\":2,\"name\":\"CHUA dinamiza campanha de preven\u00e7\u00e3o do suic\u00eddio com iniciativas por toda a regi\u00e3o\"}]},{\"@type\":\"WebSite\",\"@id\":\"https:\\\/\\\/algarve7.pt\\\/#website\",\"url\":\"https:\\\/\\\/algarve7.pt\\\/\",\"name\":\"Algarve 7\",\"description\":\"Informa\u00e7\u00e3o sobre o Algarve\",\"publisher\":{\"@id\":\"https:\\\/\\\/algarve7.pt\\\/#organization\"},\"potentialAction\":[{\"@type\":\"SearchAction\",\"target\":{\"@type\":\"EntryPoint\",\"urlTemplate\":\"https:\\\/\\\/algarve7.pt\\\/?s={search_term_string}\"},\"query-input\":{\"@type\":\"PropertyValueSpecification\",\"valueRequired\":true,\"valueName\":\"search_term_string\"}}],\"inLanguage\":\"pt-PT\"},{\"@type\":\"Organization\",\"@id\":\"https:\\\/\\\/algarve7.pt\\\/#organization\",\"name\":\"Algarve 7\",\"url\":\"https:\\\/\\\/algarve7.pt\\\/\",\"logo\":{\"@type\":\"ImageObject\",\"inLanguage\":\"pt-PT\",\"@id\":\"https:\\\/\\\/algarve7.pt\\\/#\\\/schema\\\/logo\\\/image\\\/\",\"url\":\"https:\\\/\\\/algarve7.pt\\\/wp-content\\\/uploads\\\/2020\\\/10\\\/Logo-8.jpg\",\"contentUrl\":\"https:\\\/\\\/algarve7.pt\\\/wp-content\\\/uploads\\\/2020\\\/10\\\/Logo-8.jpg\",\"width\":1680,\"height\":1186,\"caption\":\"Algarve 7\"},\"image\":{\"@id\":\"https:\\\/\\\/algarve7.pt\\\/#\\\/schema\\\/logo\\\/image\\\/\"},\"sameAs\":[\"https:\\\/\\\/www.facebook.com\\\/algarve7\",\"https:\\\/\\\/x.com\\\/Algarvesete\",\"https:\\\/\\\/www.instagram.com\\\/jornalalgarve7\\\/\",\"https:\\\/\\\/www.linkedin.com\\\/company\\\/algarve7\",\"https:\\\/\\\/www.pinterest.pt\\\/geral0939\\\/_created\\\/\"]},{\"@type\":\"Person\",\"@id\":\"https:\\\/\\\/algarve7.pt\\\/#\\\/schema\\\/person\\\/23fa70681308e7b319a3204bcea45e0c\",\"name\":\"Algarve 7\",\"sameAs\":[\"https:\\\/\\\/algarve7.pt\",\"https:\\\/\\\/www.facebook.com\\\/algarve7\"],\"url\":\"https:\\\/\\\/algarve7.pt\\\/index.php\\\/author\\\/geralalgarve7-pt\\\/\"}]}<\/script>\n<!-- \/ Yoast SEO plugin. -->","yoast_head_json":{"title":"CHUA dinamiza campanha de preven\u00e7\u00e3o do suic\u00eddio com iniciativas por toda a regi\u00e3o - Algarve 7","description":"CHUA dinamiza campanha de preven\u00e7\u00e3o do suic\u00eddio com iniciativas por toda a regi\u00e3o Sa\u00fade","robots":{"index":"index","follow":"follow","max-snippet":"max-snippet:-1","max-image-preview":"max-image-preview:large","max-video-preview":"max-video-preview:-1"},"canonical":"https:\/\/algarve7.pt\/index.php\/2023\/09\/chua-dinamiza-campanha-de-prevencao-do-suicidio-com-iniciativas-por-toda-a-regiao\/saude\/10\/15\/","og_locale":"pt_PT","og_type":"article","og_title":"CHUA dinamiza campanha de preven\u00e7\u00e3o do suic\u00eddio com iniciativas por toda a regi\u00e3o - Algarve 7","og_description":"CHUA dinamiza campanha de preven\u00e7\u00e3o do suic\u00eddio com iniciativas por toda a regi\u00e3o Sa\u00fade","og_url":"https:\/\/algarve7.pt\/index.php\/2023\/09\/chua-dinamiza-campanha-de-prevencao-do-suicidio-com-iniciativas-por-toda-a-regiao\/saude\/10\/15\/","og_site_name":"Algarve 7","article_publisher":"https:\/\/www.facebook.com\/algarve7","article_author":"https:\/\/www.facebook.com\/algarve7","article_published_time":"2023-09-01T09:15:00+00:00","og_image":[{"width":2026,"height":870,"url":"https:\/\/algarve7.pt\/wp-content\/uploads\/2023\/08\/Captura-de-ecra-2023-08-31-as-21.47.46.png","type":"image\/png"}],"author":"Algarve 7","twitter_card":"summary_large_image","twitter_creator":"@Algarvesete","twitter_site":"@Algarvesete","twitter_misc":{"Escrito por":"Algarve 7","Tempo estimado de leitura":"2 minutos"},"schema":{"@context":"https:\/\/schema.org","@graph":[{"@type":"Article","@id":"https:\/\/algarve7.pt\/index.php\/2023\/09\/chua-dinamiza-campanha-de-prevencao-do-suicidio-com-iniciativas-por-toda-a-regiao\/saude\/10\/15\/#article","isPartOf":{"@id":"https:\/\/algarve7.pt\/index.php\/2023\/09\/chua-dinamiza-campanha-de-prevencao-do-suicidio-com-iniciativas-por-toda-a-regiao\/saude\/10\/15\/"},"author":{"name":"Algarve 7","@id":"https:\/\/algarve7.pt\/#\/schema\/person\/23fa70681308e7b319a3204bcea45e0c"},"headline":"CHUA dinamiza campanha de preven\u00e7\u00e3o do suic\u00eddio com iniciativas por toda a regi\u00e3o","datePublished":"2023-09-01T09:15:00+00:00","mainEntityOfPage":{"@id":"https:\/\/algarve7.pt\/index.php\/2023\/09\/chua-dinamiza-campanha-de-prevencao-do-suicidio-com-iniciativas-por-toda-a-regiao\/saude\/10\/15\/"},"wordCount":329,"publisher":{"@id":"https:\/\/algarve7.pt\/#organization"},"image":{"@id":"https:\/\/algarve7.pt\/index.php\/2023\/09\/chua-dinamiza-campanha-de-prevencao-do-suicidio-com-iniciativas-por-toda-a-regiao\/saude\/10\/15\/#primaryimage"},"thumbnailUrl":"https:\/\/algarve7.pt\/wp-content\/uploads\/2023\/08\/Captura-de-ecra-2023-08-31-as-21.47.46.png","keywords":["Algarve","CHUA","Sa\u00fade"],"articleSection":["Sa\u00fade"],"inLanguage":"pt-PT"},{"@type":"WebPage","@id":"https:\/\/algarve7.pt\/index.php\/2023\/09\/chua-dinamiza-campanha-de-prevencao-do-suicidio-com-iniciativas-por-toda-a-regiao\/saude\/10\/15\/","url":"https:\/\/algarve7.pt\/index.php\/2023\/09\/chua-dinamiza-campanha-de-prevencao-do-suicidio-com-iniciativas-por-toda-a-regiao\/saude\/10\/15\/","name":"CHUA dinamiza campanha de preven\u00e7\u00e3o do suic\u00eddio com iniciativas por toda a regi\u00e3o - Algarve 7","isPartOf":{"@id":"https:\/\/algarve7.pt\/#website"},"primaryImageOfPage":{"@id":"https:\/\/algarve7.pt\/index.php\/2023\/09\/chua-dinamiza-campanha-de-prevencao-do-suicidio-com-iniciativas-por-toda-a-regiao\/saude\/10\/15\/#primaryimage"},"image":{"@id":"https:\/\/algarve7.pt\/index.php\/2023\/09\/chua-dinamiza-campanha-de-prevencao-do-suicidio-com-iniciativas-por-toda-a-regiao\/saude\/10\/15\/#primaryimage"},"thumbnailUrl":"https:\/\/algarve7.pt\/wp-content\/uploads\/2023\/08\/Captura-de-ecra-2023-08-31-as-21.47.46.png","datePublished":"2023-09-01T09:15:00+00:00","description":"CHUA dinamiza campanha de preven\u00e7\u00e3o do suic\u00eddio com iniciativas por toda a regi\u00e3o Sa\u00fade","breadcrumb":{"@id":"https:\/\/algarve7.pt\/index.php\/2023\/09\/chua-dinamiza-campanha-de-prevencao-do-suicidio-com-iniciativas-por-toda-a-regiao\/saude\/10\/15\/#breadcrumb"},"inLanguage":"pt-PT","potentialAction":[{"@type":"ReadAction","target":["https:\/\/algarve7.pt\/index.php\/2023\/09\/chua-dinamiza-campanha-de-prevencao-do-suicidio-com-iniciativas-por-toda-a-regiao\/saude\/10\/15\/"]}]},{"@type":"ImageObject","inLanguage":"pt-PT","@id":"https:\/\/algarve7.pt\/index.php\/2023\/09\/chua-dinamiza-campanha-de-prevencao-do-suicidio-com-iniciativas-por-toda-a-regiao\/saude\/10\/15\/#primaryimage","url":"https:\/\/algarve7.pt\/wp-content\/uploads\/2023\/08\/Captura-de-ecra-2023-08-31-as-21.47.46.png","contentUrl":"https:\/\/algarve7.pt\/wp-content\/uploads\/2023\/08\/Captura-de-ecra-2023-08-31-as-21.47.46.png","width":2026,"height":870},{"@type":"BreadcrumbList","@id":"https:\/\/algarve7.pt\/index.php\/2023\/09\/chua-dinamiza-campanha-de-prevencao-do-suicidio-com-iniciativas-por-toda-a-regiao\/saude\/10\/15\/#breadcrumb","itemListElement":[{"@type":"ListItem","position":1,"name":"In\u00edcio","item":"https:\/\/algarve7.pt\/"},{"@type":"ListItem","position":2,"name":"CHUA dinamiza campanha de preven\u00e7\u00e3o do suic\u00eddio com iniciativas por toda a regi\u00e3o"}]},{"@type":"WebSite","@id":"https:\/\/algarve7.pt\/#website","url":"https:\/\/algarve7.pt\/","name":"Algarve 7","description":"Informa\u00e7\u00e3o sobre o Algarve","publisher":{"@id":"https:\/\/algarve7.pt\/#organization"},"potentialAction":[{"@type":"SearchAction","target":{"@type":"EntryPoint","urlTemplate":"https:\/\/algarve7.pt\/?s={search_term_string}"},"query-input":{"@type":"PropertyValueSpecification","valueRequired":true,"valueName":"search_term_string"}}],"inLanguage":"pt-PT"},{"@type":"Organization","@id":"https:\/\/algarve7.pt\/#organization","name":"Algarve 7","url":"https:\/\/algarve7.pt\/","logo":{"@type":"ImageObject","inLanguage":"pt-PT","@id":"https:\/\/algarve7.pt\/#\/schema\/logo\/image\/","url":"https:\/\/algarve7.pt\/wp-content\/uploads\/2020\/10\/Logo-8.jpg","contentUrl":"https:\/\/algarve7.pt\/wp-content\/uploads\/2020\/10\/Logo-8.jpg","width":1680,"height":1186,"caption":"Algarve 7"},"image":{"@id":"https:\/\/algarve7.pt\/#\/schema\/logo\/image\/"},"sameAs":["https:\/\/www.facebook.com\/algarve7","https:\/\/x.com\/Algarvesete","https:\/\/www.instagram.com\/jornalalgarve7\/","https:\/\/www.linkedin.com\/company\/algarve7","https:\/\/www.pinterest.pt\/geral0939\/_created\/"]},{"@type":"Person","@id":"https:\/\/algarve7.pt\/#\/schema\/person\/23fa70681308e7b319a3204bcea45e0c","name":"Algarve 7","sameAs":["https:\/\/algarve7.pt","https:\/\/www.facebook.com\/algarve7"],"url":"https:\/\/algarve7.pt\/index.php\/author\/geralalgarve7-pt\/"}]}},"jetpack_publicize_connections":[],"jetpack_featured_media_url":"https:\/\/algarve7.pt\/wp-content\/uploads\/2023\/08\/Captura-de-ecra-2023-08-31-as-21.47.46.png","jetpack_shortlink":"https:\/\/wp.me\/pcezmW-7Wm","jetpack_sharing_enabled":true,"_links":{"self":[{"href":"https:\/\/algarve7.pt\/index.php\/wp-json\/wp\/v2\/posts\/30526","targetHints":{"allow":["GET"]}}],"collection":[{"href":"https:\/\/algarve7.pt\/index.php\/wp-json\/wp\/v2\/posts"}],"about":[{"href":"https:\/\/algarve7.pt\/index.php\/wp-json\/wp\/v2\/types\/post"}],"author":[{"embeddable":true,"href":"https:\/\/algarve7.pt\/index.php\/wp-json\/wp\/v2\/users\/1"}],"replies":[{"embeddable":true,"href":"https:\/\/algarve7.pt\/index.php\/wp-json\/wp\/v2\/comments?post=30526"}],"version-history":[{"count":0,"href":"https:\/\/algarve7.pt\/index.php\/wp-json\/wp\/v2\/posts\/30526\/revisions"}],"wp:featuredmedia":[{"embeddable":true,"href":"https:\/\/algarve7.pt\/index.php\/wp-json\/wp\/v2\/media\/30527"}],"wp:attachment":[{"href":"https:\/\/algarve7.pt\/index.php\/wp-json\/wp\/v2\/media?parent=30526"}],"wp:term":[{"taxonomy":"category","embeddable":true,"href":"https:\/\/algarve7.pt\/index.php\/wp-json\/wp\/v2\/categories?post=30526"},{"taxonomy":"post_tag","embeddable":true,"href":"https:\/\/algarve7.pt\/index.php\/wp-json\/wp\/v2\/tags?post=30526"}],"curies":[{"name":"wp","href":"https:\/\/api.w.org\/{rel}","templated":true}]}}