{"id":30441,"date":"2023-08-28T12:36:15","date_gmt":"2023-08-28T11:36:15","guid":{"rendered":"https:\/\/algarve7.pt\/?p=30441"},"modified":"2023-08-28T12:36:19","modified_gmt":"2023-08-28T11:36:19","slug":"comemoracoes-do-feriado-municipal-de-lagoa-festas-em-honra-de-nossa-sra-da-luz","status":"publish","type":"post","link":"https:\/\/algarve7.pt\/index.php\/2023\/08\/comemoracoes-do-feriado-municipal-de-lagoa-festas-em-honra-de-nossa-sra-da-luz\/atualidade\/12\/36\/","title":{"rendered":"Comemora\u00e7\u00f5es do Feriado Municipal de Lagoa Festas em Honra de Nossa Sra. da Luz"},"content":{"rendered":"\n<p>A C\u00e2mara Municipal de Lagoa em parceira com outras entidades do concelho, vai promover um programa com diversas atividades de car\u00e1ter religioso e cultural, onde se inserem as festas da padroeira Nossa Senhora da Luz e o Feriado Municipal no dia 08 de setembro com grandiosos espet\u00e1culos que v\u00e3o animar os Lagoenses e a todos os que visitam Lagoa nestes dias.<\/p>\n\n\n\n<p>O programa religioso realiza-se de 03 a 09 de setembro e o programa de anima\u00e7\u00e3o cultural de 31 de agosto a 08 de setembro, conforme pode ver abaixo e nos anexos ao presente email.<\/p>\n\n\n\n<p>Programa Religioso &#8211; Igreja Matriz de Lagoa \u2013 Nossa Senhora da Luz:<\/p>\n\n\n\n<p>03 de setembro (domingo)<\/p>\n\n\n\n<p>&#8211;&nbsp;209\u00ba Anivers\u00e1rio da Dedica\u00e7\u00e3o da Igreja Paroquial de Lagoa<\/p>\n\n\n\n<p>&#8211; 12h00 &#8211;&nbsp;Eucaristia<\/p>\n\n\n\n<p>04 de setembro (segunda-feira)<\/p>\n\n\n\n<p>&#8211; 21h00 &#8211;&nbsp;Momento Musical<\/p>\n\n\n\n<p>05 de setembro (ter\u00e7a-feira)<\/p>\n\n\n\n<p>&#8211; 21h00 &#8211;&nbsp;Momento de Reconcilia\u00e7\u00e3o&nbsp;(Confiss\u00f5es)<\/p>\n\n\n\n<p>06 de setembro (quarta-feira)<\/p>\n\n\n\n<p>&#8211; 21h00 &#8211;&nbsp;Concerto com Cantate Domino<\/p>\n\n\n\n<p>07 de setembro (quinta-feira)<\/p>\n\n\n\n<p>&#8211; 20h30 &#8211;&nbsp;Eucaristia Vespertina da Natividade de Nossa Senhora<\/p>\n\n\n\n<p>08 de setembro (sexta-feira)<\/p>\n\n\n\n<p>&#8211; 09h00 &#8211;&nbsp;Missa Matutina<\/p>\n\n\n\n<p>&#8211; 18h30 &#8211;&nbsp;Eucaristia Solene de Nossa Senhora da Luz<\/p>\n\n\n\n<p>&#8211; 19h30 &#8211;&nbsp;Grandiosa Prociss\u00e3o da Padroeira Nossa Senhora da Luz, abrilhantada pela&nbsp;Banda Filarm\u00f4nica de Silves&nbsp;e&nbsp;Fanfarra Agrupamento 511 Lagoa<\/p>\n\n\n\n<p>09 de setembro (s\u00e1bado)<\/p>\n\n\n\n<p>&#8211; 21h30 &#8211; Espet\u00e1culo &#8220;O meu Cristo Partido&#8221;<\/p>\n\n\n\n<p>Programa Cultural Comemorativo do Feriado Municipal:<\/p>\n\n\n\n<p>31 de agosto a 03 de setembro | 19h00 \u2013 00h00 |&nbsp;19\u00aa Mostra do Doce Conventual de Lagoa&nbsp;| Centro Cultural Convento de S. Jos\u00e9 |&nbsp;Entrada Gratuita<\/p>\n\n\n\n<p>&nbsp;&nbsp;&nbsp;&nbsp;&nbsp;&nbsp;&nbsp;&nbsp;&nbsp;&nbsp;&nbsp;&nbsp;&nbsp; &#8211; 31 de agosto | 20h30 \u2013&nbsp;Bruno Silva&nbsp;\u2013 Palco Jardim | 21h30 \u2013&nbsp;Plan B&nbsp;\u2013 Palco Florados<\/p>\n\n\n\n<p>&nbsp;&nbsp;&nbsp;&nbsp;&nbsp;&nbsp;&nbsp;&nbsp;&nbsp;&nbsp;&nbsp;&nbsp;&nbsp; &#8211; 01 de setembro | 20h30 \u2013&nbsp;Nanook Plays the Blues&nbsp;\u2013 Palco Jardim | 21h30 \u2013&nbsp;Sneaky Mouse&nbsp;\u2013 Palco Florados<\/p>\n\n\n\n<p>&nbsp;&nbsp;&nbsp;&nbsp;&nbsp;&nbsp;&nbsp;&nbsp;&nbsp;&nbsp;&nbsp;&nbsp;&nbsp; &#8211; 02 de setembro | 20h30 &#8211;&nbsp;Duo US2&nbsp;\u2013 Palco Jardim | 21h30 \u2013&nbsp;Final 2\u00ba Festival Nacional da Can\u00e7\u00e3o Rural&nbsp;\u2013 Palco Florados<\/p>\n\n\n\n<p>&nbsp;&nbsp;&nbsp;&nbsp;&nbsp;&nbsp;&nbsp;&nbsp;&nbsp;&nbsp;&nbsp;&nbsp;&nbsp; &#8211; 03 de setembro | 20h30 \u2013&nbsp;D\u00fao Kasal&nbsp;\u2013 Palco Jardim | 21h30 &#8211;&nbsp;The Switha\u2019s Band&nbsp;\u2013 Palco Florados<\/p>\n\n\n\n<p>07 de setembro (quinta-feira)<\/p>\n\n\n\n<p>&nbsp;&nbsp;&nbsp;&nbsp;&nbsp;&nbsp;&nbsp;&nbsp;&nbsp;&nbsp;&nbsp;&nbsp;&nbsp; &#8211; 19h30 \u2013&nbsp;Inaugura\u00e7\u00e3o da Exposi\u00e7\u00e3o de Pintura de MARAMGON\u00cd&nbsp;\u2013 \u201cOrgulho em ser Lagoa\u201d:&nbsp;Um olhar sobre territ\u00f3rio&nbsp;| Centro Cultural Convento de S. Jos\u00e9<\/p>\n\n\n\n<p>&nbsp;&nbsp;&nbsp;&nbsp;&nbsp;&nbsp;&nbsp;&nbsp;&nbsp;&nbsp;&nbsp;&nbsp;&nbsp; &#8211; 21h30 \u2013&nbsp;Concerto com Luana Vel\u00e1squez&nbsp;| Largo do Audit\u00f3rio Carlos do Carmo<\/p>\n\n\n\n<p>&nbsp;&nbsp;&nbsp;&nbsp;&nbsp;&nbsp;&nbsp;&nbsp;&nbsp;&nbsp;&nbsp;&nbsp;&nbsp; &#8211; 22h30 \u2013&nbsp;Concerto com Edmundo In\u00e1cio&nbsp;| Largo do Audit\u00f3rio Carlos do Carmo<\/p>\n\n\n\n<p>08 de setembro (sexta-feira)<\/p>\n\n\n\n<p>&nbsp;&nbsp;&nbsp;&nbsp;&nbsp;&nbsp;&nbsp;&nbsp;&nbsp;&nbsp;&nbsp;&nbsp;&nbsp; &#8211; 22h00 \u2013&nbsp;Concerto com Nena&nbsp;| Largo do Audit\u00f3rio Carlos do Carmo<\/p>\n\n\n\n<p>Todas as atividades s\u00e3o de&nbsp;entrada livre!<\/p>\n","protected":false},"excerpt":{"rendered":"<p>A C\u00e2mara Municipal de Lagoa em parceira com outras entidades do concelho, vai promover um programa com diversas atividades de<\/p>\n","protected":false},"author":1,"featured_media":30442,"comment_status":"closed","ping_status":"open","sticky":false,"template":"","format":"standard","meta":{"colormag_page_container_layout":"default_layout","colormag_page_sidebar_layout":"default_layout","_monsterinsights_skip_tracking":false,"_monsterinsights_sitenote_active":false,"_monsterinsights_sitenote_note":"","_monsterinsights_sitenote_category":0,"jetpack_post_was_ever_published":false,"_jetpack_newsletter_access":"","_jetpack_dont_email_post_to_subs":false,"_jetpack_newsletter_tier_id":0,"_jetpack_memberships_contains_paywalled_content":false,"_jetpack_memberships_contains_paid_content":false,"footnotes":"","jetpack_publicize_message":"","jetpack_publicize_feature_enabled":true,"jetpack_social_post_already_shared":true,"jetpack_social_options":{"image_generator_settings":{"template":"highway","default_image_id":0,"font":"","enabled":false},"version":2}},"categories":[11],"tags":[36,62,48],"class_list":["post-30441","post","type-post","status-publish","format-standard","has-post-thumbnail","hentry","category-atualidade","tag-algarve","tag-atualidade","tag-lagoa"],"yoast_head":"<!-- This site is optimized with the Yoast SEO plugin v27.4 - https:\/\/yoast.com\/product\/yoast-seo-wordpress\/ -->\n<title>Comemora\u00e7\u00f5es do Feriado Municipal de Lagoa Festas em Honra de Nossa Sra. da Luz - Algarve 7<\/title>\n<meta name=\"description\" content=\"Comemora\u00e7\u00f5es do Feriado Municipal de Lagoa Festas em Honra de Nossa Sra. da Luz Atualidade\" \/>\n<meta name=\"robots\" content=\"index, follow, max-snippet:-1, max-image-preview:large, max-video-preview:-1\" \/>\n<link rel=\"canonical\" href=\"https:\/\/algarve7.pt\/index.php\/2023\/08\/comemoracoes-do-feriado-municipal-de-lagoa-festas-em-honra-de-nossa-sra-da-luz\/atualidade\/12\/36\/\" \/>\n<meta property=\"og:locale\" content=\"pt_PT\" \/>\n<meta property=\"og:type\" content=\"article\" \/>\n<meta property=\"og:title\" content=\"Comemora\u00e7\u00f5es do Feriado Municipal de Lagoa Festas em Honra de Nossa Sra. da Luz - Algarve 7\" \/>\n<meta property=\"og:description\" content=\"Comemora\u00e7\u00f5es do Feriado Municipal de Lagoa Festas em Honra de Nossa Sra. da Luz Atualidade\" \/>\n<meta property=\"og:url\" content=\"https:\/\/algarve7.pt\/index.php\/2023\/08\/comemoracoes-do-feriado-municipal-de-lagoa-festas-em-honra-de-nossa-sra-da-luz\/atualidade\/12\/36\/\" \/>\n<meta property=\"og:site_name\" content=\"Algarve 7\" \/>\n<meta property=\"article:publisher\" content=\"https:\/\/www.facebook.com\/algarve7\" \/>\n<meta property=\"article:author\" content=\"https:\/\/www.facebook.com\/algarve7\" \/>\n<meta property=\"article:published_time\" content=\"2023-08-28T11:36:15+00:00\" \/>\n<meta property=\"article:modified_time\" content=\"2023-08-28T11:36:19+00:00\" \/>\n<meta property=\"og:image\" content=\"https:\/\/algarve7.pt\/wp-content\/uploads\/2023\/08\/Captura-de-ecra-2023-08-28-as-12.32.31.png\" \/>\n\t<meta property=\"og:image:width\" content=\"1024\" \/>\n\t<meta property=\"og:image:height\" content=\"816\" \/>\n\t<meta property=\"og:image:type\" content=\"image\/png\" \/>\n<meta name=\"author\" content=\"Algarve 7\" \/>\n<meta name=\"twitter:card\" content=\"summary_large_image\" \/>\n<meta name=\"twitter:creator\" content=\"@Algarvesete\" \/>\n<meta name=\"twitter:site\" content=\"@Algarvesete\" \/>\n<meta name=\"twitter:label1\" content=\"Escrito por\" \/>\n\t<meta name=\"twitter:data1\" content=\"Algarve 7\" \/>\n\t<meta name=\"twitter:label2\" content=\"Tempo estimado de leitura\" \/>\n\t<meta name=\"twitter:data2\" content=\"3 minutos\" \/>\n<script type=\"application\/ld+json\" class=\"yoast-schema-graph\">{\"@context\":\"https:\\\/\\\/schema.org\",\"@graph\":[{\"@type\":\"Article\",\"@id\":\"https:\\\/\\\/algarve7.pt\\\/index.php\\\/2023\\\/08\\\/comemoracoes-do-feriado-municipal-de-lagoa-festas-em-honra-de-nossa-sra-da-luz\\\/atualidade\\\/12\\\/36\\\/#article\",\"isPartOf\":{\"@id\":\"https:\\\/\\\/algarve7.pt\\\/index.php\\\/2023\\\/08\\\/comemoracoes-do-feriado-municipal-de-lagoa-festas-em-honra-de-nossa-sra-da-luz\\\/atualidade\\\/12\\\/36\\\/\"},\"author\":{\"name\":\"Algarve 7\",\"@id\":\"https:\\\/\\\/algarve7.pt\\\/#\\\/schema\\\/person\\\/23fa70681308e7b319a3204bcea45e0c\"},\"headline\":\"Comemora\u00e7\u00f5es do Feriado Municipal de Lagoa Festas em Honra de Nossa Sra. da Luz\",\"datePublished\":\"2023-08-28T11:36:15+00:00\",\"dateModified\":\"2023-08-28T11:36:19+00:00\",\"mainEntityOfPage\":{\"@id\":\"https:\\\/\\\/algarve7.pt\\\/index.php\\\/2023\\\/08\\\/comemoracoes-do-feriado-municipal-de-lagoa-festas-em-honra-de-nossa-sra-da-luz\\\/atualidade\\\/12\\\/36\\\/\"},\"wordCount\":555,\"publisher\":{\"@id\":\"https:\\\/\\\/algarve7.pt\\\/#organization\"},\"image\":{\"@id\":\"https:\\\/\\\/algarve7.pt\\\/index.php\\\/2023\\\/08\\\/comemoracoes-do-feriado-municipal-de-lagoa-festas-em-honra-de-nossa-sra-da-luz\\\/atualidade\\\/12\\\/36\\\/#primaryimage\"},\"thumbnailUrl\":\"https:\\\/\\\/algarve7.pt\\\/wp-content\\\/uploads\\\/2023\\\/08\\\/Captura-de-ecra-2023-08-28-as-12.32.31.png\",\"keywords\":[\"Algarve\",\"Atualidade\",\"Lagoa\"],\"articleSection\":[\"Atualidade\"],\"inLanguage\":\"pt-PT\"},{\"@type\":\"WebPage\",\"@id\":\"https:\\\/\\\/algarve7.pt\\\/index.php\\\/2023\\\/08\\\/comemoracoes-do-feriado-municipal-de-lagoa-festas-em-honra-de-nossa-sra-da-luz\\\/atualidade\\\/12\\\/36\\\/\",\"url\":\"https:\\\/\\\/algarve7.pt\\\/index.php\\\/2023\\\/08\\\/comemoracoes-do-feriado-municipal-de-lagoa-festas-em-honra-de-nossa-sra-da-luz\\\/atualidade\\\/12\\\/36\\\/\",\"name\":\"Comemora\u00e7\u00f5es do Feriado Municipal de Lagoa Festas em Honra de Nossa Sra. da Luz - Algarve 7\",\"isPartOf\":{\"@id\":\"https:\\\/\\\/algarve7.pt\\\/#website\"},\"primaryImageOfPage\":{\"@id\":\"https:\\\/\\\/algarve7.pt\\\/index.php\\\/2023\\\/08\\\/comemoracoes-do-feriado-municipal-de-lagoa-festas-em-honra-de-nossa-sra-da-luz\\\/atualidade\\\/12\\\/36\\\/#primaryimage\"},\"image\":{\"@id\":\"https:\\\/\\\/algarve7.pt\\\/index.php\\\/2023\\\/08\\\/comemoracoes-do-feriado-municipal-de-lagoa-festas-em-honra-de-nossa-sra-da-luz\\\/atualidade\\\/12\\\/36\\\/#primaryimage\"},\"thumbnailUrl\":\"https:\\\/\\\/algarve7.pt\\\/wp-content\\\/uploads\\\/2023\\\/08\\\/Captura-de-ecra-2023-08-28-as-12.32.31.png\",\"datePublished\":\"2023-08-28T11:36:15+00:00\",\"dateModified\":\"2023-08-28T11:36:19+00:00\",\"description\":\"Comemora\u00e7\u00f5es do Feriado Municipal de Lagoa Festas em Honra de Nossa Sra. da Luz Atualidade\",\"breadcrumb\":{\"@id\":\"https:\\\/\\\/algarve7.pt\\\/index.php\\\/2023\\\/08\\\/comemoracoes-do-feriado-municipal-de-lagoa-festas-em-honra-de-nossa-sra-da-luz\\\/atualidade\\\/12\\\/36\\\/#breadcrumb\"},\"inLanguage\":\"pt-PT\",\"potentialAction\":[{\"@type\":\"ReadAction\",\"target\":[\"https:\\\/\\\/algarve7.pt\\\/index.php\\\/2023\\\/08\\\/comemoracoes-do-feriado-municipal-de-lagoa-festas-em-honra-de-nossa-sra-da-luz\\\/atualidade\\\/12\\\/36\\\/\"]}]},{\"@type\":\"ImageObject\",\"inLanguage\":\"pt-PT\",\"@id\":\"https:\\\/\\\/algarve7.pt\\\/index.php\\\/2023\\\/08\\\/comemoracoes-do-feriado-municipal-de-lagoa-festas-em-honra-de-nossa-sra-da-luz\\\/atualidade\\\/12\\\/36\\\/#primaryimage\",\"url\":\"https:\\\/\\\/algarve7.pt\\\/wp-content\\\/uploads\\\/2023\\\/08\\\/Captura-de-ecra-2023-08-28-as-12.32.31.png\",\"contentUrl\":\"https:\\\/\\\/algarve7.pt\\\/wp-content\\\/uploads\\\/2023\\\/08\\\/Captura-de-ecra-2023-08-28-as-12.32.31.png\",\"width\":1024,\"height\":816},{\"@type\":\"BreadcrumbList\",\"@id\":\"https:\\\/\\\/algarve7.pt\\\/index.php\\\/2023\\\/08\\\/comemoracoes-do-feriado-municipal-de-lagoa-festas-em-honra-de-nossa-sra-da-luz\\\/atualidade\\\/12\\\/36\\\/#breadcrumb\",\"itemListElement\":[{\"@type\":\"ListItem\",\"position\":1,\"name\":\"In\u00edcio\",\"item\":\"https:\\\/\\\/algarve7.pt\\\/\"},{\"@type\":\"ListItem\",\"position\":2,\"name\":\"Comemora\u00e7\u00f5es do Feriado Municipal de Lagoa Festas em Honra de Nossa Sra. da Luz\"}]},{\"@type\":\"WebSite\",\"@id\":\"https:\\\/\\\/algarve7.pt\\\/#website\",\"url\":\"https:\\\/\\\/algarve7.pt\\\/\",\"name\":\"Algarve 7\",\"description\":\"Informa\u00e7\u00e3o sobre o Algarve\",\"publisher\":{\"@id\":\"https:\\\/\\\/algarve7.pt\\\/#organization\"},\"potentialAction\":[{\"@type\":\"SearchAction\",\"target\":{\"@type\":\"EntryPoint\",\"urlTemplate\":\"https:\\\/\\\/algarve7.pt\\\/?s={search_term_string}\"},\"query-input\":{\"@type\":\"PropertyValueSpecification\",\"valueRequired\":true,\"valueName\":\"search_term_string\"}}],\"inLanguage\":\"pt-PT\"},{\"@type\":\"Organization\",\"@id\":\"https:\\\/\\\/algarve7.pt\\\/#organization\",\"name\":\"Algarve 7\",\"url\":\"https:\\\/\\\/algarve7.pt\\\/\",\"logo\":{\"@type\":\"ImageObject\",\"inLanguage\":\"pt-PT\",\"@id\":\"https:\\\/\\\/algarve7.pt\\\/#\\\/schema\\\/logo\\\/image\\\/\",\"url\":\"https:\\\/\\\/algarve7.pt\\\/wp-content\\\/uploads\\\/2020\\\/10\\\/Logo-8.jpg\",\"contentUrl\":\"https:\\\/\\\/algarve7.pt\\\/wp-content\\\/uploads\\\/2020\\\/10\\\/Logo-8.jpg\",\"width\":1680,\"height\":1186,\"caption\":\"Algarve 7\"},\"image\":{\"@id\":\"https:\\\/\\\/algarve7.pt\\\/#\\\/schema\\\/logo\\\/image\\\/\"},\"sameAs\":[\"https:\\\/\\\/www.facebook.com\\\/algarve7\",\"https:\\\/\\\/x.com\\\/Algarvesete\",\"https:\\\/\\\/www.instagram.com\\\/jornalalgarve7\\\/\",\"https:\\\/\\\/www.linkedin.com\\\/company\\\/algarve7\",\"https:\\\/\\\/www.pinterest.pt\\\/geral0939\\\/_created\\\/\"]},{\"@type\":\"Person\",\"@id\":\"https:\\\/\\\/algarve7.pt\\\/#\\\/schema\\\/person\\\/23fa70681308e7b319a3204bcea45e0c\",\"name\":\"Algarve 7\",\"sameAs\":[\"https:\\\/\\\/algarve7.pt\",\"https:\\\/\\\/www.facebook.com\\\/algarve7\"],\"url\":\"https:\\\/\\\/algarve7.pt\\\/index.php\\\/author\\\/geralalgarve7-pt\\\/\"}]}<\/script>\n<!-- \/ Yoast SEO plugin. -->","yoast_head_json":{"title":"Comemora\u00e7\u00f5es do Feriado Municipal de Lagoa Festas em Honra de Nossa Sra. da Luz - Algarve 7","description":"Comemora\u00e7\u00f5es do Feriado Municipal de Lagoa Festas em Honra de Nossa Sra. da Luz Atualidade","robots":{"index":"index","follow":"follow","max-snippet":"max-snippet:-1","max-image-preview":"max-image-preview:large","max-video-preview":"max-video-preview:-1"},"canonical":"https:\/\/algarve7.pt\/index.php\/2023\/08\/comemoracoes-do-feriado-municipal-de-lagoa-festas-em-honra-de-nossa-sra-da-luz\/atualidade\/12\/36\/","og_locale":"pt_PT","og_type":"article","og_title":"Comemora\u00e7\u00f5es do Feriado Municipal de Lagoa Festas em Honra de Nossa Sra. da Luz - Algarve 7","og_description":"Comemora\u00e7\u00f5es do Feriado Municipal de Lagoa Festas em Honra de Nossa Sra. da Luz Atualidade","og_url":"https:\/\/algarve7.pt\/index.php\/2023\/08\/comemoracoes-do-feriado-municipal-de-lagoa-festas-em-honra-de-nossa-sra-da-luz\/atualidade\/12\/36\/","og_site_name":"Algarve 7","article_publisher":"https:\/\/www.facebook.com\/algarve7","article_author":"https:\/\/www.facebook.com\/algarve7","article_published_time":"2023-08-28T11:36:15+00:00","article_modified_time":"2023-08-28T11:36:19+00:00","og_image":[{"width":1024,"height":816,"url":"https:\/\/algarve7.pt\/wp-content\/uploads\/2023\/08\/Captura-de-ecra-2023-08-28-as-12.32.31.png","type":"image\/png"}],"author":"Algarve 7","twitter_card":"summary_large_image","twitter_creator":"@Algarvesete","twitter_site":"@Algarvesete","twitter_misc":{"Escrito por":"Algarve 7","Tempo estimado de leitura":"3 minutos"},"schema":{"@context":"https:\/\/schema.org","@graph":[{"@type":"Article","@id":"https:\/\/algarve7.pt\/index.php\/2023\/08\/comemoracoes-do-feriado-municipal-de-lagoa-festas-em-honra-de-nossa-sra-da-luz\/atualidade\/12\/36\/#article","isPartOf":{"@id":"https:\/\/algarve7.pt\/index.php\/2023\/08\/comemoracoes-do-feriado-municipal-de-lagoa-festas-em-honra-de-nossa-sra-da-luz\/atualidade\/12\/36\/"},"author":{"name":"Algarve 7","@id":"https:\/\/algarve7.pt\/#\/schema\/person\/23fa70681308e7b319a3204bcea45e0c"},"headline":"Comemora\u00e7\u00f5es do Feriado Municipal de Lagoa Festas em Honra de Nossa Sra. da Luz","datePublished":"2023-08-28T11:36:15+00:00","dateModified":"2023-08-28T11:36:19+00:00","mainEntityOfPage":{"@id":"https:\/\/algarve7.pt\/index.php\/2023\/08\/comemoracoes-do-feriado-municipal-de-lagoa-festas-em-honra-de-nossa-sra-da-luz\/atualidade\/12\/36\/"},"wordCount":555,"publisher":{"@id":"https:\/\/algarve7.pt\/#organization"},"image":{"@id":"https:\/\/algarve7.pt\/index.php\/2023\/08\/comemoracoes-do-feriado-municipal-de-lagoa-festas-em-honra-de-nossa-sra-da-luz\/atualidade\/12\/36\/#primaryimage"},"thumbnailUrl":"https:\/\/algarve7.pt\/wp-content\/uploads\/2023\/08\/Captura-de-ecra-2023-08-28-as-12.32.31.png","keywords":["Algarve","Atualidade","Lagoa"],"articleSection":["Atualidade"],"inLanguage":"pt-PT"},{"@type":"WebPage","@id":"https:\/\/algarve7.pt\/index.php\/2023\/08\/comemoracoes-do-feriado-municipal-de-lagoa-festas-em-honra-de-nossa-sra-da-luz\/atualidade\/12\/36\/","url":"https:\/\/algarve7.pt\/index.php\/2023\/08\/comemoracoes-do-feriado-municipal-de-lagoa-festas-em-honra-de-nossa-sra-da-luz\/atualidade\/12\/36\/","name":"Comemora\u00e7\u00f5es do Feriado Municipal de Lagoa Festas em Honra de Nossa Sra. da Luz - Algarve 7","isPartOf":{"@id":"https:\/\/algarve7.pt\/#website"},"primaryImageOfPage":{"@id":"https:\/\/algarve7.pt\/index.php\/2023\/08\/comemoracoes-do-feriado-municipal-de-lagoa-festas-em-honra-de-nossa-sra-da-luz\/atualidade\/12\/36\/#primaryimage"},"image":{"@id":"https:\/\/algarve7.pt\/index.php\/2023\/08\/comemoracoes-do-feriado-municipal-de-lagoa-festas-em-honra-de-nossa-sra-da-luz\/atualidade\/12\/36\/#primaryimage"},"thumbnailUrl":"https:\/\/algarve7.pt\/wp-content\/uploads\/2023\/08\/Captura-de-ecra-2023-08-28-as-12.32.31.png","datePublished":"2023-08-28T11:36:15+00:00","dateModified":"2023-08-28T11:36:19+00:00","description":"Comemora\u00e7\u00f5es do Feriado Municipal de Lagoa Festas em Honra de Nossa Sra. da Luz Atualidade","breadcrumb":{"@id":"https:\/\/algarve7.pt\/index.php\/2023\/08\/comemoracoes-do-feriado-municipal-de-lagoa-festas-em-honra-de-nossa-sra-da-luz\/atualidade\/12\/36\/#breadcrumb"},"inLanguage":"pt-PT","potentialAction":[{"@type":"ReadAction","target":["https:\/\/algarve7.pt\/index.php\/2023\/08\/comemoracoes-do-feriado-municipal-de-lagoa-festas-em-honra-de-nossa-sra-da-luz\/atualidade\/12\/36\/"]}]},{"@type":"ImageObject","inLanguage":"pt-PT","@id":"https:\/\/algarve7.pt\/index.php\/2023\/08\/comemoracoes-do-feriado-municipal-de-lagoa-festas-em-honra-de-nossa-sra-da-luz\/atualidade\/12\/36\/#primaryimage","url":"https:\/\/algarve7.pt\/wp-content\/uploads\/2023\/08\/Captura-de-ecra-2023-08-28-as-12.32.31.png","contentUrl":"https:\/\/algarve7.pt\/wp-content\/uploads\/2023\/08\/Captura-de-ecra-2023-08-28-as-12.32.31.png","width":1024,"height":816},{"@type":"BreadcrumbList","@id":"https:\/\/algarve7.pt\/index.php\/2023\/08\/comemoracoes-do-feriado-municipal-de-lagoa-festas-em-honra-de-nossa-sra-da-luz\/atualidade\/12\/36\/#breadcrumb","itemListElement":[{"@type":"ListItem","position":1,"name":"In\u00edcio","item":"https:\/\/algarve7.pt\/"},{"@type":"ListItem","position":2,"name":"Comemora\u00e7\u00f5es do Feriado Municipal de Lagoa Festas em Honra de Nossa Sra. da Luz"}]},{"@type":"WebSite","@id":"https:\/\/algarve7.pt\/#website","url":"https:\/\/algarve7.pt\/","name":"Algarve 7","description":"Informa\u00e7\u00e3o sobre o Algarve","publisher":{"@id":"https:\/\/algarve7.pt\/#organization"},"potentialAction":[{"@type":"SearchAction","target":{"@type":"EntryPoint","urlTemplate":"https:\/\/algarve7.pt\/?s={search_term_string}"},"query-input":{"@type":"PropertyValueSpecification","valueRequired":true,"valueName":"search_term_string"}}],"inLanguage":"pt-PT"},{"@type":"Organization","@id":"https:\/\/algarve7.pt\/#organization","name":"Algarve 7","url":"https:\/\/algarve7.pt\/","logo":{"@type":"ImageObject","inLanguage":"pt-PT","@id":"https:\/\/algarve7.pt\/#\/schema\/logo\/image\/","url":"https:\/\/algarve7.pt\/wp-content\/uploads\/2020\/10\/Logo-8.jpg","contentUrl":"https:\/\/algarve7.pt\/wp-content\/uploads\/2020\/10\/Logo-8.jpg","width":1680,"height":1186,"caption":"Algarve 7"},"image":{"@id":"https:\/\/algarve7.pt\/#\/schema\/logo\/image\/"},"sameAs":["https:\/\/www.facebook.com\/algarve7","https:\/\/x.com\/Algarvesete","https:\/\/www.instagram.com\/jornalalgarve7\/","https:\/\/www.linkedin.com\/company\/algarve7","https:\/\/www.pinterest.pt\/geral0939\/_created\/"]},{"@type":"Person","@id":"https:\/\/algarve7.pt\/#\/schema\/person\/23fa70681308e7b319a3204bcea45e0c","name":"Algarve 7","sameAs":["https:\/\/algarve7.pt","https:\/\/www.facebook.com\/algarve7"],"url":"https:\/\/algarve7.pt\/index.php\/author\/geralalgarve7-pt\/"}]}},"jetpack_publicize_connections":[],"jetpack_featured_media_url":"https:\/\/algarve7.pt\/wp-content\/uploads\/2023\/08\/Captura-de-ecra-2023-08-28-as-12.32.31.png","jetpack_shortlink":"https:\/\/wp.me\/pcezmW-7UZ","jetpack_sharing_enabled":true,"_links":{"self":[{"href":"https:\/\/algarve7.pt\/index.php\/wp-json\/wp\/v2\/posts\/30441","targetHints":{"allow":["GET"]}}],"collection":[{"href":"https:\/\/algarve7.pt\/index.php\/wp-json\/wp\/v2\/posts"}],"about":[{"href":"https:\/\/algarve7.pt\/index.php\/wp-json\/wp\/v2\/types\/post"}],"author":[{"embeddable":true,"href":"https:\/\/algarve7.pt\/index.php\/wp-json\/wp\/v2\/users\/1"}],"replies":[{"embeddable":true,"href":"https:\/\/algarve7.pt\/index.php\/wp-json\/wp\/v2\/comments?post=30441"}],"version-history":[{"count":0,"href":"https:\/\/algarve7.pt\/index.php\/wp-json\/wp\/v2\/posts\/30441\/revisions"}],"wp:featuredmedia":[{"embeddable":true,"href":"https:\/\/algarve7.pt\/index.php\/wp-json\/wp\/v2\/media\/30442"}],"wp:attachment":[{"href":"https:\/\/algarve7.pt\/index.php\/wp-json\/wp\/v2\/media?parent=30441"}],"wp:term":[{"taxonomy":"category","embeddable":true,"href":"https:\/\/algarve7.pt\/index.php\/wp-json\/wp\/v2\/categories?post=30441"},{"taxonomy":"post_tag","embeddable":true,"href":"https:\/\/algarve7.pt\/index.php\/wp-json\/wp\/v2\/tags?post=30441"}],"curies":[{"name":"wp","href":"https:\/\/api.w.org\/{rel}","templated":true}]}}