{"id":30380,"date":"2023-08-26T10:56:44","date_gmt":"2023-08-26T09:56:44","guid":{"rendered":"https:\/\/algarve7.pt\/?p=30380"},"modified":"2023-08-26T10:56:47","modified_gmt":"2023-08-26T09:56:47","slug":"silves-comemora-dia-do-municipio-2","status":"publish","type":"post","link":"https:\/\/algarve7.pt\/index.php\/2023\/08\/silves-comemora-dia-do-municipio-2\/atualidade\/10\/56\/","title":{"rendered":"Silves comemora dia do munic\u00edpio"},"content":{"rendered":"\n<p>As cerim\u00f3nias oficiais do Dia do Munic\u00edpio de Silves, celebram a conquista da cidade ocorrida a 03 de setembro de 1189, era ent\u00e3o D. Sancho I, Rei de Portugal. O programa de atividades que assinala 834 anos sobre a conquista da cidade, ter\u00e1 in\u00edcio no dia 01 e prolonga-se at\u00e9 ao dia 03 de setembro.<\/p>\n\n\n\n<p>A homenagem a atletas, personalidades, institui\u00e7\u00f5es do concelho, exposi\u00e7\u00f5es e concertos s\u00e3o algumas das iniciativas que assinalam esta efem\u00e9ride.<\/p>\n\n\n\n<p>O programa ter\u00e1 in\u00edcio no dia 01 de setembro, pelas 21h30, com o Concerto Comemorativo do Dia Nacional das Bandas Filarm\u00f3nicas pela Banda da Sociedade Filarm\u00f3nica Silvense, com o apoio do INATEL, no Castelo de Silves.<\/p>\n\n\n\n<p>As comemora\u00e7\u00f5es do Dia do Munic\u00edpio prosseguem no dia seguinte com a homenagem aos atletas do concelho, \u00e0s 21h00, no Castelo de Silves, com o acompanhamento musical do Projeto AMARO. No dia 03 de setembro as celebra\u00e7\u00f5es ser\u00e3o marcadas pelas inaugura\u00e7\u00f5es: exposi\u00e7\u00e3o \u201cArvoredos e Canaviais\u201d de Jorge Santos, \u00e0s 16h30 na Biblioteca Municipal de Silves; e Centro de Exposi\u00e7\u00f5es de Alcantarilha com \u201cQuebra-Costas\u201d Obras da Cole\u00e7\u00e3o de Lu\u00eds Negr\u00e3o e Fam\u00edlia, \u00e0s 18h30, seguida da homenagem a personalidades do concelho, pelas 21h00, no Castelo de Silves. A cerim\u00f3nia culmina com o concerto de REFLECT | 20 anos | com a Banda da Sociedade Filarm\u00f3nica Silvense pelas 22h00, no mesmo local.<\/p>\n\n\n\n<p>Consulte o programa.<\/p>\n\n\n\n<p><strong>+ Sobre SOCIEDADE FILARM\u00d3NICA SILVENSE <\/strong>No ano de 1842 surgiu em Silves e pela primeira vez uma Banda Filarm\u00f3nica, a \u201cFilarm\u00f3nica do Guerreiro\u201d, criada e regida pela fam\u00edlia do respetivo top\u00f3nimo, que viveu nesta cidade at\u00e9 1865.&nbsp;Pelo Carnaval de 1869, nascia uma nova Banda a \u201cFilarm\u00f3nica dos Fraldas\u201d, criada por alguns cidad\u00e3os progressistas que sa\u00edram \u00e0 rua simplesmente de fraldas.A atual Filarm\u00f3nica que aprovou os seus estatutos em 1933 com o nome \u201cSociedade Filarm\u00f3nica Silvense\u201d.&nbsp;J\u00e1 teve um Rancho Folcl\u00f3rico, nascido em 1981 da sua componente etnol\u00f3gica, versando e divulgando cantares e dan\u00e7as de Silves e do Algarve. Faz parte desta associa\u00e7\u00e3o o grupo de teatro amador \u201cO Gruta\u201d datado de 1981 (atualmente sem atividade) e o Grupo Coral criado em Outubro 1998.Em 2017 a Banda Filarm\u00f3nica contava com cerca de 40 m\u00fasicos.&nbsp;Atualmente \u00e9 regida pelo Maestro Pedro Coutinho.<\/p>\n\n\n\n<p>+ Sobre PROJETO AMARO<\/p>\n\n\n\n<p>Professor, com uma vida ligada ao desporto, \u00e0 causa p\u00fablica e \u00e0 pol\u00edtica (deputado, presidente de Junta de Freguesia, vereador e, atualmente, presidente de uma C\u00e2mara Municipal no seu terceiro mandato), \u00c1lvaro M. B. Amaro, o homem que assina com o seu apelido esta aventura musical, conta j\u00e1 com uma hist\u00f3ria de can\u00e7\u00f5es e projetos anteriores (Odara, \u00c1lvaro &amp; Lindolfo, Dialecto), atrav\u00e9s dos quais foi acumulando escrita, composi\u00e7\u00f5es e estrada, que desaguam enquanto AMARO, onde surge em nome pr\u00f3prio e assume a obsess\u00e3o de libertar outras cria\u00e7\u00f5es, trilhar outros caminhos e, sobretudo, partilhar a felicidade que a m\u00fasica pode semear na sua e nas nossas vidas.<\/p>\n\n\n\n<p>+ Sobre REFLECT<\/p>\n\n\n\n<p>Reflect fundou a editora algarvia Kimahera em 2005.<\/p>\n\n\n\n<p>Estreou-se nas edi\u00e7\u00f5es em 2008 com o \u00e1lbum &#8220;\u00daltimo acto&#8221; e em 2013 lan\u00e7ou o hom\u00f3nimo &#8220;Reflect&#8221;. A convite da BBC, representou Portugal em 2014 ao som de &#8220;Mar e Mar\u00e9&#8221;.<\/p>\n\n\n\n<p>Publicou o livro p\u00f3stumo &#8220;De mim para mim&#8221; com textos de Carolina Tendon e editou um disco em parceria com o escritor e diseur Napole\u00e3o Mira.<\/p>\n\n\n\n<p>Em 2017 lan\u00e7ou o single &#8220;Eu fico bem&#8221; e viu o seu &#8220;Barco de Papel&#8221; ser distinguido com o Pr\u00e9mio Melhor M\u00fasica Algarve 2018 (Choque Frontal &#8211; Alvor FM).<\/p>\n\n\n\n<p>A solo ou em parceria, j\u00e1 pisou alguns dos maiores palcos do pa\u00eds. A sua m\u00fasica vive de emo\u00e7\u00e3o que, n\u00e3o cabendo no Pedro, transborda em m\u00fasicas que d\u00e1 a conhecer ao mundo desde 2003.<\/p>\n","protected":false},"excerpt":{"rendered":"<p>As cerim\u00f3nias oficiais do Dia do Munic\u00edpio de Silves, celebram a conquista da cidade ocorrida a 03 de setembro de<\/p>\n","protected":false},"author":1,"featured_media":30381,"comment_status":"closed","ping_status":"open","sticky":false,"template":"","format":"standard","meta":{"colormag_page_container_layout":"default_layout","colormag_page_sidebar_layout":"default_layout","_monsterinsights_skip_tracking":false,"_monsterinsights_sitenote_active":false,"_monsterinsights_sitenote_note":"","_monsterinsights_sitenote_category":0,"jetpack_post_was_ever_published":false,"_jetpack_newsletter_access":"","_jetpack_dont_email_post_to_subs":false,"_jetpack_newsletter_tier_id":0,"_jetpack_memberships_contains_paywalled_content":false,"_jetpack_memberships_contains_paid_content":false,"footnotes":"","jetpack_publicize_message":"","jetpack_publicize_feature_enabled":true,"jetpack_social_post_already_shared":true,"jetpack_social_options":{"image_generator_settings":{"template":"highway","default_image_id":0,"font":"","enabled":false},"version":2}},"categories":[11],"tags":[36,62,42],"class_list":["post-30380","post","type-post","status-publish","format-standard","has-post-thumbnail","hentry","category-atualidade","tag-algarve","tag-atualidade","tag-silves"],"yoast_head":"<!-- This site is optimized with the Yoast SEO plugin v27.4 - https:\/\/yoast.com\/product\/yoast-seo-wordpress\/ -->\n<title>Silves comemora dia do munic\u00edpio - Algarve 7<\/title>\n<meta name=\"description\" content=\"Silves comemora dia do munic\u00edpio Atualidade\" \/>\n<meta name=\"robots\" content=\"index, follow, max-snippet:-1, max-image-preview:large, max-video-preview:-1\" \/>\n<link rel=\"canonical\" href=\"https:\/\/algarve7.pt\/index.php\/2023\/08\/silves-comemora-dia-do-municipio-2\/atualidade\/10\/56\/\" \/>\n<meta property=\"og:locale\" content=\"pt_PT\" \/>\n<meta property=\"og:type\" content=\"article\" \/>\n<meta property=\"og:title\" content=\"Silves comemora dia do munic\u00edpio - Algarve 7\" \/>\n<meta property=\"og:description\" content=\"Silves comemora dia do munic\u00edpio Atualidade\" \/>\n<meta property=\"og:url\" content=\"https:\/\/algarve7.pt\/index.php\/2023\/08\/silves-comemora-dia-do-municipio-2\/atualidade\/10\/56\/\" \/>\n<meta property=\"og:site_name\" content=\"Algarve 7\" \/>\n<meta property=\"article:publisher\" content=\"https:\/\/www.facebook.com\/algarve7\" \/>\n<meta property=\"article:author\" content=\"https:\/\/www.facebook.com\/algarve7\" \/>\n<meta property=\"article:published_time\" content=\"2023-08-26T09:56:44+00:00\" \/>\n<meta property=\"article:modified_time\" content=\"2023-08-26T09:56:47+00:00\" \/>\n<meta property=\"og:image\" content=\"https:\/\/algarve7.pt\/wp-content\/uploads\/2023\/08\/NOTICIA_Dia-Municipio-2023_geral.jpg\" \/>\n\t<meta property=\"og:image:width\" content=\"1024\" \/>\n\t<meta property=\"og:image:height\" content=\"496\" \/>\n\t<meta property=\"og:image:type\" content=\"image\/jpeg\" \/>\n<meta name=\"author\" content=\"Algarve 7\" \/>\n<meta name=\"twitter:card\" content=\"summary_large_image\" \/>\n<meta name=\"twitter:creator\" content=\"@Algarvesete\" \/>\n<meta name=\"twitter:site\" content=\"@Algarvesete\" \/>\n<meta name=\"twitter:label1\" content=\"Escrito por\" \/>\n\t<meta name=\"twitter:data1\" content=\"Algarve 7\" \/>\n\t<meta name=\"twitter:label2\" content=\"Tempo estimado de leitura\" \/>\n\t<meta name=\"twitter:data2\" content=\"4 minutos\" \/>\n<script type=\"application\/ld+json\" class=\"yoast-schema-graph\">{\"@context\":\"https:\\\/\\\/schema.org\",\"@graph\":[{\"@type\":\"Article\",\"@id\":\"https:\\\/\\\/algarve7.pt\\\/index.php\\\/2023\\\/08\\\/silves-comemora-dia-do-municipio-2\\\/atualidade\\\/10\\\/56\\\/#article\",\"isPartOf\":{\"@id\":\"https:\\\/\\\/algarve7.pt\\\/index.php\\\/2023\\\/08\\\/silves-comemora-dia-do-municipio-2\\\/atualidade\\\/10\\\/56\\\/\"},\"author\":{\"name\":\"Algarve 7\",\"@id\":\"https:\\\/\\\/algarve7.pt\\\/#\\\/schema\\\/person\\\/23fa70681308e7b319a3204bcea45e0c\"},\"headline\":\"Silves comemora dia do munic\u00edpio\",\"datePublished\":\"2023-08-26T09:56:44+00:00\",\"dateModified\":\"2023-08-26T09:56:47+00:00\",\"mainEntityOfPage\":{\"@id\":\"https:\\\/\\\/algarve7.pt\\\/index.php\\\/2023\\\/08\\\/silves-comemora-dia-do-municipio-2\\\/atualidade\\\/10\\\/56\\\/\"},\"wordCount\":648,\"publisher\":{\"@id\":\"https:\\\/\\\/algarve7.pt\\\/#organization\"},\"image\":{\"@id\":\"https:\\\/\\\/algarve7.pt\\\/index.php\\\/2023\\\/08\\\/silves-comemora-dia-do-municipio-2\\\/atualidade\\\/10\\\/56\\\/#primaryimage\"},\"thumbnailUrl\":\"https:\\\/\\\/algarve7.pt\\\/wp-content\\\/uploads\\\/2023\\\/08\\\/NOTICIA_Dia-Municipio-2023_geral.jpg\",\"keywords\":[\"Algarve\",\"Atualidade\",\"Silves\"],\"articleSection\":[\"Atualidade\"],\"inLanguage\":\"pt-PT\"},{\"@type\":\"WebPage\",\"@id\":\"https:\\\/\\\/algarve7.pt\\\/index.php\\\/2023\\\/08\\\/silves-comemora-dia-do-municipio-2\\\/atualidade\\\/10\\\/56\\\/\",\"url\":\"https:\\\/\\\/algarve7.pt\\\/index.php\\\/2023\\\/08\\\/silves-comemora-dia-do-municipio-2\\\/atualidade\\\/10\\\/56\\\/\",\"name\":\"Silves comemora dia do munic\u00edpio - Algarve 7\",\"isPartOf\":{\"@id\":\"https:\\\/\\\/algarve7.pt\\\/#website\"},\"primaryImageOfPage\":{\"@id\":\"https:\\\/\\\/algarve7.pt\\\/index.php\\\/2023\\\/08\\\/silves-comemora-dia-do-municipio-2\\\/atualidade\\\/10\\\/56\\\/#primaryimage\"},\"image\":{\"@id\":\"https:\\\/\\\/algarve7.pt\\\/index.php\\\/2023\\\/08\\\/silves-comemora-dia-do-municipio-2\\\/atualidade\\\/10\\\/56\\\/#primaryimage\"},\"thumbnailUrl\":\"https:\\\/\\\/algarve7.pt\\\/wp-content\\\/uploads\\\/2023\\\/08\\\/NOTICIA_Dia-Municipio-2023_geral.jpg\",\"datePublished\":\"2023-08-26T09:56:44+00:00\",\"dateModified\":\"2023-08-26T09:56:47+00:00\",\"description\":\"Silves comemora dia do munic\u00edpio Atualidade\",\"breadcrumb\":{\"@id\":\"https:\\\/\\\/algarve7.pt\\\/index.php\\\/2023\\\/08\\\/silves-comemora-dia-do-municipio-2\\\/atualidade\\\/10\\\/56\\\/#breadcrumb\"},\"inLanguage\":\"pt-PT\",\"potentialAction\":[{\"@type\":\"ReadAction\",\"target\":[\"https:\\\/\\\/algarve7.pt\\\/index.php\\\/2023\\\/08\\\/silves-comemora-dia-do-municipio-2\\\/atualidade\\\/10\\\/56\\\/\"]}]},{\"@type\":\"ImageObject\",\"inLanguage\":\"pt-PT\",\"@id\":\"https:\\\/\\\/algarve7.pt\\\/index.php\\\/2023\\\/08\\\/silves-comemora-dia-do-municipio-2\\\/atualidade\\\/10\\\/56\\\/#primaryimage\",\"url\":\"https:\\\/\\\/algarve7.pt\\\/wp-content\\\/uploads\\\/2023\\\/08\\\/NOTICIA_Dia-Municipio-2023_geral.jpg\",\"contentUrl\":\"https:\\\/\\\/algarve7.pt\\\/wp-content\\\/uploads\\\/2023\\\/08\\\/NOTICIA_Dia-Municipio-2023_geral.jpg\",\"width\":1024,\"height\":496},{\"@type\":\"BreadcrumbList\",\"@id\":\"https:\\\/\\\/algarve7.pt\\\/index.php\\\/2023\\\/08\\\/silves-comemora-dia-do-municipio-2\\\/atualidade\\\/10\\\/56\\\/#breadcrumb\",\"itemListElement\":[{\"@type\":\"ListItem\",\"position\":1,\"name\":\"In\u00edcio\",\"item\":\"https:\\\/\\\/algarve7.pt\\\/\"},{\"@type\":\"ListItem\",\"position\":2,\"name\":\"Silves comemora dia do munic\u00edpio\"}]},{\"@type\":\"WebSite\",\"@id\":\"https:\\\/\\\/algarve7.pt\\\/#website\",\"url\":\"https:\\\/\\\/algarve7.pt\\\/\",\"name\":\"Algarve 7\",\"description\":\"Informa\u00e7\u00e3o sobre o Algarve\",\"publisher\":{\"@id\":\"https:\\\/\\\/algarve7.pt\\\/#organization\"},\"potentialAction\":[{\"@type\":\"SearchAction\",\"target\":{\"@type\":\"EntryPoint\",\"urlTemplate\":\"https:\\\/\\\/algarve7.pt\\\/?s={search_term_string}\"},\"query-input\":{\"@type\":\"PropertyValueSpecification\",\"valueRequired\":true,\"valueName\":\"search_term_string\"}}],\"inLanguage\":\"pt-PT\"},{\"@type\":\"Organization\",\"@id\":\"https:\\\/\\\/algarve7.pt\\\/#organization\",\"name\":\"Algarve 7\",\"url\":\"https:\\\/\\\/algarve7.pt\\\/\",\"logo\":{\"@type\":\"ImageObject\",\"inLanguage\":\"pt-PT\",\"@id\":\"https:\\\/\\\/algarve7.pt\\\/#\\\/schema\\\/logo\\\/image\\\/\",\"url\":\"https:\\\/\\\/algarve7.pt\\\/wp-content\\\/uploads\\\/2020\\\/10\\\/Logo-8.jpg\",\"contentUrl\":\"https:\\\/\\\/algarve7.pt\\\/wp-content\\\/uploads\\\/2020\\\/10\\\/Logo-8.jpg\",\"width\":1680,\"height\":1186,\"caption\":\"Algarve 7\"},\"image\":{\"@id\":\"https:\\\/\\\/algarve7.pt\\\/#\\\/schema\\\/logo\\\/image\\\/\"},\"sameAs\":[\"https:\\\/\\\/www.facebook.com\\\/algarve7\",\"https:\\\/\\\/x.com\\\/Algarvesete\",\"https:\\\/\\\/www.instagram.com\\\/jornalalgarve7\\\/\",\"https:\\\/\\\/www.linkedin.com\\\/company\\\/algarve7\",\"https:\\\/\\\/www.pinterest.pt\\\/geral0939\\\/_created\\\/\"]},{\"@type\":\"Person\",\"@id\":\"https:\\\/\\\/algarve7.pt\\\/#\\\/schema\\\/person\\\/23fa70681308e7b319a3204bcea45e0c\",\"name\":\"Algarve 7\",\"sameAs\":[\"https:\\\/\\\/algarve7.pt\",\"https:\\\/\\\/www.facebook.com\\\/algarve7\"],\"url\":\"https:\\\/\\\/algarve7.pt\\\/index.php\\\/author\\\/geralalgarve7-pt\\\/\"}]}<\/script>\n<!-- \/ Yoast SEO plugin. -->","yoast_head_json":{"title":"Silves comemora dia do munic\u00edpio - Algarve 7","description":"Silves comemora dia do munic\u00edpio Atualidade","robots":{"index":"index","follow":"follow","max-snippet":"max-snippet:-1","max-image-preview":"max-image-preview:large","max-video-preview":"max-video-preview:-1"},"canonical":"https:\/\/algarve7.pt\/index.php\/2023\/08\/silves-comemora-dia-do-municipio-2\/atualidade\/10\/56\/","og_locale":"pt_PT","og_type":"article","og_title":"Silves comemora dia do munic\u00edpio - Algarve 7","og_description":"Silves comemora dia do munic\u00edpio Atualidade","og_url":"https:\/\/algarve7.pt\/index.php\/2023\/08\/silves-comemora-dia-do-municipio-2\/atualidade\/10\/56\/","og_site_name":"Algarve 7","article_publisher":"https:\/\/www.facebook.com\/algarve7","article_author":"https:\/\/www.facebook.com\/algarve7","article_published_time":"2023-08-26T09:56:44+00:00","article_modified_time":"2023-08-26T09:56:47+00:00","og_image":[{"width":1024,"height":496,"url":"https:\/\/algarve7.pt\/wp-content\/uploads\/2023\/08\/NOTICIA_Dia-Municipio-2023_geral.jpg","type":"image\/jpeg"}],"author":"Algarve 7","twitter_card":"summary_large_image","twitter_creator":"@Algarvesete","twitter_site":"@Algarvesete","twitter_misc":{"Escrito por":"Algarve 7","Tempo estimado de leitura":"4 minutos"},"schema":{"@context":"https:\/\/schema.org","@graph":[{"@type":"Article","@id":"https:\/\/algarve7.pt\/index.php\/2023\/08\/silves-comemora-dia-do-municipio-2\/atualidade\/10\/56\/#article","isPartOf":{"@id":"https:\/\/algarve7.pt\/index.php\/2023\/08\/silves-comemora-dia-do-municipio-2\/atualidade\/10\/56\/"},"author":{"name":"Algarve 7","@id":"https:\/\/algarve7.pt\/#\/schema\/person\/23fa70681308e7b319a3204bcea45e0c"},"headline":"Silves comemora dia do munic\u00edpio","datePublished":"2023-08-26T09:56:44+00:00","dateModified":"2023-08-26T09:56:47+00:00","mainEntityOfPage":{"@id":"https:\/\/algarve7.pt\/index.php\/2023\/08\/silves-comemora-dia-do-municipio-2\/atualidade\/10\/56\/"},"wordCount":648,"publisher":{"@id":"https:\/\/algarve7.pt\/#organization"},"image":{"@id":"https:\/\/algarve7.pt\/index.php\/2023\/08\/silves-comemora-dia-do-municipio-2\/atualidade\/10\/56\/#primaryimage"},"thumbnailUrl":"https:\/\/algarve7.pt\/wp-content\/uploads\/2023\/08\/NOTICIA_Dia-Municipio-2023_geral.jpg","keywords":["Algarve","Atualidade","Silves"],"articleSection":["Atualidade"],"inLanguage":"pt-PT"},{"@type":"WebPage","@id":"https:\/\/algarve7.pt\/index.php\/2023\/08\/silves-comemora-dia-do-municipio-2\/atualidade\/10\/56\/","url":"https:\/\/algarve7.pt\/index.php\/2023\/08\/silves-comemora-dia-do-municipio-2\/atualidade\/10\/56\/","name":"Silves comemora dia do munic\u00edpio - Algarve 7","isPartOf":{"@id":"https:\/\/algarve7.pt\/#website"},"primaryImageOfPage":{"@id":"https:\/\/algarve7.pt\/index.php\/2023\/08\/silves-comemora-dia-do-municipio-2\/atualidade\/10\/56\/#primaryimage"},"image":{"@id":"https:\/\/algarve7.pt\/index.php\/2023\/08\/silves-comemora-dia-do-municipio-2\/atualidade\/10\/56\/#primaryimage"},"thumbnailUrl":"https:\/\/algarve7.pt\/wp-content\/uploads\/2023\/08\/NOTICIA_Dia-Municipio-2023_geral.jpg","datePublished":"2023-08-26T09:56:44+00:00","dateModified":"2023-08-26T09:56:47+00:00","description":"Silves comemora dia do munic\u00edpio Atualidade","breadcrumb":{"@id":"https:\/\/algarve7.pt\/index.php\/2023\/08\/silves-comemora-dia-do-municipio-2\/atualidade\/10\/56\/#breadcrumb"},"inLanguage":"pt-PT","potentialAction":[{"@type":"ReadAction","target":["https:\/\/algarve7.pt\/index.php\/2023\/08\/silves-comemora-dia-do-municipio-2\/atualidade\/10\/56\/"]}]},{"@type":"ImageObject","inLanguage":"pt-PT","@id":"https:\/\/algarve7.pt\/index.php\/2023\/08\/silves-comemora-dia-do-municipio-2\/atualidade\/10\/56\/#primaryimage","url":"https:\/\/algarve7.pt\/wp-content\/uploads\/2023\/08\/NOTICIA_Dia-Municipio-2023_geral.jpg","contentUrl":"https:\/\/algarve7.pt\/wp-content\/uploads\/2023\/08\/NOTICIA_Dia-Municipio-2023_geral.jpg","width":1024,"height":496},{"@type":"BreadcrumbList","@id":"https:\/\/algarve7.pt\/index.php\/2023\/08\/silves-comemora-dia-do-municipio-2\/atualidade\/10\/56\/#breadcrumb","itemListElement":[{"@type":"ListItem","position":1,"name":"In\u00edcio","item":"https:\/\/algarve7.pt\/"},{"@type":"ListItem","position":2,"name":"Silves comemora dia do munic\u00edpio"}]},{"@type":"WebSite","@id":"https:\/\/algarve7.pt\/#website","url":"https:\/\/algarve7.pt\/","name":"Algarve 7","description":"Informa\u00e7\u00e3o sobre o Algarve","publisher":{"@id":"https:\/\/algarve7.pt\/#organization"},"potentialAction":[{"@type":"SearchAction","target":{"@type":"EntryPoint","urlTemplate":"https:\/\/algarve7.pt\/?s={search_term_string}"},"query-input":{"@type":"PropertyValueSpecification","valueRequired":true,"valueName":"search_term_string"}}],"inLanguage":"pt-PT"},{"@type":"Organization","@id":"https:\/\/algarve7.pt\/#organization","name":"Algarve 7","url":"https:\/\/algarve7.pt\/","logo":{"@type":"ImageObject","inLanguage":"pt-PT","@id":"https:\/\/algarve7.pt\/#\/schema\/logo\/image\/","url":"https:\/\/algarve7.pt\/wp-content\/uploads\/2020\/10\/Logo-8.jpg","contentUrl":"https:\/\/algarve7.pt\/wp-content\/uploads\/2020\/10\/Logo-8.jpg","width":1680,"height":1186,"caption":"Algarve 7"},"image":{"@id":"https:\/\/algarve7.pt\/#\/schema\/logo\/image\/"},"sameAs":["https:\/\/www.facebook.com\/algarve7","https:\/\/x.com\/Algarvesete","https:\/\/www.instagram.com\/jornalalgarve7\/","https:\/\/www.linkedin.com\/company\/algarve7","https:\/\/www.pinterest.pt\/geral0939\/_created\/"]},{"@type":"Person","@id":"https:\/\/algarve7.pt\/#\/schema\/person\/23fa70681308e7b319a3204bcea45e0c","name":"Algarve 7","sameAs":["https:\/\/algarve7.pt","https:\/\/www.facebook.com\/algarve7"],"url":"https:\/\/algarve7.pt\/index.php\/author\/geralalgarve7-pt\/"}]}},"jetpack_publicize_connections":[],"jetpack_featured_media_url":"https:\/\/algarve7.pt\/wp-content\/uploads\/2023\/08\/NOTICIA_Dia-Municipio-2023_geral.jpg","jetpack_shortlink":"https:\/\/wp.me\/pcezmW-7U0","jetpack_sharing_enabled":true,"_links":{"self":[{"href":"https:\/\/algarve7.pt\/index.php\/wp-json\/wp\/v2\/posts\/30380","targetHints":{"allow":["GET"]}}],"collection":[{"href":"https:\/\/algarve7.pt\/index.php\/wp-json\/wp\/v2\/posts"}],"about":[{"href":"https:\/\/algarve7.pt\/index.php\/wp-json\/wp\/v2\/types\/post"}],"author":[{"embeddable":true,"href":"https:\/\/algarve7.pt\/index.php\/wp-json\/wp\/v2\/users\/1"}],"replies":[{"embeddable":true,"href":"https:\/\/algarve7.pt\/index.php\/wp-json\/wp\/v2\/comments?post=30380"}],"version-history":[{"count":0,"href":"https:\/\/algarve7.pt\/index.php\/wp-json\/wp\/v2\/posts\/30380\/revisions"}],"wp:featuredmedia":[{"embeddable":true,"href":"https:\/\/algarve7.pt\/index.php\/wp-json\/wp\/v2\/media\/30381"}],"wp:attachment":[{"href":"https:\/\/algarve7.pt\/index.php\/wp-json\/wp\/v2\/media?parent=30380"}],"wp:term":[{"taxonomy":"category","embeddable":true,"href":"https:\/\/algarve7.pt\/index.php\/wp-json\/wp\/v2\/categories?post=30380"},{"taxonomy":"post_tag","embeddable":true,"href":"https:\/\/algarve7.pt\/index.php\/wp-json\/wp\/v2\/tags?post=30380"}],"curies":[{"name":"wp","href":"https:\/\/api.w.org\/{rel}","templated":true}]}}