{"id":30353,"date":"2023-08-24T17:40:26","date_gmt":"2023-08-24T16:40:26","guid":{"rendered":"https:\/\/algarve7.pt\/?p=30353"},"modified":"2023-08-24T17:40:30","modified_gmt":"2023-08-24T16:40:30","slug":"paderne-acolhe-as-mil-e-uma-noites-do-acordeao","status":"publish","type":"post","link":"https:\/\/algarve7.pt\/index.php\/2023\/08\/paderne-acolhe-as-mil-e-uma-noites-do-acordeao\/cultura\/17\/40\/","title":{"rendered":"Paderne acolhe \u201cas mil e uma noites do acorde\u00e3o\u201d"},"content":{"rendered":"\n<p>O Acorde\u00e3o \u00e9 um instrumento musical com fortes ra\u00edzes na regi\u00e3o do Algarve. Recorde-se que no in\u00edcio do s\u00e9culo XX, o acorde\u00e3o conquistou um espa\u00e7o pr\u00f3prio no panorama musical portugu\u00eas, na m\u00fasica popular e no folclore, com destaque para o muito apreciado corridinho algarvio.<\/p>\n\n\n\n<p>Esta sexta-feira, dia 25 de agosto, a partir das 21h30, a aldeia mais t\u00edpica e rural do concelho de Albufeira apresenta o espet\u00e1culo \u201cAs Mil e Uma Noites do Acorde\u00e3o\u201d, a ter lugar no Largo da Igreja, no centro da povoa\u00e7\u00e3o. O evento, organizado em parceria pela Junta de Freguesia de Paderne e pelo Munic\u00edpio de Albufeira tem como artistas convidados, o italiano Pietro Adragna, Campe\u00e3o do Mundo de Acorde\u00e3o, e tr\u00eas ex\u00edmios acordeonistas portugueses, que contam com participa\u00e7\u00f5es em v\u00e1rias Galas Internacionais: Barradinhas, Francisco Saboia e Andr\u00e9 Guerreiro.<\/p>\n\n\n\n<p>O presidente da C\u00e2mara Municipal sublinha \u201cque Albufeira tem fortes tradi\u00e7\u00f5es ligadas a este instrumento musical, sendo o \u00fanico munic\u00edpio do Pa\u00eds a ter um espa\u00e7o de cariz museol\u00f3gico dedicado ao acorde\u00e3o, mais precisamente em Paderne, equipamento cultural que disponibiliza ao p\u00fablico um esp\u00f3lio que abrange mais de 1500 pe\u00e7as, das quais se destacam fotografias e v\u00e1rios objetos de acordeonistas, nomeadamente a concertina e diversos chap\u00e9us de Quim Barreiros, os vestidos de Eug\u00e9nia Lima e um fato de Tino Costa\u201d.<\/p>\n\n\n\n<p>Refira-se, ainda, que Albufeira \u00e9 o local de nascimento de Jo\u00e3o Frade, o \u00fanico acordeonista algarvio que j\u00e1 se sagrou campe\u00e3o mundial de diversas categorias e escal\u00f5es.<\/p>\n\n\n\n<p>Jos\u00e9 Carlos Rolo destaca que o acorde\u00e3o \u00e9 um instrumento musical ligado \u00e0 nossa identidade. \u201cQuem n\u00e3o se lembra que antigamente n\u00e3o se realizava bailarico, festa ou evento tradicional, como as marchas populares e as charolas, sem a presen\u00e7a do acorde\u00e3o? Felizmente a tradi\u00e7\u00e3o continua e \u00e9 para preservar\u201d, afirma o autarca.<\/p>\n\n\n\n<p>Amanh\u00e3, n\u00e3o fique em casa! Re\u00fana a fam\u00edlia e os amigos e venha at\u00e9 Paderne assistir ao espet\u00e1culo \u201cAs Mil e Uma Noites do Acorde\u00e3o\u201d.<\/p>\n","protected":false},"excerpt":{"rendered":"<p>O Acorde\u00e3o \u00e9 um instrumento musical com fortes ra\u00edzes na regi\u00e3o do Algarve. Recorde-se que no in\u00edcio do s\u00e9culo XX,<\/p>\n","protected":false},"author":1,"featured_media":30354,"comment_status":"closed","ping_status":"open","sticky":false,"template":"","format":"standard","meta":{"colormag_page_container_layout":"default_layout","colormag_page_sidebar_layout":"default_layout","_monsterinsights_skip_tracking":false,"_monsterinsights_sitenote_active":false,"_monsterinsights_sitenote_note":"","_monsterinsights_sitenote_category":0,"jetpack_post_was_ever_published":false,"_jetpack_newsletter_access":"","_jetpack_dont_email_post_to_subs":false,"_jetpack_newsletter_tier_id":0,"_jetpack_memberships_contains_paywalled_content":false,"_jetpack_memberships_contains_paid_content":false,"footnotes":"","jetpack_publicize_message":"","jetpack_publicize_feature_enabled":true,"jetpack_social_post_already_shared":true,"jetpack_social_options":{"image_generator_settings":{"template":"highway","default_image_id":0,"font":"","enabled":false},"version":2}},"categories":[14],"tags":[36,52,35,293],"class_list":["post-30353","post","type-post","status-publish","format-standard","has-post-thumbnail","hentry","category-cultura","tag-algarve","tag-concerto","tag-cultura","tag-paderne"],"yoast_head":"<!-- This site is optimized with the Yoast SEO plugin v27.5 - https:\/\/yoast.com\/product\/yoast-seo-wordpress\/ -->\n<title>Paderne acolhe \u201cas mil e uma noites do acorde\u00e3o\u201d - Algarve 7<\/title>\n<meta name=\"description\" content=\"Paderne acolhe \u201cas mil e uma noites do acorde\u00e3o\u201d Cultura\" \/>\n<meta name=\"robots\" content=\"index, follow, max-snippet:-1, max-image-preview:large, max-video-preview:-1\" \/>\n<link rel=\"canonical\" href=\"https:\/\/algarve7.pt\/index.php\/2023\/08\/paderne-acolhe-as-mil-e-uma-noites-do-acordeao\/cultura\/17\/40\/\" \/>\n<meta property=\"og:locale\" content=\"pt_PT\" \/>\n<meta property=\"og:type\" content=\"article\" \/>\n<meta property=\"og:title\" content=\"Paderne acolhe \u201cas mil e uma noites do acorde\u00e3o\u201d - Algarve 7\" \/>\n<meta property=\"og:description\" content=\"Paderne acolhe \u201cas mil e uma noites do acorde\u00e3o\u201d Cultura\" \/>\n<meta property=\"og:url\" content=\"https:\/\/algarve7.pt\/index.php\/2023\/08\/paderne-acolhe-as-mil-e-uma-noites-do-acordeao\/cultura\/17\/40\/\" \/>\n<meta property=\"og:site_name\" content=\"Algarve 7\" \/>\n<meta property=\"article:publisher\" content=\"https:\/\/www.facebook.com\/algarve7\" \/>\n<meta property=\"article:author\" content=\"https:\/\/www.facebook.com\/algarve7\" \/>\n<meta property=\"article:published_time\" content=\"2023-08-24T16:40:26+00:00\" \/>\n<meta property=\"article:modified_time\" content=\"2023-08-24T16:40:30+00:00\" \/>\n<meta property=\"og:image\" content=\"https:\/\/algarve7.pt\/wp-content\/uploads\/2023\/08\/Captura-de-ecra-2023-08-24-as-17.38.44.png\" \/>\n\t<meta property=\"og:image:width\" content=\"1024\" \/>\n\t<meta property=\"og:image:height\" content=\"753\" \/>\n\t<meta property=\"og:image:type\" content=\"image\/png\" \/>\n<meta name=\"author\" content=\"Algarve 7\" \/>\n<meta name=\"twitter:card\" content=\"summary_large_image\" \/>\n<meta name=\"twitter:creator\" content=\"@Algarvesete\" \/>\n<meta name=\"twitter:site\" content=\"@Algarvesete\" \/>\n<meta name=\"twitter:label1\" content=\"Escrito por\" \/>\n\t<meta name=\"twitter:data1\" content=\"Algarve 7\" \/>\n\t<meta name=\"twitter:label2\" content=\"Tempo estimado de leitura\" \/>\n\t<meta name=\"twitter:data2\" content=\"2 minutos\" \/>\n<script type=\"application\/ld+json\" class=\"yoast-schema-graph\">{\"@context\":\"https:\\\/\\\/schema.org\",\"@graph\":[{\"@type\":\"Article\",\"@id\":\"https:\\\/\\\/algarve7.pt\\\/index.php\\\/2023\\\/08\\\/paderne-acolhe-as-mil-e-uma-noites-do-acordeao\\\/cultura\\\/17\\\/40\\\/#article\",\"isPartOf\":{\"@id\":\"https:\\\/\\\/algarve7.pt\\\/index.php\\\/2023\\\/08\\\/paderne-acolhe-as-mil-e-uma-noites-do-acordeao\\\/cultura\\\/17\\\/40\\\/\"},\"author\":{\"name\":\"Algarve 7\",\"@id\":\"https:\\\/\\\/algarve7.pt\\\/#\\\/schema\\\/person\\\/23fa70681308e7b319a3204bcea45e0c\"},\"headline\":\"Paderne acolhe \u201cas mil e uma noites do acorde\u00e3o\u201d\",\"datePublished\":\"2023-08-24T16:40:26+00:00\",\"dateModified\":\"2023-08-24T16:40:30+00:00\",\"mainEntityOfPage\":{\"@id\":\"https:\\\/\\\/algarve7.pt\\\/index.php\\\/2023\\\/08\\\/paderne-acolhe-as-mil-e-uma-noites-do-acordeao\\\/cultura\\\/17\\\/40\\\/\"},\"wordCount\":368,\"publisher\":{\"@id\":\"https:\\\/\\\/algarve7.pt\\\/#organization\"},\"image\":{\"@id\":\"https:\\\/\\\/algarve7.pt\\\/index.php\\\/2023\\\/08\\\/paderne-acolhe-as-mil-e-uma-noites-do-acordeao\\\/cultura\\\/17\\\/40\\\/#primaryimage\"},\"thumbnailUrl\":\"https:\\\/\\\/algarve7.pt\\\/wp-content\\\/uploads\\\/2023\\\/08\\\/Captura-de-ecra-2023-08-24-as-17.38.44.png\",\"keywords\":[\"Algarve\",\"Concerto\",\"Cultura\",\"Paderne\"],\"articleSection\":[\"Cultura\"],\"inLanguage\":\"pt-PT\"},{\"@type\":\"WebPage\",\"@id\":\"https:\\\/\\\/algarve7.pt\\\/index.php\\\/2023\\\/08\\\/paderne-acolhe-as-mil-e-uma-noites-do-acordeao\\\/cultura\\\/17\\\/40\\\/\",\"url\":\"https:\\\/\\\/algarve7.pt\\\/index.php\\\/2023\\\/08\\\/paderne-acolhe-as-mil-e-uma-noites-do-acordeao\\\/cultura\\\/17\\\/40\\\/\",\"name\":\"Paderne acolhe \u201cas mil e uma noites do acorde\u00e3o\u201d - Algarve 7\",\"isPartOf\":{\"@id\":\"https:\\\/\\\/algarve7.pt\\\/#website\"},\"primaryImageOfPage\":{\"@id\":\"https:\\\/\\\/algarve7.pt\\\/index.php\\\/2023\\\/08\\\/paderne-acolhe-as-mil-e-uma-noites-do-acordeao\\\/cultura\\\/17\\\/40\\\/#primaryimage\"},\"image\":{\"@id\":\"https:\\\/\\\/algarve7.pt\\\/index.php\\\/2023\\\/08\\\/paderne-acolhe-as-mil-e-uma-noites-do-acordeao\\\/cultura\\\/17\\\/40\\\/#primaryimage\"},\"thumbnailUrl\":\"https:\\\/\\\/algarve7.pt\\\/wp-content\\\/uploads\\\/2023\\\/08\\\/Captura-de-ecra-2023-08-24-as-17.38.44.png\",\"datePublished\":\"2023-08-24T16:40:26+00:00\",\"dateModified\":\"2023-08-24T16:40:30+00:00\",\"description\":\"Paderne acolhe \u201cas mil e uma noites do acorde\u00e3o\u201d Cultura\",\"breadcrumb\":{\"@id\":\"https:\\\/\\\/algarve7.pt\\\/index.php\\\/2023\\\/08\\\/paderne-acolhe-as-mil-e-uma-noites-do-acordeao\\\/cultura\\\/17\\\/40\\\/#breadcrumb\"},\"inLanguage\":\"pt-PT\",\"potentialAction\":[{\"@type\":\"ReadAction\",\"target\":[\"https:\\\/\\\/algarve7.pt\\\/index.php\\\/2023\\\/08\\\/paderne-acolhe-as-mil-e-uma-noites-do-acordeao\\\/cultura\\\/17\\\/40\\\/\"]}]},{\"@type\":\"ImageObject\",\"inLanguage\":\"pt-PT\",\"@id\":\"https:\\\/\\\/algarve7.pt\\\/index.php\\\/2023\\\/08\\\/paderne-acolhe-as-mil-e-uma-noites-do-acordeao\\\/cultura\\\/17\\\/40\\\/#primaryimage\",\"url\":\"https:\\\/\\\/algarve7.pt\\\/wp-content\\\/uploads\\\/2023\\\/08\\\/Captura-de-ecra-2023-08-24-as-17.38.44.png\",\"contentUrl\":\"https:\\\/\\\/algarve7.pt\\\/wp-content\\\/uploads\\\/2023\\\/08\\\/Captura-de-ecra-2023-08-24-as-17.38.44.png\",\"width\":1024,\"height\":753},{\"@type\":\"BreadcrumbList\",\"@id\":\"https:\\\/\\\/algarve7.pt\\\/index.php\\\/2023\\\/08\\\/paderne-acolhe-as-mil-e-uma-noites-do-acordeao\\\/cultura\\\/17\\\/40\\\/#breadcrumb\",\"itemListElement\":[{\"@type\":\"ListItem\",\"position\":1,\"name\":\"In\u00edcio\",\"item\":\"https:\\\/\\\/algarve7.pt\\\/\"},{\"@type\":\"ListItem\",\"position\":2,\"name\":\"Paderne acolhe \u201cas mil e uma noites do acorde\u00e3o\u201d\"}]},{\"@type\":\"WebSite\",\"@id\":\"https:\\\/\\\/algarve7.pt\\\/#website\",\"url\":\"https:\\\/\\\/algarve7.pt\\\/\",\"name\":\"Algarve 7\",\"description\":\"Informa\u00e7\u00e3o sobre o Algarve\",\"publisher\":{\"@id\":\"https:\\\/\\\/algarve7.pt\\\/#organization\"},\"potentialAction\":[{\"@type\":\"SearchAction\",\"target\":{\"@type\":\"EntryPoint\",\"urlTemplate\":\"https:\\\/\\\/algarve7.pt\\\/?s={search_term_string}\"},\"query-input\":{\"@type\":\"PropertyValueSpecification\",\"valueRequired\":true,\"valueName\":\"search_term_string\"}}],\"inLanguage\":\"pt-PT\"},{\"@type\":\"Organization\",\"@id\":\"https:\\\/\\\/algarve7.pt\\\/#organization\",\"name\":\"Algarve 7\",\"url\":\"https:\\\/\\\/algarve7.pt\\\/\",\"logo\":{\"@type\":\"ImageObject\",\"inLanguage\":\"pt-PT\",\"@id\":\"https:\\\/\\\/algarve7.pt\\\/#\\\/schema\\\/logo\\\/image\\\/\",\"url\":\"https:\\\/\\\/algarve7.pt\\\/wp-content\\\/uploads\\\/2020\\\/10\\\/Logo-8.jpg\",\"contentUrl\":\"https:\\\/\\\/algarve7.pt\\\/wp-content\\\/uploads\\\/2020\\\/10\\\/Logo-8.jpg\",\"width\":1680,\"height\":1186,\"caption\":\"Algarve 7\"},\"image\":{\"@id\":\"https:\\\/\\\/algarve7.pt\\\/#\\\/schema\\\/logo\\\/image\\\/\"},\"sameAs\":[\"https:\\\/\\\/www.facebook.com\\\/algarve7\",\"https:\\\/\\\/x.com\\\/Algarvesete\",\"https:\\\/\\\/www.instagram.com\\\/jornalalgarve7\\\/\",\"https:\\\/\\\/www.linkedin.com\\\/company\\\/algarve7\",\"https:\\\/\\\/www.pinterest.pt\\\/geral0939\\\/_created\\\/\"]},{\"@type\":\"Person\",\"@id\":\"https:\\\/\\\/algarve7.pt\\\/#\\\/schema\\\/person\\\/23fa70681308e7b319a3204bcea45e0c\",\"name\":\"Algarve 7\",\"sameAs\":[\"https:\\\/\\\/algarve7.pt\",\"https:\\\/\\\/www.facebook.com\\\/algarve7\"],\"url\":\"https:\\\/\\\/algarve7.pt\\\/index.php\\\/author\\\/geralalgarve7-pt\\\/\"}]}<\/script>\n<!-- \/ Yoast SEO plugin. -->","yoast_head_json":{"title":"Paderne acolhe \u201cas mil e uma noites do acorde\u00e3o\u201d - Algarve 7","description":"Paderne acolhe \u201cas mil e uma noites do acorde\u00e3o\u201d Cultura","robots":{"index":"index","follow":"follow","max-snippet":"max-snippet:-1","max-image-preview":"max-image-preview:large","max-video-preview":"max-video-preview:-1"},"canonical":"https:\/\/algarve7.pt\/index.php\/2023\/08\/paderne-acolhe-as-mil-e-uma-noites-do-acordeao\/cultura\/17\/40\/","og_locale":"pt_PT","og_type":"article","og_title":"Paderne acolhe \u201cas mil e uma noites do acorde\u00e3o\u201d - Algarve 7","og_description":"Paderne acolhe \u201cas mil e uma noites do acorde\u00e3o\u201d Cultura","og_url":"https:\/\/algarve7.pt\/index.php\/2023\/08\/paderne-acolhe-as-mil-e-uma-noites-do-acordeao\/cultura\/17\/40\/","og_site_name":"Algarve 7","article_publisher":"https:\/\/www.facebook.com\/algarve7","article_author":"https:\/\/www.facebook.com\/algarve7","article_published_time":"2023-08-24T16:40:26+00:00","article_modified_time":"2023-08-24T16:40:30+00:00","og_image":[{"width":1024,"height":753,"url":"https:\/\/algarve7.pt\/wp-content\/uploads\/2023\/08\/Captura-de-ecra-2023-08-24-as-17.38.44.png","type":"image\/png"}],"author":"Algarve 7","twitter_card":"summary_large_image","twitter_creator":"@Algarvesete","twitter_site":"@Algarvesete","twitter_misc":{"Escrito por":"Algarve 7","Tempo estimado de leitura":"2 minutos"},"schema":{"@context":"https:\/\/schema.org","@graph":[{"@type":"Article","@id":"https:\/\/algarve7.pt\/index.php\/2023\/08\/paderne-acolhe-as-mil-e-uma-noites-do-acordeao\/cultura\/17\/40\/#article","isPartOf":{"@id":"https:\/\/algarve7.pt\/index.php\/2023\/08\/paderne-acolhe-as-mil-e-uma-noites-do-acordeao\/cultura\/17\/40\/"},"author":{"name":"Algarve 7","@id":"https:\/\/algarve7.pt\/#\/schema\/person\/23fa70681308e7b319a3204bcea45e0c"},"headline":"Paderne acolhe \u201cas mil e uma noites do acorde\u00e3o\u201d","datePublished":"2023-08-24T16:40:26+00:00","dateModified":"2023-08-24T16:40:30+00:00","mainEntityOfPage":{"@id":"https:\/\/algarve7.pt\/index.php\/2023\/08\/paderne-acolhe-as-mil-e-uma-noites-do-acordeao\/cultura\/17\/40\/"},"wordCount":368,"publisher":{"@id":"https:\/\/algarve7.pt\/#organization"},"image":{"@id":"https:\/\/algarve7.pt\/index.php\/2023\/08\/paderne-acolhe-as-mil-e-uma-noites-do-acordeao\/cultura\/17\/40\/#primaryimage"},"thumbnailUrl":"https:\/\/algarve7.pt\/wp-content\/uploads\/2023\/08\/Captura-de-ecra-2023-08-24-as-17.38.44.png","keywords":["Algarve","Concerto","Cultura","Paderne"],"articleSection":["Cultura"],"inLanguage":"pt-PT"},{"@type":"WebPage","@id":"https:\/\/algarve7.pt\/index.php\/2023\/08\/paderne-acolhe-as-mil-e-uma-noites-do-acordeao\/cultura\/17\/40\/","url":"https:\/\/algarve7.pt\/index.php\/2023\/08\/paderne-acolhe-as-mil-e-uma-noites-do-acordeao\/cultura\/17\/40\/","name":"Paderne acolhe \u201cas mil e uma noites do acorde\u00e3o\u201d - Algarve 7","isPartOf":{"@id":"https:\/\/algarve7.pt\/#website"},"primaryImageOfPage":{"@id":"https:\/\/algarve7.pt\/index.php\/2023\/08\/paderne-acolhe-as-mil-e-uma-noites-do-acordeao\/cultura\/17\/40\/#primaryimage"},"image":{"@id":"https:\/\/algarve7.pt\/index.php\/2023\/08\/paderne-acolhe-as-mil-e-uma-noites-do-acordeao\/cultura\/17\/40\/#primaryimage"},"thumbnailUrl":"https:\/\/algarve7.pt\/wp-content\/uploads\/2023\/08\/Captura-de-ecra-2023-08-24-as-17.38.44.png","datePublished":"2023-08-24T16:40:26+00:00","dateModified":"2023-08-24T16:40:30+00:00","description":"Paderne acolhe \u201cas mil e uma noites do acorde\u00e3o\u201d Cultura","breadcrumb":{"@id":"https:\/\/algarve7.pt\/index.php\/2023\/08\/paderne-acolhe-as-mil-e-uma-noites-do-acordeao\/cultura\/17\/40\/#breadcrumb"},"inLanguage":"pt-PT","potentialAction":[{"@type":"ReadAction","target":["https:\/\/algarve7.pt\/index.php\/2023\/08\/paderne-acolhe-as-mil-e-uma-noites-do-acordeao\/cultura\/17\/40\/"]}]},{"@type":"ImageObject","inLanguage":"pt-PT","@id":"https:\/\/algarve7.pt\/index.php\/2023\/08\/paderne-acolhe-as-mil-e-uma-noites-do-acordeao\/cultura\/17\/40\/#primaryimage","url":"https:\/\/algarve7.pt\/wp-content\/uploads\/2023\/08\/Captura-de-ecra-2023-08-24-as-17.38.44.png","contentUrl":"https:\/\/algarve7.pt\/wp-content\/uploads\/2023\/08\/Captura-de-ecra-2023-08-24-as-17.38.44.png","width":1024,"height":753},{"@type":"BreadcrumbList","@id":"https:\/\/algarve7.pt\/index.php\/2023\/08\/paderne-acolhe-as-mil-e-uma-noites-do-acordeao\/cultura\/17\/40\/#breadcrumb","itemListElement":[{"@type":"ListItem","position":1,"name":"In\u00edcio","item":"https:\/\/algarve7.pt\/"},{"@type":"ListItem","position":2,"name":"Paderne acolhe \u201cas mil e uma noites do acorde\u00e3o\u201d"}]},{"@type":"WebSite","@id":"https:\/\/algarve7.pt\/#website","url":"https:\/\/algarve7.pt\/","name":"Algarve 7","description":"Informa\u00e7\u00e3o sobre o Algarve","publisher":{"@id":"https:\/\/algarve7.pt\/#organization"},"potentialAction":[{"@type":"SearchAction","target":{"@type":"EntryPoint","urlTemplate":"https:\/\/algarve7.pt\/?s={search_term_string}"},"query-input":{"@type":"PropertyValueSpecification","valueRequired":true,"valueName":"search_term_string"}}],"inLanguage":"pt-PT"},{"@type":"Organization","@id":"https:\/\/algarve7.pt\/#organization","name":"Algarve 7","url":"https:\/\/algarve7.pt\/","logo":{"@type":"ImageObject","inLanguage":"pt-PT","@id":"https:\/\/algarve7.pt\/#\/schema\/logo\/image\/","url":"https:\/\/algarve7.pt\/wp-content\/uploads\/2020\/10\/Logo-8.jpg","contentUrl":"https:\/\/algarve7.pt\/wp-content\/uploads\/2020\/10\/Logo-8.jpg","width":1680,"height":1186,"caption":"Algarve 7"},"image":{"@id":"https:\/\/algarve7.pt\/#\/schema\/logo\/image\/"},"sameAs":["https:\/\/www.facebook.com\/algarve7","https:\/\/x.com\/Algarvesete","https:\/\/www.instagram.com\/jornalalgarve7\/","https:\/\/www.linkedin.com\/company\/algarve7","https:\/\/www.pinterest.pt\/geral0939\/_created\/"]},{"@type":"Person","@id":"https:\/\/algarve7.pt\/#\/schema\/person\/23fa70681308e7b319a3204bcea45e0c","name":"Algarve 7","sameAs":["https:\/\/algarve7.pt","https:\/\/www.facebook.com\/algarve7"],"url":"https:\/\/algarve7.pt\/index.php\/author\/geralalgarve7-pt\/"}]}},"jetpack_publicize_connections":[],"jetpack_featured_media_url":"https:\/\/algarve7.pt\/wp-content\/uploads\/2023\/08\/Captura-de-ecra-2023-08-24-as-17.38.44.png","jetpack_shortlink":"https:\/\/wp.me\/pcezmW-7Tz","jetpack_sharing_enabled":true,"_links":{"self":[{"href":"https:\/\/algarve7.pt\/index.php\/wp-json\/wp\/v2\/posts\/30353","targetHints":{"allow":["GET"]}}],"collection":[{"href":"https:\/\/algarve7.pt\/index.php\/wp-json\/wp\/v2\/posts"}],"about":[{"href":"https:\/\/algarve7.pt\/index.php\/wp-json\/wp\/v2\/types\/post"}],"author":[{"embeddable":true,"href":"https:\/\/algarve7.pt\/index.php\/wp-json\/wp\/v2\/users\/1"}],"replies":[{"embeddable":true,"href":"https:\/\/algarve7.pt\/index.php\/wp-json\/wp\/v2\/comments?post=30353"}],"version-history":[{"count":0,"href":"https:\/\/algarve7.pt\/index.php\/wp-json\/wp\/v2\/posts\/30353\/revisions"}],"wp:featuredmedia":[{"embeddable":true,"href":"https:\/\/algarve7.pt\/index.php\/wp-json\/wp\/v2\/media\/30354"}],"wp:attachment":[{"href":"https:\/\/algarve7.pt\/index.php\/wp-json\/wp\/v2\/media?parent=30353"}],"wp:term":[{"taxonomy":"category","embeddable":true,"href":"https:\/\/algarve7.pt\/index.php\/wp-json\/wp\/v2\/categories?post=30353"},{"taxonomy":"post_tag","embeddable":true,"href":"https:\/\/algarve7.pt\/index.php\/wp-json\/wp\/v2\/tags?post=30353"}],"curies":[{"name":"wp","href":"https:\/\/api.w.org\/{rel}","templated":true}]}}