{"id":30351,"date":"2023-08-24T17:20:59","date_gmt":"2023-08-24T16:20:59","guid":{"rendered":"https:\/\/algarve7.pt\/?p=30351"},"modified":"2023-08-24T17:21:01","modified_gmt":"2023-08-24T16:21:01","slug":"governo-autoriza-compra-de-29-mil-computadores-para-eleicoes-ao-pe","status":"publish","type":"post","link":"https:\/\/algarve7.pt\/index.php\/2023\/08\/governo-autoriza-compra-de-29-mil-computadores-para-eleicoes-ao-pe\/nacional\/17\/20\/","title":{"rendered":"Governo autoriza compra de 29 mil computadores para eleic\u0327\u00f5es ao PE"},"content":{"rendered":"\n<p>Equipamentos inform\u00e1ticos para cadernos eleitorais desmaterializados.O Conselho de Ministros autorizou a compra de 29 mil equipamentos inform\u00e1ticos para as assembleias de voto, at\u00e9 ao montante m\u00e1ximo de 23.200.000 euros (acrescidos de IVA), no a\u0302mbito da desmaterializac\u0327\u00e3o dos cadernos eleitorais j\u00e1 nas eleic\u0327\u00f5es europeias de 2024.<\/p>\n\n\n\n<p>Esta autorizac\u0327\u00e3o permitir\u00e1 \u00e0 Secretaria Geral do Minist\u00e9rio da Administrac\u0327\u00e3o Interna &#8211; a quem compete a organizac\u0327\u00e3o dos processos eleitorais de a\u0302mbito regional, nacional e da Uni\u00e3o Europeia -, dotar as 13.500 assembleias de voto constitu\u00eddas com os equipamentos inform\u00e1ticos necess\u00e1rios para que a eleic\u0327\u00e3o de 9 de junho do pr\u00f3ximo ano para o Parlamento Europeu ocorra j\u00e1 sem cadernos eleitorais f\u00edsicos.<\/p>\n\n\n\n<p>O objetivo \u00e9 que nesse ato eleitoral seja poss\u00edvel a utilizac\u0327\u00e3o de cadernos eleitorais desmaterializados em todas as assembleias de voto, ou seja, uma vers\u00e3o digital em computador. O que permitir\u00e1 agilizar o direito de voto, exercer o exerc\u00edcio do direito de voto em mobilidade, no dia da eleic\u0327\u00e3o, em qualquer mesa de voto constitu\u00edda.<\/p>\n\n\n\n<p>H\u00e1 ainda um conjunto de medidas j\u00e1 em curso para implementac\u0327\u00e3o destes cadernos, como sejam a preparac\u0327\u00e3o de cursos de formac\u0327\u00e3o online e gratuitos para os cerca de 67.500 membros das mesas que normalmente apoiam as eleic\u0327\u00f5es a n\u00edvel nacional.<\/p>\n","protected":false},"excerpt":{"rendered":"<p>Equipamentos inform\u00e1ticos para cadernos eleitorais desmaterializados.O Conselho de Ministros autorizou a compra de 29 mil equipamentos inform\u00e1ticos para as assembleias<\/p>\n","protected":false},"author":1,"featured_media":22827,"comment_status":"closed","ping_status":"open","sticky":false,"template":"","format":"standard","meta":{"colormag_page_container_layout":"default_layout","colormag_page_sidebar_layout":"default_layout","_monsterinsights_skip_tracking":false,"_monsterinsights_sitenote_active":false,"_monsterinsights_sitenote_note":"","_monsterinsights_sitenote_category":0,"jetpack_post_was_ever_published":false,"_jetpack_newsletter_access":"","_jetpack_dont_email_post_to_subs":false,"_jetpack_newsletter_tier_id":0,"_jetpack_memberships_contains_paywalled_content":false,"_jetpack_memberships_contains_paid_content":false,"footnotes":"","jetpack_publicize_message":"","jetpack_publicize_feature_enabled":true,"jetpack_social_post_already_shared":true,"jetpack_social_options":{"image_generator_settings":{"template":"highway","default_image_id":0,"font":"","enabled":false},"version":2}},"categories":[189],"tags":[62,98],"class_list":["post-30351","post","type-post","status-publish","format-standard","has-post-thumbnail","hentry","category-nacional","tag-atualidade","tag-nacional"],"yoast_head":"<!-- This site is optimized with the Yoast SEO plugin v27.5 - https:\/\/yoast.com\/product\/yoast-seo-wordpress\/ -->\n<title>Governo autoriza compra de 29 mil computadores para eleic\u0327\u00f5es ao PE - Algarve 7<\/title>\n<meta name=\"description\" content=\"Governo autoriza compra de 29 mil computadores para eleic\u0327\u00f5es ao PE Nacional\" \/>\n<meta name=\"robots\" content=\"index, follow, max-snippet:-1, max-image-preview:large, max-video-preview:-1\" \/>\n<link rel=\"canonical\" href=\"https:\/\/algarve7.pt\/index.php\/2023\/08\/governo-autoriza-compra-de-29-mil-computadores-para-eleicoes-ao-pe\/nacional\/17\/20\/\" \/>\n<meta property=\"og:locale\" content=\"pt_PT\" \/>\n<meta property=\"og:type\" content=\"article\" \/>\n<meta property=\"og:title\" content=\"Governo autoriza compra de 29 mil computadores para eleic\u0327\u00f5es ao PE - Algarve 7\" \/>\n<meta property=\"og:description\" content=\"Governo autoriza compra de 29 mil computadores para eleic\u0327\u00f5es ao PE Nacional\" \/>\n<meta property=\"og:url\" content=\"https:\/\/algarve7.pt\/index.php\/2023\/08\/governo-autoriza-compra-de-29-mil-computadores-para-eleicoes-ao-pe\/nacional\/17\/20\/\" \/>\n<meta property=\"og:site_name\" content=\"Algarve 7\" \/>\n<meta property=\"article:publisher\" content=\"https:\/\/www.facebook.com\/algarve7\" \/>\n<meta property=\"article:author\" content=\"https:\/\/www.facebook.com\/algarve7\" \/>\n<meta property=\"article:published_time\" content=\"2023-08-24T16:20:59+00:00\" \/>\n<meta property=\"article:modified_time\" content=\"2023-08-24T16:21:01+00:00\" \/>\n<meta property=\"og:image\" content=\"https:\/\/algarve7.pt\/wp-content\/uploads\/2022\/10\/Captura-de-ecra\u0303-2022-10-24-a\u0300s-22.08.01.png\" \/>\n\t<meta property=\"og:image:width\" content=\"1588\" \/>\n\t<meta property=\"og:image:height\" content=\"748\" \/>\n\t<meta property=\"og:image:type\" content=\"image\/png\" \/>\n<meta name=\"author\" content=\"Algarve 7\" \/>\n<meta name=\"twitter:card\" content=\"summary_large_image\" \/>\n<meta name=\"twitter:creator\" content=\"@Algarvesete\" \/>\n<meta name=\"twitter:site\" content=\"@Algarvesete\" \/>\n<meta name=\"twitter:label1\" content=\"Escrito por\" \/>\n\t<meta name=\"twitter:data1\" content=\"Algarve 7\" \/>\n\t<meta name=\"twitter:label2\" content=\"Tempo estimado de leitura\" \/>\n\t<meta name=\"twitter:data2\" content=\"2 minutos\" \/>\n<script type=\"application\/ld+json\" class=\"yoast-schema-graph\">{\"@context\":\"https:\\\/\\\/schema.org\",\"@graph\":[{\"@type\":\"Article\",\"@id\":\"https:\\\/\\\/algarve7.pt\\\/index.php\\\/2023\\\/08\\\/governo-autoriza-compra-de-29-mil-computadores-para-eleicoes-ao-pe\\\/nacional\\\/17\\\/20\\\/#article\",\"isPartOf\":{\"@id\":\"https:\\\/\\\/algarve7.pt\\\/index.php\\\/2023\\\/08\\\/governo-autoriza-compra-de-29-mil-computadores-para-eleicoes-ao-pe\\\/nacional\\\/17\\\/20\\\/\"},\"author\":{\"name\":\"Algarve 7\",\"@id\":\"https:\\\/\\\/algarve7.pt\\\/#\\\/schema\\\/person\\\/23fa70681308e7b319a3204bcea45e0c\"},\"headline\":\"Governo autoriza compra de 29 mil computadores para eleic\u0327\u00f5es ao PE\",\"datePublished\":\"2023-08-24T16:20:59+00:00\",\"dateModified\":\"2023-08-24T16:21:01+00:00\",\"mainEntityOfPage\":{\"@id\":\"https:\\\/\\\/algarve7.pt\\\/index.php\\\/2023\\\/08\\\/governo-autoriza-compra-de-29-mil-computadores-para-eleicoes-ao-pe\\\/nacional\\\/17\\\/20\\\/\"},\"wordCount\":235,\"publisher\":{\"@id\":\"https:\\\/\\\/algarve7.pt\\\/#organization\"},\"image\":{\"@id\":\"https:\\\/\\\/algarve7.pt\\\/index.php\\\/2023\\\/08\\\/governo-autoriza-compra-de-29-mil-computadores-para-eleicoes-ao-pe\\\/nacional\\\/17\\\/20\\\/#primaryimage\"},\"thumbnailUrl\":\"https:\\\/\\\/algarve7.pt\\\/wp-content\\\/uploads\\\/2022\\\/10\\\/Captura-de-ecra\u0303-2022-10-24-a\u0300s-22.08.01.png\",\"keywords\":[\"Atualidade\",\"Nacional\"],\"articleSection\":[\"Nacional\"],\"inLanguage\":\"pt-PT\"},{\"@type\":\"WebPage\",\"@id\":\"https:\\\/\\\/algarve7.pt\\\/index.php\\\/2023\\\/08\\\/governo-autoriza-compra-de-29-mil-computadores-para-eleicoes-ao-pe\\\/nacional\\\/17\\\/20\\\/\",\"url\":\"https:\\\/\\\/algarve7.pt\\\/index.php\\\/2023\\\/08\\\/governo-autoriza-compra-de-29-mil-computadores-para-eleicoes-ao-pe\\\/nacional\\\/17\\\/20\\\/\",\"name\":\"Governo autoriza compra de 29 mil computadores para eleic\u0327\u00f5es ao PE - Algarve 7\",\"isPartOf\":{\"@id\":\"https:\\\/\\\/algarve7.pt\\\/#website\"},\"primaryImageOfPage\":{\"@id\":\"https:\\\/\\\/algarve7.pt\\\/index.php\\\/2023\\\/08\\\/governo-autoriza-compra-de-29-mil-computadores-para-eleicoes-ao-pe\\\/nacional\\\/17\\\/20\\\/#primaryimage\"},\"image\":{\"@id\":\"https:\\\/\\\/algarve7.pt\\\/index.php\\\/2023\\\/08\\\/governo-autoriza-compra-de-29-mil-computadores-para-eleicoes-ao-pe\\\/nacional\\\/17\\\/20\\\/#primaryimage\"},\"thumbnailUrl\":\"https:\\\/\\\/algarve7.pt\\\/wp-content\\\/uploads\\\/2022\\\/10\\\/Captura-de-ecra\u0303-2022-10-24-a\u0300s-22.08.01.png\",\"datePublished\":\"2023-08-24T16:20:59+00:00\",\"dateModified\":\"2023-08-24T16:21:01+00:00\",\"description\":\"Governo autoriza compra de 29 mil computadores para eleic\u0327\u00f5es ao PE Nacional\",\"breadcrumb\":{\"@id\":\"https:\\\/\\\/algarve7.pt\\\/index.php\\\/2023\\\/08\\\/governo-autoriza-compra-de-29-mil-computadores-para-eleicoes-ao-pe\\\/nacional\\\/17\\\/20\\\/#breadcrumb\"},\"inLanguage\":\"pt-PT\",\"potentialAction\":[{\"@type\":\"ReadAction\",\"target\":[\"https:\\\/\\\/algarve7.pt\\\/index.php\\\/2023\\\/08\\\/governo-autoriza-compra-de-29-mil-computadores-para-eleicoes-ao-pe\\\/nacional\\\/17\\\/20\\\/\"]}]},{\"@type\":\"ImageObject\",\"inLanguage\":\"pt-PT\",\"@id\":\"https:\\\/\\\/algarve7.pt\\\/index.php\\\/2023\\\/08\\\/governo-autoriza-compra-de-29-mil-computadores-para-eleicoes-ao-pe\\\/nacional\\\/17\\\/20\\\/#primaryimage\",\"url\":\"https:\\\/\\\/algarve7.pt\\\/wp-content\\\/uploads\\\/2022\\\/10\\\/Captura-de-ecra\u0303-2022-10-24-a\u0300s-22.08.01.png\",\"contentUrl\":\"https:\\\/\\\/algarve7.pt\\\/wp-content\\\/uploads\\\/2022\\\/10\\\/Captura-de-ecra\u0303-2022-10-24-a\u0300s-22.08.01.png\",\"width\":1588,\"height\":748},{\"@type\":\"BreadcrumbList\",\"@id\":\"https:\\\/\\\/algarve7.pt\\\/index.php\\\/2023\\\/08\\\/governo-autoriza-compra-de-29-mil-computadores-para-eleicoes-ao-pe\\\/nacional\\\/17\\\/20\\\/#breadcrumb\",\"itemListElement\":[{\"@type\":\"ListItem\",\"position\":1,\"name\":\"In\u00edcio\",\"item\":\"https:\\\/\\\/algarve7.pt\\\/\"},{\"@type\":\"ListItem\",\"position\":2,\"name\":\"Governo autoriza compra de 29 mil computadores para eleic\u0327\u00f5es ao PE\"}]},{\"@type\":\"WebSite\",\"@id\":\"https:\\\/\\\/algarve7.pt\\\/#website\",\"url\":\"https:\\\/\\\/algarve7.pt\\\/\",\"name\":\"Algarve 7\",\"description\":\"Informa\u00e7\u00e3o sobre o Algarve\",\"publisher\":{\"@id\":\"https:\\\/\\\/algarve7.pt\\\/#organization\"},\"potentialAction\":[{\"@type\":\"SearchAction\",\"target\":{\"@type\":\"EntryPoint\",\"urlTemplate\":\"https:\\\/\\\/algarve7.pt\\\/?s={search_term_string}\"},\"query-input\":{\"@type\":\"PropertyValueSpecification\",\"valueRequired\":true,\"valueName\":\"search_term_string\"}}],\"inLanguage\":\"pt-PT\"},{\"@type\":\"Organization\",\"@id\":\"https:\\\/\\\/algarve7.pt\\\/#organization\",\"name\":\"Algarve 7\",\"url\":\"https:\\\/\\\/algarve7.pt\\\/\",\"logo\":{\"@type\":\"ImageObject\",\"inLanguage\":\"pt-PT\",\"@id\":\"https:\\\/\\\/algarve7.pt\\\/#\\\/schema\\\/logo\\\/image\\\/\",\"url\":\"https:\\\/\\\/algarve7.pt\\\/wp-content\\\/uploads\\\/2020\\\/10\\\/Logo-8.jpg\",\"contentUrl\":\"https:\\\/\\\/algarve7.pt\\\/wp-content\\\/uploads\\\/2020\\\/10\\\/Logo-8.jpg\",\"width\":1680,\"height\":1186,\"caption\":\"Algarve 7\"},\"image\":{\"@id\":\"https:\\\/\\\/algarve7.pt\\\/#\\\/schema\\\/logo\\\/image\\\/\"},\"sameAs\":[\"https:\\\/\\\/www.facebook.com\\\/algarve7\",\"https:\\\/\\\/x.com\\\/Algarvesete\",\"https:\\\/\\\/www.instagram.com\\\/jornalalgarve7\\\/\",\"https:\\\/\\\/www.linkedin.com\\\/company\\\/algarve7\",\"https:\\\/\\\/www.pinterest.pt\\\/geral0939\\\/_created\\\/\"]},{\"@type\":\"Person\",\"@id\":\"https:\\\/\\\/algarve7.pt\\\/#\\\/schema\\\/person\\\/23fa70681308e7b319a3204bcea45e0c\",\"name\":\"Algarve 7\",\"sameAs\":[\"https:\\\/\\\/algarve7.pt\",\"https:\\\/\\\/www.facebook.com\\\/algarve7\"],\"url\":\"https:\\\/\\\/algarve7.pt\\\/index.php\\\/author\\\/geralalgarve7-pt\\\/\"}]}<\/script>\n<!-- \/ Yoast SEO plugin. -->","yoast_head_json":{"title":"Governo autoriza compra de 29 mil computadores para eleic\u0327\u00f5es ao PE - Algarve 7","description":"Governo autoriza compra de 29 mil computadores para eleic\u0327\u00f5es ao PE Nacional","robots":{"index":"index","follow":"follow","max-snippet":"max-snippet:-1","max-image-preview":"max-image-preview:large","max-video-preview":"max-video-preview:-1"},"canonical":"https:\/\/algarve7.pt\/index.php\/2023\/08\/governo-autoriza-compra-de-29-mil-computadores-para-eleicoes-ao-pe\/nacional\/17\/20\/","og_locale":"pt_PT","og_type":"article","og_title":"Governo autoriza compra de 29 mil computadores para eleic\u0327\u00f5es ao PE - Algarve 7","og_description":"Governo autoriza compra de 29 mil computadores para eleic\u0327\u00f5es ao PE Nacional","og_url":"https:\/\/algarve7.pt\/index.php\/2023\/08\/governo-autoriza-compra-de-29-mil-computadores-para-eleicoes-ao-pe\/nacional\/17\/20\/","og_site_name":"Algarve 7","article_publisher":"https:\/\/www.facebook.com\/algarve7","article_author":"https:\/\/www.facebook.com\/algarve7","article_published_time":"2023-08-24T16:20:59+00:00","article_modified_time":"2023-08-24T16:21:01+00:00","og_image":[{"width":1588,"height":748,"url":"https:\/\/algarve7.pt\/wp-content\/uploads\/2022\/10\/Captura-de-ecra\u0303-2022-10-24-a\u0300s-22.08.01.png","type":"image\/png"}],"author":"Algarve 7","twitter_card":"summary_large_image","twitter_creator":"@Algarvesete","twitter_site":"@Algarvesete","twitter_misc":{"Escrito por":"Algarve 7","Tempo estimado de leitura":"2 minutos"},"schema":{"@context":"https:\/\/schema.org","@graph":[{"@type":"Article","@id":"https:\/\/algarve7.pt\/index.php\/2023\/08\/governo-autoriza-compra-de-29-mil-computadores-para-eleicoes-ao-pe\/nacional\/17\/20\/#article","isPartOf":{"@id":"https:\/\/algarve7.pt\/index.php\/2023\/08\/governo-autoriza-compra-de-29-mil-computadores-para-eleicoes-ao-pe\/nacional\/17\/20\/"},"author":{"name":"Algarve 7","@id":"https:\/\/algarve7.pt\/#\/schema\/person\/23fa70681308e7b319a3204bcea45e0c"},"headline":"Governo autoriza compra de 29 mil computadores para eleic\u0327\u00f5es ao PE","datePublished":"2023-08-24T16:20:59+00:00","dateModified":"2023-08-24T16:21:01+00:00","mainEntityOfPage":{"@id":"https:\/\/algarve7.pt\/index.php\/2023\/08\/governo-autoriza-compra-de-29-mil-computadores-para-eleicoes-ao-pe\/nacional\/17\/20\/"},"wordCount":235,"publisher":{"@id":"https:\/\/algarve7.pt\/#organization"},"image":{"@id":"https:\/\/algarve7.pt\/index.php\/2023\/08\/governo-autoriza-compra-de-29-mil-computadores-para-eleicoes-ao-pe\/nacional\/17\/20\/#primaryimage"},"thumbnailUrl":"https:\/\/algarve7.pt\/wp-content\/uploads\/2022\/10\/Captura-de-ecra\u0303-2022-10-24-a\u0300s-22.08.01.png","keywords":["Atualidade","Nacional"],"articleSection":["Nacional"],"inLanguage":"pt-PT"},{"@type":"WebPage","@id":"https:\/\/algarve7.pt\/index.php\/2023\/08\/governo-autoriza-compra-de-29-mil-computadores-para-eleicoes-ao-pe\/nacional\/17\/20\/","url":"https:\/\/algarve7.pt\/index.php\/2023\/08\/governo-autoriza-compra-de-29-mil-computadores-para-eleicoes-ao-pe\/nacional\/17\/20\/","name":"Governo autoriza compra de 29 mil computadores para eleic\u0327\u00f5es ao PE - Algarve 7","isPartOf":{"@id":"https:\/\/algarve7.pt\/#website"},"primaryImageOfPage":{"@id":"https:\/\/algarve7.pt\/index.php\/2023\/08\/governo-autoriza-compra-de-29-mil-computadores-para-eleicoes-ao-pe\/nacional\/17\/20\/#primaryimage"},"image":{"@id":"https:\/\/algarve7.pt\/index.php\/2023\/08\/governo-autoriza-compra-de-29-mil-computadores-para-eleicoes-ao-pe\/nacional\/17\/20\/#primaryimage"},"thumbnailUrl":"https:\/\/algarve7.pt\/wp-content\/uploads\/2022\/10\/Captura-de-ecra\u0303-2022-10-24-a\u0300s-22.08.01.png","datePublished":"2023-08-24T16:20:59+00:00","dateModified":"2023-08-24T16:21:01+00:00","description":"Governo autoriza compra de 29 mil computadores para eleic\u0327\u00f5es ao PE Nacional","breadcrumb":{"@id":"https:\/\/algarve7.pt\/index.php\/2023\/08\/governo-autoriza-compra-de-29-mil-computadores-para-eleicoes-ao-pe\/nacional\/17\/20\/#breadcrumb"},"inLanguage":"pt-PT","potentialAction":[{"@type":"ReadAction","target":["https:\/\/algarve7.pt\/index.php\/2023\/08\/governo-autoriza-compra-de-29-mil-computadores-para-eleicoes-ao-pe\/nacional\/17\/20\/"]}]},{"@type":"ImageObject","inLanguage":"pt-PT","@id":"https:\/\/algarve7.pt\/index.php\/2023\/08\/governo-autoriza-compra-de-29-mil-computadores-para-eleicoes-ao-pe\/nacional\/17\/20\/#primaryimage","url":"https:\/\/algarve7.pt\/wp-content\/uploads\/2022\/10\/Captura-de-ecra\u0303-2022-10-24-a\u0300s-22.08.01.png","contentUrl":"https:\/\/algarve7.pt\/wp-content\/uploads\/2022\/10\/Captura-de-ecra\u0303-2022-10-24-a\u0300s-22.08.01.png","width":1588,"height":748},{"@type":"BreadcrumbList","@id":"https:\/\/algarve7.pt\/index.php\/2023\/08\/governo-autoriza-compra-de-29-mil-computadores-para-eleicoes-ao-pe\/nacional\/17\/20\/#breadcrumb","itemListElement":[{"@type":"ListItem","position":1,"name":"In\u00edcio","item":"https:\/\/algarve7.pt\/"},{"@type":"ListItem","position":2,"name":"Governo autoriza compra de 29 mil computadores para eleic\u0327\u00f5es ao PE"}]},{"@type":"WebSite","@id":"https:\/\/algarve7.pt\/#website","url":"https:\/\/algarve7.pt\/","name":"Algarve 7","description":"Informa\u00e7\u00e3o sobre o Algarve","publisher":{"@id":"https:\/\/algarve7.pt\/#organization"},"potentialAction":[{"@type":"SearchAction","target":{"@type":"EntryPoint","urlTemplate":"https:\/\/algarve7.pt\/?s={search_term_string}"},"query-input":{"@type":"PropertyValueSpecification","valueRequired":true,"valueName":"search_term_string"}}],"inLanguage":"pt-PT"},{"@type":"Organization","@id":"https:\/\/algarve7.pt\/#organization","name":"Algarve 7","url":"https:\/\/algarve7.pt\/","logo":{"@type":"ImageObject","inLanguage":"pt-PT","@id":"https:\/\/algarve7.pt\/#\/schema\/logo\/image\/","url":"https:\/\/algarve7.pt\/wp-content\/uploads\/2020\/10\/Logo-8.jpg","contentUrl":"https:\/\/algarve7.pt\/wp-content\/uploads\/2020\/10\/Logo-8.jpg","width":1680,"height":1186,"caption":"Algarve 7"},"image":{"@id":"https:\/\/algarve7.pt\/#\/schema\/logo\/image\/"},"sameAs":["https:\/\/www.facebook.com\/algarve7","https:\/\/x.com\/Algarvesete","https:\/\/www.instagram.com\/jornalalgarve7\/","https:\/\/www.linkedin.com\/company\/algarve7","https:\/\/www.pinterest.pt\/geral0939\/_created\/"]},{"@type":"Person","@id":"https:\/\/algarve7.pt\/#\/schema\/person\/23fa70681308e7b319a3204bcea45e0c","name":"Algarve 7","sameAs":["https:\/\/algarve7.pt","https:\/\/www.facebook.com\/algarve7"],"url":"https:\/\/algarve7.pt\/index.php\/author\/geralalgarve7-pt\/"}]}},"jetpack_publicize_connections":[],"jetpack_featured_media_url":"https:\/\/algarve7.pt\/wp-content\/uploads\/2022\/10\/Captura-de-ecra\u0303-2022-10-24-a\u0300s-22.08.01.png","jetpack_shortlink":"https:\/\/wp.me\/pcezmW-7Tx","jetpack_sharing_enabled":true,"_links":{"self":[{"href":"https:\/\/algarve7.pt\/index.php\/wp-json\/wp\/v2\/posts\/30351","targetHints":{"allow":["GET"]}}],"collection":[{"href":"https:\/\/algarve7.pt\/index.php\/wp-json\/wp\/v2\/posts"}],"about":[{"href":"https:\/\/algarve7.pt\/index.php\/wp-json\/wp\/v2\/types\/post"}],"author":[{"embeddable":true,"href":"https:\/\/algarve7.pt\/index.php\/wp-json\/wp\/v2\/users\/1"}],"replies":[{"embeddable":true,"href":"https:\/\/algarve7.pt\/index.php\/wp-json\/wp\/v2\/comments?post=30351"}],"version-history":[{"count":0,"href":"https:\/\/algarve7.pt\/index.php\/wp-json\/wp\/v2\/posts\/30351\/revisions"}],"wp:featuredmedia":[{"embeddable":true,"href":"https:\/\/algarve7.pt\/index.php\/wp-json\/wp\/v2\/media\/22827"}],"wp:attachment":[{"href":"https:\/\/algarve7.pt\/index.php\/wp-json\/wp\/v2\/media?parent=30351"}],"wp:term":[{"taxonomy":"category","embeddable":true,"href":"https:\/\/algarve7.pt\/index.php\/wp-json\/wp\/v2\/categories?post=30351"},{"taxonomy":"post_tag","embeddable":true,"href":"https:\/\/algarve7.pt\/index.php\/wp-json\/wp\/v2\/tags?post=30351"}],"curies":[{"name":"wp","href":"https:\/\/api.w.org\/{rel}","templated":true}]}}