{"id":3032,"date":"2020-10-27T19:15:39","date_gmt":"2020-10-27T19:15:39","guid":{"rendered":"https:\/\/algarve7.pt\/?p=3032"},"modified":"2020-10-27T19:15:40","modified_gmt":"2020-10-27T19:15:40","slug":"autoridade-maritima-nacional-e-marinha-alertam-para-o-agravamento-da-agitacao-maritima-nos-proximos-dias","status":"publish","type":"post","link":"https:\/\/algarve7.pt\/index.php\/2020\/10\/autoridade-maritima-nacional-e-marinha-alertam-para-o-agravamento-da-agitacao-maritima-nos-proximos-dias\/atualidade\/19\/15\/","title":{"rendered":"Autoridade Mar\u00edtima Nacional e Marinha alertam para o agravamento da agita\u00e7\u00e3o mar\u00edtima nos pr\u00f3ximos dias"},"content":{"rendered":"\n<p>A previs\u00e3o do estado do mar aponta para um agravamento excecional das condi\u00e7\u00f5es de agita\u00e7\u00e3o mar\u00edtima em toda a costa ocidental de Portugal Continental, sobretudo na regi\u00e3o a Norte do Cabo Carvoeiro, entre as 12h00 de amanh\u00e3, dia 28 de outubro, e as 12h00 de sexta-feira, dia 30 de outubro.<\/p>\n\n\n\n<p>A agita\u00e7\u00e3o mar\u00edtima ser\u00e1 caracterizada por ondula\u00e7\u00e3o proveniente do quadrante Noroeste com altura significativa entre os 4m e os 7m, podendo a altura m\u00e1xima atingir os 12 metros, com um per\u00edodo m\u00e9dio de 18 segundos.<\/p>\n\n\n\n<p>Desta forma, a Autoridade Mar\u00edtima Nacional e a Marinha refor\u00e7am a recomenda\u00e7\u00e3o, em especial \u00e0 comunidade piscat\u00f3ria e da n\u00e1utica de recreio que se encontra no mar, o eventual regresso ao porto de abrigo mais pr\u00f3ximo e a ado\u00e7\u00e3o de medidas de precau\u00e7\u00e3o.<\/p>\n\n\n\n<p>Recomenda-se o refor\u00e7o da amarra\u00e7\u00e3o e vigil\u00e2ncia apertada das embarca\u00e7\u00f5es atracadas e fundeadas, bem como evitar passeios junto ao mar, de onde se destacam os molhes de prote\u00e7\u00e3o dos portos.<\/p>\n\n\n\n<p>Aconselha-se igualmente que os mar\u00edtimos mantenham um estado de vigil\u00e2ncia permanente e o acompanhamento da evolu\u00e7\u00e3o da situa\u00e7\u00e3o meteorol\u00f3gica, dos avisos \u00e0 navega\u00e7\u00e3o e de previs\u00e3o meteorol\u00f3gica radiodifundidos pela Marinha relativos \u00e0 previs\u00e3o meteorol\u00f3gica do IPMA, bem como outras informa\u00e7\u00f5es das Capitanias sobre as condi\u00e7\u00f5es de acesso aos portos, evitando sair para o mar at\u00e9 que as condi\u00e7\u00f5es melhorem.<\/p>\n\n\n\n<p>\u00c0 popula\u00e7\u00e3o em geral que frequente as zonas costeiras, aconselha-se que se abstenham da pr\u00e1tica de passeios junto \u00e0 orla costeira e nas praias, bem como da pr\u00e1tica de atividades l\u00fadicas nas zonas expostas \u00e0 agita\u00e7\u00e3o mar\u00edtima, sendo essencial que assumam uma postura preventiva n\u00e3o se expondo desnecessariamente ao risco.<\/p>\n\n\n\n<p>Caso exista absoluta necessidade de se deslocar at\u00e9 \u00e0 orla costeira, dever\u00e1 manter uma atitude vigilante.<\/p>\n\n\n\n<p>Desaconselha-se vivamente a pesca l\u00fadica, em especial junto \u00e0s fal\u00e9sias e zonas de arriba nas frentes costeiras atingidas pela rebenta\u00e7\u00e3o das ondas, tendo sempre presente que nestas condi\u00e7\u00f5es o mar pode facilmente alcan\u00e7ar zonas aparentemente seguras.<\/p>\n","protected":false},"excerpt":{"rendered":"<p>A previs\u00e3o do estado do mar aponta para um agravamento excecional das condi\u00e7\u00f5es de agita\u00e7\u00e3o mar\u00edtima em toda a costa<\/p>\n","protected":false},"author":1,"featured_media":3033,"comment_status":"closed","ping_status":"open","sticky":false,"template":"","format":"standard","meta":{"colormag_page_container_layout":"default_layout","colormag_page_sidebar_layout":"default_layout","_monsterinsights_skip_tracking":false,"_monsterinsights_sitenote_active":false,"_monsterinsights_sitenote_note":"","_monsterinsights_sitenote_category":0,"jetpack_post_was_ever_published":false,"_jetpack_newsletter_access":"","_jetpack_dont_email_post_to_subs":false,"_jetpack_newsletter_tier_id":0,"_jetpack_memberships_contains_paywalled_content":false,"_jetpack_memberships_contains_paid_content":false,"footnotes":"","jetpack_publicize_message":"","jetpack_publicize_feature_enabled":true,"jetpack_social_post_already_shared":true,"jetpack_social_options":{"image_generator_settings":{"template":"highway","default_image_id":0,"font":"","enabled":false},"version":2}},"categories":[11,189],"tags":[62,163,98],"class_list":["post-3032","post","type-post","status-publish","format-standard","has-post-thumbnail","hentry","category-atualidade","category-nacional","tag-atualidade","tag-autoridade-maritima","tag-nacional"],"yoast_head":"<!-- This site is optimized with the Yoast SEO plugin v27.5 - https:\/\/yoast.com\/product\/yoast-seo-wordpress\/ -->\n<title>Autoridade Mar\u00edtima Nacional e Marinha alertam para o agravamento da agita\u00e7\u00e3o mar\u00edtima nos pr\u00f3ximos dias - Algarve 7<\/title>\n<meta name=\"description\" content=\"A previs\u00e3o do estado do mar aponta para um agravamento excecional das condi\u00e7\u00f5es de agita\u00e7\u00e3o mar\u00edtima em toda a costa ocidental de Portugal Continental, sobretudo na regi\u00e3o a Norte do Cabo Carvoeiro, entre as 12h00 de amanh\u00e3, dia 28 de outubro, e as 12h00 de sexta-feira, dia 30 de outubro.\" \/>\n<meta name=\"robots\" content=\"index, follow, max-snippet:-1, max-image-preview:large, max-video-preview:-1\" \/>\n<link rel=\"canonical\" href=\"https:\/\/algarve7.pt\/index.php\/2020\/10\/autoridade-maritima-nacional-e-marinha-alertam-para-o-agravamento-da-agitacao-maritima-nos-proximos-dias\/atualidade\/19\/15\/\" \/>\n<meta property=\"og:locale\" content=\"pt_PT\" \/>\n<meta property=\"og:type\" content=\"article\" \/>\n<meta property=\"og:title\" content=\"Autoridade Mar\u00edtima Nacional e Marinha alertam para o agravamento da agita\u00e7\u00e3o mar\u00edtima nos pr\u00f3ximos dias - Algarve 7\" \/>\n<meta property=\"og:description\" content=\"A previs\u00e3o do estado do mar aponta para um agravamento excecional das condi\u00e7\u00f5es de agita\u00e7\u00e3o mar\u00edtima em toda a costa ocidental de Portugal Continental, sobretudo na regi\u00e3o a Norte do Cabo Carvoeiro, entre as 12h00 de amanh\u00e3, dia 28 de outubro, e as 12h00 de sexta-feira, dia 30 de outubro.\" \/>\n<meta property=\"og:url\" content=\"https:\/\/algarve7.pt\/index.php\/2020\/10\/autoridade-maritima-nacional-e-marinha-alertam-para-o-agravamento-da-agitacao-maritima-nos-proximos-dias\/atualidade\/19\/15\/\" \/>\n<meta property=\"og:site_name\" content=\"Algarve 7\" \/>\n<meta property=\"article:publisher\" content=\"https:\/\/www.facebook.com\/algarve7\" \/>\n<meta property=\"article:author\" content=\"https:\/\/www.facebook.com\/algarve7\" \/>\n<meta property=\"article:published_time\" content=\"2020-10-27T19:15:39+00:00\" \/>\n<meta property=\"article:modified_time\" content=\"2020-10-27T19:15:40+00:00\" \/>\n<meta property=\"og:image\" content=\"https:\/\/algarve7.pt\/wp-content\/uploads\/2020\/10\/IMG_20180305_155919_BURST20mod.jpg\" \/>\n\t<meta property=\"og:image:width\" content=\"1140\" \/>\n\t<meta property=\"og:image:height\" content=\"550\" \/>\n\t<meta property=\"og:image:type\" content=\"image\/jpeg\" \/>\n<meta name=\"author\" content=\"Algarve 7\" \/>\n<meta name=\"twitter:card\" content=\"summary_large_image\" \/>\n<meta name=\"twitter:creator\" content=\"@Algarvesete\" \/>\n<meta name=\"twitter:site\" content=\"@Algarvesete\" \/>\n<meta name=\"twitter:label1\" content=\"Escrito por\" \/>\n\t<meta name=\"twitter:data1\" content=\"Algarve 7\" \/>\n\t<meta name=\"twitter:label2\" content=\"Tempo estimado de leitura\" \/>\n\t<meta name=\"twitter:data2\" content=\"2 minutos\" \/>\n<script type=\"application\/ld+json\" class=\"yoast-schema-graph\">{\"@context\":\"https:\\\/\\\/schema.org\",\"@graph\":[{\"@type\":\"Article\",\"@id\":\"https:\\\/\\\/algarve7.pt\\\/index.php\\\/2020\\\/10\\\/autoridade-maritima-nacional-e-marinha-alertam-para-o-agravamento-da-agitacao-maritima-nos-proximos-dias\\\/atualidade\\\/19\\\/15\\\/#article\",\"isPartOf\":{\"@id\":\"https:\\\/\\\/algarve7.pt\\\/index.php\\\/2020\\\/10\\\/autoridade-maritima-nacional-e-marinha-alertam-para-o-agravamento-da-agitacao-maritima-nos-proximos-dias\\\/atualidade\\\/19\\\/15\\\/\"},\"author\":{\"name\":\"Algarve 7\",\"@id\":\"https:\\\/\\\/algarve7.pt\\\/#\\\/schema\\\/person\\\/23fa70681308e7b319a3204bcea45e0c\"},\"headline\":\"Autoridade Mar\u00edtima Nacional e Marinha alertam para o agravamento da agita\u00e7\u00e3o mar\u00edtima nos pr\u00f3ximos dias\",\"datePublished\":\"2020-10-27T19:15:39+00:00\",\"dateModified\":\"2020-10-27T19:15:40+00:00\",\"mainEntityOfPage\":{\"@id\":\"https:\\\/\\\/algarve7.pt\\\/index.php\\\/2020\\\/10\\\/autoridade-maritima-nacional-e-marinha-alertam-para-o-agravamento-da-agitacao-maritima-nos-proximos-dias\\\/atualidade\\\/19\\\/15\\\/\"},\"wordCount\":376,\"publisher\":{\"@id\":\"https:\\\/\\\/algarve7.pt\\\/#organization\"},\"image\":{\"@id\":\"https:\\\/\\\/algarve7.pt\\\/index.php\\\/2020\\\/10\\\/autoridade-maritima-nacional-e-marinha-alertam-para-o-agravamento-da-agitacao-maritima-nos-proximos-dias\\\/atualidade\\\/19\\\/15\\\/#primaryimage\"},\"thumbnailUrl\":\"https:\\\/\\\/algarve7.pt\\\/wp-content\\\/uploads\\\/2020\\\/10\\\/IMG_20180305_155919_BURST20mod.jpg\",\"keywords\":[\"Atualidade\",\"Autoridade Mar\u00edtima\",\"Nacional\"],\"articleSection\":[\"Atualidade\",\"Nacional\"],\"inLanguage\":\"pt-PT\"},{\"@type\":\"WebPage\",\"@id\":\"https:\\\/\\\/algarve7.pt\\\/index.php\\\/2020\\\/10\\\/autoridade-maritima-nacional-e-marinha-alertam-para-o-agravamento-da-agitacao-maritima-nos-proximos-dias\\\/atualidade\\\/19\\\/15\\\/\",\"url\":\"https:\\\/\\\/algarve7.pt\\\/index.php\\\/2020\\\/10\\\/autoridade-maritima-nacional-e-marinha-alertam-para-o-agravamento-da-agitacao-maritima-nos-proximos-dias\\\/atualidade\\\/19\\\/15\\\/\",\"name\":\"Autoridade Mar\u00edtima Nacional e Marinha alertam para o agravamento da agita\u00e7\u00e3o mar\u00edtima nos pr\u00f3ximos dias - Algarve 7\",\"isPartOf\":{\"@id\":\"https:\\\/\\\/algarve7.pt\\\/#website\"},\"primaryImageOfPage\":{\"@id\":\"https:\\\/\\\/algarve7.pt\\\/index.php\\\/2020\\\/10\\\/autoridade-maritima-nacional-e-marinha-alertam-para-o-agravamento-da-agitacao-maritima-nos-proximos-dias\\\/atualidade\\\/19\\\/15\\\/#primaryimage\"},\"image\":{\"@id\":\"https:\\\/\\\/algarve7.pt\\\/index.php\\\/2020\\\/10\\\/autoridade-maritima-nacional-e-marinha-alertam-para-o-agravamento-da-agitacao-maritima-nos-proximos-dias\\\/atualidade\\\/19\\\/15\\\/#primaryimage\"},\"thumbnailUrl\":\"https:\\\/\\\/algarve7.pt\\\/wp-content\\\/uploads\\\/2020\\\/10\\\/IMG_20180305_155919_BURST20mod.jpg\",\"datePublished\":\"2020-10-27T19:15:39+00:00\",\"dateModified\":\"2020-10-27T19:15:40+00:00\",\"description\":\"A previs\u00e3o do estado do mar aponta para um agravamento excecional das condi\u00e7\u00f5es de agita\u00e7\u00e3o mar\u00edtima em toda a costa ocidental de Portugal Continental, sobretudo na regi\u00e3o a Norte do Cabo Carvoeiro, entre as 12h00 de amanh\u00e3, dia 28 de outubro, e as 12h00 de sexta-feira, dia 30 de outubro.\",\"breadcrumb\":{\"@id\":\"https:\\\/\\\/algarve7.pt\\\/index.php\\\/2020\\\/10\\\/autoridade-maritima-nacional-e-marinha-alertam-para-o-agravamento-da-agitacao-maritima-nos-proximos-dias\\\/atualidade\\\/19\\\/15\\\/#breadcrumb\"},\"inLanguage\":\"pt-PT\",\"potentialAction\":[{\"@type\":\"ReadAction\",\"target\":[\"https:\\\/\\\/algarve7.pt\\\/index.php\\\/2020\\\/10\\\/autoridade-maritima-nacional-e-marinha-alertam-para-o-agravamento-da-agitacao-maritima-nos-proximos-dias\\\/atualidade\\\/19\\\/15\\\/\"]}]},{\"@type\":\"ImageObject\",\"inLanguage\":\"pt-PT\",\"@id\":\"https:\\\/\\\/algarve7.pt\\\/index.php\\\/2020\\\/10\\\/autoridade-maritima-nacional-e-marinha-alertam-para-o-agravamento-da-agitacao-maritima-nos-proximos-dias\\\/atualidade\\\/19\\\/15\\\/#primaryimage\",\"url\":\"https:\\\/\\\/algarve7.pt\\\/wp-content\\\/uploads\\\/2020\\\/10\\\/IMG_20180305_155919_BURST20mod.jpg\",\"contentUrl\":\"https:\\\/\\\/algarve7.pt\\\/wp-content\\\/uploads\\\/2020\\\/10\\\/IMG_20180305_155919_BURST20mod.jpg\",\"width\":1140,\"height\":550},{\"@type\":\"BreadcrumbList\",\"@id\":\"https:\\\/\\\/algarve7.pt\\\/index.php\\\/2020\\\/10\\\/autoridade-maritima-nacional-e-marinha-alertam-para-o-agravamento-da-agitacao-maritima-nos-proximos-dias\\\/atualidade\\\/19\\\/15\\\/#breadcrumb\",\"itemListElement\":[{\"@type\":\"ListItem\",\"position\":1,\"name\":\"In\u00edcio\",\"item\":\"https:\\\/\\\/algarve7.pt\\\/\"},{\"@type\":\"ListItem\",\"position\":2,\"name\":\"Autoridade Mar\u00edtima Nacional e Marinha alertam para o agravamento da agita\u00e7\u00e3o mar\u00edtima nos pr\u00f3ximos dias\"}]},{\"@type\":\"WebSite\",\"@id\":\"https:\\\/\\\/algarve7.pt\\\/#website\",\"url\":\"https:\\\/\\\/algarve7.pt\\\/\",\"name\":\"Algarve 7\",\"description\":\"Informa\u00e7\u00e3o sobre o Algarve\",\"publisher\":{\"@id\":\"https:\\\/\\\/algarve7.pt\\\/#organization\"},\"potentialAction\":[{\"@type\":\"SearchAction\",\"target\":{\"@type\":\"EntryPoint\",\"urlTemplate\":\"https:\\\/\\\/algarve7.pt\\\/?s={search_term_string}\"},\"query-input\":{\"@type\":\"PropertyValueSpecification\",\"valueRequired\":true,\"valueName\":\"search_term_string\"}}],\"inLanguage\":\"pt-PT\"},{\"@type\":\"Organization\",\"@id\":\"https:\\\/\\\/algarve7.pt\\\/#organization\",\"name\":\"Algarve 7\",\"url\":\"https:\\\/\\\/algarve7.pt\\\/\",\"logo\":{\"@type\":\"ImageObject\",\"inLanguage\":\"pt-PT\",\"@id\":\"https:\\\/\\\/algarve7.pt\\\/#\\\/schema\\\/logo\\\/image\\\/\",\"url\":\"https:\\\/\\\/algarve7.pt\\\/wp-content\\\/uploads\\\/2020\\\/10\\\/Logo-8.jpg\",\"contentUrl\":\"https:\\\/\\\/algarve7.pt\\\/wp-content\\\/uploads\\\/2020\\\/10\\\/Logo-8.jpg\",\"width\":1680,\"height\":1186,\"caption\":\"Algarve 7\"},\"image\":{\"@id\":\"https:\\\/\\\/algarve7.pt\\\/#\\\/schema\\\/logo\\\/image\\\/\"},\"sameAs\":[\"https:\\\/\\\/www.facebook.com\\\/algarve7\",\"https:\\\/\\\/x.com\\\/Algarvesete\",\"https:\\\/\\\/www.instagram.com\\\/jornalalgarve7\\\/\",\"https:\\\/\\\/www.linkedin.com\\\/company\\\/algarve7\",\"https:\\\/\\\/www.pinterest.pt\\\/geral0939\\\/_created\\\/\"]},{\"@type\":\"Person\",\"@id\":\"https:\\\/\\\/algarve7.pt\\\/#\\\/schema\\\/person\\\/23fa70681308e7b319a3204bcea45e0c\",\"name\":\"Algarve 7\",\"sameAs\":[\"https:\\\/\\\/algarve7.pt\",\"https:\\\/\\\/www.facebook.com\\\/algarve7\"],\"url\":\"https:\\\/\\\/algarve7.pt\\\/index.php\\\/author\\\/geralalgarve7-pt\\\/\"}]}<\/script>\n<!-- \/ Yoast SEO plugin. -->","yoast_head_json":{"title":"Autoridade Mar\u00edtima Nacional e Marinha alertam para o agravamento da agita\u00e7\u00e3o mar\u00edtima nos pr\u00f3ximos dias - Algarve 7","description":"A previs\u00e3o do estado do mar aponta para um agravamento excecional das condi\u00e7\u00f5es de agita\u00e7\u00e3o mar\u00edtima em toda a costa ocidental de Portugal Continental, sobretudo na regi\u00e3o a Norte do Cabo Carvoeiro, entre as 12h00 de amanh\u00e3, dia 28 de outubro, e as 12h00 de sexta-feira, dia 30 de outubro.","robots":{"index":"index","follow":"follow","max-snippet":"max-snippet:-1","max-image-preview":"max-image-preview:large","max-video-preview":"max-video-preview:-1"},"canonical":"https:\/\/algarve7.pt\/index.php\/2020\/10\/autoridade-maritima-nacional-e-marinha-alertam-para-o-agravamento-da-agitacao-maritima-nos-proximos-dias\/atualidade\/19\/15\/","og_locale":"pt_PT","og_type":"article","og_title":"Autoridade Mar\u00edtima Nacional e Marinha alertam para o agravamento da agita\u00e7\u00e3o mar\u00edtima nos pr\u00f3ximos dias - Algarve 7","og_description":"A previs\u00e3o do estado do mar aponta para um agravamento excecional das condi\u00e7\u00f5es de agita\u00e7\u00e3o mar\u00edtima em toda a costa ocidental de Portugal Continental, sobretudo na regi\u00e3o a Norte do Cabo Carvoeiro, entre as 12h00 de amanh\u00e3, dia 28 de outubro, e as 12h00 de sexta-feira, dia 30 de outubro.","og_url":"https:\/\/algarve7.pt\/index.php\/2020\/10\/autoridade-maritima-nacional-e-marinha-alertam-para-o-agravamento-da-agitacao-maritima-nos-proximos-dias\/atualidade\/19\/15\/","og_site_name":"Algarve 7","article_publisher":"https:\/\/www.facebook.com\/algarve7","article_author":"https:\/\/www.facebook.com\/algarve7","article_published_time":"2020-10-27T19:15:39+00:00","article_modified_time":"2020-10-27T19:15:40+00:00","og_image":[{"width":1140,"height":550,"url":"https:\/\/algarve7.pt\/wp-content\/uploads\/2020\/10\/IMG_20180305_155919_BURST20mod.jpg","type":"image\/jpeg"}],"author":"Algarve 7","twitter_card":"summary_large_image","twitter_creator":"@Algarvesete","twitter_site":"@Algarvesete","twitter_misc":{"Escrito por":"Algarve 7","Tempo estimado de leitura":"2 minutos"},"schema":{"@context":"https:\/\/schema.org","@graph":[{"@type":"Article","@id":"https:\/\/algarve7.pt\/index.php\/2020\/10\/autoridade-maritima-nacional-e-marinha-alertam-para-o-agravamento-da-agitacao-maritima-nos-proximos-dias\/atualidade\/19\/15\/#article","isPartOf":{"@id":"https:\/\/algarve7.pt\/index.php\/2020\/10\/autoridade-maritima-nacional-e-marinha-alertam-para-o-agravamento-da-agitacao-maritima-nos-proximos-dias\/atualidade\/19\/15\/"},"author":{"name":"Algarve 7","@id":"https:\/\/algarve7.pt\/#\/schema\/person\/23fa70681308e7b319a3204bcea45e0c"},"headline":"Autoridade Mar\u00edtima Nacional e Marinha alertam para o agravamento da agita\u00e7\u00e3o mar\u00edtima nos pr\u00f3ximos dias","datePublished":"2020-10-27T19:15:39+00:00","dateModified":"2020-10-27T19:15:40+00:00","mainEntityOfPage":{"@id":"https:\/\/algarve7.pt\/index.php\/2020\/10\/autoridade-maritima-nacional-e-marinha-alertam-para-o-agravamento-da-agitacao-maritima-nos-proximos-dias\/atualidade\/19\/15\/"},"wordCount":376,"publisher":{"@id":"https:\/\/algarve7.pt\/#organization"},"image":{"@id":"https:\/\/algarve7.pt\/index.php\/2020\/10\/autoridade-maritima-nacional-e-marinha-alertam-para-o-agravamento-da-agitacao-maritima-nos-proximos-dias\/atualidade\/19\/15\/#primaryimage"},"thumbnailUrl":"https:\/\/algarve7.pt\/wp-content\/uploads\/2020\/10\/IMG_20180305_155919_BURST20mod.jpg","keywords":["Atualidade","Autoridade Mar\u00edtima","Nacional"],"articleSection":["Atualidade","Nacional"],"inLanguage":"pt-PT"},{"@type":"WebPage","@id":"https:\/\/algarve7.pt\/index.php\/2020\/10\/autoridade-maritima-nacional-e-marinha-alertam-para-o-agravamento-da-agitacao-maritima-nos-proximos-dias\/atualidade\/19\/15\/","url":"https:\/\/algarve7.pt\/index.php\/2020\/10\/autoridade-maritima-nacional-e-marinha-alertam-para-o-agravamento-da-agitacao-maritima-nos-proximos-dias\/atualidade\/19\/15\/","name":"Autoridade Mar\u00edtima Nacional e Marinha alertam para o agravamento da agita\u00e7\u00e3o mar\u00edtima nos pr\u00f3ximos dias - Algarve 7","isPartOf":{"@id":"https:\/\/algarve7.pt\/#website"},"primaryImageOfPage":{"@id":"https:\/\/algarve7.pt\/index.php\/2020\/10\/autoridade-maritima-nacional-e-marinha-alertam-para-o-agravamento-da-agitacao-maritima-nos-proximos-dias\/atualidade\/19\/15\/#primaryimage"},"image":{"@id":"https:\/\/algarve7.pt\/index.php\/2020\/10\/autoridade-maritima-nacional-e-marinha-alertam-para-o-agravamento-da-agitacao-maritima-nos-proximos-dias\/atualidade\/19\/15\/#primaryimage"},"thumbnailUrl":"https:\/\/algarve7.pt\/wp-content\/uploads\/2020\/10\/IMG_20180305_155919_BURST20mod.jpg","datePublished":"2020-10-27T19:15:39+00:00","dateModified":"2020-10-27T19:15:40+00:00","description":"A previs\u00e3o do estado do mar aponta para um agravamento excecional das condi\u00e7\u00f5es de agita\u00e7\u00e3o mar\u00edtima em toda a costa ocidental de Portugal Continental, sobretudo na regi\u00e3o a Norte do Cabo Carvoeiro, entre as 12h00 de amanh\u00e3, dia 28 de outubro, e as 12h00 de sexta-feira, dia 30 de outubro.","breadcrumb":{"@id":"https:\/\/algarve7.pt\/index.php\/2020\/10\/autoridade-maritima-nacional-e-marinha-alertam-para-o-agravamento-da-agitacao-maritima-nos-proximos-dias\/atualidade\/19\/15\/#breadcrumb"},"inLanguage":"pt-PT","potentialAction":[{"@type":"ReadAction","target":["https:\/\/algarve7.pt\/index.php\/2020\/10\/autoridade-maritima-nacional-e-marinha-alertam-para-o-agravamento-da-agitacao-maritima-nos-proximos-dias\/atualidade\/19\/15\/"]}]},{"@type":"ImageObject","inLanguage":"pt-PT","@id":"https:\/\/algarve7.pt\/index.php\/2020\/10\/autoridade-maritima-nacional-e-marinha-alertam-para-o-agravamento-da-agitacao-maritima-nos-proximos-dias\/atualidade\/19\/15\/#primaryimage","url":"https:\/\/algarve7.pt\/wp-content\/uploads\/2020\/10\/IMG_20180305_155919_BURST20mod.jpg","contentUrl":"https:\/\/algarve7.pt\/wp-content\/uploads\/2020\/10\/IMG_20180305_155919_BURST20mod.jpg","width":1140,"height":550},{"@type":"BreadcrumbList","@id":"https:\/\/algarve7.pt\/index.php\/2020\/10\/autoridade-maritima-nacional-e-marinha-alertam-para-o-agravamento-da-agitacao-maritima-nos-proximos-dias\/atualidade\/19\/15\/#breadcrumb","itemListElement":[{"@type":"ListItem","position":1,"name":"In\u00edcio","item":"https:\/\/algarve7.pt\/"},{"@type":"ListItem","position":2,"name":"Autoridade Mar\u00edtima Nacional e Marinha alertam para o agravamento da agita\u00e7\u00e3o mar\u00edtima nos pr\u00f3ximos dias"}]},{"@type":"WebSite","@id":"https:\/\/algarve7.pt\/#website","url":"https:\/\/algarve7.pt\/","name":"Algarve 7","description":"Informa\u00e7\u00e3o sobre o Algarve","publisher":{"@id":"https:\/\/algarve7.pt\/#organization"},"potentialAction":[{"@type":"SearchAction","target":{"@type":"EntryPoint","urlTemplate":"https:\/\/algarve7.pt\/?s={search_term_string}"},"query-input":{"@type":"PropertyValueSpecification","valueRequired":true,"valueName":"search_term_string"}}],"inLanguage":"pt-PT"},{"@type":"Organization","@id":"https:\/\/algarve7.pt\/#organization","name":"Algarve 7","url":"https:\/\/algarve7.pt\/","logo":{"@type":"ImageObject","inLanguage":"pt-PT","@id":"https:\/\/algarve7.pt\/#\/schema\/logo\/image\/","url":"https:\/\/algarve7.pt\/wp-content\/uploads\/2020\/10\/Logo-8.jpg","contentUrl":"https:\/\/algarve7.pt\/wp-content\/uploads\/2020\/10\/Logo-8.jpg","width":1680,"height":1186,"caption":"Algarve 7"},"image":{"@id":"https:\/\/algarve7.pt\/#\/schema\/logo\/image\/"},"sameAs":["https:\/\/www.facebook.com\/algarve7","https:\/\/x.com\/Algarvesete","https:\/\/www.instagram.com\/jornalalgarve7\/","https:\/\/www.linkedin.com\/company\/algarve7","https:\/\/www.pinterest.pt\/geral0939\/_created\/"]},{"@type":"Person","@id":"https:\/\/algarve7.pt\/#\/schema\/person\/23fa70681308e7b319a3204bcea45e0c","name":"Algarve 7","sameAs":["https:\/\/algarve7.pt","https:\/\/www.facebook.com\/algarve7"],"url":"https:\/\/algarve7.pt\/index.php\/author\/geralalgarve7-pt\/"}]}},"jetpack_publicize_connections":[],"jetpack_featured_media_url":"https:\/\/algarve7.pt\/wp-content\/uploads\/2020\/10\/IMG_20180305_155919_BURST20mod.jpg","jetpack_shortlink":"https:\/\/wp.me\/pcezmW-MU","jetpack_sharing_enabled":true,"_links":{"self":[{"href":"https:\/\/algarve7.pt\/index.php\/wp-json\/wp\/v2\/posts\/3032","targetHints":{"allow":["GET"]}}],"collection":[{"href":"https:\/\/algarve7.pt\/index.php\/wp-json\/wp\/v2\/posts"}],"about":[{"href":"https:\/\/algarve7.pt\/index.php\/wp-json\/wp\/v2\/types\/post"}],"author":[{"embeddable":true,"href":"https:\/\/algarve7.pt\/index.php\/wp-json\/wp\/v2\/users\/1"}],"replies":[{"embeddable":true,"href":"https:\/\/algarve7.pt\/index.php\/wp-json\/wp\/v2\/comments?post=3032"}],"version-history":[{"count":0,"href":"https:\/\/algarve7.pt\/index.php\/wp-json\/wp\/v2\/posts\/3032\/revisions"}],"wp:featuredmedia":[{"embeddable":true,"href":"https:\/\/algarve7.pt\/index.php\/wp-json\/wp\/v2\/media\/3033"}],"wp:attachment":[{"href":"https:\/\/algarve7.pt\/index.php\/wp-json\/wp\/v2\/media?parent=3032"}],"wp:term":[{"taxonomy":"category","embeddable":true,"href":"https:\/\/algarve7.pt\/index.php\/wp-json\/wp\/v2\/categories?post=3032"},{"taxonomy":"post_tag","embeddable":true,"href":"https:\/\/algarve7.pt\/index.php\/wp-json\/wp\/v2\/tags?post=3032"}],"curies":[{"name":"wp","href":"https:\/\/api.w.org\/{rel}","templated":true}]}}