{"id":30280,"date":"2023-08-21T16:29:09","date_gmt":"2023-08-21T15:29:09","guid":{"rendered":"https:\/\/algarve7.pt\/?p=30280"},"modified":"2023-08-21T16:29:26","modified_gmt":"2023-08-21T15:29:26","slug":"inauguracao-de-estrutura-social-de-apoio-a-infancia-e-terceira-idade-dos-olhos-de-agua","status":"publish","type":"post","link":"https:\/\/algarve7.pt\/index.php\/2023\/08\/inauguracao-de-estrutura-social-de-apoio-a-infancia-e-terceira-idade-dos-olhos-de-agua\/atualidade\/16\/29\/","title":{"rendered":"Inaugura\u00e7\u00e3o de estrutura social de apoio \u00e0 inf\u00e2ncia e terceira idade dos Olhos de \u00c1gua"},"content":{"rendered":"\n<p>Ontem ao final da tarde foi inaugurado a Estrutura Residencial para Pessoas Idosas, Centro de Dia, Servi\u00e7o de Apoio Domicili\u00e1rio e Creche de Olhos de \u00c1gua, contou com numerosa popula\u00e7\u00e3o, que passa a ter j\u00e1 a partir do dia 1 de setembro uma nova creche em funcionamento. A Creche tem capacidade para 46 crian\u00e7as, enquanto as restantes val\u00eancias podem acolher um total de 132 utentes: 57 idosos (ERPI), 35 idosos (em Centro de Dia), mais 40 utentes do Servi\u00e7o de Apoio Domicili\u00e1rio. A gest\u00e3o do espa\u00e7o, cuja primeira pedra foi lan\u00e7ada a 28 de maio de 2020, fica a cargo da Santa Casa da Miseric\u00f3rdia, entidade com qual o Munic\u00edpio assinou um protocolo para o efeito logo ap\u00f3s a b\u00ean\u00e7\u00e3o das instala\u00e7\u00f5es pelo p\u00e1roco de Albufeira e Olhos de \u00c1gua, o Pe. Fl\u00e1vio Martins. Refira-se que apenas a Creche vai funcionar j\u00e1 em setembro, com vista a colmatar as necessidades mais prementes, sendo que as restantes val\u00eancias prev\u00ea-se que abram a partir de Janeiro, uma vez que ainda falta assinar o Acordo de Coopera\u00e7\u00e3o com a Seguran\u00e7a Social. Trata-se de um investimento do Munic\u00edpio de cerca de cinco milh\u00f5es e oitocentos mil euros, dos quais cerca de um milh\u00e3o e meio foi comparticipado por fundos comunit\u00e1rios (CRESC Algarve 2020, Portugal 2020 e Uni\u00e3o Europeia atrav\u00e9s do FEDER). Com uma volumetria de 3.880,72 metros quadrados, distribu\u00eddos por duas \u00e1reas distintas: uma destinada exclusivamente a Creche e outra ao Centro de Dia e Estrutura Residencial para Idosos (ERPI), ambas com entradas independentes, esta estrutura disp\u00f5e ainda de uma \u00e1rea de 1350 metros quadrados de \u00e1rea exterior, onde constam uma horta biol\u00f3gica, parques infantis e jardins de repouso. O projeto foi elaborado por Marco Caldeira e a constru\u00e7\u00e3o ficou a cargo da empresa Telhabel \u2013 constru\u00e7\u00f5es SA.<\/p>\n\n\n\n<p>O presidente da C\u00e2mara Municipal de Albufeira mostrou-se muito satisfeito com esta nova obra social, lamentando a demora e a burocracia existentes, que impedem uma resposta mais c\u00e9lebre \u00e0s necessidades sentidas pelos cidad\u00e3os. Jos\u00e9 Carlos Rolo referiu que Albufeira \u00e9 um concelho em constante rejuvenescimento, com crescimento significativo da popula\u00e7\u00e3o, o que leva ao aumento das necessidades de equipamentos deste tipo, nomeadamente no que se refere a creches, jardins-de-inf\u00e2ncia, escolas, resid\u00eancias para idosos e apoio domicili\u00e1rio, uma vertente extremamente importante\u201d. A Inaugura\u00e7\u00e3o deste equipamento social que junta as val\u00eancias de Estrutura Residencial para Idosos, Centro de Dia, Servi\u00e7o de Apoio Domicili\u00e1rio e Creche \u00e9 uma mais-valia para o concelho, destaca. O autarca sublinha que estes equipamentos s\u00e3o muito necess\u00e1rios em todas as freguesias, pelo que \u201cdentro em breve vamos ter mais um equipamento em Fontainhas e temos, tamb\u00e9m, em curso outro equipamento semelhante, neste momento em fase de projeto, de forma a minimizar as necessidades crescentes de equipamentos na \u00e1rea social\u201d. Jos\u00e9 Carlos Rolo concluiu a sua interven\u00e7\u00e3o referindo que \u201co foco de tudo isto est\u00e1, naturalmente, nas pessoas\u201d.<\/p>\n\n\n\n<p>No uso da palavra, a provedora da Santa Casa da Miseric\u00f3rdia fez notar que n\u00e3o obstante da sua grande satisfa\u00e7\u00e3o, novos desafios carecem de resposta. A conjuntura demogr\u00e1fica exige mais camas para resid\u00eancia de seniores, urge uma maior resposta para o descanso do cuidador, pelo que n\u00e3o desistir\u00e1 de ter \u201cum Centro de Noite\u201d, bem como de carrinhas de transporte suficientes e adaptadas e outros recursos, nomeadamente tecnol\u00f3gicos. Um dos problemas que Patr\u00edcia Seromenho apontou foi o da falta de recursos humanos, pelo que procura ainda duas educadoras de inf\u00e2ncia, bem como de trabalhadores para a \u00e1rea dos idosos. Para o efeito, espera poder contratar e dar forma\u00e7\u00e3o a novos recursos humanos, na medida em que \u201capesar de a equipa estar quase conclu\u00edda\u201d, o seu objetivo de \u201cretardar o envelhecimento e reabilitar a sa\u00fade\u201d traz novas exig\u00eancias.<\/p>\n\n\n\n<p>A acompanhar as cerim\u00f3nias da manh\u00e3 e da tarde, esteve Jos\u00e9 Apolin\u00e1rio, presidente da CCDR Algarve, que disse estar muito satisfeito com a forma como Albufeira utilizou os fundos comunit\u00e1rios, na medida em que se trata de \u201cum projeto com dimens\u00e3o de proximidade, perto dos cidad\u00e3os\u201d. Salientou ainda que Albufeira aumentou um por cento a sua popula\u00e7\u00e3o nos \u00faltimos dois anos. \u201cParab\u00e9ns pela magnitude e qualidade desta obra, que \u00e9 seguramente um bom investimento comunit\u00e1rio\u201d. Entre outros, marcaram presen\u00e7a nesta inaugura\u00e7\u00e3o a diretora do Centro Distrital da Seguran\u00e7a Social de Faro, Margarida Flores, bem como o Vice-Presidente da Uni\u00e3o das Miseric\u00f3rdias Portuguesas, Caldas de Almeida, entre outras personalidades.<\/p>\n","protected":false},"excerpt":{"rendered":"<p>Ontem ao final da tarde foi inaugurado a Estrutura Residencial para Pessoas Idosas, Centro de Dia, Servi\u00e7o de Apoio Domicili\u00e1rio<\/p>\n","protected":false},"author":1,"featured_media":30281,"comment_status":"closed","ping_status":"open","sticky":false,"template":"","format":"standard","meta":{"colormag_page_container_layout":"default_layout","colormag_page_sidebar_layout":"default_layout","_monsterinsights_skip_tracking":false,"_monsterinsights_sitenote_active":false,"_monsterinsights_sitenote_note":"","_monsterinsights_sitenote_category":0,"jetpack_post_was_ever_published":false,"_jetpack_newsletter_access":"","_jetpack_dont_email_post_to_subs":false,"_jetpack_newsletter_tier_id":0,"_jetpack_memberships_contains_paywalled_content":false,"_jetpack_memberships_contains_paid_content":false,"footnotes":"","jetpack_publicize_message":"","jetpack_publicize_feature_enabled":true,"jetpack_social_post_already_shared":true,"jetpack_social_options":{"image_generator_settings":{"template":"highway","default_image_id":0,"font":"","enabled":false},"version":2}},"categories":[11],"tags":[155,36,62,85],"class_list":["post-30280","post","type-post","status-publish","format-standard","has-post-thumbnail","hentry","category-atualidade","tag-albufeira","tag-algarve","tag-atualidade","tag-inauguracao"],"yoast_head":"<!-- This site is optimized with the Yoast SEO plugin v27.5 - https:\/\/yoast.com\/product\/yoast-seo-wordpress\/ -->\n<title>Inaugura\u00e7\u00e3o de estrutura social de apoio \u00e0 inf\u00e2ncia e terceira idade dos Olhos de \u00c1gua - Algarve 7<\/title>\n<meta name=\"description\" content=\"Inaugura\u00e7\u00e3o de estrutura social de apoio \u00e0 inf\u00e2ncia e terceira idade dos Olhos de \u00c1gua Atualidade\" \/>\n<meta name=\"robots\" content=\"index, follow, max-snippet:-1, max-image-preview:large, max-video-preview:-1\" \/>\n<link rel=\"canonical\" href=\"https:\/\/algarve7.pt\/index.php\/2023\/08\/inauguracao-de-estrutura-social-de-apoio-a-infancia-e-terceira-idade-dos-olhos-de-agua\/atualidade\/16\/29\/\" \/>\n<meta property=\"og:locale\" content=\"pt_PT\" \/>\n<meta property=\"og:type\" content=\"article\" \/>\n<meta property=\"og:title\" content=\"Inaugura\u00e7\u00e3o de estrutura social de apoio \u00e0 inf\u00e2ncia e terceira idade dos Olhos de \u00c1gua - Algarve 7\" \/>\n<meta property=\"og:description\" content=\"Inaugura\u00e7\u00e3o de estrutura social de apoio \u00e0 inf\u00e2ncia e terceira idade dos Olhos de \u00c1gua Atualidade\" \/>\n<meta property=\"og:url\" content=\"https:\/\/algarve7.pt\/index.php\/2023\/08\/inauguracao-de-estrutura-social-de-apoio-a-infancia-e-terceira-idade-dos-olhos-de-agua\/atualidade\/16\/29\/\" \/>\n<meta property=\"og:site_name\" content=\"Algarve 7\" \/>\n<meta property=\"article:publisher\" content=\"https:\/\/www.facebook.com\/algarve7\" \/>\n<meta property=\"article:author\" content=\"https:\/\/www.facebook.com\/algarve7\" \/>\n<meta property=\"article:published_time\" content=\"2023-08-21T15:29:09+00:00\" \/>\n<meta property=\"article:modified_time\" content=\"2023-08-21T15:29:26+00:00\" \/>\n<meta property=\"og:image\" content=\"https:\/\/algarve7.pt\/wp-content\/uploads\/2023\/08\/Inauguracao-ERPI-Olhos-de-Agua-20-08-2023-12.jpg\" \/>\n\t<meta property=\"og:image:width\" content=\"1500\" \/>\n\t<meta property=\"og:image:height\" content=\"1000\" \/>\n\t<meta property=\"og:image:type\" content=\"image\/jpeg\" \/>\n<meta name=\"author\" content=\"Algarve 7\" \/>\n<meta name=\"twitter:card\" content=\"summary_large_image\" \/>\n<meta name=\"twitter:creator\" content=\"@Algarvesete\" \/>\n<meta name=\"twitter:site\" content=\"@Algarvesete\" \/>\n<meta name=\"twitter:label1\" content=\"Escrito por\" \/>\n\t<meta name=\"twitter:data1\" content=\"Algarve 7\" \/>\n\t<meta name=\"twitter:label2\" content=\"Tempo estimado de leitura\" \/>\n\t<meta name=\"twitter:data2\" content=\"4 minutos\" \/>\n<script type=\"application\/ld+json\" class=\"yoast-schema-graph\">{\"@context\":\"https:\\\/\\\/schema.org\",\"@graph\":[{\"@type\":\"Article\",\"@id\":\"https:\\\/\\\/algarve7.pt\\\/index.php\\\/2023\\\/08\\\/inauguracao-de-estrutura-social-de-apoio-a-infancia-e-terceira-idade-dos-olhos-de-agua\\\/atualidade\\\/16\\\/29\\\/#article\",\"isPartOf\":{\"@id\":\"https:\\\/\\\/algarve7.pt\\\/index.php\\\/2023\\\/08\\\/inauguracao-de-estrutura-social-de-apoio-a-infancia-e-terceira-idade-dos-olhos-de-agua\\\/atualidade\\\/16\\\/29\\\/\"},\"author\":{\"name\":\"Algarve 7\",\"@id\":\"https:\\\/\\\/algarve7.pt\\\/#\\\/schema\\\/person\\\/23fa70681308e7b319a3204bcea45e0c\"},\"headline\":\"Inaugura\u00e7\u00e3o de estrutura social de apoio \u00e0 inf\u00e2ncia e terceira idade dos Olhos de \u00c1gua\",\"datePublished\":\"2023-08-21T15:29:09+00:00\",\"dateModified\":\"2023-08-21T15:29:26+00:00\",\"mainEntityOfPage\":{\"@id\":\"https:\\\/\\\/algarve7.pt\\\/index.php\\\/2023\\\/08\\\/inauguracao-de-estrutura-social-de-apoio-a-infancia-e-terceira-idade-dos-olhos-de-agua\\\/atualidade\\\/16\\\/29\\\/\"},\"wordCount\":792,\"publisher\":{\"@id\":\"https:\\\/\\\/algarve7.pt\\\/#organization\"},\"image\":{\"@id\":\"https:\\\/\\\/algarve7.pt\\\/index.php\\\/2023\\\/08\\\/inauguracao-de-estrutura-social-de-apoio-a-infancia-e-terceira-idade-dos-olhos-de-agua\\\/atualidade\\\/16\\\/29\\\/#primaryimage\"},\"thumbnailUrl\":\"https:\\\/\\\/algarve7.pt\\\/wp-content\\\/uploads\\\/2023\\\/08\\\/Inauguracao-ERPI-Olhos-de-Agua-20-08-2023-12.jpg\",\"keywords\":[\"Albufeira\",\"Algarve\",\"Atualidade\",\"Inaugura\u00e7\u00e3o\"],\"articleSection\":[\"Atualidade\"],\"inLanguage\":\"pt-PT\"},{\"@type\":\"WebPage\",\"@id\":\"https:\\\/\\\/algarve7.pt\\\/index.php\\\/2023\\\/08\\\/inauguracao-de-estrutura-social-de-apoio-a-infancia-e-terceira-idade-dos-olhos-de-agua\\\/atualidade\\\/16\\\/29\\\/\",\"url\":\"https:\\\/\\\/algarve7.pt\\\/index.php\\\/2023\\\/08\\\/inauguracao-de-estrutura-social-de-apoio-a-infancia-e-terceira-idade-dos-olhos-de-agua\\\/atualidade\\\/16\\\/29\\\/\",\"name\":\"Inaugura\u00e7\u00e3o de estrutura social de apoio \u00e0 inf\u00e2ncia e terceira idade dos Olhos de \u00c1gua - Algarve 7\",\"isPartOf\":{\"@id\":\"https:\\\/\\\/algarve7.pt\\\/#website\"},\"primaryImageOfPage\":{\"@id\":\"https:\\\/\\\/algarve7.pt\\\/index.php\\\/2023\\\/08\\\/inauguracao-de-estrutura-social-de-apoio-a-infancia-e-terceira-idade-dos-olhos-de-agua\\\/atualidade\\\/16\\\/29\\\/#primaryimage\"},\"image\":{\"@id\":\"https:\\\/\\\/algarve7.pt\\\/index.php\\\/2023\\\/08\\\/inauguracao-de-estrutura-social-de-apoio-a-infancia-e-terceira-idade-dos-olhos-de-agua\\\/atualidade\\\/16\\\/29\\\/#primaryimage\"},\"thumbnailUrl\":\"https:\\\/\\\/algarve7.pt\\\/wp-content\\\/uploads\\\/2023\\\/08\\\/Inauguracao-ERPI-Olhos-de-Agua-20-08-2023-12.jpg\",\"datePublished\":\"2023-08-21T15:29:09+00:00\",\"dateModified\":\"2023-08-21T15:29:26+00:00\",\"description\":\"Inaugura\u00e7\u00e3o de estrutura social de apoio \u00e0 inf\u00e2ncia e terceira idade dos Olhos de \u00c1gua Atualidade\",\"breadcrumb\":{\"@id\":\"https:\\\/\\\/algarve7.pt\\\/index.php\\\/2023\\\/08\\\/inauguracao-de-estrutura-social-de-apoio-a-infancia-e-terceira-idade-dos-olhos-de-agua\\\/atualidade\\\/16\\\/29\\\/#breadcrumb\"},\"inLanguage\":\"pt-PT\",\"potentialAction\":[{\"@type\":\"ReadAction\",\"target\":[\"https:\\\/\\\/algarve7.pt\\\/index.php\\\/2023\\\/08\\\/inauguracao-de-estrutura-social-de-apoio-a-infancia-e-terceira-idade-dos-olhos-de-agua\\\/atualidade\\\/16\\\/29\\\/\"]}]},{\"@type\":\"ImageObject\",\"inLanguage\":\"pt-PT\",\"@id\":\"https:\\\/\\\/algarve7.pt\\\/index.php\\\/2023\\\/08\\\/inauguracao-de-estrutura-social-de-apoio-a-infancia-e-terceira-idade-dos-olhos-de-agua\\\/atualidade\\\/16\\\/29\\\/#primaryimage\",\"url\":\"https:\\\/\\\/algarve7.pt\\\/wp-content\\\/uploads\\\/2023\\\/08\\\/Inauguracao-ERPI-Olhos-de-Agua-20-08-2023-12.jpg\",\"contentUrl\":\"https:\\\/\\\/algarve7.pt\\\/wp-content\\\/uploads\\\/2023\\\/08\\\/Inauguracao-ERPI-Olhos-de-Agua-20-08-2023-12.jpg\",\"width\":1500,\"height\":1000,\"caption\":\"Foto: Jorge Gomes - Click Time Photo\u00ae\u00a9\"},{\"@type\":\"BreadcrumbList\",\"@id\":\"https:\\\/\\\/algarve7.pt\\\/index.php\\\/2023\\\/08\\\/inauguracao-de-estrutura-social-de-apoio-a-infancia-e-terceira-idade-dos-olhos-de-agua\\\/atualidade\\\/16\\\/29\\\/#breadcrumb\",\"itemListElement\":[{\"@type\":\"ListItem\",\"position\":1,\"name\":\"In\u00edcio\",\"item\":\"https:\\\/\\\/algarve7.pt\\\/\"},{\"@type\":\"ListItem\",\"position\":2,\"name\":\"Inaugura\u00e7\u00e3o de estrutura social de apoio \u00e0 inf\u00e2ncia e terceira idade dos Olhos de \u00c1gua\"}]},{\"@type\":\"WebSite\",\"@id\":\"https:\\\/\\\/algarve7.pt\\\/#website\",\"url\":\"https:\\\/\\\/algarve7.pt\\\/\",\"name\":\"Algarve 7\",\"description\":\"Informa\u00e7\u00e3o sobre o Algarve\",\"publisher\":{\"@id\":\"https:\\\/\\\/algarve7.pt\\\/#organization\"},\"potentialAction\":[{\"@type\":\"SearchAction\",\"target\":{\"@type\":\"EntryPoint\",\"urlTemplate\":\"https:\\\/\\\/algarve7.pt\\\/?s={search_term_string}\"},\"query-input\":{\"@type\":\"PropertyValueSpecification\",\"valueRequired\":true,\"valueName\":\"search_term_string\"}}],\"inLanguage\":\"pt-PT\"},{\"@type\":\"Organization\",\"@id\":\"https:\\\/\\\/algarve7.pt\\\/#organization\",\"name\":\"Algarve 7\",\"url\":\"https:\\\/\\\/algarve7.pt\\\/\",\"logo\":{\"@type\":\"ImageObject\",\"inLanguage\":\"pt-PT\",\"@id\":\"https:\\\/\\\/algarve7.pt\\\/#\\\/schema\\\/logo\\\/image\\\/\",\"url\":\"https:\\\/\\\/algarve7.pt\\\/wp-content\\\/uploads\\\/2020\\\/10\\\/Logo-8.jpg\",\"contentUrl\":\"https:\\\/\\\/algarve7.pt\\\/wp-content\\\/uploads\\\/2020\\\/10\\\/Logo-8.jpg\",\"width\":1680,\"height\":1186,\"caption\":\"Algarve 7\"},\"image\":{\"@id\":\"https:\\\/\\\/algarve7.pt\\\/#\\\/schema\\\/logo\\\/image\\\/\"},\"sameAs\":[\"https:\\\/\\\/www.facebook.com\\\/algarve7\",\"https:\\\/\\\/x.com\\\/Algarvesete\",\"https:\\\/\\\/www.instagram.com\\\/jornalalgarve7\\\/\",\"https:\\\/\\\/www.linkedin.com\\\/company\\\/algarve7\",\"https:\\\/\\\/www.pinterest.pt\\\/geral0939\\\/_created\\\/\"]},{\"@type\":\"Person\",\"@id\":\"https:\\\/\\\/algarve7.pt\\\/#\\\/schema\\\/person\\\/23fa70681308e7b319a3204bcea45e0c\",\"name\":\"Algarve 7\",\"sameAs\":[\"https:\\\/\\\/algarve7.pt\",\"https:\\\/\\\/www.facebook.com\\\/algarve7\"],\"url\":\"https:\\\/\\\/algarve7.pt\\\/index.php\\\/author\\\/geralalgarve7-pt\\\/\"}]}<\/script>\n<!-- \/ Yoast SEO plugin. -->","yoast_head_json":{"title":"Inaugura\u00e7\u00e3o de estrutura social de apoio \u00e0 inf\u00e2ncia e terceira idade dos Olhos de \u00c1gua - Algarve 7","description":"Inaugura\u00e7\u00e3o de estrutura social de apoio \u00e0 inf\u00e2ncia e terceira idade dos Olhos de \u00c1gua Atualidade","robots":{"index":"index","follow":"follow","max-snippet":"max-snippet:-1","max-image-preview":"max-image-preview:large","max-video-preview":"max-video-preview:-1"},"canonical":"https:\/\/algarve7.pt\/index.php\/2023\/08\/inauguracao-de-estrutura-social-de-apoio-a-infancia-e-terceira-idade-dos-olhos-de-agua\/atualidade\/16\/29\/","og_locale":"pt_PT","og_type":"article","og_title":"Inaugura\u00e7\u00e3o de estrutura social de apoio \u00e0 inf\u00e2ncia e terceira idade dos Olhos de \u00c1gua - Algarve 7","og_description":"Inaugura\u00e7\u00e3o de estrutura social de apoio \u00e0 inf\u00e2ncia e terceira idade dos Olhos de \u00c1gua Atualidade","og_url":"https:\/\/algarve7.pt\/index.php\/2023\/08\/inauguracao-de-estrutura-social-de-apoio-a-infancia-e-terceira-idade-dos-olhos-de-agua\/atualidade\/16\/29\/","og_site_name":"Algarve 7","article_publisher":"https:\/\/www.facebook.com\/algarve7","article_author":"https:\/\/www.facebook.com\/algarve7","article_published_time":"2023-08-21T15:29:09+00:00","article_modified_time":"2023-08-21T15:29:26+00:00","og_image":[{"width":1500,"height":1000,"url":"https:\/\/algarve7.pt\/wp-content\/uploads\/2023\/08\/Inauguracao-ERPI-Olhos-de-Agua-20-08-2023-12.jpg","type":"image\/jpeg"}],"author":"Algarve 7","twitter_card":"summary_large_image","twitter_creator":"@Algarvesete","twitter_site":"@Algarvesete","twitter_misc":{"Escrito por":"Algarve 7","Tempo estimado de leitura":"4 minutos"},"schema":{"@context":"https:\/\/schema.org","@graph":[{"@type":"Article","@id":"https:\/\/algarve7.pt\/index.php\/2023\/08\/inauguracao-de-estrutura-social-de-apoio-a-infancia-e-terceira-idade-dos-olhos-de-agua\/atualidade\/16\/29\/#article","isPartOf":{"@id":"https:\/\/algarve7.pt\/index.php\/2023\/08\/inauguracao-de-estrutura-social-de-apoio-a-infancia-e-terceira-idade-dos-olhos-de-agua\/atualidade\/16\/29\/"},"author":{"name":"Algarve 7","@id":"https:\/\/algarve7.pt\/#\/schema\/person\/23fa70681308e7b319a3204bcea45e0c"},"headline":"Inaugura\u00e7\u00e3o de estrutura social de apoio \u00e0 inf\u00e2ncia e terceira idade dos Olhos de \u00c1gua","datePublished":"2023-08-21T15:29:09+00:00","dateModified":"2023-08-21T15:29:26+00:00","mainEntityOfPage":{"@id":"https:\/\/algarve7.pt\/index.php\/2023\/08\/inauguracao-de-estrutura-social-de-apoio-a-infancia-e-terceira-idade-dos-olhos-de-agua\/atualidade\/16\/29\/"},"wordCount":792,"publisher":{"@id":"https:\/\/algarve7.pt\/#organization"},"image":{"@id":"https:\/\/algarve7.pt\/index.php\/2023\/08\/inauguracao-de-estrutura-social-de-apoio-a-infancia-e-terceira-idade-dos-olhos-de-agua\/atualidade\/16\/29\/#primaryimage"},"thumbnailUrl":"https:\/\/algarve7.pt\/wp-content\/uploads\/2023\/08\/Inauguracao-ERPI-Olhos-de-Agua-20-08-2023-12.jpg","keywords":["Albufeira","Algarve","Atualidade","Inaugura\u00e7\u00e3o"],"articleSection":["Atualidade"],"inLanguage":"pt-PT"},{"@type":"WebPage","@id":"https:\/\/algarve7.pt\/index.php\/2023\/08\/inauguracao-de-estrutura-social-de-apoio-a-infancia-e-terceira-idade-dos-olhos-de-agua\/atualidade\/16\/29\/","url":"https:\/\/algarve7.pt\/index.php\/2023\/08\/inauguracao-de-estrutura-social-de-apoio-a-infancia-e-terceira-idade-dos-olhos-de-agua\/atualidade\/16\/29\/","name":"Inaugura\u00e7\u00e3o de estrutura social de apoio \u00e0 inf\u00e2ncia e terceira idade dos Olhos de \u00c1gua - Algarve 7","isPartOf":{"@id":"https:\/\/algarve7.pt\/#website"},"primaryImageOfPage":{"@id":"https:\/\/algarve7.pt\/index.php\/2023\/08\/inauguracao-de-estrutura-social-de-apoio-a-infancia-e-terceira-idade-dos-olhos-de-agua\/atualidade\/16\/29\/#primaryimage"},"image":{"@id":"https:\/\/algarve7.pt\/index.php\/2023\/08\/inauguracao-de-estrutura-social-de-apoio-a-infancia-e-terceira-idade-dos-olhos-de-agua\/atualidade\/16\/29\/#primaryimage"},"thumbnailUrl":"https:\/\/algarve7.pt\/wp-content\/uploads\/2023\/08\/Inauguracao-ERPI-Olhos-de-Agua-20-08-2023-12.jpg","datePublished":"2023-08-21T15:29:09+00:00","dateModified":"2023-08-21T15:29:26+00:00","description":"Inaugura\u00e7\u00e3o de estrutura social de apoio \u00e0 inf\u00e2ncia e terceira idade dos Olhos de \u00c1gua Atualidade","breadcrumb":{"@id":"https:\/\/algarve7.pt\/index.php\/2023\/08\/inauguracao-de-estrutura-social-de-apoio-a-infancia-e-terceira-idade-dos-olhos-de-agua\/atualidade\/16\/29\/#breadcrumb"},"inLanguage":"pt-PT","potentialAction":[{"@type":"ReadAction","target":["https:\/\/algarve7.pt\/index.php\/2023\/08\/inauguracao-de-estrutura-social-de-apoio-a-infancia-e-terceira-idade-dos-olhos-de-agua\/atualidade\/16\/29\/"]}]},{"@type":"ImageObject","inLanguage":"pt-PT","@id":"https:\/\/algarve7.pt\/index.php\/2023\/08\/inauguracao-de-estrutura-social-de-apoio-a-infancia-e-terceira-idade-dos-olhos-de-agua\/atualidade\/16\/29\/#primaryimage","url":"https:\/\/algarve7.pt\/wp-content\/uploads\/2023\/08\/Inauguracao-ERPI-Olhos-de-Agua-20-08-2023-12.jpg","contentUrl":"https:\/\/algarve7.pt\/wp-content\/uploads\/2023\/08\/Inauguracao-ERPI-Olhos-de-Agua-20-08-2023-12.jpg","width":1500,"height":1000,"caption":"Foto: Jorge Gomes - Click Time Photo\u00ae\u00a9"},{"@type":"BreadcrumbList","@id":"https:\/\/algarve7.pt\/index.php\/2023\/08\/inauguracao-de-estrutura-social-de-apoio-a-infancia-e-terceira-idade-dos-olhos-de-agua\/atualidade\/16\/29\/#breadcrumb","itemListElement":[{"@type":"ListItem","position":1,"name":"In\u00edcio","item":"https:\/\/algarve7.pt\/"},{"@type":"ListItem","position":2,"name":"Inaugura\u00e7\u00e3o de estrutura social de apoio \u00e0 inf\u00e2ncia e terceira idade dos Olhos de \u00c1gua"}]},{"@type":"WebSite","@id":"https:\/\/algarve7.pt\/#website","url":"https:\/\/algarve7.pt\/","name":"Algarve 7","description":"Informa\u00e7\u00e3o sobre o Algarve","publisher":{"@id":"https:\/\/algarve7.pt\/#organization"},"potentialAction":[{"@type":"SearchAction","target":{"@type":"EntryPoint","urlTemplate":"https:\/\/algarve7.pt\/?s={search_term_string}"},"query-input":{"@type":"PropertyValueSpecification","valueRequired":true,"valueName":"search_term_string"}}],"inLanguage":"pt-PT"},{"@type":"Organization","@id":"https:\/\/algarve7.pt\/#organization","name":"Algarve 7","url":"https:\/\/algarve7.pt\/","logo":{"@type":"ImageObject","inLanguage":"pt-PT","@id":"https:\/\/algarve7.pt\/#\/schema\/logo\/image\/","url":"https:\/\/algarve7.pt\/wp-content\/uploads\/2020\/10\/Logo-8.jpg","contentUrl":"https:\/\/algarve7.pt\/wp-content\/uploads\/2020\/10\/Logo-8.jpg","width":1680,"height":1186,"caption":"Algarve 7"},"image":{"@id":"https:\/\/algarve7.pt\/#\/schema\/logo\/image\/"},"sameAs":["https:\/\/www.facebook.com\/algarve7","https:\/\/x.com\/Algarvesete","https:\/\/www.instagram.com\/jornalalgarve7\/","https:\/\/www.linkedin.com\/company\/algarve7","https:\/\/www.pinterest.pt\/geral0939\/_created\/"]},{"@type":"Person","@id":"https:\/\/algarve7.pt\/#\/schema\/person\/23fa70681308e7b319a3204bcea45e0c","name":"Algarve 7","sameAs":["https:\/\/algarve7.pt","https:\/\/www.facebook.com\/algarve7"],"url":"https:\/\/algarve7.pt\/index.php\/author\/geralalgarve7-pt\/"}]}},"jetpack_publicize_connections":[],"jetpack_featured_media_url":"https:\/\/algarve7.pt\/wp-content\/uploads\/2023\/08\/Inauguracao-ERPI-Olhos-de-Agua-20-08-2023-12.jpg","jetpack_shortlink":"https:\/\/wp.me\/pcezmW-7So","jetpack_sharing_enabled":true,"_links":{"self":[{"href":"https:\/\/algarve7.pt\/index.php\/wp-json\/wp\/v2\/posts\/30280","targetHints":{"allow":["GET"]}}],"collection":[{"href":"https:\/\/algarve7.pt\/index.php\/wp-json\/wp\/v2\/posts"}],"about":[{"href":"https:\/\/algarve7.pt\/index.php\/wp-json\/wp\/v2\/types\/post"}],"author":[{"embeddable":true,"href":"https:\/\/algarve7.pt\/index.php\/wp-json\/wp\/v2\/users\/1"}],"replies":[{"embeddable":true,"href":"https:\/\/algarve7.pt\/index.php\/wp-json\/wp\/v2\/comments?post=30280"}],"version-history":[{"count":0,"href":"https:\/\/algarve7.pt\/index.php\/wp-json\/wp\/v2\/posts\/30280\/revisions"}],"wp:featuredmedia":[{"embeddable":true,"href":"https:\/\/algarve7.pt\/index.php\/wp-json\/wp\/v2\/media\/30281"}],"wp:attachment":[{"href":"https:\/\/algarve7.pt\/index.php\/wp-json\/wp\/v2\/media?parent=30280"}],"wp:term":[{"taxonomy":"category","embeddable":true,"href":"https:\/\/algarve7.pt\/index.php\/wp-json\/wp\/v2\/categories?post=30280"},{"taxonomy":"post_tag","embeddable":true,"href":"https:\/\/algarve7.pt\/index.php\/wp-json\/wp\/v2\/tags?post=30280"}],"curies":[{"name":"wp","href":"https:\/\/api.w.org\/{rel}","templated":true}]}}