{"id":30222,"date":"2023-08-17T18:07:50","date_gmt":"2023-08-17T17:07:50","guid":{"rendered":"https:\/\/algarve7.pt\/?p=30222"},"modified":"2023-08-17T18:07:53","modified_gmt":"2023-08-17T17:07:53","slug":"a-drap-algarve-marca-presenca-na-42o-edicao-da-fatacil","status":"publish","type":"post","link":"https:\/\/algarve7.pt\/index.php\/2023\/08\/a-drap-algarve-marca-presenca-na-42o-edicao-da-fatacil\/atualidade\/18\/07\/","title":{"rendered":"A DRAP Algarve marca presen\u00e7a na 42\u00ba edi\u00e7\u00e3o da Fatacil"},"content":{"rendered":"\n<p>No \u00e2mbito da realiza\u00e7\u00e3o da 42\u00aa edi\u00e7\u00e3o da&nbsp;<strong>FATACIL&nbsp;&#8211; Feira de Artesanato, Turismo, Agricultura, Com\u00e9rcio e Ind\u00fastria de Lagoa<\/strong>, que decorre entre 18 e 27 de Agosto, vimos pelo presente<strong>convidar V.&nbsp;<\/strong><strong>Exa.&nbsp;<\/strong><strong>a estar presente nas a\u00e7\u00f5es promovidas pela DRAP Algarve, com a seguinte programa\u00e7\u00e3o em anexo.<\/strong><\/p>\n\n\n\n<p>A DRAP Algarve, enquanto coorganizadora do evento, em conjunto com a C\u00e2mara Municipal de Lagoa, \u00e9 respons\u00e1vel pelo espa\u00e7o AMAR A TERRA (que contempla cerca de 40 expositores agroalimentares e de artesanato, exclusivamente da regi\u00e3o), e pelo espa\u00e7o Agropecu\u00e1rio que ter\u00e1 todos os dias patente em exposi\u00e7\u00e3o, animais aut\u00f3ctones da regi\u00e3o (bovinos, caprinos e ovinos).<strong>Este ano a DRAP Algarve conta tamb\u00e9m com um novo espa\u00e7o ao qual pretendemos impor uma nova din\u00e2mica, para realiza\u00e7\u00e3o de mostras \/ apresenta\u00e7\u00f5es de produtos inovadores da regi\u00e3o<\/strong>, para al\u00e9m da realiza\u00e7\u00e3o de showcookings, atividades infantis, etc, conforme apresentado no programa que se anexa.<\/p>\n\n\n\n<p><strong>No dia 19 de Agosto, decorrer\u00e1 durante a manh\u00e3 a 7\u00aa edi\u00e7\u00e3o do Concurso Regional da Ovelha Churra Algarvia,&nbsp;<\/strong>organizado pela Associa\u00e7\u00e3o de Criadores de Gado do Algarve (ASCAL)&nbsp;e um<strong>Semin\u00e1rio sob o tema: \u201cA Dieta Mediterr\u00e2nica e as Ra\u00e7as Aut\u00f3ctones\u201d, que contam com a presen\u00e7a da Sra. Ministra da Agricultura e Alimenta\u00e7\u00e3o, Maria do C\u00e9u Antunes&nbsp;<\/strong>(programa em anexo).<\/p>\n\n\n\n<p><strong>No dia 25 de agosto a DRAP Algarve recebe no seu stand institucional a Sra. Ministra da Agricultura e Alimenta\u00e7\u00e3o para a apresenta\u00e7\u00e3o e Degusta\u00e7\u00e3o de<\/strong><strong>&nbsp;Espumantes Cooperativos Portugueses,&nbsp;<\/strong>uma organiza\u00e7\u00e3o da&nbsp;Confedera\u00e7\u00e3o Nacional das Cooperativas Agr\u00edcolas e do Cr\u00e9dito Agr\u00edcola de Portugal (CONFAGRI).<\/p>\n\n\n\n<p>\u00c0 semelhan\u00e7a de anos anteriores realizar-se-\u00e1 ainda, no dia<strong>&nbsp;20 de Agosto pelas 10h00 o Concurso do Mel do Algarve,&nbsp;<\/strong>organizado pela MELGARB.<\/p>\n\n\n\n<p>Nota do diretor regional da DRAP Algarve: Eis-nos chegados \u00e0 42\u00aa edi\u00e7\u00e3o da FATACIL, um evento que re\u00fane em Lagoa o melhor da anima\u00e7\u00e3o, gastronomia, artesanato e atividades econ\u00f3micas. De 18 a 27 de agosto, a maior montra da regi\u00e3o do Algarve, do Litoral \u00e0 Serra passando pelo Barrocal, de Sotavento para Barlavento, brinda-nos com o melhor do agroalimentar e pescas, com\u00e9rcio, turismo e ind\u00fastria, convidando todos e todas, residentes e turistas, nacionais e estrangeiros, a deambular por um espa\u00e7o ainda mais amplo, com mais expositores e novidades.<\/p>\n\n\n\n<p>A Dire\u00e7\u00e3o Regional de Agricultura e Pescas (DRAP Algarve) associa-se uma vez mais \u00e0 C\u00e2mara Municipal de Lagoa na prepara\u00e7\u00e3o do maior evento deste tipo a sul do Tejo, num Espa\u00e7o \u201cAmar a Terra\u201d renovado e onde mais atividades, produtos inovadores e de excel\u00eancia da produ\u00e7\u00e3o e transforma\u00e7\u00e3o, convivem com a divulga\u00e7\u00e3o dos saber-fazer tradicionais, ra\u00e7as aut\u00f3ctones e outros elementos identit\u00e1rios dos territ\u00f3rios e suas gentes. Pequenos e gra\u00fados s\u00e3o desafiados a conhecer, experimentar e saborear porque raz\u00e3o \u00e9 o Algarve, para al\u00e9m da principal regi\u00e3o tur\u00edstica do Pa\u00eds, um solar de tantos cheiros, cores, sabores e texturas diversificados, onde desde tempos imemoriais povos, culturas e tradi\u00e7\u00f5es assaz diferentes n\u00e3o se tentaram anular mutuamente,&nbsp; mas antes se integraram de forma harmoniosa numa riqueza de dimens\u00f5es t\u00e3o esplendidamente corporizadas no conceito da Dieta Mediterr\u00e2nica.<\/p>\n\n\n\n<p>\u00c9 com satisfa\u00e7\u00e3o redobrada que testemunhamos o fortalecimento da parceria entre o Munic\u00edpio de Lagoa e a DRAP Algarve, numa FATACIL que todos os anos se reinventa e cresce em tamanho e qualidade da oferta.<\/p>\n\n\n\n<p>A DRAP Algarve contar\u00e1 com dois espa\u00e7os distintos ligados ao setor prim\u00e1rio: o espa\u00e7o Agropecu\u00e1rio e o espa\u00e7o Agroalimentar, ambos com a chancela \u201cAmar a Terra\u201d, onde ser\u00e3o divulgadas as nossas ra\u00e7as aut\u00f3ctones e a excel\u00eancia dos recursos end\u00f3genos da Regi\u00e3o. Sob a \u00e9gide da campanha promocional \u201cSaborear o Algarve\u201d, iremos continuar a promover a Dieta Mediterr\u00e2nica, as esp\u00e9cies do mar do Algarve, produtos inovadores e produtores de excel\u00eancia, realizar v\u00e1rios workshops tem\u00e1ticos e atividades especialmente dedicadas aos mais novos, pois \u00e9 importante formar e apostar numa maior literacia para os temas da produ\u00e7\u00e3o, preserva\u00e7\u00e3o e gest\u00e3o sustent\u00e1vel dos recursos, assim como a realiza\u00e7\u00e3o dos concursos regionais de ovinos da Ra\u00e7a Churra Algarvia e do Mel do Algarve.<\/p>\n","protected":false},"excerpt":{"rendered":"<p>No \u00e2mbito da realiza\u00e7\u00e3o da 42\u00aa edi\u00e7\u00e3o da&nbsp;FATACIL&nbsp;&#8211; Feira de Artesanato, Turismo, Agricultura, Com\u00e9rcio e Ind\u00fastria de Lagoa, que decorre<\/p>\n","protected":false},"author":1,"featured_media":30223,"comment_status":"closed","ping_status":"open","sticky":false,"template":"","format":"standard","meta":{"colormag_page_container_layout":"default_layout","colormag_page_sidebar_layout":"default_layout","_monsterinsights_skip_tracking":false,"_monsterinsights_sitenote_active":false,"_monsterinsights_sitenote_note":"","_monsterinsights_sitenote_category":0,"jetpack_post_was_ever_published":false,"_jetpack_newsletter_access":"","_jetpack_dont_email_post_to_subs":false,"_jetpack_newsletter_tier_id":0,"_jetpack_memberships_contains_paywalled_content":false,"_jetpack_memberships_contains_paid_content":false,"footnotes":"","jetpack_publicize_message":"","jetpack_publicize_feature_enabled":true,"jetpack_social_post_already_shared":true,"jetpack_social_options":{"image_generator_settings":{"template":"highway","default_image_id":0,"font":"","enabled":false},"version":2}},"categories":[11],"tags":[36,62,156,604,48],"class_list":["post-30222","post","type-post","status-publish","format-standard","has-post-thumbnail","hentry","category-atualidade","tag-algarve","tag-atualidade","tag-drap","tag-fatacil","tag-lagoa"],"yoast_head":"<!-- This site is optimized with the Yoast SEO plugin v27.5 - https:\/\/yoast.com\/product\/yoast-seo-wordpress\/ -->\n<title>A DRAP Algarve marca presen\u00e7a na 42\u00ba edi\u00e7\u00e3o da Fatacil - Algarve 7<\/title>\n<meta name=\"description\" content=\"A DRAP Algarve marca presen\u00e7a na 42\u00ba edi\u00e7\u00e3o da Fatacil Atualidade\" \/>\n<meta name=\"robots\" content=\"index, follow, max-snippet:-1, max-image-preview:large, max-video-preview:-1\" \/>\n<link rel=\"canonical\" href=\"https:\/\/algarve7.pt\/index.php\/2023\/08\/a-drap-algarve-marca-presenca-na-42o-edicao-da-fatacil\/atualidade\/18\/07\/\" \/>\n<meta property=\"og:locale\" content=\"pt_PT\" \/>\n<meta property=\"og:type\" content=\"article\" \/>\n<meta property=\"og:title\" content=\"A DRAP Algarve marca presen\u00e7a na 42\u00ba edi\u00e7\u00e3o da Fatacil - Algarve 7\" \/>\n<meta property=\"og:description\" content=\"A DRAP Algarve marca presen\u00e7a na 42\u00ba edi\u00e7\u00e3o da Fatacil Atualidade\" \/>\n<meta property=\"og:url\" content=\"https:\/\/algarve7.pt\/index.php\/2023\/08\/a-drap-algarve-marca-presenca-na-42o-edicao-da-fatacil\/atualidade\/18\/07\/\" \/>\n<meta property=\"og:site_name\" content=\"Algarve 7\" \/>\n<meta property=\"article:publisher\" content=\"https:\/\/www.facebook.com\/algarve7\" \/>\n<meta property=\"article:author\" content=\"https:\/\/www.facebook.com\/algarve7\" \/>\n<meta property=\"article:published_time\" content=\"2023-08-17T17:07:50+00:00\" \/>\n<meta property=\"article:modified_time\" content=\"2023-08-17T17:07:53+00:00\" \/>\n<meta property=\"og:image\" content=\"https:\/\/algarve7.pt\/wp-content\/uploads\/2023\/08\/Captura-de-ecra-2023-08-17-as-18.02.13.png\" \/>\n\t<meta property=\"og:image:width\" content=\"1000\" \/>\n\t<meta property=\"og:image:height\" content=\"703\" \/>\n\t<meta property=\"og:image:type\" content=\"image\/png\" \/>\n<meta name=\"author\" content=\"Algarve 7\" \/>\n<meta name=\"twitter:card\" content=\"summary_large_image\" \/>\n<meta name=\"twitter:creator\" content=\"@Algarvesete\" \/>\n<meta name=\"twitter:site\" content=\"@Algarvesete\" \/>\n<meta name=\"twitter:label1\" content=\"Escrito por\" \/>\n\t<meta name=\"twitter:data1\" content=\"Algarve 7\" \/>\n\t<meta name=\"twitter:label2\" content=\"Tempo estimado de leitura\" \/>\n\t<meta name=\"twitter:data2\" content=\"4 minutos\" \/>\n<script type=\"application\/ld+json\" class=\"yoast-schema-graph\">{\"@context\":\"https:\\\/\\\/schema.org\",\"@graph\":[{\"@type\":\"Article\",\"@id\":\"https:\\\/\\\/algarve7.pt\\\/index.php\\\/2023\\\/08\\\/a-drap-algarve-marca-presenca-na-42o-edicao-da-fatacil\\\/atualidade\\\/18\\\/07\\\/#article\",\"isPartOf\":{\"@id\":\"https:\\\/\\\/algarve7.pt\\\/index.php\\\/2023\\\/08\\\/a-drap-algarve-marca-presenca-na-42o-edicao-da-fatacil\\\/atualidade\\\/18\\\/07\\\/\"},\"author\":{\"name\":\"Algarve 7\",\"@id\":\"https:\\\/\\\/algarve7.pt\\\/#\\\/schema\\\/person\\\/23fa70681308e7b319a3204bcea45e0c\"},\"headline\":\"A DRAP Algarve marca presen\u00e7a na 42\u00ba edi\u00e7\u00e3o da Fatacil\",\"datePublished\":\"2023-08-17T17:07:50+00:00\",\"dateModified\":\"2023-08-17T17:07:53+00:00\",\"mainEntityOfPage\":{\"@id\":\"https:\\\/\\\/algarve7.pt\\\/index.php\\\/2023\\\/08\\\/a-drap-algarve-marca-presenca-na-42o-edicao-da-fatacil\\\/atualidade\\\/18\\\/07\\\/\"},\"wordCount\":750,\"publisher\":{\"@id\":\"https:\\\/\\\/algarve7.pt\\\/#organization\"},\"image\":{\"@id\":\"https:\\\/\\\/algarve7.pt\\\/index.php\\\/2023\\\/08\\\/a-drap-algarve-marca-presenca-na-42o-edicao-da-fatacil\\\/atualidade\\\/18\\\/07\\\/#primaryimage\"},\"thumbnailUrl\":\"https:\\\/\\\/algarve7.pt\\\/wp-content\\\/uploads\\\/2023\\\/08\\\/Captura-de-ecra-2023-08-17-as-18.02.13.png\",\"keywords\":[\"Algarve\",\"Atualidade\",\"DRAP\",\"Fatacil\",\"Lagoa\"],\"articleSection\":[\"Atualidade\"],\"inLanguage\":\"pt-PT\"},{\"@type\":\"WebPage\",\"@id\":\"https:\\\/\\\/algarve7.pt\\\/index.php\\\/2023\\\/08\\\/a-drap-algarve-marca-presenca-na-42o-edicao-da-fatacil\\\/atualidade\\\/18\\\/07\\\/\",\"url\":\"https:\\\/\\\/algarve7.pt\\\/index.php\\\/2023\\\/08\\\/a-drap-algarve-marca-presenca-na-42o-edicao-da-fatacil\\\/atualidade\\\/18\\\/07\\\/\",\"name\":\"A DRAP Algarve marca presen\u00e7a na 42\u00ba edi\u00e7\u00e3o da Fatacil - Algarve 7\",\"isPartOf\":{\"@id\":\"https:\\\/\\\/algarve7.pt\\\/#website\"},\"primaryImageOfPage\":{\"@id\":\"https:\\\/\\\/algarve7.pt\\\/index.php\\\/2023\\\/08\\\/a-drap-algarve-marca-presenca-na-42o-edicao-da-fatacil\\\/atualidade\\\/18\\\/07\\\/#primaryimage\"},\"image\":{\"@id\":\"https:\\\/\\\/algarve7.pt\\\/index.php\\\/2023\\\/08\\\/a-drap-algarve-marca-presenca-na-42o-edicao-da-fatacil\\\/atualidade\\\/18\\\/07\\\/#primaryimage\"},\"thumbnailUrl\":\"https:\\\/\\\/algarve7.pt\\\/wp-content\\\/uploads\\\/2023\\\/08\\\/Captura-de-ecra-2023-08-17-as-18.02.13.png\",\"datePublished\":\"2023-08-17T17:07:50+00:00\",\"dateModified\":\"2023-08-17T17:07:53+00:00\",\"description\":\"A DRAP Algarve marca presen\u00e7a na 42\u00ba edi\u00e7\u00e3o da Fatacil Atualidade\",\"breadcrumb\":{\"@id\":\"https:\\\/\\\/algarve7.pt\\\/index.php\\\/2023\\\/08\\\/a-drap-algarve-marca-presenca-na-42o-edicao-da-fatacil\\\/atualidade\\\/18\\\/07\\\/#breadcrumb\"},\"inLanguage\":\"pt-PT\",\"potentialAction\":[{\"@type\":\"ReadAction\",\"target\":[\"https:\\\/\\\/algarve7.pt\\\/index.php\\\/2023\\\/08\\\/a-drap-algarve-marca-presenca-na-42o-edicao-da-fatacil\\\/atualidade\\\/18\\\/07\\\/\"]}]},{\"@type\":\"ImageObject\",\"inLanguage\":\"pt-PT\",\"@id\":\"https:\\\/\\\/algarve7.pt\\\/index.php\\\/2023\\\/08\\\/a-drap-algarve-marca-presenca-na-42o-edicao-da-fatacil\\\/atualidade\\\/18\\\/07\\\/#primaryimage\",\"url\":\"https:\\\/\\\/algarve7.pt\\\/wp-content\\\/uploads\\\/2023\\\/08\\\/Captura-de-ecra-2023-08-17-as-18.02.13.png\",\"contentUrl\":\"https:\\\/\\\/algarve7.pt\\\/wp-content\\\/uploads\\\/2023\\\/08\\\/Captura-de-ecra-2023-08-17-as-18.02.13.png\",\"width\":1000,\"height\":703},{\"@type\":\"BreadcrumbList\",\"@id\":\"https:\\\/\\\/algarve7.pt\\\/index.php\\\/2023\\\/08\\\/a-drap-algarve-marca-presenca-na-42o-edicao-da-fatacil\\\/atualidade\\\/18\\\/07\\\/#breadcrumb\",\"itemListElement\":[{\"@type\":\"ListItem\",\"position\":1,\"name\":\"In\u00edcio\",\"item\":\"https:\\\/\\\/algarve7.pt\\\/\"},{\"@type\":\"ListItem\",\"position\":2,\"name\":\"A DRAP Algarve marca presen\u00e7a na 42\u00ba edi\u00e7\u00e3o da Fatacil\"}]},{\"@type\":\"WebSite\",\"@id\":\"https:\\\/\\\/algarve7.pt\\\/#website\",\"url\":\"https:\\\/\\\/algarve7.pt\\\/\",\"name\":\"Algarve 7\",\"description\":\"Informa\u00e7\u00e3o sobre o Algarve\",\"publisher\":{\"@id\":\"https:\\\/\\\/algarve7.pt\\\/#organization\"},\"potentialAction\":[{\"@type\":\"SearchAction\",\"target\":{\"@type\":\"EntryPoint\",\"urlTemplate\":\"https:\\\/\\\/algarve7.pt\\\/?s={search_term_string}\"},\"query-input\":{\"@type\":\"PropertyValueSpecification\",\"valueRequired\":true,\"valueName\":\"search_term_string\"}}],\"inLanguage\":\"pt-PT\"},{\"@type\":\"Organization\",\"@id\":\"https:\\\/\\\/algarve7.pt\\\/#organization\",\"name\":\"Algarve 7\",\"url\":\"https:\\\/\\\/algarve7.pt\\\/\",\"logo\":{\"@type\":\"ImageObject\",\"inLanguage\":\"pt-PT\",\"@id\":\"https:\\\/\\\/algarve7.pt\\\/#\\\/schema\\\/logo\\\/image\\\/\",\"url\":\"https:\\\/\\\/algarve7.pt\\\/wp-content\\\/uploads\\\/2020\\\/10\\\/Logo-8.jpg\",\"contentUrl\":\"https:\\\/\\\/algarve7.pt\\\/wp-content\\\/uploads\\\/2020\\\/10\\\/Logo-8.jpg\",\"width\":1680,\"height\":1186,\"caption\":\"Algarve 7\"},\"image\":{\"@id\":\"https:\\\/\\\/algarve7.pt\\\/#\\\/schema\\\/logo\\\/image\\\/\"},\"sameAs\":[\"https:\\\/\\\/www.facebook.com\\\/algarve7\",\"https:\\\/\\\/x.com\\\/Algarvesete\",\"https:\\\/\\\/www.instagram.com\\\/jornalalgarve7\\\/\",\"https:\\\/\\\/www.linkedin.com\\\/company\\\/algarve7\",\"https:\\\/\\\/www.pinterest.pt\\\/geral0939\\\/_created\\\/\"]},{\"@type\":\"Person\",\"@id\":\"https:\\\/\\\/algarve7.pt\\\/#\\\/schema\\\/person\\\/23fa70681308e7b319a3204bcea45e0c\",\"name\":\"Algarve 7\",\"sameAs\":[\"https:\\\/\\\/algarve7.pt\",\"https:\\\/\\\/www.facebook.com\\\/algarve7\"],\"url\":\"https:\\\/\\\/algarve7.pt\\\/index.php\\\/author\\\/geralalgarve7-pt\\\/\"}]}<\/script>\n<!-- \/ Yoast SEO plugin. -->","yoast_head_json":{"title":"A DRAP Algarve marca presen\u00e7a na 42\u00ba edi\u00e7\u00e3o da Fatacil - Algarve 7","description":"A DRAP Algarve marca presen\u00e7a na 42\u00ba edi\u00e7\u00e3o da Fatacil Atualidade","robots":{"index":"index","follow":"follow","max-snippet":"max-snippet:-1","max-image-preview":"max-image-preview:large","max-video-preview":"max-video-preview:-1"},"canonical":"https:\/\/algarve7.pt\/index.php\/2023\/08\/a-drap-algarve-marca-presenca-na-42o-edicao-da-fatacil\/atualidade\/18\/07\/","og_locale":"pt_PT","og_type":"article","og_title":"A DRAP Algarve marca presen\u00e7a na 42\u00ba edi\u00e7\u00e3o da Fatacil - Algarve 7","og_description":"A DRAP Algarve marca presen\u00e7a na 42\u00ba edi\u00e7\u00e3o da Fatacil Atualidade","og_url":"https:\/\/algarve7.pt\/index.php\/2023\/08\/a-drap-algarve-marca-presenca-na-42o-edicao-da-fatacil\/atualidade\/18\/07\/","og_site_name":"Algarve 7","article_publisher":"https:\/\/www.facebook.com\/algarve7","article_author":"https:\/\/www.facebook.com\/algarve7","article_published_time":"2023-08-17T17:07:50+00:00","article_modified_time":"2023-08-17T17:07:53+00:00","og_image":[{"width":1000,"height":703,"url":"https:\/\/algarve7.pt\/wp-content\/uploads\/2023\/08\/Captura-de-ecra-2023-08-17-as-18.02.13.png","type":"image\/png"}],"author":"Algarve 7","twitter_card":"summary_large_image","twitter_creator":"@Algarvesete","twitter_site":"@Algarvesete","twitter_misc":{"Escrito por":"Algarve 7","Tempo estimado de leitura":"4 minutos"},"schema":{"@context":"https:\/\/schema.org","@graph":[{"@type":"Article","@id":"https:\/\/algarve7.pt\/index.php\/2023\/08\/a-drap-algarve-marca-presenca-na-42o-edicao-da-fatacil\/atualidade\/18\/07\/#article","isPartOf":{"@id":"https:\/\/algarve7.pt\/index.php\/2023\/08\/a-drap-algarve-marca-presenca-na-42o-edicao-da-fatacil\/atualidade\/18\/07\/"},"author":{"name":"Algarve 7","@id":"https:\/\/algarve7.pt\/#\/schema\/person\/23fa70681308e7b319a3204bcea45e0c"},"headline":"A DRAP Algarve marca presen\u00e7a na 42\u00ba edi\u00e7\u00e3o da Fatacil","datePublished":"2023-08-17T17:07:50+00:00","dateModified":"2023-08-17T17:07:53+00:00","mainEntityOfPage":{"@id":"https:\/\/algarve7.pt\/index.php\/2023\/08\/a-drap-algarve-marca-presenca-na-42o-edicao-da-fatacil\/atualidade\/18\/07\/"},"wordCount":750,"publisher":{"@id":"https:\/\/algarve7.pt\/#organization"},"image":{"@id":"https:\/\/algarve7.pt\/index.php\/2023\/08\/a-drap-algarve-marca-presenca-na-42o-edicao-da-fatacil\/atualidade\/18\/07\/#primaryimage"},"thumbnailUrl":"https:\/\/algarve7.pt\/wp-content\/uploads\/2023\/08\/Captura-de-ecra-2023-08-17-as-18.02.13.png","keywords":["Algarve","Atualidade","DRAP","Fatacil","Lagoa"],"articleSection":["Atualidade"],"inLanguage":"pt-PT"},{"@type":"WebPage","@id":"https:\/\/algarve7.pt\/index.php\/2023\/08\/a-drap-algarve-marca-presenca-na-42o-edicao-da-fatacil\/atualidade\/18\/07\/","url":"https:\/\/algarve7.pt\/index.php\/2023\/08\/a-drap-algarve-marca-presenca-na-42o-edicao-da-fatacil\/atualidade\/18\/07\/","name":"A DRAP Algarve marca presen\u00e7a na 42\u00ba edi\u00e7\u00e3o da Fatacil - Algarve 7","isPartOf":{"@id":"https:\/\/algarve7.pt\/#website"},"primaryImageOfPage":{"@id":"https:\/\/algarve7.pt\/index.php\/2023\/08\/a-drap-algarve-marca-presenca-na-42o-edicao-da-fatacil\/atualidade\/18\/07\/#primaryimage"},"image":{"@id":"https:\/\/algarve7.pt\/index.php\/2023\/08\/a-drap-algarve-marca-presenca-na-42o-edicao-da-fatacil\/atualidade\/18\/07\/#primaryimage"},"thumbnailUrl":"https:\/\/algarve7.pt\/wp-content\/uploads\/2023\/08\/Captura-de-ecra-2023-08-17-as-18.02.13.png","datePublished":"2023-08-17T17:07:50+00:00","dateModified":"2023-08-17T17:07:53+00:00","description":"A DRAP Algarve marca presen\u00e7a na 42\u00ba edi\u00e7\u00e3o da Fatacil Atualidade","breadcrumb":{"@id":"https:\/\/algarve7.pt\/index.php\/2023\/08\/a-drap-algarve-marca-presenca-na-42o-edicao-da-fatacil\/atualidade\/18\/07\/#breadcrumb"},"inLanguage":"pt-PT","potentialAction":[{"@type":"ReadAction","target":["https:\/\/algarve7.pt\/index.php\/2023\/08\/a-drap-algarve-marca-presenca-na-42o-edicao-da-fatacil\/atualidade\/18\/07\/"]}]},{"@type":"ImageObject","inLanguage":"pt-PT","@id":"https:\/\/algarve7.pt\/index.php\/2023\/08\/a-drap-algarve-marca-presenca-na-42o-edicao-da-fatacil\/atualidade\/18\/07\/#primaryimage","url":"https:\/\/algarve7.pt\/wp-content\/uploads\/2023\/08\/Captura-de-ecra-2023-08-17-as-18.02.13.png","contentUrl":"https:\/\/algarve7.pt\/wp-content\/uploads\/2023\/08\/Captura-de-ecra-2023-08-17-as-18.02.13.png","width":1000,"height":703},{"@type":"BreadcrumbList","@id":"https:\/\/algarve7.pt\/index.php\/2023\/08\/a-drap-algarve-marca-presenca-na-42o-edicao-da-fatacil\/atualidade\/18\/07\/#breadcrumb","itemListElement":[{"@type":"ListItem","position":1,"name":"In\u00edcio","item":"https:\/\/algarve7.pt\/"},{"@type":"ListItem","position":2,"name":"A DRAP Algarve marca presen\u00e7a na 42\u00ba edi\u00e7\u00e3o da Fatacil"}]},{"@type":"WebSite","@id":"https:\/\/algarve7.pt\/#website","url":"https:\/\/algarve7.pt\/","name":"Algarve 7","description":"Informa\u00e7\u00e3o sobre o Algarve","publisher":{"@id":"https:\/\/algarve7.pt\/#organization"},"potentialAction":[{"@type":"SearchAction","target":{"@type":"EntryPoint","urlTemplate":"https:\/\/algarve7.pt\/?s={search_term_string}"},"query-input":{"@type":"PropertyValueSpecification","valueRequired":true,"valueName":"search_term_string"}}],"inLanguage":"pt-PT"},{"@type":"Organization","@id":"https:\/\/algarve7.pt\/#organization","name":"Algarve 7","url":"https:\/\/algarve7.pt\/","logo":{"@type":"ImageObject","inLanguage":"pt-PT","@id":"https:\/\/algarve7.pt\/#\/schema\/logo\/image\/","url":"https:\/\/algarve7.pt\/wp-content\/uploads\/2020\/10\/Logo-8.jpg","contentUrl":"https:\/\/algarve7.pt\/wp-content\/uploads\/2020\/10\/Logo-8.jpg","width":1680,"height":1186,"caption":"Algarve 7"},"image":{"@id":"https:\/\/algarve7.pt\/#\/schema\/logo\/image\/"},"sameAs":["https:\/\/www.facebook.com\/algarve7","https:\/\/x.com\/Algarvesete","https:\/\/www.instagram.com\/jornalalgarve7\/","https:\/\/www.linkedin.com\/company\/algarve7","https:\/\/www.pinterest.pt\/geral0939\/_created\/"]},{"@type":"Person","@id":"https:\/\/algarve7.pt\/#\/schema\/person\/23fa70681308e7b319a3204bcea45e0c","name":"Algarve 7","sameAs":["https:\/\/algarve7.pt","https:\/\/www.facebook.com\/algarve7"],"url":"https:\/\/algarve7.pt\/index.php\/author\/geralalgarve7-pt\/"}]}},"jetpack_publicize_connections":[],"jetpack_featured_media_url":"https:\/\/algarve7.pt\/wp-content\/uploads\/2023\/08\/Captura-de-ecra-2023-08-17-as-18.02.13.png","jetpack_shortlink":"https:\/\/wp.me\/pcezmW-7Rs","jetpack_sharing_enabled":true,"_links":{"self":[{"href":"https:\/\/algarve7.pt\/index.php\/wp-json\/wp\/v2\/posts\/30222","targetHints":{"allow":["GET"]}}],"collection":[{"href":"https:\/\/algarve7.pt\/index.php\/wp-json\/wp\/v2\/posts"}],"about":[{"href":"https:\/\/algarve7.pt\/index.php\/wp-json\/wp\/v2\/types\/post"}],"author":[{"embeddable":true,"href":"https:\/\/algarve7.pt\/index.php\/wp-json\/wp\/v2\/users\/1"}],"replies":[{"embeddable":true,"href":"https:\/\/algarve7.pt\/index.php\/wp-json\/wp\/v2\/comments?post=30222"}],"version-history":[{"count":0,"href":"https:\/\/algarve7.pt\/index.php\/wp-json\/wp\/v2\/posts\/30222\/revisions"}],"wp:featuredmedia":[{"embeddable":true,"href":"https:\/\/algarve7.pt\/index.php\/wp-json\/wp\/v2\/media\/30223"}],"wp:attachment":[{"href":"https:\/\/algarve7.pt\/index.php\/wp-json\/wp\/v2\/media?parent=30222"}],"wp:term":[{"taxonomy":"category","embeddable":true,"href":"https:\/\/algarve7.pt\/index.php\/wp-json\/wp\/v2\/categories?post=30222"},{"taxonomy":"post_tag","embeddable":true,"href":"https:\/\/algarve7.pt\/index.php\/wp-json\/wp\/v2\/tags?post=30222"}],"curies":[{"name":"wp","href":"https:\/\/api.w.org\/{rel}","templated":true}]}}