{"id":30194,"date":"2023-08-17T13:11:39","date_gmt":"2023-08-17T12:11:39","guid":{"rendered":"https:\/\/algarve7.pt\/?p=30194"},"modified":"2023-08-17T13:11:43","modified_gmt":"2023-08-17T12:11:43","slug":"chua-ja-agilizou-a-progressao-remuneratoria-de-1793-trabalhadores","status":"publish","type":"post","link":"https:\/\/algarve7.pt\/index.php\/2023\/08\/chua-ja-agilizou-a-progressao-remuneratoria-de-1793-trabalhadores\/saude\/13\/11\/","title":{"rendered":"CHUA j\u00e1 agilizou a progress\u00e3o remunerat\u00f3ria de 1793 trabalhadores"},"content":{"rendered":"\n<p>No \u00e2mbito das suas compet\u00eancias, o Servi\u00e7o de Capital Humano do Centro Hospitalar Universit\u00e1rio do Algarve (CHUA) tem vindo a promover e a incentivar, desde 2020, a avalia\u00e7\u00e3o dos seus trabalhadores, garantindo assim o alinhamento organizacional e reconhecendo o desempenho dos trabalhadores, assim como aferindo o seu grau de motiva\u00e7\u00e3o, bem-estar e realiza\u00e7\u00e3o profissional.<\/p>\n\n\n\n<p>De acordo com o Servi\u00e7o de Capital Humano, \u201co CHUA optou por encarar e aplicar o SIADAP como um instrumento valioso para o alinhamento institucional e para a gest\u00e3o e valoriza\u00e7\u00e3o do capital humano\u201d. Relembre-se que, o sistema integrado de gest\u00e3o e avalia\u00e7\u00e3o do desempenho na Administra\u00e7\u00e3o P\u00fablica, vulgarmente conhecido como SIADAP, foi estabelecido pela Lei n.\u00ba 66-B\/2007, de 28 de dezembro, sendo aplic\u00e1vel ao desempenho dos respetivos dirigentes e demais trabalhadores dos servi\u00e7os p\u00fablicos.<\/p>\n\n\n\n<p>No caso do CHUA, sendo uma entidade p\u00fablica empresarial (EPE), na avalia\u00e7\u00e3o dos trabalhadores aplica-se o SIADAP 3. A avalia\u00e7\u00e3o tem car\u00e1cter bienal e respeita ao desempenho dos dois anos civis anteriores, iniciando-se o processo com a contratualiza\u00e7\u00e3o dos par\u00e2metros de avalia\u00e7\u00e3o (Resultados e Compet\u00eancias), durante o m\u00eas de fevereiro do ano civil em que se inicia o ciclo avaliativo, sendo a avalia\u00e7\u00e3o efetuada durante os meses de janeiro e fevereiro do ano seguinte \u00e0quele em que se completa o ciclo avaliativo.<\/p>\n\n\n\n<p>No sentido de corrigir algumas lacunas existentes, desde o ano 2020 o Servi\u00e7o de Capital Humano do CHUA tem vindo a encarar o SIADAP como uma valiosa forma de avalia\u00e7\u00e3o, tendo registado no bi\u00e9nio 2019\/2020, 1214 avalia\u00e7\u00f5es de desempenho, por via regular, de profissionais das carreiras gerais (carreiras abrangidas por este sistema de avalia\u00e7\u00e3o sem adapta\u00e7\u00f5es) e analisado e ponderado 533 pondera\u00e7\u00f5es curriculares.<\/p>\n\n\n\n<p>Para o bi\u00e9nio 2021\/2022, j\u00e1 foram homologadas 252 avalia\u00e7\u00f5es das carreiras gerais e foi encerrada a avalia\u00e7\u00e3o deste bi\u00e9nio para 1803 trabalhadores de enfermagem.<\/p>\n\n\n\n<p>Em consequ\u00eancia da avalia\u00e7\u00e3o efetuada, nas carreiras gerais o CHUA j\u00e1 agilizou a progress\u00e3o remunerat\u00f3ria de um total de 1793 trabalhadores, com efeitos a partir de 2018 para 806 trabalhadores, de 2019 para 911 trabalhadores e de 2021 para 76.&nbsp;<\/p>\n\n\n\n<p>De acordo com o Servi\u00e7o de Capital Humano, \u201ca estas progress\u00f5es acrescem as progress\u00f5es dos enfermeiros ao abrigo do DL 80-B\/2022) que, apesar de n\u00e3o poderem ser consideradas diretamente decorrentes da avalia\u00e7\u00e3o, mas sim de um processo de reconstru\u00e7\u00e3o de carreira e de supress\u00e3o de aus\u00eancias de avalia\u00e7\u00e3o, foi uma forma de progress\u00e3o na carreira\u201d. Deste modo, 406 enfermeiros CIT progrediram remuneratoriamente, assim como 96 enfermeiros com Contrato de Trabalho em Fun\u00e7\u00f5es P\u00fablicas (CTFP), com efeitos a 01.01.2022.<\/p>\n\n\n\n<p>Para al\u00e9m da avalia\u00e7\u00e3o, no \u00e2mbito da valoriza\u00e7\u00e3o do Capital Humano, t\u00eam vindo a ser promovidas diversas a\u00e7\u00f5es de forma\u00e7\u00e3o que visam demonstrar as mais-valias deste sistema de avalia\u00e7\u00e3o. Neste sentido, desde 2020, que foram ministradas mais de 200 horas de forma\u00e7\u00e3o para avaliadores, em regime individual e de grupo.<\/p>\n\n\n\n<p>Recorde-se que o CHUA \u00e9 a maior empresa p\u00fablica a Sul do Tejo, compreendendo um universo de 5010 trabalhadores, dos quais 3498 possuem v\u00ednculo atrav\u00e9s de Contrato Individual de Trabalho (CIT), grupo que passou a estar abrangido pelas regras de avalia\u00e7\u00e3o do SIADAP em 2018.<\/p>\n","protected":false},"excerpt":{"rendered":"<p>No \u00e2mbito das suas compet\u00eancias, o Servi\u00e7o de Capital Humano do Centro Hospitalar Universit\u00e1rio do Algarve (CHUA) tem vindo a<\/p>\n","protected":false},"author":1,"featured_media":30195,"comment_status":"closed","ping_status":"open","sticky":false,"template":"","format":"standard","meta":{"colormag_page_container_layout":"default_layout","colormag_page_sidebar_layout":"default_layout","_monsterinsights_skip_tracking":false,"_monsterinsights_sitenote_active":false,"_monsterinsights_sitenote_note":"","_monsterinsights_sitenote_category":0,"jetpack_post_was_ever_published":false,"_jetpack_newsletter_access":"","_jetpack_dont_email_post_to_subs":false,"_jetpack_newsletter_tier_id":0,"_jetpack_memberships_contains_paywalled_content":false,"_jetpack_memberships_contains_paid_content":false,"footnotes":"","jetpack_publicize_message":"","jetpack_publicize_feature_enabled":true,"jetpack_social_post_already_shared":true,"jetpack_social_options":{"image_generator_settings":{"template":"highway","default_image_id":0,"font":"","enabled":false},"version":2}},"categories":[59],"tags":[36,181,58],"class_list":["post-30194","post","type-post","status-publish","format-standard","has-post-thumbnail","hentry","category-saude","tag-algarve","tag-chua","tag-saude"],"yoast_head":"<!-- This site is optimized with the Yoast SEO plugin v27.4 - https:\/\/yoast.com\/product\/yoast-seo-wordpress\/ -->\n<title>CHUA j\u00e1 agilizou a progress\u00e3o remunerat\u00f3ria de 1793 trabalhadores - Algarve 7<\/title>\n<meta name=\"description\" content=\"CHUA j\u00e1 agilizou a progress\u00e3o remunerat\u00f3ria de 1793 trabalhadores Sa\u00fade\" \/>\n<meta name=\"robots\" content=\"index, follow, max-snippet:-1, max-image-preview:large, max-video-preview:-1\" \/>\n<link rel=\"canonical\" href=\"https:\/\/algarve7.pt\/index.php\/2023\/08\/chua-ja-agilizou-a-progressao-remuneratoria-de-1793-trabalhadores\/saude\/13\/11\/\" \/>\n<meta property=\"og:locale\" content=\"pt_PT\" \/>\n<meta property=\"og:type\" content=\"article\" \/>\n<meta property=\"og:title\" content=\"CHUA j\u00e1 agilizou a progress\u00e3o remunerat\u00f3ria de 1793 trabalhadores - Algarve 7\" \/>\n<meta property=\"og:description\" content=\"CHUA j\u00e1 agilizou a progress\u00e3o remunerat\u00f3ria de 1793 trabalhadores Sa\u00fade\" \/>\n<meta property=\"og:url\" content=\"https:\/\/algarve7.pt\/index.php\/2023\/08\/chua-ja-agilizou-a-progressao-remuneratoria-de-1793-trabalhadores\/saude\/13\/11\/\" \/>\n<meta property=\"og:site_name\" content=\"Algarve 7\" \/>\n<meta property=\"article:publisher\" content=\"https:\/\/www.facebook.com\/algarve7\" \/>\n<meta property=\"article:author\" content=\"https:\/\/www.facebook.com\/algarve7\" \/>\n<meta property=\"article:published_time\" content=\"2023-08-17T12:11:39+00:00\" \/>\n<meta property=\"article:modified_time\" content=\"2023-08-17T12:11:43+00:00\" \/>\n<meta property=\"og:image\" content=\"https:\/\/algarve7.pt\/wp-content\/uploads\/2023\/08\/siadap-chua-comunicado-1600x1130px.png\" \/>\n\t<meta property=\"og:image:width\" content=\"1024\" \/>\n\t<meta property=\"og:image:height\" content=\"723\" \/>\n\t<meta property=\"og:image:type\" content=\"image\/png\" \/>\n<meta name=\"author\" content=\"Algarve 7\" \/>\n<meta name=\"twitter:card\" content=\"summary_large_image\" \/>\n<meta name=\"twitter:creator\" content=\"@Algarvesete\" \/>\n<meta name=\"twitter:site\" content=\"@Algarvesete\" \/>\n<meta name=\"twitter:label1\" content=\"Escrito por\" \/>\n\t<meta name=\"twitter:data1\" content=\"Algarve 7\" \/>\n\t<meta name=\"twitter:label2\" content=\"Tempo estimado de leitura\" \/>\n\t<meta name=\"twitter:data2\" content=\"3 minutos\" \/>\n<script type=\"application\/ld+json\" class=\"yoast-schema-graph\">{\"@context\":\"https:\\\/\\\/schema.org\",\"@graph\":[{\"@type\":\"Article\",\"@id\":\"https:\\\/\\\/algarve7.pt\\\/index.php\\\/2023\\\/08\\\/chua-ja-agilizou-a-progressao-remuneratoria-de-1793-trabalhadores\\\/saude\\\/13\\\/11\\\/#article\",\"isPartOf\":{\"@id\":\"https:\\\/\\\/algarve7.pt\\\/index.php\\\/2023\\\/08\\\/chua-ja-agilizou-a-progressao-remuneratoria-de-1793-trabalhadores\\\/saude\\\/13\\\/11\\\/\"},\"author\":{\"name\":\"Algarve 7\",\"@id\":\"https:\\\/\\\/algarve7.pt\\\/#\\\/schema\\\/person\\\/23fa70681308e7b319a3204bcea45e0c\"},\"headline\":\"CHUA j\u00e1 agilizou a progress\u00e3o remunerat\u00f3ria de 1793 trabalhadores\",\"datePublished\":\"2023-08-17T12:11:39+00:00\",\"dateModified\":\"2023-08-17T12:11:43+00:00\",\"mainEntityOfPage\":{\"@id\":\"https:\\\/\\\/algarve7.pt\\\/index.php\\\/2023\\\/08\\\/chua-ja-agilizou-a-progressao-remuneratoria-de-1793-trabalhadores\\\/saude\\\/13\\\/11\\\/\"},\"wordCount\":561,\"publisher\":{\"@id\":\"https:\\\/\\\/algarve7.pt\\\/#organization\"},\"image\":{\"@id\":\"https:\\\/\\\/algarve7.pt\\\/index.php\\\/2023\\\/08\\\/chua-ja-agilizou-a-progressao-remuneratoria-de-1793-trabalhadores\\\/saude\\\/13\\\/11\\\/#primaryimage\"},\"thumbnailUrl\":\"https:\\\/\\\/algarve7.pt\\\/wp-content\\\/uploads\\\/2023\\\/08\\\/siadap-chua-comunicado-1600x1130px.png\",\"keywords\":[\"Algarve\",\"CHUA\",\"Sa\u00fade\"],\"articleSection\":[\"Sa\u00fade\"],\"inLanguage\":\"pt-PT\"},{\"@type\":\"WebPage\",\"@id\":\"https:\\\/\\\/algarve7.pt\\\/index.php\\\/2023\\\/08\\\/chua-ja-agilizou-a-progressao-remuneratoria-de-1793-trabalhadores\\\/saude\\\/13\\\/11\\\/\",\"url\":\"https:\\\/\\\/algarve7.pt\\\/index.php\\\/2023\\\/08\\\/chua-ja-agilizou-a-progressao-remuneratoria-de-1793-trabalhadores\\\/saude\\\/13\\\/11\\\/\",\"name\":\"CHUA j\u00e1 agilizou a progress\u00e3o remunerat\u00f3ria de 1793 trabalhadores - Algarve 7\",\"isPartOf\":{\"@id\":\"https:\\\/\\\/algarve7.pt\\\/#website\"},\"primaryImageOfPage\":{\"@id\":\"https:\\\/\\\/algarve7.pt\\\/index.php\\\/2023\\\/08\\\/chua-ja-agilizou-a-progressao-remuneratoria-de-1793-trabalhadores\\\/saude\\\/13\\\/11\\\/#primaryimage\"},\"image\":{\"@id\":\"https:\\\/\\\/algarve7.pt\\\/index.php\\\/2023\\\/08\\\/chua-ja-agilizou-a-progressao-remuneratoria-de-1793-trabalhadores\\\/saude\\\/13\\\/11\\\/#primaryimage\"},\"thumbnailUrl\":\"https:\\\/\\\/algarve7.pt\\\/wp-content\\\/uploads\\\/2023\\\/08\\\/siadap-chua-comunicado-1600x1130px.png\",\"datePublished\":\"2023-08-17T12:11:39+00:00\",\"dateModified\":\"2023-08-17T12:11:43+00:00\",\"description\":\"CHUA j\u00e1 agilizou a progress\u00e3o remunerat\u00f3ria de 1793 trabalhadores Sa\u00fade\",\"breadcrumb\":{\"@id\":\"https:\\\/\\\/algarve7.pt\\\/index.php\\\/2023\\\/08\\\/chua-ja-agilizou-a-progressao-remuneratoria-de-1793-trabalhadores\\\/saude\\\/13\\\/11\\\/#breadcrumb\"},\"inLanguage\":\"pt-PT\",\"potentialAction\":[{\"@type\":\"ReadAction\",\"target\":[\"https:\\\/\\\/algarve7.pt\\\/index.php\\\/2023\\\/08\\\/chua-ja-agilizou-a-progressao-remuneratoria-de-1793-trabalhadores\\\/saude\\\/13\\\/11\\\/\"]}]},{\"@type\":\"ImageObject\",\"inLanguage\":\"pt-PT\",\"@id\":\"https:\\\/\\\/algarve7.pt\\\/index.php\\\/2023\\\/08\\\/chua-ja-agilizou-a-progressao-remuneratoria-de-1793-trabalhadores\\\/saude\\\/13\\\/11\\\/#primaryimage\",\"url\":\"https:\\\/\\\/algarve7.pt\\\/wp-content\\\/uploads\\\/2023\\\/08\\\/siadap-chua-comunicado-1600x1130px.png\",\"contentUrl\":\"https:\\\/\\\/algarve7.pt\\\/wp-content\\\/uploads\\\/2023\\\/08\\\/siadap-chua-comunicado-1600x1130px.png\",\"width\":1024,\"height\":723},{\"@type\":\"BreadcrumbList\",\"@id\":\"https:\\\/\\\/algarve7.pt\\\/index.php\\\/2023\\\/08\\\/chua-ja-agilizou-a-progressao-remuneratoria-de-1793-trabalhadores\\\/saude\\\/13\\\/11\\\/#breadcrumb\",\"itemListElement\":[{\"@type\":\"ListItem\",\"position\":1,\"name\":\"In\u00edcio\",\"item\":\"https:\\\/\\\/algarve7.pt\\\/\"},{\"@type\":\"ListItem\",\"position\":2,\"name\":\"CHUA j\u00e1 agilizou a progress\u00e3o remunerat\u00f3ria de 1793 trabalhadores\"}]},{\"@type\":\"WebSite\",\"@id\":\"https:\\\/\\\/algarve7.pt\\\/#website\",\"url\":\"https:\\\/\\\/algarve7.pt\\\/\",\"name\":\"Algarve 7\",\"description\":\"Informa\u00e7\u00e3o sobre o Algarve\",\"publisher\":{\"@id\":\"https:\\\/\\\/algarve7.pt\\\/#organization\"},\"potentialAction\":[{\"@type\":\"SearchAction\",\"target\":{\"@type\":\"EntryPoint\",\"urlTemplate\":\"https:\\\/\\\/algarve7.pt\\\/?s={search_term_string}\"},\"query-input\":{\"@type\":\"PropertyValueSpecification\",\"valueRequired\":true,\"valueName\":\"search_term_string\"}}],\"inLanguage\":\"pt-PT\"},{\"@type\":\"Organization\",\"@id\":\"https:\\\/\\\/algarve7.pt\\\/#organization\",\"name\":\"Algarve 7\",\"url\":\"https:\\\/\\\/algarve7.pt\\\/\",\"logo\":{\"@type\":\"ImageObject\",\"inLanguage\":\"pt-PT\",\"@id\":\"https:\\\/\\\/algarve7.pt\\\/#\\\/schema\\\/logo\\\/image\\\/\",\"url\":\"https:\\\/\\\/algarve7.pt\\\/wp-content\\\/uploads\\\/2020\\\/10\\\/Logo-8.jpg\",\"contentUrl\":\"https:\\\/\\\/algarve7.pt\\\/wp-content\\\/uploads\\\/2020\\\/10\\\/Logo-8.jpg\",\"width\":1680,\"height\":1186,\"caption\":\"Algarve 7\"},\"image\":{\"@id\":\"https:\\\/\\\/algarve7.pt\\\/#\\\/schema\\\/logo\\\/image\\\/\"},\"sameAs\":[\"https:\\\/\\\/www.facebook.com\\\/algarve7\",\"https:\\\/\\\/x.com\\\/Algarvesete\",\"https:\\\/\\\/www.instagram.com\\\/jornalalgarve7\\\/\",\"https:\\\/\\\/www.linkedin.com\\\/company\\\/algarve7\",\"https:\\\/\\\/www.pinterest.pt\\\/geral0939\\\/_created\\\/\"]},{\"@type\":\"Person\",\"@id\":\"https:\\\/\\\/algarve7.pt\\\/#\\\/schema\\\/person\\\/23fa70681308e7b319a3204bcea45e0c\",\"name\":\"Algarve 7\",\"sameAs\":[\"https:\\\/\\\/algarve7.pt\",\"https:\\\/\\\/www.facebook.com\\\/algarve7\"],\"url\":\"https:\\\/\\\/algarve7.pt\\\/index.php\\\/author\\\/geralalgarve7-pt\\\/\"}]}<\/script>\n<!-- \/ Yoast SEO plugin. -->","yoast_head_json":{"title":"CHUA j\u00e1 agilizou a progress\u00e3o remunerat\u00f3ria de 1793 trabalhadores - Algarve 7","description":"CHUA j\u00e1 agilizou a progress\u00e3o remunerat\u00f3ria de 1793 trabalhadores Sa\u00fade","robots":{"index":"index","follow":"follow","max-snippet":"max-snippet:-1","max-image-preview":"max-image-preview:large","max-video-preview":"max-video-preview:-1"},"canonical":"https:\/\/algarve7.pt\/index.php\/2023\/08\/chua-ja-agilizou-a-progressao-remuneratoria-de-1793-trabalhadores\/saude\/13\/11\/","og_locale":"pt_PT","og_type":"article","og_title":"CHUA j\u00e1 agilizou a progress\u00e3o remunerat\u00f3ria de 1793 trabalhadores - Algarve 7","og_description":"CHUA j\u00e1 agilizou a progress\u00e3o remunerat\u00f3ria de 1793 trabalhadores Sa\u00fade","og_url":"https:\/\/algarve7.pt\/index.php\/2023\/08\/chua-ja-agilizou-a-progressao-remuneratoria-de-1793-trabalhadores\/saude\/13\/11\/","og_site_name":"Algarve 7","article_publisher":"https:\/\/www.facebook.com\/algarve7","article_author":"https:\/\/www.facebook.com\/algarve7","article_published_time":"2023-08-17T12:11:39+00:00","article_modified_time":"2023-08-17T12:11:43+00:00","og_image":[{"width":1024,"height":723,"url":"https:\/\/algarve7.pt\/wp-content\/uploads\/2023\/08\/siadap-chua-comunicado-1600x1130px.png","type":"image\/png"}],"author":"Algarve 7","twitter_card":"summary_large_image","twitter_creator":"@Algarvesete","twitter_site":"@Algarvesete","twitter_misc":{"Escrito por":"Algarve 7","Tempo estimado de leitura":"3 minutos"},"schema":{"@context":"https:\/\/schema.org","@graph":[{"@type":"Article","@id":"https:\/\/algarve7.pt\/index.php\/2023\/08\/chua-ja-agilizou-a-progressao-remuneratoria-de-1793-trabalhadores\/saude\/13\/11\/#article","isPartOf":{"@id":"https:\/\/algarve7.pt\/index.php\/2023\/08\/chua-ja-agilizou-a-progressao-remuneratoria-de-1793-trabalhadores\/saude\/13\/11\/"},"author":{"name":"Algarve 7","@id":"https:\/\/algarve7.pt\/#\/schema\/person\/23fa70681308e7b319a3204bcea45e0c"},"headline":"CHUA j\u00e1 agilizou a progress\u00e3o remunerat\u00f3ria de 1793 trabalhadores","datePublished":"2023-08-17T12:11:39+00:00","dateModified":"2023-08-17T12:11:43+00:00","mainEntityOfPage":{"@id":"https:\/\/algarve7.pt\/index.php\/2023\/08\/chua-ja-agilizou-a-progressao-remuneratoria-de-1793-trabalhadores\/saude\/13\/11\/"},"wordCount":561,"publisher":{"@id":"https:\/\/algarve7.pt\/#organization"},"image":{"@id":"https:\/\/algarve7.pt\/index.php\/2023\/08\/chua-ja-agilizou-a-progressao-remuneratoria-de-1793-trabalhadores\/saude\/13\/11\/#primaryimage"},"thumbnailUrl":"https:\/\/algarve7.pt\/wp-content\/uploads\/2023\/08\/siadap-chua-comunicado-1600x1130px.png","keywords":["Algarve","CHUA","Sa\u00fade"],"articleSection":["Sa\u00fade"],"inLanguage":"pt-PT"},{"@type":"WebPage","@id":"https:\/\/algarve7.pt\/index.php\/2023\/08\/chua-ja-agilizou-a-progressao-remuneratoria-de-1793-trabalhadores\/saude\/13\/11\/","url":"https:\/\/algarve7.pt\/index.php\/2023\/08\/chua-ja-agilizou-a-progressao-remuneratoria-de-1793-trabalhadores\/saude\/13\/11\/","name":"CHUA j\u00e1 agilizou a progress\u00e3o remunerat\u00f3ria de 1793 trabalhadores - Algarve 7","isPartOf":{"@id":"https:\/\/algarve7.pt\/#website"},"primaryImageOfPage":{"@id":"https:\/\/algarve7.pt\/index.php\/2023\/08\/chua-ja-agilizou-a-progressao-remuneratoria-de-1793-trabalhadores\/saude\/13\/11\/#primaryimage"},"image":{"@id":"https:\/\/algarve7.pt\/index.php\/2023\/08\/chua-ja-agilizou-a-progressao-remuneratoria-de-1793-trabalhadores\/saude\/13\/11\/#primaryimage"},"thumbnailUrl":"https:\/\/algarve7.pt\/wp-content\/uploads\/2023\/08\/siadap-chua-comunicado-1600x1130px.png","datePublished":"2023-08-17T12:11:39+00:00","dateModified":"2023-08-17T12:11:43+00:00","description":"CHUA j\u00e1 agilizou a progress\u00e3o remunerat\u00f3ria de 1793 trabalhadores Sa\u00fade","breadcrumb":{"@id":"https:\/\/algarve7.pt\/index.php\/2023\/08\/chua-ja-agilizou-a-progressao-remuneratoria-de-1793-trabalhadores\/saude\/13\/11\/#breadcrumb"},"inLanguage":"pt-PT","potentialAction":[{"@type":"ReadAction","target":["https:\/\/algarve7.pt\/index.php\/2023\/08\/chua-ja-agilizou-a-progressao-remuneratoria-de-1793-trabalhadores\/saude\/13\/11\/"]}]},{"@type":"ImageObject","inLanguage":"pt-PT","@id":"https:\/\/algarve7.pt\/index.php\/2023\/08\/chua-ja-agilizou-a-progressao-remuneratoria-de-1793-trabalhadores\/saude\/13\/11\/#primaryimage","url":"https:\/\/algarve7.pt\/wp-content\/uploads\/2023\/08\/siadap-chua-comunicado-1600x1130px.png","contentUrl":"https:\/\/algarve7.pt\/wp-content\/uploads\/2023\/08\/siadap-chua-comunicado-1600x1130px.png","width":1024,"height":723},{"@type":"BreadcrumbList","@id":"https:\/\/algarve7.pt\/index.php\/2023\/08\/chua-ja-agilizou-a-progressao-remuneratoria-de-1793-trabalhadores\/saude\/13\/11\/#breadcrumb","itemListElement":[{"@type":"ListItem","position":1,"name":"In\u00edcio","item":"https:\/\/algarve7.pt\/"},{"@type":"ListItem","position":2,"name":"CHUA j\u00e1 agilizou a progress\u00e3o remunerat\u00f3ria de 1793 trabalhadores"}]},{"@type":"WebSite","@id":"https:\/\/algarve7.pt\/#website","url":"https:\/\/algarve7.pt\/","name":"Algarve 7","description":"Informa\u00e7\u00e3o sobre o Algarve","publisher":{"@id":"https:\/\/algarve7.pt\/#organization"},"potentialAction":[{"@type":"SearchAction","target":{"@type":"EntryPoint","urlTemplate":"https:\/\/algarve7.pt\/?s={search_term_string}"},"query-input":{"@type":"PropertyValueSpecification","valueRequired":true,"valueName":"search_term_string"}}],"inLanguage":"pt-PT"},{"@type":"Organization","@id":"https:\/\/algarve7.pt\/#organization","name":"Algarve 7","url":"https:\/\/algarve7.pt\/","logo":{"@type":"ImageObject","inLanguage":"pt-PT","@id":"https:\/\/algarve7.pt\/#\/schema\/logo\/image\/","url":"https:\/\/algarve7.pt\/wp-content\/uploads\/2020\/10\/Logo-8.jpg","contentUrl":"https:\/\/algarve7.pt\/wp-content\/uploads\/2020\/10\/Logo-8.jpg","width":1680,"height":1186,"caption":"Algarve 7"},"image":{"@id":"https:\/\/algarve7.pt\/#\/schema\/logo\/image\/"},"sameAs":["https:\/\/www.facebook.com\/algarve7","https:\/\/x.com\/Algarvesete","https:\/\/www.instagram.com\/jornalalgarve7\/","https:\/\/www.linkedin.com\/company\/algarve7","https:\/\/www.pinterest.pt\/geral0939\/_created\/"]},{"@type":"Person","@id":"https:\/\/algarve7.pt\/#\/schema\/person\/23fa70681308e7b319a3204bcea45e0c","name":"Algarve 7","sameAs":["https:\/\/algarve7.pt","https:\/\/www.facebook.com\/algarve7"],"url":"https:\/\/algarve7.pt\/index.php\/author\/geralalgarve7-pt\/"}]}},"jetpack_publicize_connections":[],"jetpack_featured_media_url":"https:\/\/algarve7.pt\/wp-content\/uploads\/2023\/08\/siadap-chua-comunicado-1600x1130px.png","jetpack_shortlink":"https:\/\/wp.me\/pcezmW-7R0","jetpack_sharing_enabled":true,"_links":{"self":[{"href":"https:\/\/algarve7.pt\/index.php\/wp-json\/wp\/v2\/posts\/30194","targetHints":{"allow":["GET"]}}],"collection":[{"href":"https:\/\/algarve7.pt\/index.php\/wp-json\/wp\/v2\/posts"}],"about":[{"href":"https:\/\/algarve7.pt\/index.php\/wp-json\/wp\/v2\/types\/post"}],"author":[{"embeddable":true,"href":"https:\/\/algarve7.pt\/index.php\/wp-json\/wp\/v2\/users\/1"}],"replies":[{"embeddable":true,"href":"https:\/\/algarve7.pt\/index.php\/wp-json\/wp\/v2\/comments?post=30194"}],"version-history":[{"count":0,"href":"https:\/\/algarve7.pt\/index.php\/wp-json\/wp\/v2\/posts\/30194\/revisions"}],"wp:featuredmedia":[{"embeddable":true,"href":"https:\/\/algarve7.pt\/index.php\/wp-json\/wp\/v2\/media\/30195"}],"wp:attachment":[{"href":"https:\/\/algarve7.pt\/index.php\/wp-json\/wp\/v2\/media?parent=30194"}],"wp:term":[{"taxonomy":"category","embeddable":true,"href":"https:\/\/algarve7.pt\/index.php\/wp-json\/wp\/v2\/categories?post=30194"},{"taxonomy":"post_tag","embeddable":true,"href":"https:\/\/algarve7.pt\/index.php\/wp-json\/wp\/v2\/tags?post=30194"}],"curies":[{"name":"wp","href":"https:\/\/api.w.org\/{rel}","templated":true}]}}