{"id":30175,"date":"2023-08-16T17:59:01","date_gmt":"2023-08-16T16:59:01","guid":{"rendered":"https:\/\/algarve7.pt\/?p=30175"},"modified":"2023-08-16T17:59:04","modified_gmt":"2023-08-16T16:59:04","slug":"lancamento-da-campanha-taxa-zero-ao-volante-2","status":"publish","type":"post","link":"https:\/\/algarve7.pt\/index.php\/2023\/08\/lancamento-da-campanha-taxa-zero-ao-volante-2\/nacional\/17\/59\/","title":{"rendered":"Lan\u00e7amento da Campanha \u201cTaxa Zero ao Volante\u201d"},"content":{"rendered":"\n<p>A Autoridade Nacional de Seguran\u00e7a Rodovi\u00e1ria (ANSR), a Guarda Nacional Republicana (GNR) e a Pol\u00edcia de Seguran\u00e7a P\u00fablica (PSP) lan\u00e7am amanh\u00e3, dia 17 de agosto, a Campanha de Seguran\u00e7a Rodovi\u00e1ria\u201cTaxa Zero ao Volante\u201d,&nbsp;inserida no Plano Nacional de Fiscaliza\u00e7\u00e3o de 2023.<\/p>\n\n\n\n<p>A decorrer entre os dias 17 e 23 de agosto, a campanha tem como objetivo\u00a0alertar os condutores para os riscos da condu\u00e7\u00e3o sob a influ\u00eancia do \u00e1lcool.\u00a0Um em cada tr\u00eas condutores mortos em acidentes de via\u00e7\u00e3o apresenta uma taxa de \u00e1lcool no sangue igual ou superior a 0,5 g\/l e tr\u00eas em cada quatro destes condutores apresentam uma taxa igual ou superior a 1,2 g\/l.<\/p>\n\n\n\n<p>V\u00e1rios estudos cient\u00edficos demonstram que conduzir sob a influ\u00eancia do \u00e1lcool causa v\u00e1rias perturba\u00e7\u00f5es, designadamente, ao n\u00edvel cognitivo e do processamento de informa\u00e7\u00e3o, bem como altera\u00e7\u00f5es na capacidade de reagir aos imprevistos, e descoordena\u00e7\u00e3o motora.&nbsp;<\/p>\n\n\n\n<p>O \u00e1lcool tamb\u00e9m diminui o campo visual, provocando a chamada vis\u00e3o em t\u00fanel. Esta perda de capacidades, bem como as altera\u00e7\u00f5es de comportamento que podem levar a estados de euforia e desinibi\u00e7\u00e3o, aumentam de forma muito significativa o risco de envolvimento em acidentes rodovi\u00e1rios.&nbsp;<\/p>\n\n\n\n<p>A campanha&nbsp;\u201cTaxa Zero ao Volante\u201d&nbsp;integrar\u00e1:<\/p>\n\n\n\n<p>A\u00e7\u00f5es de sensibiliza\u00e7\u00e3o da ANSR em territ\u00f3rio continental e dos servi\u00e7os da administra\u00e7\u00e3o regional da Regi\u00e3o Aut\u00f3noma da Madeira;<\/p>\n\n\n\n<p>Opera\u00e7\u00f5es de fiscaliza\u00e7\u00e3o, pela GNR e pela PSP, com especial incid\u00eancia em vias e acessos com elevado fluxo rodovi\u00e1rio e de acordo com o Plano Nacional de Fiscaliza\u00e7\u00e3o 2022, de forma a contribuir para a diminui\u00e7\u00e3o do risco de ocorr\u00eancia de acidentes e para a ado\u00e7\u00e3o de comportamentos mais seguros por parte dos condutores no que &nbsp;tange \u00e0 condu\u00e7\u00e3o sob a influ\u00eancia do \u00e1lcool.<\/p>\n\n\n\n<p>As a\u00e7\u00f5es de sensibiliza\u00e7\u00e3o ocorrer\u00e3o em simult\u00e2neo com opera\u00e7\u00f5es de fiscaliza\u00e7\u00e3o nas seguintes localidades:<\/p>\n\n\n\n<p>\u00b7&nbsp;&nbsp;&nbsp;&nbsp;&nbsp;&nbsp;&nbsp;&nbsp;&nbsp;Dia 17 de agosto, \u00e0s 13h30: Avenida de Ceuta (junto ao Banco Alimentar, no sentido Pra\u00e7a de Espanha), Lisboa;<\/p>\n\n\n\n<p>\u00b7&nbsp;&nbsp;&nbsp;&nbsp;&nbsp;&nbsp;&nbsp;&nbsp;&nbsp;Dia 18 de agosto, \u00e0s 16h00: IC20 &#8211; Km7- Sentido Almada\/Costa Caparica, Set\u00fabal;<\/p>\n\n\n\n<p>\u00b7&nbsp;&nbsp;&nbsp;&nbsp;&nbsp;&nbsp;&nbsp;&nbsp;&nbsp;Dia 21 de agosto, \u00e0s 16h30: Avenida Saraiva Carvalho, Figueira da Foz;<\/p>\n\n\n\n<p>\u00b7&nbsp;&nbsp;&nbsp;&nbsp;&nbsp;&nbsp;&nbsp;&nbsp;&nbsp;Dia 22 de agosto, \u00e0s 14h00: A4 \u2013 Pra\u00e7a das Portagens de Amarante, Sentido Porto-Amarante;<\/p>\n\n\n\n<p>\u00b7&nbsp;&nbsp;&nbsp;&nbsp;&nbsp;&nbsp;&nbsp;&nbsp;&nbsp;<strong>Dia 23 de agosto, \u00e0s 18h00: Rotunda da Cadeia, Faro<\/strong>.<\/p>\n\n\n\n<p>A ANSR, a GNR e a PSP relembram que a condu\u00e7\u00e3o sob a influ\u00eancia do \u00e1lcool \u00e9 um risco para a sua seguran\u00e7a e dos outros:<\/p>\n\n\n\n<p><\/p>\n\n\n\n<p><\/p>\n","protected":false},"excerpt":{"rendered":"<p>A Autoridade Nacional de Seguran\u00e7a Rodovi\u00e1ria (ANSR), a Guarda Nacional Republicana (GNR) e a Pol\u00edcia de Seguran\u00e7a P\u00fablica (PSP) lan\u00e7am<\/p>\n","protected":false},"author":1,"featured_media":30176,"comment_status":"closed","ping_status":"open","sticky":false,"template":"","format":"standard","meta":{"colormag_page_container_layout":"default_layout","colormag_page_sidebar_layout":"default_layout","_monsterinsights_skip_tracking":false,"_monsterinsights_sitenote_active":false,"_monsterinsights_sitenote_note":"","_monsterinsights_sitenote_category":0,"jetpack_post_was_ever_published":false,"_jetpack_newsletter_access":"","_jetpack_dont_email_post_to_subs":false,"_jetpack_newsletter_tier_id":0,"_jetpack_memberships_contains_paywalled_content":false,"_jetpack_memberships_contains_paid_content":false,"footnotes":"","jetpack_publicize_message":"","jetpack_publicize_feature_enabled":true,"jetpack_social_post_already_shared":true,"jetpack_social_options":{"image_generator_settings":{"template":"highway","default_image_id":0,"font":"","enabled":false},"version":2}},"categories":[189],"tags":[36,261,62,140],"class_list":["post-30175","post","type-post","status-publish","format-standard","has-post-thumbnail","hentry","category-nacional","tag-algarve","tag-ansr","tag-atualidade","tag-gnr"],"yoast_head":"<!-- This site is optimized with the Yoast SEO plugin v27.5 - https:\/\/yoast.com\/product\/yoast-seo-wordpress\/ -->\n<title>Lan\u00e7amento da Campanha \u201cTaxa Zero ao Volante\u201d - Algarve 7<\/title>\n<meta name=\"description\" content=\"Lan\u00e7amento da Campanha \u201cTaxa Zero ao Volante\u201d Nacional\" \/>\n<meta name=\"robots\" content=\"index, follow, max-snippet:-1, max-image-preview:large, max-video-preview:-1\" \/>\n<link rel=\"canonical\" href=\"https:\/\/algarve7.pt\/index.php\/2023\/08\/lancamento-da-campanha-taxa-zero-ao-volante-2\/nacional\/17\/59\/\" \/>\n<meta property=\"og:locale\" content=\"pt_PT\" \/>\n<meta property=\"og:type\" content=\"article\" \/>\n<meta property=\"og:title\" content=\"Lan\u00e7amento da Campanha \u201cTaxa Zero ao Volante\u201d - Algarve 7\" \/>\n<meta property=\"og:description\" content=\"Lan\u00e7amento da Campanha \u201cTaxa Zero ao Volante\u201d Nacional\" \/>\n<meta property=\"og:url\" content=\"https:\/\/algarve7.pt\/index.php\/2023\/08\/lancamento-da-campanha-taxa-zero-ao-volante-2\/nacional\/17\/59\/\" \/>\n<meta property=\"og:site_name\" content=\"Algarve 7\" \/>\n<meta property=\"article:publisher\" content=\"https:\/\/www.facebook.com\/algarve7\" \/>\n<meta property=\"article:author\" content=\"https:\/\/www.facebook.com\/algarve7\" \/>\n<meta property=\"article:published_time\" content=\"2023-08-16T16:59:01+00:00\" \/>\n<meta property=\"article:modified_time\" content=\"2023-08-16T16:59:04+00:00\" \/>\n<meta property=\"og:image\" content=\"https:\/\/algarve7.pt\/wp-content\/uploads\/2023\/08\/noticiasitetaxazero1000x634px.png\" \/>\n\t<meta property=\"og:image:width\" content=\"1000\" \/>\n\t<meta property=\"og:image:height\" content=\"634\" \/>\n\t<meta property=\"og:image:type\" content=\"image\/png\" \/>\n<meta name=\"author\" content=\"Algarve 7\" \/>\n<meta name=\"twitter:card\" content=\"summary_large_image\" \/>\n<meta name=\"twitter:creator\" content=\"@Algarvesete\" \/>\n<meta name=\"twitter:site\" content=\"@Algarvesete\" \/>\n<meta name=\"twitter:label1\" content=\"Escrito por\" \/>\n\t<meta name=\"twitter:data1\" content=\"Algarve 7\" \/>\n\t<meta name=\"twitter:label2\" content=\"Tempo estimado de leitura\" \/>\n\t<meta name=\"twitter:data2\" content=\"3 minutos\" \/>\n<script type=\"application\/ld+json\" class=\"yoast-schema-graph\">{\"@context\":\"https:\\\/\\\/schema.org\",\"@graph\":[{\"@type\":\"Article\",\"@id\":\"https:\\\/\\\/algarve7.pt\\\/index.php\\\/2023\\\/08\\\/lancamento-da-campanha-taxa-zero-ao-volante-2\\\/nacional\\\/17\\\/59\\\/#article\",\"isPartOf\":{\"@id\":\"https:\\\/\\\/algarve7.pt\\\/index.php\\\/2023\\\/08\\\/lancamento-da-campanha-taxa-zero-ao-volante-2\\\/nacional\\\/17\\\/59\\\/\"},\"author\":{\"name\":\"Algarve 7\",\"@id\":\"https:\\\/\\\/algarve7.pt\\\/#\\\/schema\\\/person\\\/23fa70681308e7b319a3204bcea45e0c\"},\"headline\":\"Lan\u00e7amento da Campanha \u201cTaxa Zero ao Volante\u201d\",\"datePublished\":\"2023-08-16T16:59:01+00:00\",\"dateModified\":\"2023-08-16T16:59:04+00:00\",\"mainEntityOfPage\":{\"@id\":\"https:\\\/\\\/algarve7.pt\\\/index.php\\\/2023\\\/08\\\/lancamento-da-campanha-taxa-zero-ao-volante-2\\\/nacional\\\/17\\\/59\\\/\"},\"wordCount\":493,\"publisher\":{\"@id\":\"https:\\\/\\\/algarve7.pt\\\/#organization\"},\"image\":{\"@id\":\"https:\\\/\\\/algarve7.pt\\\/index.php\\\/2023\\\/08\\\/lancamento-da-campanha-taxa-zero-ao-volante-2\\\/nacional\\\/17\\\/59\\\/#primaryimage\"},\"thumbnailUrl\":\"https:\\\/\\\/algarve7.pt\\\/wp-content\\\/uploads\\\/2023\\\/08\\\/noticiasitetaxazero1000x634px.png\",\"keywords\":[\"Algarve\",\"ANSR\",\"Atualidade\",\"GNR\"],\"articleSection\":[\"Nacional\"],\"inLanguage\":\"pt-PT\"},{\"@type\":\"WebPage\",\"@id\":\"https:\\\/\\\/algarve7.pt\\\/index.php\\\/2023\\\/08\\\/lancamento-da-campanha-taxa-zero-ao-volante-2\\\/nacional\\\/17\\\/59\\\/\",\"url\":\"https:\\\/\\\/algarve7.pt\\\/index.php\\\/2023\\\/08\\\/lancamento-da-campanha-taxa-zero-ao-volante-2\\\/nacional\\\/17\\\/59\\\/\",\"name\":\"Lan\u00e7amento da Campanha \u201cTaxa Zero ao Volante\u201d - Algarve 7\",\"isPartOf\":{\"@id\":\"https:\\\/\\\/algarve7.pt\\\/#website\"},\"primaryImageOfPage\":{\"@id\":\"https:\\\/\\\/algarve7.pt\\\/index.php\\\/2023\\\/08\\\/lancamento-da-campanha-taxa-zero-ao-volante-2\\\/nacional\\\/17\\\/59\\\/#primaryimage\"},\"image\":{\"@id\":\"https:\\\/\\\/algarve7.pt\\\/index.php\\\/2023\\\/08\\\/lancamento-da-campanha-taxa-zero-ao-volante-2\\\/nacional\\\/17\\\/59\\\/#primaryimage\"},\"thumbnailUrl\":\"https:\\\/\\\/algarve7.pt\\\/wp-content\\\/uploads\\\/2023\\\/08\\\/noticiasitetaxazero1000x634px.png\",\"datePublished\":\"2023-08-16T16:59:01+00:00\",\"dateModified\":\"2023-08-16T16:59:04+00:00\",\"description\":\"Lan\u00e7amento da Campanha \u201cTaxa Zero ao Volante\u201d Nacional\",\"breadcrumb\":{\"@id\":\"https:\\\/\\\/algarve7.pt\\\/index.php\\\/2023\\\/08\\\/lancamento-da-campanha-taxa-zero-ao-volante-2\\\/nacional\\\/17\\\/59\\\/#breadcrumb\"},\"inLanguage\":\"pt-PT\",\"potentialAction\":[{\"@type\":\"ReadAction\",\"target\":[\"https:\\\/\\\/algarve7.pt\\\/index.php\\\/2023\\\/08\\\/lancamento-da-campanha-taxa-zero-ao-volante-2\\\/nacional\\\/17\\\/59\\\/\"]}]},{\"@type\":\"ImageObject\",\"inLanguage\":\"pt-PT\",\"@id\":\"https:\\\/\\\/algarve7.pt\\\/index.php\\\/2023\\\/08\\\/lancamento-da-campanha-taxa-zero-ao-volante-2\\\/nacional\\\/17\\\/59\\\/#primaryimage\",\"url\":\"https:\\\/\\\/algarve7.pt\\\/wp-content\\\/uploads\\\/2023\\\/08\\\/noticiasitetaxazero1000x634px.png\",\"contentUrl\":\"https:\\\/\\\/algarve7.pt\\\/wp-content\\\/uploads\\\/2023\\\/08\\\/noticiasitetaxazero1000x634px.png\",\"width\":1000,\"height\":634},{\"@type\":\"BreadcrumbList\",\"@id\":\"https:\\\/\\\/algarve7.pt\\\/index.php\\\/2023\\\/08\\\/lancamento-da-campanha-taxa-zero-ao-volante-2\\\/nacional\\\/17\\\/59\\\/#breadcrumb\",\"itemListElement\":[{\"@type\":\"ListItem\",\"position\":1,\"name\":\"In\u00edcio\",\"item\":\"https:\\\/\\\/algarve7.pt\\\/\"},{\"@type\":\"ListItem\",\"position\":2,\"name\":\"Lan\u00e7amento da Campanha \u201cTaxa Zero ao Volante\u201d\"}]},{\"@type\":\"WebSite\",\"@id\":\"https:\\\/\\\/algarve7.pt\\\/#website\",\"url\":\"https:\\\/\\\/algarve7.pt\\\/\",\"name\":\"Algarve 7\",\"description\":\"Informa\u00e7\u00e3o sobre o Algarve\",\"publisher\":{\"@id\":\"https:\\\/\\\/algarve7.pt\\\/#organization\"},\"potentialAction\":[{\"@type\":\"SearchAction\",\"target\":{\"@type\":\"EntryPoint\",\"urlTemplate\":\"https:\\\/\\\/algarve7.pt\\\/?s={search_term_string}\"},\"query-input\":{\"@type\":\"PropertyValueSpecification\",\"valueRequired\":true,\"valueName\":\"search_term_string\"}}],\"inLanguage\":\"pt-PT\"},{\"@type\":\"Organization\",\"@id\":\"https:\\\/\\\/algarve7.pt\\\/#organization\",\"name\":\"Algarve 7\",\"url\":\"https:\\\/\\\/algarve7.pt\\\/\",\"logo\":{\"@type\":\"ImageObject\",\"inLanguage\":\"pt-PT\",\"@id\":\"https:\\\/\\\/algarve7.pt\\\/#\\\/schema\\\/logo\\\/image\\\/\",\"url\":\"https:\\\/\\\/algarve7.pt\\\/wp-content\\\/uploads\\\/2020\\\/10\\\/Logo-8.jpg\",\"contentUrl\":\"https:\\\/\\\/algarve7.pt\\\/wp-content\\\/uploads\\\/2020\\\/10\\\/Logo-8.jpg\",\"width\":1680,\"height\":1186,\"caption\":\"Algarve 7\"},\"image\":{\"@id\":\"https:\\\/\\\/algarve7.pt\\\/#\\\/schema\\\/logo\\\/image\\\/\"},\"sameAs\":[\"https:\\\/\\\/www.facebook.com\\\/algarve7\",\"https:\\\/\\\/x.com\\\/Algarvesete\",\"https:\\\/\\\/www.instagram.com\\\/jornalalgarve7\\\/\",\"https:\\\/\\\/www.linkedin.com\\\/company\\\/algarve7\",\"https:\\\/\\\/www.pinterest.pt\\\/geral0939\\\/_created\\\/\"]},{\"@type\":\"Person\",\"@id\":\"https:\\\/\\\/algarve7.pt\\\/#\\\/schema\\\/person\\\/23fa70681308e7b319a3204bcea45e0c\",\"name\":\"Algarve 7\",\"sameAs\":[\"https:\\\/\\\/algarve7.pt\",\"https:\\\/\\\/www.facebook.com\\\/algarve7\"],\"url\":\"https:\\\/\\\/algarve7.pt\\\/index.php\\\/author\\\/geralalgarve7-pt\\\/\"}]}<\/script>\n<!-- \/ Yoast SEO plugin. -->","yoast_head_json":{"title":"Lan\u00e7amento da Campanha \u201cTaxa Zero ao Volante\u201d - Algarve 7","description":"Lan\u00e7amento da Campanha \u201cTaxa Zero ao Volante\u201d Nacional","robots":{"index":"index","follow":"follow","max-snippet":"max-snippet:-1","max-image-preview":"max-image-preview:large","max-video-preview":"max-video-preview:-1"},"canonical":"https:\/\/algarve7.pt\/index.php\/2023\/08\/lancamento-da-campanha-taxa-zero-ao-volante-2\/nacional\/17\/59\/","og_locale":"pt_PT","og_type":"article","og_title":"Lan\u00e7amento da Campanha \u201cTaxa Zero ao Volante\u201d - Algarve 7","og_description":"Lan\u00e7amento da Campanha \u201cTaxa Zero ao Volante\u201d Nacional","og_url":"https:\/\/algarve7.pt\/index.php\/2023\/08\/lancamento-da-campanha-taxa-zero-ao-volante-2\/nacional\/17\/59\/","og_site_name":"Algarve 7","article_publisher":"https:\/\/www.facebook.com\/algarve7","article_author":"https:\/\/www.facebook.com\/algarve7","article_published_time":"2023-08-16T16:59:01+00:00","article_modified_time":"2023-08-16T16:59:04+00:00","og_image":[{"width":1000,"height":634,"url":"https:\/\/algarve7.pt\/wp-content\/uploads\/2023\/08\/noticiasitetaxazero1000x634px.png","type":"image\/png"}],"author":"Algarve 7","twitter_card":"summary_large_image","twitter_creator":"@Algarvesete","twitter_site":"@Algarvesete","twitter_misc":{"Escrito por":"Algarve 7","Tempo estimado de leitura":"3 minutos"},"schema":{"@context":"https:\/\/schema.org","@graph":[{"@type":"Article","@id":"https:\/\/algarve7.pt\/index.php\/2023\/08\/lancamento-da-campanha-taxa-zero-ao-volante-2\/nacional\/17\/59\/#article","isPartOf":{"@id":"https:\/\/algarve7.pt\/index.php\/2023\/08\/lancamento-da-campanha-taxa-zero-ao-volante-2\/nacional\/17\/59\/"},"author":{"name":"Algarve 7","@id":"https:\/\/algarve7.pt\/#\/schema\/person\/23fa70681308e7b319a3204bcea45e0c"},"headline":"Lan\u00e7amento da Campanha \u201cTaxa Zero ao Volante\u201d","datePublished":"2023-08-16T16:59:01+00:00","dateModified":"2023-08-16T16:59:04+00:00","mainEntityOfPage":{"@id":"https:\/\/algarve7.pt\/index.php\/2023\/08\/lancamento-da-campanha-taxa-zero-ao-volante-2\/nacional\/17\/59\/"},"wordCount":493,"publisher":{"@id":"https:\/\/algarve7.pt\/#organization"},"image":{"@id":"https:\/\/algarve7.pt\/index.php\/2023\/08\/lancamento-da-campanha-taxa-zero-ao-volante-2\/nacional\/17\/59\/#primaryimage"},"thumbnailUrl":"https:\/\/algarve7.pt\/wp-content\/uploads\/2023\/08\/noticiasitetaxazero1000x634px.png","keywords":["Algarve","ANSR","Atualidade","GNR"],"articleSection":["Nacional"],"inLanguage":"pt-PT"},{"@type":"WebPage","@id":"https:\/\/algarve7.pt\/index.php\/2023\/08\/lancamento-da-campanha-taxa-zero-ao-volante-2\/nacional\/17\/59\/","url":"https:\/\/algarve7.pt\/index.php\/2023\/08\/lancamento-da-campanha-taxa-zero-ao-volante-2\/nacional\/17\/59\/","name":"Lan\u00e7amento da Campanha \u201cTaxa Zero ao Volante\u201d - Algarve 7","isPartOf":{"@id":"https:\/\/algarve7.pt\/#website"},"primaryImageOfPage":{"@id":"https:\/\/algarve7.pt\/index.php\/2023\/08\/lancamento-da-campanha-taxa-zero-ao-volante-2\/nacional\/17\/59\/#primaryimage"},"image":{"@id":"https:\/\/algarve7.pt\/index.php\/2023\/08\/lancamento-da-campanha-taxa-zero-ao-volante-2\/nacional\/17\/59\/#primaryimage"},"thumbnailUrl":"https:\/\/algarve7.pt\/wp-content\/uploads\/2023\/08\/noticiasitetaxazero1000x634px.png","datePublished":"2023-08-16T16:59:01+00:00","dateModified":"2023-08-16T16:59:04+00:00","description":"Lan\u00e7amento da Campanha \u201cTaxa Zero ao Volante\u201d Nacional","breadcrumb":{"@id":"https:\/\/algarve7.pt\/index.php\/2023\/08\/lancamento-da-campanha-taxa-zero-ao-volante-2\/nacional\/17\/59\/#breadcrumb"},"inLanguage":"pt-PT","potentialAction":[{"@type":"ReadAction","target":["https:\/\/algarve7.pt\/index.php\/2023\/08\/lancamento-da-campanha-taxa-zero-ao-volante-2\/nacional\/17\/59\/"]}]},{"@type":"ImageObject","inLanguage":"pt-PT","@id":"https:\/\/algarve7.pt\/index.php\/2023\/08\/lancamento-da-campanha-taxa-zero-ao-volante-2\/nacional\/17\/59\/#primaryimage","url":"https:\/\/algarve7.pt\/wp-content\/uploads\/2023\/08\/noticiasitetaxazero1000x634px.png","contentUrl":"https:\/\/algarve7.pt\/wp-content\/uploads\/2023\/08\/noticiasitetaxazero1000x634px.png","width":1000,"height":634},{"@type":"BreadcrumbList","@id":"https:\/\/algarve7.pt\/index.php\/2023\/08\/lancamento-da-campanha-taxa-zero-ao-volante-2\/nacional\/17\/59\/#breadcrumb","itemListElement":[{"@type":"ListItem","position":1,"name":"In\u00edcio","item":"https:\/\/algarve7.pt\/"},{"@type":"ListItem","position":2,"name":"Lan\u00e7amento da Campanha \u201cTaxa Zero ao Volante\u201d"}]},{"@type":"WebSite","@id":"https:\/\/algarve7.pt\/#website","url":"https:\/\/algarve7.pt\/","name":"Algarve 7","description":"Informa\u00e7\u00e3o sobre o Algarve","publisher":{"@id":"https:\/\/algarve7.pt\/#organization"},"potentialAction":[{"@type":"SearchAction","target":{"@type":"EntryPoint","urlTemplate":"https:\/\/algarve7.pt\/?s={search_term_string}"},"query-input":{"@type":"PropertyValueSpecification","valueRequired":true,"valueName":"search_term_string"}}],"inLanguage":"pt-PT"},{"@type":"Organization","@id":"https:\/\/algarve7.pt\/#organization","name":"Algarve 7","url":"https:\/\/algarve7.pt\/","logo":{"@type":"ImageObject","inLanguage":"pt-PT","@id":"https:\/\/algarve7.pt\/#\/schema\/logo\/image\/","url":"https:\/\/algarve7.pt\/wp-content\/uploads\/2020\/10\/Logo-8.jpg","contentUrl":"https:\/\/algarve7.pt\/wp-content\/uploads\/2020\/10\/Logo-8.jpg","width":1680,"height":1186,"caption":"Algarve 7"},"image":{"@id":"https:\/\/algarve7.pt\/#\/schema\/logo\/image\/"},"sameAs":["https:\/\/www.facebook.com\/algarve7","https:\/\/x.com\/Algarvesete","https:\/\/www.instagram.com\/jornalalgarve7\/","https:\/\/www.linkedin.com\/company\/algarve7","https:\/\/www.pinterest.pt\/geral0939\/_created\/"]},{"@type":"Person","@id":"https:\/\/algarve7.pt\/#\/schema\/person\/23fa70681308e7b319a3204bcea45e0c","name":"Algarve 7","sameAs":["https:\/\/algarve7.pt","https:\/\/www.facebook.com\/algarve7"],"url":"https:\/\/algarve7.pt\/index.php\/author\/geralalgarve7-pt\/"}]}},"jetpack_publicize_connections":[],"jetpack_featured_media_url":"https:\/\/algarve7.pt\/wp-content\/uploads\/2023\/08\/noticiasitetaxazero1000x634px.png","jetpack_shortlink":"https:\/\/wp.me\/pcezmW-7QH","jetpack_sharing_enabled":true,"_links":{"self":[{"href":"https:\/\/algarve7.pt\/index.php\/wp-json\/wp\/v2\/posts\/30175","targetHints":{"allow":["GET"]}}],"collection":[{"href":"https:\/\/algarve7.pt\/index.php\/wp-json\/wp\/v2\/posts"}],"about":[{"href":"https:\/\/algarve7.pt\/index.php\/wp-json\/wp\/v2\/types\/post"}],"author":[{"embeddable":true,"href":"https:\/\/algarve7.pt\/index.php\/wp-json\/wp\/v2\/users\/1"}],"replies":[{"embeddable":true,"href":"https:\/\/algarve7.pt\/index.php\/wp-json\/wp\/v2\/comments?post=30175"}],"version-history":[{"count":0,"href":"https:\/\/algarve7.pt\/index.php\/wp-json\/wp\/v2\/posts\/30175\/revisions"}],"wp:featuredmedia":[{"embeddable":true,"href":"https:\/\/algarve7.pt\/index.php\/wp-json\/wp\/v2\/media\/30176"}],"wp:attachment":[{"href":"https:\/\/algarve7.pt\/index.php\/wp-json\/wp\/v2\/media?parent=30175"}],"wp:term":[{"taxonomy":"category","embeddable":true,"href":"https:\/\/algarve7.pt\/index.php\/wp-json\/wp\/v2\/categories?post=30175"},{"taxonomy":"post_tag","embeddable":true,"href":"https:\/\/algarve7.pt\/index.php\/wp-json\/wp\/v2\/tags?post=30175"}],"curies":[{"name":"wp","href":"https:\/\/api.w.org\/{rel}","templated":true}]}}