{"id":30164,"date":"2023-08-16T15:00:55","date_gmt":"2023-08-16T14:00:55","guid":{"rendered":"https:\/\/algarve7.pt\/?p=30164"},"modified":"2023-08-16T15:00:59","modified_gmt":"2023-08-16T14:00:59","slug":"noites-no-cais-voltam-a-abrilhantar-o-verao-lacobrigense","status":"publish","type":"post","link":"https:\/\/algarve7.pt\/index.php\/2023\/08\/noites-no-cais-voltam-a-abrilhantar-o-verao-lacobrigense\/cultura\/15\/00\/","title":{"rendered":"\u201cNoites no Cais\u201d voltam a abrilhantar o ver\u00e3o lacobrigense"},"content":{"rendered":"\n<p><strong>Nesta 4.\u00aa edi\u00e7\u00e3o do evento, Lagos volta a apostar em dois espet\u00e1culos de qualidade, tendo as muralhas de Lagos e o Cais das Descobertas como cen\u00e1rio \u2013 \u201cCorrer o Fado\u201d pelo Quorum Ballet no dia 1 de setembro e MARO no dia 2. Os bilhetes j\u00e1 est\u00e3o \u00e0 venda.<\/strong><\/p>\n\n\n\n<p>Criado em 2020 em contexto de crise pand\u00e9mica, rapidamente o munic\u00edpio de Lagos entendeu que o evento era especial, raz\u00e3o para se solidificar como um dos eventos \u00e2ncora do concelho. Num ambiente descontra\u00eddo, com originais jogos de luzes sobre as muralhas que embelezam o hist\u00f3rico Cais das Descobertas, por este palco j\u00e1 passaram v\u00e1rios artistas que contribu\u00edram para enriquecer a oferta cultural lacobrigense.<\/p>\n\n\n\n<p>No dia 1 de setembro, \u201cdan\u00e7a-se\u201d o Fado. Ao fundir esse g\u00e9nero t\u00e3o portugu\u00eas com a Dan\u00e7a Contempor\u00e2nea, \u201cCorrer o Fado\u201d quebra com a tradicional forma de ver, ouvir e sentir o g\u00e9nero, desmistificando a sua conota\u00e7\u00e3o saudosista e melanc\u00f3lica.&nbsp;Pelo talento da companhia Quorum Ballet, j\u00e1 bem conhecido em Lagos, o espet\u00e1culo \u00e9 uma aut\u00eantica celebra\u00e7\u00e3o dos maiores \u00eaxitos desse g\u00e9nero com tanta alma, interpretado atrav\u00e9s da dan\u00e7a.<\/p>\n\n\n\n<p>J\u00e1 com um uma carreira s\u00f3lida em Portugal e al\u00e9m-fronteiras, MARO \u00e9 a grande protagonista do dia 2 de setembro. A cantora, compositora, produtora e multi-instrumentista portuguesa, c\u00e9lebre pelo tema \u201csaudade, saudade\u201d que representou o pa\u00eds no Festival Eurovis\u00e3o 2022, apresenta em Lagos o seu mais recente projeto, \u201chortel\u00e3\u201d (abril de 2023). Acompanhada pelos guitarristas catal\u00e3es Dar\u00edo Barroso &amp; Pau Figueres, com os quais gravou o novo \u00e1lbum, MARO mostra um lado \u00edntimo e vulner\u00e1vel, um novo cap\u00edtulo na sua carreira.<\/p>\n\n\n\n<p>As \u201cNoites no Cais\u201d decorrem a 1 e 2 de setembro no Cais das Descobertas e Jardim da Constitui\u00e7\u00e3o. Os bilhetes t\u00eam um custo de 5 \u20ac por espet\u00e1culo, com um passe especial de 8 \u20ac para os dois dias, estando dispon\u00edveis para venda atrav\u00e9s da&nbsp;<a href=\"https:\/\/municipiodelagos.bol.pt\/\" target=\"_blank\" rel=\"noreferrer noopener\">BOL<\/a>, nos balc\u00f5es da Fnac e Worten ou no recinto, nos dias de espet\u00e1culo, a partir das 17h00.<\/p>\n","protected":false},"excerpt":{"rendered":"<p>Nesta 4.\u00aa edi\u00e7\u00e3o do evento, Lagos volta a apostar em dois espet\u00e1culos de qualidade, tendo as muralhas de Lagos e<\/p>\n","protected":false},"author":1,"featured_media":30165,"comment_status":"closed","ping_status":"open","sticky":false,"template":"","format":"standard","meta":{"colormag_page_container_layout":"default_layout","colormag_page_sidebar_layout":"default_layout","_monsterinsights_skip_tracking":false,"_monsterinsights_sitenote_active":false,"_monsterinsights_sitenote_note":"","_monsterinsights_sitenote_category":0,"jetpack_post_was_ever_published":false,"_jetpack_newsletter_access":"","_jetpack_dont_email_post_to_subs":false,"_jetpack_newsletter_tier_id":0,"_jetpack_memberships_contains_paywalled_content":false,"_jetpack_memberships_contains_paid_content":false,"footnotes":"","jetpack_publicize_message":"","jetpack_publicize_feature_enabled":true,"jetpack_social_post_already_shared":true,"jetpack_social_options":{"image_generator_settings":{"template":"highway","default_image_id":0,"font":"","enabled":false},"version":2}},"categories":[14],"tags":[36,35,68,685],"class_list":["post-30164","post","type-post","status-publish","format-standard","has-post-thumbnail","hentry","category-cultura","tag-algarve","tag-cultura","tag-lagos","tag-noites-no-cais"],"yoast_head":"<!-- This site is optimized with the Yoast SEO plugin v27.4 - https:\/\/yoast.com\/product\/yoast-seo-wordpress\/ -->\n<title>\u201cNoites no Cais\u201d voltam a abrilhantar o ver\u00e3o lacobrigense - Algarve 7<\/title>\n<meta name=\"description\" content=\"\u201cNoites no Cais\u201d voltam a abrilhantar o ver\u00e3o lacobrigense Cultura\" \/>\n<meta name=\"robots\" content=\"index, follow, max-snippet:-1, max-image-preview:large, max-video-preview:-1\" \/>\n<link rel=\"canonical\" href=\"https:\/\/algarve7.pt\/index.php\/2023\/08\/noites-no-cais-voltam-a-abrilhantar-o-verao-lacobrigense\/cultura\/15\/00\/\" \/>\n<meta property=\"og:locale\" content=\"pt_PT\" \/>\n<meta property=\"og:type\" content=\"article\" \/>\n<meta property=\"og:title\" content=\"\u201cNoites no Cais\u201d voltam a abrilhantar o ver\u00e3o lacobrigense - Algarve 7\" \/>\n<meta property=\"og:description\" content=\"\u201cNoites no Cais\u201d voltam a abrilhantar o ver\u00e3o lacobrigense Cultura\" \/>\n<meta property=\"og:url\" content=\"https:\/\/algarve7.pt\/index.php\/2023\/08\/noites-no-cais-voltam-a-abrilhantar-o-verao-lacobrigense\/cultura\/15\/00\/\" \/>\n<meta property=\"og:site_name\" content=\"Algarve 7\" \/>\n<meta property=\"article:publisher\" content=\"https:\/\/www.facebook.com\/algarve7\" \/>\n<meta property=\"article:author\" content=\"https:\/\/www.facebook.com\/algarve7\" \/>\n<meta property=\"article:published_time\" content=\"2023-08-16T14:00:55+00:00\" \/>\n<meta property=\"article:modified_time\" content=\"2023-08-16T14:00:59+00:00\" \/>\n<meta property=\"og:image\" content=\"https:\/\/algarve7.pt\/wp-content\/uploads\/2023\/08\/Noites-no-Cais_OCS.jpg\" \/>\n\t<meta property=\"og:image:width\" content=\"1000\" \/>\n\t<meta property=\"og:image:height\" content=\"707\" \/>\n\t<meta property=\"og:image:type\" content=\"image\/jpeg\" \/>\n<meta name=\"author\" content=\"Algarve 7\" \/>\n<meta name=\"twitter:card\" content=\"summary_large_image\" \/>\n<meta name=\"twitter:creator\" content=\"@Algarvesete\" \/>\n<meta name=\"twitter:site\" content=\"@Algarvesete\" \/>\n<meta name=\"twitter:label1\" content=\"Escrito por\" \/>\n\t<meta name=\"twitter:data1\" content=\"Algarve 7\" \/>\n\t<meta name=\"twitter:label2\" content=\"Tempo estimado de leitura\" \/>\n\t<meta name=\"twitter:data2\" content=\"2 minutos\" \/>\n<script type=\"application\/ld+json\" class=\"yoast-schema-graph\">{\"@context\":\"https:\\\/\\\/schema.org\",\"@graph\":[{\"@type\":\"Article\",\"@id\":\"https:\\\/\\\/algarve7.pt\\\/index.php\\\/2023\\\/08\\\/noites-no-cais-voltam-a-abrilhantar-o-verao-lacobrigense\\\/cultura\\\/15\\\/00\\\/#article\",\"isPartOf\":{\"@id\":\"https:\\\/\\\/algarve7.pt\\\/index.php\\\/2023\\\/08\\\/noites-no-cais-voltam-a-abrilhantar-o-verao-lacobrigense\\\/cultura\\\/15\\\/00\\\/\"},\"author\":{\"name\":\"Algarve 7\",\"@id\":\"https:\\\/\\\/algarve7.pt\\\/#\\\/schema\\\/person\\\/23fa70681308e7b319a3204bcea45e0c\"},\"headline\":\"\u201cNoites no Cais\u201d voltam a abrilhantar o ver\u00e3o lacobrigense\",\"datePublished\":\"2023-08-16T14:00:55+00:00\",\"dateModified\":\"2023-08-16T14:00:59+00:00\",\"mainEntityOfPage\":{\"@id\":\"https:\\\/\\\/algarve7.pt\\\/index.php\\\/2023\\\/08\\\/noites-no-cais-voltam-a-abrilhantar-o-verao-lacobrigense\\\/cultura\\\/15\\\/00\\\/\"},\"wordCount\":362,\"publisher\":{\"@id\":\"https:\\\/\\\/algarve7.pt\\\/#organization\"},\"image\":{\"@id\":\"https:\\\/\\\/algarve7.pt\\\/index.php\\\/2023\\\/08\\\/noites-no-cais-voltam-a-abrilhantar-o-verao-lacobrigense\\\/cultura\\\/15\\\/00\\\/#primaryimage\"},\"thumbnailUrl\":\"https:\\\/\\\/algarve7.pt\\\/wp-content\\\/uploads\\\/2023\\\/08\\\/Noites-no-Cais_OCS.jpg\",\"keywords\":[\"Algarve\",\"Cultura\",\"Lagos\",\"Noites no Cais\"],\"articleSection\":[\"Cultura\"],\"inLanguage\":\"pt-PT\"},{\"@type\":\"WebPage\",\"@id\":\"https:\\\/\\\/algarve7.pt\\\/index.php\\\/2023\\\/08\\\/noites-no-cais-voltam-a-abrilhantar-o-verao-lacobrigense\\\/cultura\\\/15\\\/00\\\/\",\"url\":\"https:\\\/\\\/algarve7.pt\\\/index.php\\\/2023\\\/08\\\/noites-no-cais-voltam-a-abrilhantar-o-verao-lacobrigense\\\/cultura\\\/15\\\/00\\\/\",\"name\":\"\u201cNoites no Cais\u201d voltam a abrilhantar o ver\u00e3o lacobrigense - Algarve 7\",\"isPartOf\":{\"@id\":\"https:\\\/\\\/algarve7.pt\\\/#website\"},\"primaryImageOfPage\":{\"@id\":\"https:\\\/\\\/algarve7.pt\\\/index.php\\\/2023\\\/08\\\/noites-no-cais-voltam-a-abrilhantar-o-verao-lacobrigense\\\/cultura\\\/15\\\/00\\\/#primaryimage\"},\"image\":{\"@id\":\"https:\\\/\\\/algarve7.pt\\\/index.php\\\/2023\\\/08\\\/noites-no-cais-voltam-a-abrilhantar-o-verao-lacobrigense\\\/cultura\\\/15\\\/00\\\/#primaryimage\"},\"thumbnailUrl\":\"https:\\\/\\\/algarve7.pt\\\/wp-content\\\/uploads\\\/2023\\\/08\\\/Noites-no-Cais_OCS.jpg\",\"datePublished\":\"2023-08-16T14:00:55+00:00\",\"dateModified\":\"2023-08-16T14:00:59+00:00\",\"description\":\"\u201cNoites no Cais\u201d voltam a abrilhantar o ver\u00e3o lacobrigense Cultura\",\"breadcrumb\":{\"@id\":\"https:\\\/\\\/algarve7.pt\\\/index.php\\\/2023\\\/08\\\/noites-no-cais-voltam-a-abrilhantar-o-verao-lacobrigense\\\/cultura\\\/15\\\/00\\\/#breadcrumb\"},\"inLanguage\":\"pt-PT\",\"potentialAction\":[{\"@type\":\"ReadAction\",\"target\":[\"https:\\\/\\\/algarve7.pt\\\/index.php\\\/2023\\\/08\\\/noites-no-cais-voltam-a-abrilhantar-o-verao-lacobrigense\\\/cultura\\\/15\\\/00\\\/\"]}]},{\"@type\":\"ImageObject\",\"inLanguage\":\"pt-PT\",\"@id\":\"https:\\\/\\\/algarve7.pt\\\/index.php\\\/2023\\\/08\\\/noites-no-cais-voltam-a-abrilhantar-o-verao-lacobrigense\\\/cultura\\\/15\\\/00\\\/#primaryimage\",\"url\":\"https:\\\/\\\/algarve7.pt\\\/wp-content\\\/uploads\\\/2023\\\/08\\\/Noites-no-Cais_OCS.jpg\",\"contentUrl\":\"https:\\\/\\\/algarve7.pt\\\/wp-content\\\/uploads\\\/2023\\\/08\\\/Noites-no-Cais_OCS.jpg\",\"width\":1000,\"height\":707},{\"@type\":\"BreadcrumbList\",\"@id\":\"https:\\\/\\\/algarve7.pt\\\/index.php\\\/2023\\\/08\\\/noites-no-cais-voltam-a-abrilhantar-o-verao-lacobrigense\\\/cultura\\\/15\\\/00\\\/#breadcrumb\",\"itemListElement\":[{\"@type\":\"ListItem\",\"position\":1,\"name\":\"In\u00edcio\",\"item\":\"https:\\\/\\\/algarve7.pt\\\/\"},{\"@type\":\"ListItem\",\"position\":2,\"name\":\"\u201cNoites no Cais\u201d voltam a abrilhantar o ver\u00e3o lacobrigense\"}]},{\"@type\":\"WebSite\",\"@id\":\"https:\\\/\\\/algarve7.pt\\\/#website\",\"url\":\"https:\\\/\\\/algarve7.pt\\\/\",\"name\":\"Algarve 7\",\"description\":\"Informa\u00e7\u00e3o sobre o Algarve\",\"publisher\":{\"@id\":\"https:\\\/\\\/algarve7.pt\\\/#organization\"},\"potentialAction\":[{\"@type\":\"SearchAction\",\"target\":{\"@type\":\"EntryPoint\",\"urlTemplate\":\"https:\\\/\\\/algarve7.pt\\\/?s={search_term_string}\"},\"query-input\":{\"@type\":\"PropertyValueSpecification\",\"valueRequired\":true,\"valueName\":\"search_term_string\"}}],\"inLanguage\":\"pt-PT\"},{\"@type\":\"Organization\",\"@id\":\"https:\\\/\\\/algarve7.pt\\\/#organization\",\"name\":\"Algarve 7\",\"url\":\"https:\\\/\\\/algarve7.pt\\\/\",\"logo\":{\"@type\":\"ImageObject\",\"inLanguage\":\"pt-PT\",\"@id\":\"https:\\\/\\\/algarve7.pt\\\/#\\\/schema\\\/logo\\\/image\\\/\",\"url\":\"https:\\\/\\\/algarve7.pt\\\/wp-content\\\/uploads\\\/2020\\\/10\\\/Logo-8.jpg\",\"contentUrl\":\"https:\\\/\\\/algarve7.pt\\\/wp-content\\\/uploads\\\/2020\\\/10\\\/Logo-8.jpg\",\"width\":1680,\"height\":1186,\"caption\":\"Algarve 7\"},\"image\":{\"@id\":\"https:\\\/\\\/algarve7.pt\\\/#\\\/schema\\\/logo\\\/image\\\/\"},\"sameAs\":[\"https:\\\/\\\/www.facebook.com\\\/algarve7\",\"https:\\\/\\\/x.com\\\/Algarvesete\",\"https:\\\/\\\/www.instagram.com\\\/jornalalgarve7\\\/\",\"https:\\\/\\\/www.linkedin.com\\\/company\\\/algarve7\",\"https:\\\/\\\/www.pinterest.pt\\\/geral0939\\\/_created\\\/\"]},{\"@type\":\"Person\",\"@id\":\"https:\\\/\\\/algarve7.pt\\\/#\\\/schema\\\/person\\\/23fa70681308e7b319a3204bcea45e0c\",\"name\":\"Algarve 7\",\"sameAs\":[\"https:\\\/\\\/algarve7.pt\",\"https:\\\/\\\/www.facebook.com\\\/algarve7\"],\"url\":\"https:\\\/\\\/algarve7.pt\\\/index.php\\\/author\\\/geralalgarve7-pt\\\/\"}]}<\/script>\n<!-- \/ Yoast SEO plugin. -->","yoast_head_json":{"title":"\u201cNoites no Cais\u201d voltam a abrilhantar o ver\u00e3o lacobrigense - Algarve 7","description":"\u201cNoites no Cais\u201d voltam a abrilhantar o ver\u00e3o lacobrigense Cultura","robots":{"index":"index","follow":"follow","max-snippet":"max-snippet:-1","max-image-preview":"max-image-preview:large","max-video-preview":"max-video-preview:-1"},"canonical":"https:\/\/algarve7.pt\/index.php\/2023\/08\/noites-no-cais-voltam-a-abrilhantar-o-verao-lacobrigense\/cultura\/15\/00\/","og_locale":"pt_PT","og_type":"article","og_title":"\u201cNoites no Cais\u201d voltam a abrilhantar o ver\u00e3o lacobrigense - Algarve 7","og_description":"\u201cNoites no Cais\u201d voltam a abrilhantar o ver\u00e3o lacobrigense Cultura","og_url":"https:\/\/algarve7.pt\/index.php\/2023\/08\/noites-no-cais-voltam-a-abrilhantar-o-verao-lacobrigense\/cultura\/15\/00\/","og_site_name":"Algarve 7","article_publisher":"https:\/\/www.facebook.com\/algarve7","article_author":"https:\/\/www.facebook.com\/algarve7","article_published_time":"2023-08-16T14:00:55+00:00","article_modified_time":"2023-08-16T14:00:59+00:00","og_image":[{"width":1000,"height":707,"url":"https:\/\/algarve7.pt\/wp-content\/uploads\/2023\/08\/Noites-no-Cais_OCS.jpg","type":"image\/jpeg"}],"author":"Algarve 7","twitter_card":"summary_large_image","twitter_creator":"@Algarvesete","twitter_site":"@Algarvesete","twitter_misc":{"Escrito por":"Algarve 7","Tempo estimado de leitura":"2 minutos"},"schema":{"@context":"https:\/\/schema.org","@graph":[{"@type":"Article","@id":"https:\/\/algarve7.pt\/index.php\/2023\/08\/noites-no-cais-voltam-a-abrilhantar-o-verao-lacobrigense\/cultura\/15\/00\/#article","isPartOf":{"@id":"https:\/\/algarve7.pt\/index.php\/2023\/08\/noites-no-cais-voltam-a-abrilhantar-o-verao-lacobrigense\/cultura\/15\/00\/"},"author":{"name":"Algarve 7","@id":"https:\/\/algarve7.pt\/#\/schema\/person\/23fa70681308e7b319a3204bcea45e0c"},"headline":"\u201cNoites no Cais\u201d voltam a abrilhantar o ver\u00e3o lacobrigense","datePublished":"2023-08-16T14:00:55+00:00","dateModified":"2023-08-16T14:00:59+00:00","mainEntityOfPage":{"@id":"https:\/\/algarve7.pt\/index.php\/2023\/08\/noites-no-cais-voltam-a-abrilhantar-o-verao-lacobrigense\/cultura\/15\/00\/"},"wordCount":362,"publisher":{"@id":"https:\/\/algarve7.pt\/#organization"},"image":{"@id":"https:\/\/algarve7.pt\/index.php\/2023\/08\/noites-no-cais-voltam-a-abrilhantar-o-verao-lacobrigense\/cultura\/15\/00\/#primaryimage"},"thumbnailUrl":"https:\/\/algarve7.pt\/wp-content\/uploads\/2023\/08\/Noites-no-Cais_OCS.jpg","keywords":["Algarve","Cultura","Lagos","Noites no Cais"],"articleSection":["Cultura"],"inLanguage":"pt-PT"},{"@type":"WebPage","@id":"https:\/\/algarve7.pt\/index.php\/2023\/08\/noites-no-cais-voltam-a-abrilhantar-o-verao-lacobrigense\/cultura\/15\/00\/","url":"https:\/\/algarve7.pt\/index.php\/2023\/08\/noites-no-cais-voltam-a-abrilhantar-o-verao-lacobrigense\/cultura\/15\/00\/","name":"\u201cNoites no Cais\u201d voltam a abrilhantar o ver\u00e3o lacobrigense - Algarve 7","isPartOf":{"@id":"https:\/\/algarve7.pt\/#website"},"primaryImageOfPage":{"@id":"https:\/\/algarve7.pt\/index.php\/2023\/08\/noites-no-cais-voltam-a-abrilhantar-o-verao-lacobrigense\/cultura\/15\/00\/#primaryimage"},"image":{"@id":"https:\/\/algarve7.pt\/index.php\/2023\/08\/noites-no-cais-voltam-a-abrilhantar-o-verao-lacobrigense\/cultura\/15\/00\/#primaryimage"},"thumbnailUrl":"https:\/\/algarve7.pt\/wp-content\/uploads\/2023\/08\/Noites-no-Cais_OCS.jpg","datePublished":"2023-08-16T14:00:55+00:00","dateModified":"2023-08-16T14:00:59+00:00","description":"\u201cNoites no Cais\u201d voltam a abrilhantar o ver\u00e3o lacobrigense Cultura","breadcrumb":{"@id":"https:\/\/algarve7.pt\/index.php\/2023\/08\/noites-no-cais-voltam-a-abrilhantar-o-verao-lacobrigense\/cultura\/15\/00\/#breadcrumb"},"inLanguage":"pt-PT","potentialAction":[{"@type":"ReadAction","target":["https:\/\/algarve7.pt\/index.php\/2023\/08\/noites-no-cais-voltam-a-abrilhantar-o-verao-lacobrigense\/cultura\/15\/00\/"]}]},{"@type":"ImageObject","inLanguage":"pt-PT","@id":"https:\/\/algarve7.pt\/index.php\/2023\/08\/noites-no-cais-voltam-a-abrilhantar-o-verao-lacobrigense\/cultura\/15\/00\/#primaryimage","url":"https:\/\/algarve7.pt\/wp-content\/uploads\/2023\/08\/Noites-no-Cais_OCS.jpg","contentUrl":"https:\/\/algarve7.pt\/wp-content\/uploads\/2023\/08\/Noites-no-Cais_OCS.jpg","width":1000,"height":707},{"@type":"BreadcrumbList","@id":"https:\/\/algarve7.pt\/index.php\/2023\/08\/noites-no-cais-voltam-a-abrilhantar-o-verao-lacobrigense\/cultura\/15\/00\/#breadcrumb","itemListElement":[{"@type":"ListItem","position":1,"name":"In\u00edcio","item":"https:\/\/algarve7.pt\/"},{"@type":"ListItem","position":2,"name":"\u201cNoites no Cais\u201d voltam a abrilhantar o ver\u00e3o lacobrigense"}]},{"@type":"WebSite","@id":"https:\/\/algarve7.pt\/#website","url":"https:\/\/algarve7.pt\/","name":"Algarve 7","description":"Informa\u00e7\u00e3o sobre o Algarve","publisher":{"@id":"https:\/\/algarve7.pt\/#organization"},"potentialAction":[{"@type":"SearchAction","target":{"@type":"EntryPoint","urlTemplate":"https:\/\/algarve7.pt\/?s={search_term_string}"},"query-input":{"@type":"PropertyValueSpecification","valueRequired":true,"valueName":"search_term_string"}}],"inLanguage":"pt-PT"},{"@type":"Organization","@id":"https:\/\/algarve7.pt\/#organization","name":"Algarve 7","url":"https:\/\/algarve7.pt\/","logo":{"@type":"ImageObject","inLanguage":"pt-PT","@id":"https:\/\/algarve7.pt\/#\/schema\/logo\/image\/","url":"https:\/\/algarve7.pt\/wp-content\/uploads\/2020\/10\/Logo-8.jpg","contentUrl":"https:\/\/algarve7.pt\/wp-content\/uploads\/2020\/10\/Logo-8.jpg","width":1680,"height":1186,"caption":"Algarve 7"},"image":{"@id":"https:\/\/algarve7.pt\/#\/schema\/logo\/image\/"},"sameAs":["https:\/\/www.facebook.com\/algarve7","https:\/\/x.com\/Algarvesete","https:\/\/www.instagram.com\/jornalalgarve7\/","https:\/\/www.linkedin.com\/company\/algarve7","https:\/\/www.pinterest.pt\/geral0939\/_created\/"]},{"@type":"Person","@id":"https:\/\/algarve7.pt\/#\/schema\/person\/23fa70681308e7b319a3204bcea45e0c","name":"Algarve 7","sameAs":["https:\/\/algarve7.pt","https:\/\/www.facebook.com\/algarve7"],"url":"https:\/\/algarve7.pt\/index.php\/author\/geralalgarve7-pt\/"}]}},"jetpack_publicize_connections":[],"jetpack_featured_media_url":"https:\/\/algarve7.pt\/wp-content\/uploads\/2023\/08\/Noites-no-Cais_OCS.jpg","jetpack_shortlink":"https:\/\/wp.me\/pcezmW-7Qw","jetpack_sharing_enabled":true,"_links":{"self":[{"href":"https:\/\/algarve7.pt\/index.php\/wp-json\/wp\/v2\/posts\/30164","targetHints":{"allow":["GET"]}}],"collection":[{"href":"https:\/\/algarve7.pt\/index.php\/wp-json\/wp\/v2\/posts"}],"about":[{"href":"https:\/\/algarve7.pt\/index.php\/wp-json\/wp\/v2\/types\/post"}],"author":[{"embeddable":true,"href":"https:\/\/algarve7.pt\/index.php\/wp-json\/wp\/v2\/users\/1"}],"replies":[{"embeddable":true,"href":"https:\/\/algarve7.pt\/index.php\/wp-json\/wp\/v2\/comments?post=30164"}],"version-history":[{"count":0,"href":"https:\/\/algarve7.pt\/index.php\/wp-json\/wp\/v2\/posts\/30164\/revisions"}],"wp:featuredmedia":[{"embeddable":true,"href":"https:\/\/algarve7.pt\/index.php\/wp-json\/wp\/v2\/media\/30165"}],"wp:attachment":[{"href":"https:\/\/algarve7.pt\/index.php\/wp-json\/wp\/v2\/media?parent=30164"}],"wp:term":[{"taxonomy":"category","embeddable":true,"href":"https:\/\/algarve7.pt\/index.php\/wp-json\/wp\/v2\/categories?post=30164"},{"taxonomy":"post_tag","embeddable":true,"href":"https:\/\/algarve7.pt\/index.php\/wp-json\/wp\/v2\/tags?post=30164"}],"curies":[{"name":"wp","href":"https:\/\/api.w.org\/{rel}","templated":true}]}}