{"id":30132,"date":"2023-08-14T13:51:21","date_gmt":"2023-08-14T12:51:21","guid":{"rendered":"https:\/\/algarve7.pt\/?p=30132"},"modified":"2023-08-14T13:51:24","modified_gmt":"2023-08-14T12:51:24","slug":"algarve-proveitos-da-hotelaria-aceleram-para-valor-recorde","status":"publish","type":"post","link":"https:\/\/algarve7.pt\/index.php\/2023\/08\/algarve-proveitos-da-hotelaria-aceleram-para-valor-recorde\/turismo\/13\/51\/","title":{"rendered":"Algarve: Proveitos da hotelaria aceleram para valor recorde"},"content":{"rendered":"\n<p>Os proveitos no alojamento tur\u00edstico do Algarve aumentaram 32,4% entre janeiro e junho de 2023, quando comparados com o mesmo per\u00edodo de 2019, o melhor ano de sempre para o setor. Os dados foram revelados esta segunda-feira, 14 de agosto, pelo Instituto Nacional de Estat\u00edstica (INE), que indica um valor recorde dos proveitos totais do alojamento na ordem de 570,5 milh\u00f5es de euros no 1.\u00ba semestre do ano para o principal destino de f\u00e9rias nacional.<\/p>\n\n\n\n<p>Face a 2022, nos primeiros seis meses de 2023 o Algarve cresceu 13,5% em h\u00f3spedes, para 2,2 milh\u00f5es, e aumentou em 13,2% em dormidas, para 8,5 milh\u00f5es. Neste per\u00edodo, os proveitos est\u00e3o 19,4% acima do ano passado e o aeroporto de Faro registou +20,6% de passageiros. Para o presidente da Regi\u00e3o de Turismo do Algarve (RTA), <strong>\u00abos resultados do semestre s\u00e3o muito animadores, registando os melhores n\u00fameros de sempre nos proveitos do alojamento e crescendo em todos os principais indicadores de desempenho face a 2022, abrindo caminho para que no final do ano possamos fazer um balan\u00e7o positivo da atividade tur\u00edstica na regi\u00e3o\u00bb<\/strong>.<\/p>\n\n\n\n<p>Na compara\u00e7\u00e3o dos resultados do destino em 2023 com os de 2019, o balan\u00e7o do semestre continua a ser positivo, com mais passageiros no aeroporto (+5,2%), mais proveitos no alojamento tur\u00edstico (+32,4%), mais h\u00f3spedes (2,8%) e dormidas praticamente ao n\u00edvel daquele ano (-0,8%), apesar da quebra registada nos \u00faltimos dois meses. <strong>\u00ab\u00c9 not\u00f3rio que o Algarve est\u00e1 a crescer mais em valor do que em procura\u00bb<\/strong>, conclui Andr\u00e9 Gomes.<\/p>\n\n\n\n<p>Entre os mercados que mais t\u00eam crescido na hotelaria algarvia at\u00e9 junho destacam-se a Irlanda e os EUA, mas no aeroporto de Faro tamb\u00e9m h\u00e1 mais passageiros franceses, neerlandeses, belgas, italianos e dinamarqueses do que em 2019. E mesmo os passageiros brit\u00e2nicos, o principal mercado emissor externo para a regi\u00e3o, est\u00e3o muito perto dos valores pr\u00e9-pandemia.<\/p>\n\n\n\n<p>Por sua vez, o mercado interno, que a par do brit\u00e2nico \u00e9 um dos mais importantes para o Algarve, tem registos entre janeiro e abril acima de 2019, tanto em h\u00f3spedes como em dormidas. <strong>\u00abApesar da quebra verificada em maio e junho, olhamos com confian\u00e7a para os n\u00fameros dos turistas nacionais numa perspetiva global, na expectativa de que no resto do ver\u00e3o e, sobretudo, a partir de setembro continuem a acompanhar o crescimento do destino\u00bb<\/strong>, considera Andr\u00e9 Gomes.<\/p>\n","protected":false},"excerpt":{"rendered":"<p>Os proveitos no alojamento tur\u00edstico do Algarve aumentaram 32,4% entre janeiro e junho de 2023, quando comparados com o mesmo<\/p>\n","protected":false},"author":1,"featured_media":30133,"comment_status":"closed","ping_status":"open","sticky":false,"template":"","format":"standard","meta":{"colormag_page_container_layout":"default_layout","colormag_page_sidebar_layout":"default_layout","_monsterinsights_skip_tracking":false,"_monsterinsights_sitenote_active":false,"_monsterinsights_sitenote_note":"","_monsterinsights_sitenote_category":0,"jetpack_post_was_ever_published":false,"_jetpack_newsletter_access":"","_jetpack_dont_email_post_to_subs":false,"_jetpack_newsletter_tier_id":0,"_jetpack_memberships_contains_paywalled_content":false,"_jetpack_memberships_contains_paid_content":false,"footnotes":"","jetpack_publicize_message":"","jetpack_publicize_feature_enabled":true,"jetpack_social_post_already_shared":true,"jetpack_social_options":{"image_generator_settings":{"template":"highway","default_image_id":0,"font":"","enabled":false},"version":2}},"categories":[17],"tags":[36,173,45],"class_list":["post-30132","post","type-post","status-publish","format-standard","has-post-thumbnail","hentry","category-turismo","tag-algarve","tag-rta","tag-turismo"],"yoast_head":"<!-- This site is optimized with the Yoast SEO plugin v27.4 - https:\/\/yoast.com\/product\/yoast-seo-wordpress\/ -->\n<title>Algarve: Proveitos da hotelaria aceleram para valor recorde - Algarve 7<\/title>\n<meta name=\"description\" content=\"Algarve: Proveitos da hotelaria aceleram para valor recorde Turismo\" \/>\n<meta name=\"robots\" content=\"index, follow, max-snippet:-1, max-image-preview:large, max-video-preview:-1\" \/>\n<link rel=\"canonical\" href=\"https:\/\/algarve7.pt\/index.php\/2023\/08\/algarve-proveitos-da-hotelaria-aceleram-para-valor-recorde\/turismo\/13\/51\/\" \/>\n<meta property=\"og:locale\" content=\"pt_PT\" \/>\n<meta property=\"og:type\" content=\"article\" \/>\n<meta property=\"og:title\" content=\"Algarve: Proveitos da hotelaria aceleram para valor recorde - Algarve 7\" \/>\n<meta property=\"og:description\" content=\"Algarve: Proveitos da hotelaria aceleram para valor recorde Turismo\" \/>\n<meta property=\"og:url\" content=\"https:\/\/algarve7.pt\/index.php\/2023\/08\/algarve-proveitos-da-hotelaria-aceleram-para-valor-recorde\/turismo\/13\/51\/\" \/>\n<meta property=\"og:site_name\" content=\"Algarve 7\" \/>\n<meta property=\"article:publisher\" content=\"https:\/\/www.facebook.com\/algarve7\" \/>\n<meta property=\"article:author\" content=\"https:\/\/www.facebook.com\/algarve7\" \/>\n<meta property=\"article:published_time\" content=\"2023-08-14T12:51:21+00:00\" \/>\n<meta property=\"article:modified_time\" content=\"2023-08-14T12:51:24+00:00\" \/>\n<meta property=\"og:image\" content=\"https:\/\/algarve7.pt\/wp-content\/uploads\/2023\/08\/TAVIRA_arquivo.jpg\" \/>\n\t<meta property=\"og:image:width\" content=\"1000\" \/>\n\t<meta property=\"og:image:height\" content=\"667\" \/>\n\t<meta property=\"og:image:type\" content=\"image\/jpeg\" \/>\n<meta name=\"author\" content=\"Algarve 7\" \/>\n<meta name=\"twitter:card\" content=\"summary_large_image\" \/>\n<meta name=\"twitter:creator\" content=\"@Algarvesete\" \/>\n<meta name=\"twitter:site\" content=\"@Algarvesete\" \/>\n<meta name=\"twitter:label1\" content=\"Escrito por\" \/>\n\t<meta name=\"twitter:data1\" content=\"Algarve 7\" \/>\n\t<meta name=\"twitter:label2\" content=\"Tempo estimado de leitura\" \/>\n\t<meta name=\"twitter:data2\" content=\"3 minutos\" \/>\n<script type=\"application\/ld+json\" class=\"yoast-schema-graph\">{\"@context\":\"https:\\\/\\\/schema.org\",\"@graph\":[{\"@type\":\"Article\",\"@id\":\"https:\\\/\\\/algarve7.pt\\\/index.php\\\/2023\\\/08\\\/algarve-proveitos-da-hotelaria-aceleram-para-valor-recorde\\\/turismo\\\/13\\\/51\\\/#article\",\"isPartOf\":{\"@id\":\"https:\\\/\\\/algarve7.pt\\\/index.php\\\/2023\\\/08\\\/algarve-proveitos-da-hotelaria-aceleram-para-valor-recorde\\\/turismo\\\/13\\\/51\\\/\"},\"author\":{\"name\":\"Algarve 7\",\"@id\":\"https:\\\/\\\/algarve7.pt\\\/#\\\/schema\\\/person\\\/23fa70681308e7b319a3204bcea45e0c\"},\"headline\":\"Algarve: Proveitos da hotelaria aceleram para valor recorde\",\"datePublished\":\"2023-08-14T12:51:21+00:00\",\"dateModified\":\"2023-08-14T12:51:24+00:00\",\"mainEntityOfPage\":{\"@id\":\"https:\\\/\\\/algarve7.pt\\\/index.php\\\/2023\\\/08\\\/algarve-proveitos-da-hotelaria-aceleram-para-valor-recorde\\\/turismo\\\/13\\\/51\\\/\"},\"wordCount\":398,\"publisher\":{\"@id\":\"https:\\\/\\\/algarve7.pt\\\/#organization\"},\"image\":{\"@id\":\"https:\\\/\\\/algarve7.pt\\\/index.php\\\/2023\\\/08\\\/algarve-proveitos-da-hotelaria-aceleram-para-valor-recorde\\\/turismo\\\/13\\\/51\\\/#primaryimage\"},\"thumbnailUrl\":\"https:\\\/\\\/algarve7.pt\\\/wp-content\\\/uploads\\\/2023\\\/08\\\/TAVIRA_arquivo.jpg\",\"keywords\":[\"Algarve\",\"RTA\",\"Turismo\"],\"articleSection\":[\"Turismo\"],\"inLanguage\":\"pt-PT\"},{\"@type\":\"WebPage\",\"@id\":\"https:\\\/\\\/algarve7.pt\\\/index.php\\\/2023\\\/08\\\/algarve-proveitos-da-hotelaria-aceleram-para-valor-recorde\\\/turismo\\\/13\\\/51\\\/\",\"url\":\"https:\\\/\\\/algarve7.pt\\\/index.php\\\/2023\\\/08\\\/algarve-proveitos-da-hotelaria-aceleram-para-valor-recorde\\\/turismo\\\/13\\\/51\\\/\",\"name\":\"Algarve: Proveitos da hotelaria aceleram para valor recorde - Algarve 7\",\"isPartOf\":{\"@id\":\"https:\\\/\\\/algarve7.pt\\\/#website\"},\"primaryImageOfPage\":{\"@id\":\"https:\\\/\\\/algarve7.pt\\\/index.php\\\/2023\\\/08\\\/algarve-proveitos-da-hotelaria-aceleram-para-valor-recorde\\\/turismo\\\/13\\\/51\\\/#primaryimage\"},\"image\":{\"@id\":\"https:\\\/\\\/algarve7.pt\\\/index.php\\\/2023\\\/08\\\/algarve-proveitos-da-hotelaria-aceleram-para-valor-recorde\\\/turismo\\\/13\\\/51\\\/#primaryimage\"},\"thumbnailUrl\":\"https:\\\/\\\/algarve7.pt\\\/wp-content\\\/uploads\\\/2023\\\/08\\\/TAVIRA_arquivo.jpg\",\"datePublished\":\"2023-08-14T12:51:21+00:00\",\"dateModified\":\"2023-08-14T12:51:24+00:00\",\"description\":\"Algarve: Proveitos da hotelaria aceleram para valor recorde Turismo\",\"breadcrumb\":{\"@id\":\"https:\\\/\\\/algarve7.pt\\\/index.php\\\/2023\\\/08\\\/algarve-proveitos-da-hotelaria-aceleram-para-valor-recorde\\\/turismo\\\/13\\\/51\\\/#breadcrumb\"},\"inLanguage\":\"pt-PT\",\"potentialAction\":[{\"@type\":\"ReadAction\",\"target\":[\"https:\\\/\\\/algarve7.pt\\\/index.php\\\/2023\\\/08\\\/algarve-proveitos-da-hotelaria-aceleram-para-valor-recorde\\\/turismo\\\/13\\\/51\\\/\"]}]},{\"@type\":\"ImageObject\",\"inLanguage\":\"pt-PT\",\"@id\":\"https:\\\/\\\/algarve7.pt\\\/index.php\\\/2023\\\/08\\\/algarve-proveitos-da-hotelaria-aceleram-para-valor-recorde\\\/turismo\\\/13\\\/51\\\/#primaryimage\",\"url\":\"https:\\\/\\\/algarve7.pt\\\/wp-content\\\/uploads\\\/2023\\\/08\\\/TAVIRA_arquivo.jpg\",\"contentUrl\":\"https:\\\/\\\/algarve7.pt\\\/wp-content\\\/uploads\\\/2023\\\/08\\\/TAVIRA_arquivo.jpg\",\"width\":1000,\"height\":667},{\"@type\":\"BreadcrumbList\",\"@id\":\"https:\\\/\\\/algarve7.pt\\\/index.php\\\/2023\\\/08\\\/algarve-proveitos-da-hotelaria-aceleram-para-valor-recorde\\\/turismo\\\/13\\\/51\\\/#breadcrumb\",\"itemListElement\":[{\"@type\":\"ListItem\",\"position\":1,\"name\":\"In\u00edcio\",\"item\":\"https:\\\/\\\/algarve7.pt\\\/\"},{\"@type\":\"ListItem\",\"position\":2,\"name\":\"Algarve: Proveitos da hotelaria aceleram para valor recorde\"}]},{\"@type\":\"WebSite\",\"@id\":\"https:\\\/\\\/algarve7.pt\\\/#website\",\"url\":\"https:\\\/\\\/algarve7.pt\\\/\",\"name\":\"Algarve 7\",\"description\":\"Informa\u00e7\u00e3o sobre o Algarve\",\"publisher\":{\"@id\":\"https:\\\/\\\/algarve7.pt\\\/#organization\"},\"potentialAction\":[{\"@type\":\"SearchAction\",\"target\":{\"@type\":\"EntryPoint\",\"urlTemplate\":\"https:\\\/\\\/algarve7.pt\\\/?s={search_term_string}\"},\"query-input\":{\"@type\":\"PropertyValueSpecification\",\"valueRequired\":true,\"valueName\":\"search_term_string\"}}],\"inLanguage\":\"pt-PT\"},{\"@type\":\"Organization\",\"@id\":\"https:\\\/\\\/algarve7.pt\\\/#organization\",\"name\":\"Algarve 7\",\"url\":\"https:\\\/\\\/algarve7.pt\\\/\",\"logo\":{\"@type\":\"ImageObject\",\"inLanguage\":\"pt-PT\",\"@id\":\"https:\\\/\\\/algarve7.pt\\\/#\\\/schema\\\/logo\\\/image\\\/\",\"url\":\"https:\\\/\\\/algarve7.pt\\\/wp-content\\\/uploads\\\/2020\\\/10\\\/Logo-8.jpg\",\"contentUrl\":\"https:\\\/\\\/algarve7.pt\\\/wp-content\\\/uploads\\\/2020\\\/10\\\/Logo-8.jpg\",\"width\":1680,\"height\":1186,\"caption\":\"Algarve 7\"},\"image\":{\"@id\":\"https:\\\/\\\/algarve7.pt\\\/#\\\/schema\\\/logo\\\/image\\\/\"},\"sameAs\":[\"https:\\\/\\\/www.facebook.com\\\/algarve7\",\"https:\\\/\\\/x.com\\\/Algarvesete\",\"https:\\\/\\\/www.instagram.com\\\/jornalalgarve7\\\/\",\"https:\\\/\\\/www.linkedin.com\\\/company\\\/algarve7\",\"https:\\\/\\\/www.pinterest.pt\\\/geral0939\\\/_created\\\/\"]},{\"@type\":\"Person\",\"@id\":\"https:\\\/\\\/algarve7.pt\\\/#\\\/schema\\\/person\\\/23fa70681308e7b319a3204bcea45e0c\",\"name\":\"Algarve 7\",\"sameAs\":[\"https:\\\/\\\/algarve7.pt\",\"https:\\\/\\\/www.facebook.com\\\/algarve7\"],\"url\":\"https:\\\/\\\/algarve7.pt\\\/index.php\\\/author\\\/geralalgarve7-pt\\\/\"}]}<\/script>\n<!-- \/ Yoast SEO plugin. -->","yoast_head_json":{"title":"Algarve: Proveitos da hotelaria aceleram para valor recorde - Algarve 7","description":"Algarve: Proveitos da hotelaria aceleram para valor recorde Turismo","robots":{"index":"index","follow":"follow","max-snippet":"max-snippet:-1","max-image-preview":"max-image-preview:large","max-video-preview":"max-video-preview:-1"},"canonical":"https:\/\/algarve7.pt\/index.php\/2023\/08\/algarve-proveitos-da-hotelaria-aceleram-para-valor-recorde\/turismo\/13\/51\/","og_locale":"pt_PT","og_type":"article","og_title":"Algarve: Proveitos da hotelaria aceleram para valor recorde - Algarve 7","og_description":"Algarve: Proveitos da hotelaria aceleram para valor recorde Turismo","og_url":"https:\/\/algarve7.pt\/index.php\/2023\/08\/algarve-proveitos-da-hotelaria-aceleram-para-valor-recorde\/turismo\/13\/51\/","og_site_name":"Algarve 7","article_publisher":"https:\/\/www.facebook.com\/algarve7","article_author":"https:\/\/www.facebook.com\/algarve7","article_published_time":"2023-08-14T12:51:21+00:00","article_modified_time":"2023-08-14T12:51:24+00:00","og_image":[{"width":1000,"height":667,"url":"https:\/\/algarve7.pt\/wp-content\/uploads\/2023\/08\/TAVIRA_arquivo.jpg","type":"image\/jpeg"}],"author":"Algarve 7","twitter_card":"summary_large_image","twitter_creator":"@Algarvesete","twitter_site":"@Algarvesete","twitter_misc":{"Escrito por":"Algarve 7","Tempo estimado de leitura":"3 minutos"},"schema":{"@context":"https:\/\/schema.org","@graph":[{"@type":"Article","@id":"https:\/\/algarve7.pt\/index.php\/2023\/08\/algarve-proveitos-da-hotelaria-aceleram-para-valor-recorde\/turismo\/13\/51\/#article","isPartOf":{"@id":"https:\/\/algarve7.pt\/index.php\/2023\/08\/algarve-proveitos-da-hotelaria-aceleram-para-valor-recorde\/turismo\/13\/51\/"},"author":{"name":"Algarve 7","@id":"https:\/\/algarve7.pt\/#\/schema\/person\/23fa70681308e7b319a3204bcea45e0c"},"headline":"Algarve: Proveitos da hotelaria aceleram para valor recorde","datePublished":"2023-08-14T12:51:21+00:00","dateModified":"2023-08-14T12:51:24+00:00","mainEntityOfPage":{"@id":"https:\/\/algarve7.pt\/index.php\/2023\/08\/algarve-proveitos-da-hotelaria-aceleram-para-valor-recorde\/turismo\/13\/51\/"},"wordCount":398,"publisher":{"@id":"https:\/\/algarve7.pt\/#organization"},"image":{"@id":"https:\/\/algarve7.pt\/index.php\/2023\/08\/algarve-proveitos-da-hotelaria-aceleram-para-valor-recorde\/turismo\/13\/51\/#primaryimage"},"thumbnailUrl":"https:\/\/algarve7.pt\/wp-content\/uploads\/2023\/08\/TAVIRA_arquivo.jpg","keywords":["Algarve","RTA","Turismo"],"articleSection":["Turismo"],"inLanguage":"pt-PT"},{"@type":"WebPage","@id":"https:\/\/algarve7.pt\/index.php\/2023\/08\/algarve-proveitos-da-hotelaria-aceleram-para-valor-recorde\/turismo\/13\/51\/","url":"https:\/\/algarve7.pt\/index.php\/2023\/08\/algarve-proveitos-da-hotelaria-aceleram-para-valor-recorde\/turismo\/13\/51\/","name":"Algarve: Proveitos da hotelaria aceleram para valor recorde - Algarve 7","isPartOf":{"@id":"https:\/\/algarve7.pt\/#website"},"primaryImageOfPage":{"@id":"https:\/\/algarve7.pt\/index.php\/2023\/08\/algarve-proveitos-da-hotelaria-aceleram-para-valor-recorde\/turismo\/13\/51\/#primaryimage"},"image":{"@id":"https:\/\/algarve7.pt\/index.php\/2023\/08\/algarve-proveitos-da-hotelaria-aceleram-para-valor-recorde\/turismo\/13\/51\/#primaryimage"},"thumbnailUrl":"https:\/\/algarve7.pt\/wp-content\/uploads\/2023\/08\/TAVIRA_arquivo.jpg","datePublished":"2023-08-14T12:51:21+00:00","dateModified":"2023-08-14T12:51:24+00:00","description":"Algarve: Proveitos da hotelaria aceleram para valor recorde Turismo","breadcrumb":{"@id":"https:\/\/algarve7.pt\/index.php\/2023\/08\/algarve-proveitos-da-hotelaria-aceleram-para-valor-recorde\/turismo\/13\/51\/#breadcrumb"},"inLanguage":"pt-PT","potentialAction":[{"@type":"ReadAction","target":["https:\/\/algarve7.pt\/index.php\/2023\/08\/algarve-proveitos-da-hotelaria-aceleram-para-valor-recorde\/turismo\/13\/51\/"]}]},{"@type":"ImageObject","inLanguage":"pt-PT","@id":"https:\/\/algarve7.pt\/index.php\/2023\/08\/algarve-proveitos-da-hotelaria-aceleram-para-valor-recorde\/turismo\/13\/51\/#primaryimage","url":"https:\/\/algarve7.pt\/wp-content\/uploads\/2023\/08\/TAVIRA_arquivo.jpg","contentUrl":"https:\/\/algarve7.pt\/wp-content\/uploads\/2023\/08\/TAVIRA_arquivo.jpg","width":1000,"height":667},{"@type":"BreadcrumbList","@id":"https:\/\/algarve7.pt\/index.php\/2023\/08\/algarve-proveitos-da-hotelaria-aceleram-para-valor-recorde\/turismo\/13\/51\/#breadcrumb","itemListElement":[{"@type":"ListItem","position":1,"name":"In\u00edcio","item":"https:\/\/algarve7.pt\/"},{"@type":"ListItem","position":2,"name":"Algarve: Proveitos da hotelaria aceleram para valor recorde"}]},{"@type":"WebSite","@id":"https:\/\/algarve7.pt\/#website","url":"https:\/\/algarve7.pt\/","name":"Algarve 7","description":"Informa\u00e7\u00e3o sobre o Algarve","publisher":{"@id":"https:\/\/algarve7.pt\/#organization"},"potentialAction":[{"@type":"SearchAction","target":{"@type":"EntryPoint","urlTemplate":"https:\/\/algarve7.pt\/?s={search_term_string}"},"query-input":{"@type":"PropertyValueSpecification","valueRequired":true,"valueName":"search_term_string"}}],"inLanguage":"pt-PT"},{"@type":"Organization","@id":"https:\/\/algarve7.pt\/#organization","name":"Algarve 7","url":"https:\/\/algarve7.pt\/","logo":{"@type":"ImageObject","inLanguage":"pt-PT","@id":"https:\/\/algarve7.pt\/#\/schema\/logo\/image\/","url":"https:\/\/algarve7.pt\/wp-content\/uploads\/2020\/10\/Logo-8.jpg","contentUrl":"https:\/\/algarve7.pt\/wp-content\/uploads\/2020\/10\/Logo-8.jpg","width":1680,"height":1186,"caption":"Algarve 7"},"image":{"@id":"https:\/\/algarve7.pt\/#\/schema\/logo\/image\/"},"sameAs":["https:\/\/www.facebook.com\/algarve7","https:\/\/x.com\/Algarvesete","https:\/\/www.instagram.com\/jornalalgarve7\/","https:\/\/www.linkedin.com\/company\/algarve7","https:\/\/www.pinterest.pt\/geral0939\/_created\/"]},{"@type":"Person","@id":"https:\/\/algarve7.pt\/#\/schema\/person\/23fa70681308e7b319a3204bcea45e0c","name":"Algarve 7","sameAs":["https:\/\/algarve7.pt","https:\/\/www.facebook.com\/algarve7"],"url":"https:\/\/algarve7.pt\/index.php\/author\/geralalgarve7-pt\/"}]}},"jetpack_publicize_connections":[],"jetpack_featured_media_url":"https:\/\/algarve7.pt\/wp-content\/uploads\/2023\/08\/TAVIRA_arquivo.jpg","jetpack_shortlink":"https:\/\/wp.me\/pcezmW-7Q0","jetpack_sharing_enabled":true,"_links":{"self":[{"href":"https:\/\/algarve7.pt\/index.php\/wp-json\/wp\/v2\/posts\/30132","targetHints":{"allow":["GET"]}}],"collection":[{"href":"https:\/\/algarve7.pt\/index.php\/wp-json\/wp\/v2\/posts"}],"about":[{"href":"https:\/\/algarve7.pt\/index.php\/wp-json\/wp\/v2\/types\/post"}],"author":[{"embeddable":true,"href":"https:\/\/algarve7.pt\/index.php\/wp-json\/wp\/v2\/users\/1"}],"replies":[{"embeddable":true,"href":"https:\/\/algarve7.pt\/index.php\/wp-json\/wp\/v2\/comments?post=30132"}],"version-history":[{"count":0,"href":"https:\/\/algarve7.pt\/index.php\/wp-json\/wp\/v2\/posts\/30132\/revisions"}],"wp:featuredmedia":[{"embeddable":true,"href":"https:\/\/algarve7.pt\/index.php\/wp-json\/wp\/v2\/media\/30133"}],"wp:attachment":[{"href":"https:\/\/algarve7.pt\/index.php\/wp-json\/wp\/v2\/media?parent=30132"}],"wp:term":[{"taxonomy":"category","embeddable":true,"href":"https:\/\/algarve7.pt\/index.php\/wp-json\/wp\/v2\/categories?post=30132"},{"taxonomy":"post_tag","embeddable":true,"href":"https:\/\/algarve7.pt\/index.php\/wp-json\/wp\/v2\/tags?post=30132"}],"curies":[{"name":"wp","href":"https:\/\/api.w.org\/{rel}","templated":true}]}}